{"id":10092,"date":"2019-07-01T15:56:54","date_gmt":"2019-07-01T13:56:54","guid":{"rendered":"https:\/\/www.umweltperspektiven.ch\/?p=2243"},"modified":"2022-02-09T11:10:06","modified_gmt":"2022-02-09T10:10:06","slug":"smarte-sta%cc%88dte-in-der-schweiz-vielfa%cc%88ltige-aktivita%cc%88ten-nach-zo%cc%88gerlichem-start","status":"publish","type":"post","link":"https:\/\/www.organisator.ch\/en\/sustainability\/2019-07-01\/smarte-sta%cc%88dte-in-der-schweiz-vielfa%cc%88ltige-aktivita%cc%88ten-nach-zo%cc%88gerlichem-start\/","title":{"rendered":"Smart cities in Switzerland: a wide range of activities according to start-up themes"},"content":{"rendered":"<figure id=\"attachment_2244\" aria-describedby=\"caption-attachment-2244\" style=\"width: 680px\" class=\"wp-caption alignnone\"><img loading=\"lazy\" decoding=\"async\" class=\"size-medium wp-image-2244\" src=\"\/\/www.umweltperspektiven.ch\/wp-content\/uploads\/2019\/07\/smart-city-up_umwelt-perspektiven.jpg\" alt=\"\" width=\"680\" height=\"485\" \/><figcaption id=\"caption-attachment-2244\" class=\"wp-caption-text\">Cities around the world are facing ever greater and more diverse challenges, and major Swiss cities are feeling it too. (Symbol image: Unsplash)<\/figcaption><\/figure>\n<p>The analysis on Smart Swiss Cities was commissioned by asut - Swiss Association of Telecommunications, the Swiss Federal Office of Energy (with the Smart City Switzerland program), the Swiss Association of Cities and the Smart City Hub. The study was prepared by AWK Group in collaboration with the Zurich University of Applied Sciences (ZHAW).<\/p>\n<p><strong>From strategy to local implementation<\/strong><\/p>\n<p>By international standards, the smart city movement in Switzerland got off to a rather slow start. However, one-third of the cities and municipalities that participated in the study now have a smart city strategy. Another third is currently in the process of developing a strategy. A good third of the companies also have a smart city strategy, although only around another ten percent are planning one.<\/p>\n<p>When asked in which areas products and services already exist, there are notable differences: The most widespread products and services are in the areas of \"Smart Environment,\" \"Smart Government\" and \"Smart Mobility\"; a good 50 percent of the responding cities and municipalities have (pilot) projects in these areas. Products and services in the areas of smart economy, smart people and smart living are less widespread.<\/p>\n<p>Almost two-thirds of the cities and municipalities state that they have a budget for smart city products or services or have planned one. This suggests that the number and range of smart city projects will continue to increase. In cities and municipalities, 80 percent of smart city projects are locally oriented. On the other hand, such products and services for companies.<\/p>\n<p>Cities around the world are facing ever greater and more diverse challenges. The public sector hopes that digital technologies will help improve the quality of life for the population, conserve resources, simplify procedures and make processes more efficient.<\/p>\n<p><strong>Networking as a success factor (silo thinking a hindrance)<\/strong><\/p>\n<p>What are important success factors on the way to a smart city? It is clear from both the survey and the expert interviews that networking within and outside the city or municipality, suitable platforms for data exchange and a corresponding strategy, as well as political support, are particularly important. Furthermore, experience from Germany and abroad shows that the involvement of the population is crucial for the success of smart city activities.<\/p>\n<p>The \"silo thinking\" within the administration and the tendency toward isolated solutions or missing interfaces were identified as hurdles that slow down the implementation of smart city projects.<\/p>\n<p>The stakeholders and those interested in smart cities attach great importance to IT security. This is thus becoming a key competence in the further development of Smart City in Switzerland.<\/p>\n<p><strong>Strengthen cooperation under different auspices<\/strong><\/p>\n<p>The results of the stakeholder analysis \"Smart City Switzerland\" show the high importance of platforms and initiatives that promote exchange among stakeholders. A number of cities and municipalities also cultivate this exchange internationally. The clients also promote cooperation and networking among the stakeholders.<\/p>\n<p>Innovative forms of collaboration between the various stakeholders should be sought, as should simple platforms for the exchange of experience. Sometimes a challenge lies in \"coopetition,\" i.e., collaboration between partners who are also competitors.<\/p>\n<p><em>The evaluations of the stakeholder analysis \"Smart City Switzerland\" as well as the summarizing report can be <a href=\"\/\/asut.us13.list-manage.com\/track\/click?u=179f9260b26fb7d63b6085e58&amp;id=fdc4c62d88&amp;e=ac32cf059c\">here<\/a> be downloaded<\/em><\/p>\n<p><a href=\"\/\/www.asut.ch\">www.asut.ch<\/a><\/p>","protected":false},"excerpt":{"rendered":"<p>Auftraggeber der Analyse \u00fcber Smarte Schweizer St\u00e4dte sind asut \u2013 Schweizerischer Verband der Telekommunikation, das Bundesamt f\u00fcr Energie (mit dem Programm Smart City Schweiz), der Schweizerische St\u00e4dteverband und der Smart City Hub. Erstellt wurde die Untersuchung von der AWK Group in Zusammenarbeit mit der Z\u00fcrcher Hochschule f\u00fcr angewandte Wis-senschaften (ZHAW). Von der Strategie zur lokalen [&hellip;]<\/p>\n","protected":false},"author":5,"featured_media":9620,"comment_status":"open","ping_status":"open","sticky":false,"template":"","format":"standard","meta":{"_acf_changed":false,"_yoast_wpseo_focuskw":"Smarte St\u00e4dte","_yoast_wpseo_metadesc":"Zuerst in den Metropolen konzipiert, gibt es immer mehr Smarte St\u00e4dte in der Schweiz. Allerdings, wo stehen unsere Sta\u0308dte auf dem Weg zur Smart City?","articlekey":"","footnotes":""},"categories":[580],"tags":[705,1158,424,2128,460],"class_list":["post-10092","post","type-post","status-publish","format-standard","has-post-thumbnail","hentry","category-sustainability","tag-analyse","tag-faktoren","tag-schweiz","tag-smart-city","tag-studien"],"acf":[],"yoast_head":"<!-- This site is optimized with the Yoast SEO plugin v27.4 - https:\/\/yoast.com\/product\/yoast-seo-wordpress\/ -->\n<title>Smarte St\u00e4dte in der Schweiz: vielf\u00e4ltige Aktivit\u00e4ten nach Starthemnissen - Organisator<\/title>\n<meta name=\"description\" content=\"Zuerst in den Metropolen konzipiert, gibt es immer mehr Smarte St\u00e4dte in der Schweiz. Allerdings, wo stehen unsere Sta\u0308dte auf dem Weg zur Smart City?\" \/>\n<meta name=\"robots\" content=\"index, follow, max-snippet:-1, max-image-preview:large, max-video-preview:-1\" \/>\n<link rel=\"canonical\" href=\"https:\/\/www.organisator.ch\/en\/sustainability\/2019-07-01\/smarte-sta\u0308dte-in-der-schweiz-vielfa\u0308ltige-aktivita\u0308ten-nach-zo\u0308gerlichem-start\/\" \/>\n<meta property=\"og:locale\" content=\"en_US\" \/>\n<meta property=\"og:type\" content=\"article\" \/>\n<meta property=\"og:title\" content=\"Smarte St\u00e4dte in der Schweiz: vielf\u00e4ltige Aktivit\u00e4ten nach Starthemnissen - Organisator\" \/>\n<meta property=\"og:description\" content=\"Zuerst in den Metropolen konzipiert, gibt es immer mehr Smarte St\u00e4dte in der Schweiz. Allerdings, wo stehen unsere Sta\u0308dte auf dem Weg zur Smart City?\" \/>\n<meta property=\"og:url\" content=\"https:\/\/www.organisator.ch\/en\/sustainability\/2019-07-01\/smarte-sta\u0308dte-in-der-schweiz-vielfa\u0308ltige-aktivita\u0308ten-nach-zo\u0308gerlichem-start\/\" \/>\n<meta property=\"og:site_name\" content=\"Organisator\" \/>\n<meta property=\"article:publisher\" content=\"https:\/\/www.facebook.com\/OrganisatorFachmagazin\" \/>\n<meta property=\"article:published_time\" content=\"2019-07-01T13:56:54+00:00\" \/>\n<meta property=\"article:modified_time\" content=\"2022-02-09T10:10:06+00:00\" \/>\n<meta property=\"og:image\" content=\"https:\/\/www.organisator.ch\/wp-content\/uploads\/2019\/07\/smart-city-up_umwelt-perspektiven-scaled.jpg\" \/>\n\t<meta property=\"og:image:width\" content=\"2560\" \/>\n\t<meta property=\"og:image:height\" content=\"1827\" \/>\n\t<meta property=\"og:image:type\" content=\"image\/jpeg\" \/>\n<meta name=\"author\" content=\"michael.merz\" \/>\n<meta name=\"twitter:card\" content=\"summary_large_image\" \/>\n<script type=\"application\/ld+json\" class=\"yoast-schema-graph\">{\"@context\":\"https:\\\/\\\/schema.org\",\"@graph\":[{\"@type\":\"Article\",\"@id\":\"https:\\\/\\\/www.organisator.ch\\\/sustainability\\\/2019-07-01\\\/smarte-sta%cc%88dte-in-der-schweiz-vielfa%cc%88ltige-aktivita%cc%88ten-nach-zo%cc%88gerlichem-start\\\/#article\",\"isPartOf\":{\"@id\":\"https:\\\/\\\/www.organisator.ch\\\/sustainability\\\/2019-07-01\\\/smarte-sta%cc%88dte-in-der-schweiz-vielfa%cc%88ltige-aktivita%cc%88ten-nach-zo%cc%88gerlichem-start\\\/\"},\"author\":{\"name\":\"michael.merz\",\"@id\":\"https:\\\/\\\/www.organisator.ch\\\/#\\\/schema\\\/person\\\/134708ca9321c57b0362cceb7948ffbd\"},\"headline\":\"Smarte St\u00e4dte in der Schweiz: vielf\u00e4ltige Aktivit\u00e4ten nach Starthemnissen\",\"datePublished\":\"2019-07-01T13:56:54+00:00\",\"dateModified\":\"2022-02-09T10:10:06+00:00\",\"mainEntityOfPage\":{\"@id\":\"https:\\\/\\\/www.organisator.ch\\\/sustainability\\\/2019-07-01\\\/smarte-sta%cc%88dte-in-der-schweiz-vielfa%cc%88ltige-aktivita%cc%88ten-nach-zo%cc%88gerlichem-start\\\/\"},\"wordCount\":584,\"commentCount\":0,\"publisher\":{\"@id\":\"https:\\\/\\\/www.organisator.ch\\\/#organization\"},\"image\":{\"@id\":\"https:\\\/\\\/www.organisator.ch\\\/sustainability\\\/2019-07-01\\\/smarte-sta%cc%88dte-in-der-schweiz-vielfa%cc%88ltige-aktivita%cc%88ten-nach-zo%cc%88gerlichem-start\\\/#primaryimage\"},\"thumbnailUrl\":\"https:\\\/\\\/www.organisator.ch\\\/wp-content\\\/uploads\\\/2019\\\/07\\\/smart-city-up_umwelt-perspektiven-scaled.jpg\",\"keywords\":[\"Analyse\",\"Faktoren\",\"Schweiz\",\"Smart City\",\"Studien\"],\"articleSection\":[\"SUSTAINABILITY\"],\"inLanguage\":\"en-US\"},{\"@type\":\"WebPage\",\"@id\":\"https:\\\/\\\/www.organisator.ch\\\/sustainability\\\/2019-07-01\\\/smarte-sta%cc%88dte-in-der-schweiz-vielfa%cc%88ltige-aktivita%cc%88ten-nach-zo%cc%88gerlichem-start\\\/\",\"url\":\"https:\\\/\\\/www.organisator.ch\\\/sustainability\\\/2019-07-01\\\/smarte-sta%cc%88dte-in-der-schweiz-vielfa%cc%88ltige-aktivita%cc%88ten-nach-zo%cc%88gerlichem-start\\\/\",\"name\":\"Smarte St\u00e4dte in der Schweiz: vielf\u00e4ltige Aktivit\u00e4ten nach Starthemnissen - Organisator\",\"isPartOf\":{\"@id\":\"https:\\\/\\\/www.organisator.ch\\\/#website\"},\"primaryImageOfPage\":{\"@id\":\"https:\\\/\\\/www.organisator.ch\\\/sustainability\\\/2019-07-01\\\/smarte-sta%cc%88dte-in-der-schweiz-vielfa%cc%88ltige-aktivita%cc%88ten-nach-zo%cc%88gerlichem-start\\\/#primaryimage\"},\"image\":{\"@id\":\"https:\\\/\\\/www.organisator.ch\\\/sustainability\\\/2019-07-01\\\/smarte-sta%cc%88dte-in-der-schweiz-vielfa%cc%88ltige-aktivita%cc%88ten-nach-zo%cc%88gerlichem-start\\\/#primaryimage\"},\"thumbnailUrl\":\"https:\\\/\\\/www.organisator.ch\\\/wp-content\\\/uploads\\\/2019\\\/07\\\/smart-city-up_umwelt-perspektiven-scaled.jpg\",\"datePublished\":\"2019-07-01T13:56:54+00:00\",\"dateModified\":\"2022-02-09T10:10:06+00:00\",\"description\":\"Zuerst in den Metropolen konzipiert, gibt es immer mehr Smarte St\u00e4dte in der Schweiz. Allerdings, wo stehen unsere Sta\u0308dte auf dem Weg zur Smart City?\",\"breadcrumb\":{\"@id\":\"https:\\\/\\\/www.organisator.ch\\\/sustainability\\\/2019-07-01\\\/smarte-sta%cc%88dte-in-der-schweiz-vielfa%cc%88ltige-aktivita%cc%88ten-nach-zo%cc%88gerlichem-start\\\/#breadcrumb\"},\"inLanguage\":\"en-US\",\"potentialAction\":[{\"@type\":\"ReadAction\",\"target\":[\"https:\\\/\\\/www.organisator.ch\\\/sustainability\\\/2019-07-01\\\/smarte-sta%cc%88dte-in-der-schweiz-vielfa%cc%88ltige-aktivita%cc%88ten-nach-zo%cc%88gerlichem-start\\\/\"]}]},{\"@type\":\"ImageObject\",\"inLanguage\":\"en-US\",\"@id\":\"https:\\\/\\\/www.organisator.ch\\\/sustainability\\\/2019-07-01\\\/smarte-sta%cc%88dte-in-der-schweiz-vielfa%cc%88ltige-aktivita%cc%88ten-nach-zo%cc%88gerlichem-start\\\/#primaryimage\",\"url\":\"https:\\\/\\\/www.organisator.ch\\\/wp-content\\\/uploads\\\/2019\\\/07\\\/smart-city-up_umwelt-perspektiven-scaled.jpg\",\"contentUrl\":\"https:\\\/\\\/www.organisator.ch\\\/wp-content\\\/uploads\\\/2019\\\/07\\\/smart-city-up_umwelt-perspektiven-scaled.jpg\",\"width\":2560,\"height\":1827,\"caption\":\"Weltweit stehen Sta\u0308dte vor immer gro\u0308sseren und vielfa\u0308ltigeren Herausforderungen, dies f\u00fchlen auch Schweizer Grossst\u00e4dte. (Symbolbild: Unsplash)\"},{\"@type\":\"BreadcrumbList\",\"@id\":\"https:\\\/\\\/www.organisator.ch\\\/sustainability\\\/2019-07-01\\\/smarte-sta%cc%88dte-in-der-schweiz-vielfa%cc%88ltige-aktivita%cc%88ten-nach-zo%cc%88gerlichem-start\\\/#breadcrumb\",\"itemListElement\":[{\"@type\":\"ListItem\",\"position\":1,\"name\":\"Home\",\"item\":\"https:\\\/\\\/www.organisator.ch\\\/\"},{\"@type\":\"ListItem\",\"position\":2,\"name\":\"Smarte St\u00e4dte in der Schweiz: vielf\u00e4ltige Aktivit\u00e4ten nach Starthemnissen\"}]},{\"@type\":\"WebSite\",\"@id\":\"https:\\\/\\\/www.organisator.ch\\\/#website\",\"url\":\"https:\\\/\\\/www.organisator.ch\\\/\",\"name\":\"Organisator\",\"description\":\"Kompetent. Praxisnah. Der ORGANISATOR bereitet in 10 Ausgaben pro Jahr die wesentlichen Themen f\u00fcr F\u00fchrungskr\u00e4fte von KMU auf.\",\"publisher\":{\"@id\":\"https:\\\/\\\/www.organisator.ch\\\/#organization\"},\"potentialAction\":[{\"@type\":\"SearchAction\",\"target\":{\"@type\":\"EntryPoint\",\"urlTemplate\":\"https:\\\/\\\/www.organisator.ch\\\/?s={search_term_string}\"},\"query-input\":{\"@type\":\"PropertyValueSpecification\",\"valueRequired\":true,\"valueName\":\"search_term_string\"}}],\"inLanguage\":\"en-US\"},{\"@type\":\"Organization\",\"@id\":\"https:\\\/\\\/www.organisator.ch\\\/#organization\",\"name\":\"Organisator\",\"url\":\"https:\\\/\\\/www.organisator.ch\\\/\",\"logo\":{\"@type\":\"ImageObject\",\"inLanguage\":\"en-US\",\"@id\":\"https:\\\/\\\/www.organisator.ch\\\/#\\\/schema\\\/logo\\\/image\\\/\",\"url\":\"https:\\\/\\\/www.organisator.ch\\\/wp-content\\\/uploads\\\/2022\\\/01\\\/Logo_Organisator_Website.png\",\"contentUrl\":\"https:\\\/\\\/www.organisator.ch\\\/wp-content\\\/uploads\\\/2022\\\/01\\\/Logo_Organisator_Website.png\",\"width\":800,\"height\":77,\"caption\":\"Organisator\"},\"image\":{\"@id\":\"https:\\\/\\\/www.organisator.ch\\\/#\\\/schema\\\/logo\\\/image\\\/\"},\"sameAs\":[\"https:\\\/\\\/www.facebook.com\\\/OrganisatorFachmagazin\",\"https:\\\/\\\/www.linkedin.com\\\/showcase\\\/organisator-das-magazin-fr-kmu\",\"https:\\\/\\\/www.xing.com\\\/news\\\/pages\\\/organisator-ch-695\",\"https:\\\/\\\/www.youtube.com\\\/channel\\\/UCGP2Sq0iWaZwT3BdIAQFYpw\"]},{\"@type\":\"Person\",\"@id\":\"https:\\\/\\\/www.organisator.ch\\\/#\\\/schema\\\/person\\\/134708ca9321c57b0362cceb7948ffbd\",\"name\":\"michael.merz\",\"image\":{\"@type\":\"ImageObject\",\"inLanguage\":\"en-US\",\"@id\":\"https:\\\/\\\/secure.gravatar.com\\\/avatar\\\/?s=96&d=mm&r=g\",\"url\":\"https:\\\/\\\/secure.gravatar.com\\\/avatar\\\/?s=96&d=mm&r=g\",\"contentUrl\":\"https:\\\/\\\/secure.gravatar.com\\\/avatar\\\/?s=96&d=mm&r=g\",\"caption\":\"michael.merz\"},\"url\":\"https:\\\/\\\/www.organisator.ch\\\/en\\\/author\\\/michael-merz\\\/\"}]}<\/script>\n<!-- \/ Yoast SEO plugin. -->","yoast_head_json":{"title":"Smart cities in Switzerland: a variety of activities according to startup themes - Organizer","description":"First conceived in metropolitan areas, there are more and more smart cities in Switzerland. However, where do our cities stand on the way to becoming Smart Cities?","robots":{"index":"index","follow":"follow","max-snippet":"max-snippet:-1","max-image-preview":"max-image-preview:large","max-video-preview":"max-video-preview:-1"},"canonical":"https:\/\/www.organisator.ch\/en\/sustainability\/2019-07-01\/smarte-sta\u0308dte-in-der-schweiz-vielfa\u0308ltige-aktivita\u0308ten-nach-zo\u0308gerlichem-start\/","og_locale":"en_US","og_type":"article","og_title":"Smarte St\u00e4dte in der Schweiz: vielf\u00e4ltige Aktivit\u00e4ten nach Starthemnissen - Organisator","og_description":"Zuerst in den Metropolen konzipiert, gibt es immer mehr Smarte St\u00e4dte in der Schweiz. Allerdings, wo stehen unsere Sta\u0308dte auf dem Weg zur Smart City?","og_url":"https:\/\/www.organisator.ch\/en\/sustainability\/2019-07-01\/smarte-sta\u0308dte-in-der-schweiz-vielfa\u0308ltige-aktivita\u0308ten-nach-zo\u0308gerlichem-start\/","og_site_name":"Organisator","article_publisher":"https:\/\/www.facebook.com\/OrganisatorFachmagazin","article_published_time":"2019-07-01T13:56:54+00:00","article_modified_time":"2022-02-09T10:10:06+00:00","og_image":[{"width":2560,"height":1827,"url":"https:\/\/www.organisator.ch\/wp-content\/uploads\/2019\/07\/smart-city-up_umwelt-perspektiven-scaled.jpg","type":"image\/jpeg"}],"author":"michael.merz","twitter_card":"summary_large_image","schema":{"@context":"https:\/\/schema.org","@graph":[{"@type":"Article","@id":"https:\/\/www.organisator.ch\/sustainability\/2019-07-01\/smarte-sta%cc%88dte-in-der-schweiz-vielfa%cc%88ltige-aktivita%cc%88ten-nach-zo%cc%88gerlichem-start\/#article","isPartOf":{"@id":"https:\/\/www.organisator.ch\/sustainability\/2019-07-01\/smarte-sta%cc%88dte-in-der-schweiz-vielfa%cc%88ltige-aktivita%cc%88ten-nach-zo%cc%88gerlichem-start\/"},"author":{"name":"michael.merz","@id":"https:\/\/www.organisator.ch\/#\/schema\/person\/134708ca9321c57b0362cceb7948ffbd"},"headline":"Smarte St\u00e4dte in der Schweiz: vielf\u00e4ltige Aktivit\u00e4ten nach Starthemnissen","datePublished":"2019-07-01T13:56:54+00:00","dateModified":"2022-02-09T10:10:06+00:00","mainEntityOfPage":{"@id":"https:\/\/www.organisator.ch\/sustainability\/2019-07-01\/smarte-sta%cc%88dte-in-der-schweiz-vielfa%cc%88ltige-aktivita%cc%88ten-nach-zo%cc%88gerlichem-start\/"},"wordCount":584,"commentCount":0,"publisher":{"@id":"https:\/\/www.organisator.ch\/#organization"},"image":{"@id":"https:\/\/www.organisator.ch\/sustainability\/2019-07-01\/smarte-sta%cc%88dte-in-der-schweiz-vielfa%cc%88ltige-aktivita%cc%88ten-nach-zo%cc%88gerlichem-start\/#primaryimage"},"thumbnailUrl":"https:\/\/www.organisator.ch\/wp-content\/uploads\/2019\/07\/smart-city-up_umwelt-perspektiven-scaled.jpg","keywords":["Analyse","Faktoren","Schweiz","Smart City","Studien"],"articleSection":["SUSTAINABILITY"],"inLanguage":"en-US"},{"@type":"WebPage","@id":"https:\/\/www.organisator.ch\/sustainability\/2019-07-01\/smarte-sta%cc%88dte-in-der-schweiz-vielfa%cc%88ltige-aktivita%cc%88ten-nach-zo%cc%88gerlichem-start\/","url":"https:\/\/www.organisator.ch\/sustainability\/2019-07-01\/smarte-sta%cc%88dte-in-der-schweiz-vielfa%cc%88ltige-aktivita%cc%88ten-nach-zo%cc%88gerlichem-start\/","name":"Smart cities in Switzerland: a variety of activities according to startup themes - Organizer","isPartOf":{"@id":"https:\/\/www.organisator.ch\/#website"},"primaryImageOfPage":{"@id":"https:\/\/www.organisator.ch\/sustainability\/2019-07-01\/smarte-sta%cc%88dte-in-der-schweiz-vielfa%cc%88ltige-aktivita%cc%88ten-nach-zo%cc%88gerlichem-start\/#primaryimage"},"image":{"@id":"https:\/\/www.organisator.ch\/sustainability\/2019-07-01\/smarte-sta%cc%88dte-in-der-schweiz-vielfa%cc%88ltige-aktivita%cc%88ten-nach-zo%cc%88gerlichem-start\/#primaryimage"},"thumbnailUrl":"https:\/\/www.organisator.ch\/wp-content\/uploads\/2019\/07\/smart-city-up_umwelt-perspektiven-scaled.jpg","datePublished":"2019-07-01T13:56:54+00:00","dateModified":"2022-02-09T10:10:06+00:00","description":"First conceived in metropolitan areas, there are more and more smart cities in Switzerland. However, where do our cities stand on the way to becoming Smart Cities?","breadcrumb":{"@id":"https:\/\/www.organisator.ch\/sustainability\/2019-07-01\/smarte-sta%cc%88dte-in-der-schweiz-vielfa%cc%88ltige-aktivita%cc%88ten-nach-zo%cc%88gerlichem-start\/#breadcrumb"},"inLanguage":"en-US","potentialAction":[{"@type":"ReadAction","target":["https:\/\/www.organisator.ch\/sustainability\/2019-07-01\/smarte-sta%cc%88dte-in-der-schweiz-vielfa%cc%88ltige-aktivita%cc%88ten-nach-zo%cc%88gerlichem-start\/"]}]},{"@type":"ImageObject","inLanguage":"en-US","@id":"https:\/\/www.organisator.ch\/sustainability\/2019-07-01\/smarte-sta%cc%88dte-in-der-schweiz-vielfa%cc%88ltige-aktivita%cc%88ten-nach-zo%cc%88gerlichem-start\/#primaryimage","url":"https:\/\/www.organisator.ch\/wp-content\/uploads\/2019\/07\/smart-city-up_umwelt-perspektiven-scaled.jpg","contentUrl":"https:\/\/www.organisator.ch\/wp-content\/uploads\/2019\/07\/smart-city-up_umwelt-perspektiven-scaled.jpg","width":2560,"height":1827,"caption":"Weltweit stehen Sta\u0308dte vor immer gro\u0308sseren und vielfa\u0308ltigeren Herausforderungen, dies f\u00fchlen auch Schweizer Grossst\u00e4dte. (Symbolbild: Unsplash)"},{"@type":"BreadcrumbList","@id":"https:\/\/www.organisator.ch\/sustainability\/2019-07-01\/smarte-sta%cc%88dte-in-der-schweiz-vielfa%cc%88ltige-aktivita%cc%88ten-nach-zo%cc%88gerlichem-start\/#breadcrumb","itemListElement":[{"@type":"ListItem","position":1,"name":"Home","item":"https:\/\/www.organisator.ch\/"},{"@type":"ListItem","position":2,"name":"Smarte St\u00e4dte in der Schweiz: vielf\u00e4ltige Aktivit\u00e4ten nach Starthemnissen"}]},{"@type":"WebSite","@id":"https:\/\/www.organisator.ch\/#website","url":"https:\/\/www.organisator.ch\/","name":"Organizer","description":"Competent. Practical. In 10 issues per year, ORGANISATOR presents the essential topics for managers of SMEs.","publisher":{"@id":"https:\/\/www.organisator.ch\/#organization"},"potentialAction":[{"@type":"SearchAction","target":{"@type":"EntryPoint","urlTemplate":"https:\/\/www.organisator.ch\/?s={search_term_string}"},"query-input":{"@type":"PropertyValueSpecification","valueRequired":true,"valueName":"search_term_string"}}],"inLanguage":"en-US"},{"@type":"Organization","@id":"https:\/\/www.organisator.ch\/#organization","name":"Organizer","url":"https:\/\/www.organisator.ch\/","logo":{"@type":"ImageObject","inLanguage":"en-US","@id":"https:\/\/www.organisator.ch\/#\/schema\/logo\/image\/","url":"https:\/\/www.organisator.ch\/wp-content\/uploads\/2022\/01\/Logo_Organisator_Website.png","contentUrl":"https:\/\/www.organisator.ch\/wp-content\/uploads\/2022\/01\/Logo_Organisator_Website.png","width":800,"height":77,"caption":"Organisator"},"image":{"@id":"https:\/\/www.organisator.ch\/#\/schema\/logo\/image\/"},"sameAs":["https:\/\/www.facebook.com\/OrganisatorFachmagazin","https:\/\/www.linkedin.com\/showcase\/organisator-das-magazin-fr-kmu","https:\/\/www.xing.com\/news\/pages\/organisator-ch-695","https:\/\/www.youtube.com\/channel\/UCGP2Sq0iWaZwT3BdIAQFYpw"]},{"@type":"Person","@id":"https:\/\/www.organisator.ch\/#\/schema\/person\/134708ca9321c57b0362cceb7948ffbd","name":"michael.merz","image":{"@type":"ImageObject","inLanguage":"en-US","@id":"https:\/\/secure.gravatar.com\/avatar\/?s=96&d=mm&r=g","url":"https:\/\/secure.gravatar.com\/avatar\/?s=96&d=mm&r=g","contentUrl":"https:\/\/secure.gravatar.com\/avatar\/?s=96&d=mm&r=g","caption":"michael.merz"},"url":"https:\/\/www.organisator.ch\/en\/author\/michael-merz\/"}]}},"_links":{"self":[{"href":"https:\/\/www.organisator.ch\/en\/wp-json\/wp\/v2\/posts\/10092","targetHints":{"allow":["GET"]}}],"collection":[{"href":"https:\/\/www.organisator.ch\/en\/wp-json\/wp\/v2\/posts"}],"about":[{"href":"https:\/\/www.organisator.ch\/en\/wp-json\/wp\/v2\/types\/post"}],"author":[{"embeddable":true,"href":"https:\/\/www.organisator.ch\/en\/wp-json\/wp\/v2\/users\/5"}],"replies":[{"embeddable":true,"href":"https:\/\/www.organisator.ch\/en\/wp-json\/wp\/v2\/comments?post=10092"}],"version-history":[{"count":1,"href":"https:\/\/www.organisator.ch\/en\/wp-json\/wp\/v2\/posts\/10092\/revisions"}],"predecessor-version":[{"id":10896,"href":"https:\/\/www.organisator.ch\/en\/wp-json\/wp\/v2\/posts\/10092\/revisions\/10896"}],"wp:featuredmedia":[{"embeddable":true,"href":"https:\/\/www.organisator.ch\/en\/wp-json\/wp\/v2\/media\/9620"}],"wp:attachment":[{"href":"https:\/\/www.organisator.ch\/en\/wp-json\/wp\/v2\/media?parent=10092"}],"wp:term":[{"taxonomy":"category","embeddable":true,"href":"https:\/\/www.organisator.ch\/en\/wp-json\/wp\/v2\/categories?post=10092"},{"taxonomy":"post_tag","embeddable":true,"href":"https:\/\/www.organisator.ch\/en\/wp-json\/wp\/v2\/tags?post=10092"}],"curies":[{"name":"wp","href":"https:\/\/api.w.org\/{rel}","templated":true}]}}