{"id":10094,"date":"2019-07-03T15:04:22","date_gmt":"2019-07-03T13:04:22","guid":{"rendered":"https:\/\/www.umweltperspektiven.ch\/?p=2257"},"modified":"2022-02-09T11:10:05","modified_gmt":"2022-02-09T10:10:05","slug":"es-bewegt-sich-was-wie-nachhaltigkeit-in-der-schweizer-politik-ankommt","status":"publish","type":"post","link":"https:\/\/www.organisator.ch\/en\/sustainability\/2019-07-03\/es-bewegt-sich-was-wie-nachhaltigkeit-in-der-schweizer-politik-ankommt\/","title":{"rendered":"Things are moving: How sustainability is finding its way into Swiss politics"},"content":{"rendered":"<section class=\"obu-section-text\">\n<figure id=\"attachment_2258\" aria-describedby=\"caption-attachment-2258\" style=\"width: 640px\" class=\"wp-caption alignnone\"><img loading=\"lazy\" decoding=\"async\" class=\"size-full wp-image-2258\" src=\"\/\/www.umweltperspektiven.ch\/wp-content\/uploads\/2019\/07\/Bundeshaus_Bern_2009_Flooffy.jpg\" alt=\"\" width=\"640\" height=\"422\" \/><figcaption id=\"caption-attachment-2258\" class=\"wp-caption-text\">The road to a successfully embedded and effective sustainability strategy in Swiss politics is still long. (Image: wikipedia)<\/figcaption><\/figure>\n<\/section>\n<section><\/section>\n<section><\/section>\n<section><\/section>\n<p>Recently, the Corporate Responsibility Initiative (KoVI) and its counter-proposal have kept Swiss politicians, or rather parliamentarians in Bern, very busy. After a five-hour discussion on numerous abuses caused by Swiss companies and their subsidiaries abroad (poisoning by pesticides, child labor, deforestation, etc.), the National Council again came out in favor of an indirect counter-proposal on June 13 (109 votes against 69 with 7 abstentions).<\/p>\n<section>\n<div>\n<p>For a year now, parliamentarians have been juggling the initiative and its counter-proposal, which was rejected by the Council of States in March. This time, however, the SVP and FDP did not express a clear majority rejection, which led to the endorsement. As a supporter of the counter-proposal, \u00f6bu, the Association for Sustainable Business, welcomes this decision.<\/p>\n<\/div>\n<\/section>\n<section class=\"obu-section-text\">\n<h2 class=\"title-2\">The corporate responsibility initiative not going far enough? <\/h2>\n<div class=\"obu-txt\">\n<p>The social and ecological responsibility of companies should be regulated by law. The Swiss population would also support the regulation of corporate activities, shows\u00a0<a href=\"\/\/www.ethz.ch\/de\/news-und-veranstaltungen\/eth-news\/news\/2019\/05\/was-denkt-die-bevoelkerung-ueber-die-verantwortung-der-konzerne.html\" target=\"_blank\" rel=\"noopener\">a study by the ETH<\/a>. However, implementation at the national level is problematic. Such a decision could lead to a disadvantage of the Swiss economy, claim the opponents of the initiative. Therefore, until now, an agreement of the National Council with the Council of States still seems difficult.<\/p>\n<p>The supporters of the counter-proposal are divided into two camps: Those who advocate strict liability rules (SP, Greens, EVP) and those who find the counter-proposal too extreme, although they consider rules sensible (CVP, GLP, BDP). The indirect counter-proposal is rejected by some parties because it would directly affect the competitiveness of Swiss companies and jobs, such as the SVP and FDP.<\/p>\n<p>After the 2019 summer session of the federal councils, it is the turn of the Council of States again: in the fall of 2019, it will once again decide on the indirect counterproposal.<\/p>\n<\/div>\n<\/section>\n<section class=\"obu-section-text\">\n<h2 class=\"title-2\">Federal Law on Public Procurement<\/h2>\n<div class=\"obu-txt\">\n<p>A fresh wind is also blowing in another area: on June 21, Parliament passed the Federal Law on Public Procurement (B\u00f6B). This step is the result of a revision process initiated over many years by a coalition of NGOs (including Public Eye, Bread for All, Helvetas, Swiss Fair Trade, etc.).<\/p>\n<p>As a major consumer, the public sector is required to contribute to sustainable development, since the Confederation, cantons and municipalities spend 40 billion Swiss francs annually on goods produced abroad. In order to serve as a role model through its consumption behavior, the federal government is legally obligated after the revision through valid articles of purpose to make procurements that are environmentally friendly, socially responsible and compatible with health.<\/p>\n<p>However, the parliament has also added another criterion to the law, which requires the consideration of different price levels in the production countries. Some NGOs, including Public Eye, now fear that this would mean sacrificing sustainability for competitiveness, as favorable production processes would often lead to poor working conditions and environmentally harmful activities.<\/p>\n<\/div>\n<\/section>\n<section class=\"obu-section-text\">\n<h2 class=\"title-2\">What next?<\/h2>\n<p>The road to a successfully embedded and effective sustainability strategy in Swiss politics is still long - be it on the side of B\u00f6B or the counter-proposal to KoVI. Nevertheless, measures are being taken. Keep it up, says \u00f6bu! We support the counter-proposal to the Corporate Responsibility Initiative.<\/p>\n<p>The\u00a0<a href=\"\/\/www.oebu.ch\/de\/service\/projekte\/working-group-sustainable-supply-chains-4184.html\">Working Group \"Sustainable Supply Chain<\/a>\" has been launched by \u00f6bu in cooperation with Global Compact Network Switzerland to disseminate knowledge and awareness on, among other things, human rights protection in the supply chain. If you are a manufacturing company and want to work in a closed group with like-minded people to improve sustainability in your supply chains, please contact\u00a0<a href=\"mailto:weiss@oebu.ch\" data-scrambled=\"119,101,105,115,115,64,54,119,101,105,115,115,111,111,101,98,117,46,99,104\">weiss@oebu.ch<\/a><\/p>\n<div class=\"obu-txt\">\n<p><em>Read the \u00f6bu statement\u00a0<a href=\"\/\/www.oebu.ch\/de\/news\/aktuelle-news\/konzernverantwortungsinitiative-oebu-unterstuetzt-die-arbeiten-fuer-einen-gegenvorschlag-3552.html\">here<\/a>.\u00a0<\/em><\/p>\n<p>&nbsp;<\/p>\n<\/div>\n<\/section>","protected":false},"excerpt":{"rendered":"<p>In letzter Zeit hat die Konzernverantwortungsinitiative (KoVI) und ihr Gegenvorschlag die Schweizer Politik, respektive die ParlamentarierInnen in Bern stark besch\u00e4ftigt. Nach einer f\u00fcnfst\u00fcndigen Diskussion \u00fcber zahlreiche Missst\u00e4nde, die von Schweizer Unternehmen und ihren Tochtergesellschaften im Ausland verursacht werden (Vergiftung durch Pestizide, Kinderarbeit, Abholzung usw.), sprach sich der Nationalrat am 13. Juni erneut f\u00fcr einen indirekten [&hellip;]<\/p>\n","protected":false},"author":5,"featured_media":9621,"comment_status":"open","ping_status":"open","sticky":false,"template":"","format":"standard","meta":{"_acf_changed":false,"_yoast_wpseo_focuskw":"Schweizer Politik","_yoast_wpseo_metadesc":"Nachhaltigkeit wird in der Schweizer Politik zunehmend ber\u00fccksichtigt, gewisse Hindernisse erschweren den Prozess jedoch weiterhin.","articlekey":"","footnotes":""},"categories":[580],"tags":[1409,1768,374,424],"class_list":["post-10094","post","type-post","status-publish","format-standard","has-post-thumbnail","hentry","category-sustainability","tag-initativen","tag-nachhaltige-lieferketten","tag-parlament","tag-schweiz"],"acf":[],"yoast_head":"<!-- This site is optimized with the Yoast SEO plugin v27.4 - https:\/\/yoast.com\/product\/yoast-seo-wordpress\/ -->\n<title>Es bewegt sich was: Wie Nachhaltigkeit in der Schweizer Politik ankommt - Organisator<\/title>\n<meta name=\"description\" content=\"Nachhaltigkeit wird in der Schweizer Politik zunehmend ber\u00fccksichtigt, gewisse Hindernisse erschweren den Prozess jedoch weiterhin.\" \/>\n<meta name=\"robots\" content=\"index, follow, max-snippet:-1, max-image-preview:large, max-video-preview:-1\" \/>\n<link rel=\"canonical\" href=\"https:\/\/www.organisator.ch\/en\/sustainability\/2019-07-03\/es-bewegt-sich-was-wie-nachhaltigkeit-in-der-schweizer-politik-ankommt\/\" \/>\n<meta property=\"og:locale\" content=\"en_US\" \/>\n<meta property=\"og:type\" content=\"article\" \/>\n<meta property=\"og:title\" content=\"Es bewegt sich was: Wie Nachhaltigkeit in der Schweizer Politik ankommt - Organisator\" \/>\n<meta property=\"og:description\" content=\"Nachhaltigkeit wird in der Schweizer Politik zunehmend ber\u00fccksichtigt, gewisse Hindernisse erschweren den Prozess jedoch weiterhin.\" \/>\n<meta property=\"og:url\" content=\"https:\/\/www.organisator.ch\/en\/sustainability\/2019-07-03\/es-bewegt-sich-was-wie-nachhaltigkeit-in-der-schweizer-politik-ankommt\/\" \/>\n<meta property=\"og:site_name\" content=\"Organisator\" \/>\n<meta property=\"article:publisher\" content=\"https:\/\/www.facebook.com\/OrganisatorFachmagazin\" \/>\n<meta property=\"article:published_time\" content=\"2019-07-03T13:04:22+00:00\" \/>\n<meta property=\"article:modified_time\" content=\"2022-02-09T10:10:05+00:00\" \/>\n<meta property=\"og:image\" content=\"https:\/\/www.organisator.ch\/wp-content\/uploads\/2019\/07\/Bundeshaus_Bern_2009_Flooffy.jpg\" \/>\n\t<meta property=\"og:image:width\" content=\"640\" \/>\n\t<meta property=\"og:image:height\" content=\"422\" \/>\n\t<meta property=\"og:image:type\" content=\"image\/jpeg\" \/>\n<meta name=\"author\" content=\"michael.merz\" \/>\n<meta name=\"twitter:card\" content=\"summary_large_image\" \/>\n<script type=\"application\/ld+json\" class=\"yoast-schema-graph\">{\"@context\":\"https:\\\/\\\/schema.org\",\"@graph\":[{\"@type\":\"Article\",\"@id\":\"https:\\\/\\\/www.organisator.ch\\\/sustainability\\\/2019-07-03\\\/es-bewegt-sich-was-wie-nachhaltigkeit-in-der-schweizer-politik-ankommt\\\/#article\",\"isPartOf\":{\"@id\":\"https:\\\/\\\/www.organisator.ch\\\/sustainability\\\/2019-07-03\\\/es-bewegt-sich-was-wie-nachhaltigkeit-in-der-schweizer-politik-ankommt\\\/\"},\"author\":{\"name\":\"michael.merz\",\"@id\":\"https:\\\/\\\/www.organisator.ch\\\/#\\\/schema\\\/person\\\/134708ca9321c57b0362cceb7948ffbd\"},\"headline\":\"Es bewegt sich was: Wie Nachhaltigkeit in der Schweizer Politik ankommt\",\"datePublished\":\"2019-07-03T13:04:22+00:00\",\"dateModified\":\"2022-02-09T10:10:05+00:00\",\"mainEntityOfPage\":{\"@id\":\"https:\\\/\\\/www.organisator.ch\\\/sustainability\\\/2019-07-03\\\/es-bewegt-sich-was-wie-nachhaltigkeit-in-der-schweizer-politik-ankommt\\\/\"},\"wordCount\":623,\"commentCount\":0,\"publisher\":{\"@id\":\"https:\\\/\\\/www.organisator.ch\\\/#organization\"},\"image\":{\"@id\":\"https:\\\/\\\/www.organisator.ch\\\/sustainability\\\/2019-07-03\\\/es-bewegt-sich-was-wie-nachhaltigkeit-in-der-schweizer-politik-ankommt\\\/#primaryimage\"},\"thumbnailUrl\":\"https:\\\/\\\/www.organisator.ch\\\/wp-content\\\/uploads\\\/2019\\\/07\\\/Bundeshaus_Bern_2009_Flooffy.jpg\",\"keywords\":[\"Initativen\",\"Nachhaltige Lieferketten\",\"Parlament\",\"Schweiz\"],\"articleSection\":[\"SUSTAINABILITY\"],\"inLanguage\":\"en-US\"},{\"@type\":\"WebPage\",\"@id\":\"https:\\\/\\\/www.organisator.ch\\\/sustainability\\\/2019-07-03\\\/es-bewegt-sich-was-wie-nachhaltigkeit-in-der-schweizer-politik-ankommt\\\/\",\"url\":\"https:\\\/\\\/www.organisator.ch\\\/sustainability\\\/2019-07-03\\\/es-bewegt-sich-was-wie-nachhaltigkeit-in-der-schweizer-politik-ankommt\\\/\",\"name\":\"Es bewegt sich was: Wie Nachhaltigkeit in der Schweizer Politik ankommt - Organisator\",\"isPartOf\":{\"@id\":\"https:\\\/\\\/www.organisator.ch\\\/#website\"},\"primaryImageOfPage\":{\"@id\":\"https:\\\/\\\/www.organisator.ch\\\/sustainability\\\/2019-07-03\\\/es-bewegt-sich-was-wie-nachhaltigkeit-in-der-schweizer-politik-ankommt\\\/#primaryimage\"},\"image\":{\"@id\":\"https:\\\/\\\/www.organisator.ch\\\/sustainability\\\/2019-07-03\\\/es-bewegt-sich-was-wie-nachhaltigkeit-in-der-schweizer-politik-ankommt\\\/#primaryimage\"},\"thumbnailUrl\":\"https:\\\/\\\/www.organisator.ch\\\/wp-content\\\/uploads\\\/2019\\\/07\\\/Bundeshaus_Bern_2009_Flooffy.jpg\",\"datePublished\":\"2019-07-03T13:04:22+00:00\",\"dateModified\":\"2022-02-09T10:10:05+00:00\",\"description\":\"Nachhaltigkeit wird in der Schweizer Politik zunehmend ber\u00fccksichtigt, gewisse Hindernisse erschweren den Prozess jedoch weiterhin.\",\"breadcrumb\":{\"@id\":\"https:\\\/\\\/www.organisator.ch\\\/sustainability\\\/2019-07-03\\\/es-bewegt-sich-was-wie-nachhaltigkeit-in-der-schweizer-politik-ankommt\\\/#breadcrumb\"},\"inLanguage\":\"en-US\",\"potentialAction\":[{\"@type\":\"ReadAction\",\"target\":[\"https:\\\/\\\/www.organisator.ch\\\/sustainability\\\/2019-07-03\\\/es-bewegt-sich-was-wie-nachhaltigkeit-in-der-schweizer-politik-ankommt\\\/\"]}]},{\"@type\":\"ImageObject\",\"inLanguage\":\"en-US\",\"@id\":\"https:\\\/\\\/www.organisator.ch\\\/sustainability\\\/2019-07-03\\\/es-bewegt-sich-was-wie-nachhaltigkeit-in-der-schweizer-politik-ankommt\\\/#primaryimage\",\"url\":\"https:\\\/\\\/www.organisator.ch\\\/wp-content\\\/uploads\\\/2019\\\/07\\\/Bundeshaus_Bern_2009_Flooffy.jpg\",\"contentUrl\":\"https:\\\/\\\/www.organisator.ch\\\/wp-content\\\/uploads\\\/2019\\\/07\\\/Bundeshaus_Bern_2009_Flooffy.jpg\",\"width\":640,\"height\":422,\"caption\":\"Der Weg zu einer erfolgreich eingebetteten und wirksamen Nachhaltigkeitsstrategie in der Schweizer Politik ist noch lang. (Bild: wikipedia)\"},{\"@type\":\"BreadcrumbList\",\"@id\":\"https:\\\/\\\/www.organisator.ch\\\/sustainability\\\/2019-07-03\\\/es-bewegt-sich-was-wie-nachhaltigkeit-in-der-schweizer-politik-ankommt\\\/#breadcrumb\",\"itemListElement\":[{\"@type\":\"ListItem\",\"position\":1,\"name\":\"Home\",\"item\":\"https:\\\/\\\/www.organisator.ch\\\/\"},{\"@type\":\"ListItem\",\"position\":2,\"name\":\"Es bewegt sich was: Wie Nachhaltigkeit in der Schweizer Politik ankommt\"}]},{\"@type\":\"WebSite\",\"@id\":\"https:\\\/\\\/www.organisator.ch\\\/#website\",\"url\":\"https:\\\/\\\/www.organisator.ch\\\/\",\"name\":\"Organisator\",\"description\":\"Kompetent. Praxisnah. Der ORGANISATOR bereitet in 10 Ausgaben pro Jahr die wesentlichen Themen f\u00fcr F\u00fchrungskr\u00e4fte von KMU auf.\",\"publisher\":{\"@id\":\"https:\\\/\\\/www.organisator.ch\\\/#organization\"},\"potentialAction\":[{\"@type\":\"SearchAction\",\"target\":{\"@type\":\"EntryPoint\",\"urlTemplate\":\"https:\\\/\\\/www.organisator.ch\\\/?s={search_term_string}\"},\"query-input\":{\"@type\":\"PropertyValueSpecification\",\"valueRequired\":true,\"valueName\":\"search_term_string\"}}],\"inLanguage\":\"en-US\"},{\"@type\":\"Organization\",\"@id\":\"https:\\\/\\\/www.organisator.ch\\\/#organization\",\"name\":\"Organisator\",\"url\":\"https:\\\/\\\/www.organisator.ch\\\/\",\"logo\":{\"@type\":\"ImageObject\",\"inLanguage\":\"en-US\",\"@id\":\"https:\\\/\\\/www.organisator.ch\\\/#\\\/schema\\\/logo\\\/image\\\/\",\"url\":\"https:\\\/\\\/www.organisator.ch\\\/wp-content\\\/uploads\\\/2022\\\/01\\\/Logo_Organisator_Website.png\",\"contentUrl\":\"https:\\\/\\\/www.organisator.ch\\\/wp-content\\\/uploads\\\/2022\\\/01\\\/Logo_Organisator_Website.png\",\"width\":800,\"height\":77,\"caption\":\"Organisator\"},\"image\":{\"@id\":\"https:\\\/\\\/www.organisator.ch\\\/#\\\/schema\\\/logo\\\/image\\\/\"},\"sameAs\":[\"https:\\\/\\\/www.facebook.com\\\/OrganisatorFachmagazin\",\"https:\\\/\\\/www.linkedin.com\\\/showcase\\\/organisator-das-magazin-fr-kmu\",\"https:\\\/\\\/www.xing.com\\\/news\\\/pages\\\/organisator-ch-695\",\"https:\\\/\\\/www.youtube.com\\\/channel\\\/UCGP2Sq0iWaZwT3BdIAQFYpw\"]},{\"@type\":\"Person\",\"@id\":\"https:\\\/\\\/www.organisator.ch\\\/#\\\/schema\\\/person\\\/134708ca9321c57b0362cceb7948ffbd\",\"name\":\"michael.merz\",\"image\":{\"@type\":\"ImageObject\",\"inLanguage\":\"en-US\",\"@id\":\"https:\\\/\\\/secure.gravatar.com\\\/avatar\\\/?s=96&d=mm&r=g\",\"url\":\"https:\\\/\\\/secure.gravatar.com\\\/avatar\\\/?s=96&d=mm&r=g\",\"contentUrl\":\"https:\\\/\\\/secure.gravatar.com\\\/avatar\\\/?s=96&d=mm&r=g\",\"caption\":\"michael.merz\"},\"url\":\"https:\\\/\\\/www.organisator.ch\\\/en\\\/author\\\/michael-merz\\\/\"}]}<\/script>\n<!-- \/ Yoast SEO plugin. -->","yoast_head_json":{"title":"Things are moving: How sustainability is finding its way into Swiss politics - Organizer","description":"Sustainability is increasingly being taken into account in Swiss politics, but certain obstacles continue to hamper the process.","robots":{"index":"index","follow":"follow","max-snippet":"max-snippet:-1","max-image-preview":"max-image-preview:large","max-video-preview":"max-video-preview:-1"},"canonical":"https:\/\/www.organisator.ch\/en\/sustainability\/2019-07-03\/es-bewegt-sich-was-wie-nachhaltigkeit-in-der-schweizer-politik-ankommt\/","og_locale":"en_US","og_type":"article","og_title":"Es bewegt sich was: Wie Nachhaltigkeit in der Schweizer Politik ankommt - Organisator","og_description":"Nachhaltigkeit wird in der Schweizer Politik zunehmend ber\u00fccksichtigt, gewisse Hindernisse erschweren den Prozess jedoch weiterhin.","og_url":"https:\/\/www.organisator.ch\/en\/sustainability\/2019-07-03\/es-bewegt-sich-was-wie-nachhaltigkeit-in-der-schweizer-politik-ankommt\/","og_site_name":"Organisator","article_publisher":"https:\/\/www.facebook.com\/OrganisatorFachmagazin","article_published_time":"2019-07-03T13:04:22+00:00","article_modified_time":"2022-02-09T10:10:05+00:00","og_image":[{"width":640,"height":422,"url":"https:\/\/www.organisator.ch\/wp-content\/uploads\/2019\/07\/Bundeshaus_Bern_2009_Flooffy.jpg","type":"image\/jpeg"}],"author":"michael.merz","twitter_card":"summary_large_image","schema":{"@context":"https:\/\/schema.org","@graph":[{"@type":"Article","@id":"https:\/\/www.organisator.ch\/sustainability\/2019-07-03\/es-bewegt-sich-was-wie-nachhaltigkeit-in-der-schweizer-politik-ankommt\/#article","isPartOf":{"@id":"https:\/\/www.organisator.ch\/sustainability\/2019-07-03\/es-bewegt-sich-was-wie-nachhaltigkeit-in-der-schweizer-politik-ankommt\/"},"author":{"name":"michael.merz","@id":"https:\/\/www.organisator.ch\/#\/schema\/person\/134708ca9321c57b0362cceb7948ffbd"},"headline":"Es bewegt sich was: Wie Nachhaltigkeit in der Schweizer Politik ankommt","datePublished":"2019-07-03T13:04:22+00:00","dateModified":"2022-02-09T10:10:05+00:00","mainEntityOfPage":{"@id":"https:\/\/www.organisator.ch\/sustainability\/2019-07-03\/es-bewegt-sich-was-wie-nachhaltigkeit-in-der-schweizer-politik-ankommt\/"},"wordCount":623,"commentCount":0,"publisher":{"@id":"https:\/\/www.organisator.ch\/#organization"},"image":{"@id":"https:\/\/www.organisator.ch\/sustainability\/2019-07-03\/es-bewegt-sich-was-wie-nachhaltigkeit-in-der-schweizer-politik-ankommt\/#primaryimage"},"thumbnailUrl":"https:\/\/www.organisator.ch\/wp-content\/uploads\/2019\/07\/Bundeshaus_Bern_2009_Flooffy.jpg","keywords":["Initativen","Nachhaltige Lieferketten","Parlament","Schweiz"],"articleSection":["SUSTAINABILITY"],"inLanguage":"en-US"},{"@type":"WebPage","@id":"https:\/\/www.organisator.ch\/sustainability\/2019-07-03\/es-bewegt-sich-was-wie-nachhaltigkeit-in-der-schweizer-politik-ankommt\/","url":"https:\/\/www.organisator.ch\/sustainability\/2019-07-03\/es-bewegt-sich-was-wie-nachhaltigkeit-in-der-schweizer-politik-ankommt\/","name":"Things are moving: How sustainability is finding its way into Swiss politics - Organizer","isPartOf":{"@id":"https:\/\/www.organisator.ch\/#website"},"primaryImageOfPage":{"@id":"https:\/\/www.organisator.ch\/sustainability\/2019-07-03\/es-bewegt-sich-was-wie-nachhaltigkeit-in-der-schweizer-politik-ankommt\/#primaryimage"},"image":{"@id":"https:\/\/www.organisator.ch\/sustainability\/2019-07-03\/es-bewegt-sich-was-wie-nachhaltigkeit-in-der-schweizer-politik-ankommt\/#primaryimage"},"thumbnailUrl":"https:\/\/www.organisator.ch\/wp-content\/uploads\/2019\/07\/Bundeshaus_Bern_2009_Flooffy.jpg","datePublished":"2019-07-03T13:04:22+00:00","dateModified":"2022-02-09T10:10:05+00:00","description":"Sustainability is increasingly being taken into account in Swiss politics, but certain obstacles continue to hamper the process.","breadcrumb":{"@id":"https:\/\/www.organisator.ch\/sustainability\/2019-07-03\/es-bewegt-sich-was-wie-nachhaltigkeit-in-der-schweizer-politik-ankommt\/#breadcrumb"},"inLanguage":"en-US","potentialAction":[{"@type":"ReadAction","target":["https:\/\/www.organisator.ch\/sustainability\/2019-07-03\/es-bewegt-sich-was-wie-nachhaltigkeit-in-der-schweizer-politik-ankommt\/"]}]},{"@type":"ImageObject","inLanguage":"en-US","@id":"https:\/\/www.organisator.ch\/sustainability\/2019-07-03\/es-bewegt-sich-was-wie-nachhaltigkeit-in-der-schweizer-politik-ankommt\/#primaryimage","url":"https:\/\/www.organisator.ch\/wp-content\/uploads\/2019\/07\/Bundeshaus_Bern_2009_Flooffy.jpg","contentUrl":"https:\/\/www.organisator.ch\/wp-content\/uploads\/2019\/07\/Bundeshaus_Bern_2009_Flooffy.jpg","width":640,"height":422,"caption":"Der Weg zu einer erfolgreich eingebetteten und wirksamen Nachhaltigkeitsstrategie in der Schweizer Politik ist noch lang. (Bild: wikipedia)"},{"@type":"BreadcrumbList","@id":"https:\/\/www.organisator.ch\/sustainability\/2019-07-03\/es-bewegt-sich-was-wie-nachhaltigkeit-in-der-schweizer-politik-ankommt\/#breadcrumb","itemListElement":[{"@type":"ListItem","position":1,"name":"Home","item":"https:\/\/www.organisator.ch\/"},{"@type":"ListItem","position":2,"name":"Es bewegt sich was: Wie Nachhaltigkeit in der Schweizer Politik ankommt"}]},{"@type":"WebSite","@id":"https:\/\/www.organisator.ch\/#website","url":"https:\/\/www.organisator.ch\/","name":"Organizer","description":"Competent. Practical. In 10 issues per year, ORGANISATOR presents the essential topics for managers of SMEs.","publisher":{"@id":"https:\/\/www.organisator.ch\/#organization"},"potentialAction":[{"@type":"SearchAction","target":{"@type":"EntryPoint","urlTemplate":"https:\/\/www.organisator.ch\/?s={search_term_string}"},"query-input":{"@type":"PropertyValueSpecification","valueRequired":true,"valueName":"search_term_string"}}],"inLanguage":"en-US"},{"@type":"Organization","@id":"https:\/\/www.organisator.ch\/#organization","name":"Organizer","url":"https:\/\/www.organisator.ch\/","logo":{"@type":"ImageObject","inLanguage":"en-US","@id":"https:\/\/www.organisator.ch\/#\/schema\/logo\/image\/","url":"https:\/\/www.organisator.ch\/wp-content\/uploads\/2022\/01\/Logo_Organisator_Website.png","contentUrl":"https:\/\/www.organisator.ch\/wp-content\/uploads\/2022\/01\/Logo_Organisator_Website.png","width":800,"height":77,"caption":"Organisator"},"image":{"@id":"https:\/\/www.organisator.ch\/#\/schema\/logo\/image\/"},"sameAs":["https:\/\/www.facebook.com\/OrganisatorFachmagazin","https:\/\/www.linkedin.com\/showcase\/organisator-das-magazin-fr-kmu","https:\/\/www.xing.com\/news\/pages\/organisator-ch-695","https:\/\/www.youtube.com\/channel\/UCGP2Sq0iWaZwT3BdIAQFYpw"]},{"@type":"Person","@id":"https:\/\/www.organisator.ch\/#\/schema\/person\/134708ca9321c57b0362cceb7948ffbd","name":"michael.merz","image":{"@type":"ImageObject","inLanguage":"en-US","@id":"https:\/\/secure.gravatar.com\/avatar\/?s=96&d=mm&r=g","url":"https:\/\/secure.gravatar.com\/avatar\/?s=96&d=mm&r=g","contentUrl":"https:\/\/secure.gravatar.com\/avatar\/?s=96&d=mm&r=g","caption":"michael.merz"},"url":"https:\/\/www.organisator.ch\/en\/author\/michael-merz\/"}]}},"_links":{"self":[{"href":"https:\/\/www.organisator.ch\/en\/wp-json\/wp\/v2\/posts\/10094","targetHints":{"allow":["GET"]}}],"collection":[{"href":"https:\/\/www.organisator.ch\/en\/wp-json\/wp\/v2\/posts"}],"about":[{"href":"https:\/\/www.organisator.ch\/en\/wp-json\/wp\/v2\/types\/post"}],"author":[{"embeddable":true,"href":"https:\/\/www.organisator.ch\/en\/wp-json\/wp\/v2\/users\/5"}],"replies":[{"embeddable":true,"href":"https:\/\/www.organisator.ch\/en\/wp-json\/wp\/v2\/comments?post=10094"}],"version-history":[{"count":1,"href":"https:\/\/www.organisator.ch\/en\/wp-json\/wp\/v2\/posts\/10094\/revisions"}],"predecessor-version":[{"id":10894,"href":"https:\/\/www.organisator.ch\/en\/wp-json\/wp\/v2\/posts\/10094\/revisions\/10894"}],"wp:featuredmedia":[{"embeddable":true,"href":"https:\/\/www.organisator.ch\/en\/wp-json\/wp\/v2\/media\/9621"}],"wp:attachment":[{"href":"https:\/\/www.organisator.ch\/en\/wp-json\/wp\/v2\/media?parent=10094"}],"wp:term":[{"taxonomy":"category","embeddable":true,"href":"https:\/\/www.organisator.ch\/en\/wp-json\/wp\/v2\/categories?post=10094"},{"taxonomy":"post_tag","embeddable":true,"href":"https:\/\/www.organisator.ch\/en\/wp-json\/wp\/v2\/tags?post=10094"}],"curies":[{"name":"wp","href":"https:\/\/api.w.org\/{rel}","templated":true}]}}