{"id":10104,"date":"2019-07-29T14:12:56","date_gmt":"2019-07-29T12:12:56","guid":{"rendered":"https:\/\/www.umweltperspektiven.ch\/?p=2349"},"modified":"2024-11-07T06:51:35","modified_gmt":"2024-11-07T05:51:35","slug":"fuer-insekten-vom-reden-ins-handeln","status":"publish","type":"post","link":"https:\/\/www.organisator.ch\/en\/sustainability\/2019-07-29\/fuer-insekten-vom-reden-ins-handeln\/","title":{"rendered":"For insects: From talk to action"},"content":{"rendered":"<figure id=\"attachment_2351\" aria-describedby=\"caption-attachment-2351\" style=\"width: 680px\" class=\"wp-caption alignnone\"><img loading=\"lazy\" decoding=\"async\" class=\"wp-image-2351 size-medium\" src=\"https:\/\/www.organisator.ch\/wp-content\/uploads\/2019\/07\/InsektenRetten-680x456.jpg\" alt=\"Insects Switzerland\" width=\"680\" height=\"456\" srcset=\"https:\/\/www.organisator.ch\/wp-content\/uploads\/2019\/07\/InsektenRetten-680x456.jpg 680w, https:\/\/www.organisator.ch\/wp-content\/uploads\/2019\/07\/InsektenRetten-1024x687.jpg 1024w, https:\/\/www.organisator.ch\/wp-content\/uploads\/2019\/07\/InsektenRetten-768x515.jpg 768w, https:\/\/www.organisator.ch\/wp-content\/uploads\/2019\/07\/InsektenRetten-1536x1030.jpg 1536w, https:\/\/www.organisator.ch\/wp-content\/uploads\/2019\/07\/InsektenRetten-18x12.jpg 18w, https:\/\/www.organisator.ch\/wp-content\/uploads\/2019\/07\/InsektenRetten-261x175.jpg 261w, https:\/\/www.organisator.ch\/wp-content\/uploads\/2019\/07\/InsektenRetten-522x350.jpg 522w, https:\/\/www.organisator.ch\/wp-content\/uploads\/2019\/07\/InsektenRetten-1193x800.jpg 1193w, https:\/\/www.organisator.ch\/wp-content\/uploads\/2019\/07\/InsektenRetten-920x617.jpg 920w, https:\/\/www.organisator.ch\/wp-content\/uploads\/2019\/07\/InsektenRetten-1400x939.jpg 1400w, https:\/\/www.organisator.ch\/wp-content\/uploads\/2019\/07\/InsektenRetten-300x201.jpg 300w, https:\/\/www.organisator.ch\/wp-content\/uploads\/2019\/07\/InsektenRetten.jpg 2048w\" sizes=\"auto, (max-width: 680px) 100vw, 680px\" \/><figcaption id=\"caption-attachment-2351\" class=\"wp-caption-text\">\"We want to turn the biocide industry around and inspire other sectors,\" says Insect Respect's initiator, Dr. Hans-Dietrich Reckhaus. In 2015 he received the Swiss Ethics Award for this, and in 2018 the Top 100 Innovator award. The company's change was triggered by a dialogue with Swiss conceptual artists Frank and Patrik Riklin. They initiated the counter-movement \"save instead of kill\" and implemented the campaign \"save flies\" together with Hans-Dietrich Reck-haus in 2012. (<a href=\"\/\/www.fliegenretten.de\">www.fliegenretten.de<\/a>\/ <a href=\"\/\/www.insect-respect.org\">www.insect-respect.org<\/a>)<\/figcaption><\/figure>\n<p>Counteracting insect mortality requires the commitment of many parties: From politics to business, research, the public and civil society. The Day of Insects Switzerland is intended to make actors and activities related to insects and biodiversity visible immediately, but also in the long term, and to promote the networking of all interested parties. In this way, a network of committed people grows who work together for the well-being of insects.<\/p>\n<p>It is high time to respect insects - precisely because they are sometimes fought. The animals perform many valuable functions. Edward Wilson, the renowned American entomologist, has calculated that humans could survive only a few months without insects. But the number and diversity of insects are declining dramatically: In Switzerland, Red Lists show that over 40 % of insect species are endangered and 5 % are already extinct.<\/p>\n<p>In some German-speaking areas, their numbers have declined by as much as 80 %.<\/p>\n<p><strong>Ten good reasons to respect insects:<\/strong><br \/>\n<em>1. ecosystem: insects give nature more resilience.<\/em><br \/>\n<em>2. pollination: insects keep the plant world alive.<\/em><br \/>\n<em>3rd cycle: Insects are an important part of the food chain.<\/em><br \/>\n<em>4. forage and food: Insects secure the world's food supply.<\/em><br \/>\n<em>5. hygiene: insects rid us of \"garbage\".<\/em><br \/>\n<em>6. soils: insects make our earth fertile.<\/em><br \/>\n<em>7. clothing: Insects are indispensable for textile production.<\/em><br \/>\n<em>8. industry: insects produce chemicals.<\/em><br \/>\n<em>Medicine 9: Cure insects.<\/em><br \/>\n<em>10. research: insects are extremely valuable scientifically.<\/em><\/p>\n<p>At <a href=\"\/\/www.birdlife.ch\/de\/content\/tag-der-insekten-schweiz#1\">1st Insect Day Switzerland<\/a> more than 220 people from all over the country took part a year ago in order to network and join forces. This great response encouraged the organizers to hold the conference again.<\/p>\n<p>The contributors this time include:<\/p>\n<ul>\n<li>Dr. Jane Goodall, DBE (Video Ambassador)<\/li>\n<li>Prof. Dr. Josef H. Reichholf, zoologist (keynote speaker)<\/li>\n<li>Dr. Yves Gonseth, info fauna<\/li>\n<li>Ulrich Veith, Mayor of the pesticide-free municipality of Mals (South Tyrol)<\/li>\n<li>Fredy Hiestand, bakery owner<\/li>\n<li>Fran\u00e7ois Turrian, BirdLife Switzerland<\/li>\n<li>Dr. Hans-Dietrich Reckhaus, Insect Respect<\/li>\n<li>and more more<\/li>\n<li>\u00a0<\/li>\n<\/ul>\n<p><strong>Day of the insects Switzerland:<br \/>\nSeptember 19, 2019, 9 a.m. - 5:30 p.m.<br \/>\nCulture and Congress Center Aarau<\/strong><br \/>\nKeynotes, Lunch, Networking, Workshops, Panel, Ap\u00e9ro Riche<\/p>\n<p><strong>Eve: Small helpers with a big effect<br \/>\nSeptember 18, 2019, 4 - 9 pm<br \/>\nNaturama Aargau<\/strong><br \/>\n16:00 - 18:00 Lectures. Location: Naturama Aargau. Cost: CHF 20.-<br \/>\n19:00 - 21:00 Excursion. Meeting point: Naturama Aargau. Cost: CHF 20.-<\/p>\n<p>On the eve of Insect Day, the interested public meets at Naturama at 4:00 p.m. for presentations on the diverse functions of insects in our ecosystems. After a break with refreshments, a bat excursion will begin at 19:00. Here the importance of insects as food for other animals will be shown. The two events can be attended separately.<\/p>\n<p><a href=\"\/\/www.birdlife.ch\/tag-der-insekten\">www.birdlife.ch\/tag-der-insekten<\/a><\/p>","protected":false},"excerpt":{"rendered":"<p>Um dem Insekten-Sterben entgegenzuwirken, braucht es das Engagement vieler Seiten: Von Politik \u00fcber Wirtschaft, Forschung, \u00d6ffentlichkeit bis hin zur Zivilgesellschaft. Der Tag der Insekten Schweiz soll unmittelbar, aber auch langfristig Akteure und Aktivit\u00e4ten rund um Insekten und Biodiversit\u00e4t sichtbar machen und die Vernetzung aller Interessierten f\u00f6rdern. So w\u00e4chst ein Netzwerk von Engagierten, die sich gemeinsam [&hellip;]<\/p>\n","protected":false},"author":5,"featured_media":2351,"comment_status":"closed","ping_status":"closed","sticky":false,"template":"","format":"standard","meta":{"_acf_changed":false,"_yoast_wpseo_focuskw":"Insekten Schweiz","_yoast_wpseo_metadesc":"Der Tag der Insekten Schweiz f\u00f6rdert Engagement und Vernetzung f\u00fcr den Schutz von Insekten und Biodiversit\u00e4t.","articlekey":"","footnotes":""},"categories":[580],"tags":[652,1426,2434],"class_list":["post-10104","post","type-post","status-publish","format-standard","has-post-thumbnail","hentry","category-sustainability","tag-aarau","tag-insektensterben","tag-veranstaltung"],"acf":[],"yoast_head":"<!-- This site is optimized with the Yoast SEO plugin v27.5 - https:\/\/yoast.com\/product\/yoast-seo-wordpress\/ -->\n<title>F\u00fcr Insekten: Vom Reden ins Handeln - Organisator<\/title>\n<meta name=\"description\" content=\"Der Tag der Insekten Schweiz f\u00f6rdert Engagement und Vernetzung f\u00fcr den Schutz von Insekten und Biodiversit\u00e4t.\" \/>\n<meta name=\"robots\" content=\"index, follow, max-snippet:-1, max-image-preview:large, max-video-preview:-1\" \/>\n<link rel=\"canonical\" href=\"https:\/\/www.organisator.ch\/en\/sustainability\/2019-07-29\/fuer-insekten-vom-reden-ins-handeln\/\" \/>\n<meta property=\"og:locale\" content=\"en_US\" \/>\n<meta property=\"og:type\" content=\"article\" \/>\n<meta property=\"og:title\" content=\"F\u00fcr Insekten: Vom Reden ins Handeln - Organisator\" \/>\n<meta property=\"og:description\" content=\"Der Tag der Insekten Schweiz f\u00f6rdert Engagement und Vernetzung f\u00fcr den Schutz von Insekten und Biodiversit\u00e4t.\" \/>\n<meta property=\"og:url\" content=\"https:\/\/www.organisator.ch\/en\/sustainability\/2019-07-29\/fuer-insekten-vom-reden-ins-handeln\/\" \/>\n<meta property=\"og:site_name\" content=\"Organisator\" \/>\n<meta property=\"article:publisher\" content=\"https:\/\/www.facebook.com\/OrganisatorFachmagazin\" \/>\n<meta property=\"article:published_time\" content=\"2019-07-29T12:12:56+00:00\" \/>\n<meta property=\"article:modified_time\" content=\"2024-11-07T05:51:35+00:00\" \/>\n<meta property=\"og:image\" content=\"https:\/\/www.organisator.ch\/wp-content\/uploads\/2019\/07\/InsektenRetten.jpg\" \/>\n\t<meta property=\"og:image:width\" content=\"2048\" \/>\n\t<meta property=\"og:image:height\" content=\"1373\" \/>\n\t<meta property=\"og:image:type\" content=\"image\/jpeg\" \/>\n<meta name=\"author\" content=\"michael.merz\" \/>\n<meta name=\"twitter:card\" content=\"summary_large_image\" \/>\n<script type=\"application\/ld+json\" class=\"yoast-schema-graph\">{\"@context\":\"https:\\\/\\\/schema.org\",\"@graph\":[{\"@type\":\"Article\",\"@id\":\"https:\\\/\\\/www.organisator.ch\\\/sustainability\\\/2019-07-29\\\/fuer-insekten-vom-reden-ins-handeln\\\/#article\",\"isPartOf\":{\"@id\":\"https:\\\/\\\/www.organisator.ch\\\/sustainability\\\/2019-07-29\\\/fuer-insekten-vom-reden-ins-handeln\\\/\"},\"author\":{\"name\":\"michael.merz\",\"@id\":\"https:\\\/\\\/www.organisator.ch\\\/#\\\/schema\\\/person\\\/134708ca9321c57b0362cceb7948ffbd\"},\"headline\":\"F\u00fcr Insekten: Vom Reden ins Handeln\",\"datePublished\":\"2019-07-29T12:12:56+00:00\",\"dateModified\":\"2024-11-07T05:51:35+00:00\",\"mainEntityOfPage\":{\"@id\":\"https:\\\/\\\/www.organisator.ch\\\/sustainability\\\/2019-07-29\\\/fuer-insekten-vom-reden-ins-handeln\\\/\"},\"wordCount\":503,\"publisher\":{\"@id\":\"https:\\\/\\\/www.organisator.ch\\\/#organization\"},\"image\":{\"@id\":\"https:\\\/\\\/www.organisator.ch\\\/sustainability\\\/2019-07-29\\\/fuer-insekten-vom-reden-ins-handeln\\\/#primaryimage\"},\"thumbnailUrl\":\"https:\\\/\\\/www.organisator.ch\\\/wp-content\\\/uploads\\\/2019\\\/07\\\/InsektenRetten.jpg\",\"keywords\":[\"Aarau\",\"Insektensterben\",\"Veranstaltung\"],\"articleSection\":[\"SUSTAINABILITY\"],\"inLanguage\":\"en-US\"},{\"@type\":\"WebPage\",\"@id\":\"https:\\\/\\\/www.organisator.ch\\\/sustainability\\\/2019-07-29\\\/fuer-insekten-vom-reden-ins-handeln\\\/\",\"url\":\"https:\\\/\\\/www.organisator.ch\\\/sustainability\\\/2019-07-29\\\/fuer-insekten-vom-reden-ins-handeln\\\/\",\"name\":\"F\u00fcr Insekten: Vom Reden ins Handeln - Organisator\",\"isPartOf\":{\"@id\":\"https:\\\/\\\/www.organisator.ch\\\/#website\"},\"primaryImageOfPage\":{\"@id\":\"https:\\\/\\\/www.organisator.ch\\\/sustainability\\\/2019-07-29\\\/fuer-insekten-vom-reden-ins-handeln\\\/#primaryimage\"},\"image\":{\"@id\":\"https:\\\/\\\/www.organisator.ch\\\/sustainability\\\/2019-07-29\\\/fuer-insekten-vom-reden-ins-handeln\\\/#primaryimage\"},\"thumbnailUrl\":\"https:\\\/\\\/www.organisator.ch\\\/wp-content\\\/uploads\\\/2019\\\/07\\\/InsektenRetten.jpg\",\"datePublished\":\"2019-07-29T12:12:56+00:00\",\"dateModified\":\"2024-11-07T05:51:35+00:00\",\"description\":\"Der Tag der Insekten Schweiz f\u00f6rdert Engagement und Vernetzung f\u00fcr den Schutz von Insekten und Biodiversit\u00e4t.\",\"breadcrumb\":{\"@id\":\"https:\\\/\\\/www.organisator.ch\\\/sustainability\\\/2019-07-29\\\/fuer-insekten-vom-reden-ins-handeln\\\/#breadcrumb\"},\"inLanguage\":\"en-US\",\"potentialAction\":[{\"@type\":\"ReadAction\",\"target\":[\"https:\\\/\\\/www.organisator.ch\\\/sustainability\\\/2019-07-29\\\/fuer-insekten-vom-reden-ins-handeln\\\/\"]}]},{\"@type\":\"ImageObject\",\"inLanguage\":\"en-US\",\"@id\":\"https:\\\/\\\/www.organisator.ch\\\/sustainability\\\/2019-07-29\\\/fuer-insekten-vom-reden-ins-handeln\\\/#primaryimage\",\"url\":\"https:\\\/\\\/www.organisator.ch\\\/wp-content\\\/uploads\\\/2019\\\/07\\\/InsektenRetten.jpg\",\"contentUrl\":\"https:\\\/\\\/www.organisator.ch\\\/wp-content\\\/uploads\\\/2019\\\/07\\\/InsektenRetten.jpg\",\"width\":2048,\"height\":1373,\"caption\":\"\u201eWir m\u00f6chten die Biozid-Branche umdrehen und weitere Sektoren inspirieren\u201c, so der Initiator von Insect Respect, Dr. Hans-Dietrich Reckhaus. 2015 erhielt er daf\u00fcr den Schweizer Ethikpreis, 2018 den Preis als Top 100 Innovator. Ausl\u00f6ser f\u00fcr den Unternehmenswandel und das weltweit einzigartige Ausgleichsmo-dell war der Dialog mit den Schweizer Konzeptk\u00fcnstlern Frank und Patrik Riklin. Sie initiierten die Gegenbewegung \u201eretten statt t\u00f6ten\\\" und setzten 2012 gemeinsam mit Hans-Dietrich Reck-haus die Aktion \u201eFliegen retten\\\" um. (www.fliegenretten.de) www.insect-respect.org\"},{\"@type\":\"BreadcrumbList\",\"@id\":\"https:\\\/\\\/www.organisator.ch\\\/sustainability\\\/2019-07-29\\\/fuer-insekten-vom-reden-ins-handeln\\\/#breadcrumb\",\"itemListElement\":[{\"@type\":\"ListItem\",\"position\":1,\"name\":\"Home\",\"item\":\"https:\\\/\\\/www.organisator.ch\\\/\"},{\"@type\":\"ListItem\",\"position\":2,\"name\":\"F\u00fcr Insekten: Vom Reden ins Handeln\"}]},{\"@type\":\"WebSite\",\"@id\":\"https:\\\/\\\/www.organisator.ch\\\/#website\",\"url\":\"https:\\\/\\\/www.organisator.ch\\\/\",\"name\":\"Organisator\",\"description\":\"Kompetent. Praxisnah. Der ORGANISATOR bereitet in 10 Ausgaben pro Jahr die wesentlichen Themen f\u00fcr F\u00fchrungskr\u00e4fte von KMU auf.\",\"publisher\":{\"@id\":\"https:\\\/\\\/www.organisator.ch\\\/#organization\"},\"potentialAction\":[{\"@type\":\"SearchAction\",\"target\":{\"@type\":\"EntryPoint\",\"urlTemplate\":\"https:\\\/\\\/www.organisator.ch\\\/?s={search_term_string}\"},\"query-input\":{\"@type\":\"PropertyValueSpecification\",\"valueRequired\":true,\"valueName\":\"search_term_string\"}}],\"inLanguage\":\"en-US\"},{\"@type\":\"Organization\",\"@id\":\"https:\\\/\\\/www.organisator.ch\\\/#organization\",\"name\":\"Organisator\",\"url\":\"https:\\\/\\\/www.organisator.ch\\\/\",\"logo\":{\"@type\":\"ImageObject\",\"inLanguage\":\"en-US\",\"@id\":\"https:\\\/\\\/www.organisator.ch\\\/#\\\/schema\\\/logo\\\/image\\\/\",\"url\":\"https:\\\/\\\/www.organisator.ch\\\/wp-content\\\/uploads\\\/2022\\\/01\\\/Logo_Organisator_Website.png\",\"contentUrl\":\"https:\\\/\\\/www.organisator.ch\\\/wp-content\\\/uploads\\\/2022\\\/01\\\/Logo_Organisator_Website.png\",\"width\":800,\"height\":77,\"caption\":\"Organisator\"},\"image\":{\"@id\":\"https:\\\/\\\/www.organisator.ch\\\/#\\\/schema\\\/logo\\\/image\\\/\"},\"sameAs\":[\"https:\\\/\\\/www.facebook.com\\\/OrganisatorFachmagazin\",\"https:\\\/\\\/www.linkedin.com\\\/showcase\\\/organisator-das-magazin-fr-kmu\",\"https:\\\/\\\/www.xing.com\\\/news\\\/pages\\\/organisator-ch-695\",\"https:\\\/\\\/www.youtube.com\\\/channel\\\/UCGP2Sq0iWaZwT3BdIAQFYpw\"]},{\"@type\":\"Person\",\"@id\":\"https:\\\/\\\/www.organisator.ch\\\/#\\\/schema\\\/person\\\/134708ca9321c57b0362cceb7948ffbd\",\"name\":\"michael.merz\",\"image\":{\"@type\":\"ImageObject\",\"inLanguage\":\"en-US\",\"@id\":\"https:\\\/\\\/secure.gravatar.com\\\/avatar\\\/?s=96&d=mm&r=g\",\"url\":\"https:\\\/\\\/secure.gravatar.com\\\/avatar\\\/?s=96&d=mm&r=g\",\"contentUrl\":\"https:\\\/\\\/secure.gravatar.com\\\/avatar\\\/?s=96&d=mm&r=g\",\"caption\":\"michael.merz\"},\"url\":\"https:\\\/\\\/www.organisator.ch\\\/en\\\/author\\\/michael-merz\\\/\"}]}<\/script>\n<!-- \/ Yoast SEO plugin. -->","yoast_head_json":{"title":"For insects: From talk to action - Organizer","description":"Insect Day Switzerland promotes commitment and networking for the protection of insects and biodiversity.","robots":{"index":"index","follow":"follow","max-snippet":"max-snippet:-1","max-image-preview":"max-image-preview:large","max-video-preview":"max-video-preview:-1"},"canonical":"https:\/\/www.organisator.ch\/en\/sustainability\/2019-07-29\/fuer-insekten-vom-reden-ins-handeln\/","og_locale":"en_US","og_type":"article","og_title":"F\u00fcr Insekten: Vom Reden ins Handeln - Organisator","og_description":"Der Tag der Insekten Schweiz f\u00f6rdert Engagement und Vernetzung f\u00fcr den Schutz von Insekten und Biodiversit\u00e4t.","og_url":"https:\/\/www.organisator.ch\/en\/sustainability\/2019-07-29\/fuer-insekten-vom-reden-ins-handeln\/","og_site_name":"Organisator","article_publisher":"https:\/\/www.facebook.com\/OrganisatorFachmagazin","article_published_time":"2019-07-29T12:12:56+00:00","article_modified_time":"2024-11-07T05:51:35+00:00","og_image":[{"width":2048,"height":1373,"url":"https:\/\/www.organisator.ch\/wp-content\/uploads\/2019\/07\/InsektenRetten.jpg","type":"image\/jpeg"}],"author":"michael.merz","twitter_card":"summary_large_image","schema":{"@context":"https:\/\/schema.org","@graph":[{"@type":"Article","@id":"https:\/\/www.organisator.ch\/sustainability\/2019-07-29\/fuer-insekten-vom-reden-ins-handeln\/#article","isPartOf":{"@id":"https:\/\/www.organisator.ch\/sustainability\/2019-07-29\/fuer-insekten-vom-reden-ins-handeln\/"},"author":{"name":"michael.merz","@id":"https:\/\/www.organisator.ch\/#\/schema\/person\/134708ca9321c57b0362cceb7948ffbd"},"headline":"F\u00fcr Insekten: Vom Reden ins Handeln","datePublished":"2019-07-29T12:12:56+00:00","dateModified":"2024-11-07T05:51:35+00:00","mainEntityOfPage":{"@id":"https:\/\/www.organisator.ch\/sustainability\/2019-07-29\/fuer-insekten-vom-reden-ins-handeln\/"},"wordCount":503,"publisher":{"@id":"https:\/\/www.organisator.ch\/#organization"},"image":{"@id":"https:\/\/www.organisator.ch\/sustainability\/2019-07-29\/fuer-insekten-vom-reden-ins-handeln\/#primaryimage"},"thumbnailUrl":"https:\/\/www.organisator.ch\/wp-content\/uploads\/2019\/07\/InsektenRetten.jpg","keywords":["Aarau","Insektensterben","Veranstaltung"],"articleSection":["SUSTAINABILITY"],"inLanguage":"en-US"},{"@type":"WebPage","@id":"https:\/\/www.organisator.ch\/sustainability\/2019-07-29\/fuer-insekten-vom-reden-ins-handeln\/","url":"https:\/\/www.organisator.ch\/sustainability\/2019-07-29\/fuer-insekten-vom-reden-ins-handeln\/","name":"For insects: From talk to action - Organizer","isPartOf":{"@id":"https:\/\/www.organisator.ch\/#website"},"primaryImageOfPage":{"@id":"https:\/\/www.organisator.ch\/sustainability\/2019-07-29\/fuer-insekten-vom-reden-ins-handeln\/#primaryimage"},"image":{"@id":"https:\/\/www.organisator.ch\/sustainability\/2019-07-29\/fuer-insekten-vom-reden-ins-handeln\/#primaryimage"},"thumbnailUrl":"https:\/\/www.organisator.ch\/wp-content\/uploads\/2019\/07\/InsektenRetten.jpg","datePublished":"2019-07-29T12:12:56+00:00","dateModified":"2024-11-07T05:51:35+00:00","description":"Insect Day Switzerland promotes commitment and networking for the protection of insects and biodiversity.","breadcrumb":{"@id":"https:\/\/www.organisator.ch\/sustainability\/2019-07-29\/fuer-insekten-vom-reden-ins-handeln\/#breadcrumb"},"inLanguage":"en-US","potentialAction":[{"@type":"ReadAction","target":["https:\/\/www.organisator.ch\/sustainability\/2019-07-29\/fuer-insekten-vom-reden-ins-handeln\/"]}]},{"@type":"ImageObject","inLanguage":"en-US","@id":"https:\/\/www.organisator.ch\/sustainability\/2019-07-29\/fuer-insekten-vom-reden-ins-handeln\/#primaryimage","url":"https:\/\/www.organisator.ch\/wp-content\/uploads\/2019\/07\/InsektenRetten.jpg","contentUrl":"https:\/\/www.organisator.ch\/wp-content\/uploads\/2019\/07\/InsektenRetten.jpg","width":2048,"height":1373,"caption":"\u201eWir m\u00f6chten die Biozid-Branche umdrehen und weitere Sektoren inspirieren\u201c, so der Initiator von Insect Respect, Dr. Hans-Dietrich Reckhaus. 2015 erhielt er daf\u00fcr den Schweizer Ethikpreis, 2018 den Preis als Top 100 Innovator. Ausl\u00f6ser f\u00fcr den Unternehmenswandel und das weltweit einzigartige Ausgleichsmo-dell war der Dialog mit den Schweizer Konzeptk\u00fcnstlern Frank und Patrik Riklin. Sie initiierten die Gegenbewegung \u201eretten statt t\u00f6ten\" und setzten 2012 gemeinsam mit Hans-Dietrich Reck-haus die Aktion \u201eFliegen retten\" um. (www.fliegenretten.de) www.insect-respect.org"},{"@type":"BreadcrumbList","@id":"https:\/\/www.organisator.ch\/sustainability\/2019-07-29\/fuer-insekten-vom-reden-ins-handeln\/#breadcrumb","itemListElement":[{"@type":"ListItem","position":1,"name":"Home","item":"https:\/\/www.organisator.ch\/"},{"@type":"ListItem","position":2,"name":"F\u00fcr Insekten: Vom Reden ins Handeln"}]},{"@type":"WebSite","@id":"https:\/\/www.organisator.ch\/#website","url":"https:\/\/www.organisator.ch\/","name":"Organizer","description":"Competent. Practical. In 10 issues per year, ORGANISATOR presents the essential topics for managers of SMEs.","publisher":{"@id":"https:\/\/www.organisator.ch\/#organization"},"potentialAction":[{"@type":"SearchAction","target":{"@type":"EntryPoint","urlTemplate":"https:\/\/www.organisator.ch\/?s={search_term_string}"},"query-input":{"@type":"PropertyValueSpecification","valueRequired":true,"valueName":"search_term_string"}}],"inLanguage":"en-US"},{"@type":"Organization","@id":"https:\/\/www.organisator.ch\/#organization","name":"Organizer","url":"https:\/\/www.organisator.ch\/","logo":{"@type":"ImageObject","inLanguage":"en-US","@id":"https:\/\/www.organisator.ch\/#\/schema\/logo\/image\/","url":"https:\/\/www.organisator.ch\/wp-content\/uploads\/2022\/01\/Logo_Organisator_Website.png","contentUrl":"https:\/\/www.organisator.ch\/wp-content\/uploads\/2022\/01\/Logo_Organisator_Website.png","width":800,"height":77,"caption":"Organisator"},"image":{"@id":"https:\/\/www.organisator.ch\/#\/schema\/logo\/image\/"},"sameAs":["https:\/\/www.facebook.com\/OrganisatorFachmagazin","https:\/\/www.linkedin.com\/showcase\/organisator-das-magazin-fr-kmu","https:\/\/www.xing.com\/news\/pages\/organisator-ch-695","https:\/\/www.youtube.com\/channel\/UCGP2Sq0iWaZwT3BdIAQFYpw"]},{"@type":"Person","@id":"https:\/\/www.organisator.ch\/#\/schema\/person\/134708ca9321c57b0362cceb7948ffbd","name":"michael.merz","image":{"@type":"ImageObject","inLanguage":"en-US","@id":"https:\/\/secure.gravatar.com\/avatar\/?s=96&d=mm&r=g","url":"https:\/\/secure.gravatar.com\/avatar\/?s=96&d=mm&r=g","contentUrl":"https:\/\/secure.gravatar.com\/avatar\/?s=96&d=mm&r=g","caption":"michael.merz"},"url":"https:\/\/www.organisator.ch\/en\/author\/michael-merz\/"}]}},"_links":{"self":[{"href":"https:\/\/www.organisator.ch\/en\/wp-json\/wp\/v2\/posts\/10104","targetHints":{"allow":["GET"]}}],"collection":[{"href":"https:\/\/www.organisator.ch\/en\/wp-json\/wp\/v2\/posts"}],"about":[{"href":"https:\/\/www.organisator.ch\/en\/wp-json\/wp\/v2\/types\/post"}],"author":[{"embeddable":true,"href":"https:\/\/www.organisator.ch\/en\/wp-json\/wp\/v2\/users\/5"}],"replies":[{"embeddable":true,"href":"https:\/\/www.organisator.ch\/en\/wp-json\/wp\/v2\/comments?post=10104"}],"version-history":[{"count":3,"href":"https:\/\/www.organisator.ch\/en\/wp-json\/wp\/v2\/posts\/10104\/revisions"}],"predecessor-version":[{"id":31630,"href":"https:\/\/www.organisator.ch\/en\/wp-json\/wp\/v2\/posts\/10104\/revisions\/31630"}],"wp:featuredmedia":[{"embeddable":true,"href":"https:\/\/www.organisator.ch\/en\/wp-json\/wp\/v2\/media\/2351"}],"wp:attachment":[{"href":"https:\/\/www.organisator.ch\/en\/wp-json\/wp\/v2\/media?parent=10104"}],"wp:term":[{"taxonomy":"category","embeddable":true,"href":"https:\/\/www.organisator.ch\/en\/wp-json\/wp\/v2\/categories?post=10104"},{"taxonomy":"post_tag","embeddable":true,"href":"https:\/\/www.organisator.ch\/en\/wp-json\/wp\/v2\/tags?post=10104"}],"curies":[{"name":"wp","href":"https:\/\/api.w.org\/{rel}","templated":true}]}}