{"id":10106,"date":"2019-08-08T13:50:23","date_gmt":"2019-08-08T11:50:23","guid":{"rendered":"https:\/\/www.umweltperspektiven.ch\/?p=2363"},"modified":"2022-02-09T11:06:52","modified_gmt":"2022-02-09T10:06:52","slug":"ipcc-sonderbericht-belegt-dramatische-risiken-des-klimawandels","status":"publish","type":"post","link":"https:\/\/www.organisator.ch\/en\/sustainability\/2019-08-08\/ipcc-sonderbericht-belegt-dramatische-risiken-des-klimawandels\/","title":{"rendered":"IPCC special report proves dramatic risks of climate change"},"content":{"rendered":"<figure id=\"attachment_2364\" aria-describedby=\"caption-attachment-2364\" style=\"width: 640px\" class=\"wp-caption alignnone\"><img loading=\"lazy\" decoding=\"async\" class=\"size-full wp-image-2364\" src=\"\/\/www.umweltperspektiven.ch\/wp-content\/uploads\/2019\/08\/Weltklimawandel_eric-welch.jpg\" alt=\"\" width=\"640\" height=\"427\" srcset=\"https:\/\/www.organisator.ch\/wp-content\/uploads\/2019\/08\/Weltklimawandel_eric-welch.jpg 640w, https:\/\/www.organisator.ch\/wp-content\/uploads\/2019\/08\/Weltklimawandel_eric-welch-18x12.jpg 18w, https:\/\/www.organisator.ch\/wp-content\/uploads\/2019\/08\/Weltklimawandel_eric-welch-262x175.jpg 262w, https:\/\/www.organisator.ch\/wp-content\/uploads\/2019\/08\/Weltklimawandel_eric-welch-525x350.jpg 525w, https:\/\/www.organisator.ch\/wp-content\/uploads\/2019\/08\/Weltklimawandel_eric-welch-300x200.jpg 300w\" sizes=\"auto, (max-width: 640px) 100vw, 640px\" \/><figcaption id=\"caption-attachment-2364\" class=\"wp-caption-text\">Rapid and decisive climate protection and adaptation measures in the land sector would bring short-term benefits. The Intergovernmental Panel on Climate Change's special report also provides information on long-term consequences. (Image: Unsplash_EricWalsh)<\/figcaption><\/figure>\n<p><span style=\"font-size: 10.0pt; font-family: 'Tahoma','sans-serif';\">Federal Environment Minister Svenja Schulze: \"The report of the Intergovernmental Panel on Climate Change (IPCC Special Report)... <\/span><span style=\"font-size: 10.0pt; font-family: 'Tahoma','sans-serif';\">shows that climate protection is a question of existence for us humans. Climate change is endangering our food supply and livelihoods. Agriculture and forestry are victims of this development, but they are also important causes and thus part of the solution in climate protection. The way humanity manages the land can protect or harm the climate. The report shows us that climate protection in agriculture and forestry is feasible and at the same time brings social, economic and environmental benefits. The upcoming reform of EU agricultural support is a good opportunity to set the right incentives in Europe for more climate protection in agriculture.\"<\/span><\/p>\n<p><span style=\"font-size: 10.0pt; font-family: 'Tahoma','sans-serif';\">Dr. Georg Sch\u00fctte, State Secretary at the Federal Ministry of Education and Research: \"Thanks to the support of the German government, Germany has a strong scientific voice in the Intergovernmental Panel on Climate Change. Science reminds us to take the results of many decades of research seriously. The consequences of the drought last year and this year show us, even in our latitudes, that we need to use modern technologies to manage natural resources on land sustainably. But what we can do today will not be enough. In the long term, we need further scientific efforts to breed drought-resistant plants, for example, or to develop food chains that lead to lower post-harvest losses. This is often only possible through international cooperation, as our BMBF centers of excellence on climate change and land use in western and southern Africa demonstrate.\"<\/span><\/p>\n<p><strong>Alarming consequences <\/strong><\/p>\n<p><span style=\"font-size: 10.0pt; font-family: 'Tahoma','sans-serif';\">The report shows that almost a quarter of current man-made greenhouse gas emissions are due to land use, including forestry and agriculture. At the same time, the terrestrial biosphere acts as a natural greenhouse gas sink because nearly 30 percent of anthropogenic CO2 emissions are sequestered by vegetation and soils.<\/span><\/p>\n<p><span style=\"font-size: 10.0pt; font-family: 'Tahoma','sans-serif';\">Consequences of climate change are already demonstrable. With increasing global warming, negative impacts on crop yields, food supply, food prices and water availability are to be expected. Serious risks could arise from vegetation loss and species extinction, increased forest fires, soil and coastal erosion, and increased thawing of permafrost soils.<\/span><\/p>\n<p><span style=\"font-size: 10.0pt; font-family: 'Tahoma','sans-serif';\">There are effective measures that simultaneously counteract climate change and land degradation. These include sustainable land and forest management as well as measures in the food system, such as reducing food waste and less resource-intensive diets.<\/span><\/p>\n<p><span style=\"font-size: 10.0pt; font-family: 'Tahoma','sans-serif';\">Rapid action reduces the risk of irreversible impacts on food security and on terrestrial ecosystems that are critical to human well-being. The costs of climate change impacts would far exceed the costs of rapid climate action in many areas.<\/span><\/p>\n<p><a href=\"\/\/www.ipcc.ch\/\">www.ipcc.ch<\/a><\/p>\n<p><span style=\"font-size: 10.0pt; font-family: 'Arial','sans-serif';\">\u00a0<\/span><\/p>","protected":false},"excerpt":{"rendered":"<p>Bundesumweltministerin Svenja Schulze: \u201eDer Bericht des Weltklimarats (IPCC-Sonderbericht) zeigt: Klimaschutz ist eine Existenzfrage f\u00fcr uns Menschen. Denn der Klimawandel gef\u00e4hrdet unsere Ern\u00e4hrungs- und Lebensgrundlagen. Die Land- und Forstwirtschaft ist ein Opfer dieser Entwicklung, aber sie ist auch ein wichtiger Verursacher und damit ein Teil der L\u00f6sung beim Klimaschutz. Die Art, wie die Menschheit mit dem [&hellip;]<\/p>\n","protected":false},"author":5,"featured_media":2364,"comment_status":"open","ping_status":"open","sticky":false,"template":"","format":"standard","meta":{"_acf_changed":false,"_yoast_wpseo_focuskw":"IPCC","_yoast_wpseo_metadesc":"Der heute in Genf vorgestellte Sonderbericht des Weltklimarats (IPCC) \u00fcber Klimawandel und Landsysteme offenbart substanzielle Risiken.","articlekey":"","footnotes":""},"categories":[580],"tags":[596,2156,2547],"class_list":["post-10106","post","type-post","status-publish","format-standard","has-post-thumbnail","hentry","category-sustainability","tag-klima","tag-sonderbericht","tag-weltklimarat"],"acf":[],"yoast_head":"<!-- This site is optimized with the Yoast SEO plugin v27.5 - https:\/\/yoast.com\/product\/yoast-seo-wordpress\/ -->\n<title>IPCC-Sonderbericht belegt dramatische Risiken des Klimawandels - Organisator<\/title>\n<meta name=\"description\" content=\"Der heute in Genf vorgestellte Sonderbericht des Weltklimarats (IPCC) \u00fcber Klimawandel und Landsysteme offenbart substanzielle Risiken.\" \/>\n<meta name=\"robots\" content=\"index, follow, max-snippet:-1, max-image-preview:large, max-video-preview:-1\" \/>\n<link rel=\"canonical\" href=\"https:\/\/www.organisator.ch\/en\/sustainability\/2019-08-08\/ipcc-sonderbericht-belegt-dramatische-risiken-des-klimawandels\/\" \/>\n<meta property=\"og:locale\" content=\"en_US\" \/>\n<meta property=\"og:type\" content=\"article\" \/>\n<meta property=\"og:title\" content=\"IPCC-Sonderbericht belegt dramatische Risiken des Klimawandels - Organisator\" \/>\n<meta property=\"og:description\" content=\"Der heute in Genf vorgestellte Sonderbericht des Weltklimarats (IPCC) \u00fcber Klimawandel und Landsysteme offenbart substanzielle Risiken.\" \/>\n<meta property=\"og:url\" content=\"https:\/\/www.organisator.ch\/en\/sustainability\/2019-08-08\/ipcc-sonderbericht-belegt-dramatische-risiken-des-klimawandels\/\" \/>\n<meta property=\"og:site_name\" content=\"Organisator\" \/>\n<meta property=\"article:publisher\" content=\"https:\/\/www.facebook.com\/OrganisatorFachmagazin\" \/>\n<meta property=\"article:published_time\" content=\"2019-08-08T11:50:23+00:00\" \/>\n<meta property=\"article:modified_time\" content=\"2022-02-09T10:06:52+00:00\" \/>\n<meta property=\"og:image\" content=\"https:\/\/www.organisator.ch\/wp-content\/uploads\/2019\/08\/Weltklimawandel_eric-welch.jpg\" \/>\n\t<meta property=\"og:image:width\" content=\"640\" \/>\n\t<meta property=\"og:image:height\" content=\"427\" \/>\n\t<meta property=\"og:image:type\" content=\"image\/jpeg\" \/>\n<meta name=\"author\" content=\"michael.merz\" \/>\n<meta name=\"twitter:card\" content=\"summary_large_image\" \/>\n<script type=\"application\/ld+json\" class=\"yoast-schema-graph\">{\"@context\":\"https:\\\/\\\/schema.org\",\"@graph\":[{\"@type\":\"Article\",\"@id\":\"https:\\\/\\\/www.organisator.ch\\\/sustainability\\\/2019-08-08\\\/ipcc-sonderbericht-belegt-dramatische-risiken-des-klimawandels\\\/#article\",\"isPartOf\":{\"@id\":\"https:\\\/\\\/www.organisator.ch\\\/sustainability\\\/2019-08-08\\\/ipcc-sonderbericht-belegt-dramatische-risiken-des-klimawandels\\\/\"},\"author\":{\"name\":\"michael.merz\",\"@id\":\"https:\\\/\\\/www.organisator.ch\\\/#\\\/schema\\\/person\\\/134708ca9321c57b0362cceb7948ffbd\"},\"headline\":\"IPCC-Sonderbericht belegt dramatische Risiken des Klimawandels\",\"datePublished\":\"2019-08-08T11:50:23+00:00\",\"dateModified\":\"2022-02-09T10:06:52+00:00\",\"mainEntityOfPage\":{\"@id\":\"https:\\\/\\\/www.organisator.ch\\\/sustainability\\\/2019-08-08\\\/ipcc-sonderbericht-belegt-dramatische-risiken-des-klimawandels\\\/\"},\"wordCount\":461,\"commentCount\":0,\"publisher\":{\"@id\":\"https:\\\/\\\/www.organisator.ch\\\/#organization\"},\"image\":{\"@id\":\"https:\\\/\\\/www.organisator.ch\\\/sustainability\\\/2019-08-08\\\/ipcc-sonderbericht-belegt-dramatische-risiken-des-klimawandels\\\/#primaryimage\"},\"thumbnailUrl\":\"https:\\\/\\\/www.organisator.ch\\\/wp-content\\\/uploads\\\/2019\\\/08\\\/Weltklimawandel_eric-welch.jpg\",\"keywords\":[\"KLIMA\",\"Sonderbericht\",\"Weltklimarat\"],\"articleSection\":[\"SUSTAINABILITY\"],\"inLanguage\":\"en-US\"},{\"@type\":\"WebPage\",\"@id\":\"https:\\\/\\\/www.organisator.ch\\\/sustainability\\\/2019-08-08\\\/ipcc-sonderbericht-belegt-dramatische-risiken-des-klimawandels\\\/\",\"url\":\"https:\\\/\\\/www.organisator.ch\\\/sustainability\\\/2019-08-08\\\/ipcc-sonderbericht-belegt-dramatische-risiken-des-klimawandels\\\/\",\"name\":\"IPCC-Sonderbericht belegt dramatische Risiken des Klimawandels - Organisator\",\"isPartOf\":{\"@id\":\"https:\\\/\\\/www.organisator.ch\\\/#website\"},\"primaryImageOfPage\":{\"@id\":\"https:\\\/\\\/www.organisator.ch\\\/sustainability\\\/2019-08-08\\\/ipcc-sonderbericht-belegt-dramatische-risiken-des-klimawandels\\\/#primaryimage\"},\"image\":{\"@id\":\"https:\\\/\\\/www.organisator.ch\\\/sustainability\\\/2019-08-08\\\/ipcc-sonderbericht-belegt-dramatische-risiken-des-klimawandels\\\/#primaryimage\"},\"thumbnailUrl\":\"https:\\\/\\\/www.organisator.ch\\\/wp-content\\\/uploads\\\/2019\\\/08\\\/Weltklimawandel_eric-welch.jpg\",\"datePublished\":\"2019-08-08T11:50:23+00:00\",\"dateModified\":\"2022-02-09T10:06:52+00:00\",\"description\":\"Der heute in Genf vorgestellte Sonderbericht des Weltklimarats (IPCC) \u00fcber Klimawandel und Landsysteme offenbart substanzielle Risiken.\",\"breadcrumb\":{\"@id\":\"https:\\\/\\\/www.organisator.ch\\\/sustainability\\\/2019-08-08\\\/ipcc-sonderbericht-belegt-dramatische-risiken-des-klimawandels\\\/#breadcrumb\"},\"inLanguage\":\"en-US\",\"potentialAction\":[{\"@type\":\"ReadAction\",\"target\":[\"https:\\\/\\\/www.organisator.ch\\\/sustainability\\\/2019-08-08\\\/ipcc-sonderbericht-belegt-dramatische-risiken-des-klimawandels\\\/\"]}]},{\"@type\":\"ImageObject\",\"inLanguage\":\"en-US\",\"@id\":\"https:\\\/\\\/www.organisator.ch\\\/sustainability\\\/2019-08-08\\\/ipcc-sonderbericht-belegt-dramatische-risiken-des-klimawandels\\\/#primaryimage\",\"url\":\"https:\\\/\\\/www.organisator.ch\\\/wp-content\\\/uploads\\\/2019\\\/08\\\/Weltklimawandel_eric-welch.jpg\",\"contentUrl\":\"https:\\\/\\\/www.organisator.ch\\\/wp-content\\\/uploads\\\/2019\\\/08\\\/Weltklimawandel_eric-welch.jpg\",\"width\":640,\"height\":427,\"caption\":\"Schnelle und entschlossene Klimaschutz- und Anpassungsmassnahmen im Landsektor w\u00fcrden kurzfristig soziale und wirtschaftliche Vorteile bringen. Auch \u00fcber langfristige Konsequenzen informiert der Sonderbericht des Weltklimarats? (Bild: Unsplash_EricWalsh)\"},{\"@type\":\"BreadcrumbList\",\"@id\":\"https:\\\/\\\/www.organisator.ch\\\/sustainability\\\/2019-08-08\\\/ipcc-sonderbericht-belegt-dramatische-risiken-des-klimawandels\\\/#breadcrumb\",\"itemListElement\":[{\"@type\":\"ListItem\",\"position\":1,\"name\":\"Home\",\"item\":\"https:\\\/\\\/www.organisator.ch\\\/\"},{\"@type\":\"ListItem\",\"position\":2,\"name\":\"IPCC-Sonderbericht belegt dramatische Risiken des Klimawandels\"}]},{\"@type\":\"WebSite\",\"@id\":\"https:\\\/\\\/www.organisator.ch\\\/#website\",\"url\":\"https:\\\/\\\/www.organisator.ch\\\/\",\"name\":\"Organisator\",\"description\":\"Kompetent. Praxisnah. Der ORGANISATOR bereitet in 10 Ausgaben pro Jahr die wesentlichen Themen f\u00fcr F\u00fchrungskr\u00e4fte von KMU auf.\",\"publisher\":{\"@id\":\"https:\\\/\\\/www.organisator.ch\\\/#organization\"},\"potentialAction\":[{\"@type\":\"SearchAction\",\"target\":{\"@type\":\"EntryPoint\",\"urlTemplate\":\"https:\\\/\\\/www.organisator.ch\\\/?s={search_term_string}\"},\"query-input\":{\"@type\":\"PropertyValueSpecification\",\"valueRequired\":true,\"valueName\":\"search_term_string\"}}],\"inLanguage\":\"en-US\"},{\"@type\":\"Organization\",\"@id\":\"https:\\\/\\\/www.organisator.ch\\\/#organization\",\"name\":\"Organisator\",\"url\":\"https:\\\/\\\/www.organisator.ch\\\/\",\"logo\":{\"@type\":\"ImageObject\",\"inLanguage\":\"en-US\",\"@id\":\"https:\\\/\\\/www.organisator.ch\\\/#\\\/schema\\\/logo\\\/image\\\/\",\"url\":\"https:\\\/\\\/www.organisator.ch\\\/wp-content\\\/uploads\\\/2022\\\/01\\\/Logo_Organisator_Website.png\",\"contentUrl\":\"https:\\\/\\\/www.organisator.ch\\\/wp-content\\\/uploads\\\/2022\\\/01\\\/Logo_Organisator_Website.png\",\"width\":800,\"height\":77,\"caption\":\"Organisator\"},\"image\":{\"@id\":\"https:\\\/\\\/www.organisator.ch\\\/#\\\/schema\\\/logo\\\/image\\\/\"},\"sameAs\":[\"https:\\\/\\\/www.facebook.com\\\/OrganisatorFachmagazin\",\"https:\\\/\\\/www.linkedin.com\\\/showcase\\\/organisator-das-magazin-fr-kmu\",\"https:\\\/\\\/www.xing.com\\\/news\\\/pages\\\/organisator-ch-695\",\"https:\\\/\\\/www.youtube.com\\\/channel\\\/UCGP2Sq0iWaZwT3BdIAQFYpw\"]},{\"@type\":\"Person\",\"@id\":\"https:\\\/\\\/www.organisator.ch\\\/#\\\/schema\\\/person\\\/134708ca9321c57b0362cceb7948ffbd\",\"name\":\"michael.merz\",\"image\":{\"@type\":\"ImageObject\",\"inLanguage\":\"en-US\",\"@id\":\"https:\\\/\\\/secure.gravatar.com\\\/avatar\\\/?s=96&d=mm&r=g\",\"url\":\"https:\\\/\\\/secure.gravatar.com\\\/avatar\\\/?s=96&d=mm&r=g\",\"contentUrl\":\"https:\\\/\\\/secure.gravatar.com\\\/avatar\\\/?s=96&d=mm&r=g\",\"caption\":\"michael.merz\"},\"url\":\"https:\\\/\\\/www.organisator.ch\\\/en\\\/author\\\/michael-merz\\\/\"}]}<\/script>\n<!-- \/ Yoast SEO plugin. -->","yoast_head_json":{"title":"IPCC special report proves dramatic risks of climate change - Organizer","description":"The Intergovernmental Panel on Climate Change (IPCC) Special Report on Climate Change and Land Systems, presented today in Geneva, reveals substantial risks.","robots":{"index":"index","follow":"follow","max-snippet":"max-snippet:-1","max-image-preview":"max-image-preview:large","max-video-preview":"max-video-preview:-1"},"canonical":"https:\/\/www.organisator.ch\/en\/sustainability\/2019-08-08\/ipcc-sonderbericht-belegt-dramatische-risiken-des-klimawandels\/","og_locale":"en_US","og_type":"article","og_title":"IPCC-Sonderbericht belegt dramatische Risiken des Klimawandels - Organisator","og_description":"Der heute in Genf vorgestellte Sonderbericht des Weltklimarats (IPCC) \u00fcber Klimawandel und Landsysteme offenbart substanzielle Risiken.","og_url":"https:\/\/www.organisator.ch\/en\/sustainability\/2019-08-08\/ipcc-sonderbericht-belegt-dramatische-risiken-des-klimawandels\/","og_site_name":"Organisator","article_publisher":"https:\/\/www.facebook.com\/OrganisatorFachmagazin","article_published_time":"2019-08-08T11:50:23+00:00","article_modified_time":"2022-02-09T10:06:52+00:00","og_image":[{"width":640,"height":427,"url":"https:\/\/www.organisator.ch\/wp-content\/uploads\/2019\/08\/Weltklimawandel_eric-welch.jpg","type":"image\/jpeg"}],"author":"michael.merz","twitter_card":"summary_large_image","schema":{"@context":"https:\/\/schema.org","@graph":[{"@type":"Article","@id":"https:\/\/www.organisator.ch\/sustainability\/2019-08-08\/ipcc-sonderbericht-belegt-dramatische-risiken-des-klimawandels\/#article","isPartOf":{"@id":"https:\/\/www.organisator.ch\/sustainability\/2019-08-08\/ipcc-sonderbericht-belegt-dramatische-risiken-des-klimawandels\/"},"author":{"name":"michael.merz","@id":"https:\/\/www.organisator.ch\/#\/schema\/person\/134708ca9321c57b0362cceb7948ffbd"},"headline":"IPCC-Sonderbericht belegt dramatische Risiken des Klimawandels","datePublished":"2019-08-08T11:50:23+00:00","dateModified":"2022-02-09T10:06:52+00:00","mainEntityOfPage":{"@id":"https:\/\/www.organisator.ch\/sustainability\/2019-08-08\/ipcc-sonderbericht-belegt-dramatische-risiken-des-klimawandels\/"},"wordCount":461,"commentCount":0,"publisher":{"@id":"https:\/\/www.organisator.ch\/#organization"},"image":{"@id":"https:\/\/www.organisator.ch\/sustainability\/2019-08-08\/ipcc-sonderbericht-belegt-dramatische-risiken-des-klimawandels\/#primaryimage"},"thumbnailUrl":"https:\/\/www.organisator.ch\/wp-content\/uploads\/2019\/08\/Weltklimawandel_eric-welch.jpg","keywords":["KLIMA","Sonderbericht","Weltklimarat"],"articleSection":["SUSTAINABILITY"],"inLanguage":"en-US"},{"@type":"WebPage","@id":"https:\/\/www.organisator.ch\/sustainability\/2019-08-08\/ipcc-sonderbericht-belegt-dramatische-risiken-des-klimawandels\/","url":"https:\/\/www.organisator.ch\/sustainability\/2019-08-08\/ipcc-sonderbericht-belegt-dramatische-risiken-des-klimawandels\/","name":"IPCC special report proves dramatic risks of climate change - Organizer","isPartOf":{"@id":"https:\/\/www.organisator.ch\/#website"},"primaryImageOfPage":{"@id":"https:\/\/www.organisator.ch\/sustainability\/2019-08-08\/ipcc-sonderbericht-belegt-dramatische-risiken-des-klimawandels\/#primaryimage"},"image":{"@id":"https:\/\/www.organisator.ch\/sustainability\/2019-08-08\/ipcc-sonderbericht-belegt-dramatische-risiken-des-klimawandels\/#primaryimage"},"thumbnailUrl":"https:\/\/www.organisator.ch\/wp-content\/uploads\/2019\/08\/Weltklimawandel_eric-welch.jpg","datePublished":"2019-08-08T11:50:23+00:00","dateModified":"2022-02-09T10:06:52+00:00","description":"The Intergovernmental Panel on Climate Change (IPCC) Special Report on Climate Change and Land Systems, presented today in Geneva, reveals substantial risks.","breadcrumb":{"@id":"https:\/\/www.organisator.ch\/sustainability\/2019-08-08\/ipcc-sonderbericht-belegt-dramatische-risiken-des-klimawandels\/#breadcrumb"},"inLanguage":"en-US","potentialAction":[{"@type":"ReadAction","target":["https:\/\/www.organisator.ch\/sustainability\/2019-08-08\/ipcc-sonderbericht-belegt-dramatische-risiken-des-klimawandels\/"]}]},{"@type":"ImageObject","inLanguage":"en-US","@id":"https:\/\/www.organisator.ch\/sustainability\/2019-08-08\/ipcc-sonderbericht-belegt-dramatische-risiken-des-klimawandels\/#primaryimage","url":"https:\/\/www.organisator.ch\/wp-content\/uploads\/2019\/08\/Weltklimawandel_eric-welch.jpg","contentUrl":"https:\/\/www.organisator.ch\/wp-content\/uploads\/2019\/08\/Weltklimawandel_eric-welch.jpg","width":640,"height":427,"caption":"Schnelle und entschlossene Klimaschutz- und Anpassungsmassnahmen im Landsektor w\u00fcrden kurzfristig soziale und wirtschaftliche Vorteile bringen. Auch \u00fcber langfristige Konsequenzen informiert der Sonderbericht des Weltklimarats? (Bild: Unsplash_EricWalsh)"},{"@type":"BreadcrumbList","@id":"https:\/\/www.organisator.ch\/sustainability\/2019-08-08\/ipcc-sonderbericht-belegt-dramatische-risiken-des-klimawandels\/#breadcrumb","itemListElement":[{"@type":"ListItem","position":1,"name":"Home","item":"https:\/\/www.organisator.ch\/"},{"@type":"ListItem","position":2,"name":"IPCC-Sonderbericht belegt dramatische Risiken des Klimawandels"}]},{"@type":"WebSite","@id":"https:\/\/www.organisator.ch\/#website","url":"https:\/\/www.organisator.ch\/","name":"Organizer","description":"Competent. Practical. In 10 issues per year, ORGANISATOR presents the essential topics for managers of SMEs.","publisher":{"@id":"https:\/\/www.organisator.ch\/#organization"},"potentialAction":[{"@type":"SearchAction","target":{"@type":"EntryPoint","urlTemplate":"https:\/\/www.organisator.ch\/?s={search_term_string}"},"query-input":{"@type":"PropertyValueSpecification","valueRequired":true,"valueName":"search_term_string"}}],"inLanguage":"en-US"},{"@type":"Organization","@id":"https:\/\/www.organisator.ch\/#organization","name":"Organizer","url":"https:\/\/www.organisator.ch\/","logo":{"@type":"ImageObject","inLanguage":"en-US","@id":"https:\/\/www.organisator.ch\/#\/schema\/logo\/image\/","url":"https:\/\/www.organisator.ch\/wp-content\/uploads\/2022\/01\/Logo_Organisator_Website.png","contentUrl":"https:\/\/www.organisator.ch\/wp-content\/uploads\/2022\/01\/Logo_Organisator_Website.png","width":800,"height":77,"caption":"Organisator"},"image":{"@id":"https:\/\/www.organisator.ch\/#\/schema\/logo\/image\/"},"sameAs":["https:\/\/www.facebook.com\/OrganisatorFachmagazin","https:\/\/www.linkedin.com\/showcase\/organisator-das-magazin-fr-kmu","https:\/\/www.xing.com\/news\/pages\/organisator-ch-695","https:\/\/www.youtube.com\/channel\/UCGP2Sq0iWaZwT3BdIAQFYpw"]},{"@type":"Person","@id":"https:\/\/www.organisator.ch\/#\/schema\/person\/134708ca9321c57b0362cceb7948ffbd","name":"michael.merz","image":{"@type":"ImageObject","inLanguage":"en-US","@id":"https:\/\/secure.gravatar.com\/avatar\/?s=96&d=mm&r=g","url":"https:\/\/secure.gravatar.com\/avatar\/?s=96&d=mm&r=g","contentUrl":"https:\/\/secure.gravatar.com\/avatar\/?s=96&d=mm&r=g","caption":"michael.merz"},"url":"https:\/\/www.organisator.ch\/en\/author\/michael-merz\/"}]}},"_links":{"self":[{"href":"https:\/\/www.organisator.ch\/en\/wp-json\/wp\/v2\/posts\/10106","targetHints":{"allow":["GET"]}}],"collection":[{"href":"https:\/\/www.organisator.ch\/en\/wp-json\/wp\/v2\/posts"}],"about":[{"href":"https:\/\/www.organisator.ch\/en\/wp-json\/wp\/v2\/types\/post"}],"author":[{"embeddable":true,"href":"https:\/\/www.organisator.ch\/en\/wp-json\/wp\/v2\/users\/5"}],"replies":[{"embeddable":true,"href":"https:\/\/www.organisator.ch\/en\/wp-json\/wp\/v2\/comments?post=10106"}],"version-history":[{"count":1,"href":"https:\/\/www.organisator.ch\/en\/wp-json\/wp\/v2\/posts\/10106\/revisions"}],"predecessor-version":[{"id":10697,"href":"https:\/\/www.organisator.ch\/en\/wp-json\/wp\/v2\/posts\/10106\/revisions\/10697"}],"wp:featuredmedia":[{"embeddable":true,"href":"https:\/\/www.organisator.ch\/en\/wp-json\/wp\/v2\/media\/2364"}],"wp:attachment":[{"href":"https:\/\/www.organisator.ch\/en\/wp-json\/wp\/v2\/media?parent=10106"}],"wp:term":[{"taxonomy":"category","embeddable":true,"href":"https:\/\/www.organisator.ch\/en\/wp-json\/wp\/v2\/categories?post=10106"},{"taxonomy":"post_tag","embeddable":true,"href":"https:\/\/www.organisator.ch\/en\/wp-json\/wp\/v2\/tags?post=10106"}],"curies":[{"name":"wp","href":"https:\/\/api.w.org\/{rel}","templated":true}]}}