{"id":10112,"date":"2019-08-27T16:57:30","date_gmt":"2019-08-27T14:57:30","guid":{"rendered":"https:\/\/www.umweltperspektiven.ch\/?p=2401"},"modified":"2022-02-09T11:10:04","modified_gmt":"2022-02-09T10:10:04","slug":"neue-professur-fuer-bim-in-der-landschaftsarchitektur","status":"publish","type":"post","link":"https:\/\/www.organisator.ch\/en\/sustainability\/2019-08-27\/neue-professur-fuer-bim-in-der-landschaftsarchitektur\/","title":{"rendered":"New professorship for BIM in landscape architecture"},"content":{"rendered":"<figure id=\"attachment_2402\" aria-describedby=\"caption-attachment-2402\" style=\"width: 680px\" class=\"wp-caption alignnone\"><img loading=\"lazy\" decoding=\"async\" class=\"size-medium wp-image-2402\" src=\"\/\/www.umweltperspektiven.ch\/wp-content\/uploads\/2019\/08\/Christian_Graf_UP_UmweltPerspektiven.jpg\" alt=\"\" width=\"680\" height=\"464\" \/><figcaption id=\"caption-attachment-2402\" class=\"wp-caption-text\">Prof. Christian Graf will take over beginning with the fall 2019 semester. (Image: HSR)<\/figcaption><\/figure>\n<p>BIM is the central key technology for the digital transformation of the construction industry. In fall 2018, the Federal Council adopted the \"Digital Switzerland Action Plan\". The goal: The federal government and all federally affiliated companies are to use the Building Information Modeling (BIM) planning method as of 2021 for real estate and as of 2025 for infrastructure facilities on a mandatory basis. The planning, construction and management of a newly designed <a class=\"internal-link\" title=\"About the module &#039;Planning and Design of Urban Open Spaces\" href=\"\/\/www.hsr.ch\/de\/studium\/bachelor\/studiengaenge\/landschaftsarchitektur-l\/studieninhalt\/#c3941\">Open space <\/a>is changing fundamentally and must be rethought accordingly.<\/p>\n<p class=\"bodytext\">HSR is dedicating itself to this strategic branch of research in the construction industry with a new professorship in the Landscape Architecture program: Prof. Christian Graf will take on the new educational and research topic starting in the fall semester of 2019 and teach project planning and BIM in landscape architecture. Christian Graf, originally trained in civil engineering, studied landscape architecture at HSR and then earned his master's degree in Germany. After his education, he gained experience in various landscape architecture firms in Zurich and has been successfully present with his own planning office for ten years.<\/p>\n<p class=\"bodytext\">The aim of the new professorship is to gain knowledge in applied research and development in the \"BIM Levels 1-4\" of the Swiss Stage Plan. The <a class=\"external-link-new-window\" href=\"\/\/bauen-digital.ch\/de\/produkte\/stufenplan\/#section-209\" target=\"_blank\" rel=\"noopener\">Step-by-step plan Switzerland<\/a> is a guide developed by Bauen digital Schweiz, an organization dedicated to the digital transformation of the Swiss construction and real estate industry. The plan summarizes in four steps what the digital transformation should look like.<br \/>\nWe warmly welcome Prof. Christian Graf to HSR and wish him a good start into the semester.<\/p>\n<p><em>Are you interested in studying landscape architecture? <a class=\"internal-link\" title=\"Opens internal link in current window\" href=\"\/\/www.hsr.ch\/de\/studium\/bachelor\/studiengaenge\/landschaftsarchitektur-l\/uebersicht\/\">Here you can find more information about the study program<\/a>.\u00a0<\/em><\/p>","protected":false},"excerpt":{"rendered":"<p>BIM ist die zentrale Schl\u00fcsseltechnologie zur digitalen Transformation der Baubranche. Im Herbst 2018 hat der Bundesrat den \u00abAktionsplan Digitale Schweiz\u00bb verabschiedet. Das Ziel: Der Bund und alle bundesnahen Betriebe sollen ab 2021 f\u00fcr Immobilien und ab 2025 f\u00fcr Infrastrukturanlagen die Planungsmethode Building Information Modeling (BIM) verpflichtend anwenden. Die Planung, der Bau und die Bewirtschaftung eines [&hellip;]<\/p>\n","protected":false},"author":5,"featured_media":9632,"comment_status":"open","ping_status":"open","sticky":false,"template":"","format":"standard","meta":{"_acf_changed":false,"_yoast_wpseo_focuskw":"BIM","_yoast_wpseo_metadesc":"Prof. Christian Graf wird ab dem kommenden Semester Projektierung und BIM im Studiengang Landschaftsarchitektur an der HSR unterrichten.","articlekey":"","footnotes":""},"categories":[580],"tags":[816,218,263,1405],"class_list":["post-10112","post","type-post","status-publish","format-standard","has-post-thumbnail","hentry","category-sustainability","tag-bim","tag-forschung","tag-immobilien","tag-infrastruktur"],"acf":[],"yoast_head":"<!-- This site is optimized with the Yoast SEO plugin v27.4 - https:\/\/yoast.com\/product\/yoast-seo-wordpress\/ -->\n<title>Neue Professur f\u00fcr BIM in der Landschaftsarchitektur - Organisator<\/title>\n<meta name=\"description\" content=\"Prof. Christian Graf wird ab dem kommenden Semester Projektierung und BIM im Studiengang Landschaftsarchitektur an der HSR unterrichten.\" \/>\n<meta name=\"robots\" content=\"index, follow, max-snippet:-1, max-image-preview:large, max-video-preview:-1\" \/>\n<link rel=\"canonical\" href=\"https:\/\/www.organisator.ch\/en\/sustainability\/2019-08-27\/neue-professur-fuer-bim-in-der-landschaftsarchitektur\/\" \/>\n<meta property=\"og:locale\" content=\"en_US\" \/>\n<meta property=\"og:type\" content=\"article\" \/>\n<meta property=\"og:title\" content=\"Neue Professur f\u00fcr BIM in der Landschaftsarchitektur - Organisator\" \/>\n<meta property=\"og:description\" content=\"Prof. Christian Graf wird ab dem kommenden Semester Projektierung und BIM im Studiengang Landschaftsarchitektur an der HSR unterrichten.\" \/>\n<meta property=\"og:url\" content=\"https:\/\/www.organisator.ch\/en\/sustainability\/2019-08-27\/neue-professur-fuer-bim-in-der-landschaftsarchitektur\/\" \/>\n<meta property=\"og:site_name\" content=\"Organisator\" \/>\n<meta property=\"article:publisher\" content=\"https:\/\/www.facebook.com\/OrganisatorFachmagazin\" \/>\n<meta property=\"article:published_time\" content=\"2019-08-27T14:57:30+00:00\" \/>\n<meta property=\"article:modified_time\" content=\"2022-02-09T10:10:04+00:00\" \/>\n<meta property=\"og:image\" content=\"https:\/\/www.organisator.ch\/wp-content\/uploads\/2019\/08\/Christian_Graf_UP_UmweltPerspektiven.jpg\" \/>\n\t<meta property=\"og:image:width\" content=\"1500\" \/>\n\t<meta property=\"og:image:height\" content=\"1024\" \/>\n\t<meta property=\"og:image:type\" content=\"image\/jpeg\" \/>\n<meta name=\"author\" content=\"michael.merz\" \/>\n<meta name=\"twitter:card\" content=\"summary_large_image\" \/>\n<script type=\"application\/ld+json\" class=\"yoast-schema-graph\">{\"@context\":\"https:\\\/\\\/schema.org\",\"@graph\":[{\"@type\":\"Article\",\"@id\":\"https:\\\/\\\/www.organisator.ch\\\/sustainability\\\/2019-08-27\\\/neue-professur-fuer-bim-in-der-landschaftsarchitektur\\\/#article\",\"isPartOf\":{\"@id\":\"https:\\\/\\\/www.organisator.ch\\\/sustainability\\\/2019-08-27\\\/neue-professur-fuer-bim-in-der-landschaftsarchitektur\\\/\"},\"author\":{\"name\":\"michael.merz\",\"@id\":\"https:\\\/\\\/www.organisator.ch\\\/#\\\/schema\\\/person\\\/134708ca9321c57b0362cceb7948ffbd\"},\"headline\":\"Neue Professur f\u00fcr BIM in der Landschaftsarchitektur\",\"datePublished\":\"2019-08-27T14:57:30+00:00\",\"dateModified\":\"2022-02-09T10:10:04+00:00\",\"mainEntityOfPage\":{\"@id\":\"https:\\\/\\\/www.organisator.ch\\\/sustainability\\\/2019-08-27\\\/neue-professur-fuer-bim-in-der-landschaftsarchitektur\\\/\"},\"wordCount\":269,\"commentCount\":0,\"publisher\":{\"@id\":\"https:\\\/\\\/www.organisator.ch\\\/#organization\"},\"image\":{\"@id\":\"https:\\\/\\\/www.organisator.ch\\\/sustainability\\\/2019-08-27\\\/neue-professur-fuer-bim-in-der-landschaftsarchitektur\\\/#primaryimage\"},\"thumbnailUrl\":\"https:\\\/\\\/www.organisator.ch\\\/wp-content\\\/uploads\\\/2019\\\/08\\\/Christian_Graf_UP_UmweltPerspektiven.jpg\",\"keywords\":[\"BIM\",\"Forschung\",\"Immobilien\",\"Infrastruktur\"],\"articleSection\":[\"SUSTAINABILITY\"],\"inLanguage\":\"en-US\"},{\"@type\":\"WebPage\",\"@id\":\"https:\\\/\\\/www.organisator.ch\\\/sustainability\\\/2019-08-27\\\/neue-professur-fuer-bim-in-der-landschaftsarchitektur\\\/\",\"url\":\"https:\\\/\\\/www.organisator.ch\\\/sustainability\\\/2019-08-27\\\/neue-professur-fuer-bim-in-der-landschaftsarchitektur\\\/\",\"name\":\"Neue Professur f\u00fcr BIM in der Landschaftsarchitektur - Organisator\",\"isPartOf\":{\"@id\":\"https:\\\/\\\/www.organisator.ch\\\/#website\"},\"primaryImageOfPage\":{\"@id\":\"https:\\\/\\\/www.organisator.ch\\\/sustainability\\\/2019-08-27\\\/neue-professur-fuer-bim-in-der-landschaftsarchitektur\\\/#primaryimage\"},\"image\":{\"@id\":\"https:\\\/\\\/www.organisator.ch\\\/sustainability\\\/2019-08-27\\\/neue-professur-fuer-bim-in-der-landschaftsarchitektur\\\/#primaryimage\"},\"thumbnailUrl\":\"https:\\\/\\\/www.organisator.ch\\\/wp-content\\\/uploads\\\/2019\\\/08\\\/Christian_Graf_UP_UmweltPerspektiven.jpg\",\"datePublished\":\"2019-08-27T14:57:30+00:00\",\"dateModified\":\"2022-02-09T10:10:04+00:00\",\"description\":\"Prof. Christian Graf wird ab dem kommenden Semester Projektierung und BIM im Studiengang Landschaftsarchitektur an der HSR unterrichten.\",\"breadcrumb\":{\"@id\":\"https:\\\/\\\/www.organisator.ch\\\/sustainability\\\/2019-08-27\\\/neue-professur-fuer-bim-in-der-landschaftsarchitektur\\\/#breadcrumb\"},\"inLanguage\":\"en-US\",\"potentialAction\":[{\"@type\":\"ReadAction\",\"target\":[\"https:\\\/\\\/www.organisator.ch\\\/sustainability\\\/2019-08-27\\\/neue-professur-fuer-bim-in-der-landschaftsarchitektur\\\/\"]}]},{\"@type\":\"ImageObject\",\"inLanguage\":\"en-US\",\"@id\":\"https:\\\/\\\/www.organisator.ch\\\/sustainability\\\/2019-08-27\\\/neue-professur-fuer-bim-in-der-landschaftsarchitektur\\\/#primaryimage\",\"url\":\"https:\\\/\\\/www.organisator.ch\\\/wp-content\\\/uploads\\\/2019\\\/08\\\/Christian_Graf_UP_UmweltPerspektiven.jpg\",\"contentUrl\":\"https:\\\/\\\/www.organisator.ch\\\/wp-content\\\/uploads\\\/2019\\\/08\\\/Christian_Graf_UP_UmweltPerspektiven.jpg\",\"width\":1500,\"height\":1024,\"caption\":\"Prof. Christian Graf wird ab dem Herbstsemester 2019 \u00fcbernehmen. (Bild: HSR)\"},{\"@type\":\"BreadcrumbList\",\"@id\":\"https:\\\/\\\/www.organisator.ch\\\/sustainability\\\/2019-08-27\\\/neue-professur-fuer-bim-in-der-landschaftsarchitektur\\\/#breadcrumb\",\"itemListElement\":[{\"@type\":\"ListItem\",\"position\":1,\"name\":\"Home\",\"item\":\"https:\\\/\\\/www.organisator.ch\\\/\"},{\"@type\":\"ListItem\",\"position\":2,\"name\":\"Neue Professur f\u00fcr BIM in der Landschaftsarchitektur\"}]},{\"@type\":\"WebSite\",\"@id\":\"https:\\\/\\\/www.organisator.ch\\\/#website\",\"url\":\"https:\\\/\\\/www.organisator.ch\\\/\",\"name\":\"Organisator\",\"description\":\"Kompetent. Praxisnah. Der ORGANISATOR bereitet in 10 Ausgaben pro Jahr die wesentlichen Themen f\u00fcr F\u00fchrungskr\u00e4fte von KMU auf.\",\"publisher\":{\"@id\":\"https:\\\/\\\/www.organisator.ch\\\/#organization\"},\"potentialAction\":[{\"@type\":\"SearchAction\",\"target\":{\"@type\":\"EntryPoint\",\"urlTemplate\":\"https:\\\/\\\/www.organisator.ch\\\/?s={search_term_string}\"},\"query-input\":{\"@type\":\"PropertyValueSpecification\",\"valueRequired\":true,\"valueName\":\"search_term_string\"}}],\"inLanguage\":\"en-US\"},{\"@type\":\"Organization\",\"@id\":\"https:\\\/\\\/www.organisator.ch\\\/#organization\",\"name\":\"Organisator\",\"url\":\"https:\\\/\\\/www.organisator.ch\\\/\",\"logo\":{\"@type\":\"ImageObject\",\"inLanguage\":\"en-US\",\"@id\":\"https:\\\/\\\/www.organisator.ch\\\/#\\\/schema\\\/logo\\\/image\\\/\",\"url\":\"https:\\\/\\\/www.organisator.ch\\\/wp-content\\\/uploads\\\/2022\\\/01\\\/Logo_Organisator_Website.png\",\"contentUrl\":\"https:\\\/\\\/www.organisator.ch\\\/wp-content\\\/uploads\\\/2022\\\/01\\\/Logo_Organisator_Website.png\",\"width\":800,\"height\":77,\"caption\":\"Organisator\"},\"image\":{\"@id\":\"https:\\\/\\\/www.organisator.ch\\\/#\\\/schema\\\/logo\\\/image\\\/\"},\"sameAs\":[\"https:\\\/\\\/www.facebook.com\\\/OrganisatorFachmagazin\",\"https:\\\/\\\/www.linkedin.com\\\/showcase\\\/organisator-das-magazin-fr-kmu\",\"https:\\\/\\\/www.xing.com\\\/news\\\/pages\\\/organisator-ch-695\",\"https:\\\/\\\/www.youtube.com\\\/channel\\\/UCGP2Sq0iWaZwT3BdIAQFYpw\"]},{\"@type\":\"Person\",\"@id\":\"https:\\\/\\\/www.organisator.ch\\\/#\\\/schema\\\/person\\\/134708ca9321c57b0362cceb7948ffbd\",\"name\":\"michael.merz\",\"image\":{\"@type\":\"ImageObject\",\"inLanguage\":\"en-US\",\"@id\":\"https:\\\/\\\/secure.gravatar.com\\\/avatar\\\/?s=96&d=mm&r=g\",\"url\":\"https:\\\/\\\/secure.gravatar.com\\\/avatar\\\/?s=96&d=mm&r=g\",\"contentUrl\":\"https:\\\/\\\/secure.gravatar.com\\\/avatar\\\/?s=96&d=mm&r=g\",\"caption\":\"michael.merz\"},\"url\":\"https:\\\/\\\/www.organisator.ch\\\/en\\\/author\\\/michael-merz\\\/\"}]}<\/script>\n<!-- \/ Yoast SEO plugin. -->","yoast_head_json":{"title":"New professorship for BIM in landscape architecture - Organizer","description":"Prof. Christian Graf will teach project planning and BIM in the landscape architecture course at HSR from the coming semester.","robots":{"index":"index","follow":"follow","max-snippet":"max-snippet:-1","max-image-preview":"max-image-preview:large","max-video-preview":"max-video-preview:-1"},"canonical":"https:\/\/www.organisator.ch\/en\/sustainability\/2019-08-27\/neue-professur-fuer-bim-in-der-landschaftsarchitektur\/","og_locale":"en_US","og_type":"article","og_title":"Neue Professur f\u00fcr BIM in der Landschaftsarchitektur - Organisator","og_description":"Prof. Christian Graf wird ab dem kommenden Semester Projektierung und BIM im Studiengang Landschaftsarchitektur an der HSR unterrichten.","og_url":"https:\/\/www.organisator.ch\/en\/sustainability\/2019-08-27\/neue-professur-fuer-bim-in-der-landschaftsarchitektur\/","og_site_name":"Organisator","article_publisher":"https:\/\/www.facebook.com\/OrganisatorFachmagazin","article_published_time":"2019-08-27T14:57:30+00:00","article_modified_time":"2022-02-09T10:10:04+00:00","og_image":[{"width":1500,"height":1024,"url":"https:\/\/www.organisator.ch\/wp-content\/uploads\/2019\/08\/Christian_Graf_UP_UmweltPerspektiven.jpg","type":"image\/jpeg"}],"author":"michael.merz","twitter_card":"summary_large_image","schema":{"@context":"https:\/\/schema.org","@graph":[{"@type":"Article","@id":"https:\/\/www.organisator.ch\/sustainability\/2019-08-27\/neue-professur-fuer-bim-in-der-landschaftsarchitektur\/#article","isPartOf":{"@id":"https:\/\/www.organisator.ch\/sustainability\/2019-08-27\/neue-professur-fuer-bim-in-der-landschaftsarchitektur\/"},"author":{"name":"michael.merz","@id":"https:\/\/www.organisator.ch\/#\/schema\/person\/134708ca9321c57b0362cceb7948ffbd"},"headline":"Neue Professur f\u00fcr BIM in der Landschaftsarchitektur","datePublished":"2019-08-27T14:57:30+00:00","dateModified":"2022-02-09T10:10:04+00:00","mainEntityOfPage":{"@id":"https:\/\/www.organisator.ch\/sustainability\/2019-08-27\/neue-professur-fuer-bim-in-der-landschaftsarchitektur\/"},"wordCount":269,"commentCount":0,"publisher":{"@id":"https:\/\/www.organisator.ch\/#organization"},"image":{"@id":"https:\/\/www.organisator.ch\/sustainability\/2019-08-27\/neue-professur-fuer-bim-in-der-landschaftsarchitektur\/#primaryimage"},"thumbnailUrl":"https:\/\/www.organisator.ch\/wp-content\/uploads\/2019\/08\/Christian_Graf_UP_UmweltPerspektiven.jpg","keywords":["BIM","Forschung","Immobilien","Infrastruktur"],"articleSection":["SUSTAINABILITY"],"inLanguage":"en-US"},{"@type":"WebPage","@id":"https:\/\/www.organisator.ch\/sustainability\/2019-08-27\/neue-professur-fuer-bim-in-der-landschaftsarchitektur\/","url":"https:\/\/www.organisator.ch\/sustainability\/2019-08-27\/neue-professur-fuer-bim-in-der-landschaftsarchitektur\/","name":"New professorship for BIM in landscape architecture - Organizer","isPartOf":{"@id":"https:\/\/www.organisator.ch\/#website"},"primaryImageOfPage":{"@id":"https:\/\/www.organisator.ch\/sustainability\/2019-08-27\/neue-professur-fuer-bim-in-der-landschaftsarchitektur\/#primaryimage"},"image":{"@id":"https:\/\/www.organisator.ch\/sustainability\/2019-08-27\/neue-professur-fuer-bim-in-der-landschaftsarchitektur\/#primaryimage"},"thumbnailUrl":"https:\/\/www.organisator.ch\/wp-content\/uploads\/2019\/08\/Christian_Graf_UP_UmweltPerspektiven.jpg","datePublished":"2019-08-27T14:57:30+00:00","dateModified":"2022-02-09T10:10:04+00:00","description":"Prof. Christian Graf will teach project planning and BIM in the landscape architecture course at HSR from the coming semester.","breadcrumb":{"@id":"https:\/\/www.organisator.ch\/sustainability\/2019-08-27\/neue-professur-fuer-bim-in-der-landschaftsarchitektur\/#breadcrumb"},"inLanguage":"en-US","potentialAction":[{"@type":"ReadAction","target":["https:\/\/www.organisator.ch\/sustainability\/2019-08-27\/neue-professur-fuer-bim-in-der-landschaftsarchitektur\/"]}]},{"@type":"ImageObject","inLanguage":"en-US","@id":"https:\/\/www.organisator.ch\/sustainability\/2019-08-27\/neue-professur-fuer-bim-in-der-landschaftsarchitektur\/#primaryimage","url":"https:\/\/www.organisator.ch\/wp-content\/uploads\/2019\/08\/Christian_Graf_UP_UmweltPerspektiven.jpg","contentUrl":"https:\/\/www.organisator.ch\/wp-content\/uploads\/2019\/08\/Christian_Graf_UP_UmweltPerspektiven.jpg","width":1500,"height":1024,"caption":"Prof. Christian Graf wird ab dem Herbstsemester 2019 \u00fcbernehmen. (Bild: HSR)"},{"@type":"BreadcrumbList","@id":"https:\/\/www.organisator.ch\/sustainability\/2019-08-27\/neue-professur-fuer-bim-in-der-landschaftsarchitektur\/#breadcrumb","itemListElement":[{"@type":"ListItem","position":1,"name":"Home","item":"https:\/\/www.organisator.ch\/"},{"@type":"ListItem","position":2,"name":"Neue Professur f\u00fcr BIM in der Landschaftsarchitektur"}]},{"@type":"WebSite","@id":"https:\/\/www.organisator.ch\/#website","url":"https:\/\/www.organisator.ch\/","name":"Organizer","description":"Competent. Practical. In 10 issues per year, ORGANISATOR presents the essential topics for managers of SMEs.","publisher":{"@id":"https:\/\/www.organisator.ch\/#organization"},"potentialAction":[{"@type":"SearchAction","target":{"@type":"EntryPoint","urlTemplate":"https:\/\/www.organisator.ch\/?s={search_term_string}"},"query-input":{"@type":"PropertyValueSpecification","valueRequired":true,"valueName":"search_term_string"}}],"inLanguage":"en-US"},{"@type":"Organization","@id":"https:\/\/www.organisator.ch\/#organization","name":"Organizer","url":"https:\/\/www.organisator.ch\/","logo":{"@type":"ImageObject","inLanguage":"en-US","@id":"https:\/\/www.organisator.ch\/#\/schema\/logo\/image\/","url":"https:\/\/www.organisator.ch\/wp-content\/uploads\/2022\/01\/Logo_Organisator_Website.png","contentUrl":"https:\/\/www.organisator.ch\/wp-content\/uploads\/2022\/01\/Logo_Organisator_Website.png","width":800,"height":77,"caption":"Organisator"},"image":{"@id":"https:\/\/www.organisator.ch\/#\/schema\/logo\/image\/"},"sameAs":["https:\/\/www.facebook.com\/OrganisatorFachmagazin","https:\/\/www.linkedin.com\/showcase\/organisator-das-magazin-fr-kmu","https:\/\/www.xing.com\/news\/pages\/organisator-ch-695","https:\/\/www.youtube.com\/channel\/UCGP2Sq0iWaZwT3BdIAQFYpw"]},{"@type":"Person","@id":"https:\/\/www.organisator.ch\/#\/schema\/person\/134708ca9321c57b0362cceb7948ffbd","name":"michael.merz","image":{"@type":"ImageObject","inLanguage":"en-US","@id":"https:\/\/secure.gravatar.com\/avatar\/?s=96&d=mm&r=g","url":"https:\/\/secure.gravatar.com\/avatar\/?s=96&d=mm&r=g","contentUrl":"https:\/\/secure.gravatar.com\/avatar\/?s=96&d=mm&r=g","caption":"michael.merz"},"url":"https:\/\/www.organisator.ch\/en\/author\/michael-merz\/"}]}},"_links":{"self":[{"href":"https:\/\/www.organisator.ch\/en\/wp-json\/wp\/v2\/posts\/10112","targetHints":{"allow":["GET"]}}],"collection":[{"href":"https:\/\/www.organisator.ch\/en\/wp-json\/wp\/v2\/posts"}],"about":[{"href":"https:\/\/www.organisator.ch\/en\/wp-json\/wp\/v2\/types\/post"}],"author":[{"embeddable":true,"href":"https:\/\/www.organisator.ch\/en\/wp-json\/wp\/v2\/users\/5"}],"replies":[{"embeddable":true,"href":"https:\/\/www.organisator.ch\/en\/wp-json\/wp\/v2\/comments?post=10112"}],"version-history":[{"count":1,"href":"https:\/\/www.organisator.ch\/en\/wp-json\/wp\/v2\/posts\/10112\/revisions"}],"predecessor-version":[{"id":10886,"href":"https:\/\/www.organisator.ch\/en\/wp-json\/wp\/v2\/posts\/10112\/revisions\/10886"}],"wp:featuredmedia":[{"embeddable":true,"href":"https:\/\/www.organisator.ch\/en\/wp-json\/wp\/v2\/media\/9632"}],"wp:attachment":[{"href":"https:\/\/www.organisator.ch\/en\/wp-json\/wp\/v2\/media?parent=10112"}],"wp:term":[{"taxonomy":"category","embeddable":true,"href":"https:\/\/www.organisator.ch\/en\/wp-json\/wp\/v2\/categories?post=10112"},{"taxonomy":"post_tag","embeddable":true,"href":"https:\/\/www.organisator.ch\/en\/wp-json\/wp\/v2\/tags?post=10112"}],"curies":[{"name":"wp","href":"https:\/\/api.w.org\/{rel}","templated":true}]}}