{"id":10114,"date":"2019-08-30T13:20:14","date_gmt":"2019-08-30T11:20:14","guid":{"rendered":"https:\/\/www.umweltperspektiven.ch\/?p=2415"},"modified":"2022-02-09T11:10:04","modified_gmt":"2022-02-09T10:10:04","slug":"esders-zukunftspreis-umweltschutz-engagement-wird-belohnt","status":"publish","type":"post","link":"https:\/\/www.organisator.ch\/en\/sustainability\/2019-08-30\/esders-zukunftspreis-umweltschutz-engagement-wird-belohnt\/","title":{"rendered":"Esders Future Prize: Environmental protection commitment rewarded"},"content":{"rendered":"<figure id=\"attachment_2416\" aria-describedby=\"caption-attachment-2416\" style=\"width: 680px\" class=\"wp-caption alignnone\"><img loading=\"lazy\" decoding=\"async\" class=\"size-medium wp-image-2416\" src=\"\/\/www.umweltperspektiven.ch\/wp-content\/uploads\/2019\/08\/Esders_zukunftspreis-up-umweltperspektiven-Insektenhotel.jpg\" alt=\"\" width=\"680\" height=\"485\" srcset=\"https:\/\/www.organisator.ch\/wp-content\/uploads\/2019\/08\/Esders_zukunftspreis-up-umweltperspektiven-Insektenhotel.jpg 1546w, https:\/\/www.organisator.ch\/wp-content\/uploads\/2019\/08\/Esders_zukunftspreis-up-umweltperspektiven-Insektenhotel-680x485.jpg 680w, https:\/\/www.organisator.ch\/wp-content\/uploads\/2019\/08\/Esders_zukunftspreis-up-umweltperspektiven-Insektenhotel-1024x730.jpg 1024w, https:\/\/www.organisator.ch\/wp-content\/uploads\/2019\/08\/Esders_zukunftspreis-up-umweltperspektiven-Insektenhotel-768x547.jpg 768w, https:\/\/www.organisator.ch\/wp-content\/uploads\/2019\/08\/Esders_zukunftspreis-up-umweltperspektiven-Insektenhotel-1536x1095.jpg 1536w, https:\/\/www.organisator.ch\/wp-content\/uploads\/2019\/08\/Esders_zukunftspreis-up-umweltperspektiven-Insektenhotel-18x12.jpg 18w, https:\/\/www.organisator.ch\/wp-content\/uploads\/2019\/08\/Esders_zukunftspreis-up-umweltperspektiven-Insektenhotel-246x175.jpg 246w, https:\/\/www.organisator.ch\/wp-content\/uploads\/2019\/08\/Esders_zukunftspreis-up-umweltperspektiven-Insektenhotel-491x350.jpg 491w, https:\/\/www.organisator.ch\/wp-content\/uploads\/2019\/08\/Esders_zukunftspreis-up-umweltperspektiven-Insektenhotel-1122x800.jpg 1122w, https:\/\/www.organisator.ch\/wp-content\/uploads\/2019\/08\/Esders_zukunftspreis-up-umweltperspektiven-Insektenhotel-920x656.jpg 920w, https:\/\/www.organisator.ch\/wp-content\/uploads\/2019\/08\/Esders_zukunftspreis-up-umweltperspektiven-Insektenhotel-1400x998.jpg 1400w, https:\/\/www.organisator.ch\/wp-content\/uploads\/2019\/08\/Esders_zukunftspreis-up-umweltperspektiven-Insektenhotel-300x214.jpg 300w\" sizes=\"auto, (max-width: 680px) 100vw, 680px\" \/><figcaption id=\"caption-attachment-2416\" class=\"wp-caption-text\">The \"insect hotels\" of the Biotop-Fonds der J\u00e4gerschaften Emsland \/ Grafschaft Bentheim e.V. combine a solid half-timbered construction and species-appropriate breeding and nesting spaces for wild bees, bumblebees and wasps. (Image: zVg)<\/figcaption><\/figure>\n<p>Esders GmbH donates the Future Award on the occasion of its 30th company birthday. The prize money is staggered as follows: 1st prize: 8000 euros, 2nd prize: 5000 euros, 3rd prize: 2000 euros. More information is available on the Internet at <a href=\"\/\/zukunft.esders.de\/.\">future.esders.com\/.<\/a><\/p>\n<p><strong>Species protection and education about native insects<\/strong><\/p>\n<p>Species protection and environmental education, for example, are at the center of the application of the Biotope Fund of the Emsland \/ Grafschaft Bentheim e.V. hunting associations. Four hunting associations from 38 hunting rings are organized in this fund. The huntsmen plan to set up a total of 38 insect hotels in the spring and summer of 2020 with information boards that provide information about the background and benefits of the insect hotels. Chairman Thomas Schomaker explains:<\/p>\n<p>\"Few people know, for example, that fruit trees are often pollinated by wild bees in spring, as they hatch earlier than honey bees. Likewise, they alone pollinate a quarter of all flowering plants!\" The cost of 38 solidly crafted truss structures with roof and suitable material, which will serve insects as a shelter, breeding and retreat area, is around 45000 euros. The biotope fund would like to cover part of this from the prize money.<\/p>\n<p>\"Orchard meadows in combination with wildflower areas support between 3000 and 5000 species. We are not only creating islands to supply wild bees with pollen and nectar, but also a widely ramified biotope network,\" says Kai Behncke. Behncke, who holds a doctorate in geoinformatics, is working with the \"Flowery County of Osnabr\u00fcck\" initiative to create a flowering meadow corridor in the southern district of Osnabr\u00fcck. The interconnected biotope is intended to promote biodiversity and, above all, the genetic exchange of insects over a length of 35 kilometers from Melle to Hagen a. T. W.. So far, 141 flowering meadows with a total area of 260000 square meters have been created in around 7000 hours of volunteer work. \"With the prize money, we could take a big step toward closing the gaps in flowering meadows,\" says Kai Behncke.<\/p>\n<p>&nbsp;<\/p>\n<p><strong>\u00a0<\/strong><\/p>\n<p>&nbsp;<\/p>\n<p>&nbsp;<\/p>","protected":false},"excerpt":{"rendered":"<p>Die Esders GmbH stiftet den Zukunftspreis aus Anlass ihres 30. Unternehmensgeburtstags. Das Preisgeld staffelt sich wie folgt: 1. Preis: 8000 Euro, 2. Preis: 5000 Euro, 3. Preis: 2000 Euro. N\u00e4here Informationen finden Interessierte im Internet unter zukunft.esders.de\/. Artenschutz und Aufkl\u00e4rung \u00fcber heimische Insekten Artenschutz und Umweltbildung steht zum Beispiel im Zentrum der Bewerbung des Biotop-Fonds [&hellip;]<\/p>\n","protected":false},"author":5,"featured_media":2416,"comment_status":"open","ping_status":"open","sticky":false,"template":"","format":"standard","meta":{"_acf_changed":false,"_yoast_wpseo_focuskw":"Esders","_yoast_wpseo_metadesc":"Der mit 15.000 Euro dotierte Zukunftspreis der Esders GmbH n\u00e4hert sich der Zielgeraden. Noch bis zum 15. Oktober 2019 l\u00e4uft die Bewerbungsphase.","articlekey":"","footnotes":""},"categories":[580],"tags":[65,1779,1943,489],"class_list":["post-10114","post","type-post","status-publish","format-standard","has-post-thumbnail","hentry","category-sustainability","tag-award","tag-nachhaltiges-engagement","tag-preis","tag-umweltschutz"],"acf":[],"yoast_head":"<!-- This site is optimized with the Yoast SEO plugin v27.4 - https:\/\/yoast.com\/product\/yoast-seo-wordpress\/ -->\n<title>Esders-Zukunftspreis: Umweltschutz-Engagement wird belohnt - Organisator<\/title>\n<meta name=\"description\" content=\"Der mit 15.000 Euro dotierte Zukunftspreis der Esders GmbH n\u00e4hert sich der Zielgeraden. Noch bis zum 15. Oktober 2019 l\u00e4uft die Bewerbungsphase.\" \/>\n<meta name=\"robots\" content=\"index, follow, max-snippet:-1, max-image-preview:large, max-video-preview:-1\" \/>\n<link rel=\"canonical\" href=\"https:\/\/www.organisator.ch\/en\/sustainability\/2019-08-30\/esders-zukunftspreis-umweltschutz-engagement-wird-belohnt\/\" \/>\n<meta property=\"og:locale\" content=\"en_US\" \/>\n<meta property=\"og:type\" content=\"article\" \/>\n<meta property=\"og:title\" content=\"Esders-Zukunftspreis: Umweltschutz-Engagement wird belohnt - Organisator\" \/>\n<meta property=\"og:description\" content=\"Der mit 15.000 Euro dotierte Zukunftspreis der Esders GmbH n\u00e4hert sich der Zielgeraden. Noch bis zum 15. Oktober 2019 l\u00e4uft die Bewerbungsphase.\" \/>\n<meta property=\"og:url\" content=\"https:\/\/www.organisator.ch\/en\/sustainability\/2019-08-30\/esders-zukunftspreis-umweltschutz-engagement-wird-belohnt\/\" \/>\n<meta property=\"og:site_name\" content=\"Organisator\" \/>\n<meta property=\"article:publisher\" content=\"https:\/\/www.facebook.com\/OrganisatorFachmagazin\" \/>\n<meta property=\"article:published_time\" content=\"2019-08-30T11:20:14+00:00\" \/>\n<meta property=\"article:modified_time\" content=\"2022-02-09T10:10:04+00:00\" \/>\n<meta property=\"og:image\" content=\"https:\/\/www.organisator.ch\/wp-content\/uploads\/2019\/08\/Esders_zukunftspreis-up-umweltperspektiven-Insektenhotel.jpg\" \/>\n\t<meta property=\"og:image:width\" content=\"1546\" \/>\n\t<meta property=\"og:image:height\" content=\"1102\" \/>\n\t<meta property=\"og:image:type\" content=\"image\/jpeg\" \/>\n<meta name=\"author\" content=\"michael.merz\" \/>\n<meta name=\"twitter:card\" content=\"summary_large_image\" \/>\n<script type=\"application\/ld+json\" class=\"yoast-schema-graph\">{\"@context\":\"https:\\\/\\\/schema.org\",\"@graph\":[{\"@type\":\"Article\",\"@id\":\"https:\\\/\\\/www.organisator.ch\\\/sustainability\\\/2019-08-30\\\/esders-zukunftspreis-umweltschutz-engagement-wird-belohnt\\\/#article\",\"isPartOf\":{\"@id\":\"https:\\\/\\\/www.organisator.ch\\\/sustainability\\\/2019-08-30\\\/esders-zukunftspreis-umweltschutz-engagement-wird-belohnt\\\/\"},\"author\":{\"name\":\"michael.merz\",\"@id\":\"https:\\\/\\\/www.organisator.ch\\\/#\\\/schema\\\/person\\\/134708ca9321c57b0362cceb7948ffbd\"},\"headline\":\"Esders-Zukunftspreis: Umweltschutz-Engagement wird belohnt\",\"datePublished\":\"2019-08-30T11:20:14+00:00\",\"dateModified\":\"2022-02-09T10:10:04+00:00\",\"mainEntityOfPage\":{\"@id\":\"https:\\\/\\\/www.organisator.ch\\\/sustainability\\\/2019-08-30\\\/esders-zukunftspreis-umweltschutz-engagement-wird-belohnt\\\/\"},\"wordCount\":336,\"commentCount\":0,\"publisher\":{\"@id\":\"https:\\\/\\\/www.organisator.ch\\\/#organization\"},\"image\":{\"@id\":\"https:\\\/\\\/www.organisator.ch\\\/sustainability\\\/2019-08-30\\\/esders-zukunftspreis-umweltschutz-engagement-wird-belohnt\\\/#primaryimage\"},\"thumbnailUrl\":\"https:\\\/\\\/www.organisator.ch\\\/wp-content\\\/uploads\\\/2019\\\/08\\\/Esders_zukunftspreis-up-umweltperspektiven-Insektenhotel.jpg\",\"keywords\":[\"Award\",\"Nachhaltiges Engagement\",\"Preis\",\"Umweltschutz\"],\"articleSection\":[\"SUSTAINABILITY\"],\"inLanguage\":\"en-US\"},{\"@type\":\"WebPage\",\"@id\":\"https:\\\/\\\/www.organisator.ch\\\/sustainability\\\/2019-08-30\\\/esders-zukunftspreis-umweltschutz-engagement-wird-belohnt\\\/\",\"url\":\"https:\\\/\\\/www.organisator.ch\\\/sustainability\\\/2019-08-30\\\/esders-zukunftspreis-umweltschutz-engagement-wird-belohnt\\\/\",\"name\":\"Esders-Zukunftspreis: Umweltschutz-Engagement wird belohnt - Organisator\",\"isPartOf\":{\"@id\":\"https:\\\/\\\/www.organisator.ch\\\/#website\"},\"primaryImageOfPage\":{\"@id\":\"https:\\\/\\\/www.organisator.ch\\\/sustainability\\\/2019-08-30\\\/esders-zukunftspreis-umweltschutz-engagement-wird-belohnt\\\/#primaryimage\"},\"image\":{\"@id\":\"https:\\\/\\\/www.organisator.ch\\\/sustainability\\\/2019-08-30\\\/esders-zukunftspreis-umweltschutz-engagement-wird-belohnt\\\/#primaryimage\"},\"thumbnailUrl\":\"https:\\\/\\\/www.organisator.ch\\\/wp-content\\\/uploads\\\/2019\\\/08\\\/Esders_zukunftspreis-up-umweltperspektiven-Insektenhotel.jpg\",\"datePublished\":\"2019-08-30T11:20:14+00:00\",\"dateModified\":\"2022-02-09T10:10:04+00:00\",\"description\":\"Der mit 15.000 Euro dotierte Zukunftspreis der Esders GmbH n\u00e4hert sich der Zielgeraden. Noch bis zum 15. Oktober 2019 l\u00e4uft die Bewerbungsphase.\",\"breadcrumb\":{\"@id\":\"https:\\\/\\\/www.organisator.ch\\\/sustainability\\\/2019-08-30\\\/esders-zukunftspreis-umweltschutz-engagement-wird-belohnt\\\/#breadcrumb\"},\"inLanguage\":\"en-US\",\"potentialAction\":[{\"@type\":\"ReadAction\",\"target\":[\"https:\\\/\\\/www.organisator.ch\\\/sustainability\\\/2019-08-30\\\/esders-zukunftspreis-umweltschutz-engagement-wird-belohnt\\\/\"]}]},{\"@type\":\"ImageObject\",\"inLanguage\":\"en-US\",\"@id\":\"https:\\\/\\\/www.organisator.ch\\\/sustainability\\\/2019-08-30\\\/esders-zukunftspreis-umweltschutz-engagement-wird-belohnt\\\/#primaryimage\",\"url\":\"https:\\\/\\\/www.organisator.ch\\\/wp-content\\\/uploads\\\/2019\\\/08\\\/Esders_zukunftspreis-up-umweltperspektiven-Insektenhotel.jpg\",\"contentUrl\":\"https:\\\/\\\/www.organisator.ch\\\/wp-content\\\/uploads\\\/2019\\\/08\\\/Esders_zukunftspreis-up-umweltperspektiven-Insektenhotel.jpg\",\"width\":1546,\"height\":1102,\"caption\":\"Eine solide Fachwerkkonstruktion und artgerechte Brut- und Nistr\u00e4ume f\u00fcr Wildbienen, Hummeln und Wespen vereinen die \\\"Insektenhotels\\\" des Biotop-Fonds der J\u00e4gerschaften Emsland \\\/ Grafschaft Bentheim e.V.. (Bild: zVg)\"},{\"@type\":\"BreadcrumbList\",\"@id\":\"https:\\\/\\\/www.organisator.ch\\\/sustainability\\\/2019-08-30\\\/esders-zukunftspreis-umweltschutz-engagement-wird-belohnt\\\/#breadcrumb\",\"itemListElement\":[{\"@type\":\"ListItem\",\"position\":1,\"name\":\"Home\",\"item\":\"https:\\\/\\\/www.organisator.ch\\\/\"},{\"@type\":\"ListItem\",\"position\":2,\"name\":\"Esders-Zukunftspreis: Umweltschutz-Engagement wird belohnt\"}]},{\"@type\":\"WebSite\",\"@id\":\"https:\\\/\\\/www.organisator.ch\\\/#website\",\"url\":\"https:\\\/\\\/www.organisator.ch\\\/\",\"name\":\"Organisator\",\"description\":\"Kompetent. Praxisnah. Der ORGANISATOR bereitet in 10 Ausgaben pro Jahr die wesentlichen Themen f\u00fcr F\u00fchrungskr\u00e4fte von KMU auf.\",\"publisher\":{\"@id\":\"https:\\\/\\\/www.organisator.ch\\\/#organization\"},\"potentialAction\":[{\"@type\":\"SearchAction\",\"target\":{\"@type\":\"EntryPoint\",\"urlTemplate\":\"https:\\\/\\\/www.organisator.ch\\\/?s={search_term_string}\"},\"query-input\":{\"@type\":\"PropertyValueSpecification\",\"valueRequired\":true,\"valueName\":\"search_term_string\"}}],\"inLanguage\":\"en-US\"},{\"@type\":\"Organization\",\"@id\":\"https:\\\/\\\/www.organisator.ch\\\/#organization\",\"name\":\"Organisator\",\"url\":\"https:\\\/\\\/www.organisator.ch\\\/\",\"logo\":{\"@type\":\"ImageObject\",\"inLanguage\":\"en-US\",\"@id\":\"https:\\\/\\\/www.organisator.ch\\\/#\\\/schema\\\/logo\\\/image\\\/\",\"url\":\"https:\\\/\\\/www.organisator.ch\\\/wp-content\\\/uploads\\\/2022\\\/01\\\/Logo_Organisator_Website.png\",\"contentUrl\":\"https:\\\/\\\/www.organisator.ch\\\/wp-content\\\/uploads\\\/2022\\\/01\\\/Logo_Organisator_Website.png\",\"width\":800,\"height\":77,\"caption\":\"Organisator\"},\"image\":{\"@id\":\"https:\\\/\\\/www.organisator.ch\\\/#\\\/schema\\\/logo\\\/image\\\/\"},\"sameAs\":[\"https:\\\/\\\/www.facebook.com\\\/OrganisatorFachmagazin\",\"https:\\\/\\\/www.linkedin.com\\\/showcase\\\/organisator-das-magazin-fr-kmu\",\"https:\\\/\\\/www.xing.com\\\/news\\\/pages\\\/organisator-ch-695\",\"https:\\\/\\\/www.youtube.com\\\/channel\\\/UCGP2Sq0iWaZwT3BdIAQFYpw\"]},{\"@type\":\"Person\",\"@id\":\"https:\\\/\\\/www.organisator.ch\\\/#\\\/schema\\\/person\\\/134708ca9321c57b0362cceb7948ffbd\",\"name\":\"michael.merz\",\"image\":{\"@type\":\"ImageObject\",\"inLanguage\":\"en-US\",\"@id\":\"https:\\\/\\\/secure.gravatar.com\\\/avatar\\\/?s=96&d=mm&r=g\",\"url\":\"https:\\\/\\\/secure.gravatar.com\\\/avatar\\\/?s=96&d=mm&r=g\",\"contentUrl\":\"https:\\\/\\\/secure.gravatar.com\\\/avatar\\\/?s=96&d=mm&r=g\",\"caption\":\"michael.merz\"},\"url\":\"https:\\\/\\\/www.organisator.ch\\\/en\\\/author\\\/michael-merz\\\/\"}]}<\/script>\n<!-- \/ Yoast SEO plugin. -->","yoast_head_json":{"title":"Esders Future Prize: Environmental protection commitment is rewarded - Organizer","description":"The Esders GmbH Future Prize, worth 15,000 euros, is approaching the home stretch. The application phase runs until October 15, 2019.","robots":{"index":"index","follow":"follow","max-snippet":"max-snippet:-1","max-image-preview":"max-image-preview:large","max-video-preview":"max-video-preview:-1"},"canonical":"https:\/\/www.organisator.ch\/en\/sustainability\/2019-08-30\/esders-zukunftspreis-umweltschutz-engagement-wird-belohnt\/","og_locale":"en_US","og_type":"article","og_title":"Esders-Zukunftspreis: Umweltschutz-Engagement wird belohnt - Organisator","og_description":"Der mit 15.000 Euro dotierte Zukunftspreis der Esders GmbH n\u00e4hert sich der Zielgeraden. Noch bis zum 15. Oktober 2019 l\u00e4uft die Bewerbungsphase.","og_url":"https:\/\/www.organisator.ch\/en\/sustainability\/2019-08-30\/esders-zukunftspreis-umweltschutz-engagement-wird-belohnt\/","og_site_name":"Organisator","article_publisher":"https:\/\/www.facebook.com\/OrganisatorFachmagazin","article_published_time":"2019-08-30T11:20:14+00:00","article_modified_time":"2022-02-09T10:10:04+00:00","og_image":[{"width":1546,"height":1102,"url":"https:\/\/www.organisator.ch\/wp-content\/uploads\/2019\/08\/Esders_zukunftspreis-up-umweltperspektiven-Insektenhotel.jpg","type":"image\/jpeg"}],"author":"michael.merz","twitter_card":"summary_large_image","schema":{"@context":"https:\/\/schema.org","@graph":[{"@type":"Article","@id":"https:\/\/www.organisator.ch\/sustainability\/2019-08-30\/esders-zukunftspreis-umweltschutz-engagement-wird-belohnt\/#article","isPartOf":{"@id":"https:\/\/www.organisator.ch\/sustainability\/2019-08-30\/esders-zukunftspreis-umweltschutz-engagement-wird-belohnt\/"},"author":{"name":"michael.merz","@id":"https:\/\/www.organisator.ch\/#\/schema\/person\/134708ca9321c57b0362cceb7948ffbd"},"headline":"Esders-Zukunftspreis: Umweltschutz-Engagement wird belohnt","datePublished":"2019-08-30T11:20:14+00:00","dateModified":"2022-02-09T10:10:04+00:00","mainEntityOfPage":{"@id":"https:\/\/www.organisator.ch\/sustainability\/2019-08-30\/esders-zukunftspreis-umweltschutz-engagement-wird-belohnt\/"},"wordCount":336,"commentCount":0,"publisher":{"@id":"https:\/\/www.organisator.ch\/#organization"},"image":{"@id":"https:\/\/www.organisator.ch\/sustainability\/2019-08-30\/esders-zukunftspreis-umweltschutz-engagement-wird-belohnt\/#primaryimage"},"thumbnailUrl":"https:\/\/www.organisator.ch\/wp-content\/uploads\/2019\/08\/Esders_zukunftspreis-up-umweltperspektiven-Insektenhotel.jpg","keywords":["Award","Nachhaltiges Engagement","Preis","Umweltschutz"],"articleSection":["SUSTAINABILITY"],"inLanguage":"en-US"},{"@type":"WebPage","@id":"https:\/\/www.organisator.ch\/sustainability\/2019-08-30\/esders-zukunftspreis-umweltschutz-engagement-wird-belohnt\/","url":"https:\/\/www.organisator.ch\/sustainability\/2019-08-30\/esders-zukunftspreis-umweltschutz-engagement-wird-belohnt\/","name":"Esders Future Prize: Environmental protection commitment is rewarded - Organizer","isPartOf":{"@id":"https:\/\/www.organisator.ch\/#website"},"primaryImageOfPage":{"@id":"https:\/\/www.organisator.ch\/sustainability\/2019-08-30\/esders-zukunftspreis-umweltschutz-engagement-wird-belohnt\/#primaryimage"},"image":{"@id":"https:\/\/www.organisator.ch\/sustainability\/2019-08-30\/esders-zukunftspreis-umweltschutz-engagement-wird-belohnt\/#primaryimage"},"thumbnailUrl":"https:\/\/www.organisator.ch\/wp-content\/uploads\/2019\/08\/Esders_zukunftspreis-up-umweltperspektiven-Insektenhotel.jpg","datePublished":"2019-08-30T11:20:14+00:00","dateModified":"2022-02-09T10:10:04+00:00","description":"The Esders GmbH Future Prize, worth 15,000 euros, is approaching the home stretch. The application phase runs until October 15, 2019.","breadcrumb":{"@id":"https:\/\/www.organisator.ch\/sustainability\/2019-08-30\/esders-zukunftspreis-umweltschutz-engagement-wird-belohnt\/#breadcrumb"},"inLanguage":"en-US","potentialAction":[{"@type":"ReadAction","target":["https:\/\/www.organisator.ch\/sustainability\/2019-08-30\/esders-zukunftspreis-umweltschutz-engagement-wird-belohnt\/"]}]},{"@type":"ImageObject","inLanguage":"en-US","@id":"https:\/\/www.organisator.ch\/sustainability\/2019-08-30\/esders-zukunftspreis-umweltschutz-engagement-wird-belohnt\/#primaryimage","url":"https:\/\/www.organisator.ch\/wp-content\/uploads\/2019\/08\/Esders_zukunftspreis-up-umweltperspektiven-Insektenhotel.jpg","contentUrl":"https:\/\/www.organisator.ch\/wp-content\/uploads\/2019\/08\/Esders_zukunftspreis-up-umweltperspektiven-Insektenhotel.jpg","width":1546,"height":1102,"caption":"Eine solide Fachwerkkonstruktion und artgerechte Brut- und Nistr\u00e4ume f\u00fcr Wildbienen, Hummeln und Wespen vereinen die \"Insektenhotels\" des Biotop-Fonds der J\u00e4gerschaften Emsland \/ Grafschaft Bentheim e.V.. (Bild: zVg)"},{"@type":"BreadcrumbList","@id":"https:\/\/www.organisator.ch\/sustainability\/2019-08-30\/esders-zukunftspreis-umweltschutz-engagement-wird-belohnt\/#breadcrumb","itemListElement":[{"@type":"ListItem","position":1,"name":"Home","item":"https:\/\/www.organisator.ch\/"},{"@type":"ListItem","position":2,"name":"Esders-Zukunftspreis: Umweltschutz-Engagement wird belohnt"}]},{"@type":"WebSite","@id":"https:\/\/www.organisator.ch\/#website","url":"https:\/\/www.organisator.ch\/","name":"Organizer","description":"Competent. Practical. In 10 issues per year, ORGANISATOR presents the essential topics for managers of SMEs.","publisher":{"@id":"https:\/\/www.organisator.ch\/#organization"},"potentialAction":[{"@type":"SearchAction","target":{"@type":"EntryPoint","urlTemplate":"https:\/\/www.organisator.ch\/?s={search_term_string}"},"query-input":{"@type":"PropertyValueSpecification","valueRequired":true,"valueName":"search_term_string"}}],"inLanguage":"en-US"},{"@type":"Organization","@id":"https:\/\/www.organisator.ch\/#organization","name":"Organizer","url":"https:\/\/www.organisator.ch\/","logo":{"@type":"ImageObject","inLanguage":"en-US","@id":"https:\/\/www.organisator.ch\/#\/schema\/logo\/image\/","url":"https:\/\/www.organisator.ch\/wp-content\/uploads\/2022\/01\/Logo_Organisator_Website.png","contentUrl":"https:\/\/www.organisator.ch\/wp-content\/uploads\/2022\/01\/Logo_Organisator_Website.png","width":800,"height":77,"caption":"Organisator"},"image":{"@id":"https:\/\/www.organisator.ch\/#\/schema\/logo\/image\/"},"sameAs":["https:\/\/www.facebook.com\/OrganisatorFachmagazin","https:\/\/www.linkedin.com\/showcase\/organisator-das-magazin-fr-kmu","https:\/\/www.xing.com\/news\/pages\/organisator-ch-695","https:\/\/www.youtube.com\/channel\/UCGP2Sq0iWaZwT3BdIAQFYpw"]},{"@type":"Person","@id":"https:\/\/www.organisator.ch\/#\/schema\/person\/134708ca9321c57b0362cceb7948ffbd","name":"michael.merz","image":{"@type":"ImageObject","inLanguage":"en-US","@id":"https:\/\/secure.gravatar.com\/avatar\/?s=96&d=mm&r=g","url":"https:\/\/secure.gravatar.com\/avatar\/?s=96&d=mm&r=g","contentUrl":"https:\/\/secure.gravatar.com\/avatar\/?s=96&d=mm&r=g","caption":"michael.merz"},"url":"https:\/\/www.organisator.ch\/en\/author\/michael-merz\/"}]}},"_links":{"self":[{"href":"https:\/\/www.organisator.ch\/en\/wp-json\/wp\/v2\/posts\/10114","targetHints":{"allow":["GET"]}}],"collection":[{"href":"https:\/\/www.organisator.ch\/en\/wp-json\/wp\/v2\/posts"}],"about":[{"href":"https:\/\/www.organisator.ch\/en\/wp-json\/wp\/v2\/types\/post"}],"author":[{"embeddable":true,"href":"https:\/\/www.organisator.ch\/en\/wp-json\/wp\/v2\/users\/5"}],"replies":[{"embeddable":true,"href":"https:\/\/www.organisator.ch\/en\/wp-json\/wp\/v2\/comments?post=10114"}],"version-history":[{"count":1,"href":"https:\/\/www.organisator.ch\/en\/wp-json\/wp\/v2\/posts\/10114\/revisions"}],"predecessor-version":[{"id":10884,"href":"https:\/\/www.organisator.ch\/en\/wp-json\/wp\/v2\/posts\/10114\/revisions\/10884"}],"wp:featuredmedia":[{"embeddable":true,"href":"https:\/\/www.organisator.ch\/en\/wp-json\/wp\/v2\/media\/2416"}],"wp:attachment":[{"href":"https:\/\/www.organisator.ch\/en\/wp-json\/wp\/v2\/media?parent=10114"}],"wp:term":[{"taxonomy":"category","embeddable":true,"href":"https:\/\/www.organisator.ch\/en\/wp-json\/wp\/v2\/categories?post=10114"},{"taxonomy":"post_tag","embeddable":true,"href":"https:\/\/www.organisator.ch\/en\/wp-json\/wp\/v2\/tags?post=10114"}],"curies":[{"name":"wp","href":"https:\/\/api.w.org\/{rel}","templated":true}]}}