{"id":10116,"date":"2019-09-10T17:41:02","date_gmt":"2019-09-10T15:41:02","guid":{"rendered":"https:\/\/www.umweltperspektiven.ch\/?p=2430"},"modified":"2022-02-09T11:10:51","modified_gmt":"2022-02-09T10:10:51","slug":"sommer-in-der-schweiz-und-die-meisten-blitzeinschlaege-2019-blids","status":"publish","type":"post","link":"https:\/\/www.organisator.ch\/en\/sustainability\/2019-09-10\/sommer-in-der-schweiz-und-die-meisten-blitzeinschlaege-2019-blids\/","title":{"rendered":"Summer in Switzerland and most lightning strikes 2019 BLIDS"},"content":{"rendered":"<figure id=\"attachment_2431\" aria-describedby=\"caption-attachment-2431\" style=\"width: 680px\" class=\"wp-caption alignnone\"><img loading=\"lazy\" decoding=\"async\" class=\"size-medium wp-image-2431\" src=\"\/\/www.umweltperspektiven.ch\/wp-content\/uploads\/2019\/09\/BLIDS-UP_Umwelt-Perspektiven.jpg\" alt=\"\" width=\"680\" height=\"453\" \/><figcaption id=\"caption-attachment-2431\" class=\"wp-caption-text\">From June 1 to the end of August 2019, the Siemens Lightning Information Service (BLIDS) recorded 85,270 lightning strikes in Switzerland (summer 2018: 53,430). With 16.21 lightning strikes per km2, the greatest density was in the municipality of Gravesano in the canton of Ticino. In German-speaking Switzerland, the highest value was recorded in the village of Jaberg, located in the canton of Bern, with 11.23 lightning bolts per km2. (Symbol image: Unsplash)<\/figcaption><\/figure>\n<p>BLIDS, the lightning information service from Siemens uses around 160 connected measuring stations in Europe to record lightning and manages the measuring network in Switzerland, Germany, the UK, Benelux, the Czech Republic, Slovakia and Hungary. For the summer of 2019, data on ground lightning was collected in Switzerland.<\/p>\n<p>This includes only lightning that occurs between the lower part of a cloud and the ground. Across Switzerland, 85,270 lightning strikes occurred this summer, compared to 53,430 lightning strikes in summer 2018. The highest number of lightning strikes in the three summer months - in terms of area - occurred in the municipality of Gravesano\/TI.<\/p>\n<p>The BLIDS system registered 16.21 lightning flashes per km2 here. Among the ten localities with the highest lightning density in the summer months, eight are located in the canton of Ticino. The municipality with the highest lightning density in German-speaking Switzerland is Jaberg in the canton of Bern with 11.23 lightning bolts per km2. In over 120 Swiss localities, on the other hand, no lightning strikes were recorded at all last summer.<\/p>\n<p>Looking at the absolute numbers at the cantonal level, the canton of Graub\u00fcnden recorded the most strikes with 15749 ground lightning strikes, followed by the canton of Ticino (13856) and the canton of Bern (11566). In the canton of Basel-Stadt, there were only 63 lightning strikes in the same period. By comparison, the Valais municipality of Bagnes alone recorded 1753 lightning strikes in three months.<\/p>\n<p><strong>Determination accurate to 100 meters<\/strong><\/p>\n<p>The high accuracy of BLIDS is based on the Time-of-Arrival (TOA) principle. The lightning location is calculated from the difference in the times recorded in the receivers. \"Whereas it used to take up to 30 seconds for information about a lightning strike to be retrievable in the system, today it takes only ten,\" explains Stephan Thern, head of the lightning information service at Siemens.<\/p>\n<p>\"Today, we can pinpoint about half of the flashes to within less than 100 meters.\" In addition to precise localization, this measurement and calculation method also makes it possible to detect polarity and current strength as well as partial flashes within an overall flash. The more precise and faster the data, the greater the protection for people, industrial facilities and infrastructure.<\/p>\n<p>BLIDS is used by weather services, insurance companies, and industrial and power companies, among others. Thanks to MindSphere, the cloud-based, open Siemens operating system for the Internet of Things, the lightning data is also available to customers on PCs and mobile devices.<strong>\u00a0<\/strong><\/p>\n<p><strong>How the BLIDS system works<\/strong><\/p>\n<p>Every lightning bolt emits an electromagnetic signal, or electromagnetic waves. This information is registered with antennas and analyzed at Siemens' BLIDS center in Karlsruhe. The antennas are designed in such a way that they can detect from which direction the signal is coming. In combination with the information from other antennas, it is possible to determine the point of impact. The course of a thunderstorm can thus be displayed without gaps.<\/p>\n<p><em>With the free BLIDS spy, interested parties can register under <a href=\"\/\/www.blids.de\">www.blids.de<\/a> quickly and up-to-date information also about lightning strikes in Switzerland.<\/em><\/p>","protected":false},"excerpt":{"rendered":"<p>BLIDS, der Blitz-Informationsdienst von Siemens nutzt zur Erfassung von Blitzen rund 160 verbundene Messstationen in Europa und betreut das Messnetz in der Schweiz, Deutschland, Grossbritannien, Benelux, Tschechien, der Slowakei und Ungarn. F\u00fcr den Sommer 2019 wurden in der Schweiz die Daten zu Erdblitzen erhoben. Dazu geh\u00f6ren nur Blitze, welche zwischen dem unteren Teil einer Wolke [&hellip;]<\/p>\n","protected":false},"author":5,"featured_media":9636,"comment_status":"open","ping_status":"open","sticky":false,"template":"","format":"standard","meta":{"_acf_changed":false,"_yoast_wpseo_focuskw":"BLIDS","_yoast_wpseo_metadesc":"Vom 1. Juni bis Ende August 2019 hat der Blitz-Informationsdienst von Siemens (BLIDS) in der Schweiz 85 270 Blitzeinschl\u00e4ge (Sommer 2018: 53 430)","articlekey":"","footnotes":""},"categories":[580],"tags":[855,2056,424,2558],"class_list":["post-10116","post","type-post","status-publish","format-standard","has-post-thumbnail","hentry","category-sustainability","tag-blitz-dienst","tag-schaden","tag-schweiz","tag-wetter"],"acf":[],"yoast_head":"<!-- This site is optimized with the Yoast SEO plugin v27.4 - https:\/\/yoast.com\/product\/yoast-seo-wordpress\/ -->\n<title>Sommer in der Schweiz und die meisten Blitzeinschl\u00e4ge 2019 BLIDS - Organisator<\/title>\n<meta name=\"description\" content=\"Vom 1. Juni bis Ende August 2019 hat der Blitz-Informationsdienst von Siemens (BLIDS) in der Schweiz 85 270 Blitzeinschl\u00e4ge (Sommer 2018: 53 430)\" \/>\n<meta name=\"robots\" content=\"index, follow, max-snippet:-1, max-image-preview:large, max-video-preview:-1\" \/>\n<link rel=\"canonical\" href=\"https:\/\/www.organisator.ch\/en\/sustainability\/2019-09-10\/sommer-in-der-schweiz-und-die-meisten-blitzeinschlaege-2019-blids\/\" \/>\n<meta property=\"og:locale\" content=\"en_US\" \/>\n<meta property=\"og:type\" content=\"article\" \/>\n<meta property=\"og:title\" content=\"Sommer in der Schweiz und die meisten Blitzeinschl\u00e4ge 2019 BLIDS - Organisator\" \/>\n<meta property=\"og:description\" content=\"Vom 1. Juni bis Ende August 2019 hat der Blitz-Informationsdienst von Siemens (BLIDS) in der Schweiz 85 270 Blitzeinschl\u00e4ge (Sommer 2018: 53 430)\" \/>\n<meta property=\"og:url\" content=\"https:\/\/www.organisator.ch\/en\/sustainability\/2019-09-10\/sommer-in-der-schweiz-und-die-meisten-blitzeinschlaege-2019-blids\/\" \/>\n<meta property=\"og:site_name\" content=\"Organisator\" \/>\n<meta property=\"article:publisher\" content=\"https:\/\/www.facebook.com\/OrganisatorFachmagazin\" \/>\n<meta property=\"article:published_time\" content=\"2019-09-10T15:41:02+00:00\" \/>\n<meta property=\"article:modified_time\" content=\"2022-02-09T10:10:51+00:00\" \/>\n<meta property=\"og:image\" content=\"https:\/\/www.organisator.ch\/wp-content\/uploads\/2019\/09\/BLIDS-UP_Umwelt-Perspektiven.jpg\" \/>\n\t<meta property=\"og:image:width\" content=\"1731\" \/>\n\t<meta property=\"og:image:height\" content=\"1154\" \/>\n\t<meta property=\"og:image:type\" content=\"image\/jpeg\" \/>\n<meta name=\"author\" content=\"michael.merz\" \/>\n<meta name=\"twitter:card\" content=\"summary_large_image\" \/>\n<script type=\"application\/ld+json\" class=\"yoast-schema-graph\">{\"@context\":\"https:\\\/\\\/schema.org\",\"@graph\":[{\"@type\":\"Article\",\"@id\":\"https:\\\/\\\/www.organisator.ch\\\/sustainability\\\/2019-09-10\\\/sommer-in-der-schweiz-und-die-meisten-blitzeinschlaege-2019-blids\\\/#article\",\"isPartOf\":{\"@id\":\"https:\\\/\\\/www.organisator.ch\\\/sustainability\\\/2019-09-10\\\/sommer-in-der-schweiz-und-die-meisten-blitzeinschlaege-2019-blids\\\/\"},\"author\":{\"name\":\"michael.merz\",\"@id\":\"https:\\\/\\\/www.organisator.ch\\\/#\\\/schema\\\/person\\\/134708ca9321c57b0362cceb7948ffbd\"},\"headline\":\"Sommer in der Schweiz und die meisten Blitzeinschl\u00e4ge 2019 BLIDS\",\"datePublished\":\"2019-09-10T15:41:02+00:00\",\"dateModified\":\"2022-02-09T10:10:51+00:00\",\"mainEntityOfPage\":{\"@id\":\"https:\\\/\\\/www.organisator.ch\\\/sustainability\\\/2019-09-10\\\/sommer-in-der-schweiz-und-die-meisten-blitzeinschlaege-2019-blids\\\/\"},\"wordCount\":525,\"commentCount\":0,\"publisher\":{\"@id\":\"https:\\\/\\\/www.organisator.ch\\\/#organization\"},\"image\":{\"@id\":\"https:\\\/\\\/www.organisator.ch\\\/sustainability\\\/2019-09-10\\\/sommer-in-der-schweiz-und-die-meisten-blitzeinschlaege-2019-blids\\\/#primaryimage\"},\"thumbnailUrl\":\"https:\\\/\\\/www.organisator.ch\\\/wp-content\\\/uploads\\\/2019\\\/09\\\/BLIDS-UP_Umwelt-Perspektiven.jpg\",\"keywords\":[\"Blitz Dienst\",\"Schaden\",\"Schweiz\",\"Wetter\"],\"articleSection\":[\"SUSTAINABILITY\"],\"inLanguage\":\"en-US\"},{\"@type\":\"WebPage\",\"@id\":\"https:\\\/\\\/www.organisator.ch\\\/sustainability\\\/2019-09-10\\\/sommer-in-der-schweiz-und-die-meisten-blitzeinschlaege-2019-blids\\\/\",\"url\":\"https:\\\/\\\/www.organisator.ch\\\/sustainability\\\/2019-09-10\\\/sommer-in-der-schweiz-und-die-meisten-blitzeinschlaege-2019-blids\\\/\",\"name\":\"Sommer in der Schweiz und die meisten Blitzeinschl\u00e4ge 2019 BLIDS - Organisator\",\"isPartOf\":{\"@id\":\"https:\\\/\\\/www.organisator.ch\\\/#website\"},\"primaryImageOfPage\":{\"@id\":\"https:\\\/\\\/www.organisator.ch\\\/sustainability\\\/2019-09-10\\\/sommer-in-der-schweiz-und-die-meisten-blitzeinschlaege-2019-blids\\\/#primaryimage\"},\"image\":{\"@id\":\"https:\\\/\\\/www.organisator.ch\\\/sustainability\\\/2019-09-10\\\/sommer-in-der-schweiz-und-die-meisten-blitzeinschlaege-2019-blids\\\/#primaryimage\"},\"thumbnailUrl\":\"https:\\\/\\\/www.organisator.ch\\\/wp-content\\\/uploads\\\/2019\\\/09\\\/BLIDS-UP_Umwelt-Perspektiven.jpg\",\"datePublished\":\"2019-09-10T15:41:02+00:00\",\"dateModified\":\"2022-02-09T10:10:51+00:00\",\"description\":\"Vom 1. Juni bis Ende August 2019 hat der Blitz-Informationsdienst von Siemens (BLIDS) in der Schweiz 85 270 Blitzeinschl\u00e4ge (Sommer 2018: 53 430)\",\"breadcrumb\":{\"@id\":\"https:\\\/\\\/www.organisator.ch\\\/sustainability\\\/2019-09-10\\\/sommer-in-der-schweiz-und-die-meisten-blitzeinschlaege-2019-blids\\\/#breadcrumb\"},\"inLanguage\":\"en-US\",\"potentialAction\":[{\"@type\":\"ReadAction\",\"target\":[\"https:\\\/\\\/www.organisator.ch\\\/sustainability\\\/2019-09-10\\\/sommer-in-der-schweiz-und-die-meisten-blitzeinschlaege-2019-blids\\\/\"]}]},{\"@type\":\"ImageObject\",\"inLanguage\":\"en-US\",\"@id\":\"https:\\\/\\\/www.organisator.ch\\\/sustainability\\\/2019-09-10\\\/sommer-in-der-schweiz-und-die-meisten-blitzeinschlaege-2019-blids\\\/#primaryimage\",\"url\":\"https:\\\/\\\/www.organisator.ch\\\/wp-content\\\/uploads\\\/2019\\\/09\\\/BLIDS-UP_Umwelt-Perspektiven.jpg\",\"contentUrl\":\"https:\\\/\\\/www.organisator.ch\\\/wp-content\\\/uploads\\\/2019\\\/09\\\/BLIDS-UP_Umwelt-Perspektiven.jpg\",\"width\":1731,\"height\":1154,\"caption\":\"Vom 1. Juni bis Ende August 2019 hat der Blitz-Informationsdienst von Siemens (BLIDS) in der Schweiz 85 270 Blitzeinschl\u00e4ge (Sommer 2018: 53 430) registriert. Mit 16,21 Blitzen pro km2 lag die gr\u00f6sste Dichte in der Gemeinde Gravesano im Kanton Tessin. In der Deutschschweiz verzeichnete die im Kanton Bern gelegene Ortschaft Jaberg mit 11,23 Blitzen pro km2 den h\u00f6chsten Wert. (Symbolbild: Unsplash)\"},{\"@type\":\"BreadcrumbList\",\"@id\":\"https:\\\/\\\/www.organisator.ch\\\/sustainability\\\/2019-09-10\\\/sommer-in-der-schweiz-und-die-meisten-blitzeinschlaege-2019-blids\\\/#breadcrumb\",\"itemListElement\":[{\"@type\":\"ListItem\",\"position\":1,\"name\":\"Home\",\"item\":\"https:\\\/\\\/www.organisator.ch\\\/\"},{\"@type\":\"ListItem\",\"position\":2,\"name\":\"Sommer in der Schweiz und die meisten Blitzeinschl\u00e4ge 2019 BLIDS\"}]},{\"@type\":\"WebSite\",\"@id\":\"https:\\\/\\\/www.organisator.ch\\\/#website\",\"url\":\"https:\\\/\\\/www.organisator.ch\\\/\",\"name\":\"Organisator\",\"description\":\"Kompetent. Praxisnah. Der ORGANISATOR bereitet in 10 Ausgaben pro Jahr die wesentlichen Themen f\u00fcr F\u00fchrungskr\u00e4fte von KMU auf.\",\"publisher\":{\"@id\":\"https:\\\/\\\/www.organisator.ch\\\/#organization\"},\"potentialAction\":[{\"@type\":\"SearchAction\",\"target\":{\"@type\":\"EntryPoint\",\"urlTemplate\":\"https:\\\/\\\/www.organisator.ch\\\/?s={search_term_string}\"},\"query-input\":{\"@type\":\"PropertyValueSpecification\",\"valueRequired\":true,\"valueName\":\"search_term_string\"}}],\"inLanguage\":\"en-US\"},{\"@type\":\"Organization\",\"@id\":\"https:\\\/\\\/www.organisator.ch\\\/#organization\",\"name\":\"Organisator\",\"url\":\"https:\\\/\\\/www.organisator.ch\\\/\",\"logo\":{\"@type\":\"ImageObject\",\"inLanguage\":\"en-US\",\"@id\":\"https:\\\/\\\/www.organisator.ch\\\/#\\\/schema\\\/logo\\\/image\\\/\",\"url\":\"https:\\\/\\\/www.organisator.ch\\\/wp-content\\\/uploads\\\/2022\\\/01\\\/Logo_Organisator_Website.png\",\"contentUrl\":\"https:\\\/\\\/www.organisator.ch\\\/wp-content\\\/uploads\\\/2022\\\/01\\\/Logo_Organisator_Website.png\",\"width\":800,\"height\":77,\"caption\":\"Organisator\"},\"image\":{\"@id\":\"https:\\\/\\\/www.organisator.ch\\\/#\\\/schema\\\/logo\\\/image\\\/\"},\"sameAs\":[\"https:\\\/\\\/www.facebook.com\\\/OrganisatorFachmagazin\",\"https:\\\/\\\/www.linkedin.com\\\/showcase\\\/organisator-das-magazin-fr-kmu\",\"https:\\\/\\\/www.xing.com\\\/news\\\/pages\\\/organisator-ch-695\",\"https:\\\/\\\/www.youtube.com\\\/channel\\\/UCGP2Sq0iWaZwT3BdIAQFYpw\"]},{\"@type\":\"Person\",\"@id\":\"https:\\\/\\\/www.organisator.ch\\\/#\\\/schema\\\/person\\\/134708ca9321c57b0362cceb7948ffbd\",\"name\":\"michael.merz\",\"image\":{\"@type\":\"ImageObject\",\"inLanguage\":\"en-US\",\"@id\":\"https:\\\/\\\/secure.gravatar.com\\\/avatar\\\/?s=96&d=mm&r=g\",\"url\":\"https:\\\/\\\/secure.gravatar.com\\\/avatar\\\/?s=96&d=mm&r=g\",\"contentUrl\":\"https:\\\/\\\/secure.gravatar.com\\\/avatar\\\/?s=96&d=mm&r=g\",\"caption\":\"michael.merz\"},\"url\":\"https:\\\/\\\/www.organisator.ch\\\/en\\\/author\\\/michael-merz\\\/\"}]}<\/script>\n<!-- \/ Yoast SEO plugin. -->","yoast_head_json":{"title":"Summer in Switzerland and most lightning strikes 2019 BLIDS - organizer","description":"From June 1 to the end of August 2019, the Siemens lightning information service (BLIDS) recorded 85,270 lightning strikes in Switzerland (summer 2018: 53,430)","robots":{"index":"index","follow":"follow","max-snippet":"max-snippet:-1","max-image-preview":"max-image-preview:large","max-video-preview":"max-video-preview:-1"},"canonical":"https:\/\/www.organisator.ch\/en\/sustainability\/2019-09-10\/sommer-in-der-schweiz-und-die-meisten-blitzeinschlaege-2019-blids\/","og_locale":"en_US","og_type":"article","og_title":"Sommer in der Schweiz und die meisten Blitzeinschl\u00e4ge 2019 BLIDS - Organisator","og_description":"Vom 1. Juni bis Ende August 2019 hat der Blitz-Informationsdienst von Siemens (BLIDS) in der Schweiz 85 270 Blitzeinschl\u00e4ge (Sommer 2018: 53 430)","og_url":"https:\/\/www.organisator.ch\/en\/sustainability\/2019-09-10\/sommer-in-der-schweiz-und-die-meisten-blitzeinschlaege-2019-blids\/","og_site_name":"Organisator","article_publisher":"https:\/\/www.facebook.com\/OrganisatorFachmagazin","article_published_time":"2019-09-10T15:41:02+00:00","article_modified_time":"2022-02-09T10:10:51+00:00","og_image":[{"width":1731,"height":1154,"url":"https:\/\/www.organisator.ch\/wp-content\/uploads\/2019\/09\/BLIDS-UP_Umwelt-Perspektiven.jpg","type":"image\/jpeg"}],"author":"michael.merz","twitter_card":"summary_large_image","schema":{"@context":"https:\/\/schema.org","@graph":[{"@type":"Article","@id":"https:\/\/www.organisator.ch\/sustainability\/2019-09-10\/sommer-in-der-schweiz-und-die-meisten-blitzeinschlaege-2019-blids\/#article","isPartOf":{"@id":"https:\/\/www.organisator.ch\/sustainability\/2019-09-10\/sommer-in-der-schweiz-und-die-meisten-blitzeinschlaege-2019-blids\/"},"author":{"name":"michael.merz","@id":"https:\/\/www.organisator.ch\/#\/schema\/person\/134708ca9321c57b0362cceb7948ffbd"},"headline":"Sommer in der Schweiz und die meisten Blitzeinschl\u00e4ge 2019 BLIDS","datePublished":"2019-09-10T15:41:02+00:00","dateModified":"2022-02-09T10:10:51+00:00","mainEntityOfPage":{"@id":"https:\/\/www.organisator.ch\/sustainability\/2019-09-10\/sommer-in-der-schweiz-und-die-meisten-blitzeinschlaege-2019-blids\/"},"wordCount":525,"commentCount":0,"publisher":{"@id":"https:\/\/www.organisator.ch\/#organization"},"image":{"@id":"https:\/\/www.organisator.ch\/sustainability\/2019-09-10\/sommer-in-der-schweiz-und-die-meisten-blitzeinschlaege-2019-blids\/#primaryimage"},"thumbnailUrl":"https:\/\/www.organisator.ch\/wp-content\/uploads\/2019\/09\/BLIDS-UP_Umwelt-Perspektiven.jpg","keywords":["Blitz Dienst","Schaden","Schweiz","Wetter"],"articleSection":["SUSTAINABILITY"],"inLanguage":"en-US"},{"@type":"WebPage","@id":"https:\/\/www.organisator.ch\/sustainability\/2019-09-10\/sommer-in-der-schweiz-und-die-meisten-blitzeinschlaege-2019-blids\/","url":"https:\/\/www.organisator.ch\/sustainability\/2019-09-10\/sommer-in-der-schweiz-und-die-meisten-blitzeinschlaege-2019-blids\/","name":"Summer in Switzerland and most lightning strikes 2019 BLIDS - organizer","isPartOf":{"@id":"https:\/\/www.organisator.ch\/#website"},"primaryImageOfPage":{"@id":"https:\/\/www.organisator.ch\/sustainability\/2019-09-10\/sommer-in-der-schweiz-und-die-meisten-blitzeinschlaege-2019-blids\/#primaryimage"},"image":{"@id":"https:\/\/www.organisator.ch\/sustainability\/2019-09-10\/sommer-in-der-schweiz-und-die-meisten-blitzeinschlaege-2019-blids\/#primaryimage"},"thumbnailUrl":"https:\/\/www.organisator.ch\/wp-content\/uploads\/2019\/09\/BLIDS-UP_Umwelt-Perspektiven.jpg","datePublished":"2019-09-10T15:41:02+00:00","dateModified":"2022-02-09T10:10:51+00:00","description":"From June 1 to the end of August 2019, the Siemens lightning information service (BLIDS) recorded 85,270 lightning strikes in Switzerland (summer 2018: 53,430)","breadcrumb":{"@id":"https:\/\/www.organisator.ch\/sustainability\/2019-09-10\/sommer-in-der-schweiz-und-die-meisten-blitzeinschlaege-2019-blids\/#breadcrumb"},"inLanguage":"en-US","potentialAction":[{"@type":"ReadAction","target":["https:\/\/www.organisator.ch\/sustainability\/2019-09-10\/sommer-in-der-schweiz-und-die-meisten-blitzeinschlaege-2019-blids\/"]}]},{"@type":"ImageObject","inLanguage":"en-US","@id":"https:\/\/www.organisator.ch\/sustainability\/2019-09-10\/sommer-in-der-schweiz-und-die-meisten-blitzeinschlaege-2019-blids\/#primaryimage","url":"https:\/\/www.organisator.ch\/wp-content\/uploads\/2019\/09\/BLIDS-UP_Umwelt-Perspektiven.jpg","contentUrl":"https:\/\/www.organisator.ch\/wp-content\/uploads\/2019\/09\/BLIDS-UP_Umwelt-Perspektiven.jpg","width":1731,"height":1154,"caption":"Vom 1. Juni bis Ende August 2019 hat der Blitz-Informationsdienst von Siemens (BLIDS) in der Schweiz 85 270 Blitzeinschl\u00e4ge (Sommer 2018: 53 430) registriert. Mit 16,21 Blitzen pro km2 lag die gr\u00f6sste Dichte in der Gemeinde Gravesano im Kanton Tessin. In der Deutschschweiz verzeichnete die im Kanton Bern gelegene Ortschaft Jaberg mit 11,23 Blitzen pro km2 den h\u00f6chsten Wert. (Symbolbild: Unsplash)"},{"@type":"BreadcrumbList","@id":"https:\/\/www.organisator.ch\/sustainability\/2019-09-10\/sommer-in-der-schweiz-und-die-meisten-blitzeinschlaege-2019-blids\/#breadcrumb","itemListElement":[{"@type":"ListItem","position":1,"name":"Home","item":"https:\/\/www.organisator.ch\/"},{"@type":"ListItem","position":2,"name":"Sommer in der Schweiz und die meisten Blitzeinschl\u00e4ge 2019 BLIDS"}]},{"@type":"WebSite","@id":"https:\/\/www.organisator.ch\/#website","url":"https:\/\/www.organisator.ch\/","name":"Organizer","description":"Competent. Practical. In 10 issues per year, ORGANISATOR presents the essential topics for managers of SMEs.","publisher":{"@id":"https:\/\/www.organisator.ch\/#organization"},"potentialAction":[{"@type":"SearchAction","target":{"@type":"EntryPoint","urlTemplate":"https:\/\/www.organisator.ch\/?s={search_term_string}"},"query-input":{"@type":"PropertyValueSpecification","valueRequired":true,"valueName":"search_term_string"}}],"inLanguage":"en-US"},{"@type":"Organization","@id":"https:\/\/www.organisator.ch\/#organization","name":"Organizer","url":"https:\/\/www.organisator.ch\/","logo":{"@type":"ImageObject","inLanguage":"en-US","@id":"https:\/\/www.organisator.ch\/#\/schema\/logo\/image\/","url":"https:\/\/www.organisator.ch\/wp-content\/uploads\/2022\/01\/Logo_Organisator_Website.png","contentUrl":"https:\/\/www.organisator.ch\/wp-content\/uploads\/2022\/01\/Logo_Organisator_Website.png","width":800,"height":77,"caption":"Organisator"},"image":{"@id":"https:\/\/www.organisator.ch\/#\/schema\/logo\/image\/"},"sameAs":["https:\/\/www.facebook.com\/OrganisatorFachmagazin","https:\/\/www.linkedin.com\/showcase\/organisator-das-magazin-fr-kmu","https:\/\/www.xing.com\/news\/pages\/organisator-ch-695","https:\/\/www.youtube.com\/channel\/UCGP2Sq0iWaZwT3BdIAQFYpw"]},{"@type":"Person","@id":"https:\/\/www.organisator.ch\/#\/schema\/person\/134708ca9321c57b0362cceb7948ffbd","name":"michael.merz","image":{"@type":"ImageObject","inLanguage":"en-US","@id":"https:\/\/secure.gravatar.com\/avatar\/?s=96&d=mm&r=g","url":"https:\/\/secure.gravatar.com\/avatar\/?s=96&d=mm&r=g","contentUrl":"https:\/\/secure.gravatar.com\/avatar\/?s=96&d=mm&r=g","caption":"michael.merz"},"url":"https:\/\/www.organisator.ch\/en\/author\/michael-merz\/"}]}},"_links":{"self":[{"href":"https:\/\/www.organisator.ch\/en\/wp-json\/wp\/v2\/posts\/10116","targetHints":{"allow":["GET"]}}],"collection":[{"href":"https:\/\/www.organisator.ch\/en\/wp-json\/wp\/v2\/posts"}],"about":[{"href":"https:\/\/www.organisator.ch\/en\/wp-json\/wp\/v2\/types\/post"}],"author":[{"embeddable":true,"href":"https:\/\/www.organisator.ch\/en\/wp-json\/wp\/v2\/users\/5"}],"replies":[{"embeddable":true,"href":"https:\/\/www.organisator.ch\/en\/wp-json\/wp\/v2\/comments?post=10116"}],"version-history":[{"count":1,"href":"https:\/\/www.organisator.ch\/en\/wp-json\/wp\/v2\/posts\/10116\/revisions"}],"predecessor-version":[{"id":11010,"href":"https:\/\/www.organisator.ch\/en\/wp-json\/wp\/v2\/posts\/10116\/revisions\/11010"}],"wp:featuredmedia":[{"embeddable":true,"href":"https:\/\/www.organisator.ch\/en\/wp-json\/wp\/v2\/media\/9636"}],"wp:attachment":[{"href":"https:\/\/www.organisator.ch\/en\/wp-json\/wp\/v2\/media?parent=10116"}],"wp:term":[{"taxonomy":"category","embeddable":true,"href":"https:\/\/www.organisator.ch\/en\/wp-json\/wp\/v2\/categories?post=10116"},{"taxonomy":"post_tag","embeddable":true,"href":"https:\/\/www.organisator.ch\/en\/wp-json\/wp\/v2\/tags?post=10116"}],"curies":[{"name":"wp","href":"https:\/\/api.w.org\/{rel}","templated":true}]}}