{"id":10117,"date":"2019-09-09T12:00:00","date_gmt":"2019-09-09T10:00:00","guid":{"rendered":"https:\/\/www.umweltperspektiven.ch\/?p=2433"},"modified":"2022-02-09T11:10:04","modified_gmt":"2022-02-09T10:10:04","slug":"8-zermatt-summit-visionaere-und-macherinnen-machen-sich-auf-den-weg","status":"publish","type":"post","link":"https:\/\/www.organisator.ch\/en\/sustainability\/2019-09-09\/8-zermatt-summit-visionaere-und-macherinnen-machen-sich-auf-den-weg\/","title":{"rendered":"8th Zermatt Summit: Visionaries and doers hit the road"},"content":{"rendered":"<p><img loading=\"lazy\" decoding=\"async\" class=\"alignnone wp-image-2447 size-medium\" src=\"\/\/www.umweltperspektiven.ch\/wp-content\/uploads\/2019\/09\/Zermatt-Summit-Gunter-Pauli_UP-Umwelt-Perspektiven.jpg\" alt=\"\" width=\"680\" height=\"453\" \/><\/p>\n<p>More than 150 business and opinion leaders from Switzerland, Europe and overseas are expected at the high-profile business summit <a href=\"\/\/www.umweltperspektiven.ch\/mediadaten\/\">(see preview of the \"8th Zermatt Summit\" in the current print edition (UP_2019_09))<\/a>. One of the declared goals of the Zermatt Summit is: The classic economic model, which focuses on people, must be transformed - inspired by nature and taking into account the needs of all people.<\/p>\n<p>What is needed is a radical departure from the throwaway economy that has prevailed since industrialization. This concept has contributed significantly to the fact that humanity will soon have exhausted natural resources.  25 globally active entrepreneurs, such as Alis\u00e9e de Tonnac, who was recently nominated by Forbes Magazine as one of the leading \"Social Entrepreneur under 30\" or Giuseppe Lavazza, who was the first coffee market leader to launch 100 percent compostable and biodegradable coffee capsules in 2015, show in their keynotes and as panelists how they break with the traditional logic of mainstream business through innovation.<\/p>\n<p>The Blue Economy focuses on basic human needs -food, water, energy and health-while regenerating nature, creating jobs, building communities and eliminating waste. \"Nobody tells me that buying an organic apple from Chile here in Zermatt is sustainable. That's just not true. It's not and it never will be,\" explains Gunter Pauli (see clip below), himself a Blue Economy founder at the Zermatt Summit. In his view, the local economy stimulates a direct relationship between producers and consumers.<\/p>\n<p><strong>Radical departure from the throwaway economy<\/strong><\/p>\n<p>Using concrete examples from cutting-edge technology and modern entrepreneurship, the Zermatt Summit explains that this model does not make sense in our ever-changing climate. The projects developed at the conference not only promote a new circular economy, but create multi-income streams that decouple companies from existing core business models and turn them into more stakeholder-oriented organizations.<\/p>\n<p><strong>Platform for exchange and relationship building<\/strong><\/p>\n<p>Speakers who have something to say and congress participants who want to be inspired meet once a year at the Zermatt Summit. They use this unique platform to exchange ideas with \"changemakers\" from civil society, education, science and politics in order to bring more humanity into the process of globalization and to develop new models that serve people and the common good. The Business Summit stands for ethical business in an increasingly complex world.<\/p>\n<p><strong>Zermatt is the powerhouse for change<\/strong><\/p>\n<p>People need to come together to make change happen. When people meet on a personal level in an inspiring place like Zermatt, things happen that are not planned, cannot be planned. There is no online structure that can replace this experience. That's why the initiator and organizer of the Zermatt Summit Christopher Wasserman deliberately chose this venue. Zermatt is located away from the everyday hectic world. The journey to the Valais mountains requires commitment, which is what it takes if you want to make a difference. Wasserman says:<\/p>\n<p>\"We want to provide a place where people with a wide variety of life concepts can meet to be inspired, share innovations, network and create new business models together for a better world.\"<\/p>\n<p><a href=\"\/\/www.zermattsummit.org\">www.zermattsummit.org<\/a><\/p>\n<p>&nbsp;<\/p>\n<p>&nbsp;<\/p>\n<p><iframe loading=\"lazy\" title=\"Zermatt Summit 2019 - Interview Gunter Pauli by Urs Gredig : Why attend the Summit?\" width=\"768\" height=\"432\" src=\"https:\/\/www.youtube.com\/embed\/fpIpYoM6qCE?feature=oembed\" frameborder=\"0\" allow=\"accelerometer; autoplay; clipboard-write; encrypted-media; gyroscope; picture-in-picture\" allowfullscreen><\/iframe><\/p>\n<p>More than statements: speakers at the Zermatt Summit stand for action.<\/p>\n<p>- Urs Gredig interviews Gunter Pauli in the run-up to the environmental summit.<\/p>","protected":false},"excerpt":{"rendered":"<p>Am hochkar\u00e4tigen Wirtschaftsgipfel werden \u00fcber 150 Wirtschafts- und Meinungsf\u00fchrer aus der Schweiz, Europa und \u00dcbersee erwartet (siehe Vorschau zum &#8222;8. Zermatt Summit&#8220; in der aktuellen Druckausgabe (UP_2019_09)). Eines der erkl\u00e4rten Ziele des Zermatt Summit ist: Das klassische Wirtschaftsmodell, bei dem der Mensch im Mittelpunkt steht, muss transformiert werden \u2013 inspiriert von der Natur und unter [&hellip;]<\/p>\n","protected":false},"author":5,"featured_media":9637,"comment_status":"open","ping_status":"open","sticky":false,"template":"","format":"standard","meta":{"_acf_changed":false,"_yoast_wpseo_focuskw":"Zermatt Summit i","_yoast_wpseo_metadesc":"Vom 12. bis 14. September 2019 findet zum achten Mal der Zermatt Summit in Zermatt in der Schweiz statt. Vision\u00e4re und Macherinnen machen sich auf den Weg.","articlekey":"","footnotes":""},"categories":[580],"tags":[889,1207,358,2239,2597],"class_list":["post-10117","post","type-post","status-publish","format-standard","has-post-thumbnail","hentry","category-sustainability","tag-business-modelle","tag-food","tag-nachhaltige-wirtschaft","tag-summit","tag-zermatt"],"acf":[],"yoast_head":"<!-- This site is optimized with the Yoast SEO plugin v27.5 - https:\/\/yoast.com\/product\/yoast-seo-wordpress\/ -->\n<title>8. Zermatt Summit: Vision\u00e4re und Macherinnen machen sich auf den Weg - Organisator<\/title>\n<meta name=\"description\" content=\"Vom 12. bis 14. September 2019 findet zum achten Mal der Zermatt Summit in Zermatt in der Schweiz statt. Vision\u00e4re und Macherinnen machen sich auf den Weg.\" \/>\n<meta name=\"robots\" content=\"index, follow, max-snippet:-1, max-image-preview:large, max-video-preview:-1\" \/>\n<link rel=\"canonical\" href=\"https:\/\/www.organisator.ch\/en\/sustainability\/2019-09-09\/8-zermatt-summit-visionaere-und-macherinnen-machen-sich-auf-den-weg\/\" \/>\n<meta property=\"og:locale\" content=\"en_US\" \/>\n<meta property=\"og:type\" content=\"article\" \/>\n<meta property=\"og:title\" content=\"8. Zermatt Summit: Vision\u00e4re und Macherinnen machen sich auf den Weg - Organisator\" \/>\n<meta property=\"og:description\" content=\"Vom 12. bis 14. September 2019 findet zum achten Mal der Zermatt Summit in Zermatt in der Schweiz statt. Vision\u00e4re und Macherinnen machen sich auf den Weg.\" \/>\n<meta property=\"og:url\" content=\"https:\/\/www.organisator.ch\/en\/sustainability\/2019-09-09\/8-zermatt-summit-visionaere-und-macherinnen-machen-sich-auf-den-weg\/\" \/>\n<meta property=\"og:site_name\" content=\"Organisator\" \/>\n<meta property=\"article:publisher\" content=\"https:\/\/www.facebook.com\/OrganisatorFachmagazin\" \/>\n<meta property=\"article:published_time\" content=\"2019-09-09T10:00:00+00:00\" \/>\n<meta property=\"article:modified_time\" content=\"2022-02-09T10:10:04+00:00\" \/>\n<meta property=\"og:image\" content=\"https:\/\/www.organisator.ch\/wp-content\/uploads\/2019\/09\/Zermatt-Summit-Gunter-Pauli_UP-Umwelt-Perspektiven.jpg\" \/>\n\t<meta property=\"og:image:width\" content=\"1280\" \/>\n\t<meta property=\"og:image:height\" content=\"853\" \/>\n\t<meta property=\"og:image:type\" content=\"image\/jpeg\" \/>\n<meta name=\"author\" content=\"michael.merz\" \/>\n<meta name=\"twitter:card\" content=\"summary_large_image\" \/>\n<script type=\"application\/ld+json\" class=\"yoast-schema-graph\">{\"@context\":\"https:\\\/\\\/schema.org\",\"@graph\":[{\"@type\":\"Article\",\"@id\":\"https:\\\/\\\/www.organisator.ch\\\/sustainability\\\/2019-09-09\\\/8-zermatt-summit-visionaere-und-macherinnen-machen-sich-auf-den-weg\\\/#article\",\"isPartOf\":{\"@id\":\"https:\\\/\\\/www.organisator.ch\\\/sustainability\\\/2019-09-09\\\/8-zermatt-summit-visionaere-und-macherinnen-machen-sich-auf-den-weg\\\/\"},\"author\":{\"name\":\"michael.merz\",\"@id\":\"https:\\\/\\\/www.organisator.ch\\\/#\\\/schema\\\/person\\\/134708ca9321c57b0362cceb7948ffbd\"},\"headline\":\"8. Zermatt Summit: Vision\u00e4re und Macherinnen machen sich auf den Weg\",\"datePublished\":\"2019-09-09T10:00:00+00:00\",\"dateModified\":\"2022-02-09T10:10:04+00:00\",\"mainEntityOfPage\":{\"@id\":\"https:\\\/\\\/www.organisator.ch\\\/sustainability\\\/2019-09-09\\\/8-zermatt-summit-visionaere-und-macherinnen-machen-sich-auf-den-weg\\\/\"},\"wordCount\":568,\"commentCount\":0,\"publisher\":{\"@id\":\"https:\\\/\\\/www.organisator.ch\\\/#organization\"},\"image\":{\"@id\":\"https:\\\/\\\/www.organisator.ch\\\/sustainability\\\/2019-09-09\\\/8-zermatt-summit-visionaere-und-macherinnen-machen-sich-auf-den-weg\\\/#primaryimage\"},\"thumbnailUrl\":\"https:\\\/\\\/www.organisator.ch\\\/wp-content\\\/uploads\\\/2019\\\/09\\\/Zermatt-Summit-Gunter-Pauli_UP-Umwelt-Perspektiven.jpg\",\"keywords\":[\"Business Modelle\",\"Food\",\"Nachhaltige Wirtschaft\",\"Summit\",\"Zermatt\"],\"articleSection\":[\"SUSTAINABILITY\"],\"inLanguage\":\"en-US\"},{\"@type\":\"WebPage\",\"@id\":\"https:\\\/\\\/www.organisator.ch\\\/sustainability\\\/2019-09-09\\\/8-zermatt-summit-visionaere-und-macherinnen-machen-sich-auf-den-weg\\\/\",\"url\":\"https:\\\/\\\/www.organisator.ch\\\/sustainability\\\/2019-09-09\\\/8-zermatt-summit-visionaere-und-macherinnen-machen-sich-auf-den-weg\\\/\",\"name\":\"8. Zermatt Summit: Vision\u00e4re und Macherinnen machen sich auf den Weg - Organisator\",\"isPartOf\":{\"@id\":\"https:\\\/\\\/www.organisator.ch\\\/#website\"},\"primaryImageOfPage\":{\"@id\":\"https:\\\/\\\/www.organisator.ch\\\/sustainability\\\/2019-09-09\\\/8-zermatt-summit-visionaere-und-macherinnen-machen-sich-auf-den-weg\\\/#primaryimage\"},\"image\":{\"@id\":\"https:\\\/\\\/www.organisator.ch\\\/sustainability\\\/2019-09-09\\\/8-zermatt-summit-visionaere-und-macherinnen-machen-sich-auf-den-weg\\\/#primaryimage\"},\"thumbnailUrl\":\"https:\\\/\\\/www.organisator.ch\\\/wp-content\\\/uploads\\\/2019\\\/09\\\/Zermatt-Summit-Gunter-Pauli_UP-Umwelt-Perspektiven.jpg\",\"datePublished\":\"2019-09-09T10:00:00+00:00\",\"dateModified\":\"2022-02-09T10:10:04+00:00\",\"description\":\"Vom 12. bis 14. September 2019 findet zum achten Mal der Zermatt Summit in Zermatt in der Schweiz statt. Vision\u00e4re und Macherinnen machen sich auf den Weg.\",\"breadcrumb\":{\"@id\":\"https:\\\/\\\/www.organisator.ch\\\/sustainability\\\/2019-09-09\\\/8-zermatt-summit-visionaere-und-macherinnen-machen-sich-auf-den-weg\\\/#breadcrumb\"},\"inLanguage\":\"en-US\",\"potentialAction\":[{\"@type\":\"ReadAction\",\"target\":[\"https:\\\/\\\/www.organisator.ch\\\/sustainability\\\/2019-09-09\\\/8-zermatt-summit-visionaere-und-macherinnen-machen-sich-auf-den-weg\\\/\"]}]},{\"@type\":\"ImageObject\",\"inLanguage\":\"en-US\",\"@id\":\"https:\\\/\\\/www.organisator.ch\\\/sustainability\\\/2019-09-09\\\/8-zermatt-summit-visionaere-und-macherinnen-machen-sich-auf-den-weg\\\/#primaryimage\",\"url\":\"https:\\\/\\\/www.organisator.ch\\\/wp-content\\\/uploads\\\/2019\\\/09\\\/Zermatt-Summit-Gunter-Pauli_UP-Umwelt-Perspektiven.jpg\",\"contentUrl\":\"https:\\\/\\\/www.organisator.ch\\\/wp-content\\\/uploads\\\/2019\\\/09\\\/Zermatt-Summit-Gunter-Pauli_UP-Umwelt-Perspektiven.jpg\",\"width\":1280,\"height\":853,\"caption\":\"Mehr als neue Produkte braucht es Vision\u00e4re und Taten um die anstehenden Klimaprobleme zu l\u00f6sen. Namhafte Vision\u00e4re treffen sich am 8. Zermatt Summit diesen September. (Bild zVg)\"},{\"@type\":\"BreadcrumbList\",\"@id\":\"https:\\\/\\\/www.organisator.ch\\\/sustainability\\\/2019-09-09\\\/8-zermatt-summit-visionaere-und-macherinnen-machen-sich-auf-den-weg\\\/#breadcrumb\",\"itemListElement\":[{\"@type\":\"ListItem\",\"position\":1,\"name\":\"Home\",\"item\":\"https:\\\/\\\/www.organisator.ch\\\/\"},{\"@type\":\"ListItem\",\"position\":2,\"name\":\"8. Zermatt Summit: Vision\u00e4re und Macherinnen machen sich auf den Weg\"}]},{\"@type\":\"WebSite\",\"@id\":\"https:\\\/\\\/www.organisator.ch\\\/#website\",\"url\":\"https:\\\/\\\/www.organisator.ch\\\/\",\"name\":\"Organisator\",\"description\":\"Kompetent. Praxisnah. Der ORGANISATOR bereitet in 10 Ausgaben pro Jahr die wesentlichen Themen f\u00fcr F\u00fchrungskr\u00e4fte von KMU auf.\",\"publisher\":{\"@id\":\"https:\\\/\\\/www.organisator.ch\\\/#organization\"},\"potentialAction\":[{\"@type\":\"SearchAction\",\"target\":{\"@type\":\"EntryPoint\",\"urlTemplate\":\"https:\\\/\\\/www.organisator.ch\\\/?s={search_term_string}\"},\"query-input\":{\"@type\":\"PropertyValueSpecification\",\"valueRequired\":true,\"valueName\":\"search_term_string\"}}],\"inLanguage\":\"en-US\"},{\"@type\":\"Organization\",\"@id\":\"https:\\\/\\\/www.organisator.ch\\\/#organization\",\"name\":\"Organisator\",\"url\":\"https:\\\/\\\/www.organisator.ch\\\/\",\"logo\":{\"@type\":\"ImageObject\",\"inLanguage\":\"en-US\",\"@id\":\"https:\\\/\\\/www.organisator.ch\\\/#\\\/schema\\\/logo\\\/image\\\/\",\"url\":\"https:\\\/\\\/www.organisator.ch\\\/wp-content\\\/uploads\\\/2022\\\/01\\\/Logo_Organisator_Website.png\",\"contentUrl\":\"https:\\\/\\\/www.organisator.ch\\\/wp-content\\\/uploads\\\/2022\\\/01\\\/Logo_Organisator_Website.png\",\"width\":800,\"height\":77,\"caption\":\"Organisator\"},\"image\":{\"@id\":\"https:\\\/\\\/www.organisator.ch\\\/#\\\/schema\\\/logo\\\/image\\\/\"},\"sameAs\":[\"https:\\\/\\\/www.facebook.com\\\/OrganisatorFachmagazin\",\"https:\\\/\\\/www.linkedin.com\\\/showcase\\\/organisator-das-magazin-fr-kmu\",\"https:\\\/\\\/www.xing.com\\\/news\\\/pages\\\/organisator-ch-695\",\"https:\\\/\\\/www.youtube.com\\\/channel\\\/UCGP2Sq0iWaZwT3BdIAQFYpw\"]},{\"@type\":\"Person\",\"@id\":\"https:\\\/\\\/www.organisator.ch\\\/#\\\/schema\\\/person\\\/134708ca9321c57b0362cceb7948ffbd\",\"name\":\"michael.merz\",\"image\":{\"@type\":\"ImageObject\",\"inLanguage\":\"en-US\",\"@id\":\"https:\\\/\\\/secure.gravatar.com\\\/avatar\\\/?s=96&d=mm&r=g\",\"url\":\"https:\\\/\\\/secure.gravatar.com\\\/avatar\\\/?s=96&d=mm&r=g\",\"contentUrl\":\"https:\\\/\\\/secure.gravatar.com\\\/avatar\\\/?s=96&d=mm&r=g\",\"caption\":\"michael.merz\"},\"url\":\"https:\\\/\\\/www.organisator.ch\\\/en\\\/author\\\/michael-merz\\\/\"}]}<\/script>\n<!-- \/ Yoast SEO plugin. -->","yoast_head_json":{"title":"8th Zermatt Summit: Visionaries and doers hit the road - Organizer","description":"From September 12 to 14, 2019, the Zermatt Summit will take place for the eighth time in Zermatt, Switzerland. Visionaries and doers are hitting the road.","robots":{"index":"index","follow":"follow","max-snippet":"max-snippet:-1","max-image-preview":"max-image-preview:large","max-video-preview":"max-video-preview:-1"},"canonical":"https:\/\/www.organisator.ch\/en\/sustainability\/2019-09-09\/8-zermatt-summit-visionaere-und-macherinnen-machen-sich-auf-den-weg\/","og_locale":"en_US","og_type":"article","og_title":"8. Zermatt Summit: Vision\u00e4re und Macherinnen machen sich auf den Weg - Organisator","og_description":"Vom 12. bis 14. September 2019 findet zum achten Mal der Zermatt Summit in Zermatt in der Schweiz statt. Vision\u00e4re und Macherinnen machen sich auf den Weg.","og_url":"https:\/\/www.organisator.ch\/en\/sustainability\/2019-09-09\/8-zermatt-summit-visionaere-und-macherinnen-machen-sich-auf-den-weg\/","og_site_name":"Organisator","article_publisher":"https:\/\/www.facebook.com\/OrganisatorFachmagazin","article_published_time":"2019-09-09T10:00:00+00:00","article_modified_time":"2022-02-09T10:10:04+00:00","og_image":[{"width":1280,"height":853,"url":"https:\/\/www.organisator.ch\/wp-content\/uploads\/2019\/09\/Zermatt-Summit-Gunter-Pauli_UP-Umwelt-Perspektiven.jpg","type":"image\/jpeg"}],"author":"michael.merz","twitter_card":"summary_large_image","schema":{"@context":"https:\/\/schema.org","@graph":[{"@type":"Article","@id":"https:\/\/www.organisator.ch\/sustainability\/2019-09-09\/8-zermatt-summit-visionaere-und-macherinnen-machen-sich-auf-den-weg\/#article","isPartOf":{"@id":"https:\/\/www.organisator.ch\/sustainability\/2019-09-09\/8-zermatt-summit-visionaere-und-macherinnen-machen-sich-auf-den-weg\/"},"author":{"name":"michael.merz","@id":"https:\/\/www.organisator.ch\/#\/schema\/person\/134708ca9321c57b0362cceb7948ffbd"},"headline":"8. Zermatt Summit: Vision\u00e4re und Macherinnen machen sich auf den Weg","datePublished":"2019-09-09T10:00:00+00:00","dateModified":"2022-02-09T10:10:04+00:00","mainEntityOfPage":{"@id":"https:\/\/www.organisator.ch\/sustainability\/2019-09-09\/8-zermatt-summit-visionaere-und-macherinnen-machen-sich-auf-den-weg\/"},"wordCount":568,"commentCount":0,"publisher":{"@id":"https:\/\/www.organisator.ch\/#organization"},"image":{"@id":"https:\/\/www.organisator.ch\/sustainability\/2019-09-09\/8-zermatt-summit-visionaere-und-macherinnen-machen-sich-auf-den-weg\/#primaryimage"},"thumbnailUrl":"https:\/\/www.organisator.ch\/wp-content\/uploads\/2019\/09\/Zermatt-Summit-Gunter-Pauli_UP-Umwelt-Perspektiven.jpg","keywords":["Business Modelle","Food","Nachhaltige Wirtschaft","Summit","Zermatt"],"articleSection":["SUSTAINABILITY"],"inLanguage":"en-US"},{"@type":"WebPage","@id":"https:\/\/www.organisator.ch\/sustainability\/2019-09-09\/8-zermatt-summit-visionaere-und-macherinnen-machen-sich-auf-den-weg\/","url":"https:\/\/www.organisator.ch\/sustainability\/2019-09-09\/8-zermatt-summit-visionaere-und-macherinnen-machen-sich-auf-den-weg\/","name":"8th Zermatt Summit: Visionaries and doers hit the road - Organizer","isPartOf":{"@id":"https:\/\/www.organisator.ch\/#website"},"primaryImageOfPage":{"@id":"https:\/\/www.organisator.ch\/sustainability\/2019-09-09\/8-zermatt-summit-visionaere-und-macherinnen-machen-sich-auf-den-weg\/#primaryimage"},"image":{"@id":"https:\/\/www.organisator.ch\/sustainability\/2019-09-09\/8-zermatt-summit-visionaere-und-macherinnen-machen-sich-auf-den-weg\/#primaryimage"},"thumbnailUrl":"https:\/\/www.organisator.ch\/wp-content\/uploads\/2019\/09\/Zermatt-Summit-Gunter-Pauli_UP-Umwelt-Perspektiven.jpg","datePublished":"2019-09-09T10:00:00+00:00","dateModified":"2022-02-09T10:10:04+00:00","description":"From September 12 to 14, 2019, the Zermatt Summit will take place for the eighth time in Zermatt, Switzerland. Visionaries and doers are hitting the road.","breadcrumb":{"@id":"https:\/\/www.organisator.ch\/sustainability\/2019-09-09\/8-zermatt-summit-visionaere-und-macherinnen-machen-sich-auf-den-weg\/#breadcrumb"},"inLanguage":"en-US","potentialAction":[{"@type":"ReadAction","target":["https:\/\/www.organisator.ch\/sustainability\/2019-09-09\/8-zermatt-summit-visionaere-und-macherinnen-machen-sich-auf-den-weg\/"]}]},{"@type":"ImageObject","inLanguage":"en-US","@id":"https:\/\/www.organisator.ch\/sustainability\/2019-09-09\/8-zermatt-summit-visionaere-und-macherinnen-machen-sich-auf-den-weg\/#primaryimage","url":"https:\/\/www.organisator.ch\/wp-content\/uploads\/2019\/09\/Zermatt-Summit-Gunter-Pauli_UP-Umwelt-Perspektiven.jpg","contentUrl":"https:\/\/www.organisator.ch\/wp-content\/uploads\/2019\/09\/Zermatt-Summit-Gunter-Pauli_UP-Umwelt-Perspektiven.jpg","width":1280,"height":853,"caption":"Mehr als neue Produkte braucht es Vision\u00e4re und Taten um die anstehenden Klimaprobleme zu l\u00f6sen. Namhafte Vision\u00e4re treffen sich am 8. Zermatt Summit diesen September. (Bild zVg)"},{"@type":"BreadcrumbList","@id":"https:\/\/www.organisator.ch\/sustainability\/2019-09-09\/8-zermatt-summit-visionaere-und-macherinnen-machen-sich-auf-den-weg\/#breadcrumb","itemListElement":[{"@type":"ListItem","position":1,"name":"Home","item":"https:\/\/www.organisator.ch\/"},{"@type":"ListItem","position":2,"name":"8. Zermatt Summit: Vision\u00e4re und Macherinnen machen sich auf den Weg"}]},{"@type":"WebSite","@id":"https:\/\/www.organisator.ch\/#website","url":"https:\/\/www.organisator.ch\/","name":"Organizer","description":"Competent. Practical. In 10 issues per year, ORGANISATOR presents the essential topics for managers of SMEs.","publisher":{"@id":"https:\/\/www.organisator.ch\/#organization"},"potentialAction":[{"@type":"SearchAction","target":{"@type":"EntryPoint","urlTemplate":"https:\/\/www.organisator.ch\/?s={search_term_string}"},"query-input":{"@type":"PropertyValueSpecification","valueRequired":true,"valueName":"search_term_string"}}],"inLanguage":"en-US"},{"@type":"Organization","@id":"https:\/\/www.organisator.ch\/#organization","name":"Organizer","url":"https:\/\/www.organisator.ch\/","logo":{"@type":"ImageObject","inLanguage":"en-US","@id":"https:\/\/www.organisator.ch\/#\/schema\/logo\/image\/","url":"https:\/\/www.organisator.ch\/wp-content\/uploads\/2022\/01\/Logo_Organisator_Website.png","contentUrl":"https:\/\/www.organisator.ch\/wp-content\/uploads\/2022\/01\/Logo_Organisator_Website.png","width":800,"height":77,"caption":"Organisator"},"image":{"@id":"https:\/\/www.organisator.ch\/#\/schema\/logo\/image\/"},"sameAs":["https:\/\/www.facebook.com\/OrganisatorFachmagazin","https:\/\/www.linkedin.com\/showcase\/organisator-das-magazin-fr-kmu","https:\/\/www.xing.com\/news\/pages\/organisator-ch-695","https:\/\/www.youtube.com\/channel\/UCGP2Sq0iWaZwT3BdIAQFYpw"]},{"@type":"Person","@id":"https:\/\/www.organisator.ch\/#\/schema\/person\/134708ca9321c57b0362cceb7948ffbd","name":"michael.merz","image":{"@type":"ImageObject","inLanguage":"en-US","@id":"https:\/\/secure.gravatar.com\/avatar\/?s=96&d=mm&r=g","url":"https:\/\/secure.gravatar.com\/avatar\/?s=96&d=mm&r=g","contentUrl":"https:\/\/secure.gravatar.com\/avatar\/?s=96&d=mm&r=g","caption":"michael.merz"},"url":"https:\/\/www.organisator.ch\/en\/author\/michael-merz\/"}]}},"_links":{"self":[{"href":"https:\/\/www.organisator.ch\/en\/wp-json\/wp\/v2\/posts\/10117","targetHints":{"allow":["GET"]}}],"collection":[{"href":"https:\/\/www.organisator.ch\/en\/wp-json\/wp\/v2\/posts"}],"about":[{"href":"https:\/\/www.organisator.ch\/en\/wp-json\/wp\/v2\/types\/post"}],"author":[{"embeddable":true,"href":"https:\/\/www.organisator.ch\/en\/wp-json\/wp\/v2\/users\/5"}],"replies":[{"embeddable":true,"href":"https:\/\/www.organisator.ch\/en\/wp-json\/wp\/v2\/comments?post=10117"}],"version-history":[{"count":1,"href":"https:\/\/www.organisator.ch\/en\/wp-json\/wp\/v2\/posts\/10117\/revisions"}],"predecessor-version":[{"id":10881,"href":"https:\/\/www.organisator.ch\/en\/wp-json\/wp\/v2\/posts\/10117\/revisions\/10881"}],"wp:featuredmedia":[{"embeddable":true,"href":"https:\/\/www.organisator.ch\/en\/wp-json\/wp\/v2\/media\/9637"}],"wp:attachment":[{"href":"https:\/\/www.organisator.ch\/en\/wp-json\/wp\/v2\/media?parent=10117"}],"wp:term":[{"taxonomy":"category","embeddable":true,"href":"https:\/\/www.organisator.ch\/en\/wp-json\/wp\/v2\/categories?post=10117"},{"taxonomy":"post_tag","embeddable":true,"href":"https:\/\/www.organisator.ch\/en\/wp-json\/wp\/v2\/tags?post=10117"}],"curies":[{"name":"wp","href":"https:\/\/api.w.org\/{rel}","templated":true}]}}