{"id":10126,"date":"2019-11-05T13:33:55","date_gmt":"2019-11-05T12:33:55","guid":{"rendered":"https:\/\/www.umweltperspektiven.ch\/?p=2571"},"modified":"2022-02-09T11:10:02","modified_gmt":"2022-02-09T10:10:02","slug":"design-preis-schweiz-winner-energy-efficiency-prize-ist-piech-mark-zero","status":"publish","type":"post","link":"https:\/\/www.organisator.ch\/en\/sustainability\/2019-11-05\/design-preis-schweiz-winner-energy-efficiency-prize-ist-piech-mark-zero\/","title":{"rendered":"Design Preis Schweiz: \"Winner Energy Efficiency Prize is Pi\u00ebch Mark Zero\"."},"content":{"rendered":"<figure id=\"attachment_2572\" aria-describedby=\"caption-attachment-2572\" style=\"width: 680px\" class=\"wp-caption alignnone\"><img loading=\"lazy\" decoding=\"async\" class=\"size-medium wp-image-2572\" src=\"\/\/www.umweltperspektiven.ch\/wp-content\/uploads\/2019\/11\/Prix-Design-Suisse-Award-UP-Umwelt-Perspektiven.jpg\" alt=\"\" width=\"680\" height=\"453\" \/><figcaption id=\"caption-attachment-2572\" class=\"wp-caption-text\">On November 1, 2019, the 15th award ceremony of the prestigious Design Preis Schweiz took place in Langenthal's Markthalle. (Image: zVg)<\/figcaption><\/figure>\n<p>The 15th award ceremony of the prestigious Design Preis Schweiz has featured renowned design contenders and labels from Switzerland. In the \"Energy Efficiency\" category, the winner is Pi\u00ebch Automotiv Group, a German-Swiss automotive company. Whose first vehicle, the Pi\u00ebch Mark Zero, was recognized by the jury for its revolutionary new battery cells.  The cells can be charged to 80 percent in just 5 minutes, and despite enormously high charging and discharging currents, it undergoes only \"minor\" thermal changes.<\/p>\n<p>The technology justifies the hope that the new technical developments stimulated by the Pi\u00ebch Mark Zero will have a broad impact in the foreseeable future. Surprising development approaches lead to innovative solutions in two further categories.<\/p>\n<p>With \"Limbic Chair\", a seating instrument by Dr. med. Patrik K\u00fcnzler was awarded in the category \"Furniture Design\", which convinced the jury because of its novel approach. The starting point for the development of this furniture was desirable mental or physical states - such as weightlessness, concentration or relaxation. For the first time, neural and emotional aspects of sitting were included in the investigation. The result is a basic technology for analog and networked furniture that enables healthy sitting.<\/p>\n<p><strong>Communication system for independent living people with limitations\u00a0<\/strong><\/p>\n<p>And finally, the winner in the \"Product - Consumer Goods\" category is \"CARU Smart Sensor,\" an intelligent communication system for people living independently with age-related and\/or health-related limitations. Put simply, it is a cross between a baby monitor, a voice-controlled telephone and an emergency call button. The device cleverly uses the possibilities of today's technology to meet the needs of its users without attracting attention or invading their privacy. In short, the award was given to solutions that not only create added value, but also solve problems in a comprehensive and practical way.<\/p>\n<p>All the award-winning works are also a manifesto for the fact that design is a key economic discipline and, as a driver of innovation, plays a central role in successfully managing the ongoing transformation in all areas of life.<\/p>\n<p><em>All information about the winners of the 2019\/20 edition can be found at.<\/em><br \/>\n<a href=\"\/\/www.designpreis.ch\">www.designpreis.ch<\/a><\/p>","protected":false},"excerpt":{"rendered":"<p>Die 15. Preisverleihung des prestigetr\u00e4chtigen Design Preis Schweiz hat renommierte Design Anw\u00e4rter und Labels aus der Schweiz gezeigt.\u00a0In der Kategorie \u00abEnergy Efficiency\u00bb gewinnt mit der Pi\u00ebch Automotiv Group ein deutsch-schweizerisches Automobil-Unternehmen. Dessen erstes Fahrzeug, der Pi\u00ebch Mark Zero, die Jury wegen den revolution\u00e4ren neuen Batteriezellen w\u00fcrdigte.\u00a0 Die Zellen lassen\u00a0 sich innerhalb von nur 5 Minuten [&hellip;]<\/p>\n","protected":false},"author":5,"featured_media":9649,"comment_status":"closed","ping_status":"closed","sticky":false,"template":"","format":"standard","meta":{"_acf_changed":false,"_yoast_wpseo_focuskw":"Design Preis Schweiz","_yoast_wpseo_metadesc":"Der Design Preis Schweiz hat zur Aufgabe, die nominierten als Innovations- und Differenzierungsmerkmale der Schweizer Wirtschaft aktiv zu vermitteln.","articlekey":"","footnotes":""},"categories":[580],"tags":[65,973,354,1787,424],"class_list":["post-10126","post","type-post","status-publish","format-standard","has-post-thumbnail","hentry","category-sustainability","tag-award","tag-design","tag-mobilitaet","tag-nachhaltigkeit","tag-schweiz"],"acf":[],"yoast_head":"<!-- This site is optimized with the Yoast SEO plugin v27.4 - https:\/\/yoast.com\/product\/yoast-seo-wordpress\/ -->\n<title>Design Preis Schweiz: &quot;Winner Energy Efficiency Prize ist Pi\u00ebch Mark Zero&quot; - Organisator<\/title>\n<meta name=\"description\" content=\"Der Design Preis Schweiz hat zur Aufgabe, die nominierten als Innovations- und Differenzierungsmerkmale der Schweizer Wirtschaft aktiv zu vermitteln.\" \/>\n<meta name=\"robots\" content=\"index, follow, max-snippet:-1, max-image-preview:large, max-video-preview:-1\" \/>\n<link rel=\"canonical\" href=\"https:\/\/www.organisator.ch\/en\/sustainability\/2019-11-05\/design-preis-schweiz-winner-energy-efficiency-prize-ist-piech-mark-zero\/\" \/>\n<meta property=\"og:locale\" content=\"en_US\" \/>\n<meta property=\"og:type\" content=\"article\" \/>\n<meta property=\"og:title\" content=\"Design Preis Schweiz: &quot;Winner Energy Efficiency Prize ist Pi\u00ebch Mark Zero&quot; - Organisator\" \/>\n<meta property=\"og:description\" content=\"Der Design Preis Schweiz hat zur Aufgabe, die nominierten als Innovations- und Differenzierungsmerkmale der Schweizer Wirtschaft aktiv zu vermitteln.\" \/>\n<meta property=\"og:url\" content=\"https:\/\/www.organisator.ch\/en\/sustainability\/2019-11-05\/design-preis-schweiz-winner-energy-efficiency-prize-ist-piech-mark-zero\/\" \/>\n<meta property=\"og:site_name\" content=\"Organisator\" \/>\n<meta property=\"article:publisher\" content=\"https:\/\/www.facebook.com\/OrganisatorFachmagazin\" \/>\n<meta property=\"article:published_time\" content=\"2019-11-05T12:33:55+00:00\" \/>\n<meta property=\"article:modified_time\" content=\"2022-02-09T10:10:02+00:00\" \/>\n<meta property=\"og:image\" content=\"https:\/\/www.organisator.ch\/wp-content\/uploads\/2019\/11\/Prix-Design-Suisse-Award-UP-Umwelt-Perspektiven-scaled.jpg\" \/>\n\t<meta property=\"og:image:width\" content=\"2560\" \/>\n\t<meta property=\"og:image:height\" content=\"1707\" \/>\n\t<meta property=\"og:image:type\" content=\"image\/jpeg\" \/>\n<meta name=\"author\" content=\"michael.merz\" \/>\n<meta name=\"twitter:card\" content=\"summary_large_image\" \/>\n<script type=\"application\/ld+json\" class=\"yoast-schema-graph\">{\"@context\":\"https:\\\/\\\/schema.org\",\"@graph\":[{\"@type\":\"Article\",\"@id\":\"https:\\\/\\\/www.organisator.ch\\\/sustainability\\\/2019-11-05\\\/design-preis-schweiz-winner-energy-efficiency-prize-ist-piech-mark-zero\\\/#article\",\"isPartOf\":{\"@id\":\"https:\\\/\\\/www.organisator.ch\\\/sustainability\\\/2019-11-05\\\/design-preis-schweiz-winner-energy-efficiency-prize-ist-piech-mark-zero\\\/\"},\"author\":{\"name\":\"michael.merz\",\"@id\":\"https:\\\/\\\/www.organisator.ch\\\/#\\\/schema\\\/person\\\/134708ca9321c57b0362cceb7948ffbd\"},\"headline\":\"Design Preis Schweiz: &#8222;Winner Energy Efficiency Prize ist Pi\u00ebch Mark Zero&#8220;\",\"datePublished\":\"2019-11-05T12:33:55+00:00\",\"dateModified\":\"2022-02-09T10:10:02+00:00\",\"mainEntityOfPage\":{\"@id\":\"https:\\\/\\\/www.organisator.ch\\\/sustainability\\\/2019-11-05\\\/design-preis-schweiz-winner-energy-efficiency-prize-ist-piech-mark-zero\\\/\"},\"wordCount\":383,\"publisher\":{\"@id\":\"https:\\\/\\\/www.organisator.ch\\\/#organization\"},\"image\":{\"@id\":\"https:\\\/\\\/www.organisator.ch\\\/sustainability\\\/2019-11-05\\\/design-preis-schweiz-winner-energy-efficiency-prize-ist-piech-mark-zero\\\/#primaryimage\"},\"thumbnailUrl\":\"https:\\\/\\\/www.organisator.ch\\\/wp-content\\\/uploads\\\/2019\\\/11\\\/Prix-Design-Suisse-Award-UP-Umwelt-Perspektiven-scaled.jpg\",\"keywords\":[\"Award\",\"Design\",\"Mobilit\u00e4t\",\"Nachhaltigkeit\",\"Schweiz\"],\"articleSection\":[\"SUSTAINABILITY\"],\"inLanguage\":\"en-US\"},{\"@type\":\"WebPage\",\"@id\":\"https:\\\/\\\/www.organisator.ch\\\/sustainability\\\/2019-11-05\\\/design-preis-schweiz-winner-energy-efficiency-prize-ist-piech-mark-zero\\\/\",\"url\":\"https:\\\/\\\/www.organisator.ch\\\/sustainability\\\/2019-11-05\\\/design-preis-schweiz-winner-energy-efficiency-prize-ist-piech-mark-zero\\\/\",\"name\":\"Design Preis Schweiz: \\\"Winner Energy Efficiency Prize ist Pi\u00ebch Mark Zero\\\" - Organisator\",\"isPartOf\":{\"@id\":\"https:\\\/\\\/www.organisator.ch\\\/#website\"},\"primaryImageOfPage\":{\"@id\":\"https:\\\/\\\/www.organisator.ch\\\/sustainability\\\/2019-11-05\\\/design-preis-schweiz-winner-energy-efficiency-prize-ist-piech-mark-zero\\\/#primaryimage\"},\"image\":{\"@id\":\"https:\\\/\\\/www.organisator.ch\\\/sustainability\\\/2019-11-05\\\/design-preis-schweiz-winner-energy-efficiency-prize-ist-piech-mark-zero\\\/#primaryimage\"},\"thumbnailUrl\":\"https:\\\/\\\/www.organisator.ch\\\/wp-content\\\/uploads\\\/2019\\\/11\\\/Prix-Design-Suisse-Award-UP-Umwelt-Perspektiven-scaled.jpg\",\"datePublished\":\"2019-11-05T12:33:55+00:00\",\"dateModified\":\"2022-02-09T10:10:02+00:00\",\"description\":\"Der Design Preis Schweiz hat zur Aufgabe, die nominierten als Innovations- und Differenzierungsmerkmale der Schweizer Wirtschaft aktiv zu vermitteln.\",\"breadcrumb\":{\"@id\":\"https:\\\/\\\/www.organisator.ch\\\/sustainability\\\/2019-11-05\\\/design-preis-schweiz-winner-energy-efficiency-prize-ist-piech-mark-zero\\\/#breadcrumb\"},\"inLanguage\":\"en-US\",\"potentialAction\":[{\"@type\":\"ReadAction\",\"target\":[\"https:\\\/\\\/www.organisator.ch\\\/sustainability\\\/2019-11-05\\\/design-preis-schweiz-winner-energy-efficiency-prize-ist-piech-mark-zero\\\/\"]}]},{\"@type\":\"ImageObject\",\"inLanguage\":\"en-US\",\"@id\":\"https:\\\/\\\/www.organisator.ch\\\/sustainability\\\/2019-11-05\\\/design-preis-schweiz-winner-energy-efficiency-prize-ist-piech-mark-zero\\\/#primaryimage\",\"url\":\"https:\\\/\\\/www.organisator.ch\\\/wp-content\\\/uploads\\\/2019\\\/11\\\/Prix-Design-Suisse-Award-UP-Umwelt-Perspektiven-scaled.jpg\",\"contentUrl\":\"https:\\\/\\\/www.organisator.ch\\\/wp-content\\\/uploads\\\/2019\\\/11\\\/Prix-Design-Suisse-Award-UP-Umwelt-Perspektiven-scaled.jpg\",\"width\":2560,\"height\":1707,\"caption\":\"1. November 2019 fand in der Langenthaler Markthalle die 15. Preisverleihung des prestigetr\u00e4chtigen Design Preis Schweiz statt. (Bild: zVg)\"},{\"@type\":\"BreadcrumbList\",\"@id\":\"https:\\\/\\\/www.organisator.ch\\\/sustainability\\\/2019-11-05\\\/design-preis-schweiz-winner-energy-efficiency-prize-ist-piech-mark-zero\\\/#breadcrumb\",\"itemListElement\":[{\"@type\":\"ListItem\",\"position\":1,\"name\":\"Home\",\"item\":\"https:\\\/\\\/www.organisator.ch\\\/\"},{\"@type\":\"ListItem\",\"position\":2,\"name\":\"Design Preis Schweiz: &#8222;Winner Energy Efficiency Prize ist Pi\u00ebch Mark Zero&#8220;\"}]},{\"@type\":\"WebSite\",\"@id\":\"https:\\\/\\\/www.organisator.ch\\\/#website\",\"url\":\"https:\\\/\\\/www.organisator.ch\\\/\",\"name\":\"Organisator\",\"description\":\"Kompetent. Praxisnah. Der ORGANISATOR bereitet in 10 Ausgaben pro Jahr die wesentlichen Themen f\u00fcr F\u00fchrungskr\u00e4fte von KMU auf.\",\"publisher\":{\"@id\":\"https:\\\/\\\/www.organisator.ch\\\/#organization\"},\"potentialAction\":[{\"@type\":\"SearchAction\",\"target\":{\"@type\":\"EntryPoint\",\"urlTemplate\":\"https:\\\/\\\/www.organisator.ch\\\/?s={search_term_string}\"},\"query-input\":{\"@type\":\"PropertyValueSpecification\",\"valueRequired\":true,\"valueName\":\"search_term_string\"}}],\"inLanguage\":\"en-US\"},{\"@type\":\"Organization\",\"@id\":\"https:\\\/\\\/www.organisator.ch\\\/#organization\",\"name\":\"Organisator\",\"url\":\"https:\\\/\\\/www.organisator.ch\\\/\",\"logo\":{\"@type\":\"ImageObject\",\"inLanguage\":\"en-US\",\"@id\":\"https:\\\/\\\/www.organisator.ch\\\/#\\\/schema\\\/logo\\\/image\\\/\",\"url\":\"https:\\\/\\\/www.organisator.ch\\\/wp-content\\\/uploads\\\/2022\\\/01\\\/Logo_Organisator_Website.png\",\"contentUrl\":\"https:\\\/\\\/www.organisator.ch\\\/wp-content\\\/uploads\\\/2022\\\/01\\\/Logo_Organisator_Website.png\",\"width\":800,\"height\":77,\"caption\":\"Organisator\"},\"image\":{\"@id\":\"https:\\\/\\\/www.organisator.ch\\\/#\\\/schema\\\/logo\\\/image\\\/\"},\"sameAs\":[\"https:\\\/\\\/www.facebook.com\\\/OrganisatorFachmagazin\",\"https:\\\/\\\/www.linkedin.com\\\/showcase\\\/organisator-das-magazin-fr-kmu\",\"https:\\\/\\\/www.xing.com\\\/news\\\/pages\\\/organisator-ch-695\",\"https:\\\/\\\/www.youtube.com\\\/channel\\\/UCGP2Sq0iWaZwT3BdIAQFYpw\"]},{\"@type\":\"Person\",\"@id\":\"https:\\\/\\\/www.organisator.ch\\\/#\\\/schema\\\/person\\\/134708ca9321c57b0362cceb7948ffbd\",\"name\":\"michael.merz\",\"image\":{\"@type\":\"ImageObject\",\"inLanguage\":\"en-US\",\"@id\":\"https:\\\/\\\/secure.gravatar.com\\\/avatar\\\/?s=96&d=mm&r=g\",\"url\":\"https:\\\/\\\/secure.gravatar.com\\\/avatar\\\/?s=96&d=mm&r=g\",\"contentUrl\":\"https:\\\/\\\/secure.gravatar.com\\\/avatar\\\/?s=96&d=mm&r=g\",\"caption\":\"michael.merz\"},\"url\":\"https:\\\/\\\/www.organisator.ch\\\/en\\\/author\\\/michael-merz\\\/\"}]}<\/script>\n<!-- \/ Yoast SEO plugin. -->","yoast_head_json":{"title":"Design Preis Schweiz: \"Winner Energy Efficiency Prize is Pi\u00ebch Mark Zero\" - organizer","description":"The Design Preis Schweiz has the task of actively communicating the nominated as innovation and differentiation features of the Swiss economy.","robots":{"index":"index","follow":"follow","max-snippet":"max-snippet:-1","max-image-preview":"max-image-preview:large","max-video-preview":"max-video-preview:-1"},"canonical":"https:\/\/www.organisator.ch\/en\/sustainability\/2019-11-05\/design-preis-schweiz-winner-energy-efficiency-prize-ist-piech-mark-zero\/","og_locale":"en_US","og_type":"article","og_title":"Design Preis Schweiz: \"Winner Energy Efficiency Prize ist Pi\u00ebch Mark Zero\" - Organisator","og_description":"Der Design Preis Schweiz hat zur Aufgabe, die nominierten als Innovations- und Differenzierungsmerkmale der Schweizer Wirtschaft aktiv zu vermitteln.","og_url":"https:\/\/www.organisator.ch\/en\/sustainability\/2019-11-05\/design-preis-schweiz-winner-energy-efficiency-prize-ist-piech-mark-zero\/","og_site_name":"Organisator","article_publisher":"https:\/\/www.facebook.com\/OrganisatorFachmagazin","article_published_time":"2019-11-05T12:33:55+00:00","article_modified_time":"2022-02-09T10:10:02+00:00","og_image":[{"width":2560,"height":1707,"url":"https:\/\/www.organisator.ch\/wp-content\/uploads\/2019\/11\/Prix-Design-Suisse-Award-UP-Umwelt-Perspektiven-scaled.jpg","type":"image\/jpeg"}],"author":"michael.merz","twitter_card":"summary_large_image","schema":{"@context":"https:\/\/schema.org","@graph":[{"@type":"Article","@id":"https:\/\/www.organisator.ch\/sustainability\/2019-11-05\/design-preis-schweiz-winner-energy-efficiency-prize-ist-piech-mark-zero\/#article","isPartOf":{"@id":"https:\/\/www.organisator.ch\/sustainability\/2019-11-05\/design-preis-schweiz-winner-energy-efficiency-prize-ist-piech-mark-zero\/"},"author":{"name":"michael.merz","@id":"https:\/\/www.organisator.ch\/#\/schema\/person\/134708ca9321c57b0362cceb7948ffbd"},"headline":"Design Preis Schweiz: &#8222;Winner Energy Efficiency Prize ist Pi\u00ebch Mark Zero&#8220;","datePublished":"2019-11-05T12:33:55+00:00","dateModified":"2022-02-09T10:10:02+00:00","mainEntityOfPage":{"@id":"https:\/\/www.organisator.ch\/sustainability\/2019-11-05\/design-preis-schweiz-winner-energy-efficiency-prize-ist-piech-mark-zero\/"},"wordCount":383,"publisher":{"@id":"https:\/\/www.organisator.ch\/#organization"},"image":{"@id":"https:\/\/www.organisator.ch\/sustainability\/2019-11-05\/design-preis-schweiz-winner-energy-efficiency-prize-ist-piech-mark-zero\/#primaryimage"},"thumbnailUrl":"https:\/\/www.organisator.ch\/wp-content\/uploads\/2019\/11\/Prix-Design-Suisse-Award-UP-Umwelt-Perspektiven-scaled.jpg","keywords":["Award","Design","Mobilit\u00e4t","Nachhaltigkeit","Schweiz"],"articleSection":["SUSTAINABILITY"],"inLanguage":"en-US"},{"@type":"WebPage","@id":"https:\/\/www.organisator.ch\/sustainability\/2019-11-05\/design-preis-schweiz-winner-energy-efficiency-prize-ist-piech-mark-zero\/","url":"https:\/\/www.organisator.ch\/sustainability\/2019-11-05\/design-preis-schweiz-winner-energy-efficiency-prize-ist-piech-mark-zero\/","name":"Design Preis Schweiz: \"Winner Energy Efficiency Prize is Pi\u00ebch Mark Zero\" - organizer","isPartOf":{"@id":"https:\/\/www.organisator.ch\/#website"},"primaryImageOfPage":{"@id":"https:\/\/www.organisator.ch\/sustainability\/2019-11-05\/design-preis-schweiz-winner-energy-efficiency-prize-ist-piech-mark-zero\/#primaryimage"},"image":{"@id":"https:\/\/www.organisator.ch\/sustainability\/2019-11-05\/design-preis-schweiz-winner-energy-efficiency-prize-ist-piech-mark-zero\/#primaryimage"},"thumbnailUrl":"https:\/\/www.organisator.ch\/wp-content\/uploads\/2019\/11\/Prix-Design-Suisse-Award-UP-Umwelt-Perspektiven-scaled.jpg","datePublished":"2019-11-05T12:33:55+00:00","dateModified":"2022-02-09T10:10:02+00:00","description":"The Design Preis Schweiz has the task of actively communicating the nominated as innovation and differentiation features of the Swiss economy.","breadcrumb":{"@id":"https:\/\/www.organisator.ch\/sustainability\/2019-11-05\/design-preis-schweiz-winner-energy-efficiency-prize-ist-piech-mark-zero\/#breadcrumb"},"inLanguage":"en-US","potentialAction":[{"@type":"ReadAction","target":["https:\/\/www.organisator.ch\/sustainability\/2019-11-05\/design-preis-schweiz-winner-energy-efficiency-prize-ist-piech-mark-zero\/"]}]},{"@type":"ImageObject","inLanguage":"en-US","@id":"https:\/\/www.organisator.ch\/sustainability\/2019-11-05\/design-preis-schweiz-winner-energy-efficiency-prize-ist-piech-mark-zero\/#primaryimage","url":"https:\/\/www.organisator.ch\/wp-content\/uploads\/2019\/11\/Prix-Design-Suisse-Award-UP-Umwelt-Perspektiven-scaled.jpg","contentUrl":"https:\/\/www.organisator.ch\/wp-content\/uploads\/2019\/11\/Prix-Design-Suisse-Award-UP-Umwelt-Perspektiven-scaled.jpg","width":2560,"height":1707,"caption":"1. November 2019 fand in der Langenthaler Markthalle die 15. Preisverleihung des prestigetr\u00e4chtigen Design Preis Schweiz statt. (Bild: zVg)"},{"@type":"BreadcrumbList","@id":"https:\/\/www.organisator.ch\/sustainability\/2019-11-05\/design-preis-schweiz-winner-energy-efficiency-prize-ist-piech-mark-zero\/#breadcrumb","itemListElement":[{"@type":"ListItem","position":1,"name":"Home","item":"https:\/\/www.organisator.ch\/"},{"@type":"ListItem","position":2,"name":"Design Preis Schweiz: &#8222;Winner Energy Efficiency Prize ist Pi\u00ebch Mark Zero&#8220;"}]},{"@type":"WebSite","@id":"https:\/\/www.organisator.ch\/#website","url":"https:\/\/www.organisator.ch\/","name":"Organizer","description":"Competent. Practical. In 10 issues per year, ORGANISATOR presents the essential topics for managers of SMEs.","publisher":{"@id":"https:\/\/www.organisator.ch\/#organization"},"potentialAction":[{"@type":"SearchAction","target":{"@type":"EntryPoint","urlTemplate":"https:\/\/www.organisator.ch\/?s={search_term_string}"},"query-input":{"@type":"PropertyValueSpecification","valueRequired":true,"valueName":"search_term_string"}}],"inLanguage":"en-US"},{"@type":"Organization","@id":"https:\/\/www.organisator.ch\/#organization","name":"Organizer","url":"https:\/\/www.organisator.ch\/","logo":{"@type":"ImageObject","inLanguage":"en-US","@id":"https:\/\/www.organisator.ch\/#\/schema\/logo\/image\/","url":"https:\/\/www.organisator.ch\/wp-content\/uploads\/2022\/01\/Logo_Organisator_Website.png","contentUrl":"https:\/\/www.organisator.ch\/wp-content\/uploads\/2022\/01\/Logo_Organisator_Website.png","width":800,"height":77,"caption":"Organisator"},"image":{"@id":"https:\/\/www.organisator.ch\/#\/schema\/logo\/image\/"},"sameAs":["https:\/\/www.facebook.com\/OrganisatorFachmagazin","https:\/\/www.linkedin.com\/showcase\/organisator-das-magazin-fr-kmu","https:\/\/www.xing.com\/news\/pages\/organisator-ch-695","https:\/\/www.youtube.com\/channel\/UCGP2Sq0iWaZwT3BdIAQFYpw"]},{"@type":"Person","@id":"https:\/\/www.organisator.ch\/#\/schema\/person\/134708ca9321c57b0362cceb7948ffbd","name":"michael.merz","image":{"@type":"ImageObject","inLanguage":"en-US","@id":"https:\/\/secure.gravatar.com\/avatar\/?s=96&d=mm&r=g","url":"https:\/\/secure.gravatar.com\/avatar\/?s=96&d=mm&r=g","contentUrl":"https:\/\/secure.gravatar.com\/avatar\/?s=96&d=mm&r=g","caption":"michael.merz"},"url":"https:\/\/www.organisator.ch\/en\/author\/michael-merz\/"}]}},"_links":{"self":[{"href":"https:\/\/www.organisator.ch\/en\/wp-json\/wp\/v2\/posts\/10126","targetHints":{"allow":["GET"]}}],"collection":[{"href":"https:\/\/www.organisator.ch\/en\/wp-json\/wp\/v2\/posts"}],"about":[{"href":"https:\/\/www.organisator.ch\/en\/wp-json\/wp\/v2\/types\/post"}],"author":[{"embeddable":true,"href":"https:\/\/www.organisator.ch\/en\/wp-json\/wp\/v2\/users\/5"}],"replies":[{"embeddable":true,"href":"https:\/\/www.organisator.ch\/en\/wp-json\/wp\/v2\/comments?post=10126"}],"version-history":[{"count":1,"href":"https:\/\/www.organisator.ch\/en\/wp-json\/wp\/v2\/posts\/10126\/revisions"}],"predecessor-version":[{"id":10869,"href":"https:\/\/www.organisator.ch\/en\/wp-json\/wp\/v2\/posts\/10126\/revisions\/10869"}],"wp:featuredmedia":[{"embeddable":true,"href":"https:\/\/www.organisator.ch\/en\/wp-json\/wp\/v2\/media\/9649"}],"wp:attachment":[{"href":"https:\/\/www.organisator.ch\/en\/wp-json\/wp\/v2\/media?parent=10126"}],"wp:term":[{"taxonomy":"category","embeddable":true,"href":"https:\/\/www.organisator.ch\/en\/wp-json\/wp\/v2\/categories?post=10126"},{"taxonomy":"post_tag","embeddable":true,"href":"https:\/\/www.organisator.ch\/en\/wp-json\/wp\/v2\/tags?post=10126"}],"curies":[{"name":"wp","href":"https:\/\/api.w.org\/{rel}","templated":true}]}}