{"id":10129,"date":"2019-11-11T14:05:54","date_gmt":"2019-11-11T13:05:54","guid":{"rendered":"https:\/\/www.umweltperspektiven.ch\/?p=2607"},"modified":"2022-02-09T11:06:51","modified_gmt":"2022-02-09T10:06:51","slug":"tschuggen-hotel-group-wird-klimavorreiter","status":"publish","type":"post","link":"https:\/\/www.organisator.ch\/en\/sustainability\/2019-11-11\/tschuggen-hotel-group-wird-klimavorreiter\/","title":{"rendered":"Tschuggen Hotel Group becomes climate pioneer"},"content":{"rendered":"<p>&nbsp;<\/p>\n<figure id=\"attachment_2609\" aria-describedby=\"caption-attachment-2609\" style=\"width: 680px\" class=\"wp-caption alignnone\"><img loading=\"lazy\" decoding=\"async\" class=\"wp-image-2609 size-medium\" src=\"\/\/www.umweltperspektiven.ch\/wp-content\/uploads\/2019\/11\/Tschuggen-Hotel-Group-Klima-Vorreiter-UP-Umwelt-Perspektiven.jpg\" alt=\"\" width=\"680\" height=\"510\" srcset=\"https:\/\/www.organisator.ch\/wp-content\/uploads\/2019\/11\/Tschuggen-Hotel-Group-Klima-Vorreiter-UP-Umwelt-Perspektiven.jpg 1632w, https:\/\/www.organisator.ch\/wp-content\/uploads\/2019\/11\/Tschuggen-Hotel-Group-Klima-Vorreiter-UP-Umwelt-Perspektiven-680x510.jpg 680w, https:\/\/www.organisator.ch\/wp-content\/uploads\/2019\/11\/Tschuggen-Hotel-Group-Klima-Vorreiter-UP-Umwelt-Perspektiven-1024x768.jpg 1024w, https:\/\/www.organisator.ch\/wp-content\/uploads\/2019\/11\/Tschuggen-Hotel-Group-Klima-Vorreiter-UP-Umwelt-Perspektiven-768x576.jpg 768w, https:\/\/www.organisator.ch\/wp-content\/uploads\/2019\/11\/Tschuggen-Hotel-Group-Klima-Vorreiter-UP-Umwelt-Perspektiven-1536x1152.jpg 1536w, https:\/\/www.organisator.ch\/wp-content\/uploads\/2019\/11\/Tschuggen-Hotel-Group-Klima-Vorreiter-UP-Umwelt-Perspektiven-16x12.jpg 16w, https:\/\/www.organisator.ch\/wp-content\/uploads\/2019\/11\/Tschuggen-Hotel-Group-Klima-Vorreiter-UP-Umwelt-Perspektiven-233x175.jpg 233w, https:\/\/www.organisator.ch\/wp-content\/uploads\/2019\/11\/Tschuggen-Hotel-Group-Klima-Vorreiter-UP-Umwelt-Perspektiven-467x350.jpg 467w, https:\/\/www.organisator.ch\/wp-content\/uploads\/2019\/11\/Tschuggen-Hotel-Group-Klima-Vorreiter-UP-Umwelt-Perspektiven-1067x800.jpg 1067w, https:\/\/www.organisator.ch\/wp-content\/uploads\/2019\/11\/Tschuggen-Hotel-Group-Klima-Vorreiter-UP-Umwelt-Perspektiven-920x690.jpg 920w, https:\/\/www.organisator.ch\/wp-content\/uploads\/2019\/11\/Tschuggen-Hotel-Group-Klima-Vorreiter-UP-Umwelt-Perspektiven-1400x1050.jpg 1400w, https:\/\/www.organisator.ch\/wp-content\/uploads\/2019\/11\/Tschuggen-Hotel-Group-Klima-Vorreiter-UP-Umwelt-Perspektiven-300x225.jpg 300w\" sizes=\"auto, (max-width: 680px) 100vw, 680px\" \/><figcaption id=\"caption-attachment-2609\" class=\"wp-caption-text\">G\u00f6tz Bechtolsheimer (owner family of the Tschuggen Hotel Group) and Stephen Neff, CEO of myclimate: (Image: zVg)<\/figcaption><\/figure>\n<p>In 2018, those responsible at the Tschuggen Hotel Group had the CO2 emissions of the entire hotel group calculated for the first time. For this purpose, all areas - heating and cooling, energy consumption, business traffic and employee mobility, food &amp; beverage, materials and waste - were analyzed and evaluated.<\/p>\n<p>As a result, numerous measures were initiated to drastically minimize annual CO2 emissions, primarily in the optimization and innovative modernization of heating and energy systems. In addition, heat exchangers are used for ventilation and wastewater, electricity from alpine hydropower is used, and kitchen waste goes to producers of biogas fuel. In addition, employees are also being sensitized and a large number of small improvements are being implemented to take care of resources.<\/p>\n<p>To offset its unavoidable CO2 emissions, the Arosa-based hotel group has chosen one national and one international project from the myclimate portfolio to support with the offset. On a national level, the Tschuggen Hotel Group will use its offset to renaturalize a raised bog in the Tourbi\u00e8res des Ponts-de-Martel nature reserve near Neuch\u00e2tel. Thanks to the carbon offset project, the raised bog can be rewetted, which means that fewer greenhouse gases are released into the atmosphere. As a second myclimate project, the Tschuggen Hotel Group has chosen the Virunga Mountain Gorilla Project in the Volcanoes National Park in Rwanda. There, the distribution and use of efficient cooking stoves sustainably protects the habitat of the last mountain gorillas. With the compensation into the mentioned projects, the Swiss hotel group will be completely climate neutral from 2019.<\/p>\n<p>Guests are also included<br \/>\nAs part of the myclimate \"Cause We Care\" initiative, guests also have the opportunity to actively participate in climate protection. They can now offset their travel to and from the hotel. The offsetting funds also flow into the carbon offset project in Rwanda.<\/p>\n<p>The Swiss hotel group thus proves that active climate protection is possible even with the highest standards.<\/p>\n<p><a href=\"\/\/tschuggenhotelgroup.ch\/de\/presse\/pressemitteilungen\/detail\/id\/36871\/de-thg-myclimate\"><em>You can find more information on the site of Tschuggen Hotel Group\u00a0<\/em><\/a><\/p>","protected":false},"excerpt":{"rendered":"<p>&nbsp; Die Verantwortlichen bei der Tschuggen Hotel Group haben bereits 2018 erstmalig die CO2-Emissionen der gesamten Hotelgruppe berechnen lassen. Dazu wurden alle Bereiche \u2013 Heizen und K\u00fchlen, Energieverbrauch, Gesch\u00e4ftsverkehr und Mitarbeitermobilit\u00e4t, Food &amp; Beverage, Material und Abfall \u2013 analysiert und evaluiert. Daraufhin wurden zahlreiche Massnahmen eingeleitet, um den j\u00e4hrlichen CO2-Ausstoss drastisch zu minimieren, prim\u00e4r in [&hellip;]<\/p>\n","protected":false},"author":5,"featured_media":2609,"comment_status":"open","ping_status":"open","sticky":false,"template":"","format":"standard","meta":{"_acf_changed":false,"_yoast_wpseo_focuskw":"Tschuggen Hotel Group","_yoast_wpseo_metadesc":"Die Schweizer Tschuggen Hotel Group lanciert eine Zusammenarbeit mit der Stiftung myclimate und ist so ab diesem Jahr komplett CO2-neutral.","articlekey":"","footnotes":""},"categories":[580],"tags":[300,1762,424],"class_list":["post-10129","post","type-post","status-publish","format-standard","has-post-thumbnail","hentry","category-sustainability","tag-klimaschutz","tag-nachhaltige-hotellerie","tag-schweiz"],"acf":[],"yoast_head":"<!-- This site is optimized with the Yoast SEO plugin v27.5 - https:\/\/yoast.com\/product\/yoast-seo-wordpress\/ -->\n<title>Tschuggen Hotel Group wird Klimavorreiter - Organisator<\/title>\n<meta name=\"description\" content=\"Die Schweizer Tschuggen Hotel Group lanciert eine Zusammenarbeit mit der Stiftung myclimate und ist so ab diesem Jahr komplett CO2-neutral.\" \/>\n<meta name=\"robots\" content=\"index, follow, max-snippet:-1, max-image-preview:large, max-video-preview:-1\" \/>\n<link rel=\"canonical\" href=\"https:\/\/www.organisator.ch\/en\/sustainability\/2019-11-11\/tschuggen-hotel-group-wird-klimavorreiter\/\" \/>\n<meta property=\"og:locale\" content=\"en_US\" \/>\n<meta property=\"og:type\" content=\"article\" \/>\n<meta property=\"og:title\" content=\"Tschuggen Hotel Group wird Klimavorreiter - Organisator\" \/>\n<meta property=\"og:description\" content=\"Die Schweizer Tschuggen Hotel Group lanciert eine Zusammenarbeit mit der Stiftung myclimate und ist so ab diesem Jahr komplett CO2-neutral.\" \/>\n<meta property=\"og:url\" content=\"https:\/\/www.organisator.ch\/en\/sustainability\/2019-11-11\/tschuggen-hotel-group-wird-klimavorreiter\/\" \/>\n<meta property=\"og:site_name\" content=\"Organisator\" \/>\n<meta property=\"article:publisher\" content=\"https:\/\/www.facebook.com\/OrganisatorFachmagazin\" \/>\n<meta property=\"article:published_time\" content=\"2019-11-11T13:05:54+00:00\" \/>\n<meta property=\"article:modified_time\" content=\"2022-02-09T10:06:51+00:00\" \/>\n<meta property=\"og:image\" content=\"https:\/\/www.organisator.ch\/wp-content\/uploads\/2019\/11\/Tschuggen-Hotel-Group-Klima-Vorreiter-UP-Umwelt-Perspektiven-1024x768.jpg\" \/>\n\t<meta property=\"og:image:width\" content=\"1024\" \/>\n\t<meta property=\"og:image:height\" content=\"768\" \/>\n\t<meta property=\"og:image:type\" content=\"image\/jpeg\" \/>\n<meta name=\"author\" content=\"michael.merz\" \/>\n<meta name=\"twitter:card\" content=\"summary_large_image\" \/>\n<script type=\"application\/ld+json\" class=\"yoast-schema-graph\">{\"@context\":\"https:\\\/\\\/schema.org\",\"@graph\":[{\"@type\":\"Article\",\"@id\":\"https:\\\/\\\/www.organisator.ch\\\/sustainability\\\/2019-11-11\\\/tschuggen-hotel-group-wird-klimavorreiter\\\/#article\",\"isPartOf\":{\"@id\":\"https:\\\/\\\/www.organisator.ch\\\/sustainability\\\/2019-11-11\\\/tschuggen-hotel-group-wird-klimavorreiter\\\/\"},\"author\":{\"name\":\"michael.merz\",\"@id\":\"https:\\\/\\\/www.organisator.ch\\\/#\\\/schema\\\/person\\\/134708ca9321c57b0362cceb7948ffbd\"},\"headline\":\"Tschuggen Hotel Group wird Klimavorreiter\",\"datePublished\":\"2019-11-11T13:05:54+00:00\",\"dateModified\":\"2022-02-09T10:06:51+00:00\",\"mainEntityOfPage\":{\"@id\":\"https:\\\/\\\/www.organisator.ch\\\/sustainability\\\/2019-11-11\\\/tschuggen-hotel-group-wird-klimavorreiter\\\/\"},\"wordCount\":343,\"commentCount\":0,\"publisher\":{\"@id\":\"https:\\\/\\\/www.organisator.ch\\\/#organization\"},\"image\":{\"@id\":\"https:\\\/\\\/www.organisator.ch\\\/sustainability\\\/2019-11-11\\\/tschuggen-hotel-group-wird-klimavorreiter\\\/#primaryimage\"},\"thumbnailUrl\":\"https:\\\/\\\/www.organisator.ch\\\/wp-content\\\/uploads\\\/2019\\\/11\\\/Tschuggen-Hotel-Group-Klima-Vorreiter-UP-Umwelt-Perspektiven.jpg\",\"keywords\":[\"Klimaschutz\",\"Nachhaltige Hotellerie\",\"Schweiz\"],\"articleSection\":[\"SUSTAINABILITY\"],\"inLanguage\":\"en-US\"},{\"@type\":\"WebPage\",\"@id\":\"https:\\\/\\\/www.organisator.ch\\\/sustainability\\\/2019-11-11\\\/tschuggen-hotel-group-wird-klimavorreiter\\\/\",\"url\":\"https:\\\/\\\/www.organisator.ch\\\/sustainability\\\/2019-11-11\\\/tschuggen-hotel-group-wird-klimavorreiter\\\/\",\"name\":\"Tschuggen Hotel Group wird Klimavorreiter - Organisator\",\"isPartOf\":{\"@id\":\"https:\\\/\\\/www.organisator.ch\\\/#website\"},\"primaryImageOfPage\":{\"@id\":\"https:\\\/\\\/www.organisator.ch\\\/sustainability\\\/2019-11-11\\\/tschuggen-hotel-group-wird-klimavorreiter\\\/#primaryimage\"},\"image\":{\"@id\":\"https:\\\/\\\/www.organisator.ch\\\/sustainability\\\/2019-11-11\\\/tschuggen-hotel-group-wird-klimavorreiter\\\/#primaryimage\"},\"thumbnailUrl\":\"https:\\\/\\\/www.organisator.ch\\\/wp-content\\\/uploads\\\/2019\\\/11\\\/Tschuggen-Hotel-Group-Klima-Vorreiter-UP-Umwelt-Perspektiven.jpg\",\"datePublished\":\"2019-11-11T13:05:54+00:00\",\"dateModified\":\"2022-02-09T10:06:51+00:00\",\"description\":\"Die Schweizer Tschuggen Hotel Group lanciert eine Zusammenarbeit mit der Stiftung myclimate und ist so ab diesem Jahr komplett CO2-neutral.\",\"breadcrumb\":{\"@id\":\"https:\\\/\\\/www.organisator.ch\\\/sustainability\\\/2019-11-11\\\/tschuggen-hotel-group-wird-klimavorreiter\\\/#breadcrumb\"},\"inLanguage\":\"en-US\",\"potentialAction\":[{\"@type\":\"ReadAction\",\"target\":[\"https:\\\/\\\/www.organisator.ch\\\/sustainability\\\/2019-11-11\\\/tschuggen-hotel-group-wird-klimavorreiter\\\/\"]}]},{\"@type\":\"ImageObject\",\"inLanguage\":\"en-US\",\"@id\":\"https:\\\/\\\/www.organisator.ch\\\/sustainability\\\/2019-11-11\\\/tschuggen-hotel-group-wird-klimavorreiter\\\/#primaryimage\",\"url\":\"https:\\\/\\\/www.organisator.ch\\\/wp-content\\\/uploads\\\/2019\\\/11\\\/Tschuggen-Hotel-Group-Klima-Vorreiter-UP-Umwelt-Perspektiven.jpg\",\"contentUrl\":\"https:\\\/\\\/www.organisator.ch\\\/wp-content\\\/uploads\\\/2019\\\/11\\\/Tschuggen-Hotel-Group-Klima-Vorreiter-UP-Umwelt-Perspektiven.jpg\",\"width\":1632,\"height\":1224},{\"@type\":\"BreadcrumbList\",\"@id\":\"https:\\\/\\\/www.organisator.ch\\\/sustainability\\\/2019-11-11\\\/tschuggen-hotel-group-wird-klimavorreiter\\\/#breadcrumb\",\"itemListElement\":[{\"@type\":\"ListItem\",\"position\":1,\"name\":\"Home\",\"item\":\"https:\\\/\\\/www.organisator.ch\\\/\"},{\"@type\":\"ListItem\",\"position\":2,\"name\":\"Tschuggen Hotel Group wird Klimavorreiter\"}]},{\"@type\":\"WebSite\",\"@id\":\"https:\\\/\\\/www.organisator.ch\\\/#website\",\"url\":\"https:\\\/\\\/www.organisator.ch\\\/\",\"name\":\"Organisator\",\"description\":\"Kompetent. Praxisnah. Der ORGANISATOR bereitet in 10 Ausgaben pro Jahr die wesentlichen Themen f\u00fcr F\u00fchrungskr\u00e4fte von KMU auf.\",\"publisher\":{\"@id\":\"https:\\\/\\\/www.organisator.ch\\\/#organization\"},\"potentialAction\":[{\"@type\":\"SearchAction\",\"target\":{\"@type\":\"EntryPoint\",\"urlTemplate\":\"https:\\\/\\\/www.organisator.ch\\\/?s={search_term_string}\"},\"query-input\":{\"@type\":\"PropertyValueSpecification\",\"valueRequired\":true,\"valueName\":\"search_term_string\"}}],\"inLanguage\":\"en-US\"},{\"@type\":\"Organization\",\"@id\":\"https:\\\/\\\/www.organisator.ch\\\/#organization\",\"name\":\"Organisator\",\"url\":\"https:\\\/\\\/www.organisator.ch\\\/\",\"logo\":{\"@type\":\"ImageObject\",\"inLanguage\":\"en-US\",\"@id\":\"https:\\\/\\\/www.organisator.ch\\\/#\\\/schema\\\/logo\\\/image\\\/\",\"url\":\"https:\\\/\\\/www.organisator.ch\\\/wp-content\\\/uploads\\\/2022\\\/01\\\/Logo_Organisator_Website.png\",\"contentUrl\":\"https:\\\/\\\/www.organisator.ch\\\/wp-content\\\/uploads\\\/2022\\\/01\\\/Logo_Organisator_Website.png\",\"width\":800,\"height\":77,\"caption\":\"Organisator\"},\"image\":{\"@id\":\"https:\\\/\\\/www.organisator.ch\\\/#\\\/schema\\\/logo\\\/image\\\/\"},\"sameAs\":[\"https:\\\/\\\/www.facebook.com\\\/OrganisatorFachmagazin\",\"https:\\\/\\\/www.linkedin.com\\\/showcase\\\/organisator-das-magazin-fr-kmu\",\"https:\\\/\\\/www.xing.com\\\/news\\\/pages\\\/organisator-ch-695\",\"https:\\\/\\\/www.youtube.com\\\/channel\\\/UCGP2Sq0iWaZwT3BdIAQFYpw\"]},{\"@type\":\"Person\",\"@id\":\"https:\\\/\\\/www.organisator.ch\\\/#\\\/schema\\\/person\\\/134708ca9321c57b0362cceb7948ffbd\",\"name\":\"michael.merz\",\"image\":{\"@type\":\"ImageObject\",\"inLanguage\":\"en-US\",\"@id\":\"https:\\\/\\\/secure.gravatar.com\\\/avatar\\\/?s=96&d=mm&r=g\",\"url\":\"https:\\\/\\\/secure.gravatar.com\\\/avatar\\\/?s=96&d=mm&r=g\",\"contentUrl\":\"https:\\\/\\\/secure.gravatar.com\\\/avatar\\\/?s=96&d=mm&r=g\",\"caption\":\"michael.merz\"},\"url\":\"https:\\\/\\\/www.organisator.ch\\\/en\\\/author\\\/michael-merz\\\/\"}]}<\/script>\n<!-- \/ Yoast SEO plugin. -->","yoast_head_json":{"title":"Tschuggen Hotel Group becomes climate pioneer - Organizer","description":"The Swiss Tschuggen Hotel Group launches a cooperation with the myclimate foundation and is thus completely CO2 neutral from this year on.","robots":{"index":"index","follow":"follow","max-snippet":"max-snippet:-1","max-image-preview":"max-image-preview:large","max-video-preview":"max-video-preview:-1"},"canonical":"https:\/\/www.organisator.ch\/en\/sustainability\/2019-11-11\/tschuggen-hotel-group-wird-klimavorreiter\/","og_locale":"en_US","og_type":"article","og_title":"Tschuggen Hotel Group wird Klimavorreiter - Organisator","og_description":"Die Schweizer Tschuggen Hotel Group lanciert eine Zusammenarbeit mit der Stiftung myclimate und ist so ab diesem Jahr komplett CO2-neutral.","og_url":"https:\/\/www.organisator.ch\/en\/sustainability\/2019-11-11\/tschuggen-hotel-group-wird-klimavorreiter\/","og_site_name":"Organisator","article_publisher":"https:\/\/www.facebook.com\/OrganisatorFachmagazin","article_published_time":"2019-11-11T13:05:54+00:00","article_modified_time":"2022-02-09T10:06:51+00:00","og_image":[{"width":1024,"height":768,"url":"https:\/\/www.organisator.ch\/wp-content\/uploads\/2019\/11\/Tschuggen-Hotel-Group-Klima-Vorreiter-UP-Umwelt-Perspektiven-1024x768.jpg","type":"image\/jpeg"}],"author":"michael.merz","twitter_card":"summary_large_image","schema":{"@context":"https:\/\/schema.org","@graph":[{"@type":"Article","@id":"https:\/\/www.organisator.ch\/sustainability\/2019-11-11\/tschuggen-hotel-group-wird-klimavorreiter\/#article","isPartOf":{"@id":"https:\/\/www.organisator.ch\/sustainability\/2019-11-11\/tschuggen-hotel-group-wird-klimavorreiter\/"},"author":{"name":"michael.merz","@id":"https:\/\/www.organisator.ch\/#\/schema\/person\/134708ca9321c57b0362cceb7948ffbd"},"headline":"Tschuggen Hotel Group wird Klimavorreiter","datePublished":"2019-11-11T13:05:54+00:00","dateModified":"2022-02-09T10:06:51+00:00","mainEntityOfPage":{"@id":"https:\/\/www.organisator.ch\/sustainability\/2019-11-11\/tschuggen-hotel-group-wird-klimavorreiter\/"},"wordCount":343,"commentCount":0,"publisher":{"@id":"https:\/\/www.organisator.ch\/#organization"},"image":{"@id":"https:\/\/www.organisator.ch\/sustainability\/2019-11-11\/tschuggen-hotel-group-wird-klimavorreiter\/#primaryimage"},"thumbnailUrl":"https:\/\/www.organisator.ch\/wp-content\/uploads\/2019\/11\/Tschuggen-Hotel-Group-Klima-Vorreiter-UP-Umwelt-Perspektiven.jpg","keywords":["Klimaschutz","Nachhaltige Hotellerie","Schweiz"],"articleSection":["SUSTAINABILITY"],"inLanguage":"en-US"},{"@type":"WebPage","@id":"https:\/\/www.organisator.ch\/sustainability\/2019-11-11\/tschuggen-hotel-group-wird-klimavorreiter\/","url":"https:\/\/www.organisator.ch\/sustainability\/2019-11-11\/tschuggen-hotel-group-wird-klimavorreiter\/","name":"Tschuggen Hotel Group becomes climate pioneer - Organizer","isPartOf":{"@id":"https:\/\/www.organisator.ch\/#website"},"primaryImageOfPage":{"@id":"https:\/\/www.organisator.ch\/sustainability\/2019-11-11\/tschuggen-hotel-group-wird-klimavorreiter\/#primaryimage"},"image":{"@id":"https:\/\/www.organisator.ch\/sustainability\/2019-11-11\/tschuggen-hotel-group-wird-klimavorreiter\/#primaryimage"},"thumbnailUrl":"https:\/\/www.organisator.ch\/wp-content\/uploads\/2019\/11\/Tschuggen-Hotel-Group-Klima-Vorreiter-UP-Umwelt-Perspektiven.jpg","datePublished":"2019-11-11T13:05:54+00:00","dateModified":"2022-02-09T10:06:51+00:00","description":"The Swiss Tschuggen Hotel Group launches a cooperation with the myclimate foundation and is thus completely CO2 neutral from this year on.","breadcrumb":{"@id":"https:\/\/www.organisator.ch\/sustainability\/2019-11-11\/tschuggen-hotel-group-wird-klimavorreiter\/#breadcrumb"},"inLanguage":"en-US","potentialAction":[{"@type":"ReadAction","target":["https:\/\/www.organisator.ch\/sustainability\/2019-11-11\/tschuggen-hotel-group-wird-klimavorreiter\/"]}]},{"@type":"ImageObject","inLanguage":"en-US","@id":"https:\/\/www.organisator.ch\/sustainability\/2019-11-11\/tschuggen-hotel-group-wird-klimavorreiter\/#primaryimage","url":"https:\/\/www.organisator.ch\/wp-content\/uploads\/2019\/11\/Tschuggen-Hotel-Group-Klima-Vorreiter-UP-Umwelt-Perspektiven.jpg","contentUrl":"https:\/\/www.organisator.ch\/wp-content\/uploads\/2019\/11\/Tschuggen-Hotel-Group-Klima-Vorreiter-UP-Umwelt-Perspektiven.jpg","width":1632,"height":1224},{"@type":"BreadcrumbList","@id":"https:\/\/www.organisator.ch\/sustainability\/2019-11-11\/tschuggen-hotel-group-wird-klimavorreiter\/#breadcrumb","itemListElement":[{"@type":"ListItem","position":1,"name":"Home","item":"https:\/\/www.organisator.ch\/"},{"@type":"ListItem","position":2,"name":"Tschuggen Hotel Group wird Klimavorreiter"}]},{"@type":"WebSite","@id":"https:\/\/www.organisator.ch\/#website","url":"https:\/\/www.organisator.ch\/","name":"Organizer","description":"Competent. Practical. In 10 issues per year, ORGANISATOR presents the essential topics for managers of SMEs.","publisher":{"@id":"https:\/\/www.organisator.ch\/#organization"},"potentialAction":[{"@type":"SearchAction","target":{"@type":"EntryPoint","urlTemplate":"https:\/\/www.organisator.ch\/?s={search_term_string}"},"query-input":{"@type":"PropertyValueSpecification","valueRequired":true,"valueName":"search_term_string"}}],"inLanguage":"en-US"},{"@type":"Organization","@id":"https:\/\/www.organisator.ch\/#organization","name":"Organizer","url":"https:\/\/www.organisator.ch\/","logo":{"@type":"ImageObject","inLanguage":"en-US","@id":"https:\/\/www.organisator.ch\/#\/schema\/logo\/image\/","url":"https:\/\/www.organisator.ch\/wp-content\/uploads\/2022\/01\/Logo_Organisator_Website.png","contentUrl":"https:\/\/www.organisator.ch\/wp-content\/uploads\/2022\/01\/Logo_Organisator_Website.png","width":800,"height":77,"caption":"Organisator"},"image":{"@id":"https:\/\/www.organisator.ch\/#\/schema\/logo\/image\/"},"sameAs":["https:\/\/www.facebook.com\/OrganisatorFachmagazin","https:\/\/www.linkedin.com\/showcase\/organisator-das-magazin-fr-kmu","https:\/\/www.xing.com\/news\/pages\/organisator-ch-695","https:\/\/www.youtube.com\/channel\/UCGP2Sq0iWaZwT3BdIAQFYpw"]},{"@type":"Person","@id":"https:\/\/www.organisator.ch\/#\/schema\/person\/134708ca9321c57b0362cceb7948ffbd","name":"michael.merz","image":{"@type":"ImageObject","inLanguage":"en-US","@id":"https:\/\/secure.gravatar.com\/avatar\/?s=96&d=mm&r=g","url":"https:\/\/secure.gravatar.com\/avatar\/?s=96&d=mm&r=g","contentUrl":"https:\/\/secure.gravatar.com\/avatar\/?s=96&d=mm&r=g","caption":"michael.merz"},"url":"https:\/\/www.organisator.ch\/en\/author\/michael-merz\/"}]}},"_links":{"self":[{"href":"https:\/\/www.organisator.ch\/en\/wp-json\/wp\/v2\/posts\/10129","targetHints":{"allow":["GET"]}}],"collection":[{"href":"https:\/\/www.organisator.ch\/en\/wp-json\/wp\/v2\/posts"}],"about":[{"href":"https:\/\/www.organisator.ch\/en\/wp-json\/wp\/v2\/types\/post"}],"author":[{"embeddable":true,"href":"https:\/\/www.organisator.ch\/en\/wp-json\/wp\/v2\/users\/5"}],"replies":[{"embeddable":true,"href":"https:\/\/www.organisator.ch\/en\/wp-json\/wp\/v2\/comments?post=10129"}],"version-history":[{"count":1,"href":"https:\/\/www.organisator.ch\/en\/wp-json\/wp\/v2\/posts\/10129\/revisions"}],"predecessor-version":[{"id":10690,"href":"https:\/\/www.organisator.ch\/en\/wp-json\/wp\/v2\/posts\/10129\/revisions\/10690"}],"wp:featuredmedia":[{"embeddable":true,"href":"https:\/\/www.organisator.ch\/en\/wp-json\/wp\/v2\/media\/2609"}],"wp:attachment":[{"href":"https:\/\/www.organisator.ch\/en\/wp-json\/wp\/v2\/media?parent=10129"}],"wp:term":[{"taxonomy":"category","embeddable":true,"href":"https:\/\/www.organisator.ch\/en\/wp-json\/wp\/v2\/categories?post=10129"},{"taxonomy":"post_tag","embeddable":true,"href":"https:\/\/www.organisator.ch\/en\/wp-json\/wp\/v2\/tags?post=10129"}],"curies":[{"name":"wp","href":"https:\/\/api.w.org\/{rel}","templated":true}]}}