{"id":10137,"date":"2019-12-03T15:11:02","date_gmt":"2019-12-03T14:11:02","guid":{"rendered":"https:\/\/www.umweltperspektiven.ch\/?p=2660"},"modified":"2022-02-09T11:06:51","modified_gmt":"2022-02-09T10:06:51","slug":"studie-vielfaeltiger-wald-ist-stabiler","status":"publish","type":"post","link":"https:\/\/www.organisator.ch\/en\/sustainability\/2019-12-03\/studie-vielfaeltiger-wald-ist-stabiler\/","title":{"rendered":"Study: \"Diverse forest\" is more stable"},"content":{"rendered":"<figure id=\"attachment_2661\" aria-describedby=\"caption-attachment-2661\" style=\"width: 680px\" class=\"wp-caption alignnone\"><img loading=\"lazy\" decoding=\"async\" class=\"wp-image-2661 size-medium\" src=\"\/\/www.umweltperspektiven.ch\/wp-content\/uploads\/2019\/12\/Events_Biodiv.jpg\" alt=\"\" width=\"680\" height=\"453\" \/><figcaption id=\"caption-attachment-2661\" class=\"wp-caption-text\">Landslides and hillslope debris flows threaten buildings, roads or even railroad lines. (Symbol image: Unsplash)<\/figcaption><\/figure>\n<p>The Swiss Federal Institute for Forest, Snow and Landscape Research (<a href=\"\/\/www.wsl.ch\/de.html\" target=\"_blank\" rel=\"noopener\">WSL<\/a>) and its Institute for Snow and Avalanche Research (<a href=\"\/\/www.slf.ch\/\" target=\"_blank\" rel=\"noopener\">SLF<\/a>) studied what type of forest offers the best protection against hazards such as landslides. \"The most diverse structures possible in the forest - both below and above ground - provide the best protection against landslides,\" the study leaders share in a recent press release.<\/p>\n<p><strong>New findings<\/strong><\/p>\n<p>Landslides and hillslope debris flows are mainly triggered by rain. Due to climate change and an expected increase in heavy precipitation, \"shallow landslides and hillslope debris flows are likely to occur more frequently,\" the release states. The latest findings on the effect of forests on landslides are now summarized by several researchers in a special issue of the\u00a0<a title=\"external-link-new-window\" href=\"\/\/xn--https-ix3b\/\/www.forstverein.ch\/de\/zeitschrift-szf\" target=\"_blank\" rel=\"noopener\">Switzerland. Journal of Forestry (SZF)\u00a0<\/a>together. What stands out is how important the condition of the forest is:<\/p>\n<p>Very dense forests and windthrow areas protect less well against landslides than those with a stepped stand structure. On very steep slopes, however, forests reach their limits: On slopes steeper than 38\u00b0, there are even more landslides per area in forests than in open areas. Forests on very steep slopes are usually less maintained and are mainly located in higher and more inhospitable areas, where spruce, which is susceptible to disturbance (windthrow and bark beetles), is also particularly prevalent. Spruce trees do not have deep roots and are therefore easily carried away on steep slopes.<\/p>\n<p>Researchers at the Swiss Federal Institute for Forest, Snow and Landscape Research WSL and the WSL Institute for Snow and Avalanche Research SLF have demonstrated which type of forest provides the best protection using large-scale data sets on vegetation and natural events. They show that reforestation and natural disturbances, such as hurricane Lothar, which will mark its 20th anniversary in December, but also the skillful management of the forest can significantly influence its protective function against landslides.<\/p>\n<p>\"The most diverse structures possible in the forest - both below and above ground - provide the best protection against landslides,\" says Christian Rickli of the research team. This includes a good mix of different tree species as well as a diverse age structure of the trees.<\/p>\n<p class=\"bodytext\"><em>For their investigations, the WSL researchers drew on information from their landslide database. Since 1997, data on more than 750 landslides have been recorded in this database. This information is now also available\u00a0<a href=\"\/\/hangmuren.wsl.ch\/login?next=%2F\" target=\"_blank\" rel=\"noopener\">online<\/a>\u00a0available, but access is required for this.<\/em><\/p>\n<p>&nbsp;<\/p>","protected":false},"excerpt":{"rendered":"<p>Die Eidgen\u00f6ssische Forschungsanstalt f\u00fcr Wald, Schnee und Landschaft (WSL) und ihr Institut f\u00fcr Schnee- und Lawinenforschung (SLF) untersucht, welche Art Wald den besten Schutz gegen Gefahren wie zum Beispiel Erdrutschungen bietet. \u201eM\u00f6glichst diverse Strukturen im Wald \u2013 sowohl unter- als auch oberirdisch \u2013 sch\u00fctzen am besten vor Rutschungen\u201c, teilen die Studienleiter in einer k\u00fcrzlich erschienen [&hellip;]<\/p>\n","protected":false},"author":5,"featured_media":2661,"comment_status":"closed","ping_status":"closed","sticky":false,"template":"","format":"standard","meta":{"_acf_changed":false,"_yoast_wpseo_focuskw":"Wald","_yoast_wpseo_metadesc":"Die Eidgen\u00f6ssische Forschungsanstalt f\u00fcr Wald, Schnee und Landschaft hat untersucht, welcher Wald am besten vor Rutschungen sch\u00fctzt.","articlekey":"","footnotes":""},"categories":[580],"tags":[829,1112,424,459,2499],"class_list":["post-10137","post","type-post","status-publish","format-standard","has-post-thumbnail","hentry","category-sustainability","tag-biodiversitaet","tag-erdoberflaeche","tag-schweiz","tag-studie","tag-wald"],"acf":[],"yoast_head":"<!-- This site is optimized with the Yoast SEO plugin v27.5 - https:\/\/yoast.com\/product\/yoast-seo-wordpress\/ -->\n<title>Studie: &quot;Vielf\u00e4ltiger Wald&quot; ist stabiler - Organisator<\/title>\n<meta name=\"description\" content=\"Die Eidgen\u00f6ssische Forschungsanstalt f\u00fcr Wald, Schnee und Landschaft hat untersucht, welcher Wald am besten vor Rutschungen sch\u00fctzt.\" \/>\n<meta name=\"robots\" content=\"index, follow, max-snippet:-1, max-image-preview:large, max-video-preview:-1\" \/>\n<link rel=\"canonical\" href=\"https:\/\/www.organisator.ch\/en\/sustainability\/2019-12-03\/studie-vielfaeltiger-wald-ist-stabiler\/\" \/>\n<meta property=\"og:locale\" content=\"en_US\" \/>\n<meta property=\"og:type\" content=\"article\" \/>\n<meta property=\"og:title\" content=\"Studie: &quot;Vielf\u00e4ltiger Wald&quot; ist stabiler - Organisator\" \/>\n<meta property=\"og:description\" content=\"Die Eidgen\u00f6ssische Forschungsanstalt f\u00fcr Wald, Schnee und Landschaft hat untersucht, welcher Wald am besten vor Rutschungen sch\u00fctzt.\" \/>\n<meta property=\"og:url\" content=\"https:\/\/www.organisator.ch\/en\/sustainability\/2019-12-03\/studie-vielfaeltiger-wald-ist-stabiler\/\" \/>\n<meta property=\"og:site_name\" content=\"Organisator\" \/>\n<meta property=\"article:publisher\" content=\"https:\/\/www.facebook.com\/OrganisatorFachmagazin\" \/>\n<meta property=\"article:published_time\" content=\"2019-12-03T14:11:02+00:00\" \/>\n<meta property=\"article:modified_time\" content=\"2022-02-09T10:06:51+00:00\" \/>\n<meta property=\"og:image\" content=\"https:\/\/www.organisator.ch\/wp-content\/uploads\/2019\/12\/Events_Biodiv-scaled.jpg\" \/>\n\t<meta property=\"og:image:width\" content=\"2560\" \/>\n\t<meta property=\"og:image:height\" content=\"1707\" \/>\n\t<meta property=\"og:image:type\" content=\"image\/jpeg\" \/>\n<meta name=\"author\" content=\"michael.merz\" \/>\n<meta name=\"twitter:card\" content=\"summary_large_image\" \/>\n<script type=\"application\/ld+json\" class=\"yoast-schema-graph\">{\"@context\":\"https:\\\/\\\/schema.org\",\"@graph\":[{\"@type\":\"Article\",\"@id\":\"https:\\\/\\\/www.organisator.ch\\\/sustainability\\\/2019-12-03\\\/studie-vielfaeltiger-wald-ist-stabiler\\\/#article\",\"isPartOf\":{\"@id\":\"https:\\\/\\\/www.organisator.ch\\\/sustainability\\\/2019-12-03\\\/studie-vielfaeltiger-wald-ist-stabiler\\\/\"},\"author\":{\"name\":\"michael.merz\",\"@id\":\"https:\\\/\\\/www.organisator.ch\\\/#\\\/schema\\\/person\\\/134708ca9321c57b0362cceb7948ffbd\"},\"headline\":\"Studie: &#8222;Vielf\u00e4ltiger Wald&#8220; ist stabiler\",\"datePublished\":\"2019-12-03T14:11:02+00:00\",\"dateModified\":\"2022-02-09T10:06:51+00:00\",\"mainEntityOfPage\":{\"@id\":\"https:\\\/\\\/www.organisator.ch\\\/sustainability\\\/2019-12-03\\\/studie-vielfaeltiger-wald-ist-stabiler\\\/\"},\"wordCount\":413,\"publisher\":{\"@id\":\"https:\\\/\\\/www.organisator.ch\\\/#organization\"},\"image\":{\"@id\":\"https:\\\/\\\/www.organisator.ch\\\/sustainability\\\/2019-12-03\\\/studie-vielfaeltiger-wald-ist-stabiler\\\/#primaryimage\"},\"thumbnailUrl\":\"https:\\\/\\\/www.organisator.ch\\\/wp-content\\\/uploads\\\/2019\\\/12\\\/Events_Biodiv-scaled.jpg\",\"keywords\":[\"Biodiversit\u00e4t\",\"Erdoberfl\u00e4che\",\"Schweiz\",\"Studie\",\"Wald\"],\"articleSection\":[\"SUSTAINABILITY\"],\"inLanguage\":\"en-US\"},{\"@type\":\"WebPage\",\"@id\":\"https:\\\/\\\/www.organisator.ch\\\/sustainability\\\/2019-12-03\\\/studie-vielfaeltiger-wald-ist-stabiler\\\/\",\"url\":\"https:\\\/\\\/www.organisator.ch\\\/sustainability\\\/2019-12-03\\\/studie-vielfaeltiger-wald-ist-stabiler\\\/\",\"name\":\"Studie: \\\"Vielf\u00e4ltiger Wald\\\" ist stabiler - Organisator\",\"isPartOf\":{\"@id\":\"https:\\\/\\\/www.organisator.ch\\\/#website\"},\"primaryImageOfPage\":{\"@id\":\"https:\\\/\\\/www.organisator.ch\\\/sustainability\\\/2019-12-03\\\/studie-vielfaeltiger-wald-ist-stabiler\\\/#primaryimage\"},\"image\":{\"@id\":\"https:\\\/\\\/www.organisator.ch\\\/sustainability\\\/2019-12-03\\\/studie-vielfaeltiger-wald-ist-stabiler\\\/#primaryimage\"},\"thumbnailUrl\":\"https:\\\/\\\/www.organisator.ch\\\/wp-content\\\/uploads\\\/2019\\\/12\\\/Events_Biodiv-scaled.jpg\",\"datePublished\":\"2019-12-03T14:11:02+00:00\",\"dateModified\":\"2022-02-09T10:06:51+00:00\",\"description\":\"Die Eidgen\u00f6ssische Forschungsanstalt f\u00fcr Wald, Schnee und Landschaft hat untersucht, welcher Wald am besten vor Rutschungen sch\u00fctzt.\",\"breadcrumb\":{\"@id\":\"https:\\\/\\\/www.organisator.ch\\\/sustainability\\\/2019-12-03\\\/studie-vielfaeltiger-wald-ist-stabiler\\\/#breadcrumb\"},\"inLanguage\":\"en-US\",\"potentialAction\":[{\"@type\":\"ReadAction\",\"target\":[\"https:\\\/\\\/www.organisator.ch\\\/sustainability\\\/2019-12-03\\\/studie-vielfaeltiger-wald-ist-stabiler\\\/\"]}]},{\"@type\":\"ImageObject\",\"inLanguage\":\"en-US\",\"@id\":\"https:\\\/\\\/www.organisator.ch\\\/sustainability\\\/2019-12-03\\\/studie-vielfaeltiger-wald-ist-stabiler\\\/#primaryimage\",\"url\":\"https:\\\/\\\/www.organisator.ch\\\/wp-content\\\/uploads\\\/2019\\\/12\\\/Events_Biodiv-scaled.jpg\",\"contentUrl\":\"https:\\\/\\\/www.organisator.ch\\\/wp-content\\\/uploads\\\/2019\\\/12\\\/Events_Biodiv-scaled.jpg\",\"width\":2560,\"height\":1707},{\"@type\":\"BreadcrumbList\",\"@id\":\"https:\\\/\\\/www.organisator.ch\\\/sustainability\\\/2019-12-03\\\/studie-vielfaeltiger-wald-ist-stabiler\\\/#breadcrumb\",\"itemListElement\":[{\"@type\":\"ListItem\",\"position\":1,\"name\":\"Home\",\"item\":\"https:\\\/\\\/www.organisator.ch\\\/\"},{\"@type\":\"ListItem\",\"position\":2,\"name\":\"Studie: &#8222;Vielf\u00e4ltiger Wald&#8220; ist stabiler\"}]},{\"@type\":\"WebSite\",\"@id\":\"https:\\\/\\\/www.organisator.ch\\\/#website\",\"url\":\"https:\\\/\\\/www.organisator.ch\\\/\",\"name\":\"Organisator\",\"description\":\"Kompetent. Praxisnah. Der ORGANISATOR bereitet in 10 Ausgaben pro Jahr die wesentlichen Themen f\u00fcr F\u00fchrungskr\u00e4fte von KMU auf.\",\"publisher\":{\"@id\":\"https:\\\/\\\/www.organisator.ch\\\/#organization\"},\"potentialAction\":[{\"@type\":\"SearchAction\",\"target\":{\"@type\":\"EntryPoint\",\"urlTemplate\":\"https:\\\/\\\/www.organisator.ch\\\/?s={search_term_string}\"},\"query-input\":{\"@type\":\"PropertyValueSpecification\",\"valueRequired\":true,\"valueName\":\"search_term_string\"}}],\"inLanguage\":\"en-US\"},{\"@type\":\"Organization\",\"@id\":\"https:\\\/\\\/www.organisator.ch\\\/#organization\",\"name\":\"Organisator\",\"url\":\"https:\\\/\\\/www.organisator.ch\\\/\",\"logo\":{\"@type\":\"ImageObject\",\"inLanguage\":\"en-US\",\"@id\":\"https:\\\/\\\/www.organisator.ch\\\/#\\\/schema\\\/logo\\\/image\\\/\",\"url\":\"https:\\\/\\\/www.organisator.ch\\\/wp-content\\\/uploads\\\/2022\\\/01\\\/Logo_Organisator_Website.png\",\"contentUrl\":\"https:\\\/\\\/www.organisator.ch\\\/wp-content\\\/uploads\\\/2022\\\/01\\\/Logo_Organisator_Website.png\",\"width\":800,\"height\":77,\"caption\":\"Organisator\"},\"image\":{\"@id\":\"https:\\\/\\\/www.organisator.ch\\\/#\\\/schema\\\/logo\\\/image\\\/\"},\"sameAs\":[\"https:\\\/\\\/www.facebook.com\\\/OrganisatorFachmagazin\",\"https:\\\/\\\/www.linkedin.com\\\/showcase\\\/organisator-das-magazin-fr-kmu\",\"https:\\\/\\\/www.xing.com\\\/news\\\/pages\\\/organisator-ch-695\",\"https:\\\/\\\/www.youtube.com\\\/channel\\\/UCGP2Sq0iWaZwT3BdIAQFYpw\"]},{\"@type\":\"Person\",\"@id\":\"https:\\\/\\\/www.organisator.ch\\\/#\\\/schema\\\/person\\\/134708ca9321c57b0362cceb7948ffbd\",\"name\":\"michael.merz\",\"image\":{\"@type\":\"ImageObject\",\"inLanguage\":\"en-US\",\"@id\":\"https:\\\/\\\/secure.gravatar.com\\\/avatar\\\/?s=96&d=mm&r=g\",\"url\":\"https:\\\/\\\/secure.gravatar.com\\\/avatar\\\/?s=96&d=mm&r=g\",\"contentUrl\":\"https:\\\/\\\/secure.gravatar.com\\\/avatar\\\/?s=96&d=mm&r=g\",\"caption\":\"michael.merz\"},\"url\":\"https:\\\/\\\/www.organisator.ch\\\/en\\\/author\\\/michael-merz\\\/\"}]}<\/script>\n<!-- \/ Yoast SEO plugin. -->","yoast_head_json":{"title":"Study: \"Diverse forest\" is more stable - Organizer","description":"The Swiss Federal Institute for Forest, Snow and Landscape Research has studied which forest best protects against landslides.","robots":{"index":"index","follow":"follow","max-snippet":"max-snippet:-1","max-image-preview":"max-image-preview:large","max-video-preview":"max-video-preview:-1"},"canonical":"https:\/\/www.organisator.ch\/en\/sustainability\/2019-12-03\/studie-vielfaeltiger-wald-ist-stabiler\/","og_locale":"en_US","og_type":"article","og_title":"Studie: \"Vielf\u00e4ltiger Wald\" ist stabiler - Organisator","og_description":"Die Eidgen\u00f6ssische Forschungsanstalt f\u00fcr Wald, Schnee und Landschaft hat untersucht, welcher Wald am besten vor Rutschungen sch\u00fctzt.","og_url":"https:\/\/www.organisator.ch\/en\/sustainability\/2019-12-03\/studie-vielfaeltiger-wald-ist-stabiler\/","og_site_name":"Organisator","article_publisher":"https:\/\/www.facebook.com\/OrganisatorFachmagazin","article_published_time":"2019-12-03T14:11:02+00:00","article_modified_time":"2022-02-09T10:06:51+00:00","og_image":[{"width":2560,"height":1707,"url":"https:\/\/www.organisator.ch\/wp-content\/uploads\/2019\/12\/Events_Biodiv-scaled.jpg","type":"image\/jpeg"}],"author":"michael.merz","twitter_card":"summary_large_image","schema":{"@context":"https:\/\/schema.org","@graph":[{"@type":"Article","@id":"https:\/\/www.organisator.ch\/sustainability\/2019-12-03\/studie-vielfaeltiger-wald-ist-stabiler\/#article","isPartOf":{"@id":"https:\/\/www.organisator.ch\/sustainability\/2019-12-03\/studie-vielfaeltiger-wald-ist-stabiler\/"},"author":{"name":"michael.merz","@id":"https:\/\/www.organisator.ch\/#\/schema\/person\/134708ca9321c57b0362cceb7948ffbd"},"headline":"Studie: &#8222;Vielf\u00e4ltiger Wald&#8220; ist stabiler","datePublished":"2019-12-03T14:11:02+00:00","dateModified":"2022-02-09T10:06:51+00:00","mainEntityOfPage":{"@id":"https:\/\/www.organisator.ch\/sustainability\/2019-12-03\/studie-vielfaeltiger-wald-ist-stabiler\/"},"wordCount":413,"publisher":{"@id":"https:\/\/www.organisator.ch\/#organization"},"image":{"@id":"https:\/\/www.organisator.ch\/sustainability\/2019-12-03\/studie-vielfaeltiger-wald-ist-stabiler\/#primaryimage"},"thumbnailUrl":"https:\/\/www.organisator.ch\/wp-content\/uploads\/2019\/12\/Events_Biodiv-scaled.jpg","keywords":["Biodiversit\u00e4t","Erdoberfl\u00e4che","Schweiz","Studie","Wald"],"articleSection":["SUSTAINABILITY"],"inLanguage":"en-US"},{"@type":"WebPage","@id":"https:\/\/www.organisator.ch\/sustainability\/2019-12-03\/studie-vielfaeltiger-wald-ist-stabiler\/","url":"https:\/\/www.organisator.ch\/sustainability\/2019-12-03\/studie-vielfaeltiger-wald-ist-stabiler\/","name":"Study: \"Diverse forest\" is more stable - Organizer","isPartOf":{"@id":"https:\/\/www.organisator.ch\/#website"},"primaryImageOfPage":{"@id":"https:\/\/www.organisator.ch\/sustainability\/2019-12-03\/studie-vielfaeltiger-wald-ist-stabiler\/#primaryimage"},"image":{"@id":"https:\/\/www.organisator.ch\/sustainability\/2019-12-03\/studie-vielfaeltiger-wald-ist-stabiler\/#primaryimage"},"thumbnailUrl":"https:\/\/www.organisator.ch\/wp-content\/uploads\/2019\/12\/Events_Biodiv-scaled.jpg","datePublished":"2019-12-03T14:11:02+00:00","dateModified":"2022-02-09T10:06:51+00:00","description":"The Swiss Federal Institute for Forest, Snow and Landscape Research has studied which forest best protects against landslides.","breadcrumb":{"@id":"https:\/\/www.organisator.ch\/sustainability\/2019-12-03\/studie-vielfaeltiger-wald-ist-stabiler\/#breadcrumb"},"inLanguage":"en-US","potentialAction":[{"@type":"ReadAction","target":["https:\/\/www.organisator.ch\/sustainability\/2019-12-03\/studie-vielfaeltiger-wald-ist-stabiler\/"]}]},{"@type":"ImageObject","inLanguage":"en-US","@id":"https:\/\/www.organisator.ch\/sustainability\/2019-12-03\/studie-vielfaeltiger-wald-ist-stabiler\/#primaryimage","url":"https:\/\/www.organisator.ch\/wp-content\/uploads\/2019\/12\/Events_Biodiv-scaled.jpg","contentUrl":"https:\/\/www.organisator.ch\/wp-content\/uploads\/2019\/12\/Events_Biodiv-scaled.jpg","width":2560,"height":1707},{"@type":"BreadcrumbList","@id":"https:\/\/www.organisator.ch\/sustainability\/2019-12-03\/studie-vielfaeltiger-wald-ist-stabiler\/#breadcrumb","itemListElement":[{"@type":"ListItem","position":1,"name":"Home","item":"https:\/\/www.organisator.ch\/"},{"@type":"ListItem","position":2,"name":"Studie: &#8222;Vielf\u00e4ltiger Wald&#8220; ist stabiler"}]},{"@type":"WebSite","@id":"https:\/\/www.organisator.ch\/#website","url":"https:\/\/www.organisator.ch\/","name":"Organizer","description":"Competent. Practical. In 10 issues per year, ORGANISATOR presents the essential topics for managers of SMEs.","publisher":{"@id":"https:\/\/www.organisator.ch\/#organization"},"potentialAction":[{"@type":"SearchAction","target":{"@type":"EntryPoint","urlTemplate":"https:\/\/www.organisator.ch\/?s={search_term_string}"},"query-input":{"@type":"PropertyValueSpecification","valueRequired":true,"valueName":"search_term_string"}}],"inLanguage":"en-US"},{"@type":"Organization","@id":"https:\/\/www.organisator.ch\/#organization","name":"Organizer","url":"https:\/\/www.organisator.ch\/","logo":{"@type":"ImageObject","inLanguage":"en-US","@id":"https:\/\/www.organisator.ch\/#\/schema\/logo\/image\/","url":"https:\/\/www.organisator.ch\/wp-content\/uploads\/2022\/01\/Logo_Organisator_Website.png","contentUrl":"https:\/\/www.organisator.ch\/wp-content\/uploads\/2022\/01\/Logo_Organisator_Website.png","width":800,"height":77,"caption":"Organisator"},"image":{"@id":"https:\/\/www.organisator.ch\/#\/schema\/logo\/image\/"},"sameAs":["https:\/\/www.facebook.com\/OrganisatorFachmagazin","https:\/\/www.linkedin.com\/showcase\/organisator-das-magazin-fr-kmu","https:\/\/www.xing.com\/news\/pages\/organisator-ch-695","https:\/\/www.youtube.com\/channel\/UCGP2Sq0iWaZwT3BdIAQFYpw"]},{"@type":"Person","@id":"https:\/\/www.organisator.ch\/#\/schema\/person\/134708ca9321c57b0362cceb7948ffbd","name":"michael.merz","image":{"@type":"ImageObject","inLanguage":"en-US","@id":"https:\/\/secure.gravatar.com\/avatar\/?s=96&d=mm&r=g","url":"https:\/\/secure.gravatar.com\/avatar\/?s=96&d=mm&r=g","contentUrl":"https:\/\/secure.gravatar.com\/avatar\/?s=96&d=mm&r=g","caption":"michael.merz"},"url":"https:\/\/www.organisator.ch\/en\/author\/michael-merz\/"}]}},"_links":{"self":[{"href":"https:\/\/www.organisator.ch\/en\/wp-json\/wp\/v2\/posts\/10137","targetHints":{"allow":["GET"]}}],"collection":[{"href":"https:\/\/www.organisator.ch\/en\/wp-json\/wp\/v2\/posts"}],"about":[{"href":"https:\/\/www.organisator.ch\/en\/wp-json\/wp\/v2\/types\/post"}],"author":[{"embeddable":true,"href":"https:\/\/www.organisator.ch\/en\/wp-json\/wp\/v2\/users\/5"}],"replies":[{"embeddable":true,"href":"https:\/\/www.organisator.ch\/en\/wp-json\/wp\/v2\/comments?post=10137"}],"version-history":[{"count":1,"href":"https:\/\/www.organisator.ch\/en\/wp-json\/wp\/v2\/posts\/10137\/revisions"}],"predecessor-version":[{"id":10688,"href":"https:\/\/www.organisator.ch\/en\/wp-json\/wp\/v2\/posts\/10137\/revisions\/10688"}],"wp:featuredmedia":[{"embeddable":true,"href":"https:\/\/www.organisator.ch\/en\/wp-json\/wp\/v2\/media\/2661"}],"wp:attachment":[{"href":"https:\/\/www.organisator.ch\/en\/wp-json\/wp\/v2\/media?parent=10137"}],"wp:term":[{"taxonomy":"category","embeddable":true,"href":"https:\/\/www.organisator.ch\/en\/wp-json\/wp\/v2\/categories?post=10137"},{"taxonomy":"post_tag","embeddable":true,"href":"https:\/\/www.organisator.ch\/en\/wp-json\/wp\/v2\/tags?post=10137"}],"curies":[{"name":"wp","href":"https:\/\/api.w.org\/{rel}","templated":true}]}}