{"id":10140,"date":"2020-01-03T10:50:41","date_gmt":"2020-01-03T09:50:41","guid":{"rendered":"https:\/\/www.umweltperspektiven.ch\/?p=2703"},"modified":"2022-02-09T11:10:01","modified_gmt":"2022-02-09T10:10:01","slug":"bundesrat-setzt-sich-fuer-einen-nachhaltigen-finanzplatz-schweiz-ein","status":"publish","type":"post","link":"https:\/\/www.organisator.ch\/en\/sustainability\/2020-01-03\/bundesrat-setzt-sich-fuer-einen-nachhaltigen-finanzplatz-schweiz-ein\/","title":{"rendered":"Federal Council advocates a sustainable Swiss financial center"},"content":{"rendered":"<figure id=\"attachment_2704\" aria-describedby=\"caption-attachment-2704\" style=\"width: 680px\" class=\"wp-caption alignnone\"><img loading=\"lazy\" decoding=\"async\" class=\"size-medium wp-image-2704\" src=\"\/\/www.umweltperspektiven.ch\/wp-content\/uploads\/2020\/01\/NachhaltigerFinanzsektor_UP_Umwelt-Perspektiven.jpg\" alt=\"\" width=\"680\" height=\"494\" \/><figcaption id=\"caption-attachment-2704\" class=\"wp-caption-text\">The Federal Council has once again discussed the sustainable financial center. (Image: Unsplash)<\/figcaption><\/figure>\n<p>The Federal Council sees great opportunities for a sustainable Swiss financial center. It wants to create the framework conditions that will allow the financial center to be competitive in the area of sustainable finance.<\/p>\n<p><strong>Internal working group<\/strong><\/p>\n<p>As part of its June 26, 2019 debate on a sustainable Swiss financial center, the Swiss government established an internal working group and tasked it with various clarifications on this issue. Led by the State Secretariat for International Financial Matters (SIF), the working group also consults with stakeholders in the financial market industry and interested external bodies, in close cooperation with the FOEN and other authorities such as the Federal Department of Foreign Affairs (FDFA) and the State Secretariat for Economic Affairs (SECO).<\/p>\n<p>One of the tasks of the working group is to discuss financial market regulation from a sustainability perspective.<\/p>\n<p><strong>Targets<\/strong><\/p>\n<p>Any need for action must meet the following overarching objectives: Increasing the competitiveness of the Swiss financial center, namely improving its ability to meet the demand for sustainable financial products, and achieving the climate targets. Accordingly, the Federal Council has now instructed the FDF to examine the following points in greater detail from the perspective of climate and environmental risks or their effects:<\/p>\n<p>1. obligation to systematically disclose relevant and comparable information to customers, owners and investors; 2. strengthening of legal certainty in connection with due diligence obligations; 3. consideration of climate and environmental risks or their effects in all matters relating to financial market stability.<\/p>\n<p>The Federal Council's policy on sustainability in the financial sector is guided by the principle of subsidiarity of government action and the primacy of market-based approaches. These principles will also have to be taken into account when considering the above issues.<\/p>\n<p>In spring 2020, the working group will present its conclusions on the impact of the EU Action Plan for a Sustainable Financial Sector on the Swiss financial center and take stock of the measures taken so far by the public sector and the financial industry.<\/p>\n<p><a href=\"\/\/www.admin.ch\">www.admin.ch<\/a><\/p>","protected":false},"excerpt":{"rendered":"<p>Der Bundesrat sieht grosse Chancen f\u00fcr einen nachhaltigen Finanzplatz Schweiz. Er will die Rahmenbedingungen schaffen, die es dem Finanzplatz erlauben, im Bereich nachhaltiger Finanzen wettbewerbsf\u00e4hig zu sein. Interne Arbeitsgruppe Die Schweizer Regierung hat im Rahmen seiner Aussprache vom 26.\u00a0Juni 2019 \u00fcber einen nachhaltigen Finanzplatz Schweiz eine interne Arbeitsgruppe eingesetzt und sie mit verschiedenen Abkl\u00e4rungen zu [&hellip;]<\/p>\n","protected":false},"author":5,"featured_media":2704,"comment_status":"closed","ping_status":"closed","sticky":false,"template":"","format":"standard","meta":{"_acf_changed":false,"_yoast_wpseo_focuskw":"Nachhaltigen Finanzplatz","_yoast_wpseo_metadesc":"Laut einer Medienmitteilung vom Bund hat der Bundesrat in der Aussprache vom 6. Dezember 2019 \u00fcber einen nachhaltigen Finanzplatz Schweiz diskutiert.","articlekey":"","footnotes":""},"categories":[580],"tags":[723,1179,1752,424,2602],"class_list":["post-10140","post","type-post","status-publish","format-standard","has-post-thumbnail","hentry","category-sustainability","tag-arbeitsgruppe","tag-finanzplatz","tag-nachhaltig-anlegen","tag-schweiz","tag-ziele"],"acf":[],"yoast_head":"<!-- This site is optimized with the Yoast SEO plugin v27.5 - https:\/\/yoast.com\/product\/yoast-seo-wordpress\/ -->\n<title>Bundesrat setzt sich f\u00fcr einen nachhaltigen Finanzplatz Schweiz ein - Organisator<\/title>\n<meta name=\"description\" content=\"Laut einer Medienmitteilung vom Bund hat der Bundesrat in der Aussprache vom 6. Dezember 2019 \u00fcber einen nachhaltigen Finanzplatz Schweiz diskutiert.\" \/>\n<meta name=\"robots\" content=\"index, follow, max-snippet:-1, max-image-preview:large, max-video-preview:-1\" \/>\n<link rel=\"canonical\" href=\"https:\/\/www.organisator.ch\/en\/sustainability\/2020-01-03\/bundesrat-setzt-sich-fuer-einen-nachhaltigen-finanzplatz-schweiz-ein\/\" \/>\n<meta property=\"og:locale\" content=\"en_US\" \/>\n<meta property=\"og:type\" content=\"article\" \/>\n<meta property=\"og:title\" content=\"Bundesrat setzt sich f\u00fcr einen nachhaltigen Finanzplatz Schweiz ein - Organisator\" \/>\n<meta property=\"og:description\" content=\"Laut einer Medienmitteilung vom Bund hat der Bundesrat in der Aussprache vom 6. Dezember 2019 \u00fcber einen nachhaltigen Finanzplatz Schweiz diskutiert.\" \/>\n<meta property=\"og:url\" content=\"https:\/\/www.organisator.ch\/en\/sustainability\/2020-01-03\/bundesrat-setzt-sich-fuer-einen-nachhaltigen-finanzplatz-schweiz-ein\/\" \/>\n<meta property=\"og:site_name\" content=\"Organisator\" \/>\n<meta property=\"article:publisher\" content=\"https:\/\/www.facebook.com\/OrganisatorFachmagazin\" \/>\n<meta property=\"article:published_time\" content=\"2020-01-03T09:50:41+00:00\" \/>\n<meta property=\"article:modified_time\" content=\"2022-02-09T10:10:01+00:00\" \/>\n<meta property=\"og:image\" content=\"https:\/\/www.organisator.ch\/wp-content\/uploads\/2020\/01\/NachhaltigerFinanzsektor_UP_Umwelt-Perspektiven-scaled.jpg\" \/>\n\t<meta property=\"og:image:width\" content=\"2560\" \/>\n\t<meta property=\"og:image:height\" content=\"1862\" \/>\n\t<meta property=\"og:image:type\" content=\"image\/jpeg\" \/>\n<meta name=\"author\" content=\"michael.merz\" \/>\n<meta name=\"twitter:card\" content=\"summary_large_image\" \/>\n<script type=\"application\/ld+json\" class=\"yoast-schema-graph\">{\"@context\":\"https:\\\/\\\/schema.org\",\"@graph\":[{\"@type\":\"Article\",\"@id\":\"https:\\\/\\\/www.organisator.ch\\\/sustainability\\\/2020-01-03\\\/bundesrat-setzt-sich-fuer-einen-nachhaltigen-finanzplatz-schweiz-ein\\\/#article\",\"isPartOf\":{\"@id\":\"https:\\\/\\\/www.organisator.ch\\\/sustainability\\\/2020-01-03\\\/bundesrat-setzt-sich-fuer-einen-nachhaltigen-finanzplatz-schweiz-ein\\\/\"},\"author\":{\"name\":\"michael.merz\",\"@id\":\"https:\\\/\\\/www.organisator.ch\\\/#\\\/schema\\\/person\\\/134708ca9321c57b0362cceb7948ffbd\"},\"headline\":\"Bundesrat setzt sich f\u00fcr einen nachhaltigen Finanzplatz Schweiz ein\",\"datePublished\":\"2020-01-03T09:50:41+00:00\",\"dateModified\":\"2022-02-09T10:10:01+00:00\",\"mainEntityOfPage\":{\"@id\":\"https:\\\/\\\/www.organisator.ch\\\/sustainability\\\/2020-01-03\\\/bundesrat-setzt-sich-fuer-einen-nachhaltigen-finanzplatz-schweiz-ein\\\/\"},\"wordCount\":342,\"publisher\":{\"@id\":\"https:\\\/\\\/www.organisator.ch\\\/#organization\"},\"image\":{\"@id\":\"https:\\\/\\\/www.organisator.ch\\\/sustainability\\\/2020-01-03\\\/bundesrat-setzt-sich-fuer-einen-nachhaltigen-finanzplatz-schweiz-ein\\\/#primaryimage\"},\"thumbnailUrl\":\"https:\\\/\\\/www.organisator.ch\\\/wp-content\\\/uploads\\\/2020\\\/01\\\/NachhaltigerFinanzsektor_UP_Umwelt-Perspektiven-scaled.jpg\",\"keywords\":[\"Arbeitsgruppe\",\"Finanzplatz\",\"nachhaltig anlegen\",\"Schweiz\",\"Ziele\"],\"articleSection\":[\"SUSTAINABILITY\"],\"inLanguage\":\"en-US\"},{\"@type\":\"WebPage\",\"@id\":\"https:\\\/\\\/www.organisator.ch\\\/sustainability\\\/2020-01-03\\\/bundesrat-setzt-sich-fuer-einen-nachhaltigen-finanzplatz-schweiz-ein\\\/\",\"url\":\"https:\\\/\\\/www.organisator.ch\\\/sustainability\\\/2020-01-03\\\/bundesrat-setzt-sich-fuer-einen-nachhaltigen-finanzplatz-schweiz-ein\\\/\",\"name\":\"Bundesrat setzt sich f\u00fcr einen nachhaltigen Finanzplatz Schweiz ein - Organisator\",\"isPartOf\":{\"@id\":\"https:\\\/\\\/www.organisator.ch\\\/#website\"},\"primaryImageOfPage\":{\"@id\":\"https:\\\/\\\/www.organisator.ch\\\/sustainability\\\/2020-01-03\\\/bundesrat-setzt-sich-fuer-einen-nachhaltigen-finanzplatz-schweiz-ein\\\/#primaryimage\"},\"image\":{\"@id\":\"https:\\\/\\\/www.organisator.ch\\\/sustainability\\\/2020-01-03\\\/bundesrat-setzt-sich-fuer-einen-nachhaltigen-finanzplatz-schweiz-ein\\\/#primaryimage\"},\"thumbnailUrl\":\"https:\\\/\\\/www.organisator.ch\\\/wp-content\\\/uploads\\\/2020\\\/01\\\/NachhaltigerFinanzsektor_UP_Umwelt-Perspektiven-scaled.jpg\",\"datePublished\":\"2020-01-03T09:50:41+00:00\",\"dateModified\":\"2022-02-09T10:10:01+00:00\",\"description\":\"Laut einer Medienmitteilung vom Bund hat der Bundesrat in der Aussprache vom 6. Dezember 2019 \u00fcber einen nachhaltigen Finanzplatz Schweiz diskutiert.\",\"breadcrumb\":{\"@id\":\"https:\\\/\\\/www.organisator.ch\\\/sustainability\\\/2020-01-03\\\/bundesrat-setzt-sich-fuer-einen-nachhaltigen-finanzplatz-schweiz-ein\\\/#breadcrumb\"},\"inLanguage\":\"en-US\",\"potentialAction\":[{\"@type\":\"ReadAction\",\"target\":[\"https:\\\/\\\/www.organisator.ch\\\/sustainability\\\/2020-01-03\\\/bundesrat-setzt-sich-fuer-einen-nachhaltigen-finanzplatz-schweiz-ein\\\/\"]}]},{\"@type\":\"ImageObject\",\"inLanguage\":\"en-US\",\"@id\":\"https:\\\/\\\/www.organisator.ch\\\/sustainability\\\/2020-01-03\\\/bundesrat-setzt-sich-fuer-einen-nachhaltigen-finanzplatz-schweiz-ein\\\/#primaryimage\",\"url\":\"https:\\\/\\\/www.organisator.ch\\\/wp-content\\\/uploads\\\/2020\\\/01\\\/NachhaltigerFinanzsektor_UP_Umwelt-Perspektiven-scaled.jpg\",\"contentUrl\":\"https:\\\/\\\/www.organisator.ch\\\/wp-content\\\/uploads\\\/2020\\\/01\\\/NachhaltigerFinanzsektor_UP_Umwelt-Perspektiven-scaled.jpg\",\"width\":2560,\"height\":1862,\"caption\":\"Der Bundesrat hat erneut \u00fcber den nachhaltigen Finanzplatz diskutiert. (Bild: Unsplash)\"},{\"@type\":\"BreadcrumbList\",\"@id\":\"https:\\\/\\\/www.organisator.ch\\\/sustainability\\\/2020-01-03\\\/bundesrat-setzt-sich-fuer-einen-nachhaltigen-finanzplatz-schweiz-ein\\\/#breadcrumb\",\"itemListElement\":[{\"@type\":\"ListItem\",\"position\":1,\"name\":\"Home\",\"item\":\"https:\\\/\\\/www.organisator.ch\\\/\"},{\"@type\":\"ListItem\",\"position\":2,\"name\":\"Bundesrat setzt sich f\u00fcr einen nachhaltigen Finanzplatz Schweiz ein\"}]},{\"@type\":\"WebSite\",\"@id\":\"https:\\\/\\\/www.organisator.ch\\\/#website\",\"url\":\"https:\\\/\\\/www.organisator.ch\\\/\",\"name\":\"Organisator\",\"description\":\"Kompetent. Praxisnah. Der ORGANISATOR bereitet in 10 Ausgaben pro Jahr die wesentlichen Themen f\u00fcr F\u00fchrungskr\u00e4fte von KMU auf.\",\"publisher\":{\"@id\":\"https:\\\/\\\/www.organisator.ch\\\/#organization\"},\"potentialAction\":[{\"@type\":\"SearchAction\",\"target\":{\"@type\":\"EntryPoint\",\"urlTemplate\":\"https:\\\/\\\/www.organisator.ch\\\/?s={search_term_string}\"},\"query-input\":{\"@type\":\"PropertyValueSpecification\",\"valueRequired\":true,\"valueName\":\"search_term_string\"}}],\"inLanguage\":\"en-US\"},{\"@type\":\"Organization\",\"@id\":\"https:\\\/\\\/www.organisator.ch\\\/#organization\",\"name\":\"Organisator\",\"url\":\"https:\\\/\\\/www.organisator.ch\\\/\",\"logo\":{\"@type\":\"ImageObject\",\"inLanguage\":\"en-US\",\"@id\":\"https:\\\/\\\/www.organisator.ch\\\/#\\\/schema\\\/logo\\\/image\\\/\",\"url\":\"https:\\\/\\\/www.organisator.ch\\\/wp-content\\\/uploads\\\/2022\\\/01\\\/Logo_Organisator_Website.png\",\"contentUrl\":\"https:\\\/\\\/www.organisator.ch\\\/wp-content\\\/uploads\\\/2022\\\/01\\\/Logo_Organisator_Website.png\",\"width\":800,\"height\":77,\"caption\":\"Organisator\"},\"image\":{\"@id\":\"https:\\\/\\\/www.organisator.ch\\\/#\\\/schema\\\/logo\\\/image\\\/\"},\"sameAs\":[\"https:\\\/\\\/www.facebook.com\\\/OrganisatorFachmagazin\",\"https:\\\/\\\/www.linkedin.com\\\/showcase\\\/organisator-das-magazin-fr-kmu\",\"https:\\\/\\\/www.xing.com\\\/news\\\/pages\\\/organisator-ch-695\",\"https:\\\/\\\/www.youtube.com\\\/channel\\\/UCGP2Sq0iWaZwT3BdIAQFYpw\"]},{\"@type\":\"Person\",\"@id\":\"https:\\\/\\\/www.organisator.ch\\\/#\\\/schema\\\/person\\\/134708ca9321c57b0362cceb7948ffbd\",\"name\":\"michael.merz\",\"image\":{\"@type\":\"ImageObject\",\"inLanguage\":\"en-US\",\"@id\":\"https:\\\/\\\/secure.gravatar.com\\\/avatar\\\/?s=96&d=mm&r=g\",\"url\":\"https:\\\/\\\/secure.gravatar.com\\\/avatar\\\/?s=96&d=mm&r=g\",\"contentUrl\":\"https:\\\/\\\/secure.gravatar.com\\\/avatar\\\/?s=96&d=mm&r=g\",\"caption\":\"michael.merz\"},\"url\":\"https:\\\/\\\/www.organisator.ch\\\/en\\\/author\\\/michael-merz\\\/\"}]}<\/script>\n<!-- \/ Yoast SEO plugin. -->","yoast_head_json":{"title":"Federal Council is committed to a sustainable Swiss financial center - Organizer","description":"According to a media release from the federal government, the Federal Council discussed a sustainable Swiss financial center during the debate on December 6, 2019.","robots":{"index":"index","follow":"follow","max-snippet":"max-snippet:-1","max-image-preview":"max-image-preview:large","max-video-preview":"max-video-preview:-1"},"canonical":"https:\/\/www.organisator.ch\/en\/sustainability\/2020-01-03\/bundesrat-setzt-sich-fuer-einen-nachhaltigen-finanzplatz-schweiz-ein\/","og_locale":"en_US","og_type":"article","og_title":"Bundesrat setzt sich f\u00fcr einen nachhaltigen Finanzplatz Schweiz ein - Organisator","og_description":"Laut einer Medienmitteilung vom Bund hat der Bundesrat in der Aussprache vom 6. Dezember 2019 \u00fcber einen nachhaltigen Finanzplatz Schweiz diskutiert.","og_url":"https:\/\/www.organisator.ch\/en\/sustainability\/2020-01-03\/bundesrat-setzt-sich-fuer-einen-nachhaltigen-finanzplatz-schweiz-ein\/","og_site_name":"Organisator","article_publisher":"https:\/\/www.facebook.com\/OrganisatorFachmagazin","article_published_time":"2020-01-03T09:50:41+00:00","article_modified_time":"2022-02-09T10:10:01+00:00","og_image":[{"width":2560,"height":1862,"url":"https:\/\/www.organisator.ch\/wp-content\/uploads\/2020\/01\/NachhaltigerFinanzsektor_UP_Umwelt-Perspektiven-scaled.jpg","type":"image\/jpeg"}],"author":"michael.merz","twitter_card":"summary_large_image","schema":{"@context":"https:\/\/schema.org","@graph":[{"@type":"Article","@id":"https:\/\/www.organisator.ch\/sustainability\/2020-01-03\/bundesrat-setzt-sich-fuer-einen-nachhaltigen-finanzplatz-schweiz-ein\/#article","isPartOf":{"@id":"https:\/\/www.organisator.ch\/sustainability\/2020-01-03\/bundesrat-setzt-sich-fuer-einen-nachhaltigen-finanzplatz-schweiz-ein\/"},"author":{"name":"michael.merz","@id":"https:\/\/www.organisator.ch\/#\/schema\/person\/134708ca9321c57b0362cceb7948ffbd"},"headline":"Bundesrat setzt sich f\u00fcr einen nachhaltigen Finanzplatz Schweiz ein","datePublished":"2020-01-03T09:50:41+00:00","dateModified":"2022-02-09T10:10:01+00:00","mainEntityOfPage":{"@id":"https:\/\/www.organisator.ch\/sustainability\/2020-01-03\/bundesrat-setzt-sich-fuer-einen-nachhaltigen-finanzplatz-schweiz-ein\/"},"wordCount":342,"publisher":{"@id":"https:\/\/www.organisator.ch\/#organization"},"image":{"@id":"https:\/\/www.organisator.ch\/sustainability\/2020-01-03\/bundesrat-setzt-sich-fuer-einen-nachhaltigen-finanzplatz-schweiz-ein\/#primaryimage"},"thumbnailUrl":"https:\/\/www.organisator.ch\/wp-content\/uploads\/2020\/01\/NachhaltigerFinanzsektor_UP_Umwelt-Perspektiven-scaled.jpg","keywords":["Arbeitsgruppe","Finanzplatz","nachhaltig anlegen","Schweiz","Ziele"],"articleSection":["SUSTAINABILITY"],"inLanguage":"en-US"},{"@type":"WebPage","@id":"https:\/\/www.organisator.ch\/sustainability\/2020-01-03\/bundesrat-setzt-sich-fuer-einen-nachhaltigen-finanzplatz-schweiz-ein\/","url":"https:\/\/www.organisator.ch\/sustainability\/2020-01-03\/bundesrat-setzt-sich-fuer-einen-nachhaltigen-finanzplatz-schweiz-ein\/","name":"Federal Council is committed to a sustainable Swiss financial center - Organizer","isPartOf":{"@id":"https:\/\/www.organisator.ch\/#website"},"primaryImageOfPage":{"@id":"https:\/\/www.organisator.ch\/sustainability\/2020-01-03\/bundesrat-setzt-sich-fuer-einen-nachhaltigen-finanzplatz-schweiz-ein\/#primaryimage"},"image":{"@id":"https:\/\/www.organisator.ch\/sustainability\/2020-01-03\/bundesrat-setzt-sich-fuer-einen-nachhaltigen-finanzplatz-schweiz-ein\/#primaryimage"},"thumbnailUrl":"https:\/\/www.organisator.ch\/wp-content\/uploads\/2020\/01\/NachhaltigerFinanzsektor_UP_Umwelt-Perspektiven-scaled.jpg","datePublished":"2020-01-03T09:50:41+00:00","dateModified":"2022-02-09T10:10:01+00:00","description":"According to a media release from the federal government, the Federal Council discussed a sustainable Swiss financial center during the debate on December 6, 2019.","breadcrumb":{"@id":"https:\/\/www.organisator.ch\/sustainability\/2020-01-03\/bundesrat-setzt-sich-fuer-einen-nachhaltigen-finanzplatz-schweiz-ein\/#breadcrumb"},"inLanguage":"en-US","potentialAction":[{"@type":"ReadAction","target":["https:\/\/www.organisator.ch\/sustainability\/2020-01-03\/bundesrat-setzt-sich-fuer-einen-nachhaltigen-finanzplatz-schweiz-ein\/"]}]},{"@type":"ImageObject","inLanguage":"en-US","@id":"https:\/\/www.organisator.ch\/sustainability\/2020-01-03\/bundesrat-setzt-sich-fuer-einen-nachhaltigen-finanzplatz-schweiz-ein\/#primaryimage","url":"https:\/\/www.organisator.ch\/wp-content\/uploads\/2020\/01\/NachhaltigerFinanzsektor_UP_Umwelt-Perspektiven-scaled.jpg","contentUrl":"https:\/\/www.organisator.ch\/wp-content\/uploads\/2020\/01\/NachhaltigerFinanzsektor_UP_Umwelt-Perspektiven-scaled.jpg","width":2560,"height":1862,"caption":"Der Bundesrat hat erneut \u00fcber den nachhaltigen Finanzplatz diskutiert. (Bild: Unsplash)"},{"@type":"BreadcrumbList","@id":"https:\/\/www.organisator.ch\/sustainability\/2020-01-03\/bundesrat-setzt-sich-fuer-einen-nachhaltigen-finanzplatz-schweiz-ein\/#breadcrumb","itemListElement":[{"@type":"ListItem","position":1,"name":"Home","item":"https:\/\/www.organisator.ch\/"},{"@type":"ListItem","position":2,"name":"Bundesrat setzt sich f\u00fcr einen nachhaltigen Finanzplatz Schweiz ein"}]},{"@type":"WebSite","@id":"https:\/\/www.organisator.ch\/#website","url":"https:\/\/www.organisator.ch\/","name":"Organizer","description":"Competent. Practical. In 10 issues per year, ORGANISATOR presents the essential topics for managers of SMEs.","publisher":{"@id":"https:\/\/www.organisator.ch\/#organization"},"potentialAction":[{"@type":"SearchAction","target":{"@type":"EntryPoint","urlTemplate":"https:\/\/www.organisator.ch\/?s={search_term_string}"},"query-input":{"@type":"PropertyValueSpecification","valueRequired":true,"valueName":"search_term_string"}}],"inLanguage":"en-US"},{"@type":"Organization","@id":"https:\/\/www.organisator.ch\/#organization","name":"Organizer","url":"https:\/\/www.organisator.ch\/","logo":{"@type":"ImageObject","inLanguage":"en-US","@id":"https:\/\/www.organisator.ch\/#\/schema\/logo\/image\/","url":"https:\/\/www.organisator.ch\/wp-content\/uploads\/2022\/01\/Logo_Organisator_Website.png","contentUrl":"https:\/\/www.organisator.ch\/wp-content\/uploads\/2022\/01\/Logo_Organisator_Website.png","width":800,"height":77,"caption":"Organisator"},"image":{"@id":"https:\/\/www.organisator.ch\/#\/schema\/logo\/image\/"},"sameAs":["https:\/\/www.facebook.com\/OrganisatorFachmagazin","https:\/\/www.linkedin.com\/showcase\/organisator-das-magazin-fr-kmu","https:\/\/www.xing.com\/news\/pages\/organisator-ch-695","https:\/\/www.youtube.com\/channel\/UCGP2Sq0iWaZwT3BdIAQFYpw"]},{"@type":"Person","@id":"https:\/\/www.organisator.ch\/#\/schema\/person\/134708ca9321c57b0362cceb7948ffbd","name":"michael.merz","image":{"@type":"ImageObject","inLanguage":"en-US","@id":"https:\/\/secure.gravatar.com\/avatar\/?s=96&d=mm&r=g","url":"https:\/\/secure.gravatar.com\/avatar\/?s=96&d=mm&r=g","contentUrl":"https:\/\/secure.gravatar.com\/avatar\/?s=96&d=mm&r=g","caption":"michael.merz"},"url":"https:\/\/www.organisator.ch\/en\/author\/michael-merz\/"}]}},"_links":{"self":[{"href":"https:\/\/www.organisator.ch\/en\/wp-json\/wp\/v2\/posts\/10140","targetHints":{"allow":["GET"]}}],"collection":[{"href":"https:\/\/www.organisator.ch\/en\/wp-json\/wp\/v2\/posts"}],"about":[{"href":"https:\/\/www.organisator.ch\/en\/wp-json\/wp\/v2\/types\/post"}],"author":[{"embeddable":true,"href":"https:\/\/www.organisator.ch\/en\/wp-json\/wp\/v2\/users\/5"}],"replies":[{"embeddable":true,"href":"https:\/\/www.organisator.ch\/en\/wp-json\/wp\/v2\/comments?post=10140"}],"version-history":[{"count":1,"href":"https:\/\/www.organisator.ch\/en\/wp-json\/wp\/v2\/posts\/10140\/revisions"}],"predecessor-version":[{"id":10860,"href":"https:\/\/www.organisator.ch\/en\/wp-json\/wp\/v2\/posts\/10140\/revisions\/10860"}],"wp:featuredmedia":[{"embeddable":true,"href":"https:\/\/www.organisator.ch\/en\/wp-json\/wp\/v2\/media\/2704"}],"wp:attachment":[{"href":"https:\/\/www.organisator.ch\/en\/wp-json\/wp\/v2\/media?parent=10140"}],"wp:term":[{"taxonomy":"category","embeddable":true,"href":"https:\/\/www.organisator.ch\/en\/wp-json\/wp\/v2\/categories?post=10140"},{"taxonomy":"post_tag","embeddable":true,"href":"https:\/\/www.organisator.ch\/en\/wp-json\/wp\/v2\/tags?post=10140"}],"curies":[{"name":"wp","href":"https:\/\/api.w.org\/{rel}","templated":true}]}}