{"id":10142,"date":"2020-01-07T17:39:06","date_gmt":"2020-01-07T16:39:06","guid":{"rendered":"https:\/\/www.umweltperspektiven.ch\/?p=2710"},"modified":"2022-02-09T11:06:51","modified_gmt":"2022-02-09T10:06:51","slug":"2020-das-jahr-des-waldes","status":"publish","type":"post","link":"https:\/\/www.organisator.ch\/en\/sustainability\/2020-01-07\/2020-das-jahr-des-waldes\/","title":{"rendered":"2020: the year of the forest"},"content":{"rendered":"<p><iframe loading=\"lazy\" title=\"Why 2020 will be the Year of The Forests | New Years Resolution\" width=\"768\" height=\"432\" src=\"https:\/\/www.youtube.com\/embed\/MLgX12BMT7g?start=3&#038;feature=oembed\" frameborder=\"0\" allow=\"accelerometer; autoplay; clipboard-write; encrypted-media; gyroscope; picture-in-picture\" allowfullscreen><\/iframe><\/p>\n<p>2019 was a historic year in terms of climate justice. What will 2020 bring? (Source: ecosia.org)<\/p>\n<p>What does the New Year bring in the context of forests? 2019 was marked by the worsening climate crisis. But there was not only devastating news, but also hope:<\/p>\n<p>Some innovative companies like www.ecosia.org are committed to forest conservation. The\u00a0<a href=\"\/\/blog.ecosia.org\/ecosia-joins-climate-strike-march-fridays-for-the-future-greta-thunberg\/\" target=\"_blank\" rel=\"noopener\">most massive climate strikes in history<\/a>\u00a0are one thing. Ecosia has recognized that the European Union - the\u00a0<a href=\"\/\/blog.ecosia.org\/european-elections-why-theyre-important-for-the-climate\/\" target=\"_blank\" rel=\"noopener\">third largest CO2 emitter<\/a>\u00a0worldwide - but also the largest emitters must give in and develop a long overdue package of measures to protect trees.<\/p>\n<p>It's called Ecosia, and just like Google, it wants to build a free search engine. However, Ecosia uses its profits to plant trees where they are most needed.<\/p>\n<p>Ecosia is currently also working together with Swiss cinemas. For every movie ticket sold for the film \"The Secret Life of Trees,\" one tree is planted.<\/p>\n<p><strong>Devastating forest fires<\/strong><\/p>\n<p>In Brazil, the\u00a0<a href=\"\/\/www.youtube.com\/watch?v=LPlI_zqPMqo\" target=\"_blank\" rel=\"noopener\">the devastating forest fires<\/a>\u00a0by the current government even as\u00a0<a href=\"\/\/blog.ecosia.org\/brazils-amazon-rainforest-is-burning-up\/\" target=\"_blank\" rel=\"noopener\">political tool<\/a>\u00a0used. President Jair Bolsonaro made NGOs, not his\u00a0<a href=\"\/\/blog.ecosia.org\/indigenous-groups-in-brazil-the-threat-of-bolsonaro\/\" target=\"_blank\" rel=\"noopener\">own irresponsible environmental policy<\/a>\u00a0responsible for the destruction of a rainforest that is considered the lungs of the earth. Ecosia's leaders are convinced that humanity has little time left to avert an environmental catastrophe.<\/p>\n<p>That is why Ecosia put trees.<\/p>\n<p><strong>2019, a record year<\/strong><\/p>\n<p>2019 was also a record year for tree planting.<\/p>\n<p>Everywhere suddenly appeared\u00a0<a href=\"\/\/www.youtube.com\/watch?v=tN8RE02iNII\" target=\"_blank\" rel=\"noopener\">Tree Initiatives<\/a>\u00a0from the Ethiopian government to Plant-for-the-Planet's \"1000 Billion Trees\" campaign to Mr. Beast and #TeamTree's reforestation challenges.<\/p>\n<p>Scientists have even called for,\u00a0<a href=\"\/\/blog.ecosia.org\/crowther-lab-scientific-proof-that-reforestation-is-top-climate-change-solution\/\" target=\"_blank\" rel=\"noopener\">Recognize reforestation as the best solution to climate change<\/a>.<\/p>\n<p>In 2019, according to the data, 8.5 million users switched to Ecosia to become active in the fight against the climate crisis. The supporters had made it possible to reach the incredible total of 76 million trees planted.<\/p>\n<p>Your trees\u00a0<a href=\"\/\/www.youtube.com\/watch?v=eC2nr9T68lQ\" target=\"_blank\" rel=\"noopener\">make depleted soils fertile again<\/a>,\u00a0<a href=\"\/\/www.youtube.com\/watch?v=UB4TVtqL3Lw\" target=\"_blank\" rel=\"noopener\">ensure the survival of entire villages<\/a>,\u00a0<a href=\"\/\/www.youtube.com\/watch?v=8jkxdh-Y8-8\" target=\"_blank\" rel=\"noopener\">ensure the water supply<\/a>,\u00a0<a href=\"\/\/www.youtube.com\/watch?v=zwclflKBVE8\" target=\"_blank\" rel=\"noopener\">protect biodiversity<\/a>\u00a0and\u00a0<a href=\"\/\/blog.ecosia.org\/why-does-ecosia-plant-trees-benefits-infographic\/\" target=\"_blank\" rel=\"noopener\">cool the climate<\/a>.<\/p>\n<p>&nbsp;<\/p>\n<p>&nbsp;<\/p>","protected":false},"excerpt":{"rendered":"<p>2019 war ein historisches Jahr in puncto Klimagerechtigkeit. Was bringt das Jahr 2020? (Quelle:\u00a0ecosia.org) Was bringt das Neue Jahr im Kontext Wald? 2019 war gepr\u00e4gt von der sich zuspitzenden Klimakrise. Aber es gab nicht nur niederschmetternde Nachrichten, sondern auch Hoffnung: Einige innovative Unternehmen wie www.ecosia.org setzen sich f\u00fcr den Waldschutz ein. Die\u00a0massivsten Klimastreiks der Geschichte\u00a0sind [&hellip;]<\/p>\n","protected":false},"author":5,"featured_media":9666,"comment_status":"closed","ping_status":"closed","sticky":false,"template":"","format":"standard","meta":{"_acf_changed":false,"_yoast_wpseo_focuskw":"Wald","_yoast_wpseo_metadesc":"Geht es dieses Jahr bergauf mit dem Wald? 2019 war ein Rekordjahr in Sachen B\u00e4umepflanzung. \u00dcberall tauchten pl\u00f6tzlich\u00a0Baum-Initiativen\u00a0auf.","articlekey":"","footnotes":""},"categories":[580],"tags":[783,1459,2234,2545],"class_list":["post-10142","post","type-post","status-publish","format-standard","has-post-thumbnail","hentry","category-sustainability","tag-baum-initiative","tag-jahr-des-waldes","tag-suchmaschine","tag-weltklima"],"acf":[],"yoast_head":"<!-- This site is optimized with the Yoast SEO plugin v27.5 - https:\/\/yoast.com\/product\/yoast-seo-wordpress\/ -->\n<title>2020: das Jahr des Waldes - Organisator<\/title>\n<meta name=\"description\" content=\"Geht es dieses Jahr bergauf mit dem Wald? 2019 war ein Rekordjahr in Sachen B\u00e4umepflanzung. \u00dcberall tauchten pl\u00f6tzlich\u00a0Baum-Initiativen\u00a0auf.\" \/>\n<meta name=\"robots\" content=\"index, follow, max-snippet:-1, max-image-preview:large, max-video-preview:-1\" \/>\n<link rel=\"canonical\" href=\"https:\/\/www.organisator.ch\/en\/sustainability\/2020-01-07\/2020-das-jahr-des-waldes\/\" \/>\n<meta property=\"og:locale\" content=\"en_US\" \/>\n<meta property=\"og:type\" content=\"article\" \/>\n<meta property=\"og:title\" content=\"2020: das Jahr des Waldes - Organisator\" \/>\n<meta property=\"og:description\" content=\"Geht es dieses Jahr bergauf mit dem Wald? 2019 war ein Rekordjahr in Sachen B\u00e4umepflanzung. \u00dcberall tauchten pl\u00f6tzlich\u00a0Baum-Initiativen\u00a0auf.\" \/>\n<meta property=\"og:url\" content=\"https:\/\/www.organisator.ch\/en\/sustainability\/2020-01-07\/2020-das-jahr-des-waldes\/\" \/>\n<meta property=\"og:site_name\" content=\"Organisator\" \/>\n<meta property=\"article:publisher\" content=\"https:\/\/www.facebook.com\/OrganisatorFachmagazin\" \/>\n<meta property=\"article:published_time\" content=\"2020-01-07T16:39:06+00:00\" \/>\n<meta property=\"article:modified_time\" content=\"2022-02-09T10:06:51+00:00\" \/>\n<meta property=\"og:image\" content=\"https:\/\/www.organisator.ch\/wp-content\/uploads\/2020\/01\/spain_country_ecosia-4-1.jpg\" \/>\n\t<meta property=\"og:image:width\" content=\"1400\" \/>\n\t<meta property=\"og:image:height\" content=\"933\" \/>\n\t<meta property=\"og:image:type\" content=\"image\/jpeg\" \/>\n<meta name=\"author\" content=\"michael.merz\" \/>\n<meta name=\"twitter:card\" content=\"summary_large_image\" \/>\n<script type=\"application\/ld+json\" class=\"yoast-schema-graph\">{\"@context\":\"https:\\\/\\\/schema.org\",\"@graph\":[{\"@type\":\"Article\",\"@id\":\"https:\\\/\\\/www.organisator.ch\\\/sustainability\\\/2020-01-07\\\/2020-das-jahr-des-waldes\\\/#article\",\"isPartOf\":{\"@id\":\"https:\\\/\\\/www.organisator.ch\\\/sustainability\\\/2020-01-07\\\/2020-das-jahr-des-waldes\\\/\"},\"author\":{\"name\":\"michael.merz\",\"@id\":\"https:\\\/\\\/www.organisator.ch\\\/#\\\/schema\\\/person\\\/134708ca9321c57b0362cceb7948ffbd\"},\"headline\":\"2020: das Jahr des Waldes\",\"datePublished\":\"2020-01-07T16:39:06+00:00\",\"dateModified\":\"2022-02-09T10:06:51+00:00\",\"mainEntityOfPage\":{\"@id\":\"https:\\\/\\\/www.organisator.ch\\\/sustainability\\\/2020-01-07\\\/2020-das-jahr-des-waldes\\\/\"},\"wordCount\":367,\"publisher\":{\"@id\":\"https:\\\/\\\/www.organisator.ch\\\/#organization\"},\"image\":{\"@id\":\"https:\\\/\\\/www.organisator.ch\\\/sustainability\\\/2020-01-07\\\/2020-das-jahr-des-waldes\\\/#primaryimage\"},\"thumbnailUrl\":\"https:\\\/\\\/www.organisator.ch\\\/wp-content\\\/uploads\\\/2020\\\/01\\\/spain_country_ecosia-4-1.jpg\",\"keywords\":[\"Baum-Initiative\",\"Jahr des Waldes\",\"Suchmaschine\",\"Weltklima\"],\"articleSection\":[\"SUSTAINABILITY\"],\"inLanguage\":\"en-US\"},{\"@type\":\"WebPage\",\"@id\":\"https:\\\/\\\/www.organisator.ch\\\/sustainability\\\/2020-01-07\\\/2020-das-jahr-des-waldes\\\/\",\"url\":\"https:\\\/\\\/www.organisator.ch\\\/sustainability\\\/2020-01-07\\\/2020-das-jahr-des-waldes\\\/\",\"name\":\"2020: das Jahr des Waldes - Organisator\",\"isPartOf\":{\"@id\":\"https:\\\/\\\/www.organisator.ch\\\/#website\"},\"primaryImageOfPage\":{\"@id\":\"https:\\\/\\\/www.organisator.ch\\\/sustainability\\\/2020-01-07\\\/2020-das-jahr-des-waldes\\\/#primaryimage\"},\"image\":{\"@id\":\"https:\\\/\\\/www.organisator.ch\\\/sustainability\\\/2020-01-07\\\/2020-das-jahr-des-waldes\\\/#primaryimage\"},\"thumbnailUrl\":\"https:\\\/\\\/www.organisator.ch\\\/wp-content\\\/uploads\\\/2020\\\/01\\\/spain_country_ecosia-4-1.jpg\",\"datePublished\":\"2020-01-07T16:39:06+00:00\",\"dateModified\":\"2022-02-09T10:06:51+00:00\",\"description\":\"Geht es dieses Jahr bergauf mit dem Wald? 2019 war ein Rekordjahr in Sachen B\u00e4umepflanzung. \u00dcberall tauchten pl\u00f6tzlich\u00a0Baum-Initiativen\u00a0auf.\",\"breadcrumb\":{\"@id\":\"https:\\\/\\\/www.organisator.ch\\\/sustainability\\\/2020-01-07\\\/2020-das-jahr-des-waldes\\\/#breadcrumb\"},\"inLanguage\":\"en-US\",\"potentialAction\":[{\"@type\":\"ReadAction\",\"target\":[\"https:\\\/\\\/www.organisator.ch\\\/sustainability\\\/2020-01-07\\\/2020-das-jahr-des-waldes\\\/\"]}]},{\"@type\":\"ImageObject\",\"inLanguage\":\"en-US\",\"@id\":\"https:\\\/\\\/www.organisator.ch\\\/sustainability\\\/2020-01-07\\\/2020-das-jahr-des-waldes\\\/#primaryimage\",\"url\":\"https:\\\/\\\/www.organisator.ch\\\/wp-content\\\/uploads\\\/2020\\\/01\\\/spain_country_ecosia-4-1.jpg\",\"contentUrl\":\"https:\\\/\\\/www.organisator.ch\\\/wp-content\\\/uploads\\\/2020\\\/01\\\/spain_country_ecosia-4-1.jpg\",\"width\":1400,\"height\":933},{\"@type\":\"BreadcrumbList\",\"@id\":\"https:\\\/\\\/www.organisator.ch\\\/sustainability\\\/2020-01-07\\\/2020-das-jahr-des-waldes\\\/#breadcrumb\",\"itemListElement\":[{\"@type\":\"ListItem\",\"position\":1,\"name\":\"Home\",\"item\":\"https:\\\/\\\/www.organisator.ch\\\/\"},{\"@type\":\"ListItem\",\"position\":2,\"name\":\"2020: das Jahr des Waldes\"}]},{\"@type\":\"WebSite\",\"@id\":\"https:\\\/\\\/www.organisator.ch\\\/#website\",\"url\":\"https:\\\/\\\/www.organisator.ch\\\/\",\"name\":\"Organisator\",\"description\":\"Kompetent. Praxisnah. Der ORGANISATOR bereitet in 10 Ausgaben pro Jahr die wesentlichen Themen f\u00fcr F\u00fchrungskr\u00e4fte von KMU auf.\",\"publisher\":{\"@id\":\"https:\\\/\\\/www.organisator.ch\\\/#organization\"},\"potentialAction\":[{\"@type\":\"SearchAction\",\"target\":{\"@type\":\"EntryPoint\",\"urlTemplate\":\"https:\\\/\\\/www.organisator.ch\\\/?s={search_term_string}\"},\"query-input\":{\"@type\":\"PropertyValueSpecification\",\"valueRequired\":true,\"valueName\":\"search_term_string\"}}],\"inLanguage\":\"en-US\"},{\"@type\":\"Organization\",\"@id\":\"https:\\\/\\\/www.organisator.ch\\\/#organization\",\"name\":\"Organisator\",\"url\":\"https:\\\/\\\/www.organisator.ch\\\/\",\"logo\":{\"@type\":\"ImageObject\",\"inLanguage\":\"en-US\",\"@id\":\"https:\\\/\\\/www.organisator.ch\\\/#\\\/schema\\\/logo\\\/image\\\/\",\"url\":\"https:\\\/\\\/www.organisator.ch\\\/wp-content\\\/uploads\\\/2022\\\/01\\\/Logo_Organisator_Website.png\",\"contentUrl\":\"https:\\\/\\\/www.organisator.ch\\\/wp-content\\\/uploads\\\/2022\\\/01\\\/Logo_Organisator_Website.png\",\"width\":800,\"height\":77,\"caption\":\"Organisator\"},\"image\":{\"@id\":\"https:\\\/\\\/www.organisator.ch\\\/#\\\/schema\\\/logo\\\/image\\\/\"},\"sameAs\":[\"https:\\\/\\\/www.facebook.com\\\/OrganisatorFachmagazin\",\"https:\\\/\\\/www.linkedin.com\\\/showcase\\\/organisator-das-magazin-fr-kmu\",\"https:\\\/\\\/www.xing.com\\\/news\\\/pages\\\/organisator-ch-695\",\"https:\\\/\\\/www.youtube.com\\\/channel\\\/UCGP2Sq0iWaZwT3BdIAQFYpw\"]},{\"@type\":\"Person\",\"@id\":\"https:\\\/\\\/www.organisator.ch\\\/#\\\/schema\\\/person\\\/134708ca9321c57b0362cceb7948ffbd\",\"name\":\"michael.merz\",\"image\":{\"@type\":\"ImageObject\",\"inLanguage\":\"en-US\",\"@id\":\"https:\\\/\\\/secure.gravatar.com\\\/avatar\\\/?s=96&d=mm&r=g\",\"url\":\"https:\\\/\\\/secure.gravatar.com\\\/avatar\\\/?s=96&d=mm&r=g\",\"contentUrl\":\"https:\\\/\\\/secure.gravatar.com\\\/avatar\\\/?s=96&d=mm&r=g\",\"caption\":\"michael.merz\"},\"url\":\"https:\\\/\\\/www.organisator.ch\\\/en\\\/author\\\/michael-merz\\\/\"}]}<\/script>\n<!-- \/ Yoast SEO plugin. -->","yoast_head_json":{"title":"2020: the year of the forest - organizer","description":"Is this year uphill for the forest? 2019 was a record year in terms of tree planting. Tree initiatives suddenly popped up everywhere.","robots":{"index":"index","follow":"follow","max-snippet":"max-snippet:-1","max-image-preview":"max-image-preview:large","max-video-preview":"max-video-preview:-1"},"canonical":"https:\/\/www.organisator.ch\/en\/sustainability\/2020-01-07\/2020-das-jahr-des-waldes\/","og_locale":"en_US","og_type":"article","og_title":"2020: das Jahr des Waldes - Organisator","og_description":"Geht es dieses Jahr bergauf mit dem Wald? 2019 war ein Rekordjahr in Sachen B\u00e4umepflanzung. \u00dcberall tauchten pl\u00f6tzlich\u00a0Baum-Initiativen\u00a0auf.","og_url":"https:\/\/www.organisator.ch\/en\/sustainability\/2020-01-07\/2020-das-jahr-des-waldes\/","og_site_name":"Organisator","article_publisher":"https:\/\/www.facebook.com\/OrganisatorFachmagazin","article_published_time":"2020-01-07T16:39:06+00:00","article_modified_time":"2022-02-09T10:06:51+00:00","og_image":[{"width":1400,"height":933,"url":"https:\/\/www.organisator.ch\/wp-content\/uploads\/2020\/01\/spain_country_ecosia-4-1.jpg","type":"image\/jpeg"}],"author":"michael.merz","twitter_card":"summary_large_image","schema":{"@context":"https:\/\/schema.org","@graph":[{"@type":"Article","@id":"https:\/\/www.organisator.ch\/sustainability\/2020-01-07\/2020-das-jahr-des-waldes\/#article","isPartOf":{"@id":"https:\/\/www.organisator.ch\/sustainability\/2020-01-07\/2020-das-jahr-des-waldes\/"},"author":{"name":"michael.merz","@id":"https:\/\/www.organisator.ch\/#\/schema\/person\/134708ca9321c57b0362cceb7948ffbd"},"headline":"2020: das Jahr des Waldes","datePublished":"2020-01-07T16:39:06+00:00","dateModified":"2022-02-09T10:06:51+00:00","mainEntityOfPage":{"@id":"https:\/\/www.organisator.ch\/sustainability\/2020-01-07\/2020-das-jahr-des-waldes\/"},"wordCount":367,"publisher":{"@id":"https:\/\/www.organisator.ch\/#organization"},"image":{"@id":"https:\/\/www.organisator.ch\/sustainability\/2020-01-07\/2020-das-jahr-des-waldes\/#primaryimage"},"thumbnailUrl":"https:\/\/www.organisator.ch\/wp-content\/uploads\/2020\/01\/spain_country_ecosia-4-1.jpg","keywords":["Baum-Initiative","Jahr des Waldes","Suchmaschine","Weltklima"],"articleSection":["SUSTAINABILITY"],"inLanguage":"en-US"},{"@type":"WebPage","@id":"https:\/\/www.organisator.ch\/sustainability\/2020-01-07\/2020-das-jahr-des-waldes\/","url":"https:\/\/www.organisator.ch\/sustainability\/2020-01-07\/2020-das-jahr-des-waldes\/","name":"2020: the year of the forest - organizer","isPartOf":{"@id":"https:\/\/www.organisator.ch\/#website"},"primaryImageOfPage":{"@id":"https:\/\/www.organisator.ch\/sustainability\/2020-01-07\/2020-das-jahr-des-waldes\/#primaryimage"},"image":{"@id":"https:\/\/www.organisator.ch\/sustainability\/2020-01-07\/2020-das-jahr-des-waldes\/#primaryimage"},"thumbnailUrl":"https:\/\/www.organisator.ch\/wp-content\/uploads\/2020\/01\/spain_country_ecosia-4-1.jpg","datePublished":"2020-01-07T16:39:06+00:00","dateModified":"2022-02-09T10:06:51+00:00","description":"Is this year uphill for the forest? 2019 was a record year in terms of tree planting. Tree initiatives suddenly popped up everywhere.","breadcrumb":{"@id":"https:\/\/www.organisator.ch\/sustainability\/2020-01-07\/2020-das-jahr-des-waldes\/#breadcrumb"},"inLanguage":"en-US","potentialAction":[{"@type":"ReadAction","target":["https:\/\/www.organisator.ch\/sustainability\/2020-01-07\/2020-das-jahr-des-waldes\/"]}]},{"@type":"ImageObject","inLanguage":"en-US","@id":"https:\/\/www.organisator.ch\/sustainability\/2020-01-07\/2020-das-jahr-des-waldes\/#primaryimage","url":"https:\/\/www.organisator.ch\/wp-content\/uploads\/2020\/01\/spain_country_ecosia-4-1.jpg","contentUrl":"https:\/\/www.organisator.ch\/wp-content\/uploads\/2020\/01\/spain_country_ecosia-4-1.jpg","width":1400,"height":933},{"@type":"BreadcrumbList","@id":"https:\/\/www.organisator.ch\/sustainability\/2020-01-07\/2020-das-jahr-des-waldes\/#breadcrumb","itemListElement":[{"@type":"ListItem","position":1,"name":"Home","item":"https:\/\/www.organisator.ch\/"},{"@type":"ListItem","position":2,"name":"2020: das Jahr des Waldes"}]},{"@type":"WebSite","@id":"https:\/\/www.organisator.ch\/#website","url":"https:\/\/www.organisator.ch\/","name":"Organizer","description":"Competent. Practical. In 10 issues per year, ORGANISATOR presents the essential topics for managers of SMEs.","publisher":{"@id":"https:\/\/www.organisator.ch\/#organization"},"potentialAction":[{"@type":"SearchAction","target":{"@type":"EntryPoint","urlTemplate":"https:\/\/www.organisator.ch\/?s={search_term_string}"},"query-input":{"@type":"PropertyValueSpecification","valueRequired":true,"valueName":"search_term_string"}}],"inLanguage":"en-US"},{"@type":"Organization","@id":"https:\/\/www.organisator.ch\/#organization","name":"Organizer","url":"https:\/\/www.organisator.ch\/","logo":{"@type":"ImageObject","inLanguage":"en-US","@id":"https:\/\/www.organisator.ch\/#\/schema\/logo\/image\/","url":"https:\/\/www.organisator.ch\/wp-content\/uploads\/2022\/01\/Logo_Organisator_Website.png","contentUrl":"https:\/\/www.organisator.ch\/wp-content\/uploads\/2022\/01\/Logo_Organisator_Website.png","width":800,"height":77,"caption":"Organisator"},"image":{"@id":"https:\/\/www.organisator.ch\/#\/schema\/logo\/image\/"},"sameAs":["https:\/\/www.facebook.com\/OrganisatorFachmagazin","https:\/\/www.linkedin.com\/showcase\/organisator-das-magazin-fr-kmu","https:\/\/www.xing.com\/news\/pages\/organisator-ch-695","https:\/\/www.youtube.com\/channel\/UCGP2Sq0iWaZwT3BdIAQFYpw"]},{"@type":"Person","@id":"https:\/\/www.organisator.ch\/#\/schema\/person\/134708ca9321c57b0362cceb7948ffbd","name":"michael.merz","image":{"@type":"ImageObject","inLanguage":"en-US","@id":"https:\/\/secure.gravatar.com\/avatar\/?s=96&d=mm&r=g","url":"https:\/\/secure.gravatar.com\/avatar\/?s=96&d=mm&r=g","contentUrl":"https:\/\/secure.gravatar.com\/avatar\/?s=96&d=mm&r=g","caption":"michael.merz"},"url":"https:\/\/www.organisator.ch\/en\/author\/michael-merz\/"}]}},"_links":{"self":[{"href":"https:\/\/www.organisator.ch\/en\/wp-json\/wp\/v2\/posts\/10142","targetHints":{"allow":["GET"]}}],"collection":[{"href":"https:\/\/www.organisator.ch\/en\/wp-json\/wp\/v2\/posts"}],"about":[{"href":"https:\/\/www.organisator.ch\/en\/wp-json\/wp\/v2\/types\/post"}],"author":[{"embeddable":true,"href":"https:\/\/www.organisator.ch\/en\/wp-json\/wp\/v2\/users\/5"}],"replies":[{"embeddable":true,"href":"https:\/\/www.organisator.ch\/en\/wp-json\/wp\/v2\/comments?post=10142"}],"version-history":[{"count":1,"href":"https:\/\/www.organisator.ch\/en\/wp-json\/wp\/v2\/posts\/10142\/revisions"}],"predecessor-version":[{"id":10686,"href":"https:\/\/www.organisator.ch\/en\/wp-json\/wp\/v2\/posts\/10142\/revisions\/10686"}],"wp:featuredmedia":[{"embeddable":true,"href":"https:\/\/www.organisator.ch\/en\/wp-json\/wp\/v2\/media\/9666"}],"wp:attachment":[{"href":"https:\/\/www.organisator.ch\/en\/wp-json\/wp\/v2\/media?parent=10142"}],"wp:term":[{"taxonomy":"category","embeddable":true,"href":"https:\/\/www.organisator.ch\/en\/wp-json\/wp\/v2\/categories?post=10142"},{"taxonomy":"post_tag","embeddable":true,"href":"https:\/\/www.organisator.ch\/en\/wp-json\/wp\/v2\/tags?post=10142"}],"curies":[{"name":"wp","href":"https:\/\/api.w.org\/{rel}","templated":true}]}}