{"id":10144,"date":"2020-01-14T16:13:34","date_gmt":"2020-01-14T15:13:34","guid":{"rendered":"https:\/\/www.umweltperspektiven.ch\/?p=2739"},"modified":"2022-02-09T11:10:00","modified_gmt":"2022-02-09T10:10:00","slug":"swiss-ethics-award-bekanntgabe-der-nominierten","status":"publish","type":"post","link":"https:\/\/www.organisator.ch\/en\/sustainability\/2020-01-14\/swiss-ethics-award-bekanntgabe-der-nominierten\/","title":{"rendered":"Swiss Ethics Award: Announcement of the projects"},"content":{"rendered":"<figure id=\"attachment_2740\" aria-describedby=\"caption-attachment-2740\" style=\"width: 680px\" class=\"wp-caption alignnone\"><img loading=\"lazy\" decoding=\"async\" class=\"size-medium wp-image-2740\" src=\"\/\/www.umweltperspektiven.ch\/wp-content\/uploads\/2020\/01\/Gruppenfoto-Nominierte.jpg\" alt=\"\" width=\"680\" height=\"453\" srcset=\"https:\/\/www.organisator.ch\/wp-content\/uploads\/2020\/01\/Gruppenfoto-Nominierte.jpg 1021w, https:\/\/www.organisator.ch\/wp-content\/uploads\/2020\/01\/Gruppenfoto-Nominierte-680x453.jpg 680w, https:\/\/www.organisator.ch\/wp-content\/uploads\/2020\/01\/Gruppenfoto-Nominierte-768x511.jpg 768w, https:\/\/www.organisator.ch\/wp-content\/uploads\/2020\/01\/Gruppenfoto-Nominierte-18x12.jpg 18w, https:\/\/www.organisator.ch\/wp-content\/uploads\/2020\/01\/Gruppenfoto-Nominierte-263x175.jpg 263w, https:\/\/www.organisator.ch\/wp-content\/uploads\/2020\/01\/Gruppenfoto-Nominierte-526x350.jpg 526w, https:\/\/www.organisator.ch\/wp-content\/uploads\/2020\/01\/Gruppenfoto-Nominierte-920x613.jpg 920w, https:\/\/www.organisator.ch\/wp-content\/uploads\/2020\/01\/Gruppenfoto-Nominierte-300x200.jpg 300w\" sizes=\"auto, (max-width: 680px) 100vw, 680px\" \/><figcaption id=\"caption-attachment-2740\" class=\"wp-caption-text\">When far-sighted companies do good: A group picture at the Swiss Ethics Award 2018. The Award 2020 also includes some bright spots. (Image: zVg)<\/figcaption><\/figure>\n<p>Since 2005, the SWISS EXCELLENCE FORUM has been honoring outstanding ethical performance in business with the Swiss Ethics Award. The focus is on achievements by organizations that assume responsibility in a special way and are actively committed to sustainable corporate governance. Five outstanding projects have been nominated for the 2020 award:<\/p>\n<ul>\n<li>Alternative Bank Schweiz AG, Olten Project: Climate-Active ABS<\/li>\n<li>Arbofino AG, M\u00e4nnedorf Wood investment with biodiversity promotion<\/li>\n<li>Forma Futura Invest AG, Zurich Project: Independent Sustainable Asset Management<\/li>\n<li>Reckhaus AG, Gais with Insect Respect<\/li>\n<li>Vatorex AG, Wiesendangen with Bee Together Bee Alive<\/li>\n<\/ul>\n<p>&nbsp;<\/p>\n<p><strong>Note on the award<\/strong><\/p>\n<p><strong>Note: The planned Swiss Ethics Award ceremony on April 30 could unfortunately not be held due to the current Corona pandemic. The award ceremony will now take place within the framework of this Ethics Talk on September 23.<\/strong><\/p>\n<p>The award ceremony will take place on September 23, 2020 at the Museum of Transport in Lucerne as part of an exciting program. Dr. Marc Holitscher, Member of the Executive Board at Microsoft Switzerland will speak about \"Artificial Intelligence: why we need an ethical compass\". He will be a guest in the subsequent panel discussion together with Dr. Regula Pfister, entrepreneur and member of the Board of Directors, and Dr. Michael F\u00fcrst, Head Social Innovation &amp; Strategy, Global Health &amp; Corporate Responsibility at Novartis International AG.<\/p>\n<p>&nbsp;<\/p>\n<p><strong>Jury<\/strong><\/p>\n<p>The projects are judged by a top-class jury consisting of ethicists as well as representatives from business, science, theology and politics:<\/p>\n<p>- Stephan Baer, Baer Ammann GmbH<\/p>\n<p>- National Councilor Corina Eichenberger<\/p>\n<p>- Paola Ghillani, Paola Ghillani &amp; Friends Ltd.<\/p>\n<p>- Prof. Dr. Markus Huppenbauer, Center for Religion, Economics<\/p>\n<p>and Politics, University of Zurich<\/p>\n<p>- Prof. Dr. Hans Ruh, business and social ethicist<\/p>\n<p>- Prof. Dr. Peter Schaber, Ethics Center of the University of Zurich<\/p>\n<p>- Dr. Christoph Weber-Berg, Reformed Regional Church of Aargau<\/p>\n<p><strong>\u00a0<\/strong><\/p>\n<p><em><strong>Partner<\/strong><\/em><\/p>\n<p><em>The Swiss Ethics Award is supported by Holinger AG, Die Post, ibW H\u00f6here Fachschule S\u00fcdostschweiz, Luzerner Kantonalbank, Linkgroup AG, the Zentralbahn and Umwelt Perspektiven.<\/em><\/p>\n<p>&nbsp;<\/p>\n<p>For more details please contact:<\/p>\n<p>Ruth Buholzer, SWISS EXCELLENCE FORUM<\/p>\n<p>(<a href=\"mailto:r.buholzer@excellence-forum.ch\">r.buholzer@excellence-forum.ch<\/a>)<\/p>\n<p><a href=\"\/\/www.swiss-excellence-forum.ch\"><em>www.swiss-excellence-forum.ch<\/em><\/a><\/p>","protected":false},"excerpt":{"rendered":"<p>Seit 2005 zeichnet das SWISS EXCELLENCE FORUM mit dem Swiss Ethics Award herausragende ethische Leistungen in der Wirtschaft aus. Im Fokus stehen Leistungen von Organisationen, die in besonderer Weise Verantwortung \u00fcbernehmen und sich aktiv f\u00fcr eine nachhaltige Unternehmensf\u00fchrung engagieren. F\u00fcr den Award 2020 sind f\u00fcnf herausragende Projekte nominiert: Alternative Bank Schweiz AG, Olten\u00a0 Projekt: Klima-Aktive [&hellip;]<\/p>\n","protected":false},"author":5,"featured_media":2740,"comment_status":"closed","ping_status":"closed","sticky":false,"template":"","format":"standard","meta":{"_acf_changed":false,"_yoast_wpseo_focuskw":"Swiss Ethics Award","_yoast_wpseo_metadesc":"Am 30. April 2020 verleiht das SWISS EXCELLENCE FORUM im Rahmen der Ethical Leadership Tagung im KKL Luzern den Swiss Ethics Award.","articlekey":"","footnotes":""},"categories":[580],"tags":[65,183,1143,1656,502],"class_list":["post-10144","post","type-post","status-publish","format-standard","has-post-thumbnail","hentry","category-sustainability","tag-award","tag-ethik","tag-excellence","tag-luzern","tag-veranstaltungen"],"acf":[],"yoast_head":"<!-- This site is optimized with the Yoast SEO plugin v27.5 - https:\/\/yoast.com\/product\/yoast-seo-wordpress\/ -->\n<title>Swiss Ethics Award: Bekanntgabe der Projekte - Organisator<\/title>\n<meta name=\"description\" content=\"Am 30. April 2020 verleiht das SWISS EXCELLENCE FORUM im Rahmen der Ethical Leadership Tagung im KKL Luzern den Swiss Ethics Award.\" \/>\n<meta name=\"robots\" content=\"index, follow, max-snippet:-1, max-image-preview:large, max-video-preview:-1\" \/>\n<link rel=\"canonical\" href=\"https:\/\/www.organisator.ch\/en\/sustainability\/2020-01-14\/swiss-ethics-award-bekanntgabe-der-nominierten\/\" \/>\n<meta property=\"og:locale\" content=\"en_US\" \/>\n<meta property=\"og:type\" content=\"article\" \/>\n<meta property=\"og:title\" content=\"Swiss Ethics Award: Bekanntgabe der Projekte - Organisator\" \/>\n<meta property=\"og:description\" content=\"Am 30. April 2020 verleiht das SWISS EXCELLENCE FORUM im Rahmen der Ethical Leadership Tagung im KKL Luzern den Swiss Ethics Award.\" \/>\n<meta property=\"og:url\" content=\"https:\/\/www.organisator.ch\/en\/sustainability\/2020-01-14\/swiss-ethics-award-bekanntgabe-der-nominierten\/\" \/>\n<meta property=\"og:site_name\" content=\"Organisator\" \/>\n<meta property=\"article:publisher\" content=\"https:\/\/www.facebook.com\/OrganisatorFachmagazin\" \/>\n<meta property=\"article:published_time\" content=\"2020-01-14T15:13:34+00:00\" \/>\n<meta property=\"article:modified_time\" content=\"2022-02-09T10:10:00+00:00\" \/>\n<meta property=\"og:image\" content=\"https:\/\/www.organisator.ch\/wp-content\/uploads\/2020\/01\/Gruppenfoto-Nominierte.jpg\" \/>\n\t<meta property=\"og:image:width\" content=\"1021\" \/>\n\t<meta property=\"og:image:height\" content=\"680\" \/>\n\t<meta property=\"og:image:type\" content=\"image\/jpeg\" \/>\n<meta name=\"author\" content=\"michael.merz\" \/>\n<meta name=\"twitter:card\" content=\"summary_large_image\" \/>\n<script type=\"application\/ld+json\" class=\"yoast-schema-graph\">{\"@context\":\"https:\\\/\\\/schema.org\",\"@graph\":[{\"@type\":\"Article\",\"@id\":\"https:\\\/\\\/www.organisator.ch\\\/sustainability\\\/2020-01-14\\\/swiss-ethics-award-bekanntgabe-der-nominierten\\\/#article\",\"isPartOf\":{\"@id\":\"https:\\\/\\\/www.organisator.ch\\\/sustainability\\\/2020-01-14\\\/swiss-ethics-award-bekanntgabe-der-nominierten\\\/\"},\"author\":{\"name\":\"michael.merz\",\"@id\":\"https:\\\/\\\/www.organisator.ch\\\/#\\\/schema\\\/person\\\/134708ca9321c57b0362cceb7948ffbd\"},\"headline\":\"Swiss Ethics Award: Bekanntgabe der Projekte\",\"datePublished\":\"2020-01-14T15:13:34+00:00\",\"dateModified\":\"2022-02-09T10:10:00+00:00\",\"mainEntityOfPage\":{\"@id\":\"https:\\\/\\\/www.organisator.ch\\\/sustainability\\\/2020-01-14\\\/swiss-ethics-award-bekanntgabe-der-nominierten\\\/\"},\"wordCount\":360,\"publisher\":{\"@id\":\"https:\\\/\\\/www.organisator.ch\\\/#organization\"},\"image\":{\"@id\":\"https:\\\/\\\/www.organisator.ch\\\/sustainability\\\/2020-01-14\\\/swiss-ethics-award-bekanntgabe-der-nominierten\\\/#primaryimage\"},\"thumbnailUrl\":\"https:\\\/\\\/www.organisator.ch\\\/wp-content\\\/uploads\\\/2020\\\/01\\\/Gruppenfoto-Nominierte.jpg\",\"keywords\":[\"Award\",\"Ethik\",\"Excellence\",\"Luzern\",\"Veranstaltungen\"],\"articleSection\":[\"SUSTAINABILITY\"],\"inLanguage\":\"en-US\"},{\"@type\":\"WebPage\",\"@id\":\"https:\\\/\\\/www.organisator.ch\\\/sustainability\\\/2020-01-14\\\/swiss-ethics-award-bekanntgabe-der-nominierten\\\/\",\"url\":\"https:\\\/\\\/www.organisator.ch\\\/sustainability\\\/2020-01-14\\\/swiss-ethics-award-bekanntgabe-der-nominierten\\\/\",\"name\":\"Swiss Ethics Award: Bekanntgabe der Projekte - Organisator\",\"isPartOf\":{\"@id\":\"https:\\\/\\\/www.organisator.ch\\\/#website\"},\"primaryImageOfPage\":{\"@id\":\"https:\\\/\\\/www.organisator.ch\\\/sustainability\\\/2020-01-14\\\/swiss-ethics-award-bekanntgabe-der-nominierten\\\/#primaryimage\"},\"image\":{\"@id\":\"https:\\\/\\\/www.organisator.ch\\\/sustainability\\\/2020-01-14\\\/swiss-ethics-award-bekanntgabe-der-nominierten\\\/#primaryimage\"},\"thumbnailUrl\":\"https:\\\/\\\/www.organisator.ch\\\/wp-content\\\/uploads\\\/2020\\\/01\\\/Gruppenfoto-Nominierte.jpg\",\"datePublished\":\"2020-01-14T15:13:34+00:00\",\"dateModified\":\"2022-02-09T10:10:00+00:00\",\"description\":\"Am 30. April 2020 verleiht das SWISS EXCELLENCE FORUM im Rahmen der Ethical Leadership Tagung im KKL Luzern den Swiss Ethics Award.\",\"breadcrumb\":{\"@id\":\"https:\\\/\\\/www.organisator.ch\\\/sustainability\\\/2020-01-14\\\/swiss-ethics-award-bekanntgabe-der-nominierten\\\/#breadcrumb\"},\"inLanguage\":\"en-US\",\"potentialAction\":[{\"@type\":\"ReadAction\",\"target\":[\"https:\\\/\\\/www.organisator.ch\\\/sustainability\\\/2020-01-14\\\/swiss-ethics-award-bekanntgabe-der-nominierten\\\/\"]}]},{\"@type\":\"ImageObject\",\"inLanguage\":\"en-US\",\"@id\":\"https:\\\/\\\/www.organisator.ch\\\/sustainability\\\/2020-01-14\\\/swiss-ethics-award-bekanntgabe-der-nominierten\\\/#primaryimage\",\"url\":\"https:\\\/\\\/www.organisator.ch\\\/wp-content\\\/uploads\\\/2020\\\/01\\\/Gruppenfoto-Nominierte.jpg\",\"contentUrl\":\"https:\\\/\\\/www.organisator.ch\\\/wp-content\\\/uploads\\\/2020\\\/01\\\/Gruppenfoto-Nominierte.jpg\",\"width\":1021,\"height\":680,\"caption\":\"Wenn weitsichtige Unternehmen Gutes tun: Ein Gruppenbild am Swiss Ethics Award 2018. Auch der Award 2020 beinhaltet so einige Leuchtpunkte. (Bild: zVg)\"},{\"@type\":\"BreadcrumbList\",\"@id\":\"https:\\\/\\\/www.organisator.ch\\\/sustainability\\\/2020-01-14\\\/swiss-ethics-award-bekanntgabe-der-nominierten\\\/#breadcrumb\",\"itemListElement\":[{\"@type\":\"ListItem\",\"position\":1,\"name\":\"Home\",\"item\":\"https:\\\/\\\/www.organisator.ch\\\/\"},{\"@type\":\"ListItem\",\"position\":2,\"name\":\"Swiss Ethics Award: Bekanntgabe der Projekte\"}]},{\"@type\":\"WebSite\",\"@id\":\"https:\\\/\\\/www.organisator.ch\\\/#website\",\"url\":\"https:\\\/\\\/www.organisator.ch\\\/\",\"name\":\"Organisator\",\"description\":\"Kompetent. Praxisnah. Der ORGANISATOR bereitet in 10 Ausgaben pro Jahr die wesentlichen Themen f\u00fcr F\u00fchrungskr\u00e4fte von KMU auf.\",\"publisher\":{\"@id\":\"https:\\\/\\\/www.organisator.ch\\\/#organization\"},\"potentialAction\":[{\"@type\":\"SearchAction\",\"target\":{\"@type\":\"EntryPoint\",\"urlTemplate\":\"https:\\\/\\\/www.organisator.ch\\\/?s={search_term_string}\"},\"query-input\":{\"@type\":\"PropertyValueSpecification\",\"valueRequired\":true,\"valueName\":\"search_term_string\"}}],\"inLanguage\":\"en-US\"},{\"@type\":\"Organization\",\"@id\":\"https:\\\/\\\/www.organisator.ch\\\/#organization\",\"name\":\"Organisator\",\"url\":\"https:\\\/\\\/www.organisator.ch\\\/\",\"logo\":{\"@type\":\"ImageObject\",\"inLanguage\":\"en-US\",\"@id\":\"https:\\\/\\\/www.organisator.ch\\\/#\\\/schema\\\/logo\\\/image\\\/\",\"url\":\"https:\\\/\\\/www.organisator.ch\\\/wp-content\\\/uploads\\\/2022\\\/01\\\/Logo_Organisator_Website.png\",\"contentUrl\":\"https:\\\/\\\/www.organisator.ch\\\/wp-content\\\/uploads\\\/2022\\\/01\\\/Logo_Organisator_Website.png\",\"width\":800,\"height\":77,\"caption\":\"Organisator\"},\"image\":{\"@id\":\"https:\\\/\\\/www.organisator.ch\\\/#\\\/schema\\\/logo\\\/image\\\/\"},\"sameAs\":[\"https:\\\/\\\/www.facebook.com\\\/OrganisatorFachmagazin\",\"https:\\\/\\\/www.linkedin.com\\\/showcase\\\/organisator-das-magazin-fr-kmu\",\"https:\\\/\\\/www.xing.com\\\/news\\\/pages\\\/organisator-ch-695\",\"https:\\\/\\\/www.youtube.com\\\/channel\\\/UCGP2Sq0iWaZwT3BdIAQFYpw\"]},{\"@type\":\"Person\",\"@id\":\"https:\\\/\\\/www.organisator.ch\\\/#\\\/schema\\\/person\\\/134708ca9321c57b0362cceb7948ffbd\",\"name\":\"michael.merz\",\"image\":{\"@type\":\"ImageObject\",\"inLanguage\":\"en-US\",\"@id\":\"https:\\\/\\\/secure.gravatar.com\\\/avatar\\\/?s=96&d=mm&r=g\",\"url\":\"https:\\\/\\\/secure.gravatar.com\\\/avatar\\\/?s=96&d=mm&r=g\",\"contentUrl\":\"https:\\\/\\\/secure.gravatar.com\\\/avatar\\\/?s=96&d=mm&r=g\",\"caption\":\"michael.merz\"},\"url\":\"https:\\\/\\\/www.organisator.ch\\\/en\\\/author\\\/michael-merz\\\/\"}]}<\/script>\n<!-- \/ Yoast SEO plugin. -->","yoast_head_json":{"title":"Swiss Ethics Award: Announcement of the projects - Organizer","description":"On April 30, 2020, the SWISS EXCELLENCE FORUM will present the Swiss Ethics Award as part of the Ethical Leadership Conference at the KKL Lucerne.","robots":{"index":"index","follow":"follow","max-snippet":"max-snippet:-1","max-image-preview":"max-image-preview:large","max-video-preview":"max-video-preview:-1"},"canonical":"https:\/\/www.organisator.ch\/en\/sustainability\/2020-01-14\/swiss-ethics-award-bekanntgabe-der-nominierten\/","og_locale":"en_US","og_type":"article","og_title":"Swiss Ethics Award: Bekanntgabe der Projekte - Organisator","og_description":"Am 30. April 2020 verleiht das SWISS EXCELLENCE FORUM im Rahmen der Ethical Leadership Tagung im KKL Luzern den Swiss Ethics Award.","og_url":"https:\/\/www.organisator.ch\/en\/sustainability\/2020-01-14\/swiss-ethics-award-bekanntgabe-der-nominierten\/","og_site_name":"Organisator","article_publisher":"https:\/\/www.facebook.com\/OrganisatorFachmagazin","article_published_time":"2020-01-14T15:13:34+00:00","article_modified_time":"2022-02-09T10:10:00+00:00","og_image":[{"width":1021,"height":680,"url":"https:\/\/www.organisator.ch\/wp-content\/uploads\/2020\/01\/Gruppenfoto-Nominierte.jpg","type":"image\/jpeg"}],"author":"michael.merz","twitter_card":"summary_large_image","schema":{"@context":"https:\/\/schema.org","@graph":[{"@type":"Article","@id":"https:\/\/www.organisator.ch\/sustainability\/2020-01-14\/swiss-ethics-award-bekanntgabe-der-nominierten\/#article","isPartOf":{"@id":"https:\/\/www.organisator.ch\/sustainability\/2020-01-14\/swiss-ethics-award-bekanntgabe-der-nominierten\/"},"author":{"name":"michael.merz","@id":"https:\/\/www.organisator.ch\/#\/schema\/person\/134708ca9321c57b0362cceb7948ffbd"},"headline":"Swiss Ethics Award: Bekanntgabe der Projekte","datePublished":"2020-01-14T15:13:34+00:00","dateModified":"2022-02-09T10:10:00+00:00","mainEntityOfPage":{"@id":"https:\/\/www.organisator.ch\/sustainability\/2020-01-14\/swiss-ethics-award-bekanntgabe-der-nominierten\/"},"wordCount":360,"publisher":{"@id":"https:\/\/www.organisator.ch\/#organization"},"image":{"@id":"https:\/\/www.organisator.ch\/sustainability\/2020-01-14\/swiss-ethics-award-bekanntgabe-der-nominierten\/#primaryimage"},"thumbnailUrl":"https:\/\/www.organisator.ch\/wp-content\/uploads\/2020\/01\/Gruppenfoto-Nominierte.jpg","keywords":["Award","Ethik","Excellence","Luzern","Veranstaltungen"],"articleSection":["SUSTAINABILITY"],"inLanguage":"en-US"},{"@type":"WebPage","@id":"https:\/\/www.organisator.ch\/sustainability\/2020-01-14\/swiss-ethics-award-bekanntgabe-der-nominierten\/","url":"https:\/\/www.organisator.ch\/sustainability\/2020-01-14\/swiss-ethics-award-bekanntgabe-der-nominierten\/","name":"Swiss Ethics Award: Announcement of the projects - Organizer","isPartOf":{"@id":"https:\/\/www.organisator.ch\/#website"},"primaryImageOfPage":{"@id":"https:\/\/www.organisator.ch\/sustainability\/2020-01-14\/swiss-ethics-award-bekanntgabe-der-nominierten\/#primaryimage"},"image":{"@id":"https:\/\/www.organisator.ch\/sustainability\/2020-01-14\/swiss-ethics-award-bekanntgabe-der-nominierten\/#primaryimage"},"thumbnailUrl":"https:\/\/www.organisator.ch\/wp-content\/uploads\/2020\/01\/Gruppenfoto-Nominierte.jpg","datePublished":"2020-01-14T15:13:34+00:00","dateModified":"2022-02-09T10:10:00+00:00","description":"On April 30, 2020, the SWISS EXCELLENCE FORUM will present the Swiss Ethics Award as part of the Ethical Leadership Conference at the KKL Lucerne.","breadcrumb":{"@id":"https:\/\/www.organisator.ch\/sustainability\/2020-01-14\/swiss-ethics-award-bekanntgabe-der-nominierten\/#breadcrumb"},"inLanguage":"en-US","potentialAction":[{"@type":"ReadAction","target":["https:\/\/www.organisator.ch\/sustainability\/2020-01-14\/swiss-ethics-award-bekanntgabe-der-nominierten\/"]}]},{"@type":"ImageObject","inLanguage":"en-US","@id":"https:\/\/www.organisator.ch\/sustainability\/2020-01-14\/swiss-ethics-award-bekanntgabe-der-nominierten\/#primaryimage","url":"https:\/\/www.organisator.ch\/wp-content\/uploads\/2020\/01\/Gruppenfoto-Nominierte.jpg","contentUrl":"https:\/\/www.organisator.ch\/wp-content\/uploads\/2020\/01\/Gruppenfoto-Nominierte.jpg","width":1021,"height":680,"caption":"Wenn weitsichtige Unternehmen Gutes tun: Ein Gruppenbild am Swiss Ethics Award 2018. Auch der Award 2020 beinhaltet so einige Leuchtpunkte. (Bild: zVg)"},{"@type":"BreadcrumbList","@id":"https:\/\/www.organisator.ch\/sustainability\/2020-01-14\/swiss-ethics-award-bekanntgabe-der-nominierten\/#breadcrumb","itemListElement":[{"@type":"ListItem","position":1,"name":"Home","item":"https:\/\/www.organisator.ch\/"},{"@type":"ListItem","position":2,"name":"Swiss Ethics Award: Bekanntgabe der Projekte"}]},{"@type":"WebSite","@id":"https:\/\/www.organisator.ch\/#website","url":"https:\/\/www.organisator.ch\/","name":"Organizer","description":"Competent. Practical. In 10 issues per year, ORGANISATOR presents the essential topics for managers of SMEs.","publisher":{"@id":"https:\/\/www.organisator.ch\/#organization"},"potentialAction":[{"@type":"SearchAction","target":{"@type":"EntryPoint","urlTemplate":"https:\/\/www.organisator.ch\/?s={search_term_string}"},"query-input":{"@type":"PropertyValueSpecification","valueRequired":true,"valueName":"search_term_string"}}],"inLanguage":"en-US"},{"@type":"Organization","@id":"https:\/\/www.organisator.ch\/#organization","name":"Organizer","url":"https:\/\/www.organisator.ch\/","logo":{"@type":"ImageObject","inLanguage":"en-US","@id":"https:\/\/www.organisator.ch\/#\/schema\/logo\/image\/","url":"https:\/\/www.organisator.ch\/wp-content\/uploads\/2022\/01\/Logo_Organisator_Website.png","contentUrl":"https:\/\/www.organisator.ch\/wp-content\/uploads\/2022\/01\/Logo_Organisator_Website.png","width":800,"height":77,"caption":"Organisator"},"image":{"@id":"https:\/\/www.organisator.ch\/#\/schema\/logo\/image\/"},"sameAs":["https:\/\/www.facebook.com\/OrganisatorFachmagazin","https:\/\/www.linkedin.com\/showcase\/organisator-das-magazin-fr-kmu","https:\/\/www.xing.com\/news\/pages\/organisator-ch-695","https:\/\/www.youtube.com\/channel\/UCGP2Sq0iWaZwT3BdIAQFYpw"]},{"@type":"Person","@id":"https:\/\/www.organisator.ch\/#\/schema\/person\/134708ca9321c57b0362cceb7948ffbd","name":"michael.merz","image":{"@type":"ImageObject","inLanguage":"en-US","@id":"https:\/\/secure.gravatar.com\/avatar\/?s=96&d=mm&r=g","url":"https:\/\/secure.gravatar.com\/avatar\/?s=96&d=mm&r=g","contentUrl":"https:\/\/secure.gravatar.com\/avatar\/?s=96&d=mm&r=g","caption":"michael.merz"},"url":"https:\/\/www.organisator.ch\/en\/author\/michael-merz\/"}]}},"_links":{"self":[{"href":"https:\/\/www.organisator.ch\/en\/wp-json\/wp\/v2\/posts\/10144","targetHints":{"allow":["GET"]}}],"collection":[{"href":"https:\/\/www.organisator.ch\/en\/wp-json\/wp\/v2\/posts"}],"about":[{"href":"https:\/\/www.organisator.ch\/en\/wp-json\/wp\/v2\/types\/post"}],"author":[{"embeddable":true,"href":"https:\/\/www.organisator.ch\/en\/wp-json\/wp\/v2\/users\/5"}],"replies":[{"embeddable":true,"href":"https:\/\/www.organisator.ch\/en\/wp-json\/wp\/v2\/comments?post=10144"}],"version-history":[{"count":1,"href":"https:\/\/www.organisator.ch\/en\/wp-json\/wp\/v2\/posts\/10144\/revisions"}],"predecessor-version":[{"id":10856,"href":"https:\/\/www.organisator.ch\/en\/wp-json\/wp\/v2\/posts\/10144\/revisions\/10856"}],"wp:featuredmedia":[{"embeddable":true,"href":"https:\/\/www.organisator.ch\/en\/wp-json\/wp\/v2\/media\/2740"}],"wp:attachment":[{"href":"https:\/\/www.organisator.ch\/en\/wp-json\/wp\/v2\/media?parent=10144"}],"wp:term":[{"taxonomy":"category","embeddable":true,"href":"https:\/\/www.organisator.ch\/en\/wp-json\/wp\/v2\/categories?post=10144"},{"taxonomy":"post_tag","embeddable":true,"href":"https:\/\/www.organisator.ch\/en\/wp-json\/wp\/v2\/tags?post=10144"}],"curies":[{"name":"wp","href":"https:\/\/api.w.org\/{rel}","templated":true}]}}