{"id":10154,"date":"2020-02-18T12:53:32","date_gmt":"2020-02-18T11:53:32","guid":{"rendered":"https:\/\/www.umweltperspektiven.ch\/?p=2828"},"modified":"2022-02-09T11:06:14","modified_gmt":"2022-02-09T10:06:14","slug":"anteil-der-erneuerbaren-nimmt-zu","status":"publish","type":"post","link":"https:\/\/www.organisator.ch\/en\/sustainability\/2020-02-18\/anteil-der-erneuerbaren-nimmt-zu\/","title":{"rendered":"Share of renewables on the rise"},"content":{"rendered":"<figure id=\"attachment_2829\" aria-describedby=\"caption-attachment-2829\" style=\"width: 680px\" class=\"wp-caption alignnone\"><img loading=\"lazy\" decoding=\"async\" class=\"size-medium wp-image-2829\" src=\"\/\/www.umweltperspektiven.ch\/wp-content\/uploads\/2020\/02\/Anteil-an-Erneuerbarer-Energie-nimmt-zu-UP_Umwelt-Perspektive.jpg\" alt=\"\" width=\"680\" height=\"454\" \/><figcaption id=\"caption-attachment-2829\" class=\"wp-caption-text\">New renewables made gains, increasing their share of the supply mix from 7.2 percent to 7.85 percent. 91 percent of this comes from Swiss production. (Image: Unsplash)<\/figcaption><\/figure>\n<p class=\"bodytext\">The Federal Office of Energy (<a href=\"\/\/www.bfe.admin.ch\/bfe\/de\/home.html\" target=\"_blank\" rel=\"noopener\">SFO<\/a>) has compiled the data on the Swiss electricity supply mix\u00a0<a href=\"\/\/www.admin.ch\/gov\/de\/start\/dokumentation\/medienmitteilungen.msg-id-78113.html\" target=\"_blank\" rel=\"noopener\">published<\/a>. This refers to electricity from the socket, not just electricity produced in Switzerland. This is because Switzerland not only exports electricity, it also imports it. The origin of some of this imported electricity cannot be verified. However, in 2018, this share fell from 16.1 percent to 6.3 percent compared to the previous year.<\/p>\n<p><b>Production mix is not the same as supply mix<\/b><br \/>\nIn Switzerland, 55.4% of electricity is produced from hydropower, 36.1% from nuclear power, 2.8% from fossil fuels and just under 6% from renewable energies (= Swiss production mix 2018). However, not only electricity from Swiss production is delivered to Swiss sockets: There is a lively trade with foreign countries, where electricity is exported and imported. Therefore, the Swiss production mix does not match the average composition of the electricity supplied (= Swiss supply mix).<\/p>\n<p>In order to create transparency about the supply mix of each electricity supplier and thus enable consumers to make an informed decision in favor of a particular electricity product, Swiss electricity supply companies have been required by law since 2005 to disclose the origin and composition of the electricity supplied. The declaration is always made retrospectively, based on the data of the previous calendar year. Since 2006, these figures have had to be disclosed to all customers with their electricity bills. Since 2013, the data has also been published on the internet platform <a href=\"\/\/www.stromkennzeichnung.ch\">www.stromkennzeichnung.ch<\/a> published.<\/p>\n<p class=\"bodytext\">In the reporting period, the share of renewables in the supply mix was 74 percent, compared with 68 percent in the previous year. Hydropower from large hydroelectric plants accounted for the lion's share here at 66 percent (previous year: 60.5 percent). 76 percent of this was produced in Switzerland, compared with 80 percent in 2017. However, the new renewable energy sources of solar, wind, biomass and small hydropower also made gains, increasing their share of the supply mix from 7.2 percent to 7.85 percent. 91 percent of this came from Swiss production.<\/p>\n<p class=\"bodytext\">However, nuclear power accounts for the second-largest share of the supply mix. Here, after 15.1 percent in 2017, a total of 17.3 percent was registered for 2018. 99.8 percent of this nuclear power came from Switzerland. Fossil energy sources reached a share of 1.7 percent in 2018, while electricity from waste accounted for 0.95 percent.<\/p>","protected":false},"excerpt":{"rendered":"<p>Das Bundesamt f\u00fcr Energie (BFE) hat die Daten zum Schweizer Strom-Liefermix\u00a0ver\u00f6ffentlicht. Damit ist der Strom aus der Steckdose gemeint, nicht nur Strom, der in der Schweiz produziert wird. Denn die Schweiz exportiert nicht nur Strom, sie importiert ihn auch. Bei einem Teil dieses importierten Stroms ist die Herkunft nicht \u00fcberpr\u00fcfbar. Dieser Anteil ist jedoch 2018 [&hellip;]<\/p>\n","protected":false},"author":5,"featured_media":2829,"comment_status":"closed","ping_status":"closed","sticky":false,"template":"","format":"standard","meta":{"_acf_changed":false,"_yoast_wpseo_focuskw":"Erneuerbare","_yoast_wpseo_metadesc":"Der Anteil von erneuerbarem Strom in Schweizer Steckdosen legt weiter zu. So ist er 2018 im Vergleich zum Vorjahr von 68 Prozent auf 74 Prozent gestiegen.","articlekey":"","footnotes":""},"categories":[580],"tags":[843,584,1118,2158,600,2566],"class_list":["post-10154","post","type-post","status-publish","format-standard","has-post-thumbnail","hentry","category-sustainability","tag-biomasse","tag-energie","tag-erneuerbare","tag-sonne","tag-wasser","tag-wind"],"acf":[],"yoast_head":"<!-- This site is optimized with the Yoast SEO plugin v27.4 - https:\/\/yoast.com\/product\/yoast-seo-wordpress\/ -->\n<title>Anteil der Erneuerbaren nimmt zu - Organisator<\/title>\n<meta name=\"description\" content=\"Der Anteil von erneuerbarem Strom in Schweizer Steckdosen legt weiter zu. So ist er 2018 im Vergleich zum Vorjahr von 68 Prozent auf 74 Prozent gestiegen.\" \/>\n<meta name=\"robots\" content=\"index, follow, max-snippet:-1, max-image-preview:large, max-video-preview:-1\" \/>\n<link rel=\"canonical\" href=\"https:\/\/www.organisator.ch\/en\/sustainability\/2020-02-18\/anteil-der-erneuerbaren-nimmt-zu\/\" \/>\n<meta property=\"og:locale\" content=\"en_US\" \/>\n<meta property=\"og:type\" content=\"article\" \/>\n<meta property=\"og:title\" content=\"Anteil der Erneuerbaren nimmt zu - Organisator\" \/>\n<meta property=\"og:description\" content=\"Der Anteil von erneuerbarem Strom in Schweizer Steckdosen legt weiter zu. So ist er 2018 im Vergleich zum Vorjahr von 68 Prozent auf 74 Prozent gestiegen.\" \/>\n<meta property=\"og:url\" content=\"https:\/\/www.organisator.ch\/en\/sustainability\/2020-02-18\/anteil-der-erneuerbaren-nimmt-zu\/\" \/>\n<meta property=\"og:site_name\" content=\"Organisator\" \/>\n<meta property=\"article:publisher\" content=\"https:\/\/www.facebook.com\/OrganisatorFachmagazin\" \/>\n<meta property=\"article:published_time\" content=\"2020-02-18T11:53:32+00:00\" \/>\n<meta property=\"article:modified_time\" content=\"2022-02-09T10:06:14+00:00\" \/>\n<meta property=\"og:image\" content=\"https:\/\/www.organisator.ch\/wp-content\/uploads\/2020\/02\/Anteil-an-Erneuerbarer-Energie-nimmt-zu-UP_Umwelt-Perspektive-scaled.jpg\" \/>\n\t<meta property=\"og:image:width\" content=\"2560\" \/>\n\t<meta property=\"og:image:height\" content=\"1710\" \/>\n\t<meta property=\"og:image:type\" content=\"image\/jpeg\" \/>\n<meta name=\"author\" content=\"michael.merz\" \/>\n<meta name=\"twitter:card\" content=\"summary_large_image\" \/>\n<script type=\"application\/ld+json\" class=\"yoast-schema-graph\">{\"@context\":\"https:\\\/\\\/schema.org\",\"@graph\":[{\"@type\":\"Article\",\"@id\":\"https:\\\/\\\/www.organisator.ch\\\/sustainability\\\/2020-02-18\\\/anteil-der-erneuerbaren-nimmt-zu\\\/#article\",\"isPartOf\":{\"@id\":\"https:\\\/\\\/www.organisator.ch\\\/sustainability\\\/2020-02-18\\\/anteil-der-erneuerbaren-nimmt-zu\\\/\"},\"author\":{\"name\":\"michael.merz\",\"@id\":\"https:\\\/\\\/www.organisator.ch\\\/#\\\/schema\\\/person\\\/134708ca9321c57b0362cceb7948ffbd\"},\"headline\":\"Anteil der Erneuerbaren nimmt zu\",\"datePublished\":\"2020-02-18T11:53:32+00:00\",\"dateModified\":\"2022-02-09T10:06:14+00:00\",\"mainEntityOfPage\":{\"@id\":\"https:\\\/\\\/www.organisator.ch\\\/sustainability\\\/2020-02-18\\\/anteil-der-erneuerbaren-nimmt-zu\\\/\"},\"wordCount\":374,\"publisher\":{\"@id\":\"https:\\\/\\\/www.organisator.ch\\\/#organization\"},\"image\":{\"@id\":\"https:\\\/\\\/www.organisator.ch\\\/sustainability\\\/2020-02-18\\\/anteil-der-erneuerbaren-nimmt-zu\\\/#primaryimage\"},\"thumbnailUrl\":\"https:\\\/\\\/www.organisator.ch\\\/wp-content\\\/uploads\\\/2020\\\/02\\\/Anteil-an-Erneuerbarer-Energie-nimmt-zu-UP_Umwelt-Perspektive-scaled.jpg\",\"keywords\":[\"Biomasse\",\"ENERGIE\",\"Erneuerbare\",\"Sonne\",\"WASSER\",\"Wind\"],\"articleSection\":[\"SUSTAINABILITY\"],\"inLanguage\":\"en-US\"},{\"@type\":\"WebPage\",\"@id\":\"https:\\\/\\\/www.organisator.ch\\\/sustainability\\\/2020-02-18\\\/anteil-der-erneuerbaren-nimmt-zu\\\/\",\"url\":\"https:\\\/\\\/www.organisator.ch\\\/sustainability\\\/2020-02-18\\\/anteil-der-erneuerbaren-nimmt-zu\\\/\",\"name\":\"Anteil der Erneuerbaren nimmt zu - Organisator\",\"isPartOf\":{\"@id\":\"https:\\\/\\\/www.organisator.ch\\\/#website\"},\"primaryImageOfPage\":{\"@id\":\"https:\\\/\\\/www.organisator.ch\\\/sustainability\\\/2020-02-18\\\/anteil-der-erneuerbaren-nimmt-zu\\\/#primaryimage\"},\"image\":{\"@id\":\"https:\\\/\\\/www.organisator.ch\\\/sustainability\\\/2020-02-18\\\/anteil-der-erneuerbaren-nimmt-zu\\\/#primaryimage\"},\"thumbnailUrl\":\"https:\\\/\\\/www.organisator.ch\\\/wp-content\\\/uploads\\\/2020\\\/02\\\/Anteil-an-Erneuerbarer-Energie-nimmt-zu-UP_Umwelt-Perspektive-scaled.jpg\",\"datePublished\":\"2020-02-18T11:53:32+00:00\",\"dateModified\":\"2022-02-09T10:06:14+00:00\",\"description\":\"Der Anteil von erneuerbarem Strom in Schweizer Steckdosen legt weiter zu. So ist er 2018 im Vergleich zum Vorjahr von 68 Prozent auf 74 Prozent gestiegen.\",\"breadcrumb\":{\"@id\":\"https:\\\/\\\/www.organisator.ch\\\/sustainability\\\/2020-02-18\\\/anteil-der-erneuerbaren-nimmt-zu\\\/#breadcrumb\"},\"inLanguage\":\"en-US\",\"potentialAction\":[{\"@type\":\"ReadAction\",\"target\":[\"https:\\\/\\\/www.organisator.ch\\\/sustainability\\\/2020-02-18\\\/anteil-der-erneuerbaren-nimmt-zu\\\/\"]}]},{\"@type\":\"ImageObject\",\"inLanguage\":\"en-US\",\"@id\":\"https:\\\/\\\/www.organisator.ch\\\/sustainability\\\/2020-02-18\\\/anteil-der-erneuerbaren-nimmt-zu\\\/#primaryimage\",\"url\":\"https:\\\/\\\/www.organisator.ch\\\/wp-content\\\/uploads\\\/2020\\\/02\\\/Anteil-an-Erneuerbarer-Energie-nimmt-zu-UP_Umwelt-Perspektive-scaled.jpg\",\"contentUrl\":\"https:\\\/\\\/www.organisator.ch\\\/wp-content\\\/uploads\\\/2020\\\/02\\\/Anteil-an-Erneuerbarer-Energie-nimmt-zu-UP_Umwelt-Perspektive-scaled.jpg\",\"width\":2560,\"height\":1710,\"caption\":\"Die neuen erneuerbaren Energietr\u00e4ger Sonne, Wind, Biomasse und Kleinwasserkraft konnten zulegen und ihren Anteil am Liefermix von 7,2 Prozent auf 7,85 Prozent erh\u00f6hen. 91 Prozent davon stammen aus Schweizer Produktion. (Bild: Unsplash)\"},{\"@type\":\"BreadcrumbList\",\"@id\":\"https:\\\/\\\/www.organisator.ch\\\/sustainability\\\/2020-02-18\\\/anteil-der-erneuerbaren-nimmt-zu\\\/#breadcrumb\",\"itemListElement\":[{\"@type\":\"ListItem\",\"position\":1,\"name\":\"Home\",\"item\":\"https:\\\/\\\/www.organisator.ch\\\/\"},{\"@type\":\"ListItem\",\"position\":2,\"name\":\"Anteil der Erneuerbaren nimmt zu\"}]},{\"@type\":\"WebSite\",\"@id\":\"https:\\\/\\\/www.organisator.ch\\\/#website\",\"url\":\"https:\\\/\\\/www.organisator.ch\\\/\",\"name\":\"Organisator\",\"description\":\"Kompetent. Praxisnah. Der ORGANISATOR bereitet in 10 Ausgaben pro Jahr die wesentlichen Themen f\u00fcr F\u00fchrungskr\u00e4fte von KMU auf.\",\"publisher\":{\"@id\":\"https:\\\/\\\/www.organisator.ch\\\/#organization\"},\"potentialAction\":[{\"@type\":\"SearchAction\",\"target\":{\"@type\":\"EntryPoint\",\"urlTemplate\":\"https:\\\/\\\/www.organisator.ch\\\/?s={search_term_string}\"},\"query-input\":{\"@type\":\"PropertyValueSpecification\",\"valueRequired\":true,\"valueName\":\"search_term_string\"}}],\"inLanguage\":\"en-US\"},{\"@type\":\"Organization\",\"@id\":\"https:\\\/\\\/www.organisator.ch\\\/#organization\",\"name\":\"Organisator\",\"url\":\"https:\\\/\\\/www.organisator.ch\\\/\",\"logo\":{\"@type\":\"ImageObject\",\"inLanguage\":\"en-US\",\"@id\":\"https:\\\/\\\/www.organisator.ch\\\/#\\\/schema\\\/logo\\\/image\\\/\",\"url\":\"https:\\\/\\\/www.organisator.ch\\\/wp-content\\\/uploads\\\/2022\\\/01\\\/Logo_Organisator_Website.png\",\"contentUrl\":\"https:\\\/\\\/www.organisator.ch\\\/wp-content\\\/uploads\\\/2022\\\/01\\\/Logo_Organisator_Website.png\",\"width\":800,\"height\":77,\"caption\":\"Organisator\"},\"image\":{\"@id\":\"https:\\\/\\\/www.organisator.ch\\\/#\\\/schema\\\/logo\\\/image\\\/\"},\"sameAs\":[\"https:\\\/\\\/www.facebook.com\\\/OrganisatorFachmagazin\",\"https:\\\/\\\/www.linkedin.com\\\/showcase\\\/organisator-das-magazin-fr-kmu\",\"https:\\\/\\\/www.xing.com\\\/news\\\/pages\\\/organisator-ch-695\",\"https:\\\/\\\/www.youtube.com\\\/channel\\\/UCGP2Sq0iWaZwT3BdIAQFYpw\"]},{\"@type\":\"Person\",\"@id\":\"https:\\\/\\\/www.organisator.ch\\\/#\\\/schema\\\/person\\\/134708ca9321c57b0362cceb7948ffbd\",\"name\":\"michael.merz\",\"image\":{\"@type\":\"ImageObject\",\"inLanguage\":\"en-US\",\"@id\":\"https:\\\/\\\/secure.gravatar.com\\\/avatar\\\/?s=96&d=mm&r=g\",\"url\":\"https:\\\/\\\/secure.gravatar.com\\\/avatar\\\/?s=96&d=mm&r=g\",\"contentUrl\":\"https:\\\/\\\/secure.gravatar.com\\\/avatar\\\/?s=96&d=mm&r=g\",\"caption\":\"michael.merz\"},\"url\":\"https:\\\/\\\/www.organisator.ch\\\/en\\\/author\\\/michael-merz\\\/\"}]}<\/script>\n<!-- \/ Yoast SEO plugin. -->","yoast_head_json":{"title":"Share of renewables on the rise - Organizer","description":"The share of renewable electricity in Swiss sockets continues to increase. In 2018, it rose from 68 percent to 74 percent compared to the previous year.","robots":{"index":"index","follow":"follow","max-snippet":"max-snippet:-1","max-image-preview":"max-image-preview:large","max-video-preview":"max-video-preview:-1"},"canonical":"https:\/\/www.organisator.ch\/en\/sustainability\/2020-02-18\/anteil-der-erneuerbaren-nimmt-zu\/","og_locale":"en_US","og_type":"article","og_title":"Anteil der Erneuerbaren nimmt zu - Organisator","og_description":"Der Anteil von erneuerbarem Strom in Schweizer Steckdosen legt weiter zu. So ist er 2018 im Vergleich zum Vorjahr von 68 Prozent auf 74 Prozent gestiegen.","og_url":"https:\/\/www.organisator.ch\/en\/sustainability\/2020-02-18\/anteil-der-erneuerbaren-nimmt-zu\/","og_site_name":"Organisator","article_publisher":"https:\/\/www.facebook.com\/OrganisatorFachmagazin","article_published_time":"2020-02-18T11:53:32+00:00","article_modified_time":"2022-02-09T10:06:14+00:00","og_image":[{"width":2560,"height":1710,"url":"https:\/\/www.organisator.ch\/wp-content\/uploads\/2020\/02\/Anteil-an-Erneuerbarer-Energie-nimmt-zu-UP_Umwelt-Perspektive-scaled.jpg","type":"image\/jpeg"}],"author":"michael.merz","twitter_card":"summary_large_image","schema":{"@context":"https:\/\/schema.org","@graph":[{"@type":"Article","@id":"https:\/\/www.organisator.ch\/sustainability\/2020-02-18\/anteil-der-erneuerbaren-nimmt-zu\/#article","isPartOf":{"@id":"https:\/\/www.organisator.ch\/sustainability\/2020-02-18\/anteil-der-erneuerbaren-nimmt-zu\/"},"author":{"name":"michael.merz","@id":"https:\/\/www.organisator.ch\/#\/schema\/person\/134708ca9321c57b0362cceb7948ffbd"},"headline":"Anteil der Erneuerbaren nimmt zu","datePublished":"2020-02-18T11:53:32+00:00","dateModified":"2022-02-09T10:06:14+00:00","mainEntityOfPage":{"@id":"https:\/\/www.organisator.ch\/sustainability\/2020-02-18\/anteil-der-erneuerbaren-nimmt-zu\/"},"wordCount":374,"publisher":{"@id":"https:\/\/www.organisator.ch\/#organization"},"image":{"@id":"https:\/\/www.organisator.ch\/sustainability\/2020-02-18\/anteil-der-erneuerbaren-nimmt-zu\/#primaryimage"},"thumbnailUrl":"https:\/\/www.organisator.ch\/wp-content\/uploads\/2020\/02\/Anteil-an-Erneuerbarer-Energie-nimmt-zu-UP_Umwelt-Perspektive-scaled.jpg","keywords":["Biomasse","ENERGIE","Erneuerbare","Sonne","WASSER","Wind"],"articleSection":["SUSTAINABILITY"],"inLanguage":"en-US"},{"@type":"WebPage","@id":"https:\/\/www.organisator.ch\/sustainability\/2020-02-18\/anteil-der-erneuerbaren-nimmt-zu\/","url":"https:\/\/www.organisator.ch\/sustainability\/2020-02-18\/anteil-der-erneuerbaren-nimmt-zu\/","name":"Share of renewables on the rise - Organizer","isPartOf":{"@id":"https:\/\/www.organisator.ch\/#website"},"primaryImageOfPage":{"@id":"https:\/\/www.organisator.ch\/sustainability\/2020-02-18\/anteil-der-erneuerbaren-nimmt-zu\/#primaryimage"},"image":{"@id":"https:\/\/www.organisator.ch\/sustainability\/2020-02-18\/anteil-der-erneuerbaren-nimmt-zu\/#primaryimage"},"thumbnailUrl":"https:\/\/www.organisator.ch\/wp-content\/uploads\/2020\/02\/Anteil-an-Erneuerbarer-Energie-nimmt-zu-UP_Umwelt-Perspektive-scaled.jpg","datePublished":"2020-02-18T11:53:32+00:00","dateModified":"2022-02-09T10:06:14+00:00","description":"The share of renewable electricity in Swiss sockets continues to increase. In 2018, it rose from 68 percent to 74 percent compared to the previous year.","breadcrumb":{"@id":"https:\/\/www.organisator.ch\/sustainability\/2020-02-18\/anteil-der-erneuerbaren-nimmt-zu\/#breadcrumb"},"inLanguage":"en-US","potentialAction":[{"@type":"ReadAction","target":["https:\/\/www.organisator.ch\/sustainability\/2020-02-18\/anteil-der-erneuerbaren-nimmt-zu\/"]}]},{"@type":"ImageObject","inLanguage":"en-US","@id":"https:\/\/www.organisator.ch\/sustainability\/2020-02-18\/anteil-der-erneuerbaren-nimmt-zu\/#primaryimage","url":"https:\/\/www.organisator.ch\/wp-content\/uploads\/2020\/02\/Anteil-an-Erneuerbarer-Energie-nimmt-zu-UP_Umwelt-Perspektive-scaled.jpg","contentUrl":"https:\/\/www.organisator.ch\/wp-content\/uploads\/2020\/02\/Anteil-an-Erneuerbarer-Energie-nimmt-zu-UP_Umwelt-Perspektive-scaled.jpg","width":2560,"height":1710,"caption":"Die neuen erneuerbaren Energietr\u00e4ger Sonne, Wind, Biomasse und Kleinwasserkraft konnten zulegen und ihren Anteil am Liefermix von 7,2 Prozent auf 7,85 Prozent erh\u00f6hen. 91 Prozent davon stammen aus Schweizer Produktion. (Bild: Unsplash)"},{"@type":"BreadcrumbList","@id":"https:\/\/www.organisator.ch\/sustainability\/2020-02-18\/anteil-der-erneuerbaren-nimmt-zu\/#breadcrumb","itemListElement":[{"@type":"ListItem","position":1,"name":"Home","item":"https:\/\/www.organisator.ch\/"},{"@type":"ListItem","position":2,"name":"Anteil der Erneuerbaren nimmt zu"}]},{"@type":"WebSite","@id":"https:\/\/www.organisator.ch\/#website","url":"https:\/\/www.organisator.ch\/","name":"Organizer","description":"Competent. Practical. In 10 issues per year, ORGANISATOR presents the essential topics for managers of SMEs.","publisher":{"@id":"https:\/\/www.organisator.ch\/#organization"},"potentialAction":[{"@type":"SearchAction","target":{"@type":"EntryPoint","urlTemplate":"https:\/\/www.organisator.ch\/?s={search_term_string}"},"query-input":{"@type":"PropertyValueSpecification","valueRequired":true,"valueName":"search_term_string"}}],"inLanguage":"en-US"},{"@type":"Organization","@id":"https:\/\/www.organisator.ch\/#organization","name":"Organizer","url":"https:\/\/www.organisator.ch\/","logo":{"@type":"ImageObject","inLanguage":"en-US","@id":"https:\/\/www.organisator.ch\/#\/schema\/logo\/image\/","url":"https:\/\/www.organisator.ch\/wp-content\/uploads\/2022\/01\/Logo_Organisator_Website.png","contentUrl":"https:\/\/www.organisator.ch\/wp-content\/uploads\/2022\/01\/Logo_Organisator_Website.png","width":800,"height":77,"caption":"Organisator"},"image":{"@id":"https:\/\/www.organisator.ch\/#\/schema\/logo\/image\/"},"sameAs":["https:\/\/www.facebook.com\/OrganisatorFachmagazin","https:\/\/www.linkedin.com\/showcase\/organisator-das-magazin-fr-kmu","https:\/\/www.xing.com\/news\/pages\/organisator-ch-695","https:\/\/www.youtube.com\/channel\/UCGP2Sq0iWaZwT3BdIAQFYpw"]},{"@type":"Person","@id":"https:\/\/www.organisator.ch\/#\/schema\/person\/134708ca9321c57b0362cceb7948ffbd","name":"michael.merz","image":{"@type":"ImageObject","inLanguage":"en-US","@id":"https:\/\/secure.gravatar.com\/avatar\/?s=96&d=mm&r=g","url":"https:\/\/secure.gravatar.com\/avatar\/?s=96&d=mm&r=g","contentUrl":"https:\/\/secure.gravatar.com\/avatar\/?s=96&d=mm&r=g","caption":"michael.merz"},"url":"https:\/\/www.organisator.ch\/en\/author\/michael-merz\/"}]}},"_links":{"self":[{"href":"https:\/\/www.organisator.ch\/en\/wp-json\/wp\/v2\/posts\/10154","targetHints":{"allow":["GET"]}}],"collection":[{"href":"https:\/\/www.organisator.ch\/en\/wp-json\/wp\/v2\/posts"}],"about":[{"href":"https:\/\/www.organisator.ch\/en\/wp-json\/wp\/v2\/types\/post"}],"author":[{"embeddable":true,"href":"https:\/\/www.organisator.ch\/en\/wp-json\/wp\/v2\/users\/5"}],"replies":[{"embeddable":true,"href":"https:\/\/www.organisator.ch\/en\/wp-json\/wp\/v2\/comments?post=10154"}],"version-history":[{"count":1,"href":"https:\/\/www.organisator.ch\/en\/wp-json\/wp\/v2\/posts\/10154\/revisions"}],"predecessor-version":[{"id":10531,"href":"https:\/\/www.organisator.ch\/en\/wp-json\/wp\/v2\/posts\/10154\/revisions\/10531"}],"wp:featuredmedia":[{"embeddable":true,"href":"https:\/\/www.organisator.ch\/en\/wp-json\/wp\/v2\/media\/2829"}],"wp:attachment":[{"href":"https:\/\/www.organisator.ch\/en\/wp-json\/wp\/v2\/media?parent=10154"}],"wp:term":[{"taxonomy":"category","embeddable":true,"href":"https:\/\/www.organisator.ch\/en\/wp-json\/wp\/v2\/categories?post=10154"},{"taxonomy":"post_tag","embeddable":true,"href":"https:\/\/www.organisator.ch\/en\/wp-json\/wp\/v2\/tags?post=10154"}],"curies":[{"name":"wp","href":"https:\/\/api.w.org\/{rel}","templated":true}]}}