{"id":10155,"date":"2020-02-10T10:41:45","date_gmt":"2020-02-10T09:41:45","guid":{"rendered":"https:\/\/www.umweltperspektiven.ch\/?p=2831"},"modified":"2022-02-09T11:06:14","modified_gmt":"2022-02-09T10:06:14","slug":"klimawandel-gefaehrdet-energieversorgung","status":"publish","type":"post","link":"https:\/\/www.organisator.ch\/en\/sustainability\/2020-02-10\/klimawandel-gefaehrdet-energieversorgung\/","title":{"rendered":"Climate change endangers energy supply"},"content":{"rendered":"<p>&nbsp;<\/p>\n<figure id=\"attachment_2832\" aria-describedby=\"caption-attachment-2832\" style=\"width: 680px\" class=\"wp-caption alignnone\"><img loading=\"lazy\" decoding=\"async\" class=\"size-medium wp-image-2832\" src=\"\/\/www.umweltperspektiven.ch\/wp-content\/uploads\/2020\/02\/13379e0c.jpg\" alt=\"\" width=\"680\" height=\"453\" \/><figcaption id=\"caption-attachment-2832\" class=\"wp-caption-text\">Europe from space at night with city lights showing European cities \u00a9 Nasa<\/figcaption><\/figure>\n<p>&nbsp;<\/p>\n<p>Climate change poses enormous supply risks. A new simulation model from EPFL makes this clear. New, sustainable energy systems are mostly designed for today's climate conditions. Climate-related risks are hardly considered in their development. Researchers at the Swiss Federal Institute of Technology Lausanne (<a href=\"\/\/www.epfl.ch\/en\/\" target=\"_blank\" rel=\"noopener\">EPFL<\/a>) have taken this as an opportunity to develop a stochastically robust simulation method. It shows that the future energy supply is in danger.<\/p>\n<p class=\"bodytext\">\"We have observed that current energy systems are designed to be very vulnerable to extreme weather events such as storms and heat waves,\" Dasun Perera of EPFL's Laboratory of Solar Energy and Building Physics (<a href=\"\/\/www.epfl.ch\/labs\/leso\/\" target=\"_blank\" rel=\"noopener\">LESO-PB<\/a>) in a\u00a0<a href=\"\/\/actu.epfl.ch\/news\/climate-change-will-disrupt-existing-energy-system\/\" target=\"_blank\" rel=\"noopener\">Communication<\/a>\u00a0cited. In addition, climate fluctuations would lead to significant fluctuations in the feed-in of electricity from renewable sources into the grids as well as in energy demand.<\/p>\n<p class=\"bodytext\">So far, he said, no one has attempted to holistically connect the two issues of climate change and energy production. \"If we do nothing, our current energy systems will no longer be able to meet demand,\" said Jean-Louis Scartezzini, head of LESO-PB at EPFL.<\/p>\n<p class=\"bodytext\">The researchers applied their method to 30 Swedish cities. In the process, they calculated 13 climate change scenarios. They found that under extreme conditions, the hourly demand for heating and cooling in the country's entire current housing stock is between 50 and 400 percent above the 20-year historical average. The results apply to much of central Europe.<\/p>\n<p class=\"bodytext\">They have now been published in the magazine \"<a href=\"\/\/www.nature.com\/articles\/s41560-020-0558-0\" target=\"_blank\" rel=\"noopener\">Nature Energy<\/a>\" published.<\/p>","protected":false},"excerpt":{"rendered":"<p>&nbsp; &nbsp; Der Klimawandel birgt enorme Versorgungsrisiken. Ein neues Simulationsmodell der EPFL macht das deutlich. Neue, nachhaltige Energiesysteme sind meist f\u00fcr heutige Klimaverh\u00e4ltnisse konzipiert. Klimabedingte Risiken werden bei ihrer Entwicklung kaum ber\u00fccksichtigt. Forschende der Eidgen\u00f6ssischen Technischen Hochschule Lausanne (EPFL) haben dies zum Anlass genommen, eine stochastisch robuste Simulationsmethode zu entwickeln. Sie zeigt, dass die k\u00fcnftige [&hellip;]<\/p>\n","protected":false},"author":5,"featured_media":2832,"comment_status":"closed","ping_status":"closed","sticky":false,"template":"","format":"standard","meta":{"_acf_changed":false,"_yoast_wpseo_focuskw":"Klimawandel","_yoast_wpseo_metadesc":"Der Klimawandel k\u00f6nnte die Energieversorgung der Schweiz gef\u00e4hrden. Forschende der Eidgen\u00f6ssischen Technischen Hochschule Lausanne schlagen Alarm.","articlekey":"","footnotes":""},"categories":[580],"tags":[617,1107,1532,424],"class_list":["post-10155","post","type-post","status-publish","format-standard","has-post-thumbnail","hentry","category-sustainability","tag-energieversorgung","tag-epfl","tag-klimawandel","tag-schweiz"],"acf":[],"yoast_head":"<!-- This site is optimized with the Yoast SEO plugin v27.4 - https:\/\/yoast.com\/product\/yoast-seo-wordpress\/ -->\n<title>Klimawandel gef\u00e4hrdet Energieversorgung - Organisator<\/title>\n<meta name=\"description\" content=\"Der Klimawandel k\u00f6nnte die Energieversorgung der Schweiz gef\u00e4hrden. Forschende der Eidgen\u00f6ssischen Technischen Hochschule Lausanne schlagen Alarm.\" \/>\n<meta name=\"robots\" content=\"index, follow, max-snippet:-1, max-image-preview:large, max-video-preview:-1\" \/>\n<link rel=\"canonical\" href=\"https:\/\/www.organisator.ch\/en\/sustainability\/2020-02-10\/klimawandel-gefaehrdet-energieversorgung\/\" \/>\n<meta property=\"og:locale\" content=\"en_US\" \/>\n<meta property=\"og:type\" content=\"article\" \/>\n<meta property=\"og:title\" content=\"Klimawandel gef\u00e4hrdet Energieversorgung - Organisator\" \/>\n<meta property=\"og:description\" content=\"Der Klimawandel k\u00f6nnte die Energieversorgung der Schweiz gef\u00e4hrden. Forschende der Eidgen\u00f6ssischen Technischen Hochschule Lausanne schlagen Alarm.\" \/>\n<meta property=\"og:url\" content=\"https:\/\/www.organisator.ch\/en\/sustainability\/2020-02-10\/klimawandel-gefaehrdet-energieversorgung\/\" \/>\n<meta property=\"og:site_name\" content=\"Organisator\" \/>\n<meta property=\"article:publisher\" content=\"https:\/\/www.facebook.com\/OrganisatorFachmagazin\" \/>\n<meta property=\"article:published_time\" content=\"2020-02-10T09:41:45+00:00\" \/>\n<meta property=\"article:modified_time\" content=\"2022-02-09T10:06:14+00:00\" \/>\n<meta property=\"og:image\" content=\"https:\/\/www.organisator.ch\/wp-content\/uploads\/2020\/02\/13379e0c-scaled.jpg\" \/>\n\t<meta property=\"og:image:width\" content=\"2560\" \/>\n\t<meta property=\"og:image:height\" content=\"1707\" \/>\n\t<meta property=\"og:image:type\" content=\"image\/jpeg\" \/>\n<meta name=\"author\" content=\"michael.merz\" \/>\n<meta name=\"twitter:card\" content=\"summary_large_image\" \/>\n<script type=\"application\/ld+json\" class=\"yoast-schema-graph\">{\"@context\":\"https:\\\/\\\/schema.org\",\"@graph\":[{\"@type\":\"Article\",\"@id\":\"https:\\\/\\\/www.organisator.ch\\\/sustainability\\\/2020-02-10\\\/klimawandel-gefaehrdet-energieversorgung\\\/#article\",\"isPartOf\":{\"@id\":\"https:\\\/\\\/www.organisator.ch\\\/sustainability\\\/2020-02-10\\\/klimawandel-gefaehrdet-energieversorgung\\\/\"},\"author\":{\"name\":\"michael.merz\",\"@id\":\"https:\\\/\\\/www.organisator.ch\\\/#\\\/schema\\\/person\\\/134708ca9321c57b0362cceb7948ffbd\"},\"headline\":\"Klimawandel gef\u00e4hrdet Energieversorgung\",\"datePublished\":\"2020-02-10T09:41:45+00:00\",\"dateModified\":\"2022-02-09T10:06:14+00:00\",\"mainEntityOfPage\":{\"@id\":\"https:\\\/\\\/www.organisator.ch\\\/sustainability\\\/2020-02-10\\\/klimawandel-gefaehrdet-energieversorgung\\\/\"},\"wordCount\":257,\"publisher\":{\"@id\":\"https:\\\/\\\/www.organisator.ch\\\/#organization\"},\"image\":{\"@id\":\"https:\\\/\\\/www.organisator.ch\\\/sustainability\\\/2020-02-10\\\/klimawandel-gefaehrdet-energieversorgung\\\/#primaryimage\"},\"thumbnailUrl\":\"https:\\\/\\\/www.organisator.ch\\\/wp-content\\\/uploads\\\/2020\\\/02\\\/13379e0c-scaled.jpg\",\"keywords\":[\"Energieversorgung\",\"EPFL\",\"Klimawandel\",\"Schweiz\"],\"articleSection\":[\"SUSTAINABILITY\"],\"inLanguage\":\"en-US\"},{\"@type\":\"WebPage\",\"@id\":\"https:\\\/\\\/www.organisator.ch\\\/sustainability\\\/2020-02-10\\\/klimawandel-gefaehrdet-energieversorgung\\\/\",\"url\":\"https:\\\/\\\/www.organisator.ch\\\/sustainability\\\/2020-02-10\\\/klimawandel-gefaehrdet-energieversorgung\\\/\",\"name\":\"Klimawandel gef\u00e4hrdet Energieversorgung - Organisator\",\"isPartOf\":{\"@id\":\"https:\\\/\\\/www.organisator.ch\\\/#website\"},\"primaryImageOfPage\":{\"@id\":\"https:\\\/\\\/www.organisator.ch\\\/sustainability\\\/2020-02-10\\\/klimawandel-gefaehrdet-energieversorgung\\\/#primaryimage\"},\"image\":{\"@id\":\"https:\\\/\\\/www.organisator.ch\\\/sustainability\\\/2020-02-10\\\/klimawandel-gefaehrdet-energieversorgung\\\/#primaryimage\"},\"thumbnailUrl\":\"https:\\\/\\\/www.organisator.ch\\\/wp-content\\\/uploads\\\/2020\\\/02\\\/13379e0c-scaled.jpg\",\"datePublished\":\"2020-02-10T09:41:45+00:00\",\"dateModified\":\"2022-02-09T10:06:14+00:00\",\"description\":\"Der Klimawandel k\u00f6nnte die Energieversorgung der Schweiz gef\u00e4hrden. Forschende der Eidgen\u00f6ssischen Technischen Hochschule Lausanne schlagen Alarm.\",\"breadcrumb\":{\"@id\":\"https:\\\/\\\/www.organisator.ch\\\/sustainability\\\/2020-02-10\\\/klimawandel-gefaehrdet-energieversorgung\\\/#breadcrumb\"},\"inLanguage\":\"en-US\",\"potentialAction\":[{\"@type\":\"ReadAction\",\"target\":[\"https:\\\/\\\/www.organisator.ch\\\/sustainability\\\/2020-02-10\\\/klimawandel-gefaehrdet-energieversorgung\\\/\"]}]},{\"@type\":\"ImageObject\",\"inLanguage\":\"en-US\",\"@id\":\"https:\\\/\\\/www.organisator.ch\\\/sustainability\\\/2020-02-10\\\/klimawandel-gefaehrdet-energieversorgung\\\/#primaryimage\",\"url\":\"https:\\\/\\\/www.organisator.ch\\\/wp-content\\\/uploads\\\/2020\\\/02\\\/13379e0c-scaled.jpg\",\"contentUrl\":\"https:\\\/\\\/www.organisator.ch\\\/wp-content\\\/uploads\\\/2020\\\/02\\\/13379e0c-scaled.jpg\",\"width\":2560,\"height\":1707,\"caption\":\"Europe from space at night with city lights showing European cities \u00a9 Nasa\"},{\"@type\":\"BreadcrumbList\",\"@id\":\"https:\\\/\\\/www.organisator.ch\\\/sustainability\\\/2020-02-10\\\/klimawandel-gefaehrdet-energieversorgung\\\/#breadcrumb\",\"itemListElement\":[{\"@type\":\"ListItem\",\"position\":1,\"name\":\"Home\",\"item\":\"https:\\\/\\\/www.organisator.ch\\\/\"},{\"@type\":\"ListItem\",\"position\":2,\"name\":\"Klimawandel gef\u00e4hrdet Energieversorgung\"}]},{\"@type\":\"WebSite\",\"@id\":\"https:\\\/\\\/www.organisator.ch\\\/#website\",\"url\":\"https:\\\/\\\/www.organisator.ch\\\/\",\"name\":\"Organisator\",\"description\":\"Kompetent. Praxisnah. Der ORGANISATOR bereitet in 10 Ausgaben pro Jahr die wesentlichen Themen f\u00fcr F\u00fchrungskr\u00e4fte von KMU auf.\",\"publisher\":{\"@id\":\"https:\\\/\\\/www.organisator.ch\\\/#organization\"},\"potentialAction\":[{\"@type\":\"SearchAction\",\"target\":{\"@type\":\"EntryPoint\",\"urlTemplate\":\"https:\\\/\\\/www.organisator.ch\\\/?s={search_term_string}\"},\"query-input\":{\"@type\":\"PropertyValueSpecification\",\"valueRequired\":true,\"valueName\":\"search_term_string\"}}],\"inLanguage\":\"en-US\"},{\"@type\":\"Organization\",\"@id\":\"https:\\\/\\\/www.organisator.ch\\\/#organization\",\"name\":\"Organisator\",\"url\":\"https:\\\/\\\/www.organisator.ch\\\/\",\"logo\":{\"@type\":\"ImageObject\",\"inLanguage\":\"en-US\",\"@id\":\"https:\\\/\\\/www.organisator.ch\\\/#\\\/schema\\\/logo\\\/image\\\/\",\"url\":\"https:\\\/\\\/www.organisator.ch\\\/wp-content\\\/uploads\\\/2022\\\/01\\\/Logo_Organisator_Website.png\",\"contentUrl\":\"https:\\\/\\\/www.organisator.ch\\\/wp-content\\\/uploads\\\/2022\\\/01\\\/Logo_Organisator_Website.png\",\"width\":800,\"height\":77,\"caption\":\"Organisator\"},\"image\":{\"@id\":\"https:\\\/\\\/www.organisator.ch\\\/#\\\/schema\\\/logo\\\/image\\\/\"},\"sameAs\":[\"https:\\\/\\\/www.facebook.com\\\/OrganisatorFachmagazin\",\"https:\\\/\\\/www.linkedin.com\\\/showcase\\\/organisator-das-magazin-fr-kmu\",\"https:\\\/\\\/www.xing.com\\\/news\\\/pages\\\/organisator-ch-695\",\"https:\\\/\\\/www.youtube.com\\\/channel\\\/UCGP2Sq0iWaZwT3BdIAQFYpw\"]},{\"@type\":\"Person\",\"@id\":\"https:\\\/\\\/www.organisator.ch\\\/#\\\/schema\\\/person\\\/134708ca9321c57b0362cceb7948ffbd\",\"name\":\"michael.merz\",\"image\":{\"@type\":\"ImageObject\",\"inLanguage\":\"en-US\",\"@id\":\"https:\\\/\\\/secure.gravatar.com\\\/avatar\\\/?s=96&d=mm&r=g\",\"url\":\"https:\\\/\\\/secure.gravatar.com\\\/avatar\\\/?s=96&d=mm&r=g\",\"contentUrl\":\"https:\\\/\\\/secure.gravatar.com\\\/avatar\\\/?s=96&d=mm&r=g\",\"caption\":\"michael.merz\"},\"url\":\"https:\\\/\\\/www.organisator.ch\\\/en\\\/author\\\/michael-merz\\\/\"}]}<\/script>\n<!-- \/ Yoast SEO plugin. -->","yoast_head_json":{"title":"Climate change threatens energy supply - Organizer","description":"Climate change could endanger Switzerland's energy supply. Researchers at the Swiss Federal Institute of Technology in Lausanne are sounding the alarm.","robots":{"index":"index","follow":"follow","max-snippet":"max-snippet:-1","max-image-preview":"max-image-preview:large","max-video-preview":"max-video-preview:-1"},"canonical":"https:\/\/www.organisator.ch\/en\/sustainability\/2020-02-10\/klimawandel-gefaehrdet-energieversorgung\/","og_locale":"en_US","og_type":"article","og_title":"Klimawandel gef\u00e4hrdet Energieversorgung - Organisator","og_description":"Der Klimawandel k\u00f6nnte die Energieversorgung der Schweiz gef\u00e4hrden. Forschende der Eidgen\u00f6ssischen Technischen Hochschule Lausanne schlagen Alarm.","og_url":"https:\/\/www.organisator.ch\/en\/sustainability\/2020-02-10\/klimawandel-gefaehrdet-energieversorgung\/","og_site_name":"Organisator","article_publisher":"https:\/\/www.facebook.com\/OrganisatorFachmagazin","article_published_time":"2020-02-10T09:41:45+00:00","article_modified_time":"2022-02-09T10:06:14+00:00","og_image":[{"width":2560,"height":1707,"url":"https:\/\/www.organisator.ch\/wp-content\/uploads\/2020\/02\/13379e0c-scaled.jpg","type":"image\/jpeg"}],"author":"michael.merz","twitter_card":"summary_large_image","schema":{"@context":"https:\/\/schema.org","@graph":[{"@type":"Article","@id":"https:\/\/www.organisator.ch\/sustainability\/2020-02-10\/klimawandel-gefaehrdet-energieversorgung\/#article","isPartOf":{"@id":"https:\/\/www.organisator.ch\/sustainability\/2020-02-10\/klimawandel-gefaehrdet-energieversorgung\/"},"author":{"name":"michael.merz","@id":"https:\/\/www.organisator.ch\/#\/schema\/person\/134708ca9321c57b0362cceb7948ffbd"},"headline":"Klimawandel gef\u00e4hrdet Energieversorgung","datePublished":"2020-02-10T09:41:45+00:00","dateModified":"2022-02-09T10:06:14+00:00","mainEntityOfPage":{"@id":"https:\/\/www.organisator.ch\/sustainability\/2020-02-10\/klimawandel-gefaehrdet-energieversorgung\/"},"wordCount":257,"publisher":{"@id":"https:\/\/www.organisator.ch\/#organization"},"image":{"@id":"https:\/\/www.organisator.ch\/sustainability\/2020-02-10\/klimawandel-gefaehrdet-energieversorgung\/#primaryimage"},"thumbnailUrl":"https:\/\/www.organisator.ch\/wp-content\/uploads\/2020\/02\/13379e0c-scaled.jpg","keywords":["Energieversorgung","EPFL","Klimawandel","Schweiz"],"articleSection":["SUSTAINABILITY"],"inLanguage":"en-US"},{"@type":"WebPage","@id":"https:\/\/www.organisator.ch\/sustainability\/2020-02-10\/klimawandel-gefaehrdet-energieversorgung\/","url":"https:\/\/www.organisator.ch\/sustainability\/2020-02-10\/klimawandel-gefaehrdet-energieversorgung\/","name":"Climate change threatens energy supply - Organizer","isPartOf":{"@id":"https:\/\/www.organisator.ch\/#website"},"primaryImageOfPage":{"@id":"https:\/\/www.organisator.ch\/sustainability\/2020-02-10\/klimawandel-gefaehrdet-energieversorgung\/#primaryimage"},"image":{"@id":"https:\/\/www.organisator.ch\/sustainability\/2020-02-10\/klimawandel-gefaehrdet-energieversorgung\/#primaryimage"},"thumbnailUrl":"https:\/\/www.organisator.ch\/wp-content\/uploads\/2020\/02\/13379e0c-scaled.jpg","datePublished":"2020-02-10T09:41:45+00:00","dateModified":"2022-02-09T10:06:14+00:00","description":"Climate change could endanger Switzerland's energy supply. Researchers at the Swiss Federal Institute of Technology in Lausanne are sounding the alarm.","breadcrumb":{"@id":"https:\/\/www.organisator.ch\/sustainability\/2020-02-10\/klimawandel-gefaehrdet-energieversorgung\/#breadcrumb"},"inLanguage":"en-US","potentialAction":[{"@type":"ReadAction","target":["https:\/\/www.organisator.ch\/sustainability\/2020-02-10\/klimawandel-gefaehrdet-energieversorgung\/"]}]},{"@type":"ImageObject","inLanguage":"en-US","@id":"https:\/\/www.organisator.ch\/sustainability\/2020-02-10\/klimawandel-gefaehrdet-energieversorgung\/#primaryimage","url":"https:\/\/www.organisator.ch\/wp-content\/uploads\/2020\/02\/13379e0c-scaled.jpg","contentUrl":"https:\/\/www.organisator.ch\/wp-content\/uploads\/2020\/02\/13379e0c-scaled.jpg","width":2560,"height":1707,"caption":"Europe from space at night with city lights showing European cities \u00a9 Nasa"},{"@type":"BreadcrumbList","@id":"https:\/\/www.organisator.ch\/sustainability\/2020-02-10\/klimawandel-gefaehrdet-energieversorgung\/#breadcrumb","itemListElement":[{"@type":"ListItem","position":1,"name":"Home","item":"https:\/\/www.organisator.ch\/"},{"@type":"ListItem","position":2,"name":"Klimawandel gef\u00e4hrdet Energieversorgung"}]},{"@type":"WebSite","@id":"https:\/\/www.organisator.ch\/#website","url":"https:\/\/www.organisator.ch\/","name":"Organizer","description":"Competent. Practical. In 10 issues per year, ORGANISATOR presents the essential topics for managers of SMEs.","publisher":{"@id":"https:\/\/www.organisator.ch\/#organization"},"potentialAction":[{"@type":"SearchAction","target":{"@type":"EntryPoint","urlTemplate":"https:\/\/www.organisator.ch\/?s={search_term_string}"},"query-input":{"@type":"PropertyValueSpecification","valueRequired":true,"valueName":"search_term_string"}}],"inLanguage":"en-US"},{"@type":"Organization","@id":"https:\/\/www.organisator.ch\/#organization","name":"Organizer","url":"https:\/\/www.organisator.ch\/","logo":{"@type":"ImageObject","inLanguage":"en-US","@id":"https:\/\/www.organisator.ch\/#\/schema\/logo\/image\/","url":"https:\/\/www.organisator.ch\/wp-content\/uploads\/2022\/01\/Logo_Organisator_Website.png","contentUrl":"https:\/\/www.organisator.ch\/wp-content\/uploads\/2022\/01\/Logo_Organisator_Website.png","width":800,"height":77,"caption":"Organisator"},"image":{"@id":"https:\/\/www.organisator.ch\/#\/schema\/logo\/image\/"},"sameAs":["https:\/\/www.facebook.com\/OrganisatorFachmagazin","https:\/\/www.linkedin.com\/showcase\/organisator-das-magazin-fr-kmu","https:\/\/www.xing.com\/news\/pages\/organisator-ch-695","https:\/\/www.youtube.com\/channel\/UCGP2Sq0iWaZwT3BdIAQFYpw"]},{"@type":"Person","@id":"https:\/\/www.organisator.ch\/#\/schema\/person\/134708ca9321c57b0362cceb7948ffbd","name":"michael.merz","image":{"@type":"ImageObject","inLanguage":"en-US","@id":"https:\/\/secure.gravatar.com\/avatar\/?s=96&d=mm&r=g","url":"https:\/\/secure.gravatar.com\/avatar\/?s=96&d=mm&r=g","contentUrl":"https:\/\/secure.gravatar.com\/avatar\/?s=96&d=mm&r=g","caption":"michael.merz"},"url":"https:\/\/www.organisator.ch\/en\/author\/michael-merz\/"}]}},"_links":{"self":[{"href":"https:\/\/www.organisator.ch\/en\/wp-json\/wp\/v2\/posts\/10155","targetHints":{"allow":["GET"]}}],"collection":[{"href":"https:\/\/www.organisator.ch\/en\/wp-json\/wp\/v2\/posts"}],"about":[{"href":"https:\/\/www.organisator.ch\/en\/wp-json\/wp\/v2\/types\/post"}],"author":[{"embeddable":true,"href":"https:\/\/www.organisator.ch\/en\/wp-json\/wp\/v2\/users\/5"}],"replies":[{"embeddable":true,"href":"https:\/\/www.organisator.ch\/en\/wp-json\/wp\/v2\/comments?post=10155"}],"version-history":[{"count":1,"href":"https:\/\/www.organisator.ch\/en\/wp-json\/wp\/v2\/posts\/10155\/revisions"}],"predecessor-version":[{"id":10532,"href":"https:\/\/www.organisator.ch\/en\/wp-json\/wp\/v2\/posts\/10155\/revisions\/10532"}],"wp:featuredmedia":[{"embeddable":true,"href":"https:\/\/www.organisator.ch\/en\/wp-json\/wp\/v2\/media\/2832"}],"wp:attachment":[{"href":"https:\/\/www.organisator.ch\/en\/wp-json\/wp\/v2\/media?parent=10155"}],"wp:term":[{"taxonomy":"category","embeddable":true,"href":"https:\/\/www.organisator.ch\/en\/wp-json\/wp\/v2\/categories?post=10155"},{"taxonomy":"post_tag","embeddable":true,"href":"https:\/\/www.organisator.ch\/en\/wp-json\/wp\/v2\/tags?post=10155"}],"curies":[{"name":"wp","href":"https:\/\/api.w.org\/{rel}","templated":true}]}}