{"id":10158,"date":"2020-03-02T12:19:58","date_gmt":"2020-03-02T11:19:58","guid":{"rendered":"https:\/\/www.umweltperspektiven.ch\/?p=2860"},"modified":"2022-02-09T11:06:14","modified_gmt":"2022-02-09T10:06:14","slug":"alpiq-und-mercedes-liefern-speicherloesungen-fuer-alte-batterien-aus-elektrofahrzeugen","status":"publish","type":"post","link":"https:\/\/www.organisator.ch\/en\/sustainability\/2020-03-02\/alpiq-und-mercedes-liefern-speicherloesungen-fuer-alte-batterien-aus-elektrofahrzeugen\/","title":{"rendered":"Alpiq and Mercedes supply storage solutions for old batteries from electric vehicles"},"content":{"rendered":"<p>&nbsp;<\/p>\n<figure id=\"attachment_2874\" aria-describedby=\"caption-attachment-2874\" style=\"width: 680px\" class=\"wp-caption alignnone\"><img loading=\"lazy\" decoding=\"async\" class=\"size-medium wp-image-2874\" src=\"\/\/www.umweltperspektiven.ch\/wp-content\/uploads\/2020\/03\/alpiq_mercedes-batterien-e-fahrzeuge.jpg\" alt=\"\" width=\"680\" height=\"420\" \/><figcaption id=\"caption-attachment-2874\" class=\"wp-caption-text\">Modern battery storage from Alpiq Digital Solutions. (Image Alpiq Digital Solutions)<\/figcaption><\/figure>\n<p>Alpiq offers industrial users a power storage unit based on old car batteries. The storage unit has a capacity of 1.5 megawatts. The batteries are supplied by Mercedes-Benz Energy.<\/p>\n<p class=\"bodytext\">Alpiq, in turn, plans the energy management system, installs it and configures the software, it says in an\u00a0<a href=\"\/\/www.alpiq.com\/de\/energiedienstleistungen\/energiemanagement\/news\/alpiq-provides-storage-solutions-based-on-electric-vehicle-batteries0\/\" target=\"_blank\" rel=\"noopener\">Communication<\/a>\u00a0of the Lausanne-based energy company.<\/p>\n<p><strong>Scalable energy\u00a0<\/strong><\/p>\n<p class=\"bodytext\">The system allows industrial users to reduce peak loads, stabilize the grid and integrate renewable energy. A single storage unit has a capacity of 1.5 megawatts and a gross capacity of 1.4 megawatt hours. It can be scaled up.<\/p>\n<p class=\"bodytext\">Alpiq already uses large stationary battery storage systems. It controls these with artificial intelligence. Since April 2019, for example, the company has been operating a battery storage system with a capacity of 1.2 megawatts for the\u00a0<a href=\"\/\/www.ewmaienfeld.ch\/\" target=\"_blank\" rel=\"noopener\">Maienfeld power station<\/a><\/p>\n<p><strong>Joining forces for a \"second battery life<\/strong><\/p>\n<p>As an interconnected storage system, such batteries make a significant contribution to energy efficiency and the reduction of peak loads for industrial companies, as well as to grid stabilization and the integration of renewable energies. With this holistic approach to electromobility, Alpiq and Mercedes-Benz Energy are contributing to the responsible use of the valuable resources built into an electric vehicle.<\/p>\n<p><em>You can find more information about the battery storage of the Maienfeld power plant\u00a0<a class=\"link-external\" href=\"\/\/www.alpiq.com\/de\/alpiq-gruppe\/medien\/medienmitteilungen\/media-release-detail\/alpiq-gewinnt-ersten-partner-fuer-grossen-batteriespeicher\/\" target=\"_blank\" rel=\"noopener\">here<\/a>.<\/em><\/p>","protected":false},"excerpt":{"rendered":"<p>&nbsp; Alpiq bietet industriellen Anwendern einen Stromspeicher an, der auf alten Autobatterien aufbaut. Die Speichereinheit verf\u00fcgt \u00fcber eine Leistung von 1,5 Megawatt. Die Batterien werden von Mercedes-Benz Energy geliefert. Alpiq wiederum plant das Energiemanagementsystem, installiert es und konfiguriert die Software, heisst es in einer\u00a0Mitteilung\u00a0des Lausanner Energieunternehmens. Skalierbare Energie\u00a0 Das System erlaubt es industriellen Anwendern, Lastspitzen [&hellip;]<\/p>\n","protected":false},"author":5,"featured_media":9684,"comment_status":"closed","ping_status":"closed","sticky":false,"template":"","format":"standard","meta":{"_acf_changed":false,"_yoast_wpseo_focuskw":"Alpiq und Mercedes","_yoast_wpseo_metadesc":"Alpiq und Mercedes-Benz Energy spannen zusammen, um alten Autobatterien von E-Fahrzeugen ein zweites Leben zu verschaffen.","articlekey":"","footnotes":""},"categories":[580],"tags":[696,776,1004,1083,1689,1987,424],"class_list":["post-10158","post","type-post","status-publish","format-standard","has-post-thumbnail","hentry","category-sustainability","tag-alpiq","tag-batterien","tag-e-fahrzeuge","tag-energiespeicher","tag-mercedes-benz-energy","tag-recycling","tag-schweiz"],"acf":[],"yoast_head":"<!-- This site is optimized with the Yoast SEO plugin v27.4 - https:\/\/yoast.com\/product\/yoast-seo-wordpress\/ -->\n<title>Alpiq und Mercedes liefern Speicherl\u00f6sungen f\u00fcr alte Batterien aus Elektrofahrzeugen - Organisator<\/title>\n<meta name=\"description\" content=\"Alpiq und Mercedes-Benz Energy spannen zusammen, um alten Autobatterien von E-Fahrzeugen ein zweites Leben zu verschaffen.\" \/>\n<meta name=\"robots\" content=\"index, follow, max-snippet:-1, max-image-preview:large, max-video-preview:-1\" \/>\n<link rel=\"canonical\" href=\"https:\/\/www.organisator.ch\/en\/sustainability\/2020-03-02\/alpiq-und-mercedes-liefern-speicherloesungen-fuer-alte-batterien-aus-elektrofahrzeugen\/\" \/>\n<meta property=\"og:locale\" content=\"en_US\" \/>\n<meta property=\"og:type\" content=\"article\" \/>\n<meta property=\"og:title\" content=\"Alpiq und Mercedes liefern Speicherl\u00f6sungen f\u00fcr alte Batterien aus Elektrofahrzeugen - Organisator\" \/>\n<meta property=\"og:description\" content=\"Alpiq und Mercedes-Benz Energy spannen zusammen, um alten Autobatterien von E-Fahrzeugen ein zweites Leben zu verschaffen.\" \/>\n<meta property=\"og:url\" content=\"https:\/\/www.organisator.ch\/en\/sustainability\/2020-03-02\/alpiq-und-mercedes-liefern-speicherloesungen-fuer-alte-batterien-aus-elektrofahrzeugen\/\" \/>\n<meta property=\"og:site_name\" content=\"Organisator\" \/>\n<meta property=\"article:publisher\" content=\"https:\/\/www.facebook.com\/OrganisatorFachmagazin\" \/>\n<meta property=\"article:published_time\" content=\"2020-03-02T11:19:58+00:00\" \/>\n<meta property=\"article:modified_time\" content=\"2022-02-09T10:06:14+00:00\" \/>\n<meta property=\"og:image\" content=\"https:\/\/www.organisator.ch\/wp-content\/uploads\/2020\/03\/alpiq_mercedes-batterien-e-fahrzeuge.jpg\" \/>\n\t<meta property=\"og:image:width\" content=\"1282\" \/>\n\t<meta property=\"og:image:height\" content=\"792\" \/>\n\t<meta property=\"og:image:type\" content=\"image\/jpeg\" \/>\n<meta name=\"author\" content=\"michael.merz\" \/>\n<meta name=\"twitter:card\" content=\"summary_large_image\" \/>\n<script type=\"application\/ld+json\" class=\"yoast-schema-graph\">{\"@context\":\"https:\\\/\\\/schema.org\",\"@graph\":[{\"@type\":\"Article\",\"@id\":\"https:\\\/\\\/www.organisator.ch\\\/sustainability\\\/2020-03-02\\\/alpiq-und-mercedes-liefern-speicherloesungen-fuer-alte-batterien-aus-elektrofahrzeugen\\\/#article\",\"isPartOf\":{\"@id\":\"https:\\\/\\\/www.organisator.ch\\\/sustainability\\\/2020-03-02\\\/alpiq-und-mercedes-liefern-speicherloesungen-fuer-alte-batterien-aus-elektrofahrzeugen\\\/\"},\"author\":{\"name\":\"michael.merz\",\"@id\":\"https:\\\/\\\/www.organisator.ch\\\/#\\\/schema\\\/person\\\/134708ca9321c57b0362cceb7948ffbd\"},\"headline\":\"Alpiq und Mercedes liefern Speicherl\u00f6sungen f\u00fcr alte Batterien aus Elektrofahrzeugen\",\"datePublished\":\"2020-03-02T11:19:58+00:00\",\"dateModified\":\"2022-02-09T10:06:14+00:00\",\"mainEntityOfPage\":{\"@id\":\"https:\\\/\\\/www.organisator.ch\\\/sustainability\\\/2020-03-02\\\/alpiq-und-mercedes-liefern-speicherloesungen-fuer-alte-batterien-aus-elektrofahrzeugen\\\/\"},\"wordCount\":219,\"publisher\":{\"@id\":\"https:\\\/\\\/www.organisator.ch\\\/#organization\"},\"image\":{\"@id\":\"https:\\\/\\\/www.organisator.ch\\\/sustainability\\\/2020-03-02\\\/alpiq-und-mercedes-liefern-speicherloesungen-fuer-alte-batterien-aus-elektrofahrzeugen\\\/#primaryimage\"},\"thumbnailUrl\":\"https:\\\/\\\/www.organisator.ch\\\/wp-content\\\/uploads\\\/2020\\\/03\\\/alpiq_mercedes-batterien-e-fahrzeuge.jpg\",\"keywords\":[\"Alpiq\",\"Batterien\",\"E-Fahrzeuge\",\"Energiespeicher\",\"Mercedes Benz Energy\",\"Recycling\",\"Schweiz\"],\"articleSection\":[\"SUSTAINABILITY\"],\"inLanguage\":\"en-US\"},{\"@type\":\"WebPage\",\"@id\":\"https:\\\/\\\/www.organisator.ch\\\/sustainability\\\/2020-03-02\\\/alpiq-und-mercedes-liefern-speicherloesungen-fuer-alte-batterien-aus-elektrofahrzeugen\\\/\",\"url\":\"https:\\\/\\\/www.organisator.ch\\\/sustainability\\\/2020-03-02\\\/alpiq-und-mercedes-liefern-speicherloesungen-fuer-alte-batterien-aus-elektrofahrzeugen\\\/\",\"name\":\"Alpiq und Mercedes liefern Speicherl\u00f6sungen f\u00fcr alte Batterien aus Elektrofahrzeugen - Organisator\",\"isPartOf\":{\"@id\":\"https:\\\/\\\/www.organisator.ch\\\/#website\"},\"primaryImageOfPage\":{\"@id\":\"https:\\\/\\\/www.organisator.ch\\\/sustainability\\\/2020-03-02\\\/alpiq-und-mercedes-liefern-speicherloesungen-fuer-alte-batterien-aus-elektrofahrzeugen\\\/#primaryimage\"},\"image\":{\"@id\":\"https:\\\/\\\/www.organisator.ch\\\/sustainability\\\/2020-03-02\\\/alpiq-und-mercedes-liefern-speicherloesungen-fuer-alte-batterien-aus-elektrofahrzeugen\\\/#primaryimage\"},\"thumbnailUrl\":\"https:\\\/\\\/www.organisator.ch\\\/wp-content\\\/uploads\\\/2020\\\/03\\\/alpiq_mercedes-batterien-e-fahrzeuge.jpg\",\"datePublished\":\"2020-03-02T11:19:58+00:00\",\"dateModified\":\"2022-02-09T10:06:14+00:00\",\"description\":\"Alpiq und Mercedes-Benz Energy spannen zusammen, um alten Autobatterien von E-Fahrzeugen ein zweites Leben zu verschaffen.\",\"breadcrumb\":{\"@id\":\"https:\\\/\\\/www.organisator.ch\\\/sustainability\\\/2020-03-02\\\/alpiq-und-mercedes-liefern-speicherloesungen-fuer-alte-batterien-aus-elektrofahrzeugen\\\/#breadcrumb\"},\"inLanguage\":\"en-US\",\"potentialAction\":[{\"@type\":\"ReadAction\",\"target\":[\"https:\\\/\\\/www.organisator.ch\\\/sustainability\\\/2020-03-02\\\/alpiq-und-mercedes-liefern-speicherloesungen-fuer-alte-batterien-aus-elektrofahrzeugen\\\/\"]}]},{\"@type\":\"ImageObject\",\"inLanguage\":\"en-US\",\"@id\":\"https:\\\/\\\/www.organisator.ch\\\/sustainability\\\/2020-03-02\\\/alpiq-und-mercedes-liefern-speicherloesungen-fuer-alte-batterien-aus-elektrofahrzeugen\\\/#primaryimage\",\"url\":\"https:\\\/\\\/www.organisator.ch\\\/wp-content\\\/uploads\\\/2020\\\/03\\\/alpiq_mercedes-batterien-e-fahrzeuge.jpg\",\"contentUrl\":\"https:\\\/\\\/www.organisator.ch\\\/wp-content\\\/uploads\\\/2020\\\/03\\\/alpiq_mercedes-batterien-e-fahrzeuge.jpg\",\"width\":1282,\"height\":792,\"caption\":\"Moderne Batteriespeicher von Alpiq Digital Solutions. (Bild Alpiq Digital Solutions)\"},{\"@type\":\"BreadcrumbList\",\"@id\":\"https:\\\/\\\/www.organisator.ch\\\/sustainability\\\/2020-03-02\\\/alpiq-und-mercedes-liefern-speicherloesungen-fuer-alte-batterien-aus-elektrofahrzeugen\\\/#breadcrumb\",\"itemListElement\":[{\"@type\":\"ListItem\",\"position\":1,\"name\":\"Home\",\"item\":\"https:\\\/\\\/www.organisator.ch\\\/\"},{\"@type\":\"ListItem\",\"position\":2,\"name\":\"Alpiq und Mercedes liefern Speicherl\u00f6sungen f\u00fcr alte Batterien aus Elektrofahrzeugen\"}]},{\"@type\":\"WebSite\",\"@id\":\"https:\\\/\\\/www.organisator.ch\\\/#website\",\"url\":\"https:\\\/\\\/www.organisator.ch\\\/\",\"name\":\"Organisator\",\"description\":\"Kompetent. Praxisnah. Der ORGANISATOR bereitet in 10 Ausgaben pro Jahr die wesentlichen Themen f\u00fcr F\u00fchrungskr\u00e4fte von KMU auf.\",\"publisher\":{\"@id\":\"https:\\\/\\\/www.organisator.ch\\\/#organization\"},\"potentialAction\":[{\"@type\":\"SearchAction\",\"target\":{\"@type\":\"EntryPoint\",\"urlTemplate\":\"https:\\\/\\\/www.organisator.ch\\\/?s={search_term_string}\"},\"query-input\":{\"@type\":\"PropertyValueSpecification\",\"valueRequired\":true,\"valueName\":\"search_term_string\"}}],\"inLanguage\":\"en-US\"},{\"@type\":\"Organization\",\"@id\":\"https:\\\/\\\/www.organisator.ch\\\/#organization\",\"name\":\"Organisator\",\"url\":\"https:\\\/\\\/www.organisator.ch\\\/\",\"logo\":{\"@type\":\"ImageObject\",\"inLanguage\":\"en-US\",\"@id\":\"https:\\\/\\\/www.organisator.ch\\\/#\\\/schema\\\/logo\\\/image\\\/\",\"url\":\"https:\\\/\\\/www.organisator.ch\\\/wp-content\\\/uploads\\\/2022\\\/01\\\/Logo_Organisator_Website.png\",\"contentUrl\":\"https:\\\/\\\/www.organisator.ch\\\/wp-content\\\/uploads\\\/2022\\\/01\\\/Logo_Organisator_Website.png\",\"width\":800,\"height\":77,\"caption\":\"Organisator\"},\"image\":{\"@id\":\"https:\\\/\\\/www.organisator.ch\\\/#\\\/schema\\\/logo\\\/image\\\/\"},\"sameAs\":[\"https:\\\/\\\/www.facebook.com\\\/OrganisatorFachmagazin\",\"https:\\\/\\\/www.linkedin.com\\\/showcase\\\/organisator-das-magazin-fr-kmu\",\"https:\\\/\\\/www.xing.com\\\/news\\\/pages\\\/organisator-ch-695\",\"https:\\\/\\\/www.youtube.com\\\/channel\\\/UCGP2Sq0iWaZwT3BdIAQFYpw\"]},{\"@type\":\"Person\",\"@id\":\"https:\\\/\\\/www.organisator.ch\\\/#\\\/schema\\\/person\\\/134708ca9321c57b0362cceb7948ffbd\",\"name\":\"michael.merz\",\"image\":{\"@type\":\"ImageObject\",\"inLanguage\":\"en-US\",\"@id\":\"https:\\\/\\\/secure.gravatar.com\\\/avatar\\\/?s=96&d=mm&r=g\",\"url\":\"https:\\\/\\\/secure.gravatar.com\\\/avatar\\\/?s=96&d=mm&r=g\",\"contentUrl\":\"https:\\\/\\\/secure.gravatar.com\\\/avatar\\\/?s=96&d=mm&r=g\",\"caption\":\"michael.merz\"},\"url\":\"https:\\\/\\\/www.organisator.ch\\\/en\\\/author\\\/michael-merz\\\/\"}]}<\/script>\n<!-- \/ Yoast SEO plugin. -->","yoast_head_json":{"title":"Alpiq and Mercedes supply storage solutions for old batteries from electric vehicles - Organizer","description":"Alpiq and Mercedes-Benz Energy are teaming up to give old car batteries from e-vehicles a second life.","robots":{"index":"index","follow":"follow","max-snippet":"max-snippet:-1","max-image-preview":"max-image-preview:large","max-video-preview":"max-video-preview:-1"},"canonical":"https:\/\/www.organisator.ch\/en\/sustainability\/2020-03-02\/alpiq-und-mercedes-liefern-speicherloesungen-fuer-alte-batterien-aus-elektrofahrzeugen\/","og_locale":"en_US","og_type":"article","og_title":"Alpiq und Mercedes liefern Speicherl\u00f6sungen f\u00fcr alte Batterien aus Elektrofahrzeugen - Organisator","og_description":"Alpiq und Mercedes-Benz Energy spannen zusammen, um alten Autobatterien von E-Fahrzeugen ein zweites Leben zu verschaffen.","og_url":"https:\/\/www.organisator.ch\/en\/sustainability\/2020-03-02\/alpiq-und-mercedes-liefern-speicherloesungen-fuer-alte-batterien-aus-elektrofahrzeugen\/","og_site_name":"Organisator","article_publisher":"https:\/\/www.facebook.com\/OrganisatorFachmagazin","article_published_time":"2020-03-02T11:19:58+00:00","article_modified_time":"2022-02-09T10:06:14+00:00","og_image":[{"width":1282,"height":792,"url":"https:\/\/www.organisator.ch\/wp-content\/uploads\/2020\/03\/alpiq_mercedes-batterien-e-fahrzeuge.jpg","type":"image\/jpeg"}],"author":"michael.merz","twitter_card":"summary_large_image","schema":{"@context":"https:\/\/schema.org","@graph":[{"@type":"Article","@id":"https:\/\/www.organisator.ch\/sustainability\/2020-03-02\/alpiq-und-mercedes-liefern-speicherloesungen-fuer-alte-batterien-aus-elektrofahrzeugen\/#article","isPartOf":{"@id":"https:\/\/www.organisator.ch\/sustainability\/2020-03-02\/alpiq-und-mercedes-liefern-speicherloesungen-fuer-alte-batterien-aus-elektrofahrzeugen\/"},"author":{"name":"michael.merz","@id":"https:\/\/www.organisator.ch\/#\/schema\/person\/134708ca9321c57b0362cceb7948ffbd"},"headline":"Alpiq und Mercedes liefern Speicherl\u00f6sungen f\u00fcr alte Batterien aus Elektrofahrzeugen","datePublished":"2020-03-02T11:19:58+00:00","dateModified":"2022-02-09T10:06:14+00:00","mainEntityOfPage":{"@id":"https:\/\/www.organisator.ch\/sustainability\/2020-03-02\/alpiq-und-mercedes-liefern-speicherloesungen-fuer-alte-batterien-aus-elektrofahrzeugen\/"},"wordCount":219,"publisher":{"@id":"https:\/\/www.organisator.ch\/#organization"},"image":{"@id":"https:\/\/www.organisator.ch\/sustainability\/2020-03-02\/alpiq-und-mercedes-liefern-speicherloesungen-fuer-alte-batterien-aus-elektrofahrzeugen\/#primaryimage"},"thumbnailUrl":"https:\/\/www.organisator.ch\/wp-content\/uploads\/2020\/03\/alpiq_mercedes-batterien-e-fahrzeuge.jpg","keywords":["Alpiq","Batterien","E-Fahrzeuge","Energiespeicher","Mercedes Benz Energy","Recycling","Schweiz"],"articleSection":["SUSTAINABILITY"],"inLanguage":"en-US"},{"@type":"WebPage","@id":"https:\/\/www.organisator.ch\/sustainability\/2020-03-02\/alpiq-und-mercedes-liefern-speicherloesungen-fuer-alte-batterien-aus-elektrofahrzeugen\/","url":"https:\/\/www.organisator.ch\/sustainability\/2020-03-02\/alpiq-und-mercedes-liefern-speicherloesungen-fuer-alte-batterien-aus-elektrofahrzeugen\/","name":"Alpiq and Mercedes supply storage solutions for old batteries from electric vehicles - Organizer","isPartOf":{"@id":"https:\/\/www.organisator.ch\/#website"},"primaryImageOfPage":{"@id":"https:\/\/www.organisator.ch\/sustainability\/2020-03-02\/alpiq-und-mercedes-liefern-speicherloesungen-fuer-alte-batterien-aus-elektrofahrzeugen\/#primaryimage"},"image":{"@id":"https:\/\/www.organisator.ch\/sustainability\/2020-03-02\/alpiq-und-mercedes-liefern-speicherloesungen-fuer-alte-batterien-aus-elektrofahrzeugen\/#primaryimage"},"thumbnailUrl":"https:\/\/www.organisator.ch\/wp-content\/uploads\/2020\/03\/alpiq_mercedes-batterien-e-fahrzeuge.jpg","datePublished":"2020-03-02T11:19:58+00:00","dateModified":"2022-02-09T10:06:14+00:00","description":"Alpiq and Mercedes-Benz Energy are teaming up to give old car batteries from e-vehicles a second life.","breadcrumb":{"@id":"https:\/\/www.organisator.ch\/sustainability\/2020-03-02\/alpiq-und-mercedes-liefern-speicherloesungen-fuer-alte-batterien-aus-elektrofahrzeugen\/#breadcrumb"},"inLanguage":"en-US","potentialAction":[{"@type":"ReadAction","target":["https:\/\/www.organisator.ch\/sustainability\/2020-03-02\/alpiq-und-mercedes-liefern-speicherloesungen-fuer-alte-batterien-aus-elektrofahrzeugen\/"]}]},{"@type":"ImageObject","inLanguage":"en-US","@id":"https:\/\/www.organisator.ch\/sustainability\/2020-03-02\/alpiq-und-mercedes-liefern-speicherloesungen-fuer-alte-batterien-aus-elektrofahrzeugen\/#primaryimage","url":"https:\/\/www.organisator.ch\/wp-content\/uploads\/2020\/03\/alpiq_mercedes-batterien-e-fahrzeuge.jpg","contentUrl":"https:\/\/www.organisator.ch\/wp-content\/uploads\/2020\/03\/alpiq_mercedes-batterien-e-fahrzeuge.jpg","width":1282,"height":792,"caption":"Moderne Batteriespeicher von Alpiq Digital Solutions. (Bild Alpiq Digital Solutions)"},{"@type":"BreadcrumbList","@id":"https:\/\/www.organisator.ch\/sustainability\/2020-03-02\/alpiq-und-mercedes-liefern-speicherloesungen-fuer-alte-batterien-aus-elektrofahrzeugen\/#breadcrumb","itemListElement":[{"@type":"ListItem","position":1,"name":"Home","item":"https:\/\/www.organisator.ch\/"},{"@type":"ListItem","position":2,"name":"Alpiq und Mercedes liefern Speicherl\u00f6sungen f\u00fcr alte Batterien aus Elektrofahrzeugen"}]},{"@type":"WebSite","@id":"https:\/\/www.organisator.ch\/#website","url":"https:\/\/www.organisator.ch\/","name":"Organizer","description":"Competent. Practical. In 10 issues per year, ORGANISATOR presents the essential topics for managers of SMEs.","publisher":{"@id":"https:\/\/www.organisator.ch\/#organization"},"potentialAction":[{"@type":"SearchAction","target":{"@type":"EntryPoint","urlTemplate":"https:\/\/www.organisator.ch\/?s={search_term_string}"},"query-input":{"@type":"PropertyValueSpecification","valueRequired":true,"valueName":"search_term_string"}}],"inLanguage":"en-US"},{"@type":"Organization","@id":"https:\/\/www.organisator.ch\/#organization","name":"Organizer","url":"https:\/\/www.organisator.ch\/","logo":{"@type":"ImageObject","inLanguage":"en-US","@id":"https:\/\/www.organisator.ch\/#\/schema\/logo\/image\/","url":"https:\/\/www.organisator.ch\/wp-content\/uploads\/2022\/01\/Logo_Organisator_Website.png","contentUrl":"https:\/\/www.organisator.ch\/wp-content\/uploads\/2022\/01\/Logo_Organisator_Website.png","width":800,"height":77,"caption":"Organisator"},"image":{"@id":"https:\/\/www.organisator.ch\/#\/schema\/logo\/image\/"},"sameAs":["https:\/\/www.facebook.com\/OrganisatorFachmagazin","https:\/\/www.linkedin.com\/showcase\/organisator-das-magazin-fr-kmu","https:\/\/www.xing.com\/news\/pages\/organisator-ch-695","https:\/\/www.youtube.com\/channel\/UCGP2Sq0iWaZwT3BdIAQFYpw"]},{"@type":"Person","@id":"https:\/\/www.organisator.ch\/#\/schema\/person\/134708ca9321c57b0362cceb7948ffbd","name":"michael.merz","image":{"@type":"ImageObject","inLanguage":"en-US","@id":"https:\/\/secure.gravatar.com\/avatar\/?s=96&d=mm&r=g","url":"https:\/\/secure.gravatar.com\/avatar\/?s=96&d=mm&r=g","contentUrl":"https:\/\/secure.gravatar.com\/avatar\/?s=96&d=mm&r=g","caption":"michael.merz"},"url":"https:\/\/www.organisator.ch\/en\/author\/michael-merz\/"}]}},"_links":{"self":[{"href":"https:\/\/www.organisator.ch\/en\/wp-json\/wp\/v2\/posts\/10158","targetHints":{"allow":["GET"]}}],"collection":[{"href":"https:\/\/www.organisator.ch\/en\/wp-json\/wp\/v2\/posts"}],"about":[{"href":"https:\/\/www.organisator.ch\/en\/wp-json\/wp\/v2\/types\/post"}],"author":[{"embeddable":true,"href":"https:\/\/www.organisator.ch\/en\/wp-json\/wp\/v2\/users\/5"}],"replies":[{"embeddable":true,"href":"https:\/\/www.organisator.ch\/en\/wp-json\/wp\/v2\/comments?post=10158"}],"version-history":[{"count":1,"href":"https:\/\/www.organisator.ch\/en\/wp-json\/wp\/v2\/posts\/10158\/revisions"}],"predecessor-version":[{"id":10530,"href":"https:\/\/www.organisator.ch\/en\/wp-json\/wp\/v2\/posts\/10158\/revisions\/10530"}],"wp:featuredmedia":[{"embeddable":true,"href":"https:\/\/www.organisator.ch\/en\/wp-json\/wp\/v2\/media\/9684"}],"wp:attachment":[{"href":"https:\/\/www.organisator.ch\/en\/wp-json\/wp\/v2\/media?parent=10158"}],"wp:term":[{"taxonomy":"category","embeddable":true,"href":"https:\/\/www.organisator.ch\/en\/wp-json\/wp\/v2\/categories?post=10158"},{"taxonomy":"post_tag","embeddable":true,"href":"https:\/\/www.organisator.ch\/en\/wp-json\/wp\/v2\/tags?post=10158"}],"curies":[{"name":"wp","href":"https:\/\/api.w.org\/{rel}","templated":true}]}}