{"id":10159,"date":"2020-03-03T12:28:50","date_gmt":"2020-03-03T11:28:50","guid":{"rendered":"https:\/\/www.umweltperspektiven.ch\/?p=2881"},"modified":"2024-11-07T06:06:44","modified_gmt":"2024-11-07T05:06:44","slug":"auto-umweltliste-veroeffentlicht","status":"publish","type":"post","link":"https:\/\/www.organisator.ch\/en\/sustainability\/2020-03-03\/auto-umweltliste-veroeffentlicht\/","title":{"rendered":"Car environmental list published"},"content":{"rendered":"<p>&nbsp;<\/p>\n<figure id=\"attachment_2882\" aria-describedby=\"caption-attachment-2882\" style=\"width: 150px\" class=\"wp-caption alignnone\"><img loading=\"lazy\" decoding=\"async\" class=\"wp-image-2882 size-thumbnail\" src=\"https:\/\/www.organisator.ch\/wp-content\/uploads\/2017\/12\/So-wappnen-sich-KMU-gegen-Betrug-im-Online-Handel-2_Organsisator-150x150.jpg\" alt=\"Auto-Umweltliste electric cars\" width=\"150\" height=\"150\" srcset=\"https:\/\/www.organisator.ch\/wp-content\/uploads\/2017\/12\/So-wappnen-sich-KMU-gegen-Betrug-im-Online-Handel-2_Organsisator-150x150.jpg 150w, https:\/\/www.organisator.ch\/wp-content\/uploads\/2017\/12\/So-wappnen-sich-KMU-gegen-Betrug-im-Online-Handel-2_Organsisator-250x250.jpg 250w, https:\/\/www.organisator.ch\/wp-content\/uploads\/2017\/12\/So-wappnen-sich-KMU-gegen-Betrug-im-Online-Handel-2_Organsisator-100x100.jpg 100w\" sizes=\"auto, (max-width: 150px) 100vw, 150px\" \/><figcaption id=\"caption-attachment-2882\" class=\"wp-caption-text\">At the beginning of March 2020, the VCS Verkehrs-Club der Schweiz published the new car environmental list. (Image: VCS)<\/figcaption><\/figure>\n<p>The final rating of the VCS Auto Environmental List takes into account emissions of the greenhouse gas CO2, noise, and, for cars with internal combustion engines, air pollutants. For electric cars, the environmental damage caused by battery production is also included. In the Auto Environmental List 2019, models with electric, hybrid or gas drive perform best.<\/p>\n<h3>Best electric cars<\/h3>\n<p>Hyundai Ioniq. BMW i3 and Mitsubishi i-MiEV<\/p>\n<h3>Best cars with internal combustion engine<\/h3>\n<p>Seat Arona 1.0 TGI natural gas \/ Gaz naturel<\/p>\n<p><em>The news of the Auto Environmental List with the latest 4- and 5-star models that will be launched in the course of 2020 will be published twice a year. At the same time, the online database is updated. Both are available at<\/em><\/p>\n<p><a href=\"\/\/www.verkehrsclub.ch\/ratgeber\/auto\/auto-umweltliste\/\">www.autoumweltliste.ch<\/a><\/p>","protected":false},"excerpt":{"rendered":"<p>&nbsp; Die Endbewertung der Auto-Umweltliste des VCS ber\u00fccksichtigt die Emissionen des Treibhausgases CO2, den L\u00e4rm, und bei Autos mit Verbrennungsmotor die Luftschadstoffe. Bei Elektroautos werden auch die Umweltsch\u00e4den durch die Batterieherstellung einbezogen. In der Auto-Umweltliste 2019 schneiden Modelle mit Elektro-, Hybrid oder Gasantrieb am besten ab. Beste Elektroautos Hyundai Ioniq. BMW i3 und Mitsubishi i-MiEV [&hellip;]<\/p>\n","protected":false},"author":5,"featured_media":9685,"comment_status":"closed","ping_status":"closed","sticky":false,"template":"","format":"standard","meta":{"_acf_changed":false,"_yoast_wpseo_focuskw":"Auto-Umweltliste Elektroautos","_yoast_wpseo_metadesc":"Die Auto-Umweltliste 2019 bewertet CO2-Emissionen und L\u00e4rm. Elektro-, Hybrid- und Gasantriebsmodelle schneiden am besten ab.","articlekey":"","footnotes":""},"categories":[580],"tags":[746,1046,1596,424,2378,2427],"class_list":["post-10159","post","type-post","status-publish","format-standard","has-post-thumbnail","hentry","category-sustainability","tag-auto-umweltliste","tag-emissione","tag-laerm","tag-schweiz","tag-umweltschaeden","tag-vcs"],"acf":[],"yoast_head":"<!-- This site is optimized with the Yoast SEO plugin v27.5 - https:\/\/yoast.com\/product\/yoast-seo-wordpress\/ -->\n<title>Auto-Umweltliste ver\u00f6ffentlicht - Organisator<\/title>\n<meta name=\"description\" content=\"Die Auto-Umweltliste 2019 bewertet CO2-Emissionen und L\u00e4rm. Elektro-, Hybrid- und Gasantriebsmodelle schneiden am besten ab.\" \/>\n<meta name=\"robots\" content=\"index, follow, max-snippet:-1, max-image-preview:large, max-video-preview:-1\" \/>\n<link rel=\"canonical\" href=\"https:\/\/www.organisator.ch\/en\/sustainability\/2020-03-03\/auto-umweltliste-veroeffentlicht\/\" \/>\n<meta property=\"og:locale\" content=\"en_US\" \/>\n<meta property=\"og:type\" content=\"article\" \/>\n<meta property=\"og:title\" content=\"Auto-Umweltliste ver\u00f6ffentlicht - Organisator\" \/>\n<meta property=\"og:description\" content=\"Die Auto-Umweltliste 2019 bewertet CO2-Emissionen und L\u00e4rm. Elektro-, Hybrid- und Gasantriebsmodelle schneiden am besten ab.\" \/>\n<meta property=\"og:url\" content=\"https:\/\/www.organisator.ch\/en\/sustainability\/2020-03-03\/auto-umweltliste-veroeffentlicht\/\" \/>\n<meta property=\"og:site_name\" content=\"Organisator\" \/>\n<meta property=\"article:publisher\" content=\"https:\/\/www.facebook.com\/OrganisatorFachmagazin\" \/>\n<meta property=\"article:published_time\" content=\"2020-03-03T11:28:50+00:00\" \/>\n<meta property=\"article:modified_time\" content=\"2024-11-07T05:06:44+00:00\" \/>\n<meta property=\"og:image\" content=\"https:\/\/www.organisator.ch\/wp-content\/uploads\/2020\/03\/csm_aul_2020_titel_9e0913bdef.jpg\" \/>\n\t<meta property=\"og:image:width\" content=\"855\" \/>\n\t<meta property=\"og:image:height\" content=\"1141\" \/>\n\t<meta property=\"og:image:type\" content=\"image\/jpeg\" \/>\n<meta name=\"author\" content=\"michael.merz\" \/>\n<meta name=\"twitter:card\" content=\"summary_large_image\" \/>\n<script type=\"application\/ld+json\" class=\"yoast-schema-graph\">{\"@context\":\"https:\\\/\\\/schema.org\",\"@graph\":[{\"@type\":\"Article\",\"@id\":\"https:\\\/\\\/www.organisator.ch\\\/sustainability\\\/2020-03-03\\\/auto-umweltliste-veroeffentlicht\\\/#article\",\"isPartOf\":{\"@id\":\"https:\\\/\\\/www.organisator.ch\\\/sustainability\\\/2020-03-03\\\/auto-umweltliste-veroeffentlicht\\\/\"},\"author\":{\"name\":\"michael.merz\",\"@id\":\"https:\\\/\\\/www.organisator.ch\\\/#\\\/schema\\\/person\\\/134708ca9321c57b0362cceb7948ffbd\"},\"headline\":\"Auto-Umweltliste ver\u00f6ffentlicht\",\"datePublished\":\"2020-03-03T11:28:50+00:00\",\"dateModified\":\"2024-11-07T05:06:44+00:00\",\"mainEntityOfPage\":{\"@id\":\"https:\\\/\\\/www.organisator.ch\\\/sustainability\\\/2020-03-03\\\/auto-umweltliste-veroeffentlicht\\\/\"},\"wordCount\":130,\"publisher\":{\"@id\":\"https:\\\/\\\/www.organisator.ch\\\/#organization\"},\"image\":{\"@id\":\"https:\\\/\\\/www.organisator.ch\\\/sustainability\\\/2020-03-03\\\/auto-umweltliste-veroeffentlicht\\\/#primaryimage\"},\"thumbnailUrl\":\"https:\\\/\\\/www.organisator.ch\\\/wp-content\\\/uploads\\\/2020\\\/03\\\/csm_aul_2020_titel_9e0913bdef.jpg\",\"keywords\":[\"Auto-Umweltliste\",\"Emissione\",\"L\u00e4rm\",\"Schweiz\",\"Umweltsch\u00e4den\",\"VCS\"],\"articleSection\":[\"SUSTAINABILITY\"],\"inLanguage\":\"en-US\"},{\"@type\":\"WebPage\",\"@id\":\"https:\\\/\\\/www.organisator.ch\\\/sustainability\\\/2020-03-03\\\/auto-umweltliste-veroeffentlicht\\\/\",\"url\":\"https:\\\/\\\/www.organisator.ch\\\/sustainability\\\/2020-03-03\\\/auto-umweltliste-veroeffentlicht\\\/\",\"name\":\"Auto-Umweltliste ver\u00f6ffentlicht - Organisator\",\"isPartOf\":{\"@id\":\"https:\\\/\\\/www.organisator.ch\\\/#website\"},\"primaryImageOfPage\":{\"@id\":\"https:\\\/\\\/www.organisator.ch\\\/sustainability\\\/2020-03-03\\\/auto-umweltliste-veroeffentlicht\\\/#primaryimage\"},\"image\":{\"@id\":\"https:\\\/\\\/www.organisator.ch\\\/sustainability\\\/2020-03-03\\\/auto-umweltliste-veroeffentlicht\\\/#primaryimage\"},\"thumbnailUrl\":\"https:\\\/\\\/www.organisator.ch\\\/wp-content\\\/uploads\\\/2020\\\/03\\\/csm_aul_2020_titel_9e0913bdef.jpg\",\"datePublished\":\"2020-03-03T11:28:50+00:00\",\"dateModified\":\"2024-11-07T05:06:44+00:00\",\"description\":\"Die Auto-Umweltliste 2019 bewertet CO2-Emissionen und L\u00e4rm. Elektro-, Hybrid- und Gasantriebsmodelle schneiden am besten ab.\",\"breadcrumb\":{\"@id\":\"https:\\\/\\\/www.organisator.ch\\\/sustainability\\\/2020-03-03\\\/auto-umweltliste-veroeffentlicht\\\/#breadcrumb\"},\"inLanguage\":\"en-US\",\"potentialAction\":[{\"@type\":\"ReadAction\",\"target\":[\"https:\\\/\\\/www.organisator.ch\\\/sustainability\\\/2020-03-03\\\/auto-umweltliste-veroeffentlicht\\\/\"]}]},{\"@type\":\"ImageObject\",\"inLanguage\":\"en-US\",\"@id\":\"https:\\\/\\\/www.organisator.ch\\\/sustainability\\\/2020-03-03\\\/auto-umweltliste-veroeffentlicht\\\/#primaryimage\",\"url\":\"https:\\\/\\\/www.organisator.ch\\\/wp-content\\\/uploads\\\/2020\\\/03\\\/csm_aul_2020_titel_9e0913bdef.jpg\",\"contentUrl\":\"https:\\\/\\\/www.organisator.ch\\\/wp-content\\\/uploads\\\/2020\\\/03\\\/csm_aul_2020_titel_9e0913bdef.jpg\",\"width\":855,\"height\":1141,\"caption\":\"Anfangs M\u00e4rz 2020 hat der VCS Verkehrs-Club der Schweiz die neue Auto-Umweltliste ver\u00f6ffentlicht. (Bild: VCS)\"},{\"@type\":\"BreadcrumbList\",\"@id\":\"https:\\\/\\\/www.organisator.ch\\\/sustainability\\\/2020-03-03\\\/auto-umweltliste-veroeffentlicht\\\/#breadcrumb\",\"itemListElement\":[{\"@type\":\"ListItem\",\"position\":1,\"name\":\"Home\",\"item\":\"https:\\\/\\\/www.organisator.ch\\\/\"},{\"@type\":\"ListItem\",\"position\":2,\"name\":\"Auto-Umweltliste ver\u00f6ffentlicht\"}]},{\"@type\":\"WebSite\",\"@id\":\"https:\\\/\\\/www.organisator.ch\\\/#website\",\"url\":\"https:\\\/\\\/www.organisator.ch\\\/\",\"name\":\"Organisator\",\"description\":\"Kompetent. Praxisnah. Der ORGANISATOR bereitet in 10 Ausgaben pro Jahr die wesentlichen Themen f\u00fcr F\u00fchrungskr\u00e4fte von KMU auf.\",\"publisher\":{\"@id\":\"https:\\\/\\\/www.organisator.ch\\\/#organization\"},\"potentialAction\":[{\"@type\":\"SearchAction\",\"target\":{\"@type\":\"EntryPoint\",\"urlTemplate\":\"https:\\\/\\\/www.organisator.ch\\\/?s={search_term_string}\"},\"query-input\":{\"@type\":\"PropertyValueSpecification\",\"valueRequired\":true,\"valueName\":\"search_term_string\"}}],\"inLanguage\":\"en-US\"},{\"@type\":\"Organization\",\"@id\":\"https:\\\/\\\/www.organisator.ch\\\/#organization\",\"name\":\"Organisator\",\"url\":\"https:\\\/\\\/www.organisator.ch\\\/\",\"logo\":{\"@type\":\"ImageObject\",\"inLanguage\":\"en-US\",\"@id\":\"https:\\\/\\\/www.organisator.ch\\\/#\\\/schema\\\/logo\\\/image\\\/\",\"url\":\"https:\\\/\\\/www.organisator.ch\\\/wp-content\\\/uploads\\\/2022\\\/01\\\/Logo_Organisator_Website.png\",\"contentUrl\":\"https:\\\/\\\/www.organisator.ch\\\/wp-content\\\/uploads\\\/2022\\\/01\\\/Logo_Organisator_Website.png\",\"width\":800,\"height\":77,\"caption\":\"Organisator\"},\"image\":{\"@id\":\"https:\\\/\\\/www.organisator.ch\\\/#\\\/schema\\\/logo\\\/image\\\/\"},\"sameAs\":[\"https:\\\/\\\/www.facebook.com\\\/OrganisatorFachmagazin\",\"https:\\\/\\\/www.linkedin.com\\\/showcase\\\/organisator-das-magazin-fr-kmu\",\"https:\\\/\\\/www.xing.com\\\/news\\\/pages\\\/organisator-ch-695\",\"https:\\\/\\\/www.youtube.com\\\/channel\\\/UCGP2Sq0iWaZwT3BdIAQFYpw\"]},{\"@type\":\"Person\",\"@id\":\"https:\\\/\\\/www.organisator.ch\\\/#\\\/schema\\\/person\\\/134708ca9321c57b0362cceb7948ffbd\",\"name\":\"michael.merz\",\"image\":{\"@type\":\"ImageObject\",\"inLanguage\":\"en-US\",\"@id\":\"https:\\\/\\\/secure.gravatar.com\\\/avatar\\\/?s=96&d=mm&r=g\",\"url\":\"https:\\\/\\\/secure.gravatar.com\\\/avatar\\\/?s=96&d=mm&r=g\",\"contentUrl\":\"https:\\\/\\\/secure.gravatar.com\\\/avatar\\\/?s=96&d=mm&r=g\",\"caption\":\"michael.merz\"},\"url\":\"https:\\\/\\\/www.organisator.ch\\\/en\\\/author\\\/michael-merz\\\/\"}]}<\/script>\n<!-- \/ Yoast SEO plugin. -->","yoast_head_json":{"title":"Car environmental list published - organizer","description":"The Auto-Umweltliste 2019 evaluates CO2 emissions and noise. Electric, hybrid and gas-powered models perform best.","robots":{"index":"index","follow":"follow","max-snippet":"max-snippet:-1","max-image-preview":"max-image-preview:large","max-video-preview":"max-video-preview:-1"},"canonical":"https:\/\/www.organisator.ch\/en\/sustainability\/2020-03-03\/auto-umweltliste-veroeffentlicht\/","og_locale":"en_US","og_type":"article","og_title":"Auto-Umweltliste ver\u00f6ffentlicht - Organisator","og_description":"Die Auto-Umweltliste 2019 bewertet CO2-Emissionen und L\u00e4rm. Elektro-, Hybrid- und Gasantriebsmodelle schneiden am besten ab.","og_url":"https:\/\/www.organisator.ch\/en\/sustainability\/2020-03-03\/auto-umweltliste-veroeffentlicht\/","og_site_name":"Organisator","article_publisher":"https:\/\/www.facebook.com\/OrganisatorFachmagazin","article_published_time":"2020-03-03T11:28:50+00:00","article_modified_time":"2024-11-07T05:06:44+00:00","og_image":[{"width":855,"height":1141,"url":"https:\/\/www.organisator.ch\/wp-content\/uploads\/2020\/03\/csm_aul_2020_titel_9e0913bdef.jpg","type":"image\/jpeg"}],"author":"michael.merz","twitter_card":"summary_large_image","schema":{"@context":"https:\/\/schema.org","@graph":[{"@type":"Article","@id":"https:\/\/www.organisator.ch\/sustainability\/2020-03-03\/auto-umweltliste-veroeffentlicht\/#article","isPartOf":{"@id":"https:\/\/www.organisator.ch\/sustainability\/2020-03-03\/auto-umweltliste-veroeffentlicht\/"},"author":{"name":"michael.merz","@id":"https:\/\/www.organisator.ch\/#\/schema\/person\/134708ca9321c57b0362cceb7948ffbd"},"headline":"Auto-Umweltliste ver\u00f6ffentlicht","datePublished":"2020-03-03T11:28:50+00:00","dateModified":"2024-11-07T05:06:44+00:00","mainEntityOfPage":{"@id":"https:\/\/www.organisator.ch\/sustainability\/2020-03-03\/auto-umweltliste-veroeffentlicht\/"},"wordCount":130,"publisher":{"@id":"https:\/\/www.organisator.ch\/#organization"},"image":{"@id":"https:\/\/www.organisator.ch\/sustainability\/2020-03-03\/auto-umweltliste-veroeffentlicht\/#primaryimage"},"thumbnailUrl":"https:\/\/www.organisator.ch\/wp-content\/uploads\/2020\/03\/csm_aul_2020_titel_9e0913bdef.jpg","keywords":["Auto-Umweltliste","Emissione","L\u00e4rm","Schweiz","Umweltsch\u00e4den","VCS"],"articleSection":["SUSTAINABILITY"],"inLanguage":"en-US"},{"@type":"WebPage","@id":"https:\/\/www.organisator.ch\/sustainability\/2020-03-03\/auto-umweltliste-veroeffentlicht\/","url":"https:\/\/www.organisator.ch\/sustainability\/2020-03-03\/auto-umweltliste-veroeffentlicht\/","name":"Car environmental list published - organizer","isPartOf":{"@id":"https:\/\/www.organisator.ch\/#website"},"primaryImageOfPage":{"@id":"https:\/\/www.organisator.ch\/sustainability\/2020-03-03\/auto-umweltliste-veroeffentlicht\/#primaryimage"},"image":{"@id":"https:\/\/www.organisator.ch\/sustainability\/2020-03-03\/auto-umweltliste-veroeffentlicht\/#primaryimage"},"thumbnailUrl":"https:\/\/www.organisator.ch\/wp-content\/uploads\/2020\/03\/csm_aul_2020_titel_9e0913bdef.jpg","datePublished":"2020-03-03T11:28:50+00:00","dateModified":"2024-11-07T05:06:44+00:00","description":"The Auto-Umweltliste 2019 evaluates CO2 emissions and noise. Electric, hybrid and gas-powered models perform best.","breadcrumb":{"@id":"https:\/\/www.organisator.ch\/sustainability\/2020-03-03\/auto-umweltliste-veroeffentlicht\/#breadcrumb"},"inLanguage":"en-US","potentialAction":[{"@type":"ReadAction","target":["https:\/\/www.organisator.ch\/sustainability\/2020-03-03\/auto-umweltliste-veroeffentlicht\/"]}]},{"@type":"ImageObject","inLanguage":"en-US","@id":"https:\/\/www.organisator.ch\/sustainability\/2020-03-03\/auto-umweltliste-veroeffentlicht\/#primaryimage","url":"https:\/\/www.organisator.ch\/wp-content\/uploads\/2020\/03\/csm_aul_2020_titel_9e0913bdef.jpg","contentUrl":"https:\/\/www.organisator.ch\/wp-content\/uploads\/2020\/03\/csm_aul_2020_titel_9e0913bdef.jpg","width":855,"height":1141,"caption":"Anfangs M\u00e4rz 2020 hat der VCS Verkehrs-Club der Schweiz die neue Auto-Umweltliste ver\u00f6ffentlicht. (Bild: VCS)"},{"@type":"BreadcrumbList","@id":"https:\/\/www.organisator.ch\/sustainability\/2020-03-03\/auto-umweltliste-veroeffentlicht\/#breadcrumb","itemListElement":[{"@type":"ListItem","position":1,"name":"Home","item":"https:\/\/www.organisator.ch\/"},{"@type":"ListItem","position":2,"name":"Auto-Umweltliste ver\u00f6ffentlicht"}]},{"@type":"WebSite","@id":"https:\/\/www.organisator.ch\/#website","url":"https:\/\/www.organisator.ch\/","name":"Organizer","description":"Competent. Practical. In 10 issues per year, ORGANISATOR presents the essential topics for managers of SMEs.","publisher":{"@id":"https:\/\/www.organisator.ch\/#organization"},"potentialAction":[{"@type":"SearchAction","target":{"@type":"EntryPoint","urlTemplate":"https:\/\/www.organisator.ch\/?s={search_term_string}"},"query-input":{"@type":"PropertyValueSpecification","valueRequired":true,"valueName":"search_term_string"}}],"inLanguage":"en-US"},{"@type":"Organization","@id":"https:\/\/www.organisator.ch\/#organization","name":"Organizer","url":"https:\/\/www.organisator.ch\/","logo":{"@type":"ImageObject","inLanguage":"en-US","@id":"https:\/\/www.organisator.ch\/#\/schema\/logo\/image\/","url":"https:\/\/www.organisator.ch\/wp-content\/uploads\/2022\/01\/Logo_Organisator_Website.png","contentUrl":"https:\/\/www.organisator.ch\/wp-content\/uploads\/2022\/01\/Logo_Organisator_Website.png","width":800,"height":77,"caption":"Organisator"},"image":{"@id":"https:\/\/www.organisator.ch\/#\/schema\/logo\/image\/"},"sameAs":["https:\/\/www.facebook.com\/OrganisatorFachmagazin","https:\/\/www.linkedin.com\/showcase\/organisator-das-magazin-fr-kmu","https:\/\/www.xing.com\/news\/pages\/organisator-ch-695","https:\/\/www.youtube.com\/channel\/UCGP2Sq0iWaZwT3BdIAQFYpw"]},{"@type":"Person","@id":"https:\/\/www.organisator.ch\/#\/schema\/person\/134708ca9321c57b0362cceb7948ffbd","name":"michael.merz","image":{"@type":"ImageObject","inLanguage":"en-US","@id":"https:\/\/secure.gravatar.com\/avatar\/?s=96&d=mm&r=g","url":"https:\/\/secure.gravatar.com\/avatar\/?s=96&d=mm&r=g","contentUrl":"https:\/\/secure.gravatar.com\/avatar\/?s=96&d=mm&r=g","caption":"michael.merz"},"url":"https:\/\/www.organisator.ch\/en\/author\/michael-merz\/"}]}},"_links":{"self":[{"href":"https:\/\/www.organisator.ch\/en\/wp-json\/wp\/v2\/posts\/10159","targetHints":{"allow":["GET"]}}],"collection":[{"href":"https:\/\/www.organisator.ch\/en\/wp-json\/wp\/v2\/posts"}],"about":[{"href":"https:\/\/www.organisator.ch\/en\/wp-json\/wp\/v2\/types\/post"}],"author":[{"embeddable":true,"href":"https:\/\/www.organisator.ch\/en\/wp-json\/wp\/v2\/users\/5"}],"replies":[{"embeddable":true,"href":"https:\/\/www.organisator.ch\/en\/wp-json\/wp\/v2\/comments?post=10159"}],"version-history":[{"count":3,"href":"https:\/\/www.organisator.ch\/en\/wp-json\/wp\/v2\/posts\/10159\/revisions"}],"predecessor-version":[{"id":31619,"href":"https:\/\/www.organisator.ch\/en\/wp-json\/wp\/v2\/posts\/10159\/revisions\/31619"}],"wp:featuredmedia":[{"embeddable":true,"href":"https:\/\/www.organisator.ch\/en\/wp-json\/wp\/v2\/media\/9685"}],"wp:attachment":[{"href":"https:\/\/www.organisator.ch\/en\/wp-json\/wp\/v2\/media?parent=10159"}],"wp:term":[{"taxonomy":"category","embeddable":true,"href":"https:\/\/www.organisator.ch\/en\/wp-json\/wp\/v2\/categories?post=10159"},{"taxonomy":"post_tag","embeddable":true,"href":"https:\/\/www.organisator.ch\/en\/wp-json\/wp\/v2\/tags?post=10159"}],"curies":[{"name":"wp","href":"https:\/\/api.w.org\/{rel}","templated":true}]}}