{"id":10160,"date":"2020-03-09T11:14:20","date_gmt":"2020-03-09T10:14:20","guid":{"rendered":"https:\/\/www.umweltperspektiven.ch\/?p=2889"},"modified":"2022-02-09T11:06:14","modified_gmt":"2022-02-09T10:06:14","slug":"besteuerung-der-wasserkraftwerke-uri-und-sbb-einigen-sich","status":"publish","type":"post","link":"https:\/\/www.organisator.ch\/en\/sustainability\/2020-03-09\/besteuerung-der-wasserkraftwerke-uri-und-sbb-einigen-sich\/","title":{"rendered":"Taxation of hydroelectric power plants: Uri and SBB reach agreement"},"content":{"rendered":"<figure id=\"attachment_2890\" aria-describedby=\"caption-attachment-2890\" style=\"width: 680px\" class=\"wp-caption alignnone\"><img loading=\"lazy\" decoding=\"async\" class=\"size-medium wp-image-2890\" src=\"\/\/www.umweltperspektiven.ch\/wp-content\/uploads\/2020\/03\/Wasserkraftwerke-SBB-Uri-UP_Management-u-Qualitaet.jpg\" alt=\"\" width=\"680\" height=\"449\" srcset=\"https:\/\/www.organisator.ch\/wp-content\/uploads\/2020\/03\/Wasserkraftwerke-SBB-Uri-UP_Management-u-Qualitaet.jpg 1740w, https:\/\/www.organisator.ch\/wp-content\/uploads\/2020\/03\/Wasserkraftwerke-SBB-Uri-UP_Management-u-Qualitaet-680x449.jpg 680w, https:\/\/www.organisator.ch\/wp-content\/uploads\/2020\/03\/Wasserkraftwerke-SBB-Uri-UP_Management-u-Qualitaet-1024x676.jpg 1024w, https:\/\/www.organisator.ch\/wp-content\/uploads\/2020\/03\/Wasserkraftwerke-SBB-Uri-UP_Management-u-Qualitaet-768x507.jpg 768w, https:\/\/www.organisator.ch\/wp-content\/uploads\/2020\/03\/Wasserkraftwerke-SBB-Uri-UP_Management-u-Qualitaet-1536x1013.jpg 1536w, https:\/\/www.organisator.ch\/wp-content\/uploads\/2020\/03\/Wasserkraftwerke-SBB-Uri-UP_Management-u-Qualitaet-18x12.jpg 18w, https:\/\/www.organisator.ch\/wp-content\/uploads\/2020\/03\/Wasserkraftwerke-SBB-Uri-UP_Management-u-Qualitaet-265x175.jpg 265w, https:\/\/www.organisator.ch\/wp-content\/uploads\/2020\/03\/Wasserkraftwerke-SBB-Uri-UP_Management-u-Qualitaet-530x350.jpg 530w, https:\/\/www.organisator.ch\/wp-content\/uploads\/2020\/03\/Wasserkraftwerke-SBB-Uri-UP_Management-u-Qualitaet-1213x800.jpg 1213w, https:\/\/www.organisator.ch\/wp-content\/uploads\/2020\/03\/Wasserkraftwerke-SBB-Uri-UP_Management-u-Qualitaet-920x607.jpg 920w, https:\/\/www.organisator.ch\/wp-content\/uploads\/2020\/03\/Wasserkraftwerke-SBB-Uri-UP_Management-u-Qualitaet-1400x924.jpg 1400w, https:\/\/www.organisator.ch\/wp-content\/uploads\/2020\/03\/Wasserkraftwerke-SBB-Uri-UP_Management-u-Qualitaet-300x198.jpg 300w\" sizes=\"auto, (max-width: 680px) 100vw, 680px\" \/><figcaption id=\"caption-attachment-2890\" class=\"wp-caption-text\">The Amsteg power plant of the Swiss Federal Railways (SBB) is a high-pressure run-of-river power plant on the Reuss in the canton of Uri. Together with the plants in G\u00f6schenen and Wassen, it forms the Reuss cascade, which generates about 40 percent of the traction current consumed by SBB. Image: The control center in Silenen. (Source: Wikipedia)<\/figcaption><\/figure>\n<p class=\"icmsPContent icms-wysiwyg-first\">The two hydropower plants at Amsteg and Wassen are currently 90 percent owned by SBB. The remaining shares belong to the canton of Uri and the Urner Kantonalbank. Until now, SBB has paid an annual tax loss compensation. SBB found the amount too high, but the canton of Uri found it appropriate.<\/p>\n<p><strong>Taxes and duties in the municipalities are maintained\u00a0<\/strong><\/p>\n<p class=\"icmsPContent\">In order to maintain an adequate tax loss compensation, the merger of Kraftwerk Amsteg AG and Kraftwerk Wassen AG with SBB AG is planned. For this purpose, the canton sells its shareholdings in these two power plant companies to SBB. The canton's energy purchase rights to the power plant productions will remain fully intact. The merger will have no impact on the employees in the power plants.<\/p>\n<p class=\"icmsPContent\">Thanks to the merger, SBB will be able to create synergies that will allow municipal taxes and charges to be maintained at a reasonable level.<\/p>\n<p class=\"icmsPContent\">The communities of Silenen, Gurtnellen and Wassen benefit most from the agreement. They are dependent on the annual compensation payments from the SBB plants in Amsteg and Wassen. If the negotiations had failed, the municipalities would have had to pay back part of the tax loss compensation of recent years.<\/p>\n<p><strong>Concession changes still open\u00a0<\/strong><\/p>\n<p class=\"icmsPContent\">Repayment would have placed an enormous burden on the communities. Accordingly, Hermann Epp, president of the municipality of Silenen, is relieved: \"We are happy about this agreement. Failure would probably have put our municipality in a financial bind.\"<\/p>\n<p class=\"icmsPContent\">With the conclusion of the framework agreement, a consensus is reached and the dispute is permanently settled. However, the Land Council has the final say. The transfer of the shares in Kraftwerk Amsteg AG and Kraftwerk Wassen AG to SBB AG requires that the corresponding articles in the Reuss concession and the Furkareuss concession be amended. The concession amendments are the subject of a separate bill that will be dealt with by the Land Council in the May session. The detailed message to the Land Council is available on the Internet at <a href=\"\/\/www.ur.ch\">www.ur.ch<\/a> can be called up. The canton, SBB and the municipalities concerned hope that the approach will also find support in the Landrat.<\/p>","protected":false},"excerpt":{"rendered":"<p>Die beiden Wasserkraftwerke Amsteg und Wassen befinden sich\u00a0derzeit zu 90 Prozent im Besitz der SBB. Die restlichen Anteile geh\u00f6ren dem Kanton Uri sowie der Urner Kantonalbank. Die SBB hat bisher j\u00e4hrlich eine Steuerausfallentsch\u00e4digung entrichtet. Die SBB fand den Betrag zu hoch, der Kanton Uri aber angemessen. Steuern und Abgaben in den Gemeinden werden beibehalten\u00a0 Um [&hellip;]<\/p>\n","protected":false},"author":5,"featured_media":2890,"comment_status":"closed","ping_status":"closed","sticky":false,"template":"","format":"standard","meta":{"_acf_changed":false,"_yoast_wpseo_focuskw":"Wasserkraftwerke","_yoast_wpseo_metadesc":"Der Kanton Uri und die SBB vertreten seit einiger Zeit unterschiedliche Rechtsauffassungen \u00fcber die Besteuerung der Wasserkraftwerke.","articlekey":"","footnotes":""},"categories":[580],"tags":[703,1473,1986,424,2419,2512,2519],"class_list":["post-10160","post","type-post","status-publish","format-standard","has-post-thumbnail","hentry","category-sustainability","tag-amsteg","tag-kanton-uri","tag-rechtsstreit","tag-schweiz","tag-uri","tag-wassen","tag-wasserkraft"],"acf":[],"yoast_head":"<!-- This site is optimized with the Yoast SEO plugin v27.5 - https:\/\/yoast.com\/product\/yoast-seo-wordpress\/ -->\n<title>Besteuerung der Wasserkraftwerke: Uri und SBB einigen sich - Organisator<\/title>\n<meta name=\"description\" content=\"Der Kanton Uri und die SBB vertreten seit einiger Zeit unterschiedliche Rechtsauffassungen \u00fcber die Besteuerung der Wasserkraftwerke.\" \/>\n<meta name=\"robots\" content=\"index, follow, max-snippet:-1, max-image-preview:large, max-video-preview:-1\" \/>\n<link rel=\"canonical\" href=\"https:\/\/www.organisator.ch\/en\/sustainability\/2020-03-09\/besteuerung-der-wasserkraftwerke-uri-und-sbb-einigen-sich\/\" \/>\n<meta property=\"og:locale\" content=\"en_US\" \/>\n<meta property=\"og:type\" content=\"article\" \/>\n<meta property=\"og:title\" content=\"Besteuerung der Wasserkraftwerke: Uri und SBB einigen sich - Organisator\" \/>\n<meta property=\"og:description\" content=\"Der Kanton Uri und die SBB vertreten seit einiger Zeit unterschiedliche Rechtsauffassungen \u00fcber die Besteuerung der Wasserkraftwerke.\" \/>\n<meta property=\"og:url\" content=\"https:\/\/www.organisator.ch\/en\/sustainability\/2020-03-09\/besteuerung-der-wasserkraftwerke-uri-und-sbb-einigen-sich\/\" \/>\n<meta property=\"og:site_name\" content=\"Organisator\" \/>\n<meta property=\"article:publisher\" content=\"https:\/\/www.facebook.com\/OrganisatorFachmagazin\" \/>\n<meta property=\"article:published_time\" content=\"2020-03-09T10:14:20+00:00\" \/>\n<meta property=\"article:modified_time\" content=\"2022-02-09T10:06:14+00:00\" \/>\n<meta property=\"og:image\" content=\"https:\/\/www.organisator.ch\/wp-content\/uploads\/2020\/03\/Wasserkraftwerke-SBB-Uri-UP_Management-u-Qualitaet.jpg\" \/>\n\t<meta property=\"og:image:width\" content=\"1740\" \/>\n\t<meta property=\"og:image:height\" content=\"1148\" \/>\n\t<meta property=\"og:image:type\" content=\"image\/jpeg\" \/>\n<meta name=\"author\" content=\"michael.merz\" \/>\n<meta name=\"twitter:card\" content=\"summary_large_image\" \/>\n<script type=\"application\/ld+json\" class=\"yoast-schema-graph\">{\"@context\":\"https:\\\/\\\/schema.org\",\"@graph\":[{\"@type\":\"Article\",\"@id\":\"https:\\\/\\\/www.organisator.ch\\\/sustainability\\\/2020-03-09\\\/besteuerung-der-wasserkraftwerke-uri-und-sbb-einigen-sich\\\/#article\",\"isPartOf\":{\"@id\":\"https:\\\/\\\/www.organisator.ch\\\/sustainability\\\/2020-03-09\\\/besteuerung-der-wasserkraftwerke-uri-und-sbb-einigen-sich\\\/\"},\"author\":{\"name\":\"michael.merz\",\"@id\":\"https:\\\/\\\/www.organisator.ch\\\/#\\\/schema\\\/person\\\/134708ca9321c57b0362cceb7948ffbd\"},\"headline\":\"Besteuerung der Wasserkraftwerke: Uri und SBB einigen sich\",\"datePublished\":\"2020-03-09T10:14:20+00:00\",\"dateModified\":\"2022-02-09T10:06:14+00:00\",\"mainEntityOfPage\":{\"@id\":\"https:\\\/\\\/www.organisator.ch\\\/sustainability\\\/2020-03-09\\\/besteuerung-der-wasserkraftwerke-uri-und-sbb-einigen-sich\\\/\"},\"wordCount\":393,\"publisher\":{\"@id\":\"https:\\\/\\\/www.organisator.ch\\\/#organization\"},\"image\":{\"@id\":\"https:\\\/\\\/www.organisator.ch\\\/sustainability\\\/2020-03-09\\\/besteuerung-der-wasserkraftwerke-uri-und-sbb-einigen-sich\\\/#primaryimage\"},\"thumbnailUrl\":\"https:\\\/\\\/www.organisator.ch\\\/wp-content\\\/uploads\\\/2020\\\/03\\\/Wasserkraftwerke-SBB-Uri-UP_Management-u-Qualitaet.jpg\",\"keywords\":[\"Amsteg\",\"Kanton Uri\",\"Rechtsstreit\",\"Schweiz\",\"Uri\",\"Wassen\",\"Wasserkraft\"],\"articleSection\":[\"SUSTAINABILITY\"],\"inLanguage\":\"en-US\"},{\"@type\":\"WebPage\",\"@id\":\"https:\\\/\\\/www.organisator.ch\\\/sustainability\\\/2020-03-09\\\/besteuerung-der-wasserkraftwerke-uri-und-sbb-einigen-sich\\\/\",\"url\":\"https:\\\/\\\/www.organisator.ch\\\/sustainability\\\/2020-03-09\\\/besteuerung-der-wasserkraftwerke-uri-und-sbb-einigen-sich\\\/\",\"name\":\"Besteuerung der Wasserkraftwerke: Uri und SBB einigen sich - Organisator\",\"isPartOf\":{\"@id\":\"https:\\\/\\\/www.organisator.ch\\\/#website\"},\"primaryImageOfPage\":{\"@id\":\"https:\\\/\\\/www.organisator.ch\\\/sustainability\\\/2020-03-09\\\/besteuerung-der-wasserkraftwerke-uri-und-sbb-einigen-sich\\\/#primaryimage\"},\"image\":{\"@id\":\"https:\\\/\\\/www.organisator.ch\\\/sustainability\\\/2020-03-09\\\/besteuerung-der-wasserkraftwerke-uri-und-sbb-einigen-sich\\\/#primaryimage\"},\"thumbnailUrl\":\"https:\\\/\\\/www.organisator.ch\\\/wp-content\\\/uploads\\\/2020\\\/03\\\/Wasserkraftwerke-SBB-Uri-UP_Management-u-Qualitaet.jpg\",\"datePublished\":\"2020-03-09T10:14:20+00:00\",\"dateModified\":\"2022-02-09T10:06:14+00:00\",\"description\":\"Der Kanton Uri und die SBB vertreten seit einiger Zeit unterschiedliche Rechtsauffassungen \u00fcber die Besteuerung der Wasserkraftwerke.\",\"breadcrumb\":{\"@id\":\"https:\\\/\\\/www.organisator.ch\\\/sustainability\\\/2020-03-09\\\/besteuerung-der-wasserkraftwerke-uri-und-sbb-einigen-sich\\\/#breadcrumb\"},\"inLanguage\":\"en-US\",\"potentialAction\":[{\"@type\":\"ReadAction\",\"target\":[\"https:\\\/\\\/www.organisator.ch\\\/sustainability\\\/2020-03-09\\\/besteuerung-der-wasserkraftwerke-uri-und-sbb-einigen-sich\\\/\"]}]},{\"@type\":\"ImageObject\",\"inLanguage\":\"en-US\",\"@id\":\"https:\\\/\\\/www.organisator.ch\\\/sustainability\\\/2020-03-09\\\/besteuerung-der-wasserkraftwerke-uri-und-sbb-einigen-sich\\\/#primaryimage\",\"url\":\"https:\\\/\\\/www.organisator.ch\\\/wp-content\\\/uploads\\\/2020\\\/03\\\/Wasserkraftwerke-SBB-Uri-UP_Management-u-Qualitaet.jpg\",\"contentUrl\":\"https:\\\/\\\/www.organisator.ch\\\/wp-content\\\/uploads\\\/2020\\\/03\\\/Wasserkraftwerke-SBB-Uri-UP_Management-u-Qualitaet.jpg\",\"width\":1740,\"height\":1148,\"caption\":\"Das Kraftwerk Amsteg der Schweizerischen Bundesbahnen (SBB) ist ein Hochdruck-Laufwasserkraftwerk an der Reuss im Kanton Uri. Es bildet zusammen mit den Anlagen in G\u00f6schenen und Wassen die Reuss-Kaskade, welche ungef\u00e4hr 40 Prozent des von der SBB verbrauchten Bahnstroms erzeugt. Bild: Die Schaltzentrale in Silenen. (Quelle: Wikipedia)\"},{\"@type\":\"BreadcrumbList\",\"@id\":\"https:\\\/\\\/www.organisator.ch\\\/sustainability\\\/2020-03-09\\\/besteuerung-der-wasserkraftwerke-uri-und-sbb-einigen-sich\\\/#breadcrumb\",\"itemListElement\":[{\"@type\":\"ListItem\",\"position\":1,\"name\":\"Home\",\"item\":\"https:\\\/\\\/www.organisator.ch\\\/\"},{\"@type\":\"ListItem\",\"position\":2,\"name\":\"Besteuerung der Wasserkraftwerke: Uri und SBB einigen sich\"}]},{\"@type\":\"WebSite\",\"@id\":\"https:\\\/\\\/www.organisator.ch\\\/#website\",\"url\":\"https:\\\/\\\/www.organisator.ch\\\/\",\"name\":\"Organisator\",\"description\":\"Kompetent. Praxisnah. Der ORGANISATOR bereitet in 10 Ausgaben pro Jahr die wesentlichen Themen f\u00fcr F\u00fchrungskr\u00e4fte von KMU auf.\",\"publisher\":{\"@id\":\"https:\\\/\\\/www.organisator.ch\\\/#organization\"},\"potentialAction\":[{\"@type\":\"SearchAction\",\"target\":{\"@type\":\"EntryPoint\",\"urlTemplate\":\"https:\\\/\\\/www.organisator.ch\\\/?s={search_term_string}\"},\"query-input\":{\"@type\":\"PropertyValueSpecification\",\"valueRequired\":true,\"valueName\":\"search_term_string\"}}],\"inLanguage\":\"en-US\"},{\"@type\":\"Organization\",\"@id\":\"https:\\\/\\\/www.organisator.ch\\\/#organization\",\"name\":\"Organisator\",\"url\":\"https:\\\/\\\/www.organisator.ch\\\/\",\"logo\":{\"@type\":\"ImageObject\",\"inLanguage\":\"en-US\",\"@id\":\"https:\\\/\\\/www.organisator.ch\\\/#\\\/schema\\\/logo\\\/image\\\/\",\"url\":\"https:\\\/\\\/www.organisator.ch\\\/wp-content\\\/uploads\\\/2022\\\/01\\\/Logo_Organisator_Website.png\",\"contentUrl\":\"https:\\\/\\\/www.organisator.ch\\\/wp-content\\\/uploads\\\/2022\\\/01\\\/Logo_Organisator_Website.png\",\"width\":800,\"height\":77,\"caption\":\"Organisator\"},\"image\":{\"@id\":\"https:\\\/\\\/www.organisator.ch\\\/#\\\/schema\\\/logo\\\/image\\\/\"},\"sameAs\":[\"https:\\\/\\\/www.facebook.com\\\/OrganisatorFachmagazin\",\"https:\\\/\\\/www.linkedin.com\\\/showcase\\\/organisator-das-magazin-fr-kmu\",\"https:\\\/\\\/www.xing.com\\\/news\\\/pages\\\/organisator-ch-695\",\"https:\\\/\\\/www.youtube.com\\\/channel\\\/UCGP2Sq0iWaZwT3BdIAQFYpw\"]},{\"@type\":\"Person\",\"@id\":\"https:\\\/\\\/www.organisator.ch\\\/#\\\/schema\\\/person\\\/134708ca9321c57b0362cceb7948ffbd\",\"name\":\"michael.merz\",\"image\":{\"@type\":\"ImageObject\",\"inLanguage\":\"en-US\",\"@id\":\"https:\\\/\\\/secure.gravatar.com\\\/avatar\\\/?s=96&d=mm&r=g\",\"url\":\"https:\\\/\\\/secure.gravatar.com\\\/avatar\\\/?s=96&d=mm&r=g\",\"contentUrl\":\"https:\\\/\\\/secure.gravatar.com\\\/avatar\\\/?s=96&d=mm&r=g\",\"caption\":\"michael.merz\"},\"url\":\"https:\\\/\\\/www.organisator.ch\\\/en\\\/author\\\/michael-merz\\\/\"}]}<\/script>\n<!-- \/ Yoast SEO plugin. -->","yoast_head_json":{"title":"Taxation of hydroelectric power plants: Uri and SBB reach agreement - Organizer","description":"For some time, the canton of Uri and the SBB have held different legal opinions on the taxation of hydroelectric power plants.","robots":{"index":"index","follow":"follow","max-snippet":"max-snippet:-1","max-image-preview":"max-image-preview:large","max-video-preview":"max-video-preview:-1"},"canonical":"https:\/\/www.organisator.ch\/en\/sustainability\/2020-03-09\/besteuerung-der-wasserkraftwerke-uri-und-sbb-einigen-sich\/","og_locale":"en_US","og_type":"article","og_title":"Besteuerung der Wasserkraftwerke: Uri und SBB einigen sich - Organisator","og_description":"Der Kanton Uri und die SBB vertreten seit einiger Zeit unterschiedliche Rechtsauffassungen \u00fcber die Besteuerung der Wasserkraftwerke.","og_url":"https:\/\/www.organisator.ch\/en\/sustainability\/2020-03-09\/besteuerung-der-wasserkraftwerke-uri-und-sbb-einigen-sich\/","og_site_name":"Organisator","article_publisher":"https:\/\/www.facebook.com\/OrganisatorFachmagazin","article_published_time":"2020-03-09T10:14:20+00:00","article_modified_time":"2022-02-09T10:06:14+00:00","og_image":[{"width":1740,"height":1148,"url":"https:\/\/www.organisator.ch\/wp-content\/uploads\/2020\/03\/Wasserkraftwerke-SBB-Uri-UP_Management-u-Qualitaet.jpg","type":"image\/jpeg"}],"author":"michael.merz","twitter_card":"summary_large_image","schema":{"@context":"https:\/\/schema.org","@graph":[{"@type":"Article","@id":"https:\/\/www.organisator.ch\/sustainability\/2020-03-09\/besteuerung-der-wasserkraftwerke-uri-und-sbb-einigen-sich\/#article","isPartOf":{"@id":"https:\/\/www.organisator.ch\/sustainability\/2020-03-09\/besteuerung-der-wasserkraftwerke-uri-und-sbb-einigen-sich\/"},"author":{"name":"michael.merz","@id":"https:\/\/www.organisator.ch\/#\/schema\/person\/134708ca9321c57b0362cceb7948ffbd"},"headline":"Besteuerung der Wasserkraftwerke: Uri und SBB einigen sich","datePublished":"2020-03-09T10:14:20+00:00","dateModified":"2022-02-09T10:06:14+00:00","mainEntityOfPage":{"@id":"https:\/\/www.organisator.ch\/sustainability\/2020-03-09\/besteuerung-der-wasserkraftwerke-uri-und-sbb-einigen-sich\/"},"wordCount":393,"publisher":{"@id":"https:\/\/www.organisator.ch\/#organization"},"image":{"@id":"https:\/\/www.organisator.ch\/sustainability\/2020-03-09\/besteuerung-der-wasserkraftwerke-uri-und-sbb-einigen-sich\/#primaryimage"},"thumbnailUrl":"https:\/\/www.organisator.ch\/wp-content\/uploads\/2020\/03\/Wasserkraftwerke-SBB-Uri-UP_Management-u-Qualitaet.jpg","keywords":["Amsteg","Kanton Uri","Rechtsstreit","Schweiz","Uri","Wassen","Wasserkraft"],"articleSection":["SUSTAINABILITY"],"inLanguage":"en-US"},{"@type":"WebPage","@id":"https:\/\/www.organisator.ch\/sustainability\/2020-03-09\/besteuerung-der-wasserkraftwerke-uri-und-sbb-einigen-sich\/","url":"https:\/\/www.organisator.ch\/sustainability\/2020-03-09\/besteuerung-der-wasserkraftwerke-uri-und-sbb-einigen-sich\/","name":"Taxation of hydroelectric power plants: Uri and SBB reach agreement - Organizer","isPartOf":{"@id":"https:\/\/www.organisator.ch\/#website"},"primaryImageOfPage":{"@id":"https:\/\/www.organisator.ch\/sustainability\/2020-03-09\/besteuerung-der-wasserkraftwerke-uri-und-sbb-einigen-sich\/#primaryimage"},"image":{"@id":"https:\/\/www.organisator.ch\/sustainability\/2020-03-09\/besteuerung-der-wasserkraftwerke-uri-und-sbb-einigen-sich\/#primaryimage"},"thumbnailUrl":"https:\/\/www.organisator.ch\/wp-content\/uploads\/2020\/03\/Wasserkraftwerke-SBB-Uri-UP_Management-u-Qualitaet.jpg","datePublished":"2020-03-09T10:14:20+00:00","dateModified":"2022-02-09T10:06:14+00:00","description":"For some time, the canton of Uri and the SBB have held different legal opinions on the taxation of hydroelectric power plants.","breadcrumb":{"@id":"https:\/\/www.organisator.ch\/sustainability\/2020-03-09\/besteuerung-der-wasserkraftwerke-uri-und-sbb-einigen-sich\/#breadcrumb"},"inLanguage":"en-US","potentialAction":[{"@type":"ReadAction","target":["https:\/\/www.organisator.ch\/sustainability\/2020-03-09\/besteuerung-der-wasserkraftwerke-uri-und-sbb-einigen-sich\/"]}]},{"@type":"ImageObject","inLanguage":"en-US","@id":"https:\/\/www.organisator.ch\/sustainability\/2020-03-09\/besteuerung-der-wasserkraftwerke-uri-und-sbb-einigen-sich\/#primaryimage","url":"https:\/\/www.organisator.ch\/wp-content\/uploads\/2020\/03\/Wasserkraftwerke-SBB-Uri-UP_Management-u-Qualitaet.jpg","contentUrl":"https:\/\/www.organisator.ch\/wp-content\/uploads\/2020\/03\/Wasserkraftwerke-SBB-Uri-UP_Management-u-Qualitaet.jpg","width":1740,"height":1148,"caption":"Das Kraftwerk Amsteg der Schweizerischen Bundesbahnen (SBB) ist ein Hochdruck-Laufwasserkraftwerk an der Reuss im Kanton Uri. Es bildet zusammen mit den Anlagen in G\u00f6schenen und Wassen die Reuss-Kaskade, welche ungef\u00e4hr 40 Prozent des von der SBB verbrauchten Bahnstroms erzeugt. Bild: Die Schaltzentrale in Silenen. (Quelle: Wikipedia)"},{"@type":"BreadcrumbList","@id":"https:\/\/www.organisator.ch\/sustainability\/2020-03-09\/besteuerung-der-wasserkraftwerke-uri-und-sbb-einigen-sich\/#breadcrumb","itemListElement":[{"@type":"ListItem","position":1,"name":"Home","item":"https:\/\/www.organisator.ch\/"},{"@type":"ListItem","position":2,"name":"Besteuerung der Wasserkraftwerke: Uri und SBB einigen sich"}]},{"@type":"WebSite","@id":"https:\/\/www.organisator.ch\/#website","url":"https:\/\/www.organisator.ch\/","name":"Organizer","description":"Competent. Practical. In 10 issues per year, ORGANISATOR presents the essential topics for managers of SMEs.","publisher":{"@id":"https:\/\/www.organisator.ch\/#organization"},"potentialAction":[{"@type":"SearchAction","target":{"@type":"EntryPoint","urlTemplate":"https:\/\/www.organisator.ch\/?s={search_term_string}"},"query-input":{"@type":"PropertyValueSpecification","valueRequired":true,"valueName":"search_term_string"}}],"inLanguage":"en-US"},{"@type":"Organization","@id":"https:\/\/www.organisator.ch\/#organization","name":"Organizer","url":"https:\/\/www.organisator.ch\/","logo":{"@type":"ImageObject","inLanguage":"en-US","@id":"https:\/\/www.organisator.ch\/#\/schema\/logo\/image\/","url":"https:\/\/www.organisator.ch\/wp-content\/uploads\/2022\/01\/Logo_Organisator_Website.png","contentUrl":"https:\/\/www.organisator.ch\/wp-content\/uploads\/2022\/01\/Logo_Organisator_Website.png","width":800,"height":77,"caption":"Organisator"},"image":{"@id":"https:\/\/www.organisator.ch\/#\/schema\/logo\/image\/"},"sameAs":["https:\/\/www.facebook.com\/OrganisatorFachmagazin","https:\/\/www.linkedin.com\/showcase\/organisator-das-magazin-fr-kmu","https:\/\/www.xing.com\/news\/pages\/organisator-ch-695","https:\/\/www.youtube.com\/channel\/UCGP2Sq0iWaZwT3BdIAQFYpw"]},{"@type":"Person","@id":"https:\/\/www.organisator.ch\/#\/schema\/person\/134708ca9321c57b0362cceb7948ffbd","name":"michael.merz","image":{"@type":"ImageObject","inLanguage":"en-US","@id":"https:\/\/secure.gravatar.com\/avatar\/?s=96&d=mm&r=g","url":"https:\/\/secure.gravatar.com\/avatar\/?s=96&d=mm&r=g","contentUrl":"https:\/\/secure.gravatar.com\/avatar\/?s=96&d=mm&r=g","caption":"michael.merz"},"url":"https:\/\/www.organisator.ch\/en\/author\/michael-merz\/"}]}},"_links":{"self":[{"href":"https:\/\/www.organisator.ch\/en\/wp-json\/wp\/v2\/posts\/10160","targetHints":{"allow":["GET"]}}],"collection":[{"href":"https:\/\/www.organisator.ch\/en\/wp-json\/wp\/v2\/posts"}],"about":[{"href":"https:\/\/www.organisator.ch\/en\/wp-json\/wp\/v2\/types\/post"}],"author":[{"embeddable":true,"href":"https:\/\/www.organisator.ch\/en\/wp-json\/wp\/v2\/users\/5"}],"replies":[{"embeddable":true,"href":"https:\/\/www.organisator.ch\/en\/wp-json\/wp\/v2\/comments?post=10160"}],"version-history":[{"count":1,"href":"https:\/\/www.organisator.ch\/en\/wp-json\/wp\/v2\/posts\/10160\/revisions"}],"predecessor-version":[{"id":10528,"href":"https:\/\/www.organisator.ch\/en\/wp-json\/wp\/v2\/posts\/10160\/revisions\/10528"}],"wp:featuredmedia":[{"embeddable":true,"href":"https:\/\/www.organisator.ch\/en\/wp-json\/wp\/v2\/media\/2890"}],"wp:attachment":[{"href":"https:\/\/www.organisator.ch\/en\/wp-json\/wp\/v2\/media?parent=10160"}],"wp:term":[{"taxonomy":"category","embeddable":true,"href":"https:\/\/www.organisator.ch\/en\/wp-json\/wp\/v2\/categories?post=10160"},{"taxonomy":"post_tag","embeddable":true,"href":"https:\/\/www.organisator.ch\/en\/wp-json\/wp\/v2\/tags?post=10160"}],"curies":[{"name":"wp","href":"https:\/\/api.w.org\/{rel}","templated":true}]}}