{"id":10163,"date":"2020-03-12T13:43:15","date_gmt":"2020-03-12T12:43:15","guid":{"rendered":"https:\/\/www.umweltperspektiven.ch\/?p=2908"},"modified":"2022-02-09T11:10:50","modified_gmt":"2022-02-09T10:10:50","slug":"saline-de-bex-spatenstich-fuer-mehr-gruene-energie","status":"publish","type":"post","link":"https:\/\/www.organisator.ch\/en\/sustainability\/2020-03-12\/saline-de-bex-spatenstich-fuer-mehr-gruene-energie\/","title":{"rendered":"Saline de Bex: Groundbreaking for more green energy"},"content":{"rendered":"<p>&nbsp;<\/p>\n<figure id=\"attachment_2909\" aria-describedby=\"caption-attachment-2909\" style=\"width: 680px\" class=\"wp-caption alignnone\"><img loading=\"lazy\" decoding=\"async\" class=\"size-medium wp-image-2909\" src=\"\/\/www.umweltperspektiven.ch\/wp-content\/uploads\/2020\/03\/groupe-pioche-internet-schweizer-salinen_up_umwelt-perspektiven.jpg\" alt=\"\" width=\"680\" height=\"544\" \/><figcaption id=\"caption-attachment-2909\" class=\"wp-caption-text\">From left to right: Arnaud Tamborini, Operations Manager Saline Bex, Ma\u00ebl Roth, Engineer Bex, Fran\u00e7ois Sandoz, Project Manager, Thomas Fr\u00f6hlich, Head of Marketing and Sales Swiss Saltworks, Dania Aebi, Head of Finance and Controlling Swiss Saltworks, Dr. Urs Ch. Hofmeier, Managing Director, Jean-Louis Meylan, Head of Finance and Administration Saline de Bex, Dieter Rebmann, Head of Saltworks Bex, Schweizerhalle and Riburg (Swiss Saltworks). (Picture: zVg)<\/figcaption><\/figure>\n<p>The Swiss salt works, which are owned by the 26 cantons and the Principality of Liechtenstein, have long been committed to sustainable and environmentally friendly salt production. For an increasingly efficient use of energy resources, they are pursuing various projects at their three sites in Bex\/VD, Riburg\/AG and Schweizerhalle\/BL. The enlargement of the Saline de Bex hydropower plant on the Avan\u00e7on River, which borders the production site, is part of this program.<\/p>\n<p>Yesterday, the Swiss Saltworks, together with the responsible project team, broke ground for this major project. The construction of the original hydroelectric plant in 1943 marked a turning point in the ecological strategy of the Saline de Bex. The replacement of fossil fuels with green electricity enabled the environmentally friendly production of SEL DES ALPES salt. The cost of enlarging the power plant amounts to 20 million francs.<\/p>\n<p><strong>More green energy in the grid<\/strong><\/p>\n<p>Dr. Urs Ch. Hofmeier, Managing Director of Swiss Salt Works, is pleased with this next step in the sustainability strategy: \"The enlarged plant is not only in line with Swiss Salt Works' efforts for sustainable salt production, but also with the National Energy Strategy 2050, which was approved by the Swiss people in 2017.\"<\/p>\n<p>\"The future plant will produce 15 GWh per year, about 50% more than today,\" adds Jean-Louis Meylan, administrative and financial director of Saline de Bex. \"Thanks to the new plant, the amount of green energy we feed into the grid will increase from 4 GWh to 9 GWh per year. The enlarged power plant will provisionally produce electricity until 2082. Then the concession will have to be renewed.\"<\/p>\n<p>Pierre Rochat, town mayor of the municipality of Bex, is enthusiastic: \"We are delighted that the Swiss Saltworks are enlarging their hydropower plant to produce more green electricity. Once the work is completed, the power plant will be able to supply electricity to 2,400 households, which is equivalent to half the inhabitants of the municipality of Bex.\"<\/p>\n<p><strong>Construction site calendar<\/strong><\/p>\n<p>The preparatory work for the expansion of the hydropower plant started in January. Due to the current situation with the coronavirus, yesterday's groundbreaking ceremony took place in camera. However, the Swiss Saltworks will provide for a big topping-out ceremony to mark the completion of the construction work. The power plant is scheduled to go into operation at the end of 2022.<\/p>\n<p><a href=\"\/\/www.salz.ch\">www.salz.ch<\/a><\/p>","protected":false},"excerpt":{"rendered":"<p>&nbsp; Die Schweizer Salinen, die im Besitz der 26 Kantone und des F\u00fcrstentums Liechtenstein sind, setzen sich seit Langem f\u00fcr eine nachhaltige und umweltfreundliche Salzproduktion ein. F\u00fcr eine immer effizientere Nutzung der Energieressourcen verfolgen sie an ihren drei Standorten Bex\/VD, Riburg\/AG und Schweizerhalle\/BL verschiedene Projekte. Die Vergr\u00f6sserung des Wasserkraftwerks der Saline de Bex am Fluss [&hellip;]<\/p>\n","protected":false},"author":5,"featured_media":2909,"comment_status":"closed","ping_status":"closed","sticky":false,"template":"","format":"standard","meta":{"_acf_changed":false,"_yoast_wpseo_focuskw":"Schweizer Salinen","_yoast_wpseo_metadesc":"Mitglieder der Schweizer Salinen haben gestern den Spatenstich zur Vergr\u00f6sserung des Wasserkraftwerks ihrer Tochterfirma Saline de Bex gefeiert.","articlekey":"","footnotes":""},"categories":[580],"tags":[2043,2045,2080,2164],"class_list":["post-10163","post","type-post","status-publish","format-standard","has-post-thumbnail","hentry","category-sustainability","tag-saline-de-bex","tag-salz","tag-schweizer-salinen","tag-spatenstich"],"acf":[],"yoast_head":"<!-- This site is optimized with the Yoast SEO plugin v27.5 - https:\/\/yoast.com\/product\/yoast-seo-wordpress\/ -->\n<title>Saline de Bex: Spatenstich f\u00fcr mehr gr\u00fcne Energie - Organisator<\/title>\n<meta name=\"description\" content=\"Mitglieder der Schweizer Salinen haben gestern den Spatenstich zur Vergr\u00f6sserung des Wasserkraftwerks ihrer Tochterfirma Saline de Bex gefeiert.\" \/>\n<meta name=\"robots\" content=\"index, follow, max-snippet:-1, max-image-preview:large, max-video-preview:-1\" \/>\n<link rel=\"canonical\" href=\"https:\/\/www.organisator.ch\/en\/sustainability\/2020-03-12\/saline-de-bex-spatenstich-fuer-mehr-gruene-energie\/\" \/>\n<meta property=\"og:locale\" content=\"en_US\" \/>\n<meta property=\"og:type\" content=\"article\" \/>\n<meta property=\"og:title\" content=\"Saline de Bex: Spatenstich f\u00fcr mehr gr\u00fcne Energie - Organisator\" \/>\n<meta property=\"og:description\" content=\"Mitglieder der Schweizer Salinen haben gestern den Spatenstich zur Vergr\u00f6sserung des Wasserkraftwerks ihrer Tochterfirma Saline de Bex gefeiert.\" \/>\n<meta property=\"og:url\" content=\"https:\/\/www.organisator.ch\/en\/sustainability\/2020-03-12\/saline-de-bex-spatenstich-fuer-mehr-gruene-energie\/\" \/>\n<meta property=\"og:site_name\" content=\"Organisator\" \/>\n<meta property=\"article:publisher\" content=\"https:\/\/www.facebook.com\/OrganisatorFachmagazin\" \/>\n<meta property=\"article:published_time\" content=\"2020-03-12T12:43:15+00:00\" \/>\n<meta property=\"article:modified_time\" content=\"2022-02-09T10:10:50+00:00\" \/>\n<meta property=\"og:image\" content=\"https:\/\/www.organisator.ch\/wp-content\/uploads\/2020\/03\/groupe-pioche-internet-schweizer-salinen_up_umwelt-perspektiven-scaled.jpg\" \/>\n\t<meta property=\"og:image:width\" content=\"2560\" \/>\n\t<meta property=\"og:image:height\" content=\"2048\" \/>\n\t<meta property=\"og:image:type\" content=\"image\/jpeg\" \/>\n<meta name=\"author\" content=\"michael.merz\" \/>\n<meta name=\"twitter:card\" content=\"summary_large_image\" \/>\n<script type=\"application\/ld+json\" class=\"yoast-schema-graph\">{\"@context\":\"https:\\\/\\\/schema.org\",\"@graph\":[{\"@type\":\"Article\",\"@id\":\"https:\\\/\\\/www.organisator.ch\\\/sustainability\\\/2020-03-12\\\/saline-de-bex-spatenstich-fuer-mehr-gruene-energie\\\/#article\",\"isPartOf\":{\"@id\":\"https:\\\/\\\/www.organisator.ch\\\/sustainability\\\/2020-03-12\\\/saline-de-bex-spatenstich-fuer-mehr-gruene-energie\\\/\"},\"author\":{\"name\":\"michael.merz\",\"@id\":\"https:\\\/\\\/www.organisator.ch\\\/#\\\/schema\\\/person\\\/134708ca9321c57b0362cceb7948ffbd\"},\"headline\":\"Saline de Bex: Spatenstich f\u00fcr mehr gr\u00fcne Energie\",\"datePublished\":\"2020-03-12T12:43:15+00:00\",\"dateModified\":\"2022-02-09T10:10:50+00:00\",\"mainEntityOfPage\":{\"@id\":\"https:\\\/\\\/www.organisator.ch\\\/sustainability\\\/2020-03-12\\\/saline-de-bex-spatenstich-fuer-mehr-gruene-energie\\\/\"},\"wordCount\":447,\"publisher\":{\"@id\":\"https:\\\/\\\/www.organisator.ch\\\/#organization\"},\"image\":{\"@id\":\"https:\\\/\\\/www.organisator.ch\\\/sustainability\\\/2020-03-12\\\/saline-de-bex-spatenstich-fuer-mehr-gruene-energie\\\/#primaryimage\"},\"thumbnailUrl\":\"https:\\\/\\\/www.organisator.ch\\\/wp-content\\\/uploads\\\/2020\\\/03\\\/groupe-pioche-internet-schweizer-salinen_up_umwelt-perspektiven-scaled.jpg\",\"keywords\":[\"Saline de Bex\",\"Salz\",\"Schweizer Salinen\",\"Spatenstich\"],\"articleSection\":[\"SUSTAINABILITY\"],\"inLanguage\":\"en-US\"},{\"@type\":\"WebPage\",\"@id\":\"https:\\\/\\\/www.organisator.ch\\\/sustainability\\\/2020-03-12\\\/saline-de-bex-spatenstich-fuer-mehr-gruene-energie\\\/\",\"url\":\"https:\\\/\\\/www.organisator.ch\\\/sustainability\\\/2020-03-12\\\/saline-de-bex-spatenstich-fuer-mehr-gruene-energie\\\/\",\"name\":\"Saline de Bex: Spatenstich f\u00fcr mehr gr\u00fcne Energie - Organisator\",\"isPartOf\":{\"@id\":\"https:\\\/\\\/www.organisator.ch\\\/#website\"},\"primaryImageOfPage\":{\"@id\":\"https:\\\/\\\/www.organisator.ch\\\/sustainability\\\/2020-03-12\\\/saline-de-bex-spatenstich-fuer-mehr-gruene-energie\\\/#primaryimage\"},\"image\":{\"@id\":\"https:\\\/\\\/www.organisator.ch\\\/sustainability\\\/2020-03-12\\\/saline-de-bex-spatenstich-fuer-mehr-gruene-energie\\\/#primaryimage\"},\"thumbnailUrl\":\"https:\\\/\\\/www.organisator.ch\\\/wp-content\\\/uploads\\\/2020\\\/03\\\/groupe-pioche-internet-schweizer-salinen_up_umwelt-perspektiven-scaled.jpg\",\"datePublished\":\"2020-03-12T12:43:15+00:00\",\"dateModified\":\"2022-02-09T10:10:50+00:00\",\"description\":\"Mitglieder der Schweizer Salinen haben gestern den Spatenstich zur Vergr\u00f6sserung des Wasserkraftwerks ihrer Tochterfirma Saline de Bex gefeiert.\",\"breadcrumb\":{\"@id\":\"https:\\\/\\\/www.organisator.ch\\\/sustainability\\\/2020-03-12\\\/saline-de-bex-spatenstich-fuer-mehr-gruene-energie\\\/#breadcrumb\"},\"inLanguage\":\"en-US\",\"potentialAction\":[{\"@type\":\"ReadAction\",\"target\":[\"https:\\\/\\\/www.organisator.ch\\\/sustainability\\\/2020-03-12\\\/saline-de-bex-spatenstich-fuer-mehr-gruene-energie\\\/\"]}]},{\"@type\":\"ImageObject\",\"inLanguage\":\"en-US\",\"@id\":\"https:\\\/\\\/www.organisator.ch\\\/sustainability\\\/2020-03-12\\\/saline-de-bex-spatenstich-fuer-mehr-gruene-energie\\\/#primaryimage\",\"url\":\"https:\\\/\\\/www.organisator.ch\\\/wp-content\\\/uploads\\\/2020\\\/03\\\/groupe-pioche-internet-schweizer-salinen_up_umwelt-perspektiven-scaled.jpg\",\"contentUrl\":\"https:\\\/\\\/www.organisator.ch\\\/wp-content\\\/uploads\\\/2020\\\/03\\\/groupe-pioche-internet-schweizer-salinen_up_umwelt-perspektiven-scaled.jpg\",\"width\":2560,\"height\":2048,\"caption\":\"Von links nach rechts: Arnaud Tamborini, Betriebsleiter Saline Bex, Ma\u00ebl Roth, Ingenieur Bex, Fran\u00e7ois Sandoz, Projektleiter, Thomas Fr\u00f6hlich, Leiter Marketing und Verkauf Schweizer Salinen, Dania Aebi, Leiterin Finanzen und Controlling Schweizer Salinen, Dr. Urs Ch. Hofmeier, Gesch\u00e4ftsf\u00fchrer, Jean-Louis Meylan, Leiter Finanzen und Administration Saline de Bex, Dieter Rebmann, Leiter Salinen Bex, Schweizerhalle und Riburg (Schweizer Salinen). (Bild: zVg)\"},{\"@type\":\"BreadcrumbList\",\"@id\":\"https:\\\/\\\/www.organisator.ch\\\/sustainability\\\/2020-03-12\\\/saline-de-bex-spatenstich-fuer-mehr-gruene-energie\\\/#breadcrumb\",\"itemListElement\":[{\"@type\":\"ListItem\",\"position\":1,\"name\":\"Home\",\"item\":\"https:\\\/\\\/www.organisator.ch\\\/\"},{\"@type\":\"ListItem\",\"position\":2,\"name\":\"Saline de Bex: Spatenstich f\u00fcr mehr gr\u00fcne Energie\"}]},{\"@type\":\"WebSite\",\"@id\":\"https:\\\/\\\/www.organisator.ch\\\/#website\",\"url\":\"https:\\\/\\\/www.organisator.ch\\\/\",\"name\":\"Organisator\",\"description\":\"Kompetent. Praxisnah. Der ORGANISATOR bereitet in 10 Ausgaben pro Jahr die wesentlichen Themen f\u00fcr F\u00fchrungskr\u00e4fte von KMU auf.\",\"publisher\":{\"@id\":\"https:\\\/\\\/www.organisator.ch\\\/#organization\"},\"potentialAction\":[{\"@type\":\"SearchAction\",\"target\":{\"@type\":\"EntryPoint\",\"urlTemplate\":\"https:\\\/\\\/www.organisator.ch\\\/?s={search_term_string}\"},\"query-input\":{\"@type\":\"PropertyValueSpecification\",\"valueRequired\":true,\"valueName\":\"search_term_string\"}}],\"inLanguage\":\"en-US\"},{\"@type\":\"Organization\",\"@id\":\"https:\\\/\\\/www.organisator.ch\\\/#organization\",\"name\":\"Organisator\",\"url\":\"https:\\\/\\\/www.organisator.ch\\\/\",\"logo\":{\"@type\":\"ImageObject\",\"inLanguage\":\"en-US\",\"@id\":\"https:\\\/\\\/www.organisator.ch\\\/#\\\/schema\\\/logo\\\/image\\\/\",\"url\":\"https:\\\/\\\/www.organisator.ch\\\/wp-content\\\/uploads\\\/2022\\\/01\\\/Logo_Organisator_Website.png\",\"contentUrl\":\"https:\\\/\\\/www.organisator.ch\\\/wp-content\\\/uploads\\\/2022\\\/01\\\/Logo_Organisator_Website.png\",\"width\":800,\"height\":77,\"caption\":\"Organisator\"},\"image\":{\"@id\":\"https:\\\/\\\/www.organisator.ch\\\/#\\\/schema\\\/logo\\\/image\\\/\"},\"sameAs\":[\"https:\\\/\\\/www.facebook.com\\\/OrganisatorFachmagazin\",\"https:\\\/\\\/www.linkedin.com\\\/showcase\\\/organisator-das-magazin-fr-kmu\",\"https:\\\/\\\/www.xing.com\\\/news\\\/pages\\\/organisator-ch-695\",\"https:\\\/\\\/www.youtube.com\\\/channel\\\/UCGP2Sq0iWaZwT3BdIAQFYpw\"]},{\"@type\":\"Person\",\"@id\":\"https:\\\/\\\/www.organisator.ch\\\/#\\\/schema\\\/person\\\/134708ca9321c57b0362cceb7948ffbd\",\"name\":\"michael.merz\",\"image\":{\"@type\":\"ImageObject\",\"inLanguage\":\"en-US\",\"@id\":\"https:\\\/\\\/secure.gravatar.com\\\/avatar\\\/?s=96&d=mm&r=g\",\"url\":\"https:\\\/\\\/secure.gravatar.com\\\/avatar\\\/?s=96&d=mm&r=g\",\"contentUrl\":\"https:\\\/\\\/secure.gravatar.com\\\/avatar\\\/?s=96&d=mm&r=g\",\"caption\":\"michael.merz\"},\"url\":\"https:\\\/\\\/www.organisator.ch\\\/en\\\/author\\\/michael-merz\\\/\"}]}<\/script>\n<!-- \/ Yoast SEO plugin. -->","yoast_head_json":{"title":"Saline de Bex: groundbreaking ceremony for more green energy - Organizer","description":"Members of Swiss Saltworks yesterday celebrated the groundbreaking ceremony for the enlargement of the hydropower plant of its subsidiary Saline de Bex.","robots":{"index":"index","follow":"follow","max-snippet":"max-snippet:-1","max-image-preview":"max-image-preview:large","max-video-preview":"max-video-preview:-1"},"canonical":"https:\/\/www.organisator.ch\/en\/sustainability\/2020-03-12\/saline-de-bex-spatenstich-fuer-mehr-gruene-energie\/","og_locale":"en_US","og_type":"article","og_title":"Saline de Bex: Spatenstich f\u00fcr mehr gr\u00fcne Energie - Organisator","og_description":"Mitglieder der Schweizer Salinen haben gestern den Spatenstich zur Vergr\u00f6sserung des Wasserkraftwerks ihrer Tochterfirma Saline de Bex gefeiert.","og_url":"https:\/\/www.organisator.ch\/en\/sustainability\/2020-03-12\/saline-de-bex-spatenstich-fuer-mehr-gruene-energie\/","og_site_name":"Organisator","article_publisher":"https:\/\/www.facebook.com\/OrganisatorFachmagazin","article_published_time":"2020-03-12T12:43:15+00:00","article_modified_time":"2022-02-09T10:10:50+00:00","og_image":[{"width":2560,"height":2048,"url":"https:\/\/www.organisator.ch\/wp-content\/uploads\/2020\/03\/groupe-pioche-internet-schweizer-salinen_up_umwelt-perspektiven-scaled.jpg","type":"image\/jpeg"}],"author":"michael.merz","twitter_card":"summary_large_image","schema":{"@context":"https:\/\/schema.org","@graph":[{"@type":"Article","@id":"https:\/\/www.organisator.ch\/sustainability\/2020-03-12\/saline-de-bex-spatenstich-fuer-mehr-gruene-energie\/#article","isPartOf":{"@id":"https:\/\/www.organisator.ch\/sustainability\/2020-03-12\/saline-de-bex-spatenstich-fuer-mehr-gruene-energie\/"},"author":{"name":"michael.merz","@id":"https:\/\/www.organisator.ch\/#\/schema\/person\/134708ca9321c57b0362cceb7948ffbd"},"headline":"Saline de Bex: Spatenstich f\u00fcr mehr gr\u00fcne Energie","datePublished":"2020-03-12T12:43:15+00:00","dateModified":"2022-02-09T10:10:50+00:00","mainEntityOfPage":{"@id":"https:\/\/www.organisator.ch\/sustainability\/2020-03-12\/saline-de-bex-spatenstich-fuer-mehr-gruene-energie\/"},"wordCount":447,"publisher":{"@id":"https:\/\/www.organisator.ch\/#organization"},"image":{"@id":"https:\/\/www.organisator.ch\/sustainability\/2020-03-12\/saline-de-bex-spatenstich-fuer-mehr-gruene-energie\/#primaryimage"},"thumbnailUrl":"https:\/\/www.organisator.ch\/wp-content\/uploads\/2020\/03\/groupe-pioche-internet-schweizer-salinen_up_umwelt-perspektiven-scaled.jpg","keywords":["Saline de Bex","Salz","Schweizer Salinen","Spatenstich"],"articleSection":["SUSTAINABILITY"],"inLanguage":"en-US"},{"@type":"WebPage","@id":"https:\/\/www.organisator.ch\/sustainability\/2020-03-12\/saline-de-bex-spatenstich-fuer-mehr-gruene-energie\/","url":"https:\/\/www.organisator.ch\/sustainability\/2020-03-12\/saline-de-bex-spatenstich-fuer-mehr-gruene-energie\/","name":"Saline de Bex: groundbreaking ceremony for more green energy - Organizer","isPartOf":{"@id":"https:\/\/www.organisator.ch\/#website"},"primaryImageOfPage":{"@id":"https:\/\/www.organisator.ch\/sustainability\/2020-03-12\/saline-de-bex-spatenstich-fuer-mehr-gruene-energie\/#primaryimage"},"image":{"@id":"https:\/\/www.organisator.ch\/sustainability\/2020-03-12\/saline-de-bex-spatenstich-fuer-mehr-gruene-energie\/#primaryimage"},"thumbnailUrl":"https:\/\/www.organisator.ch\/wp-content\/uploads\/2020\/03\/groupe-pioche-internet-schweizer-salinen_up_umwelt-perspektiven-scaled.jpg","datePublished":"2020-03-12T12:43:15+00:00","dateModified":"2022-02-09T10:10:50+00:00","description":"Members of Swiss Saltworks yesterday celebrated the groundbreaking ceremony for the enlargement of the hydropower plant of its subsidiary Saline de Bex.","breadcrumb":{"@id":"https:\/\/www.organisator.ch\/sustainability\/2020-03-12\/saline-de-bex-spatenstich-fuer-mehr-gruene-energie\/#breadcrumb"},"inLanguage":"en-US","potentialAction":[{"@type":"ReadAction","target":["https:\/\/www.organisator.ch\/sustainability\/2020-03-12\/saline-de-bex-spatenstich-fuer-mehr-gruene-energie\/"]}]},{"@type":"ImageObject","inLanguage":"en-US","@id":"https:\/\/www.organisator.ch\/sustainability\/2020-03-12\/saline-de-bex-spatenstich-fuer-mehr-gruene-energie\/#primaryimage","url":"https:\/\/www.organisator.ch\/wp-content\/uploads\/2020\/03\/groupe-pioche-internet-schweizer-salinen_up_umwelt-perspektiven-scaled.jpg","contentUrl":"https:\/\/www.organisator.ch\/wp-content\/uploads\/2020\/03\/groupe-pioche-internet-schweizer-salinen_up_umwelt-perspektiven-scaled.jpg","width":2560,"height":2048,"caption":"Von links nach rechts: Arnaud Tamborini, Betriebsleiter Saline Bex, Ma\u00ebl Roth, Ingenieur Bex, Fran\u00e7ois Sandoz, Projektleiter, Thomas Fr\u00f6hlich, Leiter Marketing und Verkauf Schweizer Salinen, Dania Aebi, Leiterin Finanzen und Controlling Schweizer Salinen, Dr. Urs Ch. Hofmeier, Gesch\u00e4ftsf\u00fchrer, Jean-Louis Meylan, Leiter Finanzen und Administration Saline de Bex, Dieter Rebmann, Leiter Salinen Bex, Schweizerhalle und Riburg (Schweizer Salinen). (Bild: zVg)"},{"@type":"BreadcrumbList","@id":"https:\/\/www.organisator.ch\/sustainability\/2020-03-12\/saline-de-bex-spatenstich-fuer-mehr-gruene-energie\/#breadcrumb","itemListElement":[{"@type":"ListItem","position":1,"name":"Home","item":"https:\/\/www.organisator.ch\/"},{"@type":"ListItem","position":2,"name":"Saline de Bex: Spatenstich f\u00fcr mehr gr\u00fcne Energie"}]},{"@type":"WebSite","@id":"https:\/\/www.organisator.ch\/#website","url":"https:\/\/www.organisator.ch\/","name":"Organizer","description":"Competent. Practical. In 10 issues per year, ORGANISATOR presents the essential topics for managers of SMEs.","publisher":{"@id":"https:\/\/www.organisator.ch\/#organization"},"potentialAction":[{"@type":"SearchAction","target":{"@type":"EntryPoint","urlTemplate":"https:\/\/www.organisator.ch\/?s={search_term_string}"},"query-input":{"@type":"PropertyValueSpecification","valueRequired":true,"valueName":"search_term_string"}}],"inLanguage":"en-US"},{"@type":"Organization","@id":"https:\/\/www.organisator.ch\/#organization","name":"Organizer","url":"https:\/\/www.organisator.ch\/","logo":{"@type":"ImageObject","inLanguage":"en-US","@id":"https:\/\/www.organisator.ch\/#\/schema\/logo\/image\/","url":"https:\/\/www.organisator.ch\/wp-content\/uploads\/2022\/01\/Logo_Organisator_Website.png","contentUrl":"https:\/\/www.organisator.ch\/wp-content\/uploads\/2022\/01\/Logo_Organisator_Website.png","width":800,"height":77,"caption":"Organisator"},"image":{"@id":"https:\/\/www.organisator.ch\/#\/schema\/logo\/image\/"},"sameAs":["https:\/\/www.facebook.com\/OrganisatorFachmagazin","https:\/\/www.linkedin.com\/showcase\/organisator-das-magazin-fr-kmu","https:\/\/www.xing.com\/news\/pages\/organisator-ch-695","https:\/\/www.youtube.com\/channel\/UCGP2Sq0iWaZwT3BdIAQFYpw"]},{"@type":"Person","@id":"https:\/\/www.organisator.ch\/#\/schema\/person\/134708ca9321c57b0362cceb7948ffbd","name":"michael.merz","image":{"@type":"ImageObject","inLanguage":"en-US","@id":"https:\/\/secure.gravatar.com\/avatar\/?s=96&d=mm&r=g","url":"https:\/\/secure.gravatar.com\/avatar\/?s=96&d=mm&r=g","contentUrl":"https:\/\/secure.gravatar.com\/avatar\/?s=96&d=mm&r=g","caption":"michael.merz"},"url":"https:\/\/www.organisator.ch\/en\/author\/michael-merz\/"}]}},"_links":{"self":[{"href":"https:\/\/www.organisator.ch\/en\/wp-json\/wp\/v2\/posts\/10163","targetHints":{"allow":["GET"]}}],"collection":[{"href":"https:\/\/www.organisator.ch\/en\/wp-json\/wp\/v2\/posts"}],"about":[{"href":"https:\/\/www.organisator.ch\/en\/wp-json\/wp\/v2\/types\/post"}],"author":[{"embeddable":true,"href":"https:\/\/www.organisator.ch\/en\/wp-json\/wp\/v2\/users\/5"}],"replies":[{"embeddable":true,"href":"https:\/\/www.organisator.ch\/en\/wp-json\/wp\/v2\/comments?post=10163"}],"version-history":[{"count":1,"href":"https:\/\/www.organisator.ch\/en\/wp-json\/wp\/v2\/posts\/10163\/revisions"}],"predecessor-version":[{"id":11003,"href":"https:\/\/www.organisator.ch\/en\/wp-json\/wp\/v2\/posts\/10163\/revisions\/11003"}],"wp:featuredmedia":[{"embeddable":true,"href":"https:\/\/www.organisator.ch\/en\/wp-json\/wp\/v2\/media\/2909"}],"wp:attachment":[{"href":"https:\/\/www.organisator.ch\/en\/wp-json\/wp\/v2\/media?parent=10163"}],"wp:term":[{"taxonomy":"category","embeddable":true,"href":"https:\/\/www.organisator.ch\/en\/wp-json\/wp\/v2\/categories?post=10163"},{"taxonomy":"post_tag","embeddable":true,"href":"https:\/\/www.organisator.ch\/en\/wp-json\/wp\/v2\/tags?post=10163"}],"curies":[{"name":"wp","href":"https:\/\/api.w.org\/{rel}","templated":true}]}}