{"id":10167,"date":"2020-04-06T06:02:55","date_gmt":"2020-04-06T04:02:55","guid":{"rendered":"https:\/\/www.umweltperspektiven.ch\/?p=2996"},"modified":"2022-02-09T11:05:33","modified_gmt":"2022-02-09T10:05:33","slug":"re-use-fuer-schutzmasken","status":"publish","type":"post","link":"https:\/\/www.organisator.ch\/en\/sustainability\/2020-04-06\/re-use-fuer-schutzmasken\/","title":{"rendered":"Re-use for protective masks"},"content":{"rendered":"<figure id=\"attachment_2998\" aria-describedby=\"caption-attachment-2998\" style=\"width: 680px\" class=\"wp-caption alignnone\"><img loading=\"lazy\" decoding=\"async\" class=\"size-medium wp-image-2998\" src=\"\/\/www.umweltperspektiven.ch\/wp-content\/uploads\/2020\/04\/Recycling-Gesichtsmasken-UP-Umwelt-Perspektiven.jpg\" alt=\"\" width=\"680\" height=\"475\" \/><figcaption id=\"caption-attachment-2998\" class=\"wp-caption-text\">Pictures of discarded masks are circulating throughout the world. Have people learned nothing from the crisis? An Austrian entrepreneur tries to continue using protective masks. (Image: Twitter)<\/figcaption><\/figure>\n<p>Extensive tests have been carried out over the past few days, all of which have been positive and now make it possible to reprocess urgently needed protective masks of protection classes FFP2 and FFP3 to a high standard of quality, thus making a significant contribution to safeguarding supplies in hospitals.<\/p>\n<p>The sinTion device produced in Styria by Christof Industries has so far been successfully used in 18 countries around the world. The sinTion process is listed by the renowned Robert Koch Institute in Berlin as a tested and recognized disinfection process. With a basic size of just under one square meter and a height of around 1 meter, sinTion is compact in size. Only connections for power, water and waste water are required. sinTion is very easy to install and operate.<\/p>\n<p>According to the test results\u00a0<strong>per hour about 150 masks<\/strong>\u00a0be prepared for reuse. The treatment cycle lasts approximately 16 minutes and operates at temperatures up to 134\u00b0C.<\/p>\n<p><a href=\"\/\/www.christof.com\/wp-content\/uploads\/2020\/03\/stellungnahme-aufbereitung-von-einmalmasken.pdf\">Opinion of the \u00d6GSV Testing Committee on the<br \/>\nReprocessing of disposable protective masks in the Corona crisis<\/a><\/p>\n<p>The device was set up at Graz University Hospital in the central sterilization department on March 26, 2020. Company owner Johann Christof consciously wants to set an example with this campaign and also sees this contribution to the general public in particular as a thank you to the hospital staff for their outstanding work and performance: \"Our thanks go to the employees in the hospitals who do a great job for the people in our country,\" says Johann Christof.<\/p>\n<p>&nbsp;<\/p>\n<figure id=\"attachment_2997\" aria-describedby=\"caption-attachment-2997\" style=\"width: 680px\" class=\"wp-caption alignnone\"><img loading=\"lazy\" decoding=\"async\" class=\"size-medium wp-image-2997\" src=\"\/\/www.umweltperspektiven.ch\/wp-content\/uploads\/2020\/04\/Christof-Masken_covid.jpg\" alt=\"\" width=\"680\" height=\"909\" srcset=\"https:\/\/www.organisator.ch\/wp-content\/uploads\/2020\/04\/Christof-Masken_covid.jpg 702w, https:\/\/www.organisator.ch\/wp-content\/uploads\/2020\/04\/Christof-Masken_covid-680x909.jpg 680w, https:\/\/www.organisator.ch\/wp-content\/uploads\/2020\/04\/Christof-Masken_covid-9x12.jpg 9w, https:\/\/www.organisator.ch\/wp-content\/uploads\/2020\/04\/Christof-Masken_covid-131x175.jpg 131w, https:\/\/www.organisator.ch\/wp-content\/uploads\/2020\/04\/Christof-Masken_covid-262x350.jpg 262w, https:\/\/www.organisator.ch\/wp-content\/uploads\/2020\/04\/Christof-Masken_covid-599x800.jpg 599w, https:\/\/www.organisator.ch\/wp-content\/uploads\/2020\/04\/Christof-Masken_covid-300x401.jpg 300w\" sizes=\"auto, (max-width: 680px) 100vw, 680px\" \/><figcaption id=\"caption-attachment-2997\" class=\"wp-caption-text\">Thanks to a new ministry decree, the cleaning of particle-filtering half masks is now also permitted in Austria. Christof Industries has developed a machine for this purpose. (Image: zVg)<\/figcaption><\/figure>\n<p>&nbsp;<\/p>\n<p><a href=\"\/\/www.christof.com\">www.christof.com<\/a><\/p>\n<p>&nbsp;<\/p>","protected":false},"excerpt":{"rendered":"<p>In den vergangenen Tagen wurden umfangreiche Tests durchgef\u00fchrt, die allesamt positiv verlaufen sind und es nun erm\u00f6glichen, dringend ben\u00f6tigte Schutzmasken der\u00a0Schutzklassen FFP2 und FFP3 hochqualitativ wieder aufzubereiten\u00a0und damit einen wesentlichen Beitrag zur Sicherstellung der Versorgung in den Spit\u00e4lern zu leisten. Das in der Steiermark von Christof Industries produzierte Ger\u00e4t sinTion wurde bisher in 18 L\u00e4ndern [&hellip;]<\/p>\n","protected":false},"author":5,"featured_media":9695,"comment_status":"closed","ping_status":"closed","sticky":false,"template":"","format":"standard","meta":{"_acf_changed":false,"_yoast_wpseo_focuskw":"Schutzmasken","_yoast_wpseo_metadesc":"Um dem dringenden Bedarf nach Schutzmasken insbesondere auch in den Spit\u00e4lern nachzukommen, hat Christof Industries ein Verfahren erfunden.","articlekey":"","footnotes":""},"categories":[580],"tags":[946,1352,1983,1987,2071,2170],"class_list":["post-10167","post","type-post","status-publish","format-standard","has-post-thumbnail","hentry","category-sustainability","tag-corona","tag-health","tag-re-use","tag-recycling","tag-schutzmasken","tag-spitalwesen"],"acf":[],"yoast_head":"<!-- This site is optimized with the Yoast SEO plugin v27.5 - https:\/\/yoast.com\/product\/yoast-seo-wordpress\/ -->\n<title>Re-Use f\u00fcr Schutzmasken - Organisator<\/title>\n<meta name=\"description\" content=\"Um dem dringenden Bedarf nach Schutzmasken insbesondere auch in den Spit\u00e4lern nachzukommen, hat Christof Industries ein Verfahren erfunden.\" \/>\n<meta name=\"robots\" content=\"index, follow, max-snippet:-1, max-image-preview:large, max-video-preview:-1\" \/>\n<link rel=\"canonical\" href=\"https:\/\/www.organisator.ch\/en\/sustainability\/2020-04-06\/re-use-fuer-schutzmasken\/\" \/>\n<meta property=\"og:locale\" content=\"en_US\" \/>\n<meta property=\"og:type\" content=\"article\" \/>\n<meta property=\"og:title\" content=\"Re-Use f\u00fcr Schutzmasken - Organisator\" \/>\n<meta property=\"og:description\" content=\"Um dem dringenden Bedarf nach Schutzmasken insbesondere auch in den Spit\u00e4lern nachzukommen, hat Christof Industries ein Verfahren erfunden.\" \/>\n<meta property=\"og:url\" content=\"https:\/\/www.organisator.ch\/en\/sustainability\/2020-04-06\/re-use-fuer-schutzmasken\/\" \/>\n<meta property=\"og:site_name\" content=\"Organisator\" \/>\n<meta property=\"article:publisher\" content=\"https:\/\/www.facebook.com\/OrganisatorFachmagazin\" \/>\n<meta property=\"article:published_time\" content=\"2020-04-06T04:02:55+00:00\" \/>\n<meta property=\"article:modified_time\" content=\"2022-02-09T10:05:33+00:00\" \/>\n<meta property=\"og:image\" content=\"https:\/\/www.organisator.ch\/wp-content\/uploads\/2020\/04\/Recycling-Gesichtsmasken-UP-Umwelt-Perspektiven.jpg\" \/>\n\t<meta property=\"og:image:width\" content=\"954\" \/>\n\t<meta property=\"og:image:height\" content=\"666\" \/>\n\t<meta property=\"og:image:type\" content=\"image\/jpeg\" \/>\n<meta name=\"author\" content=\"michael.merz\" \/>\n<meta name=\"twitter:card\" content=\"summary_large_image\" \/>\n<script type=\"application\/ld+json\" class=\"yoast-schema-graph\">{\"@context\":\"https:\\\/\\\/schema.org\",\"@graph\":[{\"@type\":\"Article\",\"@id\":\"https:\\\/\\\/www.organisator.ch\\\/sustainability\\\/2020-04-06\\\/re-use-fuer-schutzmasken\\\/#article\",\"isPartOf\":{\"@id\":\"https:\\\/\\\/www.organisator.ch\\\/sustainability\\\/2020-04-06\\\/re-use-fuer-schutzmasken\\\/\"},\"author\":{\"name\":\"michael.merz\",\"@id\":\"https:\\\/\\\/www.organisator.ch\\\/#\\\/schema\\\/person\\\/134708ca9321c57b0362cceb7948ffbd\"},\"headline\":\"Re-Use f\u00fcr Schutzmasken\",\"datePublished\":\"2020-04-06T04:02:55+00:00\",\"dateModified\":\"2022-02-09T10:05:33+00:00\",\"mainEntityOfPage\":{\"@id\":\"https:\\\/\\\/www.organisator.ch\\\/sustainability\\\/2020-04-06\\\/re-use-fuer-schutzmasken\\\/\"},\"wordCount\":312,\"publisher\":{\"@id\":\"https:\\\/\\\/www.organisator.ch\\\/#organization\"},\"image\":{\"@id\":\"https:\\\/\\\/www.organisator.ch\\\/sustainability\\\/2020-04-06\\\/re-use-fuer-schutzmasken\\\/#primaryimage\"},\"thumbnailUrl\":\"https:\\\/\\\/www.organisator.ch\\\/wp-content\\\/uploads\\\/2020\\\/04\\\/Recycling-Gesichtsmasken-UP-Umwelt-Perspektiven.jpg\",\"keywords\":[\"Corona\",\"Health\",\"Re-Use\",\"Recycling\",\"Schutzmasken\",\"Spitalwesen\"],\"articleSection\":[\"SUSTAINABILITY\"],\"inLanguage\":\"en-US\"},{\"@type\":\"WebPage\",\"@id\":\"https:\\\/\\\/www.organisator.ch\\\/sustainability\\\/2020-04-06\\\/re-use-fuer-schutzmasken\\\/\",\"url\":\"https:\\\/\\\/www.organisator.ch\\\/sustainability\\\/2020-04-06\\\/re-use-fuer-schutzmasken\\\/\",\"name\":\"Re-Use f\u00fcr Schutzmasken - Organisator\",\"isPartOf\":{\"@id\":\"https:\\\/\\\/www.organisator.ch\\\/#website\"},\"primaryImageOfPage\":{\"@id\":\"https:\\\/\\\/www.organisator.ch\\\/sustainability\\\/2020-04-06\\\/re-use-fuer-schutzmasken\\\/#primaryimage\"},\"image\":{\"@id\":\"https:\\\/\\\/www.organisator.ch\\\/sustainability\\\/2020-04-06\\\/re-use-fuer-schutzmasken\\\/#primaryimage\"},\"thumbnailUrl\":\"https:\\\/\\\/www.organisator.ch\\\/wp-content\\\/uploads\\\/2020\\\/04\\\/Recycling-Gesichtsmasken-UP-Umwelt-Perspektiven.jpg\",\"datePublished\":\"2020-04-06T04:02:55+00:00\",\"dateModified\":\"2022-02-09T10:05:33+00:00\",\"description\":\"Um dem dringenden Bedarf nach Schutzmasken insbesondere auch in den Spit\u00e4lern nachzukommen, hat Christof Industries ein Verfahren erfunden.\",\"breadcrumb\":{\"@id\":\"https:\\\/\\\/www.organisator.ch\\\/sustainability\\\/2020-04-06\\\/re-use-fuer-schutzmasken\\\/#breadcrumb\"},\"inLanguage\":\"en-US\",\"potentialAction\":[{\"@type\":\"ReadAction\",\"target\":[\"https:\\\/\\\/www.organisator.ch\\\/sustainability\\\/2020-04-06\\\/re-use-fuer-schutzmasken\\\/\"]}]},{\"@type\":\"ImageObject\",\"inLanguage\":\"en-US\",\"@id\":\"https:\\\/\\\/www.organisator.ch\\\/sustainability\\\/2020-04-06\\\/re-use-fuer-schutzmasken\\\/#primaryimage\",\"url\":\"https:\\\/\\\/www.organisator.ch\\\/wp-content\\\/uploads\\\/2020\\\/04\\\/Recycling-Gesichtsmasken-UP-Umwelt-Perspektiven.jpg\",\"contentUrl\":\"https:\\\/\\\/www.organisator.ch\\\/wp-content\\\/uploads\\\/2020\\\/04\\\/Recycling-Gesichtsmasken-UP-Umwelt-Perspektiven.jpg\",\"width\":954,\"height\":666,\"caption\":\"Bilder von weggeworfenen Masken kursieren \u00fcberall auf der Welt. Haben denn die Menschen nichts aus der Krises gelernt? Ein \u00d6sterreichischer Unternehmer versucht Schutzmasken wieder nutzen zu k\u00f6nnen. (Bild: Twitter)\"},{\"@type\":\"BreadcrumbList\",\"@id\":\"https:\\\/\\\/www.organisator.ch\\\/sustainability\\\/2020-04-06\\\/re-use-fuer-schutzmasken\\\/#breadcrumb\",\"itemListElement\":[{\"@type\":\"ListItem\",\"position\":1,\"name\":\"Home\",\"item\":\"https:\\\/\\\/www.organisator.ch\\\/\"},{\"@type\":\"ListItem\",\"position\":2,\"name\":\"Re-Use f\u00fcr Schutzmasken\"}]},{\"@type\":\"WebSite\",\"@id\":\"https:\\\/\\\/www.organisator.ch\\\/#website\",\"url\":\"https:\\\/\\\/www.organisator.ch\\\/\",\"name\":\"Organisator\",\"description\":\"Kompetent. Praxisnah. Der ORGANISATOR bereitet in 10 Ausgaben pro Jahr die wesentlichen Themen f\u00fcr F\u00fchrungskr\u00e4fte von KMU auf.\",\"publisher\":{\"@id\":\"https:\\\/\\\/www.organisator.ch\\\/#organization\"},\"potentialAction\":[{\"@type\":\"SearchAction\",\"target\":{\"@type\":\"EntryPoint\",\"urlTemplate\":\"https:\\\/\\\/www.organisator.ch\\\/?s={search_term_string}\"},\"query-input\":{\"@type\":\"PropertyValueSpecification\",\"valueRequired\":true,\"valueName\":\"search_term_string\"}}],\"inLanguage\":\"en-US\"},{\"@type\":\"Organization\",\"@id\":\"https:\\\/\\\/www.organisator.ch\\\/#organization\",\"name\":\"Organisator\",\"url\":\"https:\\\/\\\/www.organisator.ch\\\/\",\"logo\":{\"@type\":\"ImageObject\",\"inLanguage\":\"en-US\",\"@id\":\"https:\\\/\\\/www.organisator.ch\\\/#\\\/schema\\\/logo\\\/image\\\/\",\"url\":\"https:\\\/\\\/www.organisator.ch\\\/wp-content\\\/uploads\\\/2022\\\/01\\\/Logo_Organisator_Website.png\",\"contentUrl\":\"https:\\\/\\\/www.organisator.ch\\\/wp-content\\\/uploads\\\/2022\\\/01\\\/Logo_Organisator_Website.png\",\"width\":800,\"height\":77,\"caption\":\"Organisator\"},\"image\":{\"@id\":\"https:\\\/\\\/www.organisator.ch\\\/#\\\/schema\\\/logo\\\/image\\\/\"},\"sameAs\":[\"https:\\\/\\\/www.facebook.com\\\/OrganisatorFachmagazin\",\"https:\\\/\\\/www.linkedin.com\\\/showcase\\\/organisator-das-magazin-fr-kmu\",\"https:\\\/\\\/www.xing.com\\\/news\\\/pages\\\/organisator-ch-695\",\"https:\\\/\\\/www.youtube.com\\\/channel\\\/UCGP2Sq0iWaZwT3BdIAQFYpw\"]},{\"@type\":\"Person\",\"@id\":\"https:\\\/\\\/www.organisator.ch\\\/#\\\/schema\\\/person\\\/134708ca9321c57b0362cceb7948ffbd\",\"name\":\"michael.merz\",\"image\":{\"@type\":\"ImageObject\",\"inLanguage\":\"en-US\",\"@id\":\"https:\\\/\\\/secure.gravatar.com\\\/avatar\\\/?s=96&d=mm&r=g\",\"url\":\"https:\\\/\\\/secure.gravatar.com\\\/avatar\\\/?s=96&d=mm&r=g\",\"contentUrl\":\"https:\\\/\\\/secure.gravatar.com\\\/avatar\\\/?s=96&d=mm&r=g\",\"caption\":\"michael.merz\"},\"url\":\"https:\\\/\\\/www.organisator.ch\\\/en\\\/author\\\/michael-merz\\\/\"}]}<\/script>\n<!-- \/ Yoast SEO plugin. -->","yoast_head_json":{"title":"Re-use for protective masks - organizer","description":"To meet the urgent need for protective masks, especially in hospitals, Christof Industries has invented a process.","robots":{"index":"index","follow":"follow","max-snippet":"max-snippet:-1","max-image-preview":"max-image-preview:large","max-video-preview":"max-video-preview:-1"},"canonical":"https:\/\/www.organisator.ch\/en\/sustainability\/2020-04-06\/re-use-fuer-schutzmasken\/","og_locale":"en_US","og_type":"article","og_title":"Re-Use f\u00fcr Schutzmasken - Organisator","og_description":"Um dem dringenden Bedarf nach Schutzmasken insbesondere auch in den Spit\u00e4lern nachzukommen, hat Christof Industries ein Verfahren erfunden.","og_url":"https:\/\/www.organisator.ch\/en\/sustainability\/2020-04-06\/re-use-fuer-schutzmasken\/","og_site_name":"Organisator","article_publisher":"https:\/\/www.facebook.com\/OrganisatorFachmagazin","article_published_time":"2020-04-06T04:02:55+00:00","article_modified_time":"2022-02-09T10:05:33+00:00","og_image":[{"width":954,"height":666,"url":"https:\/\/www.organisator.ch\/wp-content\/uploads\/2020\/04\/Recycling-Gesichtsmasken-UP-Umwelt-Perspektiven.jpg","type":"image\/jpeg"}],"author":"michael.merz","twitter_card":"summary_large_image","schema":{"@context":"https:\/\/schema.org","@graph":[{"@type":"Article","@id":"https:\/\/www.organisator.ch\/sustainability\/2020-04-06\/re-use-fuer-schutzmasken\/#article","isPartOf":{"@id":"https:\/\/www.organisator.ch\/sustainability\/2020-04-06\/re-use-fuer-schutzmasken\/"},"author":{"name":"michael.merz","@id":"https:\/\/www.organisator.ch\/#\/schema\/person\/134708ca9321c57b0362cceb7948ffbd"},"headline":"Re-Use f\u00fcr Schutzmasken","datePublished":"2020-04-06T04:02:55+00:00","dateModified":"2022-02-09T10:05:33+00:00","mainEntityOfPage":{"@id":"https:\/\/www.organisator.ch\/sustainability\/2020-04-06\/re-use-fuer-schutzmasken\/"},"wordCount":312,"publisher":{"@id":"https:\/\/www.organisator.ch\/#organization"},"image":{"@id":"https:\/\/www.organisator.ch\/sustainability\/2020-04-06\/re-use-fuer-schutzmasken\/#primaryimage"},"thumbnailUrl":"https:\/\/www.organisator.ch\/wp-content\/uploads\/2020\/04\/Recycling-Gesichtsmasken-UP-Umwelt-Perspektiven.jpg","keywords":["Corona","Health","Re-Use","Recycling","Schutzmasken","Spitalwesen"],"articleSection":["SUSTAINABILITY"],"inLanguage":"en-US"},{"@type":"WebPage","@id":"https:\/\/www.organisator.ch\/sustainability\/2020-04-06\/re-use-fuer-schutzmasken\/","url":"https:\/\/www.organisator.ch\/sustainability\/2020-04-06\/re-use-fuer-schutzmasken\/","name":"Re-use for protective masks - organizer","isPartOf":{"@id":"https:\/\/www.organisator.ch\/#website"},"primaryImageOfPage":{"@id":"https:\/\/www.organisator.ch\/sustainability\/2020-04-06\/re-use-fuer-schutzmasken\/#primaryimage"},"image":{"@id":"https:\/\/www.organisator.ch\/sustainability\/2020-04-06\/re-use-fuer-schutzmasken\/#primaryimage"},"thumbnailUrl":"https:\/\/www.organisator.ch\/wp-content\/uploads\/2020\/04\/Recycling-Gesichtsmasken-UP-Umwelt-Perspektiven.jpg","datePublished":"2020-04-06T04:02:55+00:00","dateModified":"2022-02-09T10:05:33+00:00","description":"To meet the urgent need for protective masks, especially in hospitals, Christof Industries has invented a process.","breadcrumb":{"@id":"https:\/\/www.organisator.ch\/sustainability\/2020-04-06\/re-use-fuer-schutzmasken\/#breadcrumb"},"inLanguage":"en-US","potentialAction":[{"@type":"ReadAction","target":["https:\/\/www.organisator.ch\/sustainability\/2020-04-06\/re-use-fuer-schutzmasken\/"]}]},{"@type":"ImageObject","inLanguage":"en-US","@id":"https:\/\/www.organisator.ch\/sustainability\/2020-04-06\/re-use-fuer-schutzmasken\/#primaryimage","url":"https:\/\/www.organisator.ch\/wp-content\/uploads\/2020\/04\/Recycling-Gesichtsmasken-UP-Umwelt-Perspektiven.jpg","contentUrl":"https:\/\/www.organisator.ch\/wp-content\/uploads\/2020\/04\/Recycling-Gesichtsmasken-UP-Umwelt-Perspektiven.jpg","width":954,"height":666,"caption":"Bilder von weggeworfenen Masken kursieren \u00fcberall auf der Welt. Haben denn die Menschen nichts aus der Krises gelernt? Ein \u00d6sterreichischer Unternehmer versucht Schutzmasken wieder nutzen zu k\u00f6nnen. (Bild: Twitter)"},{"@type":"BreadcrumbList","@id":"https:\/\/www.organisator.ch\/sustainability\/2020-04-06\/re-use-fuer-schutzmasken\/#breadcrumb","itemListElement":[{"@type":"ListItem","position":1,"name":"Home","item":"https:\/\/www.organisator.ch\/"},{"@type":"ListItem","position":2,"name":"Re-Use f\u00fcr Schutzmasken"}]},{"@type":"WebSite","@id":"https:\/\/www.organisator.ch\/#website","url":"https:\/\/www.organisator.ch\/","name":"Organizer","description":"Competent. Practical. In 10 issues per year, ORGANISATOR presents the essential topics for managers of SMEs.","publisher":{"@id":"https:\/\/www.organisator.ch\/#organization"},"potentialAction":[{"@type":"SearchAction","target":{"@type":"EntryPoint","urlTemplate":"https:\/\/www.organisator.ch\/?s={search_term_string}"},"query-input":{"@type":"PropertyValueSpecification","valueRequired":true,"valueName":"search_term_string"}}],"inLanguage":"en-US"},{"@type":"Organization","@id":"https:\/\/www.organisator.ch\/#organization","name":"Organizer","url":"https:\/\/www.organisator.ch\/","logo":{"@type":"ImageObject","inLanguage":"en-US","@id":"https:\/\/www.organisator.ch\/#\/schema\/logo\/image\/","url":"https:\/\/www.organisator.ch\/wp-content\/uploads\/2022\/01\/Logo_Organisator_Website.png","contentUrl":"https:\/\/www.organisator.ch\/wp-content\/uploads\/2022\/01\/Logo_Organisator_Website.png","width":800,"height":77,"caption":"Organisator"},"image":{"@id":"https:\/\/www.organisator.ch\/#\/schema\/logo\/image\/"},"sameAs":["https:\/\/www.facebook.com\/OrganisatorFachmagazin","https:\/\/www.linkedin.com\/showcase\/organisator-das-magazin-fr-kmu","https:\/\/www.xing.com\/news\/pages\/organisator-ch-695","https:\/\/www.youtube.com\/channel\/UCGP2Sq0iWaZwT3BdIAQFYpw"]},{"@type":"Person","@id":"https:\/\/www.organisator.ch\/#\/schema\/person\/134708ca9321c57b0362cceb7948ffbd","name":"michael.merz","image":{"@type":"ImageObject","inLanguage":"en-US","@id":"https:\/\/secure.gravatar.com\/avatar\/?s=96&d=mm&r=g","url":"https:\/\/secure.gravatar.com\/avatar\/?s=96&d=mm&r=g","contentUrl":"https:\/\/secure.gravatar.com\/avatar\/?s=96&d=mm&r=g","caption":"michael.merz"},"url":"https:\/\/www.organisator.ch\/en\/author\/michael-merz\/"}]}},"_links":{"self":[{"href":"https:\/\/www.organisator.ch\/en\/wp-json\/wp\/v2\/posts\/10167","targetHints":{"allow":["GET"]}}],"collection":[{"href":"https:\/\/www.organisator.ch\/en\/wp-json\/wp\/v2\/posts"}],"about":[{"href":"https:\/\/www.organisator.ch\/en\/wp-json\/wp\/v2\/types\/post"}],"author":[{"embeddable":true,"href":"https:\/\/www.organisator.ch\/en\/wp-json\/wp\/v2\/users\/5"}],"replies":[{"embeddable":true,"href":"https:\/\/www.organisator.ch\/en\/wp-json\/wp\/v2\/comments?post=10167"}],"version-history":[{"count":1,"href":"https:\/\/www.organisator.ch\/en\/wp-json\/wp\/v2\/posts\/10167\/revisions"}],"predecessor-version":[{"id":10394,"href":"https:\/\/www.organisator.ch\/en\/wp-json\/wp\/v2\/posts\/10167\/revisions\/10394"}],"wp:featuredmedia":[{"embeddable":true,"href":"https:\/\/www.organisator.ch\/en\/wp-json\/wp\/v2\/media\/9695"}],"wp:attachment":[{"href":"https:\/\/www.organisator.ch\/en\/wp-json\/wp\/v2\/media?parent=10167"}],"wp:term":[{"taxonomy":"category","embeddable":true,"href":"https:\/\/www.organisator.ch\/en\/wp-json\/wp\/v2\/categories?post=10167"},{"taxonomy":"post_tag","embeddable":true,"href":"https:\/\/www.organisator.ch\/en\/wp-json\/wp\/v2\/tags?post=10167"}],"curies":[{"name":"wp","href":"https:\/\/api.w.org\/{rel}","templated":true}]}}