{"id":10168,"date":"2020-04-21T09:15:53","date_gmt":"2020-04-21T07:15:53","guid":{"rendered":"https:\/\/www.umweltperspektiven.ch\/?p=3010"},"modified":"2020-04-21T09:15:53","modified_gmt":"2020-04-21T07:15:53","slug":"corona-stimmungsbarometer","status":"publish","type":"post","link":"https:\/\/www.organisator.ch\/en\/allgemein\/2020-04-21\/corona-stimmungsbarometer\/","title":{"rendered":"Corona mood barometer"},"content":{"rendered":"<figure id=\"attachment_3011\" aria-describedby=\"caption-attachment-3011\" style=\"width: 680px\" class=\"wp-caption alignnone\"><img loading=\"lazy\" decoding=\"async\" class=\"size-medium wp-image-3011\" src=\"\/\/www.umweltperspektiven.ch\/wp-content\/uploads\/2020\/04\/Comparis-Umfrage-UP-Umwelt-Perspektiven.jpg\" alt=\"\" width=\"680\" height=\"453\" \/><figcaption id=\"caption-attachment-3011\" class=\"wp-caption-text\">Swiss population receives a grade of \"sufficient\" for its behavior for the first time. (Image: Unsplash)<\/figcaption><\/figure>\n<p><span style=\"font-size: 10.5pt; font-family: 'Arial',sans-serif;\">Every week since the start of the lockdown in Switzerland, the online comparison service Comparis and the market research institute Marketagent Switzerland have asked the population to judge the quality of the Corona crisis management of the following players: Government, healthcare (hospitals, doctors' offices, medical hotlines, etc.), own family, own employer, financial actors (banks, insurance companies, national bank, etc.) army and Swiss population. Over the Easter weekend, respondents rated the behavior of the Swiss population as sufficient for the first time.\u00a0<\/span><\/p>\n<p><strong><span style=\"font-size: 10.5pt; font-family: 'Arial',sans-serif;\">Behavior of the population is also accepted by younger people for the first time\u00a0<\/span><\/strong><\/p>\n<p><span style=\"font-size: 10.5pt; font-family: 'Arial',sans-serif;\">The Swiss population has improved from a score of 3.8 to 4.0 in four weeks (grading scale 1 to 6). For the first time, the population's behavior is also accepted by younger people. Those aged 40 to 49 gave a 4.0. The under-20s were particularly harsh a month ago: their rating has risen from 3.3 a month ago to 3.9 nonetheless. Among 30- to 39-year-olds, the rating also rose to 3.9 (from 3.4).\u00a0<\/span><\/p>\n<p><span style=\"font-size: 10.5pt; font-family: 'Arial',sans-serif;\">\"It is possible that the current positive development in infection figures shows the population how much they have achieved with their behavior and contributes to a more positive evaluation of their own behavior,\" says Liane Nagengast, market researcher at Marketagent Switzerland.\u00a0<\/span><\/p>\n<p><strong><span style=\"font-size: 10.5pt; font-family: 'Arial',sans-serif;\">Half of respondents give their employer good to very good marks<\/span><\/strong><\/p>\n<p><span style=\"font-size: 10.5pt; font-family: 'Arial',sans-serif;\">Employers across all generations may not have been able to improve their score of 4.7 since the last survey. But the proportion of people who gave their own employer a grade of \"good\" to \"very good\" has risen more sharply than in any other category since the lockdown began - from 41.1 to 48.9 percent. This is another significant increase of 7.8 percentage points.<\/span><\/p>\n<p><span style=\"font-size: 10.5pt; font-family: 'Arial',sans-serif;\">The German-speaking Swiss have now overtaken those in Ticino in terms of satisfaction with their employer. Here, 51.5 percent of respondents gave their employers marks between 5 and 6 over the Easter period (7.6 percentage points more than in the first survey). In Ticino, meanwhile, the proportion fell slightly since last week from 52 to 48.9 percent.<\/span><\/p>\n<p><span style=\"font-size: 10.5pt; font-family: 'Arial',sans-serif;\">\"Small and medium-sized enterprises are the backbone of the Swiss economy. Their manageable size allows them to react quickly to new challenges, adapt processes accordingly and deploy staff in the best possible way. In combination with the short-time work scheme and the quickly granted crisis loans by the federal government, the Swiss economy is doing very well in international comparison,\" observes Comparis financial expert Fr\u00e9d\u00e9ric Papp. The key, however, is an early but careful exit from the lockdown. This is because the \"trade, transport and hospitality\" sector in particular is threatened by massive losses in value creation due to the loss of final demand of up to 25 percent*. \"Losses of this magnitude will lead to further layoffs,\" says Papp. \u00a0<\/span><\/p>\n<p><strong><span style=\"font-size: 10.5pt; font-family: 'Arial',sans-serif;\">Camp fever among teenagers<\/span><\/strong><\/p>\n<p><span style=\"font-size: 10.5pt; font-family: 'Arial',sans-serif;\">After weeks without a fixed school or apprenticeship structure at home, the fourth survey reveals that teenagers are suffering from cabin fever. Family crisis management still tops the rankings, along with that of health care, with an overall rating of 5.2. But among 15- to 19-year-olds, the percentage of respondents who rated their own family as \"good\" to \"very good\" plummeted by a whopping 12.8 percentage points last week to just 65.5 percent. That's lower than any time during the entire survey period. The teenage group gave their own family a total rating of 4.9 in the Easter week (after 5.1 in the previous week).<\/span><\/p>\n<p><a href=\"\/\/www.comparis.ch\">www.comparis.ch<\/a><\/p>","protected":false},"excerpt":{"rendered":"<p>Jede Woche seit dem Start des Lockdowns in der Schweiz l\u00e4sst der Online-Vergleichsdienst Comparis und das Marktforschungsinstitut Marketagent Schweiz die Bev\u00f6lkerung \u00fcber die Qualit\u00e4t des Corona-Krisenmanagements der folgenden Akteure urteilen: Regierung, Gesundheitswesen (Spit\u00e4ler, Arztpraxen, medizinische Hotlines etc.), eigene Familie, eigener Arbeitgeber, Finanzakteure (Banken, Versicherungen, Nationalbank etc.) Armee und Schweizer Bev\u00f6lkerung. \u00dcber das Oster-Wochenende haben die [&hellip;]<\/p>\n","protected":false},"author":5,"featured_media":9697,"comment_status":"closed","ping_status":"closed","sticky":false,"template":"","format":"standard","meta":{"_acf_changed":false,"_yoast_wpseo_focuskw":"comparis","_yoast_wpseo_metadesc":"comparis.ch und Marketagent.com Schweiz f\u00fchlen Schweizerinnen und Schweizern in der Corona-Krise mit einer w\u00f6chentlichen repr\u00e4sentativen Befragung .","articlekey":"","footnotes":""},"categories":[1],"tags":[805,131,953,341,424,487],"class_list":["post-10168","post","type-post","status-publish","format-standard","has-post-thumbnail","hentry","category-allgemein","tag-bevoelkerung","tag-corona-krise","tag-covid-19","tag-marktforschung","tag-schweiz","tag-umfrage"],"acf":[],"yoast_head":"<!-- This site is optimized with the Yoast SEO plugin v27.4 - https:\/\/yoast.com\/product\/yoast-seo-wordpress\/ -->\n<title>Corona-Stimmungsbarometer - Organisator<\/title>\n<meta name=\"description\" content=\"comparis.ch und Marketagent.com Schweiz f\u00fchlen Schweizerinnen und Schweizern in der Corona-Krise mit einer w\u00f6chentlichen repr\u00e4sentativen Befragung .\" \/>\n<meta name=\"robots\" content=\"index, follow, max-snippet:-1, max-image-preview:large, max-video-preview:-1\" \/>\n<link rel=\"canonical\" href=\"https:\/\/www.organisator.ch\/en\/general\/2020-04-21\/corona-stimmungsbarometer\/\" \/>\n<meta property=\"og:locale\" content=\"en_US\" \/>\n<meta property=\"og:type\" content=\"article\" \/>\n<meta property=\"og:title\" content=\"Corona-Stimmungsbarometer - Organisator\" \/>\n<meta property=\"og:description\" content=\"comparis.ch und Marketagent.com Schweiz f\u00fchlen Schweizerinnen und Schweizern in der Corona-Krise mit einer w\u00f6chentlichen repr\u00e4sentativen Befragung .\" \/>\n<meta property=\"og:url\" content=\"https:\/\/www.organisator.ch\/en\/general\/2020-04-21\/corona-stimmungsbarometer\/\" \/>\n<meta property=\"og:site_name\" content=\"Organisator\" \/>\n<meta property=\"article:publisher\" content=\"https:\/\/www.facebook.com\/OrganisatorFachmagazin\" \/>\n<meta property=\"article:published_time\" content=\"2020-04-21T07:15:53+00:00\" \/>\n<meta property=\"og:image\" content=\"https:\/\/www.organisator.ch\/wp-content\/uploads\/2020\/04\/Comparis-Umfrage-UP-Umwelt-Perspektiven-scaled.jpg\" \/>\n\t<meta property=\"og:image:width\" content=\"2560\" \/>\n\t<meta property=\"og:image:height\" content=\"1707\" \/>\n\t<meta property=\"og:image:type\" content=\"image\/jpeg\" \/>\n<meta name=\"author\" content=\"michael.merz\" \/>\n<meta name=\"twitter:card\" content=\"summary_large_image\" \/>\n<script type=\"application\/ld+json\" class=\"yoast-schema-graph\">{\"@context\":\"https:\\\/\\\/schema.org\",\"@graph\":[{\"@type\":\"Article\",\"@id\":\"https:\\\/\\\/www.organisator.ch\\\/en\\\/general\\\/2020-04-21\\\/corona-stimmungsbarometer\\\/#article\",\"isPartOf\":{\"@id\":\"https:\\\/\\\/www.organisator.ch\\\/en\\\/general\\\/2020-04-21\\\/corona-stimmungsbarometer\\\/\"},\"author\":{\"name\":\"michael.merz\",\"@id\":\"https:\\\/\\\/www.organisator.ch\\\/#\\\/schema\\\/person\\\/134708ca9321c57b0362cceb7948ffbd\"},\"headline\":\"Corona-Stimmungsbarometer\",\"datePublished\":\"2020-04-21T07:15:53+00:00\",\"mainEntityOfPage\":{\"@id\":\"https:\\\/\\\/www.organisator.ch\\\/en\\\/general\\\/2020-04-21\\\/corona-stimmungsbarometer\\\/\"},\"wordCount\":550,\"publisher\":{\"@id\":\"https:\\\/\\\/www.organisator.ch\\\/#organization\"},\"image\":{\"@id\":\"https:\\\/\\\/www.organisator.ch\\\/en\\\/general\\\/2020-04-21\\\/corona-stimmungsbarometer\\\/#primaryimage\"},\"thumbnailUrl\":\"https:\\\/\\\/www.organisator.ch\\\/wp-content\\\/uploads\\\/2020\\\/04\\\/Comparis-Umfrage-UP-Umwelt-Perspektiven-scaled.jpg\",\"keywords\":[\"Bev\u00f6lkerung\",\"Corona-Krise\",\"Covid-19\",\"Marktforschung\",\"Schweiz\",\"Umfrage\"],\"articleSection\":[\"Allgemein\"],\"inLanguage\":\"en-US\"},{\"@type\":\"WebPage\",\"@id\":\"https:\\\/\\\/www.organisator.ch\\\/en\\\/general\\\/2020-04-21\\\/corona-stimmungsbarometer\\\/\",\"url\":\"https:\\\/\\\/www.organisator.ch\\\/en\\\/general\\\/2020-04-21\\\/corona-stimmungsbarometer\\\/\",\"name\":\"Corona-Stimmungsbarometer - Organisator\",\"isPartOf\":{\"@id\":\"https:\\\/\\\/www.organisator.ch\\\/#website\"},\"primaryImageOfPage\":{\"@id\":\"https:\\\/\\\/www.organisator.ch\\\/en\\\/general\\\/2020-04-21\\\/corona-stimmungsbarometer\\\/#primaryimage\"},\"image\":{\"@id\":\"https:\\\/\\\/www.organisator.ch\\\/en\\\/general\\\/2020-04-21\\\/corona-stimmungsbarometer\\\/#primaryimage\"},\"thumbnailUrl\":\"https:\\\/\\\/www.organisator.ch\\\/wp-content\\\/uploads\\\/2020\\\/04\\\/Comparis-Umfrage-UP-Umwelt-Perspektiven-scaled.jpg\",\"datePublished\":\"2020-04-21T07:15:53+00:00\",\"description\":\"comparis.ch und Marketagent.com Schweiz f\u00fchlen Schweizerinnen und Schweizern in der Corona-Krise mit einer w\u00f6chentlichen repr\u00e4sentativen Befragung .\",\"breadcrumb\":{\"@id\":\"https:\\\/\\\/www.organisator.ch\\\/en\\\/general\\\/2020-04-21\\\/corona-stimmungsbarometer\\\/#breadcrumb\"},\"inLanguage\":\"en-US\",\"potentialAction\":[{\"@type\":\"ReadAction\",\"target\":[\"https:\\\/\\\/www.organisator.ch\\\/en\\\/general\\\/2020-04-21\\\/corona-stimmungsbarometer\\\/\"]}]},{\"@type\":\"ImageObject\",\"inLanguage\":\"en-US\",\"@id\":\"https:\\\/\\\/www.organisator.ch\\\/en\\\/general\\\/2020-04-21\\\/corona-stimmungsbarometer\\\/#primaryimage\",\"url\":\"https:\\\/\\\/www.organisator.ch\\\/wp-content\\\/uploads\\\/2020\\\/04\\\/Comparis-Umfrage-UP-Umwelt-Perspektiven-scaled.jpg\",\"contentUrl\":\"https:\\\/\\\/www.organisator.ch\\\/wp-content\\\/uploads\\\/2020\\\/04\\\/Comparis-Umfrage-UP-Umwelt-Perspektiven-scaled.jpg\",\"width\":2560,\"height\":1707,\"caption\":\"Schweizer Bev\u00f6lkerung erh\u00e4lt erstmals f\u00fcr ihr Verhalten die Note \u00abgen\u00fcgend\u00bb. (Bild: Unsplash)\"},{\"@type\":\"BreadcrumbList\",\"@id\":\"https:\\\/\\\/www.organisator.ch\\\/en\\\/general\\\/2020-04-21\\\/corona-stimmungsbarometer\\\/#breadcrumb\",\"itemListElement\":[{\"@type\":\"ListItem\",\"position\":1,\"name\":\"Home\",\"item\":\"https:\\\/\\\/www.organisator.ch\\\/\"},{\"@type\":\"ListItem\",\"position\":2,\"name\":\"Corona-Stimmungsbarometer\"}]},{\"@type\":\"WebSite\",\"@id\":\"https:\\\/\\\/www.organisator.ch\\\/#website\",\"url\":\"https:\\\/\\\/www.organisator.ch\\\/\",\"name\":\"Organisator\",\"description\":\"Kompetent. Praxisnah. Der ORGANISATOR bereitet in 10 Ausgaben pro Jahr die wesentlichen Themen f\u00fcr F\u00fchrungskr\u00e4fte von KMU auf.\",\"publisher\":{\"@id\":\"https:\\\/\\\/www.organisator.ch\\\/#organization\"},\"potentialAction\":[{\"@type\":\"SearchAction\",\"target\":{\"@type\":\"EntryPoint\",\"urlTemplate\":\"https:\\\/\\\/www.organisator.ch\\\/?s={search_term_string}\"},\"query-input\":{\"@type\":\"PropertyValueSpecification\",\"valueRequired\":true,\"valueName\":\"search_term_string\"}}],\"inLanguage\":\"en-US\"},{\"@type\":\"Organization\",\"@id\":\"https:\\\/\\\/www.organisator.ch\\\/#organization\",\"name\":\"Organisator\",\"url\":\"https:\\\/\\\/www.organisator.ch\\\/\",\"logo\":{\"@type\":\"ImageObject\",\"inLanguage\":\"en-US\",\"@id\":\"https:\\\/\\\/www.organisator.ch\\\/#\\\/schema\\\/logo\\\/image\\\/\",\"url\":\"https:\\\/\\\/www.organisator.ch\\\/wp-content\\\/uploads\\\/2022\\\/01\\\/Logo_Organisator_Website.png\",\"contentUrl\":\"https:\\\/\\\/www.organisator.ch\\\/wp-content\\\/uploads\\\/2022\\\/01\\\/Logo_Organisator_Website.png\",\"width\":800,\"height\":77,\"caption\":\"Organisator\"},\"image\":{\"@id\":\"https:\\\/\\\/www.organisator.ch\\\/#\\\/schema\\\/logo\\\/image\\\/\"},\"sameAs\":[\"https:\\\/\\\/www.facebook.com\\\/OrganisatorFachmagazin\",\"https:\\\/\\\/www.linkedin.com\\\/showcase\\\/organisator-das-magazin-fr-kmu\",\"https:\\\/\\\/www.xing.com\\\/news\\\/pages\\\/organisator-ch-695\",\"https:\\\/\\\/www.youtube.com\\\/channel\\\/UCGP2Sq0iWaZwT3BdIAQFYpw\"]},{\"@type\":\"Person\",\"@id\":\"https:\\\/\\\/www.organisator.ch\\\/#\\\/schema\\\/person\\\/134708ca9321c57b0362cceb7948ffbd\",\"name\":\"michael.merz\",\"image\":{\"@type\":\"ImageObject\",\"inLanguage\":\"en-US\",\"@id\":\"https:\\\/\\\/secure.gravatar.com\\\/avatar\\\/?s=96&d=mm&r=g\",\"url\":\"https:\\\/\\\/secure.gravatar.com\\\/avatar\\\/?s=96&d=mm&r=g\",\"contentUrl\":\"https:\\\/\\\/secure.gravatar.com\\\/avatar\\\/?s=96&d=mm&r=g\",\"caption\":\"michael.merz\"},\"url\":\"https:\\\/\\\/www.organisator.ch\\\/en\\\/author\\\/michael-merz\\\/\"}]}<\/script>\n<!-- \/ Yoast SEO plugin. -->","yoast_head_json":{"title":"Corona mood barometer - organizer","description":"comparis.ch and Marketagent.com Switzerland feel Swiss people in the Corona crisis with a weekly representative survey .","robots":{"index":"index","follow":"follow","max-snippet":"max-snippet:-1","max-image-preview":"max-image-preview:large","max-video-preview":"max-video-preview:-1"},"canonical":"https:\/\/www.organisator.ch\/en\/general\/2020-04-21\/corona-stimmungsbarometer\/","og_locale":"en_US","og_type":"article","og_title":"Corona-Stimmungsbarometer - Organisator","og_description":"comparis.ch und Marketagent.com Schweiz f\u00fchlen Schweizerinnen und Schweizern in der Corona-Krise mit einer w\u00f6chentlichen repr\u00e4sentativen Befragung .","og_url":"https:\/\/www.organisator.ch\/en\/general\/2020-04-21\/corona-stimmungsbarometer\/","og_site_name":"Organisator","article_publisher":"https:\/\/www.facebook.com\/OrganisatorFachmagazin","article_published_time":"2020-04-21T07:15:53+00:00","og_image":[{"width":2560,"height":1707,"url":"https:\/\/www.organisator.ch\/wp-content\/uploads\/2020\/04\/Comparis-Umfrage-UP-Umwelt-Perspektiven-scaled.jpg","type":"image\/jpeg"}],"author":"michael.merz","twitter_card":"summary_large_image","schema":{"@context":"https:\/\/schema.org","@graph":[{"@type":"Article","@id":"https:\/\/www.organisator.ch\/en\/general\/2020-04-21\/corona-stimmungsbarometer\/#article","isPartOf":{"@id":"https:\/\/www.organisator.ch\/en\/general\/2020-04-21\/corona-stimmungsbarometer\/"},"author":{"name":"michael.merz","@id":"https:\/\/www.organisator.ch\/#\/schema\/person\/134708ca9321c57b0362cceb7948ffbd"},"headline":"Corona-Stimmungsbarometer","datePublished":"2020-04-21T07:15:53+00:00","mainEntityOfPage":{"@id":"https:\/\/www.organisator.ch\/en\/general\/2020-04-21\/corona-stimmungsbarometer\/"},"wordCount":550,"publisher":{"@id":"https:\/\/www.organisator.ch\/#organization"},"image":{"@id":"https:\/\/www.organisator.ch\/en\/general\/2020-04-21\/corona-stimmungsbarometer\/#primaryimage"},"thumbnailUrl":"https:\/\/www.organisator.ch\/wp-content\/uploads\/2020\/04\/Comparis-Umfrage-UP-Umwelt-Perspektiven-scaled.jpg","keywords":["Bev\u00f6lkerung","Corona-Krise","Covid-19","Marktforschung","Schweiz","Umfrage"],"articleSection":["Allgemein"],"inLanguage":"en-US"},{"@type":"WebPage","@id":"https:\/\/www.organisator.ch\/en\/general\/2020-04-21\/corona-stimmungsbarometer\/","url":"https:\/\/www.organisator.ch\/en\/general\/2020-04-21\/corona-stimmungsbarometer\/","name":"Corona mood barometer - organizer","isPartOf":{"@id":"https:\/\/www.organisator.ch\/#website"},"primaryImageOfPage":{"@id":"https:\/\/www.organisator.ch\/en\/general\/2020-04-21\/corona-stimmungsbarometer\/#primaryimage"},"image":{"@id":"https:\/\/www.organisator.ch\/en\/general\/2020-04-21\/corona-stimmungsbarometer\/#primaryimage"},"thumbnailUrl":"https:\/\/www.organisator.ch\/wp-content\/uploads\/2020\/04\/Comparis-Umfrage-UP-Umwelt-Perspektiven-scaled.jpg","datePublished":"2020-04-21T07:15:53+00:00","description":"comparis.ch and Marketagent.com Switzerland feel Swiss people in the Corona crisis with a weekly representative survey .","breadcrumb":{"@id":"https:\/\/www.organisator.ch\/en\/general\/2020-04-21\/corona-stimmungsbarometer\/#breadcrumb"},"inLanguage":"en-US","potentialAction":[{"@type":"ReadAction","target":["https:\/\/www.organisator.ch\/en\/general\/2020-04-21\/corona-stimmungsbarometer\/"]}]},{"@type":"ImageObject","inLanguage":"en-US","@id":"https:\/\/www.organisator.ch\/en\/general\/2020-04-21\/corona-stimmungsbarometer\/#primaryimage","url":"https:\/\/www.organisator.ch\/wp-content\/uploads\/2020\/04\/Comparis-Umfrage-UP-Umwelt-Perspektiven-scaled.jpg","contentUrl":"https:\/\/www.organisator.ch\/wp-content\/uploads\/2020\/04\/Comparis-Umfrage-UP-Umwelt-Perspektiven-scaled.jpg","width":2560,"height":1707,"caption":"Schweizer Bev\u00f6lkerung erh\u00e4lt erstmals f\u00fcr ihr Verhalten die Note \u00abgen\u00fcgend\u00bb. (Bild: Unsplash)"},{"@type":"BreadcrumbList","@id":"https:\/\/www.organisator.ch\/en\/general\/2020-04-21\/corona-stimmungsbarometer\/#breadcrumb","itemListElement":[{"@type":"ListItem","position":1,"name":"Home","item":"https:\/\/www.organisator.ch\/"},{"@type":"ListItem","position":2,"name":"Corona-Stimmungsbarometer"}]},{"@type":"WebSite","@id":"https:\/\/www.organisator.ch\/#website","url":"https:\/\/www.organisator.ch\/","name":"Organizer","description":"Competent. Practical. In 10 issues per year, ORGANISATOR presents the essential topics for managers of SMEs.","publisher":{"@id":"https:\/\/www.organisator.ch\/#organization"},"potentialAction":[{"@type":"SearchAction","target":{"@type":"EntryPoint","urlTemplate":"https:\/\/www.organisator.ch\/?s={search_term_string}"},"query-input":{"@type":"PropertyValueSpecification","valueRequired":true,"valueName":"search_term_string"}}],"inLanguage":"en-US"},{"@type":"Organization","@id":"https:\/\/www.organisator.ch\/#organization","name":"Organizer","url":"https:\/\/www.organisator.ch\/","logo":{"@type":"ImageObject","inLanguage":"en-US","@id":"https:\/\/www.organisator.ch\/#\/schema\/logo\/image\/","url":"https:\/\/www.organisator.ch\/wp-content\/uploads\/2022\/01\/Logo_Organisator_Website.png","contentUrl":"https:\/\/www.organisator.ch\/wp-content\/uploads\/2022\/01\/Logo_Organisator_Website.png","width":800,"height":77,"caption":"Organisator"},"image":{"@id":"https:\/\/www.organisator.ch\/#\/schema\/logo\/image\/"},"sameAs":["https:\/\/www.facebook.com\/OrganisatorFachmagazin","https:\/\/www.linkedin.com\/showcase\/organisator-das-magazin-fr-kmu","https:\/\/www.xing.com\/news\/pages\/organisator-ch-695","https:\/\/www.youtube.com\/channel\/UCGP2Sq0iWaZwT3BdIAQFYpw"]},{"@type":"Person","@id":"https:\/\/www.organisator.ch\/#\/schema\/person\/134708ca9321c57b0362cceb7948ffbd","name":"michael.merz","image":{"@type":"ImageObject","inLanguage":"en-US","@id":"https:\/\/secure.gravatar.com\/avatar\/?s=96&d=mm&r=g","url":"https:\/\/secure.gravatar.com\/avatar\/?s=96&d=mm&r=g","contentUrl":"https:\/\/secure.gravatar.com\/avatar\/?s=96&d=mm&r=g","caption":"michael.merz"},"url":"https:\/\/www.organisator.ch\/en\/author\/michael-merz\/"}]}},"_links":{"self":[{"href":"https:\/\/www.organisator.ch\/en\/wp-json\/wp\/v2\/posts\/10168","targetHints":{"allow":["GET"]}}],"collection":[{"href":"https:\/\/www.organisator.ch\/en\/wp-json\/wp\/v2\/posts"}],"about":[{"href":"https:\/\/www.organisator.ch\/en\/wp-json\/wp\/v2\/types\/post"}],"author":[{"embeddable":true,"href":"https:\/\/www.organisator.ch\/en\/wp-json\/wp\/v2\/users\/5"}],"replies":[{"embeddable":true,"href":"https:\/\/www.organisator.ch\/en\/wp-json\/wp\/v2\/comments?post=10168"}],"version-history":[{"count":0,"href":"https:\/\/www.organisator.ch\/en\/wp-json\/wp\/v2\/posts\/10168\/revisions"}],"wp:featuredmedia":[{"embeddable":true,"href":"https:\/\/www.organisator.ch\/en\/wp-json\/wp\/v2\/media\/9697"}],"wp:attachment":[{"href":"https:\/\/www.organisator.ch\/en\/wp-json\/wp\/v2\/media?parent=10168"}],"wp:term":[{"taxonomy":"category","embeddable":true,"href":"https:\/\/www.organisator.ch\/en\/wp-json\/wp\/v2\/categories?post=10168"},{"taxonomy":"post_tag","embeddable":true,"href":"https:\/\/www.organisator.ch\/en\/wp-json\/wp\/v2\/tags?post=10168"}],"curies":[{"name":"wp","href":"https:\/\/api.w.org\/{rel}","templated":true}]}}