{"id":10170,"date":"2020-04-22T15:48:10","date_gmt":"2020-04-22T13:48:10","guid":{"rendered":"https:\/\/www.umweltperspektiven.ch\/?p=3020"},"modified":"2022-02-09T11:09:58","modified_gmt":"2022-02-09T10:09:58","slug":"umweltpreis-die-nominierten-fuer-2020-stehen-fest","status":"publish","type":"post","link":"https:\/\/www.organisator.ch\/en\/sustainability\/2020-04-22\/umweltpreis-die-nominierten-fuer-2020-stehen-fest\/","title":{"rendered":"Environmental Award: The nominees for 2020 have been determined"},"content":{"rendered":"<p>&nbsp;<\/p>\n<figure id=\"attachment_3021\" aria-describedby=\"caption-attachment-3021\" style=\"width: 680px\" class=\"wp-caption alignnone\"><img loading=\"lazy\" decoding=\"async\" class=\"size-medium wp-image-3021\" src=\"\/\/www.umweltperspektiven.ch\/wp-content\/uploads\/2020\/04\/umweltpreis-up-umweltperspektiven.jpg.png\" alt=\"\" width=\"680\" height=\"484\" srcset=\"https:\/\/www.organisator.ch\/wp-content\/uploads\/2020\/04\/umweltpreis-up-umweltperspektiven.jpg.png 719w, https:\/\/www.organisator.ch\/wp-content\/uploads\/2020\/04\/umweltpreis-up-umweltperspektiven.jpg-680x484.png 680w, https:\/\/www.organisator.ch\/wp-content\/uploads\/2020\/04\/umweltpreis-up-umweltperspektiven.jpg-18x12.png 18w, https:\/\/www.organisator.ch\/wp-content\/uploads\/2020\/04\/umweltpreis-up-umweltperspektiven.jpg-246x175.png 246w, https:\/\/www.organisator.ch\/wp-content\/uploads\/2020\/04\/umweltpreis-up-umweltperspektiven.jpg-492x350.png 492w, https:\/\/www.organisator.ch\/wp-content\/uploads\/2020\/04\/umweltpreis-up-umweltperspektiven.jpg-300x214.png 300w\" sizes=\"auto, (max-width: 680px) 100vw, 680px\" \/><figcaption id=\"caption-attachment-3021\" class=\"wp-caption-text\">Nominees for the Business Environment Award include young companies as well as leading Swiss firms such as Calida. (Image: Calida)<\/figcaption><\/figure>\n<p class=\"bodytext\">This year, a number of innovative companies were again nominated for the Business Environment Award. This award recognizes companies that rely on innovative products, technology, services or business models and use them to protect the environment.<\/p>\n<p class=\"bodytext\">The nominees include, for example, the French-speaking Swiss company\u00a0<a href=\"\/\/www.kitro.ch\/?lang=de\" target=\"_blank\" rel=\"noopener\">Kitro<\/a>which aims to help the catering industry manage food waste. It offers an automated solution for this purpose. Furthermore, the clothing manufacturer\u00a0<a href=\"\/\/www.calida.com\/\" target=\"_blank\" rel=\"noopener\">Calida<\/a>\u00a0from Oberkirch LU, was nominated for a completely compostable collection made with fabric made from 100 percent cellulose. The ski boot manufacturer\u00a0<a href=\"\/\/www.heierling.ch\/\" target=\"_blank\" rel=\"noopener\">Heierling<\/a>\u00a0from Davos develops the first ski boot capable of circulation. Also the\u00a0<a href=\"\/\/agroenergie-schwyz.ch\/\" target=\"_blank\" rel=\"noopener\">AGRO Energy Schwyz AG<\/a>\u00a0was nominated. It was able to convince with a district heating project with a large-scale heat storage.<\/p>\n<p class=\"bodytext\">The three finalists are to be announced on July 2. The winner of the environmental award will be chosen on September 17. The prize is sponsored in partnership by the\u00a0<a href=\"\/\/umwelt-stiftung.ch\/\" target=\"_blank\" rel=\"noopener\">Swiss Environmental Foundation<\/a>\u00a0as well as the association\u00a0<a href=\"\/\/www.go-for-impact.ch\/\" target=\"_blank\" rel=\"noopener\">Go for impact<\/a>. The jury president is former Federal Councillor Doris Leuthard.<\/p>\n<p class=\"bodytext\">\"Switzerland needs the Business Environment Prize because it provides incentives to strive for economic success in ecological terms,\" Leuthard is quoted as saying in the statement. As the world champion in innovation, Switzerland has the best prerequisites to take on a pioneering role in the area of sustainable business.<\/p>\n<p><em>The complete list of nominated companies is available on the Internet at\u00a0<a href=\"\/\/umweltpreis.ch\/\" target=\"_blank\" rel=\"noopener\">evident<\/a>.<\/em><\/p>","protected":false},"excerpt":{"rendered":"<p>&nbsp; In diesem Jahr wurde erneut eine Reihe innovativer Unternehmen f\u00fcr den Umweltpreis der Wirtschaft nominiert. Mit diesem werden Firmen ausgezeichnet, die auf innovative\u00a0Produkte, Technologie, Dienstleistungen oder Gesch\u00e4ftsmodelle\u00a0setzen und mit diesen die Umwelt sch\u00fctzen. Zu den Nominierten geh\u00f6rt beispielsweise das Westschweizer Unternehmen\u00a0Kitro, das der\u00a0Gastronomie bei der Bewirtschaftung von Lebensmittelabf\u00e4llen helfen will. Daf\u00fcr bietet es eine [&hellip;]<\/p>\n","protected":false},"author":5,"featured_media":3021,"comment_status":"closed","ping_status":"closed","sticky":false,"template":"","format":"standard","meta":{"_acf_changed":false,"_yoast_wpseo_focuskw":"Umweltpreis","_yoast_wpseo_metadesc":"Im September 2020 wird erneut der Umweltpreis der Wirtschaft in Langenthal\/ BE verliehen. Die nominierten Firmen stehen bereits fest.","articlekey":"","footnotes":""},"categories":[580],"tags":[991,1304,1839,2090,2372,2576],"class_list":["post-10170","post","type-post","status-publish","format-standard","has-post-thumbnail","hentry","category-sustainability","tag-doris-leuthard","tag-go-for-impact","tag-nominierte","tag-schweizerische-umweltstiftung","tag-umweltpreis","tag-wirtschaft"],"acf":[],"yoast_head":"<!-- This site is optimized with the Yoast SEO plugin v27.5 - https:\/\/yoast.com\/product\/yoast-seo-wordpress\/ -->\n<title>Umweltpreis: Die Nominierten f\u00fcr 2020 stehen fest - Organisator<\/title>\n<meta name=\"description\" content=\"Im September 2020 wird erneut der Umweltpreis der Wirtschaft in Langenthal\/ BE verliehen. Die nominierten Firmen stehen bereits fest.\" \/>\n<meta name=\"robots\" content=\"index, follow, max-snippet:-1, max-image-preview:large, max-video-preview:-1\" \/>\n<link rel=\"canonical\" href=\"https:\/\/www.organisator.ch\/en\/sustainability\/2020-04-22\/umweltpreis-die-nominierten-fuer-2020-stehen-fest\/\" \/>\n<meta property=\"og:locale\" content=\"en_US\" \/>\n<meta property=\"og:type\" content=\"article\" \/>\n<meta property=\"og:title\" content=\"Umweltpreis: Die Nominierten f\u00fcr 2020 stehen fest - Organisator\" \/>\n<meta property=\"og:description\" content=\"Im September 2020 wird erneut der Umweltpreis der Wirtschaft in Langenthal\/ BE verliehen. Die nominierten Firmen stehen bereits fest.\" \/>\n<meta property=\"og:url\" content=\"https:\/\/www.organisator.ch\/en\/sustainability\/2020-04-22\/umweltpreis-die-nominierten-fuer-2020-stehen-fest\/\" \/>\n<meta property=\"og:site_name\" content=\"Organisator\" \/>\n<meta property=\"article:publisher\" content=\"https:\/\/www.facebook.com\/OrganisatorFachmagazin\" \/>\n<meta property=\"article:published_time\" content=\"2020-04-22T13:48:10+00:00\" \/>\n<meta property=\"article:modified_time\" content=\"2022-02-09T10:09:58+00:00\" \/>\n<meta property=\"og:image\" content=\"https:\/\/www.organisator.ch\/wp-content\/uploads\/2020\/04\/umweltpreis-up-umweltperspektiven.jpg.png\" \/>\n\t<meta property=\"og:image:width\" content=\"719\" \/>\n\t<meta property=\"og:image:height\" content=\"512\" \/>\n\t<meta property=\"og:image:type\" content=\"image\/png\" \/>\n<meta name=\"author\" content=\"michael.merz\" \/>\n<meta name=\"twitter:card\" content=\"summary_large_image\" \/>\n<script type=\"application\/ld+json\" class=\"yoast-schema-graph\">{\"@context\":\"https:\\\/\\\/schema.org\",\"@graph\":[{\"@type\":\"Article\",\"@id\":\"https:\\\/\\\/www.organisator.ch\\\/sustainability\\\/2020-04-22\\\/umweltpreis-die-nominierten-fuer-2020-stehen-fest\\\/#article\",\"isPartOf\":{\"@id\":\"https:\\\/\\\/www.organisator.ch\\\/sustainability\\\/2020-04-22\\\/umweltpreis-die-nominierten-fuer-2020-stehen-fest\\\/\"},\"author\":{\"name\":\"michael.merz\",\"@id\":\"https:\\\/\\\/www.organisator.ch\\\/#\\\/schema\\\/person\\\/134708ca9321c57b0362cceb7948ffbd\"},\"headline\":\"Umweltpreis: Die Nominierten f\u00fcr 2020 stehen fest\",\"datePublished\":\"2020-04-22T13:48:10+00:00\",\"dateModified\":\"2022-02-09T10:09:58+00:00\",\"mainEntityOfPage\":{\"@id\":\"https:\\\/\\\/www.organisator.ch\\\/sustainability\\\/2020-04-22\\\/umweltpreis-die-nominierten-fuer-2020-stehen-fest\\\/\"},\"wordCount\":243,\"publisher\":{\"@id\":\"https:\\\/\\\/www.organisator.ch\\\/#organization\"},\"image\":{\"@id\":\"https:\\\/\\\/www.organisator.ch\\\/sustainability\\\/2020-04-22\\\/umweltpreis-die-nominierten-fuer-2020-stehen-fest\\\/#primaryimage\"},\"thumbnailUrl\":\"https:\\\/\\\/www.organisator.ch\\\/wp-content\\\/uploads\\\/2020\\\/04\\\/umweltpreis-up-umweltperspektiven.jpg.png\",\"keywords\":[\"Doris Leuthard\",\"Go for impact\",\"Nominierte\",\"Schweizerische Umweltstiftung\",\"Umweltpreis\",\"Wirtschaft\"],\"articleSection\":[\"SUSTAINABILITY\"],\"inLanguage\":\"en-US\"},{\"@type\":\"WebPage\",\"@id\":\"https:\\\/\\\/www.organisator.ch\\\/sustainability\\\/2020-04-22\\\/umweltpreis-die-nominierten-fuer-2020-stehen-fest\\\/\",\"url\":\"https:\\\/\\\/www.organisator.ch\\\/sustainability\\\/2020-04-22\\\/umweltpreis-die-nominierten-fuer-2020-stehen-fest\\\/\",\"name\":\"Umweltpreis: Die Nominierten f\u00fcr 2020 stehen fest - Organisator\",\"isPartOf\":{\"@id\":\"https:\\\/\\\/www.organisator.ch\\\/#website\"},\"primaryImageOfPage\":{\"@id\":\"https:\\\/\\\/www.organisator.ch\\\/sustainability\\\/2020-04-22\\\/umweltpreis-die-nominierten-fuer-2020-stehen-fest\\\/#primaryimage\"},\"image\":{\"@id\":\"https:\\\/\\\/www.organisator.ch\\\/sustainability\\\/2020-04-22\\\/umweltpreis-die-nominierten-fuer-2020-stehen-fest\\\/#primaryimage\"},\"thumbnailUrl\":\"https:\\\/\\\/www.organisator.ch\\\/wp-content\\\/uploads\\\/2020\\\/04\\\/umweltpreis-up-umweltperspektiven.jpg.png\",\"datePublished\":\"2020-04-22T13:48:10+00:00\",\"dateModified\":\"2022-02-09T10:09:58+00:00\",\"description\":\"Im September 2020 wird erneut der Umweltpreis der Wirtschaft in Langenthal\\\/ BE verliehen. Die nominierten Firmen stehen bereits fest.\",\"breadcrumb\":{\"@id\":\"https:\\\/\\\/www.organisator.ch\\\/sustainability\\\/2020-04-22\\\/umweltpreis-die-nominierten-fuer-2020-stehen-fest\\\/#breadcrumb\"},\"inLanguage\":\"en-US\",\"potentialAction\":[{\"@type\":\"ReadAction\",\"target\":[\"https:\\\/\\\/www.organisator.ch\\\/sustainability\\\/2020-04-22\\\/umweltpreis-die-nominierten-fuer-2020-stehen-fest\\\/\"]}]},{\"@type\":\"ImageObject\",\"inLanguage\":\"en-US\",\"@id\":\"https:\\\/\\\/www.organisator.ch\\\/sustainability\\\/2020-04-22\\\/umweltpreis-die-nominierten-fuer-2020-stehen-fest\\\/#primaryimage\",\"url\":\"https:\\\/\\\/www.organisator.ch\\\/wp-content\\\/uploads\\\/2020\\\/04\\\/umweltpreis-up-umweltperspektiven.jpg.png\",\"contentUrl\":\"https:\\\/\\\/www.organisator.ch\\\/wp-content\\\/uploads\\\/2020\\\/04\\\/umweltpreis-up-umweltperspektiven.jpg.png\",\"width\":719,\"height\":512,\"caption\":\"Zu den Nominierten des Umweltpreis 2020 geh\u00f6ren Jungunternehmer sowie f\u00fchrende Schweizer Firmen wie CALIDA. (Bild: CALIDA)\"},{\"@type\":\"BreadcrumbList\",\"@id\":\"https:\\\/\\\/www.organisator.ch\\\/sustainability\\\/2020-04-22\\\/umweltpreis-die-nominierten-fuer-2020-stehen-fest\\\/#breadcrumb\",\"itemListElement\":[{\"@type\":\"ListItem\",\"position\":1,\"name\":\"Home\",\"item\":\"https:\\\/\\\/www.organisator.ch\\\/\"},{\"@type\":\"ListItem\",\"position\":2,\"name\":\"Umweltpreis: Die Nominierten f\u00fcr 2020 stehen fest\"}]},{\"@type\":\"WebSite\",\"@id\":\"https:\\\/\\\/www.organisator.ch\\\/#website\",\"url\":\"https:\\\/\\\/www.organisator.ch\\\/\",\"name\":\"Organisator\",\"description\":\"Kompetent. Praxisnah. Der ORGANISATOR bereitet in 10 Ausgaben pro Jahr die wesentlichen Themen f\u00fcr F\u00fchrungskr\u00e4fte von KMU auf.\",\"publisher\":{\"@id\":\"https:\\\/\\\/www.organisator.ch\\\/#organization\"},\"potentialAction\":[{\"@type\":\"SearchAction\",\"target\":{\"@type\":\"EntryPoint\",\"urlTemplate\":\"https:\\\/\\\/www.organisator.ch\\\/?s={search_term_string}\"},\"query-input\":{\"@type\":\"PropertyValueSpecification\",\"valueRequired\":true,\"valueName\":\"search_term_string\"}}],\"inLanguage\":\"en-US\"},{\"@type\":\"Organization\",\"@id\":\"https:\\\/\\\/www.organisator.ch\\\/#organization\",\"name\":\"Organisator\",\"url\":\"https:\\\/\\\/www.organisator.ch\\\/\",\"logo\":{\"@type\":\"ImageObject\",\"inLanguage\":\"en-US\",\"@id\":\"https:\\\/\\\/www.organisator.ch\\\/#\\\/schema\\\/logo\\\/image\\\/\",\"url\":\"https:\\\/\\\/www.organisator.ch\\\/wp-content\\\/uploads\\\/2022\\\/01\\\/Logo_Organisator_Website.png\",\"contentUrl\":\"https:\\\/\\\/www.organisator.ch\\\/wp-content\\\/uploads\\\/2022\\\/01\\\/Logo_Organisator_Website.png\",\"width\":800,\"height\":77,\"caption\":\"Organisator\"},\"image\":{\"@id\":\"https:\\\/\\\/www.organisator.ch\\\/#\\\/schema\\\/logo\\\/image\\\/\"},\"sameAs\":[\"https:\\\/\\\/www.facebook.com\\\/OrganisatorFachmagazin\",\"https:\\\/\\\/www.linkedin.com\\\/showcase\\\/organisator-das-magazin-fr-kmu\",\"https:\\\/\\\/www.xing.com\\\/news\\\/pages\\\/organisator-ch-695\",\"https:\\\/\\\/www.youtube.com\\\/channel\\\/UCGP2Sq0iWaZwT3BdIAQFYpw\"]},{\"@type\":\"Person\",\"@id\":\"https:\\\/\\\/www.organisator.ch\\\/#\\\/schema\\\/person\\\/134708ca9321c57b0362cceb7948ffbd\",\"name\":\"michael.merz\",\"image\":{\"@type\":\"ImageObject\",\"inLanguage\":\"en-US\",\"@id\":\"https:\\\/\\\/secure.gravatar.com\\\/avatar\\\/?s=96&d=mm&r=g\",\"url\":\"https:\\\/\\\/secure.gravatar.com\\\/avatar\\\/?s=96&d=mm&r=g\",\"contentUrl\":\"https:\\\/\\\/secure.gravatar.com\\\/avatar\\\/?s=96&d=mm&r=g\",\"caption\":\"michael.merz\"},\"url\":\"https:\\\/\\\/www.organisator.ch\\\/en\\\/author\\\/michael-merz\\\/\"}]}<\/script>\n<!-- \/ Yoast SEO plugin. -->","yoast_head_json":{"title":"Environmental Award: The nominees for 2020 have been determined - Organizer","description":"In September 2020, the Business Environment Award will once again be presented in Langenthal\/ BE. The nominated companies have already been determined.","robots":{"index":"index","follow":"follow","max-snippet":"max-snippet:-1","max-image-preview":"max-image-preview:large","max-video-preview":"max-video-preview:-1"},"canonical":"https:\/\/www.organisator.ch\/en\/sustainability\/2020-04-22\/umweltpreis-die-nominierten-fuer-2020-stehen-fest\/","og_locale":"en_US","og_type":"article","og_title":"Umweltpreis: Die Nominierten f\u00fcr 2020 stehen fest - Organisator","og_description":"Im September 2020 wird erneut der Umweltpreis der Wirtschaft in Langenthal\/ BE verliehen. Die nominierten Firmen stehen bereits fest.","og_url":"https:\/\/www.organisator.ch\/en\/sustainability\/2020-04-22\/umweltpreis-die-nominierten-fuer-2020-stehen-fest\/","og_site_name":"Organisator","article_publisher":"https:\/\/www.facebook.com\/OrganisatorFachmagazin","article_published_time":"2020-04-22T13:48:10+00:00","article_modified_time":"2022-02-09T10:09:58+00:00","og_image":[{"width":719,"height":512,"url":"https:\/\/www.organisator.ch\/wp-content\/uploads\/2020\/04\/umweltpreis-up-umweltperspektiven.jpg.png","type":"image\/png"}],"author":"michael.merz","twitter_card":"summary_large_image","schema":{"@context":"https:\/\/schema.org","@graph":[{"@type":"Article","@id":"https:\/\/www.organisator.ch\/sustainability\/2020-04-22\/umweltpreis-die-nominierten-fuer-2020-stehen-fest\/#article","isPartOf":{"@id":"https:\/\/www.organisator.ch\/sustainability\/2020-04-22\/umweltpreis-die-nominierten-fuer-2020-stehen-fest\/"},"author":{"name":"michael.merz","@id":"https:\/\/www.organisator.ch\/#\/schema\/person\/134708ca9321c57b0362cceb7948ffbd"},"headline":"Umweltpreis: Die Nominierten f\u00fcr 2020 stehen fest","datePublished":"2020-04-22T13:48:10+00:00","dateModified":"2022-02-09T10:09:58+00:00","mainEntityOfPage":{"@id":"https:\/\/www.organisator.ch\/sustainability\/2020-04-22\/umweltpreis-die-nominierten-fuer-2020-stehen-fest\/"},"wordCount":243,"publisher":{"@id":"https:\/\/www.organisator.ch\/#organization"},"image":{"@id":"https:\/\/www.organisator.ch\/sustainability\/2020-04-22\/umweltpreis-die-nominierten-fuer-2020-stehen-fest\/#primaryimage"},"thumbnailUrl":"https:\/\/www.organisator.ch\/wp-content\/uploads\/2020\/04\/umweltpreis-up-umweltperspektiven.jpg.png","keywords":["Doris Leuthard","Go for impact","Nominierte","Schweizerische Umweltstiftung","Umweltpreis","Wirtschaft"],"articleSection":["SUSTAINABILITY"],"inLanguage":"en-US"},{"@type":"WebPage","@id":"https:\/\/www.organisator.ch\/sustainability\/2020-04-22\/umweltpreis-die-nominierten-fuer-2020-stehen-fest\/","url":"https:\/\/www.organisator.ch\/sustainability\/2020-04-22\/umweltpreis-die-nominierten-fuer-2020-stehen-fest\/","name":"Environmental Award: The nominees for 2020 have been determined - Organizer","isPartOf":{"@id":"https:\/\/www.organisator.ch\/#website"},"primaryImageOfPage":{"@id":"https:\/\/www.organisator.ch\/sustainability\/2020-04-22\/umweltpreis-die-nominierten-fuer-2020-stehen-fest\/#primaryimage"},"image":{"@id":"https:\/\/www.organisator.ch\/sustainability\/2020-04-22\/umweltpreis-die-nominierten-fuer-2020-stehen-fest\/#primaryimage"},"thumbnailUrl":"https:\/\/www.organisator.ch\/wp-content\/uploads\/2020\/04\/umweltpreis-up-umweltperspektiven.jpg.png","datePublished":"2020-04-22T13:48:10+00:00","dateModified":"2022-02-09T10:09:58+00:00","description":"In September 2020, the Business Environment Award will once again be presented in Langenthal\/ BE. The nominated companies have already been determined.","breadcrumb":{"@id":"https:\/\/www.organisator.ch\/sustainability\/2020-04-22\/umweltpreis-die-nominierten-fuer-2020-stehen-fest\/#breadcrumb"},"inLanguage":"en-US","potentialAction":[{"@type":"ReadAction","target":["https:\/\/www.organisator.ch\/sustainability\/2020-04-22\/umweltpreis-die-nominierten-fuer-2020-stehen-fest\/"]}]},{"@type":"ImageObject","inLanguage":"en-US","@id":"https:\/\/www.organisator.ch\/sustainability\/2020-04-22\/umweltpreis-die-nominierten-fuer-2020-stehen-fest\/#primaryimage","url":"https:\/\/www.organisator.ch\/wp-content\/uploads\/2020\/04\/umweltpreis-up-umweltperspektiven.jpg.png","contentUrl":"https:\/\/www.organisator.ch\/wp-content\/uploads\/2020\/04\/umweltpreis-up-umweltperspektiven.jpg.png","width":719,"height":512,"caption":"Zu den Nominierten des Umweltpreis 2020 geh\u00f6ren Jungunternehmer sowie f\u00fchrende Schweizer Firmen wie CALIDA. (Bild: CALIDA)"},{"@type":"BreadcrumbList","@id":"https:\/\/www.organisator.ch\/sustainability\/2020-04-22\/umweltpreis-die-nominierten-fuer-2020-stehen-fest\/#breadcrumb","itemListElement":[{"@type":"ListItem","position":1,"name":"Home","item":"https:\/\/www.organisator.ch\/"},{"@type":"ListItem","position":2,"name":"Umweltpreis: Die Nominierten f\u00fcr 2020 stehen fest"}]},{"@type":"WebSite","@id":"https:\/\/www.organisator.ch\/#website","url":"https:\/\/www.organisator.ch\/","name":"Organizer","description":"Competent. Practical. In 10 issues per year, ORGANISATOR presents the essential topics for managers of SMEs.","publisher":{"@id":"https:\/\/www.organisator.ch\/#organization"},"potentialAction":[{"@type":"SearchAction","target":{"@type":"EntryPoint","urlTemplate":"https:\/\/www.organisator.ch\/?s={search_term_string}"},"query-input":{"@type":"PropertyValueSpecification","valueRequired":true,"valueName":"search_term_string"}}],"inLanguage":"en-US"},{"@type":"Organization","@id":"https:\/\/www.organisator.ch\/#organization","name":"Organizer","url":"https:\/\/www.organisator.ch\/","logo":{"@type":"ImageObject","inLanguage":"en-US","@id":"https:\/\/www.organisator.ch\/#\/schema\/logo\/image\/","url":"https:\/\/www.organisator.ch\/wp-content\/uploads\/2022\/01\/Logo_Organisator_Website.png","contentUrl":"https:\/\/www.organisator.ch\/wp-content\/uploads\/2022\/01\/Logo_Organisator_Website.png","width":800,"height":77,"caption":"Organisator"},"image":{"@id":"https:\/\/www.organisator.ch\/#\/schema\/logo\/image\/"},"sameAs":["https:\/\/www.facebook.com\/OrganisatorFachmagazin","https:\/\/www.linkedin.com\/showcase\/organisator-das-magazin-fr-kmu","https:\/\/www.xing.com\/news\/pages\/organisator-ch-695","https:\/\/www.youtube.com\/channel\/UCGP2Sq0iWaZwT3BdIAQFYpw"]},{"@type":"Person","@id":"https:\/\/www.organisator.ch\/#\/schema\/person\/134708ca9321c57b0362cceb7948ffbd","name":"michael.merz","image":{"@type":"ImageObject","inLanguage":"en-US","@id":"https:\/\/secure.gravatar.com\/avatar\/?s=96&d=mm&r=g","url":"https:\/\/secure.gravatar.com\/avatar\/?s=96&d=mm&r=g","contentUrl":"https:\/\/secure.gravatar.com\/avatar\/?s=96&d=mm&r=g","caption":"michael.merz"},"url":"https:\/\/www.organisator.ch\/en\/author\/michael-merz\/"}]}},"_links":{"self":[{"href":"https:\/\/www.organisator.ch\/en\/wp-json\/wp\/v2\/posts\/10170","targetHints":{"allow":["GET"]}}],"collection":[{"href":"https:\/\/www.organisator.ch\/en\/wp-json\/wp\/v2\/posts"}],"about":[{"href":"https:\/\/www.organisator.ch\/en\/wp-json\/wp\/v2\/types\/post"}],"author":[{"embeddable":true,"href":"https:\/\/www.organisator.ch\/en\/wp-json\/wp\/v2\/users\/5"}],"replies":[{"embeddable":true,"href":"https:\/\/www.organisator.ch\/en\/wp-json\/wp\/v2\/comments?post=10170"}],"version-history":[{"count":1,"href":"https:\/\/www.organisator.ch\/en\/wp-json\/wp\/v2\/posts\/10170\/revisions"}],"predecessor-version":[{"id":10839,"href":"https:\/\/www.organisator.ch\/en\/wp-json\/wp\/v2\/posts\/10170\/revisions\/10839"}],"wp:featuredmedia":[{"embeddable":true,"href":"https:\/\/www.organisator.ch\/en\/wp-json\/wp\/v2\/media\/3021"}],"wp:attachment":[{"href":"https:\/\/www.organisator.ch\/en\/wp-json\/wp\/v2\/media?parent=10170"}],"wp:term":[{"taxonomy":"category","embeddable":true,"href":"https:\/\/www.organisator.ch\/en\/wp-json\/wp\/v2\/categories?post=10170"},{"taxonomy":"post_tag","embeddable":true,"href":"https:\/\/www.organisator.ch\/en\/wp-json\/wp\/v2\/tags?post=10170"}],"curies":[{"name":"wp","href":"https:\/\/api.w.org\/{rel}","templated":true}]}}