{"id":10181,"date":"2020-06-08T14:51:06","date_gmt":"2020-06-08T12:51:06","guid":{"rendered":"https:\/\/www.umweltperspektiven.ch\/?p=3099"},"modified":"2022-02-09T11:09:57","modified_gmt":"2022-02-09T10:09:57","slug":"massnahmenpakete-umweltexperten-fordern-nachhaltigen-wiederaufbau","status":"publish","type":"post","link":"https:\/\/www.organisator.ch\/en\/sustainability\/2020-06-08\/massnahmenpakete-umweltexperten-fordern-nachhaltigen-wiederaufbau\/","title":{"rendered":"Package of measures: Environmental experts call for sustainable reconstruction"},"content":{"rendered":"<figure id=\"attachment_3100\" aria-describedby=\"caption-attachment-3100\" style=\"width: 680px\" class=\"wp-caption alignnone\"><img loading=\"lazy\" decoding=\"async\" class=\"size-medium wp-image-3100\" src=\"\/\/www.umweltperspektiven.ch\/wp-content\/uploads\/2020\/06\/Geldsch\u00f6pung-Schweiz-Corona-Krise-UP_Umwelt_Perpekiven.jpg\" alt=\"\" width=\"680\" height=\"453\" \/><figcaption id=\"caption-attachment-3100\" class=\"wp-caption-text\">Environmental organizations like Greenpeace Switzerland are convinced that the right economic incentives not only protect the climate, but also create jobs. (Image: Unsplash)<\/figcaption><\/figure>\n<p class=\"bodytext\">A\u00a0<a href=\"\/\/www.greenpeace.ch\/de\/publikation\/45745\/covid-19-klimakrise-impulsprogramm-2020-2030\/\" target=\"_blank\" rel=\"noopener\">Expertise<\/a>\u00a0on behalf of\u00a0<a href=\"\/\/www.energie-wende-ja.ch\/\" target=\"_blank\" rel=\"noopener\">Energy-turnaround-yes<\/a>\u00a0and\u00a0<a href=\"\/\/www.greenpeace.ch\/de\/\" target=\"_blank\" rel=\"noopener\">Greenpeace Switzerland<\/a>\u00a0is intended to show how a climate-friendly package of measures can have a positive impact on rebuilding the economy after the Corona crisis. It recommends a targeted stimulus program 2020\/2030 of 16 billion francs and demand support of 15 billion francs.<\/p>\n<p><strong>True Cost\u00a0<\/strong><\/p>\n<p class=\"bodytext\">In this context, \"true costs as a central market principle\" should be a guiding principle in rebuilding the economy. \"With consistent enforcement of true costs, the need for regulation would diminish and the impact of the program would be significantly enhanced,\" states a\u00a0<a href=\"\/\/www.energie-wende-ja.ch\/\" target=\"_blank\" rel=\"noopener\">Media release<\/a>\u00a0of both organizations.<\/p>\n<p class=\"bodytext\">70,000 jobs could be created and Switzerland could be brought back on track with the Paris climate agreement.<\/p>\n<p class=\"bodytext\">The authors propose measures such as mobility pricing, an increase in the CO2 levy to 150 Swiss francs per ton, a greenhouse gas levy for agriculture and an airline ticket levy. In terms of social compatibility, at least half of the revenue from this should be distributed back to the population and the economy.<\/p>\n<p class=\"bodytext\">For the additional financial requirement, estimated at 100 billion Swiss francs, the report proposes the creation of a crisis and structural fund. The non-repayable funds for this should come from \"cooperative money creation\" by the federal government and the Swiss National Bank (<a href=\"\/\/www.energie-wende-ja.ch\/\" target=\"_blank\" rel=\"noopener\">SNB<\/a>) are to be made available. They should directly benefit the public instead of further inflating the private financial system. This would create confidence and stability.<\/p>\n<p><strong>The right savings regime\u00a0<\/strong><\/p>\n<p class=\"bodytext\">\"Compared to a further flooding of the private financial system, the creation of money directly through the channels of the public sector turns out to be a rather inflation-dampening measure,\" says the head of climate at Greenpeace Switzerland, Georg Klingler. A rigid or \"economically and socially damaging austerity regime of the public sector\" would be counterproductive after the crisis.<\/p>\n<p class=\"bodytext\">\n<p class=\"bodytext\">","protected":false},"excerpt":{"rendered":"<p>Eine\u00a0Expertise\u00a0im Auftrag von\u00a0Energie-wende-ja\u00a0und\u00a0Greenpeace Schweiz\u00a0soll zeigen, wie ein klimafreundliche Massnahmenpakete f\u00fcr den Wiederaufbau der Wirtschaft nach der Corona-Krise positiv ausfallen kann. Sie empfiehlt ein gezieltes Impulsprogramm 2020\/2030 in H\u00f6he von 16 Milliarden Franken und eine Nachfragest\u00fctzung von 15 Milliarden Franken. Kostenwahrheit\u00a0 Dabei soll die \u201eKostenwahrheit als zentrales marktwirtschaftliches Prinzip\u201c eine Leitlinie beim Wiederaufbau der Wirtschaft sein. [&hellip;]<\/p>\n","protected":false},"author":5,"featured_media":9707,"comment_status":"closed","ping_status":"closed","sticky":false,"template":"","format":"standard","meta":{"_acf_changed":false,"_yoast_wpseo_focuskw":"Massnahmenpakete","_yoast_wpseo_metadesc":"Greenpeace Schweiz und Energie-wende-ja schlagen zwei Massnahmenpakete f\u00fcr den Wiederaufbau nach dem Corona-Lockdown vor.","articlekey":"","footnotes":""},"categories":[580],"tags":[131,1260,1440,1856,424],"class_list":["post-10181","post","type-post","status-publish","format-standard","has-post-thumbnail","hentry","category-sustainability","tag-corona-krise","tag-geldschoepfung","tag-investieren","tag-oeffentliche-hand","tag-schweiz"],"acf":[],"yoast_head":"<!-- This site is optimized with the Yoast SEO plugin v27.4 - https:\/\/yoast.com\/product\/yoast-seo-wordpress\/ -->\n<title>Massnahmenpakete: Umweltexperten fordern nachhaltigen Wiederaufbau - Organisator<\/title>\n<meta name=\"description\" content=\"Greenpeace Schweiz und Energie-wende-ja schlagen zwei Massnahmenpakete f\u00fcr den Wiederaufbau nach dem Corona-Lockdown vor.\" \/>\n<meta name=\"robots\" content=\"index, follow, max-snippet:-1, max-image-preview:large, max-video-preview:-1\" \/>\n<link rel=\"canonical\" href=\"https:\/\/www.organisator.ch\/en\/sustainability\/2020-06-08\/massnahmenpakete-umweltexperten-fordern-nachhaltigen-wiederaufbau\/\" \/>\n<meta property=\"og:locale\" content=\"en_US\" \/>\n<meta property=\"og:type\" content=\"article\" \/>\n<meta property=\"og:title\" content=\"Massnahmenpakete: Umweltexperten fordern nachhaltigen Wiederaufbau - Organisator\" \/>\n<meta property=\"og:description\" content=\"Greenpeace Schweiz und Energie-wende-ja schlagen zwei Massnahmenpakete f\u00fcr den Wiederaufbau nach dem Corona-Lockdown vor.\" \/>\n<meta property=\"og:url\" content=\"https:\/\/www.organisator.ch\/en\/sustainability\/2020-06-08\/massnahmenpakete-umweltexperten-fordern-nachhaltigen-wiederaufbau\/\" \/>\n<meta property=\"og:site_name\" content=\"Organisator\" \/>\n<meta property=\"article:publisher\" content=\"https:\/\/www.facebook.com\/OrganisatorFachmagazin\" \/>\n<meta property=\"article:published_time\" content=\"2020-06-08T12:51:06+00:00\" \/>\n<meta property=\"article:modified_time\" content=\"2022-02-09T10:09:57+00:00\" \/>\n<meta property=\"og:image\" content=\"https:\/\/www.organisator.ch\/wp-content\/uploads\/2020\/06\/Geldschoepung-Schweiz-Corona-Krise-UP_Umwelt_Perpekiven.jpg\" \/>\n\t<meta property=\"og:image:width\" content=\"1500\" \/>\n\t<meta property=\"og:image:height\" content=\"1000\" \/>\n\t<meta property=\"og:image:type\" content=\"image\/jpeg\" \/>\n<meta name=\"author\" content=\"michael.merz\" \/>\n<meta name=\"twitter:card\" content=\"summary_large_image\" \/>\n<script type=\"application\/ld+json\" class=\"yoast-schema-graph\">{\"@context\":\"https:\\\/\\\/schema.org\",\"@graph\":[{\"@type\":\"Article\",\"@id\":\"https:\\\/\\\/www.organisator.ch\\\/sustainability\\\/2020-06-08\\\/massnahmenpakete-umweltexperten-fordern-nachhaltigen-wiederaufbau\\\/#article\",\"isPartOf\":{\"@id\":\"https:\\\/\\\/www.organisator.ch\\\/sustainability\\\/2020-06-08\\\/massnahmenpakete-umweltexperten-fordern-nachhaltigen-wiederaufbau\\\/\"},\"author\":{\"name\":\"michael.merz\",\"@id\":\"https:\\\/\\\/www.organisator.ch\\\/#\\\/schema\\\/person\\\/134708ca9321c57b0362cceb7948ffbd\"},\"headline\":\"Massnahmenpakete: Umweltexperten fordern nachhaltigen Wiederaufbau\",\"datePublished\":\"2020-06-08T12:51:06+00:00\",\"dateModified\":\"2022-02-09T10:09:57+00:00\",\"mainEntityOfPage\":{\"@id\":\"https:\\\/\\\/www.organisator.ch\\\/sustainability\\\/2020-06-08\\\/massnahmenpakete-umweltexperten-fordern-nachhaltigen-wiederaufbau\\\/\"},\"wordCount\":313,\"publisher\":{\"@id\":\"https:\\\/\\\/www.organisator.ch\\\/#organization\"},\"image\":{\"@id\":\"https:\\\/\\\/www.organisator.ch\\\/sustainability\\\/2020-06-08\\\/massnahmenpakete-umweltexperten-fordern-nachhaltigen-wiederaufbau\\\/#primaryimage\"},\"thumbnailUrl\":\"https:\\\/\\\/www.organisator.ch\\\/wp-content\\\/uploads\\\/2020\\\/06\\\/Geldschoepung-Schweiz-Corona-Krise-UP_Umwelt_Perpekiven.jpg\",\"keywords\":[\"Corona-Krise\",\"Geldsch\u00f6pfung\",\"Investieren\",\"\u00d6ffentliche Hand\",\"Schweiz\"],\"articleSection\":[\"SUSTAINABILITY\"],\"inLanguage\":\"en-US\"},{\"@type\":\"WebPage\",\"@id\":\"https:\\\/\\\/www.organisator.ch\\\/sustainability\\\/2020-06-08\\\/massnahmenpakete-umweltexperten-fordern-nachhaltigen-wiederaufbau\\\/\",\"url\":\"https:\\\/\\\/www.organisator.ch\\\/sustainability\\\/2020-06-08\\\/massnahmenpakete-umweltexperten-fordern-nachhaltigen-wiederaufbau\\\/\",\"name\":\"Massnahmenpakete: Umweltexperten fordern nachhaltigen Wiederaufbau - Organisator\",\"isPartOf\":{\"@id\":\"https:\\\/\\\/www.organisator.ch\\\/#website\"},\"primaryImageOfPage\":{\"@id\":\"https:\\\/\\\/www.organisator.ch\\\/sustainability\\\/2020-06-08\\\/massnahmenpakete-umweltexperten-fordern-nachhaltigen-wiederaufbau\\\/#primaryimage\"},\"image\":{\"@id\":\"https:\\\/\\\/www.organisator.ch\\\/sustainability\\\/2020-06-08\\\/massnahmenpakete-umweltexperten-fordern-nachhaltigen-wiederaufbau\\\/#primaryimage\"},\"thumbnailUrl\":\"https:\\\/\\\/www.organisator.ch\\\/wp-content\\\/uploads\\\/2020\\\/06\\\/Geldschoepung-Schweiz-Corona-Krise-UP_Umwelt_Perpekiven.jpg\",\"datePublished\":\"2020-06-08T12:51:06+00:00\",\"dateModified\":\"2022-02-09T10:09:57+00:00\",\"description\":\"Greenpeace Schweiz und Energie-wende-ja schlagen zwei Massnahmenpakete f\u00fcr den Wiederaufbau nach dem Corona-Lockdown vor.\",\"breadcrumb\":{\"@id\":\"https:\\\/\\\/www.organisator.ch\\\/sustainability\\\/2020-06-08\\\/massnahmenpakete-umweltexperten-fordern-nachhaltigen-wiederaufbau\\\/#breadcrumb\"},\"inLanguage\":\"en-US\",\"potentialAction\":[{\"@type\":\"ReadAction\",\"target\":[\"https:\\\/\\\/www.organisator.ch\\\/sustainability\\\/2020-06-08\\\/massnahmenpakete-umweltexperten-fordern-nachhaltigen-wiederaufbau\\\/\"]}]},{\"@type\":\"ImageObject\",\"inLanguage\":\"en-US\",\"@id\":\"https:\\\/\\\/www.organisator.ch\\\/sustainability\\\/2020-06-08\\\/massnahmenpakete-umweltexperten-fordern-nachhaltigen-wiederaufbau\\\/#primaryimage\",\"url\":\"https:\\\/\\\/www.organisator.ch\\\/wp-content\\\/uploads\\\/2020\\\/06\\\/Geldschoepung-Schweiz-Corona-Krise-UP_Umwelt_Perpekiven.jpg\",\"contentUrl\":\"https:\\\/\\\/www.organisator.ch\\\/wp-content\\\/uploads\\\/2020\\\/06\\\/Geldschoepung-Schweiz-Corona-Krise-UP_Umwelt_Perpekiven.jpg\",\"width\":1500,\"height\":1000,\"caption\":\"Umweltorganisationen wie Greenpeace Schweiz sind \u00fcberzeugt: mit den richtigen Anreizen sch\u00fctzt man nicht nur das Klima, ebenso w\u00fcrden damit Arbeitspl\u00e4tze geschaffen. (Bild: Unsplash)\"},{\"@type\":\"BreadcrumbList\",\"@id\":\"https:\\\/\\\/www.organisator.ch\\\/sustainability\\\/2020-06-08\\\/massnahmenpakete-umweltexperten-fordern-nachhaltigen-wiederaufbau\\\/#breadcrumb\",\"itemListElement\":[{\"@type\":\"ListItem\",\"position\":1,\"name\":\"Home\",\"item\":\"https:\\\/\\\/www.organisator.ch\\\/\"},{\"@type\":\"ListItem\",\"position\":2,\"name\":\"Massnahmenpakete: Umweltexperten fordern nachhaltigen Wiederaufbau\"}]},{\"@type\":\"WebSite\",\"@id\":\"https:\\\/\\\/www.organisator.ch\\\/#website\",\"url\":\"https:\\\/\\\/www.organisator.ch\\\/\",\"name\":\"Organisator\",\"description\":\"Kompetent. Praxisnah. Der ORGANISATOR bereitet in 10 Ausgaben pro Jahr die wesentlichen Themen f\u00fcr F\u00fchrungskr\u00e4fte von KMU auf.\",\"publisher\":{\"@id\":\"https:\\\/\\\/www.organisator.ch\\\/#organization\"},\"potentialAction\":[{\"@type\":\"SearchAction\",\"target\":{\"@type\":\"EntryPoint\",\"urlTemplate\":\"https:\\\/\\\/www.organisator.ch\\\/?s={search_term_string}\"},\"query-input\":{\"@type\":\"PropertyValueSpecification\",\"valueRequired\":true,\"valueName\":\"search_term_string\"}}],\"inLanguage\":\"en-US\"},{\"@type\":\"Organization\",\"@id\":\"https:\\\/\\\/www.organisator.ch\\\/#organization\",\"name\":\"Organisator\",\"url\":\"https:\\\/\\\/www.organisator.ch\\\/\",\"logo\":{\"@type\":\"ImageObject\",\"inLanguage\":\"en-US\",\"@id\":\"https:\\\/\\\/www.organisator.ch\\\/#\\\/schema\\\/logo\\\/image\\\/\",\"url\":\"https:\\\/\\\/www.organisator.ch\\\/wp-content\\\/uploads\\\/2022\\\/01\\\/Logo_Organisator_Website.png\",\"contentUrl\":\"https:\\\/\\\/www.organisator.ch\\\/wp-content\\\/uploads\\\/2022\\\/01\\\/Logo_Organisator_Website.png\",\"width\":800,\"height\":77,\"caption\":\"Organisator\"},\"image\":{\"@id\":\"https:\\\/\\\/www.organisator.ch\\\/#\\\/schema\\\/logo\\\/image\\\/\"},\"sameAs\":[\"https:\\\/\\\/www.facebook.com\\\/OrganisatorFachmagazin\",\"https:\\\/\\\/www.linkedin.com\\\/showcase\\\/organisator-das-magazin-fr-kmu\",\"https:\\\/\\\/www.xing.com\\\/news\\\/pages\\\/organisator-ch-695\",\"https:\\\/\\\/www.youtube.com\\\/channel\\\/UCGP2Sq0iWaZwT3BdIAQFYpw\"]},{\"@type\":\"Person\",\"@id\":\"https:\\\/\\\/www.organisator.ch\\\/#\\\/schema\\\/person\\\/134708ca9321c57b0362cceb7948ffbd\",\"name\":\"michael.merz\",\"image\":{\"@type\":\"ImageObject\",\"inLanguage\":\"en-US\",\"@id\":\"https:\\\/\\\/secure.gravatar.com\\\/avatar\\\/?s=96&d=mm&r=g\",\"url\":\"https:\\\/\\\/secure.gravatar.com\\\/avatar\\\/?s=96&d=mm&r=g\",\"contentUrl\":\"https:\\\/\\\/secure.gravatar.com\\\/avatar\\\/?s=96&d=mm&r=g\",\"caption\":\"michael.merz\"},\"url\":\"https:\\\/\\\/www.organisator.ch\\\/en\\\/author\\\/michael-merz\\\/\"}]}<\/script>\n<!-- \/ Yoast SEO plugin. -->","yoast_head_json":{"title":"Package of measures: Environmental experts call for sustainable reconstruction - Organizer","description":"Greenpeace Switzerland and Energie-wende-ja propose two packages of measures for the reconstruction after the Corona lockdown.","robots":{"index":"index","follow":"follow","max-snippet":"max-snippet:-1","max-image-preview":"max-image-preview:large","max-video-preview":"max-video-preview:-1"},"canonical":"https:\/\/www.organisator.ch\/en\/sustainability\/2020-06-08\/massnahmenpakete-umweltexperten-fordern-nachhaltigen-wiederaufbau\/","og_locale":"en_US","og_type":"article","og_title":"Massnahmenpakete: Umweltexperten fordern nachhaltigen Wiederaufbau - Organisator","og_description":"Greenpeace Schweiz und Energie-wende-ja schlagen zwei Massnahmenpakete f\u00fcr den Wiederaufbau nach dem Corona-Lockdown vor.","og_url":"https:\/\/www.organisator.ch\/en\/sustainability\/2020-06-08\/massnahmenpakete-umweltexperten-fordern-nachhaltigen-wiederaufbau\/","og_site_name":"Organisator","article_publisher":"https:\/\/www.facebook.com\/OrganisatorFachmagazin","article_published_time":"2020-06-08T12:51:06+00:00","article_modified_time":"2022-02-09T10:09:57+00:00","og_image":[{"width":1500,"height":1000,"url":"https:\/\/www.organisator.ch\/wp-content\/uploads\/2020\/06\/Geldschoepung-Schweiz-Corona-Krise-UP_Umwelt_Perpekiven.jpg","type":"image\/jpeg"}],"author":"michael.merz","twitter_card":"summary_large_image","schema":{"@context":"https:\/\/schema.org","@graph":[{"@type":"Article","@id":"https:\/\/www.organisator.ch\/sustainability\/2020-06-08\/massnahmenpakete-umweltexperten-fordern-nachhaltigen-wiederaufbau\/#article","isPartOf":{"@id":"https:\/\/www.organisator.ch\/sustainability\/2020-06-08\/massnahmenpakete-umweltexperten-fordern-nachhaltigen-wiederaufbau\/"},"author":{"name":"michael.merz","@id":"https:\/\/www.organisator.ch\/#\/schema\/person\/134708ca9321c57b0362cceb7948ffbd"},"headline":"Massnahmenpakete: Umweltexperten fordern nachhaltigen Wiederaufbau","datePublished":"2020-06-08T12:51:06+00:00","dateModified":"2022-02-09T10:09:57+00:00","mainEntityOfPage":{"@id":"https:\/\/www.organisator.ch\/sustainability\/2020-06-08\/massnahmenpakete-umweltexperten-fordern-nachhaltigen-wiederaufbau\/"},"wordCount":313,"publisher":{"@id":"https:\/\/www.organisator.ch\/#organization"},"image":{"@id":"https:\/\/www.organisator.ch\/sustainability\/2020-06-08\/massnahmenpakete-umweltexperten-fordern-nachhaltigen-wiederaufbau\/#primaryimage"},"thumbnailUrl":"https:\/\/www.organisator.ch\/wp-content\/uploads\/2020\/06\/Geldschoepung-Schweiz-Corona-Krise-UP_Umwelt_Perpekiven.jpg","keywords":["Corona-Krise","Geldsch\u00f6pfung","Investieren","\u00d6ffentliche Hand","Schweiz"],"articleSection":["SUSTAINABILITY"],"inLanguage":"en-US"},{"@type":"WebPage","@id":"https:\/\/www.organisator.ch\/sustainability\/2020-06-08\/massnahmenpakete-umweltexperten-fordern-nachhaltigen-wiederaufbau\/","url":"https:\/\/www.organisator.ch\/sustainability\/2020-06-08\/massnahmenpakete-umweltexperten-fordern-nachhaltigen-wiederaufbau\/","name":"Package of measures: Environmental experts call for sustainable reconstruction - Organizer","isPartOf":{"@id":"https:\/\/www.organisator.ch\/#website"},"primaryImageOfPage":{"@id":"https:\/\/www.organisator.ch\/sustainability\/2020-06-08\/massnahmenpakete-umweltexperten-fordern-nachhaltigen-wiederaufbau\/#primaryimage"},"image":{"@id":"https:\/\/www.organisator.ch\/sustainability\/2020-06-08\/massnahmenpakete-umweltexperten-fordern-nachhaltigen-wiederaufbau\/#primaryimage"},"thumbnailUrl":"https:\/\/www.organisator.ch\/wp-content\/uploads\/2020\/06\/Geldschoepung-Schweiz-Corona-Krise-UP_Umwelt_Perpekiven.jpg","datePublished":"2020-06-08T12:51:06+00:00","dateModified":"2022-02-09T10:09:57+00:00","description":"Greenpeace Switzerland and Energie-wende-ja propose two packages of measures for the reconstruction after the Corona lockdown.","breadcrumb":{"@id":"https:\/\/www.organisator.ch\/sustainability\/2020-06-08\/massnahmenpakete-umweltexperten-fordern-nachhaltigen-wiederaufbau\/#breadcrumb"},"inLanguage":"en-US","potentialAction":[{"@type":"ReadAction","target":["https:\/\/www.organisator.ch\/sustainability\/2020-06-08\/massnahmenpakete-umweltexperten-fordern-nachhaltigen-wiederaufbau\/"]}]},{"@type":"ImageObject","inLanguage":"en-US","@id":"https:\/\/www.organisator.ch\/sustainability\/2020-06-08\/massnahmenpakete-umweltexperten-fordern-nachhaltigen-wiederaufbau\/#primaryimage","url":"https:\/\/www.organisator.ch\/wp-content\/uploads\/2020\/06\/Geldschoepung-Schweiz-Corona-Krise-UP_Umwelt_Perpekiven.jpg","contentUrl":"https:\/\/www.organisator.ch\/wp-content\/uploads\/2020\/06\/Geldschoepung-Schweiz-Corona-Krise-UP_Umwelt_Perpekiven.jpg","width":1500,"height":1000,"caption":"Umweltorganisationen wie Greenpeace Schweiz sind \u00fcberzeugt: mit den richtigen Anreizen sch\u00fctzt man nicht nur das Klima, ebenso w\u00fcrden damit Arbeitspl\u00e4tze geschaffen. (Bild: Unsplash)"},{"@type":"BreadcrumbList","@id":"https:\/\/www.organisator.ch\/sustainability\/2020-06-08\/massnahmenpakete-umweltexperten-fordern-nachhaltigen-wiederaufbau\/#breadcrumb","itemListElement":[{"@type":"ListItem","position":1,"name":"Home","item":"https:\/\/www.organisator.ch\/"},{"@type":"ListItem","position":2,"name":"Massnahmenpakete: Umweltexperten fordern nachhaltigen Wiederaufbau"}]},{"@type":"WebSite","@id":"https:\/\/www.organisator.ch\/#website","url":"https:\/\/www.organisator.ch\/","name":"Organizer","description":"Competent. Practical. In 10 issues per year, ORGANISATOR presents the essential topics for managers of SMEs.","publisher":{"@id":"https:\/\/www.organisator.ch\/#organization"},"potentialAction":[{"@type":"SearchAction","target":{"@type":"EntryPoint","urlTemplate":"https:\/\/www.organisator.ch\/?s={search_term_string}"},"query-input":{"@type":"PropertyValueSpecification","valueRequired":true,"valueName":"search_term_string"}}],"inLanguage":"en-US"},{"@type":"Organization","@id":"https:\/\/www.organisator.ch\/#organization","name":"Organizer","url":"https:\/\/www.organisator.ch\/","logo":{"@type":"ImageObject","inLanguage":"en-US","@id":"https:\/\/www.organisator.ch\/#\/schema\/logo\/image\/","url":"https:\/\/www.organisator.ch\/wp-content\/uploads\/2022\/01\/Logo_Organisator_Website.png","contentUrl":"https:\/\/www.organisator.ch\/wp-content\/uploads\/2022\/01\/Logo_Organisator_Website.png","width":800,"height":77,"caption":"Organisator"},"image":{"@id":"https:\/\/www.organisator.ch\/#\/schema\/logo\/image\/"},"sameAs":["https:\/\/www.facebook.com\/OrganisatorFachmagazin","https:\/\/www.linkedin.com\/showcase\/organisator-das-magazin-fr-kmu","https:\/\/www.xing.com\/news\/pages\/organisator-ch-695","https:\/\/www.youtube.com\/channel\/UCGP2Sq0iWaZwT3BdIAQFYpw"]},{"@type":"Person","@id":"https:\/\/www.organisator.ch\/#\/schema\/person\/134708ca9321c57b0362cceb7948ffbd","name":"michael.merz","image":{"@type":"ImageObject","inLanguage":"en-US","@id":"https:\/\/secure.gravatar.com\/avatar\/?s=96&d=mm&r=g","url":"https:\/\/secure.gravatar.com\/avatar\/?s=96&d=mm&r=g","contentUrl":"https:\/\/secure.gravatar.com\/avatar\/?s=96&d=mm&r=g","caption":"michael.merz"},"url":"https:\/\/www.organisator.ch\/en\/author\/michael-merz\/"}]}},"_links":{"self":[{"href":"https:\/\/www.organisator.ch\/en\/wp-json\/wp\/v2\/posts\/10181","targetHints":{"allow":["GET"]}}],"collection":[{"href":"https:\/\/www.organisator.ch\/en\/wp-json\/wp\/v2\/posts"}],"about":[{"href":"https:\/\/www.organisator.ch\/en\/wp-json\/wp\/v2\/types\/post"}],"author":[{"embeddable":true,"href":"https:\/\/www.organisator.ch\/en\/wp-json\/wp\/v2\/users\/5"}],"replies":[{"embeddable":true,"href":"https:\/\/www.organisator.ch\/en\/wp-json\/wp\/v2\/comments?post=10181"}],"version-history":[{"count":1,"href":"https:\/\/www.organisator.ch\/en\/wp-json\/wp\/v2\/posts\/10181\/revisions"}],"predecessor-version":[{"id":10832,"href":"https:\/\/www.organisator.ch\/en\/wp-json\/wp\/v2\/posts\/10181\/revisions\/10832"}],"wp:featuredmedia":[{"embeddable":true,"href":"https:\/\/www.organisator.ch\/en\/wp-json\/wp\/v2\/media\/9707"}],"wp:attachment":[{"href":"https:\/\/www.organisator.ch\/en\/wp-json\/wp\/v2\/media?parent=10181"}],"wp:term":[{"taxonomy":"category","embeddable":true,"href":"https:\/\/www.organisator.ch\/en\/wp-json\/wp\/v2\/categories?post=10181"},{"taxonomy":"post_tag","embeddable":true,"href":"https:\/\/www.organisator.ch\/en\/wp-json\/wp\/v2\/tags?post=10181"}],"curies":[{"name":"wp","href":"https:\/\/api.w.org\/{rel}","templated":true}]}}