{"id":10192,"date":"2020-07-21T10:55:16","date_gmt":"2020-07-21T08:55:16","guid":{"rendered":"https:\/\/www.umweltperspektiven.ch\/?p=3202"},"modified":"2022-02-09T11:06:13","modified_gmt":"2022-02-09T10:06:13","slug":"bund-stockt-wegen-corona-die-foerderbeitraege-fuer-kuehlgeraete-auf","status":"publish","type":"post","link":"https:\/\/www.organisator.ch\/en\/sustainability\/2020-07-21\/bund-stockt-wegen-corona-die-foerderbeitraege-fuer-kuehlgeraete-auf\/","title":{"rendered":"Federal government increases subsidies for refrigeration equipment because of Corona"},"content":{"rendered":"<p>Refrigerators are absolutely indispensable in restaurant and hotel kitchens. But also in bakeries, supermarkets or in kiosks everything revolves around the cooling of fresh produce. \"Unfortunately, there are a lot of inefficient refrigerators and freezers in use,\" knows Maike Hepp from Topten. \"They cause high electricity costs for the businesses, and in addition, the storage refrigerators, freezers or vending machines are operated with refrigerants that are harmful to the climate.\"<\/p>\n<p>Often, owners don't even know what costs they will incur over the life of a device when they buy it. The fact is: the operating costs can exceed the purchase price many times over. Example: an average supermarket freezer will cost CHF 8000 more over its eight-year lifetime due to high energy consumption, compared to an efficient appliance. These can be easily found on the online portal Topten.<\/p>\n<p><strong>Federal government pays up to 40 percent of the new price<\/strong><\/p>\n<p>The Corona crisis has hit the catering, bakery or butchery business hard. The ProKilowatt subsidy program of the <strong>Federal Office of Energy<\/strong> has therefore increased the subsidies for storage or sales refrigeration units from the previous 25 percent to up to 40 percent of the purchase price of a new unit. Eligible for subsidies are plug-in units with the highest energy efficiency and a climate-friendly refrigerant. The table showing the subsidized appliances and the maximum subsidies can be found at <a href=\"\/\/www.topten.ch\/business\/page\/foerderprogramm-steckerfertige-gewerbegeraete\">topten.ch\/trade<\/a> can be viewed. The maximum total subsidy per end customer is now CHF 130,000 instead of CHF 100,000 (for example for large distributors).<\/p>\n<p>However, these higher subsidies only apply to purchases implemented after 06\/15\/20. Funding will continue to be provided for ready-to-plug-in, highly efficient catering and sales refrigeration equipment using natural, climate-friendly refrigerants such as R600a or R290. The program will initially run until the end of 2020, with an immediate follow-up program being sought. Further information and application forms are available at <a href=\"\/\/www.topten.ch\/gewerbe\">www.topten.ch\/gewerbe<\/a> available.<\/p>\n<p>&nbsp;<\/p>\n<figure id=\"attachment_3204\" aria-describedby=\"caption-attachment-3204\" style=\"width: 680px\" class=\"wp-caption alignnone\"><img loading=\"lazy\" decoding=\"async\" class=\"wp-image-3204 size-medium\" src=\"\/\/www.umweltperspektiven.ch\/wp-content\/uploads\/2020\/07\/Tabelle_F\u00f6rderbeitr\u00e4ge.png\" alt=\"\" width=\"680\" height=\"777\" \/><figcaption id=\"caption-attachment-3204\" class=\"wp-caption-text\">Current list of funding awards from ProKilowatt as of 6\/15\/20.(Source Topten).<\/figcaption><\/figure>\n<p>&nbsp;<\/p>\n<p><em><strong>From March 2021, the energy label for sales refrigeration equipment is mandatory! <\/strong><\/em><\/p>\n<p><em>When planning purchases, it should be urgently noted that from March 2021 the energy label will also be mandatory for supermarket refrigerators, beverage coolers, ice cream chests and refrigerated vending machines. Until now, it was only mandatory for storage appliances. The label shows the efficiency class of the appliances at a glance, making comparison much easier, with \"A\" being the best. Very inefficient appliances may no longer be imported and sold from March 2021.<\/em><\/p>\n<p>&nbsp;<\/p>\n<p><img loading=\"lazy\" decoding=\"async\" class=\"alignnone size-medium wp-image-3203\" src=\"\/\/www.umweltperspektiven.ch\/wp-content\/uploads\/2020\/07\/Etikette-f\u00fcr-Verkaufs-K\u00fchlger\u00e4te.png\" alt=\"\" width=\"680\" height=\"587\" \/><\/p>\n<p><em>This is what the new EU\/Switzerland label for sales refrigerators will look like from March 2021. \"B\" is the best category.<\/em> <em>(Source: Commission Regulation EU 2019\/2018 \/ <\/em><a href=\"\/\/Fogalrefrigeration.com\"><em>Fogalrefrigeration<\/em><\/a><em>)<\/em><\/p>\n<p>&nbsp;<\/p>\n<p>&nbsp;<\/p>","protected":false},"excerpt":{"rendered":"<p>K\u00fchlger\u00e4te sind absolut unentbehrlich in Restaurant- und Hotelk\u00fcchen. Aber auch in B\u00e4ckereien, Superm\u00e4rkten oder in Kiosken dreht sich alles um die K\u00fchlung der Frischware. \u00abEs sind leider sehr viele ineffiziente K\u00fchl- und Gefrierger\u00e4te im Einsatz,\u00bb weiss Maike Hepp von Topten. \u00abSie verursachen den Betrieben hohe Stromkosten, und zudem werden die Lagerk\u00fchlger\u00e4te, K\u00fchltruhen oder Verkaufsautomaten mit [&hellip;]<\/p>\n","protected":false},"author":5,"featured_media":9712,"comment_status":"closed","ping_status":"closed","sticky":false,"template":"","format":"standard","meta":{"_acf_changed":false,"_yoast_wpseo_focuskw":"K\u00fchlger\u00e4te","_yoast_wpseo_metadesc":"K\u00fchlger\u00e4te: Aufgrund der Corona-Krise stellt das F\u00f6rderprogramm ProKilowatt des Bundes h\u00f6here F\u00f6rderbeitr\u00e4ge f\u00fcr Gewerbebetriebe zur Verf\u00fcgung.","articlekey":"","footnotes":""},"categories":[580],"tags":[131,1212,1291,1573,1955,424],"class_list":["post-10192","post","type-post","status-publish","format-standard","has-post-thumbnail","hentry","category-sustainability","tag-corona-krise","tag-foerderprogramm","tag-gewerbe","tag-kuehlgeraete","tag-prokilowatt","tag-schweiz"],"acf":[],"yoast_head":"<!-- This site is optimized with the Yoast SEO plugin v27.4 - https:\/\/yoast.com\/product\/yoast-seo-wordpress\/ -->\n<title>Bund stockt wegen Corona die F\u00f6rderbeitr\u00e4ge f\u00fcr K\u00fchlger\u00e4te auf - Organisator<\/title>\n<meta name=\"description\" content=\"K\u00fchlger\u00e4te: Aufgrund der Corona-Krise stellt das F\u00f6rderprogramm ProKilowatt des Bundes h\u00f6here F\u00f6rderbeitr\u00e4ge f\u00fcr Gewerbebetriebe zur Verf\u00fcgung.\" \/>\n<meta name=\"robots\" content=\"index, follow, max-snippet:-1, max-image-preview:large, max-video-preview:-1\" \/>\n<link rel=\"canonical\" href=\"https:\/\/www.organisator.ch\/en\/sustainability\/2020-07-21\/bund-stockt-wegen-corona-die-foerderbeitraege-fuer-kuehlgeraete-auf\/\" \/>\n<meta property=\"og:locale\" content=\"en_US\" \/>\n<meta property=\"og:type\" content=\"article\" \/>\n<meta property=\"og:title\" content=\"Bund stockt wegen Corona die F\u00f6rderbeitr\u00e4ge f\u00fcr K\u00fchlger\u00e4te auf - Organisator\" \/>\n<meta property=\"og:description\" content=\"K\u00fchlger\u00e4te: Aufgrund der Corona-Krise stellt das F\u00f6rderprogramm ProKilowatt des Bundes h\u00f6here F\u00f6rderbeitr\u00e4ge f\u00fcr Gewerbebetriebe zur Verf\u00fcgung.\" \/>\n<meta property=\"og:url\" content=\"https:\/\/www.organisator.ch\/en\/sustainability\/2020-07-21\/bund-stockt-wegen-corona-die-foerderbeitraege-fuer-kuehlgeraete-auf\/\" \/>\n<meta property=\"og:site_name\" content=\"Organisator\" \/>\n<meta property=\"article:publisher\" content=\"https:\/\/www.facebook.com\/OrganisatorFachmagazin\" \/>\n<meta property=\"article:published_time\" content=\"2020-07-21T08:55:16+00:00\" \/>\n<meta property=\"article:modified_time\" content=\"2022-02-09T10:06:13+00:00\" \/>\n<meta property=\"og:image\" content=\"https:\/\/www.organisator.ch\/wp-content\/uploads\/2020\/07\/Etikette-fuer-Verkaufs-Kuehlgeraete.png\" \/>\n\t<meta property=\"og:image:width\" content=\"1600\" \/>\n\t<meta property=\"og:image:height\" content=\"1380\" \/>\n\t<meta property=\"og:image:type\" content=\"image\/png\" \/>\n<meta name=\"author\" content=\"michael.merz\" \/>\n<meta name=\"twitter:card\" content=\"summary_large_image\" \/>\n<script type=\"application\/ld+json\" class=\"yoast-schema-graph\">{\"@context\":\"https:\\\/\\\/schema.org\",\"@graph\":[{\"@type\":\"Article\",\"@id\":\"https:\\\/\\\/www.organisator.ch\\\/sustainability\\\/2020-07-21\\\/bund-stockt-wegen-corona-die-foerderbeitraege-fuer-kuehlgeraete-auf\\\/#article\",\"isPartOf\":{\"@id\":\"https:\\\/\\\/www.organisator.ch\\\/sustainability\\\/2020-07-21\\\/bund-stockt-wegen-corona-die-foerderbeitraege-fuer-kuehlgeraete-auf\\\/\"},\"author\":{\"name\":\"michael.merz\",\"@id\":\"https:\\\/\\\/www.organisator.ch\\\/#\\\/schema\\\/person\\\/134708ca9321c57b0362cceb7948ffbd\"},\"headline\":\"Bund stockt wegen Corona die F\u00f6rderbeitr\u00e4ge f\u00fcr K\u00fchlger\u00e4te auf\",\"datePublished\":\"2020-07-21T08:55:16+00:00\",\"dateModified\":\"2022-02-09T10:06:13+00:00\",\"mainEntityOfPage\":{\"@id\":\"https:\\\/\\\/www.organisator.ch\\\/sustainability\\\/2020-07-21\\\/bund-stockt-wegen-corona-die-foerderbeitraege-fuer-kuehlgeraete-auf\\\/\"},\"wordCount\":462,\"publisher\":{\"@id\":\"https:\\\/\\\/www.organisator.ch\\\/#organization\"},\"image\":{\"@id\":\"https:\\\/\\\/www.organisator.ch\\\/sustainability\\\/2020-07-21\\\/bund-stockt-wegen-corona-die-foerderbeitraege-fuer-kuehlgeraete-auf\\\/#primaryimage\"},\"thumbnailUrl\":\"https:\\\/\\\/www.organisator.ch\\\/wp-content\\\/uploads\\\/2020\\\/07\\\/Etikette-fuer-Verkaufs-Kuehlgeraete.png\",\"keywords\":[\"Corona-Krise\",\"F\u00f6rderprogramm\",\"Gewerbe\",\"K\u00fchlger\u00e4te\",\"ProKilowatt\",\"Schweiz\"],\"articleSection\":[\"SUSTAINABILITY\"],\"inLanguage\":\"en-US\"},{\"@type\":\"WebPage\",\"@id\":\"https:\\\/\\\/www.organisator.ch\\\/sustainability\\\/2020-07-21\\\/bund-stockt-wegen-corona-die-foerderbeitraege-fuer-kuehlgeraete-auf\\\/\",\"url\":\"https:\\\/\\\/www.organisator.ch\\\/sustainability\\\/2020-07-21\\\/bund-stockt-wegen-corona-die-foerderbeitraege-fuer-kuehlgeraete-auf\\\/\",\"name\":\"Bund stockt wegen Corona die F\u00f6rderbeitr\u00e4ge f\u00fcr K\u00fchlger\u00e4te auf - Organisator\",\"isPartOf\":{\"@id\":\"https:\\\/\\\/www.organisator.ch\\\/#website\"},\"primaryImageOfPage\":{\"@id\":\"https:\\\/\\\/www.organisator.ch\\\/sustainability\\\/2020-07-21\\\/bund-stockt-wegen-corona-die-foerderbeitraege-fuer-kuehlgeraete-auf\\\/#primaryimage\"},\"image\":{\"@id\":\"https:\\\/\\\/www.organisator.ch\\\/sustainability\\\/2020-07-21\\\/bund-stockt-wegen-corona-die-foerderbeitraege-fuer-kuehlgeraete-auf\\\/#primaryimage\"},\"thumbnailUrl\":\"https:\\\/\\\/www.organisator.ch\\\/wp-content\\\/uploads\\\/2020\\\/07\\\/Etikette-fuer-Verkaufs-Kuehlgeraete.png\",\"datePublished\":\"2020-07-21T08:55:16+00:00\",\"dateModified\":\"2022-02-09T10:06:13+00:00\",\"description\":\"K\u00fchlger\u00e4te: Aufgrund der Corona-Krise stellt das F\u00f6rderprogramm ProKilowatt des Bundes h\u00f6here F\u00f6rderbeitr\u00e4ge f\u00fcr Gewerbebetriebe zur Verf\u00fcgung.\",\"breadcrumb\":{\"@id\":\"https:\\\/\\\/www.organisator.ch\\\/sustainability\\\/2020-07-21\\\/bund-stockt-wegen-corona-die-foerderbeitraege-fuer-kuehlgeraete-auf\\\/#breadcrumb\"},\"inLanguage\":\"en-US\",\"potentialAction\":[{\"@type\":\"ReadAction\",\"target\":[\"https:\\\/\\\/www.organisator.ch\\\/sustainability\\\/2020-07-21\\\/bund-stockt-wegen-corona-die-foerderbeitraege-fuer-kuehlgeraete-auf\\\/\"]}]},{\"@type\":\"ImageObject\",\"inLanguage\":\"en-US\",\"@id\":\"https:\\\/\\\/www.organisator.ch\\\/sustainability\\\/2020-07-21\\\/bund-stockt-wegen-corona-die-foerderbeitraege-fuer-kuehlgeraete-auf\\\/#primaryimage\",\"url\":\"https:\\\/\\\/www.organisator.ch\\\/wp-content\\\/uploads\\\/2020\\\/07\\\/Etikette-fuer-Verkaufs-Kuehlgeraete.png\",\"contentUrl\":\"https:\\\/\\\/www.organisator.ch\\\/wp-content\\\/uploads\\\/2020\\\/07\\\/Etikette-fuer-Verkaufs-Kuehlgeraete.png\",\"width\":1600,\"height\":1380},{\"@type\":\"BreadcrumbList\",\"@id\":\"https:\\\/\\\/www.organisator.ch\\\/sustainability\\\/2020-07-21\\\/bund-stockt-wegen-corona-die-foerderbeitraege-fuer-kuehlgeraete-auf\\\/#breadcrumb\",\"itemListElement\":[{\"@type\":\"ListItem\",\"position\":1,\"name\":\"Home\",\"item\":\"https:\\\/\\\/www.organisator.ch\\\/\"},{\"@type\":\"ListItem\",\"position\":2,\"name\":\"Bund stockt wegen Corona die F\u00f6rderbeitr\u00e4ge f\u00fcr K\u00fchlger\u00e4te auf\"}]},{\"@type\":\"WebSite\",\"@id\":\"https:\\\/\\\/www.organisator.ch\\\/#website\",\"url\":\"https:\\\/\\\/www.organisator.ch\\\/\",\"name\":\"Organisator\",\"description\":\"Kompetent. Praxisnah. Der ORGANISATOR bereitet in 10 Ausgaben pro Jahr die wesentlichen Themen f\u00fcr F\u00fchrungskr\u00e4fte von KMU auf.\",\"publisher\":{\"@id\":\"https:\\\/\\\/www.organisator.ch\\\/#organization\"},\"potentialAction\":[{\"@type\":\"SearchAction\",\"target\":{\"@type\":\"EntryPoint\",\"urlTemplate\":\"https:\\\/\\\/www.organisator.ch\\\/?s={search_term_string}\"},\"query-input\":{\"@type\":\"PropertyValueSpecification\",\"valueRequired\":true,\"valueName\":\"search_term_string\"}}],\"inLanguage\":\"en-US\"},{\"@type\":\"Organization\",\"@id\":\"https:\\\/\\\/www.organisator.ch\\\/#organization\",\"name\":\"Organisator\",\"url\":\"https:\\\/\\\/www.organisator.ch\\\/\",\"logo\":{\"@type\":\"ImageObject\",\"inLanguage\":\"en-US\",\"@id\":\"https:\\\/\\\/www.organisator.ch\\\/#\\\/schema\\\/logo\\\/image\\\/\",\"url\":\"https:\\\/\\\/www.organisator.ch\\\/wp-content\\\/uploads\\\/2022\\\/01\\\/Logo_Organisator_Website.png\",\"contentUrl\":\"https:\\\/\\\/www.organisator.ch\\\/wp-content\\\/uploads\\\/2022\\\/01\\\/Logo_Organisator_Website.png\",\"width\":800,\"height\":77,\"caption\":\"Organisator\"},\"image\":{\"@id\":\"https:\\\/\\\/www.organisator.ch\\\/#\\\/schema\\\/logo\\\/image\\\/\"},\"sameAs\":[\"https:\\\/\\\/www.facebook.com\\\/OrganisatorFachmagazin\",\"https:\\\/\\\/www.linkedin.com\\\/showcase\\\/organisator-das-magazin-fr-kmu\",\"https:\\\/\\\/www.xing.com\\\/news\\\/pages\\\/organisator-ch-695\",\"https:\\\/\\\/www.youtube.com\\\/channel\\\/UCGP2Sq0iWaZwT3BdIAQFYpw\"]},{\"@type\":\"Person\",\"@id\":\"https:\\\/\\\/www.organisator.ch\\\/#\\\/schema\\\/person\\\/134708ca9321c57b0362cceb7948ffbd\",\"name\":\"michael.merz\",\"image\":{\"@type\":\"ImageObject\",\"inLanguage\":\"en-US\",\"@id\":\"https:\\\/\\\/secure.gravatar.com\\\/avatar\\\/?s=96&d=mm&r=g\",\"url\":\"https:\\\/\\\/secure.gravatar.com\\\/avatar\\\/?s=96&d=mm&r=g\",\"contentUrl\":\"https:\\\/\\\/secure.gravatar.com\\\/avatar\\\/?s=96&d=mm&r=g\",\"caption\":\"michael.merz\"},\"url\":\"https:\\\/\\\/www.organisator.ch\\\/en\\\/author\\\/michael-merz\\\/\"}]}<\/script>\n<!-- \/ Yoast SEO plugin. -->","yoast_head_json":{"title":"Federal government increases subsidies for refrigeration equipment because of Corona - organizer","description":"Refrigeration equipment: Due to the Corona crisis, the federal government's ProKilowatt incentive program is making higher incentive grants available to commercial businesses.","robots":{"index":"index","follow":"follow","max-snippet":"max-snippet:-1","max-image-preview":"max-image-preview:large","max-video-preview":"max-video-preview:-1"},"canonical":"https:\/\/www.organisator.ch\/en\/sustainability\/2020-07-21\/bund-stockt-wegen-corona-die-foerderbeitraege-fuer-kuehlgeraete-auf\/","og_locale":"en_US","og_type":"article","og_title":"Bund stockt wegen Corona die F\u00f6rderbeitr\u00e4ge f\u00fcr K\u00fchlger\u00e4te auf - Organisator","og_description":"K\u00fchlger\u00e4te: Aufgrund der Corona-Krise stellt das F\u00f6rderprogramm ProKilowatt des Bundes h\u00f6here F\u00f6rderbeitr\u00e4ge f\u00fcr Gewerbebetriebe zur Verf\u00fcgung.","og_url":"https:\/\/www.organisator.ch\/en\/sustainability\/2020-07-21\/bund-stockt-wegen-corona-die-foerderbeitraege-fuer-kuehlgeraete-auf\/","og_site_name":"Organisator","article_publisher":"https:\/\/www.facebook.com\/OrganisatorFachmagazin","article_published_time":"2020-07-21T08:55:16+00:00","article_modified_time":"2022-02-09T10:06:13+00:00","og_image":[{"width":1600,"height":1380,"url":"https:\/\/www.organisator.ch\/wp-content\/uploads\/2020\/07\/Etikette-fuer-Verkaufs-Kuehlgeraete.png","type":"image\/png"}],"author":"michael.merz","twitter_card":"summary_large_image","schema":{"@context":"https:\/\/schema.org","@graph":[{"@type":"Article","@id":"https:\/\/www.organisator.ch\/sustainability\/2020-07-21\/bund-stockt-wegen-corona-die-foerderbeitraege-fuer-kuehlgeraete-auf\/#article","isPartOf":{"@id":"https:\/\/www.organisator.ch\/sustainability\/2020-07-21\/bund-stockt-wegen-corona-die-foerderbeitraege-fuer-kuehlgeraete-auf\/"},"author":{"name":"michael.merz","@id":"https:\/\/www.organisator.ch\/#\/schema\/person\/134708ca9321c57b0362cceb7948ffbd"},"headline":"Bund stockt wegen Corona die F\u00f6rderbeitr\u00e4ge f\u00fcr K\u00fchlger\u00e4te auf","datePublished":"2020-07-21T08:55:16+00:00","dateModified":"2022-02-09T10:06:13+00:00","mainEntityOfPage":{"@id":"https:\/\/www.organisator.ch\/sustainability\/2020-07-21\/bund-stockt-wegen-corona-die-foerderbeitraege-fuer-kuehlgeraete-auf\/"},"wordCount":462,"publisher":{"@id":"https:\/\/www.organisator.ch\/#organization"},"image":{"@id":"https:\/\/www.organisator.ch\/sustainability\/2020-07-21\/bund-stockt-wegen-corona-die-foerderbeitraege-fuer-kuehlgeraete-auf\/#primaryimage"},"thumbnailUrl":"https:\/\/www.organisator.ch\/wp-content\/uploads\/2020\/07\/Etikette-fuer-Verkaufs-Kuehlgeraete.png","keywords":["Corona-Krise","F\u00f6rderprogramm","Gewerbe","K\u00fchlger\u00e4te","ProKilowatt","Schweiz"],"articleSection":["SUSTAINABILITY"],"inLanguage":"en-US"},{"@type":"WebPage","@id":"https:\/\/www.organisator.ch\/sustainability\/2020-07-21\/bund-stockt-wegen-corona-die-foerderbeitraege-fuer-kuehlgeraete-auf\/","url":"https:\/\/www.organisator.ch\/sustainability\/2020-07-21\/bund-stockt-wegen-corona-die-foerderbeitraege-fuer-kuehlgeraete-auf\/","name":"Federal government increases subsidies for refrigeration equipment because of Corona - organizer","isPartOf":{"@id":"https:\/\/www.organisator.ch\/#website"},"primaryImageOfPage":{"@id":"https:\/\/www.organisator.ch\/sustainability\/2020-07-21\/bund-stockt-wegen-corona-die-foerderbeitraege-fuer-kuehlgeraete-auf\/#primaryimage"},"image":{"@id":"https:\/\/www.organisator.ch\/sustainability\/2020-07-21\/bund-stockt-wegen-corona-die-foerderbeitraege-fuer-kuehlgeraete-auf\/#primaryimage"},"thumbnailUrl":"https:\/\/www.organisator.ch\/wp-content\/uploads\/2020\/07\/Etikette-fuer-Verkaufs-Kuehlgeraete.png","datePublished":"2020-07-21T08:55:16+00:00","dateModified":"2022-02-09T10:06:13+00:00","description":"Refrigeration equipment: Due to the Corona crisis, the federal government's ProKilowatt incentive program is making higher incentive grants available to commercial businesses.","breadcrumb":{"@id":"https:\/\/www.organisator.ch\/sustainability\/2020-07-21\/bund-stockt-wegen-corona-die-foerderbeitraege-fuer-kuehlgeraete-auf\/#breadcrumb"},"inLanguage":"en-US","potentialAction":[{"@type":"ReadAction","target":["https:\/\/www.organisator.ch\/sustainability\/2020-07-21\/bund-stockt-wegen-corona-die-foerderbeitraege-fuer-kuehlgeraete-auf\/"]}]},{"@type":"ImageObject","inLanguage":"en-US","@id":"https:\/\/www.organisator.ch\/sustainability\/2020-07-21\/bund-stockt-wegen-corona-die-foerderbeitraege-fuer-kuehlgeraete-auf\/#primaryimage","url":"https:\/\/www.organisator.ch\/wp-content\/uploads\/2020\/07\/Etikette-fuer-Verkaufs-Kuehlgeraete.png","contentUrl":"https:\/\/www.organisator.ch\/wp-content\/uploads\/2020\/07\/Etikette-fuer-Verkaufs-Kuehlgeraete.png","width":1600,"height":1380},{"@type":"BreadcrumbList","@id":"https:\/\/www.organisator.ch\/sustainability\/2020-07-21\/bund-stockt-wegen-corona-die-foerderbeitraege-fuer-kuehlgeraete-auf\/#breadcrumb","itemListElement":[{"@type":"ListItem","position":1,"name":"Home","item":"https:\/\/www.organisator.ch\/"},{"@type":"ListItem","position":2,"name":"Bund stockt wegen Corona die F\u00f6rderbeitr\u00e4ge f\u00fcr K\u00fchlger\u00e4te auf"}]},{"@type":"WebSite","@id":"https:\/\/www.organisator.ch\/#website","url":"https:\/\/www.organisator.ch\/","name":"Organizer","description":"Competent. Practical. In 10 issues per year, ORGANISATOR presents the essential topics for managers of SMEs.","publisher":{"@id":"https:\/\/www.organisator.ch\/#organization"},"potentialAction":[{"@type":"SearchAction","target":{"@type":"EntryPoint","urlTemplate":"https:\/\/www.organisator.ch\/?s={search_term_string}"},"query-input":{"@type":"PropertyValueSpecification","valueRequired":true,"valueName":"search_term_string"}}],"inLanguage":"en-US"},{"@type":"Organization","@id":"https:\/\/www.organisator.ch\/#organization","name":"Organizer","url":"https:\/\/www.organisator.ch\/","logo":{"@type":"ImageObject","inLanguage":"en-US","@id":"https:\/\/www.organisator.ch\/#\/schema\/logo\/image\/","url":"https:\/\/www.organisator.ch\/wp-content\/uploads\/2022\/01\/Logo_Organisator_Website.png","contentUrl":"https:\/\/www.organisator.ch\/wp-content\/uploads\/2022\/01\/Logo_Organisator_Website.png","width":800,"height":77,"caption":"Organisator"},"image":{"@id":"https:\/\/www.organisator.ch\/#\/schema\/logo\/image\/"},"sameAs":["https:\/\/www.facebook.com\/OrganisatorFachmagazin","https:\/\/www.linkedin.com\/showcase\/organisator-das-magazin-fr-kmu","https:\/\/www.xing.com\/news\/pages\/organisator-ch-695","https:\/\/www.youtube.com\/channel\/UCGP2Sq0iWaZwT3BdIAQFYpw"]},{"@type":"Person","@id":"https:\/\/www.organisator.ch\/#\/schema\/person\/134708ca9321c57b0362cceb7948ffbd","name":"michael.merz","image":{"@type":"ImageObject","inLanguage":"en-US","@id":"https:\/\/secure.gravatar.com\/avatar\/?s=96&d=mm&r=g","url":"https:\/\/secure.gravatar.com\/avatar\/?s=96&d=mm&r=g","contentUrl":"https:\/\/secure.gravatar.com\/avatar\/?s=96&d=mm&r=g","caption":"michael.merz"},"url":"https:\/\/www.organisator.ch\/en\/author\/michael-merz\/"}]}},"_links":{"self":[{"href":"https:\/\/www.organisator.ch\/en\/wp-json\/wp\/v2\/posts\/10192","targetHints":{"allow":["GET"]}}],"collection":[{"href":"https:\/\/www.organisator.ch\/en\/wp-json\/wp\/v2\/posts"}],"about":[{"href":"https:\/\/www.organisator.ch\/en\/wp-json\/wp\/v2\/types\/post"}],"author":[{"embeddable":true,"href":"https:\/\/www.organisator.ch\/en\/wp-json\/wp\/v2\/users\/5"}],"replies":[{"embeddable":true,"href":"https:\/\/www.organisator.ch\/en\/wp-json\/wp\/v2\/comments?post=10192"}],"version-history":[{"count":1,"href":"https:\/\/www.organisator.ch\/en\/wp-json\/wp\/v2\/posts\/10192\/revisions"}],"predecessor-version":[{"id":10522,"href":"https:\/\/www.organisator.ch\/en\/wp-json\/wp\/v2\/posts\/10192\/revisions\/10522"}],"wp:featuredmedia":[{"embeddable":true,"href":"https:\/\/www.organisator.ch\/en\/wp-json\/wp\/v2\/media\/9712"}],"wp:attachment":[{"href":"https:\/\/www.organisator.ch\/en\/wp-json\/wp\/v2\/media?parent=10192"}],"wp:term":[{"taxonomy":"category","embeddable":true,"href":"https:\/\/www.organisator.ch\/en\/wp-json\/wp\/v2\/categories?post=10192"},{"taxonomy":"post_tag","embeddable":true,"href":"https:\/\/www.organisator.ch\/en\/wp-json\/wp\/v2\/tags?post=10192"}],"curies":[{"name":"wp","href":"https:\/\/api.w.org\/{rel}","templated":true}]}}