{"id":10193,"date":"2020-07-21T15:49:16","date_gmt":"2020-07-21T13:49:16","guid":{"rendered":"https:\/\/www.umweltperspektiven.ch\/?p=3209"},"modified":"2024-11-07T05:34:46","modified_gmt":"2024-11-07T04:34:46","slug":"fuenf-von-sechs-circle-gebaeuden-vermietet","status":"publish","type":"post","link":"https:\/\/www.organisator.ch\/en\/allgemein\/2020-07-21\/fuenf-von-sechs-circle-gebaeuden-vermietet\/","title":{"rendered":"Five of six Circle buildings leased"},"content":{"rendered":"<figure id=\"attachment_3210\" aria-describedby=\"caption-attachment-3210\" style=\"width: 150px\" class=\"wp-caption alignnone\"><img loading=\"lazy\" decoding=\"async\" class=\"wp-image-3210 size-thumbnail\" src=\"https:\/\/www.organisator.ch\/wp-content\/uploads\/2018\/02\/Sage-und-Zuercher-Kantonalbank-kooperieren_Organisator-150x150.jpg\" alt=\"Unispace new location The Circle\" width=\"150\" height=\"150\" srcset=\"https:\/\/www.organisator.ch\/wp-content\/uploads\/2018\/02\/Sage-und-Zuercher-Kantonalbank-kooperieren_Organisator-150x150.jpg 150w, https:\/\/www.organisator.ch\/wp-content\/uploads\/2018\/02\/Sage-und-Zuercher-Kantonalbank-kooperieren_Organisator-250x250.jpg 250w, https:\/\/www.organisator.ch\/wp-content\/uploads\/2018\/02\/Sage-und-Zuercher-Kantonalbank-kooperieren_Organisator-100x100.jpg 100w\" sizes=\"auto, (max-width: 150px) 100vw, 150px\" \/><figcaption id=\"caption-attachment-3210\" class=\"wp-caption-text\">The Circle offers many meeting options. The construction method convinces with some \"green\" aspects. The buildings are soon to be awarded the Minergie standard. (Image: The Circle)<\/figcaption><\/figure>\n<p><span lang=\"DE-CH\" xml:lang=\"DE-CH\">\"The new location at Zurich Airport \"The Circle\" represents another important milestone for Unispace in our continuous development in the Swiss and global market\", emphasizes Benji Tiso, Principal Unispace Switzerland. For him, this location decision is of great importance: \"The forward-looking concept of The Circle underlines our position as market-defining visionaries in workplace design. The synergies that arise at this new location allow us to optimally contribute our expertise and form long-term partnerships. We are convinced that the Circle will further strengthen and highlight Unispace, but also Zurich Airport in the international context!\"<\/span><\/p>\n<p><strong>Individual solutions<\/strong><\/p>\n<p><span lang=\"DE-CH\" xml:lang=\"DE-CH\">Unispace designs the working environments of companies and realizes innovative and future-oriented office spaces. In the Circle, the global company finds an ideal situation to implement its own expertise.<\/span><\/p>\n<p><span lang=\"DE-CH\" xml:lang=\"DE-CH\">The new destination for Zurich is convincing because of its community spirit and synergies with other tenants and usage modules. In addition, the Circle is chosen to offer employees, customers and partners a modern, future-oriented working environment in Switzerland's best-connected location.<\/span><\/p>\n<p><span lang=\"DE-CH\" xml:lang=\"DE-CH\">Alongside Microsoft and SAP, another globally active IT company is relocating its Swiss headquarters to the Circle. This makes the Circle a technology and innovation hotspot in Switzerland. In addition, the Circle is also very popular with biopharmaceutical companies. <\/span><span lang=\"DE-CH\" xml:lang=\"DE-CH\">In addition to MSD, another pharmaceutical company has decided to relocate its Swiss headquarters to the Circle at Zurich Airport. In total, a further 8,000m2 of office space was leased with these three deals.<\/span><\/p>\n<p><em><span lang=\"DE-CH\" xml:lang=\"DE-CH\">This means that most of the office space has been leased. Just under 10,000m2 of office space is still available, including small and large spaces in central locations. More information can be found on the following website: <\/span><\/em><a href=\"\/\/www.thecircle.ch\/de\/bueroflaechen\" target=\"_blank\" rel=\"noopener\"><span lang=\"DE-CH\" xml:lang=\"DE-CH\"><em>https:\/\/www.thecircle.ch\/de\/bueroflaechen<\/em><\/span><\/a><\/p>\n<p>&nbsp;<\/p>\n<p><strong><span lang=\"DE-CH\" xml:lang=\"DE-CH\">Opening in stages from autumn 2020<\/span><\/strong><\/p>\n<p><span lang=\"DE-CH\" xml:lang=\"DE-CH\">Despite Coronavirus, the Circle is progressing well and only slight delays to completion are expected. Several tenants have already taken over their space, and the official opening of the high-publicity areas such as the convention center, hotel, restaurants and stores is planned for November 2020.<\/span><\/p>","protected":false},"excerpt":{"rendered":"<p>&#8222;Der neue Standort im Flughafen Z\u00fcrich \u00abThe Circle\u00bb stellt f\u00fcr Unispace einen weiteren, wichtigen Meilenstein dar in unserer kontinuierlichen Entwicklung im Schweizer und globalen Markt&#8220;, betont Benji Tiso, Principal Unispace Schweiz. F\u00fchr ihn ist dieser Standortentscheid von grosser Bedeutung:&#8220;Das zukunftsweisende Konzept vom Circle unterstreicht unsere Position als marktdefinierende Vision\u00e4re im Workplace Design. Die Synergien, die [&hellip;]<\/p>\n","protected":false},"author":5,"featured_media":9714,"comment_status":"closed","ping_status":"closed","sticky":false,"template":"","format":"standard","meta":{"_acf_changed":false,"_yoast_wpseo_focuskw":"Unispace neuer Standort The Circle","_yoast_wpseo_metadesc":"Unispace er\u00f6ffnet neuen Standort im Flughafen Z\u00fcrich \u00abThe Circle\u00bb und st\u00e4rkt seine Position im Workplace Design.","articlekey":"","footnotes":""},"categories":[1],"tags":[124,1196,1707,365,2298],"class_list":["post-10193","post","type-post","status-publish","format-standard","has-post-thumbnail","hentry","category-allgemein","tag-co-working","tag-flughafen-zuerich","tag-mietflaechen","tag-office","tag-the-circle"],"acf":[],"yoast_head":"<!-- This site is optimized with the Yoast SEO plugin v27.5 - https:\/\/yoast.com\/product\/yoast-seo-wordpress\/ -->\n<title>F\u00fcnf von sechs Circle-Geb\u00e4uden vermietet - Organisator<\/title>\n<meta name=\"description\" content=\"Unispace er\u00f6ffnet neuen Standort im Flughafen Z\u00fcrich \u00abThe Circle\u00bb und st\u00e4rkt seine Position im Workplace Design.\" \/>\n<meta name=\"robots\" content=\"index, follow, max-snippet:-1, max-image-preview:large, max-video-preview:-1\" \/>\n<link rel=\"canonical\" href=\"https:\/\/www.organisator.ch\/en\/general\/2020-07-21\/fuenf-von-sechs-circle-gebaeuden-vermietet\/\" \/>\n<meta property=\"og:locale\" content=\"en_US\" \/>\n<meta property=\"og:type\" content=\"article\" \/>\n<meta property=\"og:title\" content=\"F\u00fcnf von sechs Circle-Geb\u00e4uden vermietet - Organisator\" \/>\n<meta property=\"og:description\" content=\"Unispace er\u00f6ffnet neuen Standort im Flughafen Z\u00fcrich \u00abThe Circle\u00bb und st\u00e4rkt seine Position im Workplace Design.\" \/>\n<meta property=\"og:url\" content=\"https:\/\/www.organisator.ch\/en\/general\/2020-07-21\/fuenf-von-sechs-circle-gebaeuden-vermietet\/\" \/>\n<meta property=\"og:site_name\" content=\"Organisator\" \/>\n<meta property=\"article:publisher\" content=\"https:\/\/www.facebook.com\/OrganisatorFachmagazin\" \/>\n<meta property=\"article:published_time\" content=\"2020-07-21T13:49:16+00:00\" \/>\n<meta property=\"article:modified_time\" content=\"2024-11-07T04:34:46+00:00\" \/>\n<meta property=\"og:image\" content=\"https:\/\/www.organisator.ch\/wp-content\/uploads\/2020\/07\/pavillion_park_0.jpg\" \/>\n\t<meta property=\"og:image:width\" content=\"929\" \/>\n\t<meta property=\"og:image:height\" content=\"600\" \/>\n\t<meta property=\"og:image:type\" content=\"image\/jpeg\" \/>\n<meta name=\"author\" content=\"michael.merz\" \/>\n<meta name=\"twitter:card\" content=\"summary_large_image\" \/>\n<script type=\"application\/ld+json\" class=\"yoast-schema-graph\">{\"@context\":\"https:\\\/\\\/schema.org\",\"@graph\":[{\"@type\":\"Article\",\"@id\":\"https:\\\/\\\/www.organisator.ch\\\/allgemein\\\/2020-07-21\\\/fuenf-von-sechs-circle-gebaeuden-vermietet\\\/#article\",\"isPartOf\":{\"@id\":\"https:\\\/\\\/www.organisator.ch\\\/allgemein\\\/2020-07-21\\\/fuenf-von-sechs-circle-gebaeuden-vermietet\\\/\"},\"author\":{\"name\":\"michael.merz\",\"@id\":\"https:\\\/\\\/www.organisator.ch\\\/#\\\/schema\\\/person\\\/134708ca9321c57b0362cceb7948ffbd\"},\"headline\":\"F\u00fcnf von sechs Circle-Geb\u00e4uden vermietet\",\"datePublished\":\"2020-07-21T13:49:16+00:00\",\"dateModified\":\"2024-11-07T04:34:46+00:00\",\"mainEntityOfPage\":{\"@id\":\"https:\\\/\\\/www.organisator.ch\\\/allgemein\\\/2020-07-21\\\/fuenf-von-sechs-circle-gebaeuden-vermietet\\\/\"},\"wordCount\":379,\"publisher\":{\"@id\":\"https:\\\/\\\/www.organisator.ch\\\/#organization\"},\"image\":{\"@id\":\"https:\\\/\\\/www.organisator.ch\\\/allgemein\\\/2020-07-21\\\/fuenf-von-sechs-circle-gebaeuden-vermietet\\\/#primaryimage\"},\"thumbnailUrl\":\"https:\\\/\\\/www.organisator.ch\\\/wp-content\\\/uploads\\\/2020\\\/07\\\/pavillion_park_0.jpg\",\"keywords\":[\"Co-Working\",\"Flughafen Z\u00fcrich\",\"Mietfl\u00e4chen\",\"Office\",\"The Circle\"],\"articleSection\":[\"Allgemein\"],\"inLanguage\":\"en-US\"},{\"@type\":\"WebPage\",\"@id\":\"https:\\\/\\\/www.organisator.ch\\\/allgemein\\\/2020-07-21\\\/fuenf-von-sechs-circle-gebaeuden-vermietet\\\/\",\"url\":\"https:\\\/\\\/www.organisator.ch\\\/allgemein\\\/2020-07-21\\\/fuenf-von-sechs-circle-gebaeuden-vermietet\\\/\",\"name\":\"F\u00fcnf von sechs Circle-Geb\u00e4uden vermietet - Organisator\",\"isPartOf\":{\"@id\":\"https:\\\/\\\/www.organisator.ch\\\/#website\"},\"primaryImageOfPage\":{\"@id\":\"https:\\\/\\\/www.organisator.ch\\\/allgemein\\\/2020-07-21\\\/fuenf-von-sechs-circle-gebaeuden-vermietet\\\/#primaryimage\"},\"image\":{\"@id\":\"https:\\\/\\\/www.organisator.ch\\\/allgemein\\\/2020-07-21\\\/fuenf-von-sechs-circle-gebaeuden-vermietet\\\/#primaryimage\"},\"thumbnailUrl\":\"https:\\\/\\\/www.organisator.ch\\\/wp-content\\\/uploads\\\/2020\\\/07\\\/pavillion_park_0.jpg\",\"datePublished\":\"2020-07-21T13:49:16+00:00\",\"dateModified\":\"2024-11-07T04:34:46+00:00\",\"description\":\"Unispace er\u00f6ffnet neuen Standort im Flughafen Z\u00fcrich \u00abThe Circle\u00bb und st\u00e4rkt seine Position im Workplace Design.\",\"breadcrumb\":{\"@id\":\"https:\\\/\\\/www.organisator.ch\\\/allgemein\\\/2020-07-21\\\/fuenf-von-sechs-circle-gebaeuden-vermietet\\\/#breadcrumb\"},\"inLanguage\":\"en-US\",\"potentialAction\":[{\"@type\":\"ReadAction\",\"target\":[\"https:\\\/\\\/www.organisator.ch\\\/allgemein\\\/2020-07-21\\\/fuenf-von-sechs-circle-gebaeuden-vermietet\\\/\"]}]},{\"@type\":\"ImageObject\",\"inLanguage\":\"en-US\",\"@id\":\"https:\\\/\\\/www.organisator.ch\\\/allgemein\\\/2020-07-21\\\/fuenf-von-sechs-circle-gebaeuden-vermietet\\\/#primaryimage\",\"url\":\"https:\\\/\\\/www.organisator.ch\\\/wp-content\\\/uploads\\\/2020\\\/07\\\/pavillion_park_0.jpg\",\"contentUrl\":\"https:\\\/\\\/www.organisator.ch\\\/wp-content\\\/uploads\\\/2020\\\/07\\\/pavillion_park_0.jpg\",\"width\":929,\"height\":600},{\"@type\":\"BreadcrumbList\",\"@id\":\"https:\\\/\\\/www.organisator.ch\\\/allgemein\\\/2020-07-21\\\/fuenf-von-sechs-circle-gebaeuden-vermietet\\\/#breadcrumb\",\"itemListElement\":[{\"@type\":\"ListItem\",\"position\":1,\"name\":\"Home\",\"item\":\"https:\\\/\\\/www.organisator.ch\\\/\"},{\"@type\":\"ListItem\",\"position\":2,\"name\":\"F\u00fcnf von sechs Circle-Geb\u00e4uden vermietet\"}]},{\"@type\":\"WebSite\",\"@id\":\"https:\\\/\\\/www.organisator.ch\\\/#website\",\"url\":\"https:\\\/\\\/www.organisator.ch\\\/\",\"name\":\"Organisator\",\"description\":\"Kompetent. Praxisnah. Der ORGANISATOR bereitet in 10 Ausgaben pro Jahr die wesentlichen Themen f\u00fcr F\u00fchrungskr\u00e4fte von KMU auf.\",\"publisher\":{\"@id\":\"https:\\\/\\\/www.organisator.ch\\\/#organization\"},\"potentialAction\":[{\"@type\":\"SearchAction\",\"target\":{\"@type\":\"EntryPoint\",\"urlTemplate\":\"https:\\\/\\\/www.organisator.ch\\\/?s={search_term_string}\"},\"query-input\":{\"@type\":\"PropertyValueSpecification\",\"valueRequired\":true,\"valueName\":\"search_term_string\"}}],\"inLanguage\":\"en-US\"},{\"@type\":\"Organization\",\"@id\":\"https:\\\/\\\/www.organisator.ch\\\/#organization\",\"name\":\"Organisator\",\"url\":\"https:\\\/\\\/www.organisator.ch\\\/\",\"logo\":{\"@type\":\"ImageObject\",\"inLanguage\":\"en-US\",\"@id\":\"https:\\\/\\\/www.organisator.ch\\\/#\\\/schema\\\/logo\\\/image\\\/\",\"url\":\"https:\\\/\\\/www.organisator.ch\\\/wp-content\\\/uploads\\\/2022\\\/01\\\/Logo_Organisator_Website.png\",\"contentUrl\":\"https:\\\/\\\/www.organisator.ch\\\/wp-content\\\/uploads\\\/2022\\\/01\\\/Logo_Organisator_Website.png\",\"width\":800,\"height\":77,\"caption\":\"Organisator\"},\"image\":{\"@id\":\"https:\\\/\\\/www.organisator.ch\\\/#\\\/schema\\\/logo\\\/image\\\/\"},\"sameAs\":[\"https:\\\/\\\/www.facebook.com\\\/OrganisatorFachmagazin\",\"https:\\\/\\\/www.linkedin.com\\\/showcase\\\/organisator-das-magazin-fr-kmu\",\"https:\\\/\\\/www.xing.com\\\/news\\\/pages\\\/organisator-ch-695\",\"https:\\\/\\\/www.youtube.com\\\/channel\\\/UCGP2Sq0iWaZwT3BdIAQFYpw\"]},{\"@type\":\"Person\",\"@id\":\"https:\\\/\\\/www.organisator.ch\\\/#\\\/schema\\\/person\\\/134708ca9321c57b0362cceb7948ffbd\",\"name\":\"michael.merz\",\"image\":{\"@type\":\"ImageObject\",\"inLanguage\":\"en-US\",\"@id\":\"https:\\\/\\\/secure.gravatar.com\\\/avatar\\\/?s=96&d=mm&r=g\",\"url\":\"https:\\\/\\\/secure.gravatar.com\\\/avatar\\\/?s=96&d=mm&r=g\",\"contentUrl\":\"https:\\\/\\\/secure.gravatar.com\\\/avatar\\\/?s=96&d=mm&r=g\",\"caption\":\"michael.merz\"},\"url\":\"https:\\\/\\\/www.organisator.ch\\\/en\\\/author\\\/michael-merz\\\/\"}]}<\/script>\n<!-- \/ Yoast SEO plugin. -->","yoast_head_json":{"title":"Five of six Circle buildings rented - organizer","description":"Unispace opens new location at Zurich Airport \"The Circle\" and strengthens its position in workplace design.","robots":{"index":"index","follow":"follow","max-snippet":"max-snippet:-1","max-image-preview":"max-image-preview:large","max-video-preview":"max-video-preview:-1"},"canonical":"https:\/\/www.organisator.ch\/en\/general\/2020-07-21\/fuenf-von-sechs-circle-gebaeuden-vermietet\/","og_locale":"en_US","og_type":"article","og_title":"F\u00fcnf von sechs Circle-Geb\u00e4uden vermietet - Organisator","og_description":"Unispace er\u00f6ffnet neuen Standort im Flughafen Z\u00fcrich \u00abThe Circle\u00bb und st\u00e4rkt seine Position im Workplace Design.","og_url":"https:\/\/www.organisator.ch\/en\/general\/2020-07-21\/fuenf-von-sechs-circle-gebaeuden-vermietet\/","og_site_name":"Organisator","article_publisher":"https:\/\/www.facebook.com\/OrganisatorFachmagazin","article_published_time":"2020-07-21T13:49:16+00:00","article_modified_time":"2024-11-07T04:34:46+00:00","og_image":[{"width":929,"height":600,"url":"https:\/\/www.organisator.ch\/wp-content\/uploads\/2020\/07\/pavillion_park_0.jpg","type":"image\/jpeg"}],"author":"michael.merz","twitter_card":"summary_large_image","schema":{"@context":"https:\/\/schema.org","@graph":[{"@type":"Article","@id":"https:\/\/www.organisator.ch\/allgemein\/2020-07-21\/fuenf-von-sechs-circle-gebaeuden-vermietet\/#article","isPartOf":{"@id":"https:\/\/www.organisator.ch\/allgemein\/2020-07-21\/fuenf-von-sechs-circle-gebaeuden-vermietet\/"},"author":{"name":"michael.merz","@id":"https:\/\/www.organisator.ch\/#\/schema\/person\/134708ca9321c57b0362cceb7948ffbd"},"headline":"F\u00fcnf von sechs Circle-Geb\u00e4uden vermietet","datePublished":"2020-07-21T13:49:16+00:00","dateModified":"2024-11-07T04:34:46+00:00","mainEntityOfPage":{"@id":"https:\/\/www.organisator.ch\/allgemein\/2020-07-21\/fuenf-von-sechs-circle-gebaeuden-vermietet\/"},"wordCount":379,"publisher":{"@id":"https:\/\/www.organisator.ch\/#organization"},"image":{"@id":"https:\/\/www.organisator.ch\/allgemein\/2020-07-21\/fuenf-von-sechs-circle-gebaeuden-vermietet\/#primaryimage"},"thumbnailUrl":"https:\/\/www.organisator.ch\/wp-content\/uploads\/2020\/07\/pavillion_park_0.jpg","keywords":["Co-Working","Flughafen Z\u00fcrich","Mietfl\u00e4chen","Office","The Circle"],"articleSection":["Allgemein"],"inLanguage":"en-US"},{"@type":"WebPage","@id":"https:\/\/www.organisator.ch\/allgemein\/2020-07-21\/fuenf-von-sechs-circle-gebaeuden-vermietet\/","url":"https:\/\/www.organisator.ch\/allgemein\/2020-07-21\/fuenf-von-sechs-circle-gebaeuden-vermietet\/","name":"Five of six Circle buildings rented - organizer","isPartOf":{"@id":"https:\/\/www.organisator.ch\/#website"},"primaryImageOfPage":{"@id":"https:\/\/www.organisator.ch\/allgemein\/2020-07-21\/fuenf-von-sechs-circle-gebaeuden-vermietet\/#primaryimage"},"image":{"@id":"https:\/\/www.organisator.ch\/allgemein\/2020-07-21\/fuenf-von-sechs-circle-gebaeuden-vermietet\/#primaryimage"},"thumbnailUrl":"https:\/\/www.organisator.ch\/wp-content\/uploads\/2020\/07\/pavillion_park_0.jpg","datePublished":"2020-07-21T13:49:16+00:00","dateModified":"2024-11-07T04:34:46+00:00","description":"Unispace opens new location at Zurich Airport \"The Circle\" and strengthens its position in workplace design.","breadcrumb":{"@id":"https:\/\/www.organisator.ch\/allgemein\/2020-07-21\/fuenf-von-sechs-circle-gebaeuden-vermietet\/#breadcrumb"},"inLanguage":"en-US","potentialAction":[{"@type":"ReadAction","target":["https:\/\/www.organisator.ch\/allgemein\/2020-07-21\/fuenf-von-sechs-circle-gebaeuden-vermietet\/"]}]},{"@type":"ImageObject","inLanguage":"en-US","@id":"https:\/\/www.organisator.ch\/allgemein\/2020-07-21\/fuenf-von-sechs-circle-gebaeuden-vermietet\/#primaryimage","url":"https:\/\/www.organisator.ch\/wp-content\/uploads\/2020\/07\/pavillion_park_0.jpg","contentUrl":"https:\/\/www.organisator.ch\/wp-content\/uploads\/2020\/07\/pavillion_park_0.jpg","width":929,"height":600},{"@type":"BreadcrumbList","@id":"https:\/\/www.organisator.ch\/allgemein\/2020-07-21\/fuenf-von-sechs-circle-gebaeuden-vermietet\/#breadcrumb","itemListElement":[{"@type":"ListItem","position":1,"name":"Home","item":"https:\/\/www.organisator.ch\/"},{"@type":"ListItem","position":2,"name":"F\u00fcnf von sechs Circle-Geb\u00e4uden vermietet"}]},{"@type":"WebSite","@id":"https:\/\/www.organisator.ch\/#website","url":"https:\/\/www.organisator.ch\/","name":"Organizer","description":"Competent. Practical. In 10 issues per year, ORGANISATOR presents the essential topics for managers of SMEs.","publisher":{"@id":"https:\/\/www.organisator.ch\/#organization"},"potentialAction":[{"@type":"SearchAction","target":{"@type":"EntryPoint","urlTemplate":"https:\/\/www.organisator.ch\/?s={search_term_string}"},"query-input":{"@type":"PropertyValueSpecification","valueRequired":true,"valueName":"search_term_string"}}],"inLanguage":"en-US"},{"@type":"Organization","@id":"https:\/\/www.organisator.ch\/#organization","name":"Organizer","url":"https:\/\/www.organisator.ch\/","logo":{"@type":"ImageObject","inLanguage":"en-US","@id":"https:\/\/www.organisator.ch\/#\/schema\/logo\/image\/","url":"https:\/\/www.organisator.ch\/wp-content\/uploads\/2022\/01\/Logo_Organisator_Website.png","contentUrl":"https:\/\/www.organisator.ch\/wp-content\/uploads\/2022\/01\/Logo_Organisator_Website.png","width":800,"height":77,"caption":"Organisator"},"image":{"@id":"https:\/\/www.organisator.ch\/#\/schema\/logo\/image\/"},"sameAs":["https:\/\/www.facebook.com\/OrganisatorFachmagazin","https:\/\/www.linkedin.com\/showcase\/organisator-das-magazin-fr-kmu","https:\/\/www.xing.com\/news\/pages\/organisator-ch-695","https:\/\/www.youtube.com\/channel\/UCGP2Sq0iWaZwT3BdIAQFYpw"]},{"@type":"Person","@id":"https:\/\/www.organisator.ch\/#\/schema\/person\/134708ca9321c57b0362cceb7948ffbd","name":"michael.merz","image":{"@type":"ImageObject","inLanguage":"en-US","@id":"https:\/\/secure.gravatar.com\/avatar\/?s=96&d=mm&r=g","url":"https:\/\/secure.gravatar.com\/avatar\/?s=96&d=mm&r=g","contentUrl":"https:\/\/secure.gravatar.com\/avatar\/?s=96&d=mm&r=g","caption":"michael.merz"},"url":"https:\/\/www.organisator.ch\/en\/author\/michael-merz\/"}]}},"_links":{"self":[{"href":"https:\/\/www.organisator.ch\/en\/wp-json\/wp\/v2\/posts\/10193","targetHints":{"allow":["GET"]}}],"collection":[{"href":"https:\/\/www.organisator.ch\/en\/wp-json\/wp\/v2\/posts"}],"about":[{"href":"https:\/\/www.organisator.ch\/en\/wp-json\/wp\/v2\/types\/post"}],"author":[{"embeddable":true,"href":"https:\/\/www.organisator.ch\/en\/wp-json\/wp\/v2\/users\/5"}],"replies":[{"embeddable":true,"href":"https:\/\/www.organisator.ch\/en\/wp-json\/wp\/v2\/comments?post=10193"}],"version-history":[{"count":2,"href":"https:\/\/www.organisator.ch\/en\/wp-json\/wp\/v2\/posts\/10193\/revisions"}],"predecessor-version":[{"id":31610,"href":"https:\/\/www.organisator.ch\/en\/wp-json\/wp\/v2\/posts\/10193\/revisions\/31610"}],"wp:featuredmedia":[{"embeddable":true,"href":"https:\/\/www.organisator.ch\/en\/wp-json\/wp\/v2\/media\/9714"}],"wp:attachment":[{"href":"https:\/\/www.organisator.ch\/en\/wp-json\/wp\/v2\/media?parent=10193"}],"wp:term":[{"taxonomy":"category","embeddable":true,"href":"https:\/\/www.organisator.ch\/en\/wp-json\/wp\/v2\/categories?post=10193"},{"taxonomy":"post_tag","embeddable":true,"href":"https:\/\/www.organisator.ch\/en\/wp-json\/wp\/v2\/tags?post=10193"}],"curies":[{"name":"wp","href":"https:\/\/api.w.org\/{rel}","templated":true}]}}