{"id":10200,"date":"2020-08-31T10:52:11","date_gmt":"2020-08-31T08:52:11","guid":{"rendered":"https:\/\/www.umweltperspektiven.ch\/?p=3294"},"modified":"2024-11-07T05:21:58","modified_gmt":"2024-11-07T04:21:58","slug":"stiftung-risiko-dialog-mit-neuer-stv-geschaeftsfuehrerin","status":"publish","type":"post","link":"https:\/\/www.organisator.ch\/en\/allgemein\/2020-08-31\/stiftung-risiko-dialog-mit-neuer-stv-geschaeftsfuehrerin\/","title":{"rendered":"Risk Dialogue Foundation with new deputy managing director"},"content":{"rendered":"<figure id=\"attachment_3295\" aria-describedby=\"caption-attachment-3295\" style=\"width: 680px\" class=\"wp-caption alignnone\"><img loading=\"lazy\" decoding=\"async\" class=\"wp-image-3295 size-medium\" src=\"\/\/www.umweltperspektiven.ch\/wp-content\/uploads\/2020\/08\/NeueGesch\u00e4ftsf\u00fchrerinStiftungRisikoDialog.jpg\" alt=\"Nathalie St\u00fcbi\" width=\"680\" height=\"453\" \/><figcaption id=\"caption-attachment-3295\" class=\"wp-caption-text\">Nathalie St\u00fcbi, Deputy Managing Director at the Risk Dialogue Foundation. (Image: zVg)<\/figcaption><\/figure>\n<p>Before Nathalie St\u00fcbi advanced at the Risk Dialog Foundation, she worked for seven years in the management of a digital startup. She expanded her social science background at the Chair of Computational Social Science at ETH and at the Climate Chair in Citizen Science at the University of Zurich. Thematically, Nathalie St\u00fcbi implements projects under the label APROPOS_:<\/p>\n<ul>\n<li>citizen-centered workshops on<a href=\"\/\/www.apropos.swiss\/de\/projekte\/ki-kuenstliche-intelligenz-in-unserem-alltag-LJ7KM5o\" target=\"_blank\" rel=\"noopener noreferrer\">\u00a0artificial intelligence<\/a><\/li>\n<li>Dialogue events on the\u00a0<a href=\"\/\/www.apropos.swiss\/de\/projekte\/digitale-demokratie-bGpgRb7\" target=\"_blank\" rel=\"noopener noreferrer\">digital democracy<\/a><\/li>\n<li>Studies on the\u00a0<a href=\"\/\/www.apropos.swiss\/de\/projekte\/datenkooperation-ch-BmayBAX\" target=\"_blank\" rel=\"noopener noreferrer\">sustainable data use<\/a><\/li>\n<li>the current awareness campaign<a href=\"\/\/www.apropos.swiss\/de\/projekte\/swisscovid-app-facts-xXKL9ok\" target=\"_blank\" rel=\"noopener noreferrer\">\u00a0\"Swisscovid App Facts\"<\/a><\/li>\n<\/ul>\n<p>Nathalie St\u00fcbi takes over the position from Christoph Beuttler, who is reducing his workload for the Risk Dialog Foundation due to other commitments. With his competencies, he supported the strategic development of the Risk Dialog Foundation and opened up new fields of activity. He has also strengthened the Climate and Energy business area, and in particular the \"<a href=\"\/\/www.risiko-dialog.ch\/projekt\/stakeholderdialog-cdr\/\" target=\"_blank\" rel=\"noopener noreferrer\">Negative emission technologies<\/a>\" (NET) built for the foundation.<\/p>\n<p>He will continue to work as project manager and senior expert in these topics and thus carry forward the vision of the Risk Dialogue Foundation for an open joint dialogue on the future, especially for NET in Swiss climate policy. Matthias Holenstein, as Managing Director of the Foundation, emphasizes: \"With Nathalie St\u00fcbi, we have found a competent successor and a thematic complement in the field of digitalization in the management. On behalf of the Risk Dialog Foundation, I would like to thank Christoph Beuttler for his long-term commitment and his impetus - also in further joint projects\".<\/p>\n<p><a href=\"\/\/www.risiko-dialog.ch\">www.risiko-dialog.ch<\/a><\/p>\n<p>&nbsp;<\/p>","protected":false},"excerpt":{"rendered":"<p>Bevor Nathalie St\u00fcbi bei der Stiftung Risiko-Dialog avancierte, hat sie w\u00e4hrend sieben Jahren in der Gesch\u00e4ftsleitung eines digitalen Startups gearbeitet. Ihren sozialwissenschaftlichen Hintergrund hatte sie am Lehrstuhl f\u00fcr Computational Social Science der ETH und am Klimalehrstuhl im Bereich Citizen Science der Universit\u00e4t Z\u00fcrich erweitert. Thematisch setzt Nathalie St\u00fcbi Projekte unter dem Label APROPOS_ um: b\u00fcrgerzentrierte [&hellip;]<\/p>\n","protected":false},"author":5,"featured_media":3295,"comment_status":"closed","ping_status":"closed","sticky":false,"template":"","format":"standard","meta":{"_acf_changed":false,"_yoast_wpseo_focuskw":"Nathalie St\u00fcbi","_yoast_wpseo_metadesc":"Nathalie St\u00fcbi \u00fcbernimmt die Position der stv. Gesch\u00e4ftsleiterin bei der Stiftung Risiko-Dialog und bringt wertvolle Expertise ein.","articlekey":"","footnotes":""},"categories":[1],"tags":[983,1804,381,424,2205],"class_list":["post-10200","post","type-post","status-publish","format-standard","has-post-thumbnail","hentry","category-allgemein","tag-digitale-demokratie","tag-nathalie-stuebi","tag-personalia","tag-schweiz","tag-stiftung-risiko-dialog"],"acf":[],"yoast_head":"<!-- This site is optimized with the Yoast SEO plugin v27.4 - https:\/\/yoast.com\/product\/yoast-seo-wordpress\/ -->\n<title>Stiftung Risiko-Dialog mit neuer stv. Gesch\u00e4ftsf\u00fchrerin - Organisator<\/title>\n<meta name=\"description\" content=\"Nathalie St\u00fcbi \u00fcbernimmt die Position der stv. Gesch\u00e4ftsleiterin bei der Stiftung Risiko-Dialog und bringt wertvolle Expertise ein.\" \/>\n<meta name=\"robots\" content=\"index, follow, max-snippet:-1, max-image-preview:large, max-video-preview:-1\" \/>\n<link rel=\"canonical\" href=\"https:\/\/www.organisator.ch\/en\/general\/2020-08-31\/stiftung-risiko-dialog-mit-neuer-stv-geschaeftsfuehrerin\/\" \/>\n<meta property=\"og:locale\" content=\"en_US\" \/>\n<meta property=\"og:type\" content=\"article\" \/>\n<meta property=\"og:title\" content=\"Stiftung Risiko-Dialog mit neuer stv. Gesch\u00e4ftsf\u00fchrerin - Organisator\" \/>\n<meta property=\"og:description\" content=\"Nathalie St\u00fcbi \u00fcbernimmt die Position der stv. Gesch\u00e4ftsleiterin bei der Stiftung Risiko-Dialog und bringt wertvolle Expertise ein.\" \/>\n<meta property=\"og:url\" content=\"https:\/\/www.organisator.ch\/en\/general\/2020-08-31\/stiftung-risiko-dialog-mit-neuer-stv-geschaeftsfuehrerin\/\" \/>\n<meta property=\"og:site_name\" content=\"Organisator\" \/>\n<meta property=\"article:publisher\" content=\"https:\/\/www.facebook.com\/OrganisatorFachmagazin\" \/>\n<meta property=\"article:published_time\" content=\"2020-08-31T08:52:11+00:00\" \/>\n<meta property=\"article:modified_time\" content=\"2024-11-07T04:21:58+00:00\" \/>\n<meta property=\"og:image\" content=\"https:\/\/www.organisator.ch\/wp-content\/uploads\/2020\/08\/NeueGeschaeftsfuehrerinStiftungRisikoDialog.jpg\" \/>\n\t<meta property=\"og:image:width\" content=\"692\" \/>\n\t<meta property=\"og:image:height\" content=\"461\" \/>\n\t<meta property=\"og:image:type\" content=\"image\/jpeg\" \/>\n<meta name=\"author\" content=\"michael.merz\" \/>\n<meta name=\"twitter:card\" content=\"summary_large_image\" \/>\n<script type=\"application\/ld+json\" class=\"yoast-schema-graph\">{\"@context\":\"https:\\\/\\\/schema.org\",\"@graph\":[{\"@type\":\"Article\",\"@id\":\"https:\\\/\\\/www.organisator.ch\\\/allgemein\\\/2020-08-31\\\/stiftung-risiko-dialog-mit-neuer-stv-geschaeftsfuehrerin\\\/#article\",\"isPartOf\":{\"@id\":\"https:\\\/\\\/www.organisator.ch\\\/allgemein\\\/2020-08-31\\\/stiftung-risiko-dialog-mit-neuer-stv-geschaeftsfuehrerin\\\/\"},\"author\":{\"name\":\"michael.merz\",\"@id\":\"https:\\\/\\\/www.organisator.ch\\\/#\\\/schema\\\/person\\\/134708ca9321c57b0362cceb7948ffbd\"},\"headline\":\"Stiftung Risiko-Dialog mit neuer stv. Gesch\u00e4ftsf\u00fchrerin\",\"datePublished\":\"2020-08-31T08:52:11+00:00\",\"dateModified\":\"2024-11-07T04:21:58+00:00\",\"mainEntityOfPage\":{\"@id\":\"https:\\\/\\\/www.organisator.ch\\\/allgemein\\\/2020-08-31\\\/stiftung-risiko-dialog-mit-neuer-stv-geschaeftsfuehrerin\\\/\"},\"wordCount\":267,\"publisher\":{\"@id\":\"https:\\\/\\\/www.organisator.ch\\\/#organization\"},\"image\":{\"@id\":\"https:\\\/\\\/www.organisator.ch\\\/allgemein\\\/2020-08-31\\\/stiftung-risiko-dialog-mit-neuer-stv-geschaeftsfuehrerin\\\/#primaryimage\"},\"thumbnailUrl\":\"https:\\\/\\\/www.organisator.ch\\\/wp-content\\\/uploads\\\/2020\\\/08\\\/NeueGeschaeftsfuehrerinStiftungRisikoDialog.jpg\",\"keywords\":[\"digitale Demokratie\",\"Nathalie St\u00fcbi\",\"Personalia\",\"Schweiz\",\"Stiftung Risiko-Dialog\"],\"articleSection\":[\"Allgemein\"],\"inLanguage\":\"en-US\"},{\"@type\":\"WebPage\",\"@id\":\"https:\\\/\\\/www.organisator.ch\\\/allgemein\\\/2020-08-31\\\/stiftung-risiko-dialog-mit-neuer-stv-geschaeftsfuehrerin\\\/\",\"url\":\"https:\\\/\\\/www.organisator.ch\\\/allgemein\\\/2020-08-31\\\/stiftung-risiko-dialog-mit-neuer-stv-geschaeftsfuehrerin\\\/\",\"name\":\"Stiftung Risiko-Dialog mit neuer stv. Gesch\u00e4ftsf\u00fchrerin - Organisator\",\"isPartOf\":{\"@id\":\"https:\\\/\\\/www.organisator.ch\\\/#website\"},\"primaryImageOfPage\":{\"@id\":\"https:\\\/\\\/www.organisator.ch\\\/allgemein\\\/2020-08-31\\\/stiftung-risiko-dialog-mit-neuer-stv-geschaeftsfuehrerin\\\/#primaryimage\"},\"image\":{\"@id\":\"https:\\\/\\\/www.organisator.ch\\\/allgemein\\\/2020-08-31\\\/stiftung-risiko-dialog-mit-neuer-stv-geschaeftsfuehrerin\\\/#primaryimage\"},\"thumbnailUrl\":\"https:\\\/\\\/www.organisator.ch\\\/wp-content\\\/uploads\\\/2020\\\/08\\\/NeueGeschaeftsfuehrerinStiftungRisikoDialog.jpg\",\"datePublished\":\"2020-08-31T08:52:11+00:00\",\"dateModified\":\"2024-11-07T04:21:58+00:00\",\"description\":\"Nathalie St\u00fcbi \u00fcbernimmt die Position der stv. Gesch\u00e4ftsleiterin bei der Stiftung Risiko-Dialog und bringt wertvolle Expertise ein.\",\"breadcrumb\":{\"@id\":\"https:\\\/\\\/www.organisator.ch\\\/allgemein\\\/2020-08-31\\\/stiftung-risiko-dialog-mit-neuer-stv-geschaeftsfuehrerin\\\/#breadcrumb\"},\"inLanguage\":\"en-US\",\"potentialAction\":[{\"@type\":\"ReadAction\",\"target\":[\"https:\\\/\\\/www.organisator.ch\\\/allgemein\\\/2020-08-31\\\/stiftung-risiko-dialog-mit-neuer-stv-geschaeftsfuehrerin\\\/\"]}]},{\"@type\":\"ImageObject\",\"inLanguage\":\"en-US\",\"@id\":\"https:\\\/\\\/www.organisator.ch\\\/allgemein\\\/2020-08-31\\\/stiftung-risiko-dialog-mit-neuer-stv-geschaeftsfuehrerin\\\/#primaryimage\",\"url\":\"https:\\\/\\\/www.organisator.ch\\\/wp-content\\\/uploads\\\/2020\\\/08\\\/NeueGeschaeftsfuehrerinStiftungRisikoDialog.jpg\",\"contentUrl\":\"https:\\\/\\\/www.organisator.ch\\\/wp-content\\\/uploads\\\/2020\\\/08\\\/NeueGeschaeftsfuehrerinStiftungRisikoDialog.jpg\",\"width\":692,\"height\":461,\"caption\":\"Nathalie St\u00fcbi, stv. Gesch\u00e4ftsleiterin bei der Stiftung Risiko-Dialog. (Bild: zVg)\"},{\"@type\":\"BreadcrumbList\",\"@id\":\"https:\\\/\\\/www.organisator.ch\\\/allgemein\\\/2020-08-31\\\/stiftung-risiko-dialog-mit-neuer-stv-geschaeftsfuehrerin\\\/#breadcrumb\",\"itemListElement\":[{\"@type\":\"ListItem\",\"position\":1,\"name\":\"Home\",\"item\":\"https:\\\/\\\/www.organisator.ch\\\/\"},{\"@type\":\"ListItem\",\"position\":2,\"name\":\"Stiftung Risiko-Dialog mit neuer stv. Gesch\u00e4ftsf\u00fchrerin\"}]},{\"@type\":\"WebSite\",\"@id\":\"https:\\\/\\\/www.organisator.ch\\\/#website\",\"url\":\"https:\\\/\\\/www.organisator.ch\\\/\",\"name\":\"Organisator\",\"description\":\"Kompetent. Praxisnah. Der ORGANISATOR bereitet in 10 Ausgaben pro Jahr die wesentlichen Themen f\u00fcr F\u00fchrungskr\u00e4fte von KMU auf.\",\"publisher\":{\"@id\":\"https:\\\/\\\/www.organisator.ch\\\/#organization\"},\"potentialAction\":[{\"@type\":\"SearchAction\",\"target\":{\"@type\":\"EntryPoint\",\"urlTemplate\":\"https:\\\/\\\/www.organisator.ch\\\/?s={search_term_string}\"},\"query-input\":{\"@type\":\"PropertyValueSpecification\",\"valueRequired\":true,\"valueName\":\"search_term_string\"}}],\"inLanguage\":\"en-US\"},{\"@type\":\"Organization\",\"@id\":\"https:\\\/\\\/www.organisator.ch\\\/#organization\",\"name\":\"Organisator\",\"url\":\"https:\\\/\\\/www.organisator.ch\\\/\",\"logo\":{\"@type\":\"ImageObject\",\"inLanguage\":\"en-US\",\"@id\":\"https:\\\/\\\/www.organisator.ch\\\/#\\\/schema\\\/logo\\\/image\\\/\",\"url\":\"https:\\\/\\\/www.organisator.ch\\\/wp-content\\\/uploads\\\/2022\\\/01\\\/Logo_Organisator_Website.png\",\"contentUrl\":\"https:\\\/\\\/www.organisator.ch\\\/wp-content\\\/uploads\\\/2022\\\/01\\\/Logo_Organisator_Website.png\",\"width\":800,\"height\":77,\"caption\":\"Organisator\"},\"image\":{\"@id\":\"https:\\\/\\\/www.organisator.ch\\\/#\\\/schema\\\/logo\\\/image\\\/\"},\"sameAs\":[\"https:\\\/\\\/www.facebook.com\\\/OrganisatorFachmagazin\",\"https:\\\/\\\/www.linkedin.com\\\/showcase\\\/organisator-das-magazin-fr-kmu\",\"https:\\\/\\\/www.xing.com\\\/news\\\/pages\\\/organisator-ch-695\",\"https:\\\/\\\/www.youtube.com\\\/channel\\\/UCGP2Sq0iWaZwT3BdIAQFYpw\"]},{\"@type\":\"Person\",\"@id\":\"https:\\\/\\\/www.organisator.ch\\\/#\\\/schema\\\/person\\\/134708ca9321c57b0362cceb7948ffbd\",\"name\":\"michael.merz\",\"image\":{\"@type\":\"ImageObject\",\"inLanguage\":\"en-US\",\"@id\":\"https:\\\/\\\/secure.gravatar.com\\\/avatar\\\/?s=96&d=mm&r=g\",\"url\":\"https:\\\/\\\/secure.gravatar.com\\\/avatar\\\/?s=96&d=mm&r=g\",\"contentUrl\":\"https:\\\/\\\/secure.gravatar.com\\\/avatar\\\/?s=96&d=mm&r=g\",\"caption\":\"michael.merz\"},\"url\":\"https:\\\/\\\/www.organisator.ch\\\/en\\\/author\\\/michael-merz\\\/\"}]}<\/script>\n<!-- \/ Yoast SEO plugin. -->","yoast_head_json":{"title":"Risk Dialogue Foundation with new deputy managing director - Organizer","description":"Nathalie St\u00fcbi takes over the position of Deputy Managing Director at the Risk Dialogue Foundation and contributes valuable expertise.","robots":{"index":"index","follow":"follow","max-snippet":"max-snippet:-1","max-image-preview":"max-image-preview:large","max-video-preview":"max-video-preview:-1"},"canonical":"https:\/\/www.organisator.ch\/en\/general\/2020-08-31\/stiftung-risiko-dialog-mit-neuer-stv-geschaeftsfuehrerin\/","og_locale":"en_US","og_type":"article","og_title":"Stiftung Risiko-Dialog mit neuer stv. Gesch\u00e4ftsf\u00fchrerin - Organisator","og_description":"Nathalie St\u00fcbi \u00fcbernimmt die Position der stv. Gesch\u00e4ftsleiterin bei der Stiftung Risiko-Dialog und bringt wertvolle Expertise ein.","og_url":"https:\/\/www.organisator.ch\/en\/general\/2020-08-31\/stiftung-risiko-dialog-mit-neuer-stv-geschaeftsfuehrerin\/","og_site_name":"Organisator","article_publisher":"https:\/\/www.facebook.com\/OrganisatorFachmagazin","article_published_time":"2020-08-31T08:52:11+00:00","article_modified_time":"2024-11-07T04:21:58+00:00","og_image":[{"width":692,"height":461,"url":"https:\/\/www.organisator.ch\/wp-content\/uploads\/2020\/08\/NeueGeschaeftsfuehrerinStiftungRisikoDialog.jpg","type":"image\/jpeg"}],"author":"michael.merz","twitter_card":"summary_large_image","schema":{"@context":"https:\/\/schema.org","@graph":[{"@type":"Article","@id":"https:\/\/www.organisator.ch\/allgemein\/2020-08-31\/stiftung-risiko-dialog-mit-neuer-stv-geschaeftsfuehrerin\/#article","isPartOf":{"@id":"https:\/\/www.organisator.ch\/allgemein\/2020-08-31\/stiftung-risiko-dialog-mit-neuer-stv-geschaeftsfuehrerin\/"},"author":{"name":"michael.merz","@id":"https:\/\/www.organisator.ch\/#\/schema\/person\/134708ca9321c57b0362cceb7948ffbd"},"headline":"Stiftung Risiko-Dialog mit neuer stv. Gesch\u00e4ftsf\u00fchrerin","datePublished":"2020-08-31T08:52:11+00:00","dateModified":"2024-11-07T04:21:58+00:00","mainEntityOfPage":{"@id":"https:\/\/www.organisator.ch\/allgemein\/2020-08-31\/stiftung-risiko-dialog-mit-neuer-stv-geschaeftsfuehrerin\/"},"wordCount":267,"publisher":{"@id":"https:\/\/www.organisator.ch\/#organization"},"image":{"@id":"https:\/\/www.organisator.ch\/allgemein\/2020-08-31\/stiftung-risiko-dialog-mit-neuer-stv-geschaeftsfuehrerin\/#primaryimage"},"thumbnailUrl":"https:\/\/www.organisator.ch\/wp-content\/uploads\/2020\/08\/NeueGeschaeftsfuehrerinStiftungRisikoDialog.jpg","keywords":["digitale Demokratie","Nathalie St\u00fcbi","Personalia","Schweiz","Stiftung Risiko-Dialog"],"articleSection":["Allgemein"],"inLanguage":"en-US"},{"@type":"WebPage","@id":"https:\/\/www.organisator.ch\/allgemein\/2020-08-31\/stiftung-risiko-dialog-mit-neuer-stv-geschaeftsfuehrerin\/","url":"https:\/\/www.organisator.ch\/allgemein\/2020-08-31\/stiftung-risiko-dialog-mit-neuer-stv-geschaeftsfuehrerin\/","name":"Risk Dialogue Foundation with new deputy managing director - Organizer","isPartOf":{"@id":"https:\/\/www.organisator.ch\/#website"},"primaryImageOfPage":{"@id":"https:\/\/www.organisator.ch\/allgemein\/2020-08-31\/stiftung-risiko-dialog-mit-neuer-stv-geschaeftsfuehrerin\/#primaryimage"},"image":{"@id":"https:\/\/www.organisator.ch\/allgemein\/2020-08-31\/stiftung-risiko-dialog-mit-neuer-stv-geschaeftsfuehrerin\/#primaryimage"},"thumbnailUrl":"https:\/\/www.organisator.ch\/wp-content\/uploads\/2020\/08\/NeueGeschaeftsfuehrerinStiftungRisikoDialog.jpg","datePublished":"2020-08-31T08:52:11+00:00","dateModified":"2024-11-07T04:21:58+00:00","description":"Nathalie St\u00fcbi takes over the position of Deputy Managing Director at the Risk Dialogue Foundation and contributes valuable expertise.","breadcrumb":{"@id":"https:\/\/www.organisator.ch\/allgemein\/2020-08-31\/stiftung-risiko-dialog-mit-neuer-stv-geschaeftsfuehrerin\/#breadcrumb"},"inLanguage":"en-US","potentialAction":[{"@type":"ReadAction","target":["https:\/\/www.organisator.ch\/allgemein\/2020-08-31\/stiftung-risiko-dialog-mit-neuer-stv-geschaeftsfuehrerin\/"]}]},{"@type":"ImageObject","inLanguage":"en-US","@id":"https:\/\/www.organisator.ch\/allgemein\/2020-08-31\/stiftung-risiko-dialog-mit-neuer-stv-geschaeftsfuehrerin\/#primaryimage","url":"https:\/\/www.organisator.ch\/wp-content\/uploads\/2020\/08\/NeueGeschaeftsfuehrerinStiftungRisikoDialog.jpg","contentUrl":"https:\/\/www.organisator.ch\/wp-content\/uploads\/2020\/08\/NeueGeschaeftsfuehrerinStiftungRisikoDialog.jpg","width":692,"height":461,"caption":"Nathalie St\u00fcbi, stv. Gesch\u00e4ftsleiterin bei der Stiftung Risiko-Dialog. (Bild: zVg)"},{"@type":"BreadcrumbList","@id":"https:\/\/www.organisator.ch\/allgemein\/2020-08-31\/stiftung-risiko-dialog-mit-neuer-stv-geschaeftsfuehrerin\/#breadcrumb","itemListElement":[{"@type":"ListItem","position":1,"name":"Home","item":"https:\/\/www.organisator.ch\/"},{"@type":"ListItem","position":2,"name":"Stiftung Risiko-Dialog mit neuer stv. Gesch\u00e4ftsf\u00fchrerin"}]},{"@type":"WebSite","@id":"https:\/\/www.organisator.ch\/#website","url":"https:\/\/www.organisator.ch\/","name":"Organizer","description":"Competent. Practical. In 10 issues per year, ORGANISATOR presents the essential topics for managers of SMEs.","publisher":{"@id":"https:\/\/www.organisator.ch\/#organization"},"potentialAction":[{"@type":"SearchAction","target":{"@type":"EntryPoint","urlTemplate":"https:\/\/www.organisator.ch\/?s={search_term_string}"},"query-input":{"@type":"PropertyValueSpecification","valueRequired":true,"valueName":"search_term_string"}}],"inLanguage":"en-US"},{"@type":"Organization","@id":"https:\/\/www.organisator.ch\/#organization","name":"Organizer","url":"https:\/\/www.organisator.ch\/","logo":{"@type":"ImageObject","inLanguage":"en-US","@id":"https:\/\/www.organisator.ch\/#\/schema\/logo\/image\/","url":"https:\/\/www.organisator.ch\/wp-content\/uploads\/2022\/01\/Logo_Organisator_Website.png","contentUrl":"https:\/\/www.organisator.ch\/wp-content\/uploads\/2022\/01\/Logo_Organisator_Website.png","width":800,"height":77,"caption":"Organisator"},"image":{"@id":"https:\/\/www.organisator.ch\/#\/schema\/logo\/image\/"},"sameAs":["https:\/\/www.facebook.com\/OrganisatorFachmagazin","https:\/\/www.linkedin.com\/showcase\/organisator-das-magazin-fr-kmu","https:\/\/www.xing.com\/news\/pages\/organisator-ch-695","https:\/\/www.youtube.com\/channel\/UCGP2Sq0iWaZwT3BdIAQFYpw"]},{"@type":"Person","@id":"https:\/\/www.organisator.ch\/#\/schema\/person\/134708ca9321c57b0362cceb7948ffbd","name":"michael.merz","image":{"@type":"ImageObject","inLanguage":"en-US","@id":"https:\/\/secure.gravatar.com\/avatar\/?s=96&d=mm&r=g","url":"https:\/\/secure.gravatar.com\/avatar\/?s=96&d=mm&r=g","contentUrl":"https:\/\/secure.gravatar.com\/avatar\/?s=96&d=mm&r=g","caption":"michael.merz"},"url":"https:\/\/www.organisator.ch\/en\/author\/michael-merz\/"}]}},"_links":{"self":[{"href":"https:\/\/www.organisator.ch\/en\/wp-json\/wp\/v2\/posts\/10200","targetHints":{"allow":["GET"]}}],"collection":[{"href":"https:\/\/www.organisator.ch\/en\/wp-json\/wp\/v2\/posts"}],"about":[{"href":"https:\/\/www.organisator.ch\/en\/wp-json\/wp\/v2\/types\/post"}],"author":[{"embeddable":true,"href":"https:\/\/www.organisator.ch\/en\/wp-json\/wp\/v2\/users\/5"}],"replies":[{"embeddable":true,"href":"https:\/\/www.organisator.ch\/en\/wp-json\/wp\/v2\/comments?post=10200"}],"version-history":[{"count":2,"href":"https:\/\/www.organisator.ch\/en\/wp-json\/wp\/v2\/posts\/10200\/revisions"}],"predecessor-version":[{"id":31605,"href":"https:\/\/www.organisator.ch\/en\/wp-json\/wp\/v2\/posts\/10200\/revisions\/31605"}],"wp:featuredmedia":[{"embeddable":true,"href":"https:\/\/www.organisator.ch\/en\/wp-json\/wp\/v2\/media\/3295"}],"wp:attachment":[{"href":"https:\/\/www.organisator.ch\/en\/wp-json\/wp\/v2\/media?parent=10200"}],"wp:term":[{"taxonomy":"category","embeddable":true,"href":"https:\/\/www.organisator.ch\/en\/wp-json\/wp\/v2\/categories?post=10200"},{"taxonomy":"post_tag","embeddable":true,"href":"https:\/\/www.organisator.ch\/en\/wp-json\/wp\/v2\/tags?post=10200"}],"curies":[{"name":"wp","href":"https:\/\/api.w.org\/{rel}","templated":true}]}}