{"id":10206,"date":"2020-09-08T17:20:49","date_gmt":"2020-09-08T15:20:49","guid":{"rendered":"https:\/\/www.umweltperspektiven.ch\/?p=3340"},"modified":"2022-02-09T11:09:55","modified_gmt":"2022-02-09T10:09:55","slug":"swiss-green-economy-symposium-2020-mit-dialog-und-eigensinn-zur-nachhaltigkeit","status":"publish","type":"post","link":"https:\/\/www.organisator.ch\/en\/sustainability\/2020-09-08\/swiss-green-economy-symposium-2020-mit-dialog-und-eigensinn-zur-nachhaltigkeit\/","title":{"rendered":"Swiss Green Economy Symposium 2020: With Dialogue and Stubbornness to Sustainability"},"content":{"rendered":"<p>&nbsp;<\/p>\n<figure id=\"attachment_3341\" aria-describedby=\"caption-attachment-3341\" style=\"width: 612px\" class=\"wp-caption alignnone\"><img loading=\"lazy\" decoding=\"async\" class=\"wp-image-3341\" src=\"\/\/www.umweltperspektiven.ch\/wp-content\/uploads\/2020\/09\/SGES.jpg\" alt=\"\" width=\"612\" height=\"459\" \/><figcaption id=\"caption-attachment-3341\" class=\"wp-caption-text\">Always objective: the presenters at SGES 2020 Sonja Hassler and Dominique Reber. (Image: Michael Merz)<\/figcaption><\/figure>\n<p>In his welcoming speech to the Swiss Green Economy Symposium 2020, the mayor of Winterthur showed how the second largest city in the canton of Zurich interprets sustainable urban development: \"A lot of inspiration, curiosity and interest in cooperation. We need all of this for successful innovations,\" Michael K\u00fcnzle rang in the Swiss Green Economy Symposium. As the next item on the program, representatives from business, science, politics and administration discussed how digitalization and visionary thinking can be used for sustainability.<\/p>\n<p>For example, it showed how companies can use blockchain technology to operate more sustainably and what opportunities 5G offers - keyword CO2 reduction (see also a comparison at\u00a0<a href=\"\/\/www.risiko-dialog.ch\/projekt\/divergierende-risikobewertungen-im-bereich-mobilfunk\/\">\"Diverging risk assessments in mobile communications.<\/a>\") - offers. The participants agreed that events like the Swiss Green Economy Symposium are important to overcome silo thinking and to develop innovative ideas together.<\/p>\n<p><strong>\u00a0<\/strong><strong>Prizes go to EMPA wood team and ZHAW students<\/strong><\/p>\n<p>Professor Ingo Burgert from the Swiss Federal Laboratories for Materials Testing and Research Empa illustrated the fascination that can be associated with wood as a material. He and his WoodTec team at Empa received the SDG Company Award of the Swiss Green Economy Symposium. In awarding the prize, the Swiss Green Economy Symposium recognized the researchers for their achievements in the field of sustainable construction with wood. Other prizes went to ZHAW students for their outstanding bachelor's and master's theses. On stage, the young people were visibly delighted with the award and the laudation given by Professor Jean-Marc Piveteau, Rector ZHAW.<\/p>\n<p>After a short film on the topic of food waste and a networking break, the next item on the morning's agenda was \"Get started now with the circular economy\". In the presentations and panel discussions, participants used specific examples, such as waste-to-energy plants, plastic recycling and cement production, to show how circular economy can be a growth opportunity. If implemented correctly, it can create new jobs and help reduce environmental pollution.<\/p>\n<p><strong>Sustainably out of the crisis<\/strong><\/p>\n<p>Before heading off to a well-deserved lunch, the participants once again showed their full attention. On stage - and later in personal discussions - they discussed how sustainable ways out of the crisis can be found. It was clear, for example, how technology can be used to improve the healthcare system and how wood can sustainably complement other materials such as concrete on the construction site.<\/p>\n<p>In the afternoon, the visitors split up. They chose between numerous innovation forums, where they could discuss in depth topics as diverse as high-tech food, impact investing, cinder-blocks and autonomous vehicles. In the innovation forum on smart cities, briefly presented here as an example of one of these forums, the focus was first on pilot projects from Winterthur (e.g. climate simulation Lokstadt, data generation through pedestrian\/velo traffic promotion campaign, electric collection vehicle). The participants were also able to learn a lot about activities from other Swiss and foreign cities, the economy and international organizations, and to engage in lively discussions.<\/p>\n<p><strong>Popular topic: \"Smart Cities\u00a0<\/strong><\/p>\n<p>Due to the great interest in the topic of Smart Cities, the Innovation Forum also extended to the following day, which was opened by the Dutch Embassy, thus underlining the cooperation with the partner country. The second day of the Smart Cities Innovation Forum provided a dialogue platform for the national associations Smart City Hub Switzerland and Smart City Alliance and valuable networking opportunities for their members, who shared concrete experiences with the attendees.<\/p>\n<p>In addition, international initiatives such as \"United for Smart Sustainable Cities\" of the ITU-UN and the Global Smart City Partnership Program of the World Bank as well as on-site export opportunities of Switzerland Global Enterprise and funding instruments of SNF, Innosuisse and SwissEnergy for municipalities were also discussed. In smaller workshops, many smart city topics were discussed in greater depth and further developed in partnership.<\/p>\n<p>As the last presentation of the main day, government councilor Martin Neukom showed, among other things, why solar facades will be standard on buildings in the future and why the future clearly does not belong to combustion engines. After an intense but exciting and inspiring day, it was then time to move on to the more informal program: At the networking aperitif, the participants could review everything again and discuss open points.<\/p>\n<p>Musically accompanied by the JazzChur-Haustrio they ended the main day of the Swiss Green Economy Symposium 2020.<\/p>\n<p><a href=\"\/\/www.sges.ch\">www.sges.ch<\/a><\/p>","protected":false},"excerpt":{"rendered":"<p>&nbsp; In seiner Begr\u00fcssungsrede zum Swiss Green Economy Symposium 2020\u00a0zeigte der Stadtpr\u00e4sident von Winterthur, wie die zweitgr\u00f6sste Stadt des Kantons Z\u00fcrich nachhaltige Stadtentwicklung interpretiert:\u00a0\u00abViel Inspiration, Neugierde und Interesse an Kooperationen. All dies brauchen wir f\u00fcr erfolgreiche Innovationen\u00bb, l\u00e4utete Michael K\u00fcnzle das Swiss Green Economy Symposium ein. Als n\u00e4chsten Programmpunkt diskutierten Vertreter aus Wirtschaft, Wissenschaft, Politik [&hellip;]<\/p>\n","protected":false},"author":5,"featured_media":9727,"comment_status":"closed","ping_status":"closed","sticky":false,"template":"","format":"standard","meta":{"_acf_changed":false,"_yoast_wpseo_focuskw":"Swiss Green Economy Symposium 2020","_yoast_wpseo_metadesc":"Im Mittelpunkt am 7. Swiss Green Economy Symposium 2020 standen die Themen Strategiefindung, Digitalisierung und Kreislaufwirtschaft auf dem Programm.","articlekey":"","footnotes":""},"categories":[580],"tags":[131,156,458,2260,502,2574,2577],"class_list":["post-10206","post","type-post","status-publish","format-standard","has-post-thumbnail","hentry","category-sustainability","tag-corona-krise","tag-digitalisierung","tag-strategie","tag-swiss-green-economy-symposium-2020","tag-veranstaltungen","tag-winterthur","tag-wirtschaftlichkeit"],"acf":[],"yoast_head":"<!-- This site is optimized with the Yoast SEO plugin v27.5 - https:\/\/yoast.com\/product\/yoast-seo-wordpress\/ -->\n<title>Swiss Green Economy Symposium 2020: Mit Dialog und Eigensinn zur Nachhaltigkeit - Organisator<\/title>\n<meta name=\"description\" content=\"Im Mittelpunkt am 7. Swiss Green Economy Symposium 2020 standen die Themen Strategiefindung, Digitalisierung und Kreislaufwirtschaft auf dem Programm.\" \/>\n<meta name=\"robots\" content=\"index, follow, max-snippet:-1, max-image-preview:large, max-video-preview:-1\" \/>\n<link rel=\"canonical\" href=\"https:\/\/www.organisator.ch\/en\/sustainability\/2020-09-08\/swiss-green-economy-symposium-2020-mit-dialog-und-eigensinn-zur-nachhaltigkeit\/\" \/>\n<meta property=\"og:locale\" content=\"en_US\" \/>\n<meta property=\"og:type\" content=\"article\" \/>\n<meta property=\"og:title\" content=\"Swiss Green Economy Symposium 2020: Mit Dialog und Eigensinn zur Nachhaltigkeit - Organisator\" \/>\n<meta property=\"og:description\" content=\"Im Mittelpunkt am 7. Swiss Green Economy Symposium 2020 standen die Themen Strategiefindung, Digitalisierung und Kreislaufwirtschaft auf dem Programm.\" \/>\n<meta property=\"og:url\" content=\"https:\/\/www.organisator.ch\/en\/sustainability\/2020-09-08\/swiss-green-economy-symposium-2020-mit-dialog-und-eigensinn-zur-nachhaltigkeit\/\" \/>\n<meta property=\"og:site_name\" content=\"Organisator\" \/>\n<meta property=\"article:publisher\" content=\"https:\/\/www.facebook.com\/OrganisatorFachmagazin\" \/>\n<meta property=\"article:published_time\" content=\"2020-09-08T15:20:49+00:00\" \/>\n<meta property=\"article:modified_time\" content=\"2022-02-09T10:09:55+00:00\" \/>\n<meta property=\"og:image\" content=\"https:\/\/www.organisator.ch\/wp-content\/uploads\/2020\/09\/SGES-scaled.jpg\" \/>\n\t<meta property=\"og:image:width\" content=\"2560\" \/>\n\t<meta property=\"og:image:height\" content=\"1920\" \/>\n\t<meta property=\"og:image:type\" content=\"image\/jpeg\" \/>\n<meta name=\"author\" content=\"michael.merz\" \/>\n<meta name=\"twitter:card\" content=\"summary_large_image\" \/>\n<script type=\"application\/ld+json\" class=\"yoast-schema-graph\">{\"@context\":\"https:\\\/\\\/schema.org\",\"@graph\":[{\"@type\":\"Article\",\"@id\":\"https:\\\/\\\/www.organisator.ch\\\/sustainability\\\/2020-09-08\\\/swiss-green-economy-symposium-2020-mit-dialog-und-eigensinn-zur-nachhaltigkeit\\\/#article\",\"isPartOf\":{\"@id\":\"https:\\\/\\\/www.organisator.ch\\\/sustainability\\\/2020-09-08\\\/swiss-green-economy-symposium-2020-mit-dialog-und-eigensinn-zur-nachhaltigkeit\\\/\"},\"author\":{\"name\":\"michael.merz\",\"@id\":\"https:\\\/\\\/www.organisator.ch\\\/#\\\/schema\\\/person\\\/134708ca9321c57b0362cceb7948ffbd\"},\"headline\":\"Swiss Green Economy Symposium 2020: Mit Dialog und Eigensinn zur Nachhaltigkeit\",\"datePublished\":\"2020-09-08T15:20:49+00:00\",\"dateModified\":\"2022-02-09T10:09:55+00:00\",\"mainEntityOfPage\":{\"@id\":\"https:\\\/\\\/www.organisator.ch\\\/sustainability\\\/2020-09-08\\\/swiss-green-economy-symposium-2020-mit-dialog-und-eigensinn-zur-nachhaltigkeit\\\/\"},\"wordCount\":700,\"publisher\":{\"@id\":\"https:\\\/\\\/www.organisator.ch\\\/#organization\"},\"image\":{\"@id\":\"https:\\\/\\\/www.organisator.ch\\\/sustainability\\\/2020-09-08\\\/swiss-green-economy-symposium-2020-mit-dialog-und-eigensinn-zur-nachhaltigkeit\\\/#primaryimage\"},\"thumbnailUrl\":\"https:\\\/\\\/www.organisator.ch\\\/wp-content\\\/uploads\\\/2020\\\/09\\\/SGES-scaled.jpg\",\"keywords\":[\"Corona-Krise\",\"Digitalisierung\",\"Strategie\",\"Swiss Green Economy Symposium 2020\",\"Veranstaltungen\",\"Winterthur\",\"Wirtschaftlichkeit\"],\"articleSection\":[\"SUSTAINABILITY\"],\"inLanguage\":\"en-US\"},{\"@type\":\"WebPage\",\"@id\":\"https:\\\/\\\/www.organisator.ch\\\/sustainability\\\/2020-09-08\\\/swiss-green-economy-symposium-2020-mit-dialog-und-eigensinn-zur-nachhaltigkeit\\\/\",\"url\":\"https:\\\/\\\/www.organisator.ch\\\/sustainability\\\/2020-09-08\\\/swiss-green-economy-symposium-2020-mit-dialog-und-eigensinn-zur-nachhaltigkeit\\\/\",\"name\":\"Swiss Green Economy Symposium 2020: Mit Dialog und Eigensinn zur Nachhaltigkeit - Organisator\",\"isPartOf\":{\"@id\":\"https:\\\/\\\/www.organisator.ch\\\/#website\"},\"primaryImageOfPage\":{\"@id\":\"https:\\\/\\\/www.organisator.ch\\\/sustainability\\\/2020-09-08\\\/swiss-green-economy-symposium-2020-mit-dialog-und-eigensinn-zur-nachhaltigkeit\\\/#primaryimage\"},\"image\":{\"@id\":\"https:\\\/\\\/www.organisator.ch\\\/sustainability\\\/2020-09-08\\\/swiss-green-economy-symposium-2020-mit-dialog-und-eigensinn-zur-nachhaltigkeit\\\/#primaryimage\"},\"thumbnailUrl\":\"https:\\\/\\\/www.organisator.ch\\\/wp-content\\\/uploads\\\/2020\\\/09\\\/SGES-scaled.jpg\",\"datePublished\":\"2020-09-08T15:20:49+00:00\",\"dateModified\":\"2022-02-09T10:09:55+00:00\",\"description\":\"Im Mittelpunkt am 7. Swiss Green Economy Symposium 2020 standen die Themen Strategiefindung, Digitalisierung und Kreislaufwirtschaft auf dem Programm.\",\"breadcrumb\":{\"@id\":\"https:\\\/\\\/www.organisator.ch\\\/sustainability\\\/2020-09-08\\\/swiss-green-economy-symposium-2020-mit-dialog-und-eigensinn-zur-nachhaltigkeit\\\/#breadcrumb\"},\"inLanguage\":\"en-US\",\"potentialAction\":[{\"@type\":\"ReadAction\",\"target\":[\"https:\\\/\\\/www.organisator.ch\\\/sustainability\\\/2020-09-08\\\/swiss-green-economy-symposium-2020-mit-dialog-und-eigensinn-zur-nachhaltigkeit\\\/\"]}]},{\"@type\":\"ImageObject\",\"inLanguage\":\"en-US\",\"@id\":\"https:\\\/\\\/www.organisator.ch\\\/sustainability\\\/2020-09-08\\\/swiss-green-economy-symposium-2020-mit-dialog-und-eigensinn-zur-nachhaltigkeit\\\/#primaryimage\",\"url\":\"https:\\\/\\\/www.organisator.ch\\\/wp-content\\\/uploads\\\/2020\\\/09\\\/SGES-scaled.jpg\",\"contentUrl\":\"https:\\\/\\\/www.organisator.ch\\\/wp-content\\\/uploads\\\/2020\\\/09\\\/SGES-scaled.jpg\",\"width\":2560,\"height\":1920},{\"@type\":\"BreadcrumbList\",\"@id\":\"https:\\\/\\\/www.organisator.ch\\\/sustainability\\\/2020-09-08\\\/swiss-green-economy-symposium-2020-mit-dialog-und-eigensinn-zur-nachhaltigkeit\\\/#breadcrumb\",\"itemListElement\":[{\"@type\":\"ListItem\",\"position\":1,\"name\":\"Home\",\"item\":\"https:\\\/\\\/www.organisator.ch\\\/\"},{\"@type\":\"ListItem\",\"position\":2,\"name\":\"Swiss Green Economy Symposium 2020: Mit Dialog und Eigensinn zur Nachhaltigkeit\"}]},{\"@type\":\"WebSite\",\"@id\":\"https:\\\/\\\/www.organisator.ch\\\/#website\",\"url\":\"https:\\\/\\\/www.organisator.ch\\\/\",\"name\":\"Organisator\",\"description\":\"Kompetent. Praxisnah. Der ORGANISATOR bereitet in 10 Ausgaben pro Jahr die wesentlichen Themen f\u00fcr F\u00fchrungskr\u00e4fte von KMU auf.\",\"publisher\":{\"@id\":\"https:\\\/\\\/www.organisator.ch\\\/#organization\"},\"potentialAction\":[{\"@type\":\"SearchAction\",\"target\":{\"@type\":\"EntryPoint\",\"urlTemplate\":\"https:\\\/\\\/www.organisator.ch\\\/?s={search_term_string}\"},\"query-input\":{\"@type\":\"PropertyValueSpecification\",\"valueRequired\":true,\"valueName\":\"search_term_string\"}}],\"inLanguage\":\"en-US\"},{\"@type\":\"Organization\",\"@id\":\"https:\\\/\\\/www.organisator.ch\\\/#organization\",\"name\":\"Organisator\",\"url\":\"https:\\\/\\\/www.organisator.ch\\\/\",\"logo\":{\"@type\":\"ImageObject\",\"inLanguage\":\"en-US\",\"@id\":\"https:\\\/\\\/www.organisator.ch\\\/#\\\/schema\\\/logo\\\/image\\\/\",\"url\":\"https:\\\/\\\/www.organisator.ch\\\/wp-content\\\/uploads\\\/2022\\\/01\\\/Logo_Organisator_Website.png\",\"contentUrl\":\"https:\\\/\\\/www.organisator.ch\\\/wp-content\\\/uploads\\\/2022\\\/01\\\/Logo_Organisator_Website.png\",\"width\":800,\"height\":77,\"caption\":\"Organisator\"},\"image\":{\"@id\":\"https:\\\/\\\/www.organisator.ch\\\/#\\\/schema\\\/logo\\\/image\\\/\"},\"sameAs\":[\"https:\\\/\\\/www.facebook.com\\\/OrganisatorFachmagazin\",\"https:\\\/\\\/www.linkedin.com\\\/showcase\\\/organisator-das-magazin-fr-kmu\",\"https:\\\/\\\/www.xing.com\\\/news\\\/pages\\\/organisator-ch-695\",\"https:\\\/\\\/www.youtube.com\\\/channel\\\/UCGP2Sq0iWaZwT3BdIAQFYpw\"]},{\"@type\":\"Person\",\"@id\":\"https:\\\/\\\/www.organisator.ch\\\/#\\\/schema\\\/person\\\/134708ca9321c57b0362cceb7948ffbd\",\"name\":\"michael.merz\",\"image\":{\"@type\":\"ImageObject\",\"inLanguage\":\"en-US\",\"@id\":\"https:\\\/\\\/secure.gravatar.com\\\/avatar\\\/?s=96&d=mm&r=g\",\"url\":\"https:\\\/\\\/secure.gravatar.com\\\/avatar\\\/?s=96&d=mm&r=g\",\"contentUrl\":\"https:\\\/\\\/secure.gravatar.com\\\/avatar\\\/?s=96&d=mm&r=g\",\"caption\":\"michael.merz\"},\"url\":\"https:\\\/\\\/www.organisator.ch\\\/en\\\/author\\\/michael-merz\\\/\"}]}<\/script>\n<!-- \/ Yoast SEO plugin. -->","yoast_head_json":{"title":"Swiss Green Economy Symposium 2020: With dialogue and stubbornness to sustainability - Organizer","description":"The focus at the 7th Swiss Green Economy Symposium 2020 was on strategy development, digitalization and the circular economy.","robots":{"index":"index","follow":"follow","max-snippet":"max-snippet:-1","max-image-preview":"max-image-preview:large","max-video-preview":"max-video-preview:-1"},"canonical":"https:\/\/www.organisator.ch\/en\/sustainability\/2020-09-08\/swiss-green-economy-symposium-2020-mit-dialog-und-eigensinn-zur-nachhaltigkeit\/","og_locale":"en_US","og_type":"article","og_title":"Swiss Green Economy Symposium 2020: Mit Dialog und Eigensinn zur Nachhaltigkeit - Organisator","og_description":"Im Mittelpunkt am 7. Swiss Green Economy Symposium 2020 standen die Themen Strategiefindung, Digitalisierung und Kreislaufwirtschaft auf dem Programm.","og_url":"https:\/\/www.organisator.ch\/en\/sustainability\/2020-09-08\/swiss-green-economy-symposium-2020-mit-dialog-und-eigensinn-zur-nachhaltigkeit\/","og_site_name":"Organisator","article_publisher":"https:\/\/www.facebook.com\/OrganisatorFachmagazin","article_published_time":"2020-09-08T15:20:49+00:00","article_modified_time":"2022-02-09T10:09:55+00:00","og_image":[{"width":2560,"height":1920,"url":"https:\/\/www.organisator.ch\/wp-content\/uploads\/2020\/09\/SGES-scaled.jpg","type":"image\/jpeg"}],"author":"michael.merz","twitter_card":"summary_large_image","schema":{"@context":"https:\/\/schema.org","@graph":[{"@type":"Article","@id":"https:\/\/www.organisator.ch\/sustainability\/2020-09-08\/swiss-green-economy-symposium-2020-mit-dialog-und-eigensinn-zur-nachhaltigkeit\/#article","isPartOf":{"@id":"https:\/\/www.organisator.ch\/sustainability\/2020-09-08\/swiss-green-economy-symposium-2020-mit-dialog-und-eigensinn-zur-nachhaltigkeit\/"},"author":{"name":"michael.merz","@id":"https:\/\/www.organisator.ch\/#\/schema\/person\/134708ca9321c57b0362cceb7948ffbd"},"headline":"Swiss Green Economy Symposium 2020: Mit Dialog und Eigensinn zur Nachhaltigkeit","datePublished":"2020-09-08T15:20:49+00:00","dateModified":"2022-02-09T10:09:55+00:00","mainEntityOfPage":{"@id":"https:\/\/www.organisator.ch\/sustainability\/2020-09-08\/swiss-green-economy-symposium-2020-mit-dialog-und-eigensinn-zur-nachhaltigkeit\/"},"wordCount":700,"publisher":{"@id":"https:\/\/www.organisator.ch\/#organization"},"image":{"@id":"https:\/\/www.organisator.ch\/sustainability\/2020-09-08\/swiss-green-economy-symposium-2020-mit-dialog-und-eigensinn-zur-nachhaltigkeit\/#primaryimage"},"thumbnailUrl":"https:\/\/www.organisator.ch\/wp-content\/uploads\/2020\/09\/SGES-scaled.jpg","keywords":["Corona-Krise","Digitalisierung","Strategie","Swiss Green Economy Symposium 2020","Veranstaltungen","Winterthur","Wirtschaftlichkeit"],"articleSection":["SUSTAINABILITY"],"inLanguage":"en-US"},{"@type":"WebPage","@id":"https:\/\/www.organisator.ch\/sustainability\/2020-09-08\/swiss-green-economy-symposium-2020-mit-dialog-und-eigensinn-zur-nachhaltigkeit\/","url":"https:\/\/www.organisator.ch\/sustainability\/2020-09-08\/swiss-green-economy-symposium-2020-mit-dialog-und-eigensinn-zur-nachhaltigkeit\/","name":"Swiss Green Economy Symposium 2020: With dialogue and stubbornness to sustainability - Organizer","isPartOf":{"@id":"https:\/\/www.organisator.ch\/#website"},"primaryImageOfPage":{"@id":"https:\/\/www.organisator.ch\/sustainability\/2020-09-08\/swiss-green-economy-symposium-2020-mit-dialog-und-eigensinn-zur-nachhaltigkeit\/#primaryimage"},"image":{"@id":"https:\/\/www.organisator.ch\/sustainability\/2020-09-08\/swiss-green-economy-symposium-2020-mit-dialog-und-eigensinn-zur-nachhaltigkeit\/#primaryimage"},"thumbnailUrl":"https:\/\/www.organisator.ch\/wp-content\/uploads\/2020\/09\/SGES-scaled.jpg","datePublished":"2020-09-08T15:20:49+00:00","dateModified":"2022-02-09T10:09:55+00:00","description":"The focus at the 7th Swiss Green Economy Symposium 2020 was on strategy development, digitalization and the circular economy.","breadcrumb":{"@id":"https:\/\/www.organisator.ch\/sustainability\/2020-09-08\/swiss-green-economy-symposium-2020-mit-dialog-und-eigensinn-zur-nachhaltigkeit\/#breadcrumb"},"inLanguage":"en-US","potentialAction":[{"@type":"ReadAction","target":["https:\/\/www.organisator.ch\/sustainability\/2020-09-08\/swiss-green-economy-symposium-2020-mit-dialog-und-eigensinn-zur-nachhaltigkeit\/"]}]},{"@type":"ImageObject","inLanguage":"en-US","@id":"https:\/\/www.organisator.ch\/sustainability\/2020-09-08\/swiss-green-economy-symposium-2020-mit-dialog-und-eigensinn-zur-nachhaltigkeit\/#primaryimage","url":"https:\/\/www.organisator.ch\/wp-content\/uploads\/2020\/09\/SGES-scaled.jpg","contentUrl":"https:\/\/www.organisator.ch\/wp-content\/uploads\/2020\/09\/SGES-scaled.jpg","width":2560,"height":1920},{"@type":"BreadcrumbList","@id":"https:\/\/www.organisator.ch\/sustainability\/2020-09-08\/swiss-green-economy-symposium-2020-mit-dialog-und-eigensinn-zur-nachhaltigkeit\/#breadcrumb","itemListElement":[{"@type":"ListItem","position":1,"name":"Home","item":"https:\/\/www.organisator.ch\/"},{"@type":"ListItem","position":2,"name":"Swiss Green Economy Symposium 2020: Mit Dialog und Eigensinn zur Nachhaltigkeit"}]},{"@type":"WebSite","@id":"https:\/\/www.organisator.ch\/#website","url":"https:\/\/www.organisator.ch\/","name":"Organizer","description":"Competent. Practical. In 10 issues per year, ORGANISATOR presents the essential topics for managers of SMEs.","publisher":{"@id":"https:\/\/www.organisator.ch\/#organization"},"potentialAction":[{"@type":"SearchAction","target":{"@type":"EntryPoint","urlTemplate":"https:\/\/www.organisator.ch\/?s={search_term_string}"},"query-input":{"@type":"PropertyValueSpecification","valueRequired":true,"valueName":"search_term_string"}}],"inLanguage":"en-US"},{"@type":"Organization","@id":"https:\/\/www.organisator.ch\/#organization","name":"Organizer","url":"https:\/\/www.organisator.ch\/","logo":{"@type":"ImageObject","inLanguage":"en-US","@id":"https:\/\/www.organisator.ch\/#\/schema\/logo\/image\/","url":"https:\/\/www.organisator.ch\/wp-content\/uploads\/2022\/01\/Logo_Organisator_Website.png","contentUrl":"https:\/\/www.organisator.ch\/wp-content\/uploads\/2022\/01\/Logo_Organisator_Website.png","width":800,"height":77,"caption":"Organisator"},"image":{"@id":"https:\/\/www.organisator.ch\/#\/schema\/logo\/image\/"},"sameAs":["https:\/\/www.facebook.com\/OrganisatorFachmagazin","https:\/\/www.linkedin.com\/showcase\/organisator-das-magazin-fr-kmu","https:\/\/www.xing.com\/news\/pages\/organisator-ch-695","https:\/\/www.youtube.com\/channel\/UCGP2Sq0iWaZwT3BdIAQFYpw"]},{"@type":"Person","@id":"https:\/\/www.organisator.ch\/#\/schema\/person\/134708ca9321c57b0362cceb7948ffbd","name":"michael.merz","image":{"@type":"ImageObject","inLanguage":"en-US","@id":"https:\/\/secure.gravatar.com\/avatar\/?s=96&d=mm&r=g","url":"https:\/\/secure.gravatar.com\/avatar\/?s=96&d=mm&r=g","contentUrl":"https:\/\/secure.gravatar.com\/avatar\/?s=96&d=mm&r=g","caption":"michael.merz"},"url":"https:\/\/www.organisator.ch\/en\/author\/michael-merz\/"}]}},"_links":{"self":[{"href":"https:\/\/www.organisator.ch\/en\/wp-json\/wp\/v2\/posts\/10206","targetHints":{"allow":["GET"]}}],"collection":[{"href":"https:\/\/www.organisator.ch\/en\/wp-json\/wp\/v2\/posts"}],"about":[{"href":"https:\/\/www.organisator.ch\/en\/wp-json\/wp\/v2\/types\/post"}],"author":[{"embeddable":true,"href":"https:\/\/www.organisator.ch\/en\/wp-json\/wp\/v2\/users\/5"}],"replies":[{"embeddable":true,"href":"https:\/\/www.organisator.ch\/en\/wp-json\/wp\/v2\/comments?post=10206"}],"version-history":[{"count":1,"href":"https:\/\/www.organisator.ch\/en\/wp-json\/wp\/v2\/posts\/10206\/revisions"}],"predecessor-version":[{"id":10817,"href":"https:\/\/www.organisator.ch\/en\/wp-json\/wp\/v2\/posts\/10206\/revisions\/10817"}],"wp:featuredmedia":[{"embeddable":true,"href":"https:\/\/www.organisator.ch\/en\/wp-json\/wp\/v2\/media\/9727"}],"wp:attachment":[{"href":"https:\/\/www.organisator.ch\/en\/wp-json\/wp\/v2\/media?parent=10206"}],"wp:term":[{"taxonomy":"category","embeddable":true,"href":"https:\/\/www.organisator.ch\/en\/wp-json\/wp\/v2\/categories?post=10206"},{"taxonomy":"post_tag","embeddable":true,"href":"https:\/\/www.organisator.ch\/en\/wp-json\/wp\/v2\/tags?post=10206"}],"curies":[{"name":"wp","href":"https:\/\/api.w.org\/{rel}","templated":true}]}}