{"id":10208,"date":"2020-09-15T09:58:13","date_gmt":"2020-09-15T07:58:13","guid":{"rendered":"https:\/\/www.umweltperspektiven.ch\/?p=3348"},"modified":"2022-02-09T11:06:13","modified_gmt":"2022-02-09T10:06:13","slug":"rueckschau-auf-die-1-circular-economy-tagung-der-kyburz","status":"publish","type":"post","link":"https:\/\/www.organisator.ch\/en\/sustainability\/2020-09-15\/rueckschau-auf-die-1-circular-economy-tagung-der-kyburz\/","title":{"rendered":"Review of the 1st Circular Economy Conference of Kyburz"},"content":{"rendered":"<p>&nbsp;<\/p>\n<figure id=\"attachment_3349\" aria-describedby=\"caption-attachment-3349\" style=\"width: 680px\" class=\"wp-caption alignnone\"><img loading=\"lazy\" decoding=\"async\" class=\"wp-image-3349 size-medium\" src=\"\/\/www.umweltperspektiven.ch\/wp-content\/uploads\/2020\/09\/Kyburz-UP-Umwelt-Perspektiven.jpg\" alt=\"\" width=\"680\" height=\"461\" srcset=\"https:\/\/www.organisator.ch\/wp-content\/uploads\/2020\/09\/Kyburz-UP-Umwelt-Perspektiven.jpg 744w, https:\/\/www.organisator.ch\/wp-content\/uploads\/2020\/09\/Kyburz-UP-Umwelt-Perspektiven-680x461.jpg 680w, https:\/\/www.organisator.ch\/wp-content\/uploads\/2020\/09\/Kyburz-UP-Umwelt-Perspektiven-18x12.jpg 18w, https:\/\/www.organisator.ch\/wp-content\/uploads\/2020\/09\/Kyburz-UP-Umwelt-Perspektiven-258x175.jpg 258w, https:\/\/www.organisator.ch\/wp-content\/uploads\/2020\/09\/Kyburz-UP-Umwelt-Perspektiven-517x350.jpg 517w, https:\/\/www.organisator.ch\/wp-content\/uploads\/2020\/09\/Kyburz-UP-Umwelt-Perspektiven-300x203.jpg 300w\" sizes=\"auto, (max-width: 680px) 100vw, 680px\" \/><figcaption id=\"caption-attachment-3349\" class=\"wp-caption-text\">Renowned physician and author Christian Larsen applied medical findings to the ecosystem. (Image: Kyburz)<\/figcaption><\/figure>\n<p>The conviction of Martin Kyburz, managing director of KYBURZ: \"Positive changes towards the circular economy can only prevail if people from the most diverse walks of life come together and discuss complex interrelationships across disciplines.\" This is why Martin Kyburz created the Circular Economy Conference.<\/p>\n<p>The entrepreneur wants to contribute to a happy coexistence in a healthy environment. The interdisciplinary event in Freienstein is aimed at everyone interested in sustainable living and a resource-conserving economy.<\/p>\n<p>At the premiere on September 4, the number of participants was limited to 100 people from different disciplines due to the corona virus.<\/p>\n<p><strong>Effectiveness trumps efficiency<\/strong><\/p>\n<p>The first presentation of the conference made clear that radical measures are necessary for positive change. Renowned physician and author Christian Larsen applied medical findings to the ecosystem. \"We can turn the wheel back, but only if the measures are radical enough,\" Larsen said. Since we cannot perform emergency surgery on the planet, he said, it is high time to develop therapeutic methods to combat climate change and restore balance. In doing so, Larsen stressed that effectiveness gets us further than efficiency. It's not about doing as much as possible in as little time as possible, but doing the right thing at the right time.<\/p>\n<p>Chemist and process engineer Michael Braungart agreed with Christian Larsen on this point: \"Nature is not efficient, but it is effective,\" said the Swabian scientist in his humorous but also very critical presentation. A cherry tree, for example, produces around 100,000 blossoms, of which only one in a hundred becomes a cherry. This supposed waste, however, is amazingly useful: The blossoms form humus, allow the tree to grow - and thus contribute a lot to the ecological cycle.<\/p>\n<p><strong>Change starts with the individual<\/strong><\/p>\n<p>\"We don't need climate-neutral solutions, but solutions that are good for the climate,\" Michael Braungart pointed out. Many sustainable initiatives are simply about avoiding waste, but that is not enough, he said. Instead, products must be consistently produced for recycling. This is also the thrust of the cradle-to-cradle principle, which Braungart developed at the end of the 1990s. The idea behind it is to return as many raw materials as possible to the cycle as biological or technical \"nutrients. Today, however, this is rarely the case: \"The 46 steel alloys of a Mercedes become simple reinforcing steel,\" says Braungart.<\/p>\n<p>Bestselling author Matthias Binswanger then questioned the success principle of growth. The professor of economics pointed out the driving forces behind the capitalist economy. The following presentations made it clear once again that change for the better starts with the individual: Nutritionist Laura Koch demonstrated how we influence not only our health but also that of our planet with our diet. Energy psychologist Reto Wyss gave the audience a recipe for stress reduction. Finally, Rolf Widmer and Marcel Gauch from the Swiss Federal Laboratories for Materials Testing and Research (Empa) provided impressive facts on the consumption of raw materials and energy in private transport.<\/p>\n<p><strong>Wide range of workshops<\/strong><\/p>\n<p>Finally, in the afternoon, there were seven workshops to choose from. While some participants built sensors for measuring fine dust, others rode KYBURZ tricycle scooters to the vineyard of Prisca and Andreas Schwarz to learn more about nature-oriented viticulture. Gault-Millau chef David Kr\u00fcger introduced culinary enthusiasts to the \"Age Food\" concept, and KYBURZ project manager Olivier Groux's workshop inaugurated the new in-house facility for recycling lithium-ion batteries.<\/p>\n<p>Thus, KYBURZ celebrated two premieres on the same day: the first edition of the Circular Economy Conference and the new battery recycling plant. Both the organizer and the participants thus came a good deal closer to the circular economy.<\/p>\n<p><a href=\"\/\/kyburz-switzerland.ch\/\">kyburz-switzerland.ch<\/a><\/p>","protected":false},"excerpt":{"rendered":"<p>&nbsp; Die \u00dcberzeugung von Martin Kyburz, Gesch\u00e4ftsf\u00fchrer von KYBURZ: &#8222;Positive Ver\u00e4nderungen in Richtung Kreislaufwirtschaft k\u00f6nnen sich nur durchsetzen, wenn Menschen aus unterschiedlichsten Lebensbereichen zusammenkommen und komplexe Zusammenh\u00e4nge fach\u00fcbergreifend diskutieren.&#8220; Deshalb hat Martin Kyburz die\u00a0Circular Economy Tagung ins Leben gerufen. Der Unternehmer will einen Beitrag zu einem gl\u00fccklichen Zusammenleben in einer gesunden Umwelt leisten. Die interdisziplin\u00e4re [&hellip;]<\/p>\n","protected":false},"author":5,"featured_media":3349,"comment_status":"closed","ping_status":"closed","sticky":false,"template":"","format":"standard","meta":{"_acf_changed":false,"_yoast_wpseo_focuskw":"Kyburz","_yoast_wpseo_metadesc":"Veranstalter der Circular Economy Tagung ist Martin Kyburz, Gr\u00fcnder und CEO des Z\u00fcrcher Unterl\u00e4nder Elektromobilherstellers KYBURZ Switzerland AG","articlekey":"","footnotes":""},"categories":[580],"tags":[775,913,1555,594,1581,2035,424,2274],"class_list":["post-10208","post","type-post","status-publish","format-standard","has-post-thumbnail","hentry","category-sustainability","tag-batterie-recycling-anlage","tag-circular-economy","tag-kongress","tag-kreislaufwirtschaft","tag-kyburz","tag-rueckschau","tag-schweiz","tag-switzerland"],"acf":[],"yoast_head":"<!-- This site is optimized with the Yoast SEO plugin v27.5 - https:\/\/yoast.com\/product\/yoast-seo-wordpress\/ -->\n<title>R\u00fcckschau auf die 1. Circular Economy Tagung der Kyburz - Organisator<\/title>\n<meta name=\"description\" content=\"Veranstalter der Circular Economy Tagung ist Martin Kyburz, Gr\u00fcnder und CEO des Z\u00fcrcher Unterl\u00e4nder Elektromobilherstellers KYBURZ Switzerland AG\" \/>\n<meta name=\"robots\" content=\"index, follow, max-snippet:-1, max-image-preview:large, max-video-preview:-1\" \/>\n<link rel=\"canonical\" href=\"https:\/\/www.organisator.ch\/en\/sustainability\/2020-09-15\/rueckschau-auf-die-1-circular-economy-tagung-der-kyburz\/\" \/>\n<meta property=\"og:locale\" content=\"en_US\" \/>\n<meta property=\"og:type\" content=\"article\" \/>\n<meta property=\"og:title\" content=\"R\u00fcckschau auf die 1. Circular Economy Tagung der Kyburz - Organisator\" \/>\n<meta property=\"og:description\" content=\"Veranstalter der Circular Economy Tagung ist Martin Kyburz, Gr\u00fcnder und CEO des Z\u00fcrcher Unterl\u00e4nder Elektromobilherstellers KYBURZ Switzerland AG\" \/>\n<meta property=\"og:url\" content=\"https:\/\/www.organisator.ch\/en\/sustainability\/2020-09-15\/rueckschau-auf-die-1-circular-economy-tagung-der-kyburz\/\" \/>\n<meta property=\"og:site_name\" content=\"Organisator\" \/>\n<meta property=\"article:publisher\" content=\"https:\/\/www.facebook.com\/OrganisatorFachmagazin\" \/>\n<meta property=\"article:published_time\" content=\"2020-09-15T07:58:13+00:00\" \/>\n<meta property=\"article:modified_time\" content=\"2022-02-09T10:06:13+00:00\" \/>\n<meta property=\"og:image\" content=\"https:\/\/www.organisator.ch\/wp-content\/uploads\/2020\/09\/Kyburz-UP-Umwelt-Perspektiven.jpg\" \/>\n\t<meta property=\"og:image:width\" content=\"744\" \/>\n\t<meta property=\"og:image:height\" content=\"504\" \/>\n\t<meta property=\"og:image:type\" content=\"image\/jpeg\" \/>\n<meta name=\"author\" content=\"michael.merz\" \/>\n<meta name=\"twitter:card\" content=\"summary_large_image\" \/>\n<script type=\"application\/ld+json\" class=\"yoast-schema-graph\">{\"@context\":\"https:\\\/\\\/schema.org\",\"@graph\":[{\"@type\":\"Article\",\"@id\":\"https:\\\/\\\/www.organisator.ch\\\/sustainability\\\/2020-09-15\\\/rueckschau-auf-die-1-circular-economy-tagung-der-kyburz\\\/#article\",\"isPartOf\":{\"@id\":\"https:\\\/\\\/www.organisator.ch\\\/sustainability\\\/2020-09-15\\\/rueckschau-auf-die-1-circular-economy-tagung-der-kyburz\\\/\"},\"author\":{\"name\":\"michael.merz\",\"@id\":\"https:\\\/\\\/www.organisator.ch\\\/#\\\/schema\\\/person\\\/134708ca9321c57b0362cceb7948ffbd\"},\"headline\":\"R\u00fcckschau auf die 1. Circular Economy Tagung der Kyburz\",\"datePublished\":\"2020-09-15T07:58:13+00:00\",\"dateModified\":\"2022-02-09T10:06:13+00:00\",\"mainEntityOfPage\":{\"@id\":\"https:\\\/\\\/www.organisator.ch\\\/sustainability\\\/2020-09-15\\\/rueckschau-auf-die-1-circular-economy-tagung-der-kyburz\\\/\"},\"wordCount\":642,\"publisher\":{\"@id\":\"https:\\\/\\\/www.organisator.ch\\\/#organization\"},\"image\":{\"@id\":\"https:\\\/\\\/www.organisator.ch\\\/sustainability\\\/2020-09-15\\\/rueckschau-auf-die-1-circular-economy-tagung-der-kyburz\\\/#primaryimage\"},\"thumbnailUrl\":\"https:\\\/\\\/www.organisator.ch\\\/wp-content\\\/uploads\\\/2020\\\/09\\\/Kyburz-UP-Umwelt-Perspektiven.jpg\",\"keywords\":[\"Batterie-Recycling-Anlage\",\"Circular Economy\",\"Kongress\",\"Kreislaufwirtschaft\",\"Kyburz\",\"R\u00fcckschau\",\"Schweiz\",\"Switzerland\"],\"articleSection\":[\"SUSTAINABILITY\"],\"inLanguage\":\"en-US\"},{\"@type\":\"WebPage\",\"@id\":\"https:\\\/\\\/www.organisator.ch\\\/sustainability\\\/2020-09-15\\\/rueckschau-auf-die-1-circular-economy-tagung-der-kyburz\\\/\",\"url\":\"https:\\\/\\\/www.organisator.ch\\\/sustainability\\\/2020-09-15\\\/rueckschau-auf-die-1-circular-economy-tagung-der-kyburz\\\/\",\"name\":\"R\u00fcckschau auf die 1. Circular Economy Tagung der Kyburz - Organisator\",\"isPartOf\":{\"@id\":\"https:\\\/\\\/www.organisator.ch\\\/#website\"},\"primaryImageOfPage\":{\"@id\":\"https:\\\/\\\/www.organisator.ch\\\/sustainability\\\/2020-09-15\\\/rueckschau-auf-die-1-circular-economy-tagung-der-kyburz\\\/#primaryimage\"},\"image\":{\"@id\":\"https:\\\/\\\/www.organisator.ch\\\/sustainability\\\/2020-09-15\\\/rueckschau-auf-die-1-circular-economy-tagung-der-kyburz\\\/#primaryimage\"},\"thumbnailUrl\":\"https:\\\/\\\/www.organisator.ch\\\/wp-content\\\/uploads\\\/2020\\\/09\\\/Kyburz-UP-Umwelt-Perspektiven.jpg\",\"datePublished\":\"2020-09-15T07:58:13+00:00\",\"dateModified\":\"2022-02-09T10:06:13+00:00\",\"description\":\"Veranstalter der Circular Economy Tagung ist Martin Kyburz, Gr\u00fcnder und CEO des Z\u00fcrcher Unterl\u00e4nder Elektromobilherstellers KYBURZ Switzerland AG\",\"breadcrumb\":{\"@id\":\"https:\\\/\\\/www.organisator.ch\\\/sustainability\\\/2020-09-15\\\/rueckschau-auf-die-1-circular-economy-tagung-der-kyburz\\\/#breadcrumb\"},\"inLanguage\":\"en-US\",\"potentialAction\":[{\"@type\":\"ReadAction\",\"target\":[\"https:\\\/\\\/www.organisator.ch\\\/sustainability\\\/2020-09-15\\\/rueckschau-auf-die-1-circular-economy-tagung-der-kyburz\\\/\"]}]},{\"@type\":\"ImageObject\",\"inLanguage\":\"en-US\",\"@id\":\"https:\\\/\\\/www.organisator.ch\\\/sustainability\\\/2020-09-15\\\/rueckschau-auf-die-1-circular-economy-tagung-der-kyburz\\\/#primaryimage\",\"url\":\"https:\\\/\\\/www.organisator.ch\\\/wp-content\\\/uploads\\\/2020\\\/09\\\/Kyburz-UP-Umwelt-Perspektiven.jpg\",\"contentUrl\":\"https:\\\/\\\/www.organisator.ch\\\/wp-content\\\/uploads\\\/2020\\\/09\\\/Kyburz-UP-Umwelt-Perspektiven.jpg\",\"width\":744,\"height\":504},{\"@type\":\"BreadcrumbList\",\"@id\":\"https:\\\/\\\/www.organisator.ch\\\/sustainability\\\/2020-09-15\\\/rueckschau-auf-die-1-circular-economy-tagung-der-kyburz\\\/#breadcrumb\",\"itemListElement\":[{\"@type\":\"ListItem\",\"position\":1,\"name\":\"Home\",\"item\":\"https:\\\/\\\/www.organisator.ch\\\/\"},{\"@type\":\"ListItem\",\"position\":2,\"name\":\"R\u00fcckschau auf die 1. Circular Economy Tagung der Kyburz\"}]},{\"@type\":\"WebSite\",\"@id\":\"https:\\\/\\\/www.organisator.ch\\\/#website\",\"url\":\"https:\\\/\\\/www.organisator.ch\\\/\",\"name\":\"Organisator\",\"description\":\"Kompetent. Praxisnah. Der ORGANISATOR bereitet in 10 Ausgaben pro Jahr die wesentlichen Themen f\u00fcr F\u00fchrungskr\u00e4fte von KMU auf.\",\"publisher\":{\"@id\":\"https:\\\/\\\/www.organisator.ch\\\/#organization\"},\"potentialAction\":[{\"@type\":\"SearchAction\",\"target\":{\"@type\":\"EntryPoint\",\"urlTemplate\":\"https:\\\/\\\/www.organisator.ch\\\/?s={search_term_string}\"},\"query-input\":{\"@type\":\"PropertyValueSpecification\",\"valueRequired\":true,\"valueName\":\"search_term_string\"}}],\"inLanguage\":\"en-US\"},{\"@type\":\"Organization\",\"@id\":\"https:\\\/\\\/www.organisator.ch\\\/#organization\",\"name\":\"Organisator\",\"url\":\"https:\\\/\\\/www.organisator.ch\\\/\",\"logo\":{\"@type\":\"ImageObject\",\"inLanguage\":\"en-US\",\"@id\":\"https:\\\/\\\/www.organisator.ch\\\/#\\\/schema\\\/logo\\\/image\\\/\",\"url\":\"https:\\\/\\\/www.organisator.ch\\\/wp-content\\\/uploads\\\/2022\\\/01\\\/Logo_Organisator_Website.png\",\"contentUrl\":\"https:\\\/\\\/www.organisator.ch\\\/wp-content\\\/uploads\\\/2022\\\/01\\\/Logo_Organisator_Website.png\",\"width\":800,\"height\":77,\"caption\":\"Organisator\"},\"image\":{\"@id\":\"https:\\\/\\\/www.organisator.ch\\\/#\\\/schema\\\/logo\\\/image\\\/\"},\"sameAs\":[\"https:\\\/\\\/www.facebook.com\\\/OrganisatorFachmagazin\",\"https:\\\/\\\/www.linkedin.com\\\/showcase\\\/organisator-das-magazin-fr-kmu\",\"https:\\\/\\\/www.xing.com\\\/news\\\/pages\\\/organisator-ch-695\",\"https:\\\/\\\/www.youtube.com\\\/channel\\\/UCGP2Sq0iWaZwT3BdIAQFYpw\"]},{\"@type\":\"Person\",\"@id\":\"https:\\\/\\\/www.organisator.ch\\\/#\\\/schema\\\/person\\\/134708ca9321c57b0362cceb7948ffbd\",\"name\":\"michael.merz\",\"image\":{\"@type\":\"ImageObject\",\"inLanguage\":\"en-US\",\"@id\":\"https:\\\/\\\/secure.gravatar.com\\\/avatar\\\/?s=96&d=mm&r=g\",\"url\":\"https:\\\/\\\/secure.gravatar.com\\\/avatar\\\/?s=96&d=mm&r=g\",\"contentUrl\":\"https:\\\/\\\/secure.gravatar.com\\\/avatar\\\/?s=96&d=mm&r=g\",\"caption\":\"michael.merz\"},\"url\":\"https:\\\/\\\/www.organisator.ch\\\/en\\\/author\\\/michael-merz\\\/\"}]}<\/script>\n<!-- \/ Yoast SEO plugin. -->","yoast_head_json":{"title":"Review of the 1st Circular Economy Conference of Kyburz - Organizer","description":"The organizer of the Circular Economy Conference is Martin Kyburz, founder and CEO of KYBURZ Switzerland AG, an electric vehicle manufacturer based in Zurich Unterland.","robots":{"index":"index","follow":"follow","max-snippet":"max-snippet:-1","max-image-preview":"max-image-preview:large","max-video-preview":"max-video-preview:-1"},"canonical":"https:\/\/www.organisator.ch\/en\/sustainability\/2020-09-15\/rueckschau-auf-die-1-circular-economy-tagung-der-kyburz\/","og_locale":"en_US","og_type":"article","og_title":"R\u00fcckschau auf die 1. Circular Economy Tagung der Kyburz - Organisator","og_description":"Veranstalter der Circular Economy Tagung ist Martin Kyburz, Gr\u00fcnder und CEO des Z\u00fcrcher Unterl\u00e4nder Elektromobilherstellers KYBURZ Switzerland AG","og_url":"https:\/\/www.organisator.ch\/en\/sustainability\/2020-09-15\/rueckschau-auf-die-1-circular-economy-tagung-der-kyburz\/","og_site_name":"Organisator","article_publisher":"https:\/\/www.facebook.com\/OrganisatorFachmagazin","article_published_time":"2020-09-15T07:58:13+00:00","article_modified_time":"2022-02-09T10:06:13+00:00","og_image":[{"width":744,"height":504,"url":"https:\/\/www.organisator.ch\/wp-content\/uploads\/2020\/09\/Kyburz-UP-Umwelt-Perspektiven.jpg","type":"image\/jpeg"}],"author":"michael.merz","twitter_card":"summary_large_image","schema":{"@context":"https:\/\/schema.org","@graph":[{"@type":"Article","@id":"https:\/\/www.organisator.ch\/sustainability\/2020-09-15\/rueckschau-auf-die-1-circular-economy-tagung-der-kyburz\/#article","isPartOf":{"@id":"https:\/\/www.organisator.ch\/sustainability\/2020-09-15\/rueckschau-auf-die-1-circular-economy-tagung-der-kyburz\/"},"author":{"name":"michael.merz","@id":"https:\/\/www.organisator.ch\/#\/schema\/person\/134708ca9321c57b0362cceb7948ffbd"},"headline":"R\u00fcckschau auf die 1. Circular Economy Tagung der Kyburz","datePublished":"2020-09-15T07:58:13+00:00","dateModified":"2022-02-09T10:06:13+00:00","mainEntityOfPage":{"@id":"https:\/\/www.organisator.ch\/sustainability\/2020-09-15\/rueckschau-auf-die-1-circular-economy-tagung-der-kyburz\/"},"wordCount":642,"publisher":{"@id":"https:\/\/www.organisator.ch\/#organization"},"image":{"@id":"https:\/\/www.organisator.ch\/sustainability\/2020-09-15\/rueckschau-auf-die-1-circular-economy-tagung-der-kyburz\/#primaryimage"},"thumbnailUrl":"https:\/\/www.organisator.ch\/wp-content\/uploads\/2020\/09\/Kyburz-UP-Umwelt-Perspektiven.jpg","keywords":["Batterie-Recycling-Anlage","Circular Economy","Kongress","Kreislaufwirtschaft","Kyburz","R\u00fcckschau","Schweiz","Switzerland"],"articleSection":["SUSTAINABILITY"],"inLanguage":"en-US"},{"@type":"WebPage","@id":"https:\/\/www.organisator.ch\/sustainability\/2020-09-15\/rueckschau-auf-die-1-circular-economy-tagung-der-kyburz\/","url":"https:\/\/www.organisator.ch\/sustainability\/2020-09-15\/rueckschau-auf-die-1-circular-economy-tagung-der-kyburz\/","name":"Review of the 1st Circular Economy Conference of Kyburz - Organizer","isPartOf":{"@id":"https:\/\/www.organisator.ch\/#website"},"primaryImageOfPage":{"@id":"https:\/\/www.organisator.ch\/sustainability\/2020-09-15\/rueckschau-auf-die-1-circular-economy-tagung-der-kyburz\/#primaryimage"},"image":{"@id":"https:\/\/www.organisator.ch\/sustainability\/2020-09-15\/rueckschau-auf-die-1-circular-economy-tagung-der-kyburz\/#primaryimage"},"thumbnailUrl":"https:\/\/www.organisator.ch\/wp-content\/uploads\/2020\/09\/Kyburz-UP-Umwelt-Perspektiven.jpg","datePublished":"2020-09-15T07:58:13+00:00","dateModified":"2022-02-09T10:06:13+00:00","description":"The organizer of the Circular Economy Conference is Martin Kyburz, founder and CEO of KYBURZ Switzerland AG, an electric vehicle manufacturer based in Zurich Unterland.","breadcrumb":{"@id":"https:\/\/www.organisator.ch\/sustainability\/2020-09-15\/rueckschau-auf-die-1-circular-economy-tagung-der-kyburz\/#breadcrumb"},"inLanguage":"en-US","potentialAction":[{"@type":"ReadAction","target":["https:\/\/www.organisator.ch\/sustainability\/2020-09-15\/rueckschau-auf-die-1-circular-economy-tagung-der-kyburz\/"]}]},{"@type":"ImageObject","inLanguage":"en-US","@id":"https:\/\/www.organisator.ch\/sustainability\/2020-09-15\/rueckschau-auf-die-1-circular-economy-tagung-der-kyburz\/#primaryimage","url":"https:\/\/www.organisator.ch\/wp-content\/uploads\/2020\/09\/Kyburz-UP-Umwelt-Perspektiven.jpg","contentUrl":"https:\/\/www.organisator.ch\/wp-content\/uploads\/2020\/09\/Kyburz-UP-Umwelt-Perspektiven.jpg","width":744,"height":504},{"@type":"BreadcrumbList","@id":"https:\/\/www.organisator.ch\/sustainability\/2020-09-15\/rueckschau-auf-die-1-circular-economy-tagung-der-kyburz\/#breadcrumb","itemListElement":[{"@type":"ListItem","position":1,"name":"Home","item":"https:\/\/www.organisator.ch\/"},{"@type":"ListItem","position":2,"name":"R\u00fcckschau auf die 1. Circular Economy Tagung der Kyburz"}]},{"@type":"WebSite","@id":"https:\/\/www.organisator.ch\/#website","url":"https:\/\/www.organisator.ch\/","name":"Organizer","description":"Competent. Practical. In 10 issues per year, ORGANISATOR presents the essential topics for managers of SMEs.","publisher":{"@id":"https:\/\/www.organisator.ch\/#organization"},"potentialAction":[{"@type":"SearchAction","target":{"@type":"EntryPoint","urlTemplate":"https:\/\/www.organisator.ch\/?s={search_term_string}"},"query-input":{"@type":"PropertyValueSpecification","valueRequired":true,"valueName":"search_term_string"}}],"inLanguage":"en-US"},{"@type":"Organization","@id":"https:\/\/www.organisator.ch\/#organization","name":"Organizer","url":"https:\/\/www.organisator.ch\/","logo":{"@type":"ImageObject","inLanguage":"en-US","@id":"https:\/\/www.organisator.ch\/#\/schema\/logo\/image\/","url":"https:\/\/www.organisator.ch\/wp-content\/uploads\/2022\/01\/Logo_Organisator_Website.png","contentUrl":"https:\/\/www.organisator.ch\/wp-content\/uploads\/2022\/01\/Logo_Organisator_Website.png","width":800,"height":77,"caption":"Organisator"},"image":{"@id":"https:\/\/www.organisator.ch\/#\/schema\/logo\/image\/"},"sameAs":["https:\/\/www.facebook.com\/OrganisatorFachmagazin","https:\/\/www.linkedin.com\/showcase\/organisator-das-magazin-fr-kmu","https:\/\/www.xing.com\/news\/pages\/organisator-ch-695","https:\/\/www.youtube.com\/channel\/UCGP2Sq0iWaZwT3BdIAQFYpw"]},{"@type":"Person","@id":"https:\/\/www.organisator.ch\/#\/schema\/person\/134708ca9321c57b0362cceb7948ffbd","name":"michael.merz","image":{"@type":"ImageObject","inLanguage":"en-US","@id":"https:\/\/secure.gravatar.com\/avatar\/?s=96&d=mm&r=g","url":"https:\/\/secure.gravatar.com\/avatar\/?s=96&d=mm&r=g","contentUrl":"https:\/\/secure.gravatar.com\/avatar\/?s=96&d=mm&r=g","caption":"michael.merz"},"url":"https:\/\/www.organisator.ch\/en\/author\/michael-merz\/"}]}},"_links":{"self":[{"href":"https:\/\/www.organisator.ch\/en\/wp-json\/wp\/v2\/posts\/10208","targetHints":{"allow":["GET"]}}],"collection":[{"href":"https:\/\/www.organisator.ch\/en\/wp-json\/wp\/v2\/posts"}],"about":[{"href":"https:\/\/www.organisator.ch\/en\/wp-json\/wp\/v2\/types\/post"}],"author":[{"embeddable":true,"href":"https:\/\/www.organisator.ch\/en\/wp-json\/wp\/v2\/users\/5"}],"replies":[{"embeddable":true,"href":"https:\/\/www.organisator.ch\/en\/wp-json\/wp\/v2\/comments?post=10208"}],"version-history":[{"count":1,"href":"https:\/\/www.organisator.ch\/en\/wp-json\/wp\/v2\/posts\/10208\/revisions"}],"predecessor-version":[{"id":10518,"href":"https:\/\/www.organisator.ch\/en\/wp-json\/wp\/v2\/posts\/10208\/revisions\/10518"}],"wp:featuredmedia":[{"embeddable":true,"href":"https:\/\/www.organisator.ch\/en\/wp-json\/wp\/v2\/media\/3349"}],"wp:attachment":[{"href":"https:\/\/www.organisator.ch\/en\/wp-json\/wp\/v2\/media?parent=10208"}],"wp:term":[{"taxonomy":"category","embeddable":true,"href":"https:\/\/www.organisator.ch\/en\/wp-json\/wp\/v2\/categories?post=10208"},{"taxonomy":"post_tag","embeddable":true,"href":"https:\/\/www.organisator.ch\/en\/wp-json\/wp\/v2\/tags?post=10208"}],"curies":[{"name":"wp","href":"https:\/\/api.w.org\/{rel}","templated":true}]}}