{"id":10221,"date":"2020-11-08T21:52:18","date_gmt":"2020-11-08T20:52:18","guid":{"rendered":"https:\/\/www.umweltperspektiven.ch\/?p=3470"},"modified":"2020-11-08T21:52:18","modified_gmt":"2020-11-08T20:52:18","slug":"digitale-franzoesische-revolution-am-loewendenkmal","status":"publish","type":"post","link":"https:\/\/www.organisator.ch\/en\/allgemein\/2020-11-08\/digitale-franzoesische-revolution-am-loewendenkmal\/","title":{"rendered":"Digital (French) Revolution at the Lion Monument"},"content":{"rendered":"<div class=\"entry-content\">\n<figure id=\"attachment_3471\" aria-describedby=\"caption-attachment-3471\" style=\"width: 680px\" class=\"wp-caption alignnone\"><img loading=\"lazy\" decoding=\"async\" class=\"size-medium wp-image-3471\" src=\"\/\/www.umweltperspektiven.ch\/wp-content\/uploads\/2020\/11\/Loewendenkmal_Augmented-UP_Umwelt-Perspektiven.jpg\" alt=\"\" width=\"680\" height=\"428\" srcset=\"https:\/\/www.organisator.ch\/wp-content\/uploads\/2020\/11\/Loewendenkmal_Augmented-UP_Umwelt-Perspektiven.jpg 1031w, https:\/\/www.organisator.ch\/wp-content\/uploads\/2020\/11\/Loewendenkmal_Augmented-UP_Umwelt-Perspektiven-680x428.jpg 680w, https:\/\/www.organisator.ch\/wp-content\/uploads\/2020\/11\/Loewendenkmal_Augmented-UP_Umwelt-Perspektiven-1024x645.jpg 1024w, https:\/\/www.organisator.ch\/wp-content\/uploads\/2020\/11\/Loewendenkmal_Augmented-UP_Umwelt-Perspektiven-768x483.jpg 768w, https:\/\/www.organisator.ch\/wp-content\/uploads\/2020\/11\/Loewendenkmal_Augmented-UP_Umwelt-Perspektiven-18x12.jpg 18w, https:\/\/www.organisator.ch\/wp-content\/uploads\/2020\/11\/Loewendenkmal_Augmented-UP_Umwelt-Perspektiven-278x175.jpg 278w, https:\/\/www.organisator.ch\/wp-content\/uploads\/2020\/11\/Loewendenkmal_Augmented-UP_Umwelt-Perspektiven-556x350.jpg 556w, https:\/\/www.organisator.ch\/wp-content\/uploads\/2020\/11\/Loewendenkmal_Augmented-UP_Umwelt-Perspektiven-920x579.jpg 920w, https:\/\/www.organisator.ch\/wp-content\/uploads\/2020\/11\/Loewendenkmal_Augmented-UP_Umwelt-Perspektiven-300x189.jpg 300w\" sizes=\"auto, (max-width: 680px) 100vw, 680px\" \/><figcaption id=\"caption-attachment-3471\" class=\"wp-caption-text\">In 2021, the Lucerne Lion Monument celebrates its 200th birthday. Without the French Revolution, the world-famous monument would never have existed. Visitors can now immerse themselves in its history thanks to the multimedia app \"Augmented Revolution Experience (ARE) - Revive la r\u00e9volution\" (Image: zVg)<\/figcaption><\/figure>\n<p>Writer Mark Twain once called the Lucerne Lion Monument \"the saddest and most moving piece of stone in the world\": framed by broken lances and shields, a badly wounded lion lies in a rock grotto and breathes its last. Since 1821, the six-by-ten-meter sculpture by Danish sculptor Bertel Thorvaldsen has attracted travelers from around the world. More than a million people visit the monument every year. But few of them know the story behind it.<\/p>\n<p>Samuel Frei from the Visual Narrative research group at the Lucerne University of Applied Sciences and Arts wants to change that. \"In the general tourism hustle and bustle, the original meaning of cultural heritage often remains hidden,\" says the design researcher. Frei is leading a project initiated by the\u00a0<a href=\"\/\/www.hslu.ch\/de-ch\/hochschule-luzern\/ueber-uns\/medien\/medienmitteilungen\/2018\/12\/20\/bund-unterstuetzt-kulturerbe-projekt\/\" target=\"_blank\" rel=\"noreferrer noopener\">Federal Office for Culture supported project<\/a>. Research is being conducted into how digital technologies can help bring the significance of cultural heritage to a broad audience in a narrative way.<\/p>\n<figure class=\"wp-block-embed-youtube wp-block-embed is-type-video is-provider-youtube wp-embed-aspect-16-9 wp-has-aspect-ratio\">\n<div class=\"wp-block-embed__wrapper\"><iframe loading=\"lazy\" id=\"917927428\" title=\"Digital (French) Revolution at the Lion Monument\" src=\"https:\/\/www.youtube.com\/embed\/3lStYXG3WtM?feature=oembed&amp;rel=0&amp;enablejsapi=1&amp;origin=https%3A%2F%2Fnews.hslu.ch\" width=\"640\" height=\"360\" frameborder=\"0\" allowfullscreen=\"allowfullscreen\" data-gtm-yt-inspected-748015_117=\"true\" data-mce-fragment=\"1\"><\/iframe><\/div>\n<\/figure>\n<p>(Video: Kimberly Kent)<\/p>\n<p>One result of this multi-year work is \"Augmented Revolution Experience (ARE) - Revive la r\u00e9volution\". This augmented reality app for smartphones and tablets is aimed at visitors to the Lion Monument. For the development of ARE, Samuel Frei's research team collaborated with the Lucerne Historical Museum and \"Project L21\" (see box below).<\/p>\n<h2>Virtual Swiss Guardsman as a tour guide<\/h2>\n<p>ARE's protagonist is the fictional character Franz M\u00fcller, a Lucerne farmer's son who enlists as a Swiss Guardsman at the court of the French King Louis XVI. During the French Revolution, he has to watch hundreds of his comrades fall during the storming of the royal palace. No fiction: In honor of the fallen guardsmen, the Lion Monument is erected in a Lucerne quarry.<\/p>\n<figure class=\"wp-block-image size-large\"><a href=\"\/\/news.hslu.ch\/wp-content\/uploads\/2020\/10\/ARE_Drehtag_Impression_Printscreen_Bild@Kimberly-Kent.jpg\" target=\"_blank\" rel=\"noopener noreferrer\"><img loading=\"lazy\" decoding=\"async\" class=\"wp-image-19701\" title=\"The film sequences were shot in the Lucerne University of Applied Sciences and Arts studio. Image: Kimberly Kent\" src=\"https:\/\/news.hslu.ch\/wp-content\/uploads\/2020\/10\/ARE_Drehtag_Impression_Printscreen_Bild@Kimberly-Kent_klein.jpg\" sizes=\"auto, (max-width: 1400px) 100vw, 1400px\" srcset=\"\/\/news.hslu.ch\/wp-content\/uploads\/2020\/10\/ARE_Drehtag_Impression_Printscreen_Bild@Kimberly-Kent_klein.jpg 1400w, https:\/\/news.hslu.ch\/wp-content\/uploads\/2020\/10\/ARE_Drehtag_Impression_Printscreen_Bild@Kimberly-Kent_klein.jpg 300w, https:\/\/news.hslu.ch\/wp-content\/uploads\/2020\/10\/ARE_Drehtag_Impression_Printscreen_Bild@Kimberly-Kent_klein.jpg 768w, https:\/\/news.hslu.ch\/wp-content\/uploads\/2020\/10\/ARE_Drehtag_Impression_Printscreen_Bild@Kimberly-Kent_klein.jpg 1536w, https:\/\/news.hslu.ch\/wp-content\/uploads\/2020\/10\/ARE_Drehtag_Impression_Printscreen_Bild@Kimberly-Kent_klein.jpg 1676w\" alt=\"The film sequences were shot in the Lucerne University of Applied Sciences and Arts studio. Image: Kimberly Kent\" width=\"1400\" height=\"787\" \/><\/a><figcaption>The film sequences were shot in the Lucerne University of Applied Sciences and Arts studio. Image: Kimberly Kent<\/figcaption><\/figure>\n<p>Franz M\u00fcller guides users of the ARE app to the monument in short film sequences. He and other roles are embodied by a theater actor. All scenes were created in the film studio of the Lucerne University of Applied Sciences and Arts. The app projects the figures directly into the park landscape near the Lion Monument. At certain points, it also lets 3D representations grow out of the ground, for example of guards' uniforms, the royal palace or the guillotine used to execute the king. Elsewhere, ARE transports the audience directly into the thick of the fighting by means of a spatial staging.<\/p>\n<h2>A King \u00e0 la Monty Pythons<\/h2>\n<p>The research team approached the somber subject with a dose of humor: A talking portrait of King Louis XVI lamenting the loss of his power, for example, is reminiscent of the legendary animated scenes by the Monty Pythons comedy troupe. This technology is called \"deepfake\" - thanks to artificial intelligence, historical paintings or photos of people are brought to life by actors.<\/p>\n<div class=\"wp-block-image\">\n<figure class=\"aligncenter size-large\"><img loading=\"lazy\" decoding=\"async\" class=\"wp-image-19704\" title=\"King Louis XVI himself does the honors - as a Deepfake portrait. Image: zvg\" src=\"\/\/news.hslu.ch\/wp-content\/uploads\/2020\/10\/Ludwig-XIV.gif\" alt=\"King Louis XVI himself does the honors - as a Deepfake portrait. Image: zvg\" width=\"390\" height=\"480\" \/><figcaption>King Louis XVI himself does the honors - as a \"Deepfake\" portrait. (Image: zVg)<\/figcaption><\/figure>\n<\/div>\n<p>\"We are linking the historical narrative behind the monument with the possibilities offered by modern digital technologies,\" says ARE project manager Tobias Matter from the Lucerne University of Applied Sciences and Arts. For all the joy of using modern technology, however, his focus is on communicating the history of cultural heritage: \"Our app is only a means to an end. People acquire knowledge best when they experience it with multiple senses.\"<\/p>\n<h2>App is available free of charge<\/h2>\n<p>Interested parties can test the ARE app for themselves: On November 7, it can be downloaded free of charge for iPhones and iPads. Due to the large amount of data involved in the download, a WLAN connection is recommended. Further information can be found\u00a0<a href=\"\/\/www.loewendenkmal21.ch\/projekt\/revive-la-revolution-augmented-revolution-experience\/\" target=\"_blank\" rel=\"noreferrer noopener\">on the L21 website<\/a>.<\/p>\n<p>&nbsp;<\/p>\n<\/div>\n<div class=\"entry__experts\">\n<h3 class=\"entry__experts__title\"><em>200 Years of the Lion Monument: Exhibition by Students in the Kunsthalle<\/em><\/h3>\n<div class=\"entry__experts__content\">\n<p><em>In 2021, the Lion Monument will celebrate its 200th birthday. On the occasion of the anniversary, the Kunsthalle Luzern has launched the \"Project L21\": art and culture professionals are addressing the history of the monument in exhibitions, theater productions, publications and electronic media. In addition to the Visual Narrative research group, Bachelor students from the Department of Design &amp; Art at the Lucerne University of Applied Sciences and Arts are also involved in L21. Their\u00a0<a href=\"\/\/www.hslu.ch\/de-ch\/design-kunst\/agenda\/alle-veranstaltungen\/2020\/10\/16\/dunkle-seite-des-loewen\/\" target=\"_blank\" rel=\"noopener\">Art exhibition \"The dark side of the lion\".<\/a>\u00a0is on view at the Kunsthalle Luzern until December 13, 2020.<\/em><\/p>\n<\/div>\n<\/div>","protected":false},"excerpt":{"rendered":"<p>Schriftsteller Mark Twain nannte das Luzerner L\u00f6wendenkmal einst \u00abdas traurigste und bewegendste St\u00fcck Stein der Welt\u00bb: Umrahmt von zerbrochenen Lanzen und Schilden liegt ein schwer verwundeter L\u00f6we in einer Felsgrotte und haucht sein Leben aus. Seit 1821 zieht die sechs mal zehn Meter grosse Skulptur des d\u00e4nischen Bildhauers Bertel Thorvaldsen Reisende aus aller Welt an. [&hellip;]<\/p>\n","protected":false},"author":5,"featured_media":3471,"comment_status":"closed","ping_status":"closed","sticky":false,"template":"","format":"standard","meta":{"_acf_changed":false,"_yoast_wpseo_focuskw":"L\u00f6wendenkmal","_yoast_wpseo_metadesc":"Ohne die Franz\u00f6sische Revolution h\u00e4tte es das Luzerner L\u00f6wendenkmal nie gegeben. Jetzt k\u00f6nnen Interessierte dank einer App in andere Epochen eintauchen.","articlekey":"","footnotes":""},"categories":[1],"tags":[739,218,292,1644,1656,2317],"class_list":["post-10221","post","type-post","status-publish","format-standard","has-post-thumbnail","hentry","category-allgemein","tag-augmented-reality","tag-forschung","tag-jubilaeum","tag-loewendenkmal","tag-luzern","tag-tourismus"],"acf":[],"yoast_head":"<!-- This site is optimized with the Yoast SEO plugin v27.5 - https:\/\/yoast.com\/product\/yoast-seo-wordpress\/ -->\n<title>Digitale (Franz\u00f6sische) Revolution am L\u00f6wendenkmal - Organisator<\/title>\n<meta name=\"description\" content=\"Ohne die Franz\u00f6sische Revolution h\u00e4tte es das Luzerner L\u00f6wendenkmal nie gegeben. Jetzt k\u00f6nnen Interessierte dank einer App in andere Epochen eintauchen.\" \/>\n<meta name=\"robots\" content=\"index, follow, max-snippet:-1, max-image-preview:large, max-video-preview:-1\" \/>\n<link rel=\"canonical\" href=\"https:\/\/www.organisator.ch\/en\/general\/2020-11-08\/digitale-franzoesische-revolution-am-loewendenkmal\/\" \/>\n<meta property=\"og:locale\" content=\"en_US\" \/>\n<meta property=\"og:type\" content=\"article\" \/>\n<meta property=\"og:title\" content=\"Digitale (Franz\u00f6sische) Revolution am L\u00f6wendenkmal - Organisator\" \/>\n<meta property=\"og:description\" content=\"Ohne die Franz\u00f6sische Revolution h\u00e4tte es das Luzerner L\u00f6wendenkmal nie gegeben. Jetzt k\u00f6nnen Interessierte dank einer App in andere Epochen eintauchen.\" \/>\n<meta property=\"og:url\" content=\"https:\/\/www.organisator.ch\/en\/general\/2020-11-08\/digitale-franzoesische-revolution-am-loewendenkmal\/\" \/>\n<meta property=\"og:site_name\" content=\"Organisator\" \/>\n<meta property=\"article:publisher\" content=\"https:\/\/www.facebook.com\/OrganisatorFachmagazin\" \/>\n<meta property=\"article:published_time\" content=\"2020-11-08T20:52:18+00:00\" \/>\n<meta property=\"og:image\" content=\"https:\/\/www.organisator.ch\/wp-content\/uploads\/2020\/11\/Loewendenkmal_Augmented-UP_Umwelt-Perspektiven.jpg\" \/>\n\t<meta property=\"og:image:width\" content=\"1031\" \/>\n\t<meta property=\"og:image:height\" content=\"649\" \/>\n\t<meta property=\"og:image:type\" content=\"image\/jpeg\" \/>\n<meta name=\"author\" content=\"michael.merz\" \/>\n<meta name=\"twitter:card\" content=\"summary_large_image\" \/>\n<script type=\"application\/ld+json\" class=\"yoast-schema-graph\">{\"@context\":\"https:\\\/\\\/schema.org\",\"@graph\":[{\"@type\":\"Article\",\"@id\":\"https:\\\/\\\/www.organisator.ch\\\/fr\\\/general\\\/2020-11-08\\\/digitale-franzoesische-revolution-am-loewendenkmal\\\/#article\",\"isPartOf\":{\"@id\":\"https:\\\/\\\/www.organisator.ch\\\/fr\\\/general\\\/2020-11-08\\\/digitale-franzoesische-revolution-am-loewendenkmal\\\/\"},\"author\":{\"name\":\"michael.merz\",\"@id\":\"https:\\\/\\\/www.organisator.ch\\\/#\\\/schema\\\/person\\\/134708ca9321c57b0362cceb7948ffbd\"},\"headline\":\"Digitale (Franz\u00f6sische) Revolution am L\u00f6wendenkmal\",\"datePublished\":\"2020-11-08T20:52:18+00:00\",\"mainEntityOfPage\":{\"@id\":\"https:\\\/\\\/www.organisator.ch\\\/fr\\\/general\\\/2020-11-08\\\/digitale-franzoesische-revolution-am-loewendenkmal\\\/\"},\"wordCount\":703,\"publisher\":{\"@id\":\"https:\\\/\\\/www.organisator.ch\\\/#organization\"},\"image\":{\"@id\":\"https:\\\/\\\/www.organisator.ch\\\/fr\\\/general\\\/2020-11-08\\\/digitale-franzoesische-revolution-am-loewendenkmal\\\/#primaryimage\"},\"thumbnailUrl\":\"https:\\\/\\\/www.organisator.ch\\\/wp-content\\\/uploads\\\/2020\\\/11\\\/Loewendenkmal_Augmented-UP_Umwelt-Perspektiven.jpg\",\"keywords\":[\"Augmented Reality\",\"Forschung\",\"Jubil\u00e4um\",\"L\u00f6wendenkmal\",\"Luzern\",\"Tourismus\"],\"articleSection\":[\"Allgemein\"],\"inLanguage\":\"en-US\"},{\"@type\":\"WebPage\",\"@id\":\"https:\\\/\\\/www.organisator.ch\\\/fr\\\/general\\\/2020-11-08\\\/digitale-franzoesische-revolution-am-loewendenkmal\\\/\",\"url\":\"https:\\\/\\\/www.organisator.ch\\\/fr\\\/general\\\/2020-11-08\\\/digitale-franzoesische-revolution-am-loewendenkmal\\\/\",\"name\":\"Digitale (Franz\u00f6sische) Revolution am L\u00f6wendenkmal - Organisator\",\"isPartOf\":{\"@id\":\"https:\\\/\\\/www.organisator.ch\\\/#website\"},\"primaryImageOfPage\":{\"@id\":\"https:\\\/\\\/www.organisator.ch\\\/fr\\\/general\\\/2020-11-08\\\/digitale-franzoesische-revolution-am-loewendenkmal\\\/#primaryimage\"},\"image\":{\"@id\":\"https:\\\/\\\/www.organisator.ch\\\/fr\\\/general\\\/2020-11-08\\\/digitale-franzoesische-revolution-am-loewendenkmal\\\/#primaryimage\"},\"thumbnailUrl\":\"https:\\\/\\\/www.organisator.ch\\\/wp-content\\\/uploads\\\/2020\\\/11\\\/Loewendenkmal_Augmented-UP_Umwelt-Perspektiven.jpg\",\"datePublished\":\"2020-11-08T20:52:18+00:00\",\"description\":\"Ohne die Franz\u00f6sische Revolution h\u00e4tte es das Luzerner L\u00f6wendenkmal nie gegeben. Jetzt k\u00f6nnen Interessierte dank einer App in andere Epochen eintauchen.\",\"breadcrumb\":{\"@id\":\"https:\\\/\\\/www.organisator.ch\\\/fr\\\/general\\\/2020-11-08\\\/digitale-franzoesische-revolution-am-loewendenkmal\\\/#breadcrumb\"},\"inLanguage\":\"en-US\",\"potentialAction\":[{\"@type\":\"ReadAction\",\"target\":[\"https:\\\/\\\/www.organisator.ch\\\/fr\\\/general\\\/2020-11-08\\\/digitale-franzoesische-revolution-am-loewendenkmal\\\/\"]}]},{\"@type\":\"ImageObject\",\"inLanguage\":\"en-US\",\"@id\":\"https:\\\/\\\/www.organisator.ch\\\/fr\\\/general\\\/2020-11-08\\\/digitale-franzoesische-revolution-am-loewendenkmal\\\/#primaryimage\",\"url\":\"https:\\\/\\\/www.organisator.ch\\\/wp-content\\\/uploads\\\/2020\\\/11\\\/Loewendenkmal_Augmented-UP_Umwelt-Perspektiven.jpg\",\"contentUrl\":\"https:\\\/\\\/www.organisator.ch\\\/wp-content\\\/uploads\\\/2020\\\/11\\\/Loewendenkmal_Augmented-UP_Umwelt-Perspektiven.jpg\",\"width\":1031,\"height\":649,\"caption\":\"2021 feiert das Luzerner L\u00f6wendenkmal seinen 200. Geburtstag. Ohne die Franz\u00f6sische Revolution h\u00e4tte es das weltber\u00fchmte Monument nie gegeben. Besucherinnen und Besucher k\u00f6nnen nun dank der multimedialen App \u00abAugmented Revolution Experience (ARE) \u2013 Revive la r\u00e9volution\u00bb in dessen Geschichte eintauchen \u2013\"},{\"@type\":\"BreadcrumbList\",\"@id\":\"https:\\\/\\\/www.organisator.ch\\\/fr\\\/general\\\/2020-11-08\\\/digitale-franzoesische-revolution-am-loewendenkmal\\\/#breadcrumb\",\"itemListElement\":[{\"@type\":\"ListItem\",\"position\":1,\"name\":\"Home\",\"item\":\"https:\\\/\\\/www.organisator.ch\\\/\"},{\"@type\":\"ListItem\",\"position\":2,\"name\":\"Digitale (Franz\u00f6sische) Revolution am L\u00f6wendenkmal\"}]},{\"@type\":\"WebSite\",\"@id\":\"https:\\\/\\\/www.organisator.ch\\\/#website\",\"url\":\"https:\\\/\\\/www.organisator.ch\\\/\",\"name\":\"Organisator\",\"description\":\"Kompetent. Praxisnah. Der ORGANISATOR bereitet in 10 Ausgaben pro Jahr die wesentlichen Themen f\u00fcr F\u00fchrungskr\u00e4fte von KMU auf.\",\"publisher\":{\"@id\":\"https:\\\/\\\/www.organisator.ch\\\/#organization\"},\"potentialAction\":[{\"@type\":\"SearchAction\",\"target\":{\"@type\":\"EntryPoint\",\"urlTemplate\":\"https:\\\/\\\/www.organisator.ch\\\/?s={search_term_string}\"},\"query-input\":{\"@type\":\"PropertyValueSpecification\",\"valueRequired\":true,\"valueName\":\"search_term_string\"}}],\"inLanguage\":\"en-US\"},{\"@type\":\"Organization\",\"@id\":\"https:\\\/\\\/www.organisator.ch\\\/#organization\",\"name\":\"Organisator\",\"url\":\"https:\\\/\\\/www.organisator.ch\\\/\",\"logo\":{\"@type\":\"ImageObject\",\"inLanguage\":\"en-US\",\"@id\":\"https:\\\/\\\/www.organisator.ch\\\/#\\\/schema\\\/logo\\\/image\\\/\",\"url\":\"https:\\\/\\\/www.organisator.ch\\\/wp-content\\\/uploads\\\/2022\\\/01\\\/Logo_Organisator_Website.png\",\"contentUrl\":\"https:\\\/\\\/www.organisator.ch\\\/wp-content\\\/uploads\\\/2022\\\/01\\\/Logo_Organisator_Website.png\",\"width\":800,\"height\":77,\"caption\":\"Organisator\"},\"image\":{\"@id\":\"https:\\\/\\\/www.organisator.ch\\\/#\\\/schema\\\/logo\\\/image\\\/\"},\"sameAs\":[\"https:\\\/\\\/www.facebook.com\\\/OrganisatorFachmagazin\",\"https:\\\/\\\/www.linkedin.com\\\/showcase\\\/organisator-das-magazin-fr-kmu\",\"https:\\\/\\\/www.xing.com\\\/news\\\/pages\\\/organisator-ch-695\",\"https:\\\/\\\/www.youtube.com\\\/channel\\\/UCGP2Sq0iWaZwT3BdIAQFYpw\"]},{\"@type\":\"Person\",\"@id\":\"https:\\\/\\\/www.organisator.ch\\\/#\\\/schema\\\/person\\\/134708ca9321c57b0362cceb7948ffbd\",\"name\":\"michael.merz\",\"image\":{\"@type\":\"ImageObject\",\"inLanguage\":\"en-US\",\"@id\":\"https:\\\/\\\/secure.gravatar.com\\\/avatar\\\/?s=96&d=mm&r=g\",\"url\":\"https:\\\/\\\/secure.gravatar.com\\\/avatar\\\/?s=96&d=mm&r=g\",\"contentUrl\":\"https:\\\/\\\/secure.gravatar.com\\\/avatar\\\/?s=96&d=mm&r=g\",\"caption\":\"michael.merz\"},\"url\":\"https:\\\/\\\/www.organisator.ch\\\/en\\\/author\\\/michael-merz\\\/\"}]}<\/script>\n<!-- \/ Yoast SEO plugin. -->","yoast_head_json":{"title":"Digital (French) Revolution at the Lion Monument - Organizer","description":"Without the French Revolution, the Lucerne Lion Monument would never have existed. Now, thanks to an app, those interested can immerse themselves in other eras.","robots":{"index":"index","follow":"follow","max-snippet":"max-snippet:-1","max-image-preview":"max-image-preview:large","max-video-preview":"max-video-preview:-1"},"canonical":"https:\/\/www.organisator.ch\/en\/general\/2020-11-08\/digitale-franzoesische-revolution-am-loewendenkmal\/","og_locale":"en_US","og_type":"article","og_title":"Digitale (Franz\u00f6sische) Revolution am L\u00f6wendenkmal - Organisator","og_description":"Ohne die Franz\u00f6sische Revolution h\u00e4tte es das Luzerner L\u00f6wendenkmal nie gegeben. Jetzt k\u00f6nnen Interessierte dank einer App in andere Epochen eintauchen.","og_url":"https:\/\/www.organisator.ch\/en\/general\/2020-11-08\/digitale-franzoesische-revolution-am-loewendenkmal\/","og_site_name":"Organisator","article_publisher":"https:\/\/www.facebook.com\/OrganisatorFachmagazin","article_published_time":"2020-11-08T20:52:18+00:00","og_image":[{"width":1031,"height":649,"url":"https:\/\/www.organisator.ch\/wp-content\/uploads\/2020\/11\/Loewendenkmal_Augmented-UP_Umwelt-Perspektiven.jpg","type":"image\/jpeg"}],"author":"michael.merz","twitter_card":"summary_large_image","schema":{"@context":"https:\/\/schema.org","@graph":[{"@type":"Article","@id":"https:\/\/www.organisator.ch\/fr\/general\/2020-11-08\/digitale-franzoesische-revolution-am-loewendenkmal\/#article","isPartOf":{"@id":"https:\/\/www.organisator.ch\/fr\/general\/2020-11-08\/digitale-franzoesische-revolution-am-loewendenkmal\/"},"author":{"name":"michael.merz","@id":"https:\/\/www.organisator.ch\/#\/schema\/person\/134708ca9321c57b0362cceb7948ffbd"},"headline":"Digitale (Franz\u00f6sische) Revolution am L\u00f6wendenkmal","datePublished":"2020-11-08T20:52:18+00:00","mainEntityOfPage":{"@id":"https:\/\/www.organisator.ch\/fr\/general\/2020-11-08\/digitale-franzoesische-revolution-am-loewendenkmal\/"},"wordCount":703,"publisher":{"@id":"https:\/\/www.organisator.ch\/#organization"},"image":{"@id":"https:\/\/www.organisator.ch\/fr\/general\/2020-11-08\/digitale-franzoesische-revolution-am-loewendenkmal\/#primaryimage"},"thumbnailUrl":"https:\/\/www.organisator.ch\/wp-content\/uploads\/2020\/11\/Loewendenkmal_Augmented-UP_Umwelt-Perspektiven.jpg","keywords":["Augmented Reality","Forschung","Jubil\u00e4um","L\u00f6wendenkmal","Luzern","Tourismus"],"articleSection":["Allgemein"],"inLanguage":"en-US"},{"@type":"WebPage","@id":"https:\/\/www.organisator.ch\/fr\/general\/2020-11-08\/digitale-franzoesische-revolution-am-loewendenkmal\/","url":"https:\/\/www.organisator.ch\/fr\/general\/2020-11-08\/digitale-franzoesische-revolution-am-loewendenkmal\/","name":"Digital (French) Revolution at the Lion Monument - Organizer","isPartOf":{"@id":"https:\/\/www.organisator.ch\/#website"},"primaryImageOfPage":{"@id":"https:\/\/www.organisator.ch\/fr\/general\/2020-11-08\/digitale-franzoesische-revolution-am-loewendenkmal\/#primaryimage"},"image":{"@id":"https:\/\/www.organisator.ch\/fr\/general\/2020-11-08\/digitale-franzoesische-revolution-am-loewendenkmal\/#primaryimage"},"thumbnailUrl":"https:\/\/www.organisator.ch\/wp-content\/uploads\/2020\/11\/Loewendenkmal_Augmented-UP_Umwelt-Perspektiven.jpg","datePublished":"2020-11-08T20:52:18+00:00","description":"Without the French Revolution, the Lucerne Lion Monument would never have existed. Now, thanks to an app, those interested can immerse themselves in other eras.","breadcrumb":{"@id":"https:\/\/www.organisator.ch\/fr\/general\/2020-11-08\/digitale-franzoesische-revolution-am-loewendenkmal\/#breadcrumb"},"inLanguage":"en-US","potentialAction":[{"@type":"ReadAction","target":["https:\/\/www.organisator.ch\/fr\/general\/2020-11-08\/digitale-franzoesische-revolution-am-loewendenkmal\/"]}]},{"@type":"ImageObject","inLanguage":"en-US","@id":"https:\/\/www.organisator.ch\/fr\/general\/2020-11-08\/digitale-franzoesische-revolution-am-loewendenkmal\/#primaryimage","url":"https:\/\/www.organisator.ch\/wp-content\/uploads\/2020\/11\/Loewendenkmal_Augmented-UP_Umwelt-Perspektiven.jpg","contentUrl":"https:\/\/www.organisator.ch\/wp-content\/uploads\/2020\/11\/Loewendenkmal_Augmented-UP_Umwelt-Perspektiven.jpg","width":1031,"height":649,"caption":"2021 feiert das Luzerner L\u00f6wendenkmal seinen 200. Geburtstag. Ohne die Franz\u00f6sische Revolution h\u00e4tte es das weltber\u00fchmte Monument nie gegeben. Besucherinnen und Besucher k\u00f6nnen nun dank der multimedialen App \u00abAugmented Revolution Experience (ARE) \u2013 Revive la r\u00e9volution\u00bb in dessen Geschichte eintauchen \u2013"},{"@type":"BreadcrumbList","@id":"https:\/\/www.organisator.ch\/fr\/general\/2020-11-08\/digitale-franzoesische-revolution-am-loewendenkmal\/#breadcrumb","itemListElement":[{"@type":"ListItem","position":1,"name":"Home","item":"https:\/\/www.organisator.ch\/"},{"@type":"ListItem","position":2,"name":"Digitale (Franz\u00f6sische) Revolution am L\u00f6wendenkmal"}]},{"@type":"WebSite","@id":"https:\/\/www.organisator.ch\/#website","url":"https:\/\/www.organisator.ch\/","name":"Organizer","description":"Competent. Practical. In 10 issues per year, ORGANISATOR presents the essential topics for managers of SMEs.","publisher":{"@id":"https:\/\/www.organisator.ch\/#organization"},"potentialAction":[{"@type":"SearchAction","target":{"@type":"EntryPoint","urlTemplate":"https:\/\/www.organisator.ch\/?s={search_term_string}"},"query-input":{"@type":"PropertyValueSpecification","valueRequired":true,"valueName":"search_term_string"}}],"inLanguage":"en-US"},{"@type":"Organization","@id":"https:\/\/www.organisator.ch\/#organization","name":"Organizer","url":"https:\/\/www.organisator.ch\/","logo":{"@type":"ImageObject","inLanguage":"en-US","@id":"https:\/\/www.organisator.ch\/#\/schema\/logo\/image\/","url":"https:\/\/www.organisator.ch\/wp-content\/uploads\/2022\/01\/Logo_Organisator_Website.png","contentUrl":"https:\/\/www.organisator.ch\/wp-content\/uploads\/2022\/01\/Logo_Organisator_Website.png","width":800,"height":77,"caption":"Organisator"},"image":{"@id":"https:\/\/www.organisator.ch\/#\/schema\/logo\/image\/"},"sameAs":["https:\/\/www.facebook.com\/OrganisatorFachmagazin","https:\/\/www.linkedin.com\/showcase\/organisator-das-magazin-fr-kmu","https:\/\/www.xing.com\/news\/pages\/organisator-ch-695","https:\/\/www.youtube.com\/channel\/UCGP2Sq0iWaZwT3BdIAQFYpw"]},{"@type":"Person","@id":"https:\/\/www.organisator.ch\/#\/schema\/person\/134708ca9321c57b0362cceb7948ffbd","name":"michael.merz","image":{"@type":"ImageObject","inLanguage":"en-US","@id":"https:\/\/secure.gravatar.com\/avatar\/?s=96&d=mm&r=g","url":"https:\/\/secure.gravatar.com\/avatar\/?s=96&d=mm&r=g","contentUrl":"https:\/\/secure.gravatar.com\/avatar\/?s=96&d=mm&r=g","caption":"michael.merz"},"url":"https:\/\/www.organisator.ch\/en\/author\/michael-merz\/"}]}},"_links":{"self":[{"href":"https:\/\/www.organisator.ch\/en\/wp-json\/wp\/v2\/posts\/10221","targetHints":{"allow":["GET"]}}],"collection":[{"href":"https:\/\/www.organisator.ch\/en\/wp-json\/wp\/v2\/posts"}],"about":[{"href":"https:\/\/www.organisator.ch\/en\/wp-json\/wp\/v2\/types\/post"}],"author":[{"embeddable":true,"href":"https:\/\/www.organisator.ch\/en\/wp-json\/wp\/v2\/users\/5"}],"replies":[{"embeddable":true,"href":"https:\/\/www.organisator.ch\/en\/wp-json\/wp\/v2\/comments?post=10221"}],"version-history":[{"count":0,"href":"https:\/\/www.organisator.ch\/en\/wp-json\/wp\/v2\/posts\/10221\/revisions"}],"wp:featuredmedia":[{"embeddable":true,"href":"https:\/\/www.organisator.ch\/en\/wp-json\/wp\/v2\/media\/3471"}],"wp:attachment":[{"href":"https:\/\/www.organisator.ch\/en\/wp-json\/wp\/v2\/media?parent=10221"}],"wp:term":[{"taxonomy":"category","embeddable":true,"href":"https:\/\/www.organisator.ch\/en\/wp-json\/wp\/v2\/categories?post=10221"},{"taxonomy":"post_tag","embeddable":true,"href":"https:\/\/www.organisator.ch\/en\/wp-json\/wp\/v2\/tags?post=10221"}],"curies":[{"name":"wp","href":"https:\/\/api.w.org\/{rel}","templated":true}]}}