{"id":10250,"date":"2021-02-19T13:54:29","date_gmt":"2021-02-19T12:54:29","guid":{"rendered":"https:\/\/www.umweltperspektiven.ch\/?p=3858"},"modified":"2022-02-09T11:05:31","modified_gmt":"2022-02-09T10:05:31","slug":"schub-fuer-die-plastik-separatsammlung","status":"publish","type":"post","link":"https:\/\/www.organisator.ch\/en\/sustainability\/2021-02-19\/schub-fuer-die-plastik-separatsammlung\/","title":{"rendered":"Separate plastic collection: standards defined with disposal companies"},"content":{"rendered":"<p><img loading=\"lazy\" decoding=\"async\" class=\"size-medium wp-image-3859 aligncenter\" src=\"\/\/www.umweltperspektiven.ch\/wp-content\/uploads\/2021\/02\/Depositphotos_323379624_s-2019.jpg\" alt=\"\" width=\"680\" height=\"454\" srcset=\"https:\/\/www.organisator.ch\/wp-content\/uploads\/2021\/02\/Depositphotos_323379624_s-2019.jpg 1000w, https:\/\/www.organisator.ch\/wp-content\/uploads\/2021\/02\/Depositphotos_323379624_s-2019-680x454.jpg 680w, https:\/\/www.organisator.ch\/wp-content\/uploads\/2021\/02\/Depositphotos_323379624_s-2019-768x512.jpg 768w, https:\/\/www.organisator.ch\/wp-content\/uploads\/2021\/02\/Depositphotos_323379624_s-2019-18x12.jpg 18w, https:\/\/www.organisator.ch\/wp-content\/uploads\/2021\/02\/Depositphotos_323379624_s-2019-262x175.jpg 262w, https:\/\/www.organisator.ch\/wp-content\/uploads\/2021\/02\/Depositphotos_323379624_s-2019-525x350.jpg 525w, https:\/\/www.organisator.ch\/wp-content\/uploads\/2021\/02\/Depositphotos_323379624_s-2019-920x614.jpg 920w, https:\/\/www.organisator.ch\/wp-content\/uploads\/2021\/02\/Depositphotos_323379624_s-2019-300x200.jpg 300w\" sizes=\"auto, (max-width: 680px) 100vw, 680px\" \/><\/p>\n<p>\u00a9 Depositphotos, Robertobintti70<\/p>\n<p>More than ten percent of the waste in an average garbage bag consists of plastic. The starting material for plastic production is petroleum, a non-renewable raw material. Although the incineration of plastic waste in the waste incineration plant (MWIP) generates electricity and district heating, the raw material is irretrievably lost. In addition, the production and incineration of plastic produces CO<sub>2<\/sub> is released, which contributes to global warming. So there are good reasons not to incinerate plastic waste, but to make new plastic out of it. Nevertheless, many municipalities in Zurich do not yet have separate collections for plastic. This is because plastic recycling is not ecologically sensible in every case, as the Canton of Zurich's Department of Construction writes. Only if certain conditions are met is it better to collect plastic waste separately instead of using it to generate electricity and heat in a waste incineration plant.<\/p>\n<h2><strong>Plastic must not end up in the sea<br \/>\n<\/strong><\/h2>\n<p>According to the Construction Directorate, it is important for ecologically sensible plastic recycling that as high a proportion as possible of the collected plastic waste can actually be reused for the manufacture of new plastic products of the highest possible quality. Today, this proportion is 50 percent at best. This is because the separation of plastic waste, which is made up of a wide variety of plastic types, into sorted, high-quality starting material for new plastic is technically very demanding. Under no circumstances should the non-recyclable residual waste be improperly deposited or incinerated in distant countries, or even be released into the environment - otherwise separate plastic collections would be counterproductive. It is therefore crucial that the plastic that is not returned to the material cycle is correctly recycled in a Swiss disposal facility.<\/p>\n<h2><strong>Introducing meaningful collections has been difficult<br \/>\n<\/strong><\/h2>\n<p>Cities and municipalities are responsible for the disposal of household waste. They can grant permission to private companies to set up plastic collections in their municipality. Many municipalities would also like to do this. But until now, it has been very difficult for them to assess and verify whether the disposal company is actually recycling the waste in an ecologically sound manner, according to the construction directorate. Now, an agreement between the Construction Department and the Swiss Plastic Recyclers Association (VSPR) provides a remedy. Disposal companies that want to establish a separate collection for plastic waste in Zurich municipalities can join the agreement, according to the media release. In doing so, the disposal companies would commit themselves to complying with high environmental standards. If cities and municipalities in the future grant a separate collection permit to a company that has signed the agreement, they can be sure they are really doing something good for the environment, the media release emphasizes. According to the canton, this should give a strong boost to ecologically sound separate collections of plastics in the canton of Zurich. This is precisely the idea behind the agreement between the canton and the waste disposal industry.<\/p>\n<h2><strong>Agreement between canton and plastic recyclers<\/strong><\/h2>\n<p>The main points that waste management companies signing the agreement undertake to comply with:<br \/>\n- The percentage of collected plastic that goes back into the cycle as secondary raw material (plastic granulate) should be at least 50% and should increase continuously:<br \/>\n- to 55% by 2025<br \/>\n- until 2028 on 60%<br \/>\n- by 2030 to 65% and more<br \/>\n- From 2030: annual increase until 70% is reached.<br \/>\n- The quality of secondary raw material should correspond to that of primary raw material.<br \/>\n- The residual quantities that cannot be recycled must be properly incinerated in a Swiss disposal facility - such as a MSWI plant or a cement plant.<\/p>\n<p>In order to enable complete control over the disposal routes of plastic waste, the Swiss Plastic Recycler Association has set up a licensing system for the disposal companies. The fulfillment of the above-mentioned criteria must be proven by the licensed disposal companies within the framework of monitoring and verified by independent auditing.<br \/>\n<em><br \/>\nSource: Department of Construction, Canton of Zurich<\/em><\/p>\n<p>&nbsp;<\/p>\n<p><em>More articles on the topic:\u00a0<\/em><\/p>\n<p><em><a href=\"\/\/www.umweltperspektiven.ch\/zuercher-kva-das-aus-fuer-stofflich-verwertbare-kunststoffabfaelle\/\">Z\u00fcrcher KVA: The end for recyclable plastic waste<\/a><\/em><\/p>","protected":false},"excerpt":{"rendered":"<p>\u00a9 Depositphotos, Robertobintti70 \u00dcber zehn Prozent des Abfalls in einem durchschnittlichen Kehrichtsack bestehen aus Plastik. Ausgangsmaterial f\u00fcr die Plastikproduktion ist Erd\u00f6l, ein nicht erneuerbarer Rohstoff. Bei der Verbrennung der Plastikabf\u00e4lle in der Kehrichtverwertungsanlage (KVA) wird zwar Strom und Fernw\u00e4rme gewonnen, doch der Rohstoff geht unwiederbringlich verloren. Zudem wird bei der Herstellung und Verbrennung von Plastik [&hellip;]<\/p>\n","protected":false},"author":6,"featured_media":3859,"comment_status":"closed","ping_status":"closed","sticky":false,"template":"","format":"standard","meta":{"_acf_changed":false,"_yoast_wpseo_focuskw":"Plastik-Separatsammlung","_yoast_wpseo_metadesc":"Schub f\u00fcr die Plastik-Separatsammlung im Kanton Z\u00fcrich: Nun hat der Kanton zusammen mit Plastikentsorgern Standards definiert.","articlekey":"","footnotes":""},"categories":[580],"tags":[780,1350,1474,1917,1919,2112],"class_list":["post-10250","post","type-post","status-publish","format-standard","has-post-thumbnail","hentry","category-sustainability","tag-baudirektion","tag-haushaltabfaelle","tag-kanton-zuerich","tag-plastik","tag-plastik-recycling","tag-separatsammlung"],"acf":[],"yoast_head":"<!-- This site is optimized with the Yoast SEO plugin v27.4 - https:\/\/yoast.com\/product\/yoast-seo-wordpress\/ -->\n<title>Plastik-Separatsammlung: Standards mit Entsorgern definiert - Organisator<\/title>\n<meta name=\"description\" content=\"Schub f\u00fcr die Plastik-Separatsammlung im Kanton Z\u00fcrich: Nun hat der Kanton zusammen mit Plastikentsorgern Standards definiert.\" \/>\n<meta name=\"robots\" content=\"index, follow, max-snippet:-1, max-image-preview:large, max-video-preview:-1\" \/>\n<link rel=\"canonical\" href=\"https:\/\/www.organisator.ch\/en\/sustainability\/2021-02-19\/schub-fuer-die-plastik-separatsammlung\/\" \/>\n<meta property=\"og:locale\" content=\"en_US\" \/>\n<meta property=\"og:type\" content=\"article\" \/>\n<meta property=\"og:title\" content=\"Plastik-Separatsammlung: Standards mit Entsorgern definiert - Organisator\" \/>\n<meta property=\"og:description\" content=\"Schub f\u00fcr die Plastik-Separatsammlung im Kanton Z\u00fcrich: Nun hat der Kanton zusammen mit Plastikentsorgern Standards definiert.\" \/>\n<meta property=\"og:url\" content=\"https:\/\/www.organisator.ch\/en\/sustainability\/2021-02-19\/schub-fuer-die-plastik-separatsammlung\/\" \/>\n<meta property=\"og:site_name\" content=\"Organisator\" \/>\n<meta property=\"article:publisher\" content=\"https:\/\/www.facebook.com\/OrganisatorFachmagazin\" \/>\n<meta property=\"article:published_time\" content=\"2021-02-19T12:54:29+00:00\" \/>\n<meta property=\"article:modified_time\" content=\"2022-02-09T10:05:31+00:00\" \/>\n<meta property=\"og:image\" content=\"https:\/\/www.organisator.ch\/wp-content\/uploads\/2021\/02\/Depositphotos_323379624_s-2019.jpg\" \/>\n\t<meta property=\"og:image:width\" content=\"1000\" \/>\n\t<meta property=\"og:image:height\" content=\"667\" \/>\n\t<meta property=\"og:image:type\" content=\"image\/jpeg\" \/>\n<meta name=\"author\" content=\"roger.straessle\" \/>\n<meta name=\"twitter:card\" content=\"summary_large_image\" \/>\n<script type=\"application\/ld+json\" class=\"yoast-schema-graph\">{\"@context\":\"https:\\\/\\\/schema.org\",\"@graph\":[{\"@type\":\"Article\",\"@id\":\"https:\\\/\\\/www.organisator.ch\\\/sustainability\\\/2021-02-19\\\/schub-fuer-die-plastik-separatsammlung\\\/#article\",\"isPartOf\":{\"@id\":\"https:\\\/\\\/www.organisator.ch\\\/sustainability\\\/2021-02-19\\\/schub-fuer-die-plastik-separatsammlung\\\/\"},\"author\":{\"name\":\"roger.straessle\",\"@id\":\"https:\\\/\\\/www.organisator.ch\\\/#\\\/schema\\\/person\\\/a800b8c54e208b160517a7dcc323161d\"},\"headline\":\"Plastik-Separatsammlung: Standards mit Entsorgern definiert\",\"datePublished\":\"2021-02-19T12:54:29+00:00\",\"dateModified\":\"2022-02-09T10:05:31+00:00\",\"mainEntityOfPage\":{\"@id\":\"https:\\\/\\\/www.organisator.ch\\\/sustainability\\\/2021-02-19\\\/schub-fuer-die-plastik-separatsammlung\\\/\"},\"wordCount\":636,\"publisher\":{\"@id\":\"https:\\\/\\\/www.organisator.ch\\\/#organization\"},\"image\":{\"@id\":\"https:\\\/\\\/www.organisator.ch\\\/sustainability\\\/2021-02-19\\\/schub-fuer-die-plastik-separatsammlung\\\/#primaryimage\"},\"thumbnailUrl\":\"https:\\\/\\\/www.organisator.ch\\\/wp-content\\\/uploads\\\/2021\\\/02\\\/Depositphotos_323379624_s-2019.jpg\",\"keywords\":[\"Baudirektion\",\"Haushaltabf\u00e4lle\",\"Kanton Z\u00fcrich\",\"Plastik\",\"Plastik-Recycling\",\"Separatsammlung\"],\"articleSection\":[\"SUSTAINABILITY\"],\"inLanguage\":\"en-US\"},{\"@type\":\"WebPage\",\"@id\":\"https:\\\/\\\/www.organisator.ch\\\/sustainability\\\/2021-02-19\\\/schub-fuer-die-plastik-separatsammlung\\\/\",\"url\":\"https:\\\/\\\/www.organisator.ch\\\/sustainability\\\/2021-02-19\\\/schub-fuer-die-plastik-separatsammlung\\\/\",\"name\":\"Plastik-Separatsammlung: Standards mit Entsorgern definiert - Organisator\",\"isPartOf\":{\"@id\":\"https:\\\/\\\/www.organisator.ch\\\/#website\"},\"primaryImageOfPage\":{\"@id\":\"https:\\\/\\\/www.organisator.ch\\\/sustainability\\\/2021-02-19\\\/schub-fuer-die-plastik-separatsammlung\\\/#primaryimage\"},\"image\":{\"@id\":\"https:\\\/\\\/www.organisator.ch\\\/sustainability\\\/2021-02-19\\\/schub-fuer-die-plastik-separatsammlung\\\/#primaryimage\"},\"thumbnailUrl\":\"https:\\\/\\\/www.organisator.ch\\\/wp-content\\\/uploads\\\/2021\\\/02\\\/Depositphotos_323379624_s-2019.jpg\",\"datePublished\":\"2021-02-19T12:54:29+00:00\",\"dateModified\":\"2022-02-09T10:05:31+00:00\",\"description\":\"Schub f\u00fcr die Plastik-Separatsammlung im Kanton Z\u00fcrich: Nun hat der Kanton zusammen mit Plastikentsorgern Standards definiert.\",\"breadcrumb\":{\"@id\":\"https:\\\/\\\/www.organisator.ch\\\/sustainability\\\/2021-02-19\\\/schub-fuer-die-plastik-separatsammlung\\\/#breadcrumb\"},\"inLanguage\":\"en-US\",\"potentialAction\":[{\"@type\":\"ReadAction\",\"target\":[\"https:\\\/\\\/www.organisator.ch\\\/sustainability\\\/2021-02-19\\\/schub-fuer-die-plastik-separatsammlung\\\/\"]}]},{\"@type\":\"ImageObject\",\"inLanguage\":\"en-US\",\"@id\":\"https:\\\/\\\/www.organisator.ch\\\/sustainability\\\/2021-02-19\\\/schub-fuer-die-plastik-separatsammlung\\\/#primaryimage\",\"url\":\"https:\\\/\\\/www.organisator.ch\\\/wp-content\\\/uploads\\\/2021\\\/02\\\/Depositphotos_323379624_s-2019.jpg\",\"contentUrl\":\"https:\\\/\\\/www.organisator.ch\\\/wp-content\\\/uploads\\\/2021\\\/02\\\/Depositphotos_323379624_s-2019.jpg\",\"width\":1000,\"height\":667,\"caption\":\"\u00a9 Depositphotos, Robertobintti70\"},{\"@type\":\"BreadcrumbList\",\"@id\":\"https:\\\/\\\/www.organisator.ch\\\/sustainability\\\/2021-02-19\\\/schub-fuer-die-plastik-separatsammlung\\\/#breadcrumb\",\"itemListElement\":[{\"@type\":\"ListItem\",\"position\":1,\"name\":\"Home\",\"item\":\"https:\\\/\\\/www.organisator.ch\\\/\"},{\"@type\":\"ListItem\",\"position\":2,\"name\":\"Plastik-Separatsammlung: Standards mit Entsorgern definiert\"}]},{\"@type\":\"WebSite\",\"@id\":\"https:\\\/\\\/www.organisator.ch\\\/#website\",\"url\":\"https:\\\/\\\/www.organisator.ch\\\/\",\"name\":\"Organisator\",\"description\":\"Kompetent. Praxisnah. Der ORGANISATOR bereitet in 10 Ausgaben pro Jahr die wesentlichen Themen f\u00fcr F\u00fchrungskr\u00e4fte von KMU auf.\",\"publisher\":{\"@id\":\"https:\\\/\\\/www.organisator.ch\\\/#organization\"},\"potentialAction\":[{\"@type\":\"SearchAction\",\"target\":{\"@type\":\"EntryPoint\",\"urlTemplate\":\"https:\\\/\\\/www.organisator.ch\\\/?s={search_term_string}\"},\"query-input\":{\"@type\":\"PropertyValueSpecification\",\"valueRequired\":true,\"valueName\":\"search_term_string\"}}],\"inLanguage\":\"en-US\"},{\"@type\":\"Organization\",\"@id\":\"https:\\\/\\\/www.organisator.ch\\\/#organization\",\"name\":\"Organisator\",\"url\":\"https:\\\/\\\/www.organisator.ch\\\/\",\"logo\":{\"@type\":\"ImageObject\",\"inLanguage\":\"en-US\",\"@id\":\"https:\\\/\\\/www.organisator.ch\\\/#\\\/schema\\\/logo\\\/image\\\/\",\"url\":\"https:\\\/\\\/www.organisator.ch\\\/wp-content\\\/uploads\\\/2022\\\/01\\\/Logo_Organisator_Website.png\",\"contentUrl\":\"https:\\\/\\\/www.organisator.ch\\\/wp-content\\\/uploads\\\/2022\\\/01\\\/Logo_Organisator_Website.png\",\"width\":800,\"height\":77,\"caption\":\"Organisator\"},\"image\":{\"@id\":\"https:\\\/\\\/www.organisator.ch\\\/#\\\/schema\\\/logo\\\/image\\\/\"},\"sameAs\":[\"https:\\\/\\\/www.facebook.com\\\/OrganisatorFachmagazin\",\"https:\\\/\\\/www.linkedin.com\\\/showcase\\\/organisator-das-magazin-fr-kmu\",\"https:\\\/\\\/www.xing.com\\\/news\\\/pages\\\/organisator-ch-695\",\"https:\\\/\\\/www.youtube.com\\\/channel\\\/UCGP2Sq0iWaZwT3BdIAQFYpw\"]},{\"@type\":\"Person\",\"@id\":\"https:\\\/\\\/www.organisator.ch\\\/#\\\/schema\\\/person\\\/a800b8c54e208b160517a7dcc323161d\",\"name\":\"roger.straessle\",\"image\":{\"@type\":\"ImageObject\",\"inLanguage\":\"en-US\",\"@id\":\"https:\\\/\\\/secure.gravatar.com\\\/avatar\\\/?s=96&d=mm&r=g\",\"url\":\"https:\\\/\\\/secure.gravatar.com\\\/avatar\\\/?s=96&d=mm&r=g\",\"contentUrl\":\"https:\\\/\\\/secure.gravatar.com\\\/avatar\\\/?s=96&d=mm&r=g\",\"caption\":\"roger.straessle\"},\"url\":\"https:\\\/\\\/www.organisator.ch\\\/en\\\/author\\\/roger-straessle\\\/\"}]}<\/script>\n<!-- \/ Yoast SEO plugin. -->","yoast_head_json":{"title":"Plastic separate collection: standards defined with disposal companies - organizer","description":"Push for plastic separate collection in the canton of Zurich: Now the canton has defined standards together with plastic disposal companies.","robots":{"index":"index","follow":"follow","max-snippet":"max-snippet:-1","max-image-preview":"max-image-preview:large","max-video-preview":"max-video-preview:-1"},"canonical":"https:\/\/www.organisator.ch\/en\/sustainability\/2021-02-19\/schub-fuer-die-plastik-separatsammlung\/","og_locale":"en_US","og_type":"article","og_title":"Plastik-Separatsammlung: Standards mit Entsorgern definiert - Organisator","og_description":"Schub f\u00fcr die Plastik-Separatsammlung im Kanton Z\u00fcrich: Nun hat der Kanton zusammen mit Plastikentsorgern Standards definiert.","og_url":"https:\/\/www.organisator.ch\/en\/sustainability\/2021-02-19\/schub-fuer-die-plastik-separatsammlung\/","og_site_name":"Organisator","article_publisher":"https:\/\/www.facebook.com\/OrganisatorFachmagazin","article_published_time":"2021-02-19T12:54:29+00:00","article_modified_time":"2022-02-09T10:05:31+00:00","og_image":[{"width":1000,"height":667,"url":"https:\/\/www.organisator.ch\/wp-content\/uploads\/2021\/02\/Depositphotos_323379624_s-2019.jpg","type":"image\/jpeg"}],"author":"roger.straessle","twitter_card":"summary_large_image","schema":{"@context":"https:\/\/schema.org","@graph":[{"@type":"Article","@id":"https:\/\/www.organisator.ch\/sustainability\/2021-02-19\/schub-fuer-die-plastik-separatsammlung\/#article","isPartOf":{"@id":"https:\/\/www.organisator.ch\/sustainability\/2021-02-19\/schub-fuer-die-plastik-separatsammlung\/"},"author":{"name":"roger.straessle","@id":"https:\/\/www.organisator.ch\/#\/schema\/person\/a800b8c54e208b160517a7dcc323161d"},"headline":"Plastik-Separatsammlung: Standards mit Entsorgern definiert","datePublished":"2021-02-19T12:54:29+00:00","dateModified":"2022-02-09T10:05:31+00:00","mainEntityOfPage":{"@id":"https:\/\/www.organisator.ch\/sustainability\/2021-02-19\/schub-fuer-die-plastik-separatsammlung\/"},"wordCount":636,"publisher":{"@id":"https:\/\/www.organisator.ch\/#organization"},"image":{"@id":"https:\/\/www.organisator.ch\/sustainability\/2021-02-19\/schub-fuer-die-plastik-separatsammlung\/#primaryimage"},"thumbnailUrl":"https:\/\/www.organisator.ch\/wp-content\/uploads\/2021\/02\/Depositphotos_323379624_s-2019.jpg","keywords":["Baudirektion","Haushaltabf\u00e4lle","Kanton Z\u00fcrich","Plastik","Plastik-Recycling","Separatsammlung"],"articleSection":["SUSTAINABILITY"],"inLanguage":"en-US"},{"@type":"WebPage","@id":"https:\/\/www.organisator.ch\/sustainability\/2021-02-19\/schub-fuer-die-plastik-separatsammlung\/","url":"https:\/\/www.organisator.ch\/sustainability\/2021-02-19\/schub-fuer-die-plastik-separatsammlung\/","name":"Plastic separate collection: standards defined with disposal companies - organizer","isPartOf":{"@id":"https:\/\/www.organisator.ch\/#website"},"primaryImageOfPage":{"@id":"https:\/\/www.organisator.ch\/sustainability\/2021-02-19\/schub-fuer-die-plastik-separatsammlung\/#primaryimage"},"image":{"@id":"https:\/\/www.organisator.ch\/sustainability\/2021-02-19\/schub-fuer-die-plastik-separatsammlung\/#primaryimage"},"thumbnailUrl":"https:\/\/www.organisator.ch\/wp-content\/uploads\/2021\/02\/Depositphotos_323379624_s-2019.jpg","datePublished":"2021-02-19T12:54:29+00:00","dateModified":"2022-02-09T10:05:31+00:00","description":"Push for plastic separate collection in the canton of Zurich: Now the canton has defined standards together with plastic disposal companies.","breadcrumb":{"@id":"https:\/\/www.organisator.ch\/sustainability\/2021-02-19\/schub-fuer-die-plastik-separatsammlung\/#breadcrumb"},"inLanguage":"en-US","potentialAction":[{"@type":"ReadAction","target":["https:\/\/www.organisator.ch\/sustainability\/2021-02-19\/schub-fuer-die-plastik-separatsammlung\/"]}]},{"@type":"ImageObject","inLanguage":"en-US","@id":"https:\/\/www.organisator.ch\/sustainability\/2021-02-19\/schub-fuer-die-plastik-separatsammlung\/#primaryimage","url":"https:\/\/www.organisator.ch\/wp-content\/uploads\/2021\/02\/Depositphotos_323379624_s-2019.jpg","contentUrl":"https:\/\/www.organisator.ch\/wp-content\/uploads\/2021\/02\/Depositphotos_323379624_s-2019.jpg","width":1000,"height":667,"caption":"\u00a9 Depositphotos, Robertobintti70"},{"@type":"BreadcrumbList","@id":"https:\/\/www.organisator.ch\/sustainability\/2021-02-19\/schub-fuer-die-plastik-separatsammlung\/#breadcrumb","itemListElement":[{"@type":"ListItem","position":1,"name":"Home","item":"https:\/\/www.organisator.ch\/"},{"@type":"ListItem","position":2,"name":"Plastik-Separatsammlung: Standards mit Entsorgern definiert"}]},{"@type":"WebSite","@id":"https:\/\/www.organisator.ch\/#website","url":"https:\/\/www.organisator.ch\/","name":"Organizer","description":"Competent. Practical. In 10 issues per year, ORGANISATOR presents the essential topics for managers of SMEs.","publisher":{"@id":"https:\/\/www.organisator.ch\/#organization"},"potentialAction":[{"@type":"SearchAction","target":{"@type":"EntryPoint","urlTemplate":"https:\/\/www.organisator.ch\/?s={search_term_string}"},"query-input":{"@type":"PropertyValueSpecification","valueRequired":true,"valueName":"search_term_string"}}],"inLanguage":"en-US"},{"@type":"Organization","@id":"https:\/\/www.organisator.ch\/#organization","name":"Organizer","url":"https:\/\/www.organisator.ch\/","logo":{"@type":"ImageObject","inLanguage":"en-US","@id":"https:\/\/www.organisator.ch\/#\/schema\/logo\/image\/","url":"https:\/\/www.organisator.ch\/wp-content\/uploads\/2022\/01\/Logo_Organisator_Website.png","contentUrl":"https:\/\/www.organisator.ch\/wp-content\/uploads\/2022\/01\/Logo_Organisator_Website.png","width":800,"height":77,"caption":"Organisator"},"image":{"@id":"https:\/\/www.organisator.ch\/#\/schema\/logo\/image\/"},"sameAs":["https:\/\/www.facebook.com\/OrganisatorFachmagazin","https:\/\/www.linkedin.com\/showcase\/organisator-das-magazin-fr-kmu","https:\/\/www.xing.com\/news\/pages\/organisator-ch-695","https:\/\/www.youtube.com\/channel\/UCGP2Sq0iWaZwT3BdIAQFYpw"]},{"@type":"Person","@id":"https:\/\/www.organisator.ch\/#\/schema\/person\/a800b8c54e208b160517a7dcc323161d","name":"roger.straessle","image":{"@type":"ImageObject","inLanguage":"en-US","@id":"https:\/\/secure.gravatar.com\/avatar\/?s=96&d=mm&r=g","url":"https:\/\/secure.gravatar.com\/avatar\/?s=96&d=mm&r=g","contentUrl":"https:\/\/secure.gravatar.com\/avatar\/?s=96&d=mm&r=g","caption":"roger.straessle"},"url":"https:\/\/www.organisator.ch\/en\/author\/roger-straessle\/"}]}},"_links":{"self":[{"href":"https:\/\/www.organisator.ch\/en\/wp-json\/wp\/v2\/posts\/10250","targetHints":{"allow":["GET"]}}],"collection":[{"href":"https:\/\/www.organisator.ch\/en\/wp-json\/wp\/v2\/posts"}],"about":[{"href":"https:\/\/www.organisator.ch\/en\/wp-json\/wp\/v2\/types\/post"}],"author":[{"embeddable":true,"href":"https:\/\/www.organisator.ch\/en\/wp-json\/wp\/v2\/users\/6"}],"replies":[{"embeddable":true,"href":"https:\/\/www.organisator.ch\/en\/wp-json\/wp\/v2\/comments?post=10250"}],"version-history":[{"count":1,"href":"https:\/\/www.organisator.ch\/en\/wp-json\/wp\/v2\/posts\/10250\/revisions"}],"predecessor-version":[{"id":10375,"href":"https:\/\/www.organisator.ch\/en\/wp-json\/wp\/v2\/posts\/10250\/revisions\/10375"}],"wp:featuredmedia":[{"embeddable":true,"href":"https:\/\/www.organisator.ch\/en\/wp-json\/wp\/v2\/media\/3859"}],"wp:attachment":[{"href":"https:\/\/www.organisator.ch\/en\/wp-json\/wp\/v2\/media?parent=10250"}],"wp:term":[{"taxonomy":"category","embeddable":true,"href":"https:\/\/www.organisator.ch\/en\/wp-json\/wp\/v2\/categories?post=10250"},{"taxonomy":"post_tag","embeddable":true,"href":"https:\/\/www.organisator.ch\/en\/wp-json\/wp\/v2\/tags?post=10250"}],"curies":[{"name":"wp","href":"https:\/\/api.w.org\/{rel}","templated":true}]}}