{"id":10255,"date":"2021-03-09T14:00:03","date_gmt":"2021-03-09T13:00:03","guid":{"rendered":"https:\/\/www.umweltperspektiven.ch\/?p=3895"},"modified":"2022-02-09T11:06:10","modified_gmt":"2022-02-09T10:06:10","slug":"trendmonitor-zeigt-auf-klimafreundliche-heizsysteme","status":"publish","type":"post","link":"https:\/\/www.organisator.ch\/en\/sustainability\/2021-03-09\/trendmonitor-zeigt-auf-klimafreundliche-heizsysteme\/","title":{"rendered":"Trend monitor points to climate-friendly heating systems"},"content":{"rendered":"<figure id=\"attachment_3896\" aria-describedby=\"caption-attachment-3896\" style=\"width: 680px\" class=\"wp-caption aligncenter\"><img loading=\"lazy\" decoding=\"async\" class=\"wp-image-3896 size-medium\" src=\"\/\/www.umweltperspektiven.ch\/wp-content\/uploads\/2021\/03\/FotoStiebelEltron.jpg\" alt=\"Energy Trend Monitor\" width=\"680\" height=\"453\" \/><figcaption id=\"caption-attachment-3896\" class=\"wp-caption-text\">\u00a9 Stiebel Eltron<\/figcaption><\/figure>\n<p>The Federal Council's climate plan envisages making Switzerland climate-neutral by 2050 - by which time the zero greenhouse gas balance is to be achieved. The Energy Trend Monitor 2021 shows that the majority of Swiss people want to accelerate the energy transition. The recent pandemic experiences apparently play a significant role in this: 56 percent take the consequences of climate change more seriously since Covid-19, and a clear majority would like to switch to climate-friendly heating systems in their own homes (62 percent). These are the findings of the latest Trend Monitor, for which 1,000 consumers were surveyed in February by a market research institute on behalf of Stiebel Eltron.<\/p>\n<p>\"The most important adjusting screw for private households to reduce their own carbon footprint is in the boiler room,\" says Patrick Drack, Managing Director of Stiebel Eltron Switzerland. The vast majority of the population has also recognized this: 77 percent rate climate protection in heating as important. However, at the same time, 73 percent say that the Swiss are not informed enough about climate-friendly heating.<\/p>\n<p><strong>Environmentally friendly heating uses energy from earth, water or air<\/strong><\/p>\n<p>\"There are already very sophisticated heating technologies for switching to climate-friendly operation,\" Drack says. \"Top performances in terms of efficiency are provided by heat pump heating systems, which work like a \"reverse refrigerator\" and convert energy from the ground, groundwater or ambient air into heat for this purpose. Three-quarters of the electricity needed to power them is already produced from renewable sources in Switzerland today.\"<\/p>\n<p><strong>CO2 law limits building emissions<\/strong><\/p>\n<p>The clock of the energy transition is ticking: Strict mandatory limits for new buildings will apply nationwide from 2023 - CO2 emissions may no longer be caused. Existing buildings may emit greenhouse gases - but gas and oil burners will go on the red list when heating systems are replaced. At the same time, many cantons support the conversion to climate-friendly heating systems with subsidy programs.<\/p>\n<p><em>\u00a0<\/em><em>Press release <a href=\"\/\/www.stiebel-eltron.ch\">Stiebel Eltron<\/a><\/em><\/p>\n<p>&nbsp;<\/p>","protected":false},"excerpt":{"rendered":"<p>Der Klimaplan des Bundesrats sieht vor, die Schweiz bis 2050 klimaneutral zu machen \u2013 bis dahin soll die Null-Treibhausgas-Bilanz erreicht sein. Der Energie-Trendmonitor 2021 zeigt, dass die Mehrheit der Schweizerinnen und Schweizer die Energiewende beschleunigen will. Eine bedeutende Rolle spielen dabei offenbar die j\u00fcngsten Pandemie-Erfahrungen: 56 Prozent nehmen die Folgen des Klimawandels seit Covid-19 ernster [&hellip;]<\/p>\n","protected":false},"author":6,"featured_media":9772,"comment_status":"closed","ping_status":"closed","sticky":false,"template":"","format":"standard","meta":{"_acf_changed":false,"_yoast_wpseo_focuskw":"Energie-Trendmonitor","_yoast_wpseo_metadesc":"Gem\u00e4ss \u00abEnergie-Trendmonitor Schweiz 2021\u00bb w\u00fcnschen sich 55 Prozent der Befragten einer Studie bis 2030 eine klimaneutrale Schweiz.","articlekey":"","footnotes":""},"categories":[580],"tags":[1061,1512,341,2203,487],"class_list":["post-10255","post","type-post","status-publish","format-standard","has-post-thumbnail","hentry","category-sustainability","tag-energie-trendmonitor","tag-klimafreundliche-heizsysteme","tag-marktforschung","tag-stiebel-eltron","tag-umfrage"],"acf":[],"yoast_head":"<!-- This site is optimized with the Yoast SEO plugin v27.5 - https:\/\/yoast.com\/product\/yoast-seo-wordpress\/ -->\n<title>Trendmonitor zeigt auf klimafreundliche Heizsysteme - Organisator<\/title>\n<meta name=\"description\" content=\"Gem\u00e4ss \u00abEnergie-Trendmonitor Schweiz 2021\u00bb w\u00fcnschen sich 55 Prozent der Befragten einer Studie bis 2030 eine klimaneutrale Schweiz.\" \/>\n<meta name=\"robots\" content=\"index, follow, max-snippet:-1, max-image-preview:large, max-video-preview:-1\" \/>\n<link rel=\"canonical\" href=\"https:\/\/www.organisator.ch\/en\/sustainability\/2021-03-09\/trendmonitor-zeigt-auf-klimafreundliche-heizsysteme\/\" \/>\n<meta property=\"og:locale\" content=\"en_US\" \/>\n<meta property=\"og:type\" content=\"article\" \/>\n<meta property=\"og:title\" content=\"Trendmonitor zeigt auf klimafreundliche Heizsysteme - Organisator\" \/>\n<meta property=\"og:description\" content=\"Gem\u00e4ss \u00abEnergie-Trendmonitor Schweiz 2021\u00bb w\u00fcnschen sich 55 Prozent der Befragten einer Studie bis 2030 eine klimaneutrale Schweiz.\" \/>\n<meta property=\"og:url\" content=\"https:\/\/www.organisator.ch\/en\/sustainability\/2021-03-09\/trendmonitor-zeigt-auf-klimafreundliche-heizsysteme\/\" \/>\n<meta property=\"og:site_name\" content=\"Organisator\" \/>\n<meta property=\"article:publisher\" content=\"https:\/\/www.facebook.com\/OrganisatorFachmagazin\" \/>\n<meta property=\"article:published_time\" content=\"2021-03-09T13:00:03+00:00\" \/>\n<meta property=\"article:modified_time\" content=\"2022-02-09T10:06:10+00:00\" \/>\n<meta property=\"og:image\" content=\"https:\/\/www.organisator.ch\/wp-content\/uploads\/2021\/03\/FotoStiebelEltron.jpg\" \/>\n\t<meta property=\"og:image:width\" content=\"1620\" \/>\n\t<meta property=\"og:image:height\" content=\"1080\" \/>\n\t<meta property=\"og:image:type\" content=\"image\/jpeg\" \/>\n<meta name=\"author\" content=\"roger.straessle\" \/>\n<meta name=\"twitter:card\" content=\"summary_large_image\" \/>\n<script type=\"application\/ld+json\" class=\"yoast-schema-graph\">{\"@context\":\"https:\\\/\\\/schema.org\",\"@graph\":[{\"@type\":\"Article\",\"@id\":\"https:\\\/\\\/www.organisator.ch\\\/sustainability\\\/2021-03-09\\\/trendmonitor-zeigt-auf-klimafreundliche-heizsysteme\\\/#article\",\"isPartOf\":{\"@id\":\"https:\\\/\\\/www.organisator.ch\\\/sustainability\\\/2021-03-09\\\/trendmonitor-zeigt-auf-klimafreundliche-heizsysteme\\\/\"},\"author\":{\"name\":\"roger.straessle\",\"@id\":\"https:\\\/\\\/www.organisator.ch\\\/#\\\/schema\\\/person\\\/a800b8c54e208b160517a7dcc323161d\"},\"headline\":\"Trendmonitor zeigt auf klimafreundliche Heizsysteme\",\"datePublished\":\"2021-03-09T13:00:03+00:00\",\"dateModified\":\"2022-02-09T10:06:10+00:00\",\"mainEntityOfPage\":{\"@id\":\"https:\\\/\\\/www.organisator.ch\\\/sustainability\\\/2021-03-09\\\/trendmonitor-zeigt-auf-klimafreundliche-heizsysteme\\\/\"},\"wordCount\":308,\"publisher\":{\"@id\":\"https:\\\/\\\/www.organisator.ch\\\/#organization\"},\"image\":{\"@id\":\"https:\\\/\\\/www.organisator.ch\\\/sustainability\\\/2021-03-09\\\/trendmonitor-zeigt-auf-klimafreundliche-heizsysteme\\\/#primaryimage\"},\"thumbnailUrl\":\"https:\\\/\\\/www.organisator.ch\\\/wp-content\\\/uploads\\\/2021\\\/03\\\/FotoStiebelEltron.jpg\",\"keywords\":[\"Energie-Trendmonitor\",\"klimafreundliche Heizsysteme\",\"Marktforschung\",\"Stiebel Eltron\",\"Umfrage\"],\"articleSection\":[\"SUSTAINABILITY\"],\"inLanguage\":\"en-US\"},{\"@type\":\"WebPage\",\"@id\":\"https:\\\/\\\/www.organisator.ch\\\/sustainability\\\/2021-03-09\\\/trendmonitor-zeigt-auf-klimafreundliche-heizsysteme\\\/\",\"url\":\"https:\\\/\\\/www.organisator.ch\\\/sustainability\\\/2021-03-09\\\/trendmonitor-zeigt-auf-klimafreundliche-heizsysteme\\\/\",\"name\":\"Trendmonitor zeigt auf klimafreundliche Heizsysteme - Organisator\",\"isPartOf\":{\"@id\":\"https:\\\/\\\/www.organisator.ch\\\/#website\"},\"primaryImageOfPage\":{\"@id\":\"https:\\\/\\\/www.organisator.ch\\\/sustainability\\\/2021-03-09\\\/trendmonitor-zeigt-auf-klimafreundliche-heizsysteme\\\/#primaryimage\"},\"image\":{\"@id\":\"https:\\\/\\\/www.organisator.ch\\\/sustainability\\\/2021-03-09\\\/trendmonitor-zeigt-auf-klimafreundliche-heizsysteme\\\/#primaryimage\"},\"thumbnailUrl\":\"https:\\\/\\\/www.organisator.ch\\\/wp-content\\\/uploads\\\/2021\\\/03\\\/FotoStiebelEltron.jpg\",\"datePublished\":\"2021-03-09T13:00:03+00:00\",\"dateModified\":\"2022-02-09T10:06:10+00:00\",\"description\":\"Gem\u00e4ss \u00abEnergie-Trendmonitor Schweiz 2021\u00bb w\u00fcnschen sich 55 Prozent der Befragten einer Studie bis 2030 eine klimaneutrale Schweiz.\",\"breadcrumb\":{\"@id\":\"https:\\\/\\\/www.organisator.ch\\\/sustainability\\\/2021-03-09\\\/trendmonitor-zeigt-auf-klimafreundliche-heizsysteme\\\/#breadcrumb\"},\"inLanguage\":\"en-US\",\"potentialAction\":[{\"@type\":\"ReadAction\",\"target\":[\"https:\\\/\\\/www.organisator.ch\\\/sustainability\\\/2021-03-09\\\/trendmonitor-zeigt-auf-klimafreundliche-heizsysteme\\\/\"]}]},{\"@type\":\"ImageObject\",\"inLanguage\":\"en-US\",\"@id\":\"https:\\\/\\\/www.organisator.ch\\\/sustainability\\\/2021-03-09\\\/trendmonitor-zeigt-auf-klimafreundliche-heizsysteme\\\/#primaryimage\",\"url\":\"https:\\\/\\\/www.organisator.ch\\\/wp-content\\\/uploads\\\/2021\\\/03\\\/FotoStiebelEltron.jpg\",\"contentUrl\":\"https:\\\/\\\/www.organisator.ch\\\/wp-content\\\/uploads\\\/2021\\\/03\\\/FotoStiebelEltron.jpg\",\"width\":1620,\"height\":1080,\"caption\":\"\u00a9 Stiebel Eltron\"},{\"@type\":\"BreadcrumbList\",\"@id\":\"https:\\\/\\\/www.organisator.ch\\\/sustainability\\\/2021-03-09\\\/trendmonitor-zeigt-auf-klimafreundliche-heizsysteme\\\/#breadcrumb\",\"itemListElement\":[{\"@type\":\"ListItem\",\"position\":1,\"name\":\"Home\",\"item\":\"https:\\\/\\\/www.organisator.ch\\\/\"},{\"@type\":\"ListItem\",\"position\":2,\"name\":\"Trendmonitor zeigt auf klimafreundliche Heizsysteme\"}]},{\"@type\":\"WebSite\",\"@id\":\"https:\\\/\\\/www.organisator.ch\\\/#website\",\"url\":\"https:\\\/\\\/www.organisator.ch\\\/\",\"name\":\"Organisator\",\"description\":\"Kompetent. Praxisnah. Der ORGANISATOR bereitet in 10 Ausgaben pro Jahr die wesentlichen Themen f\u00fcr F\u00fchrungskr\u00e4fte von KMU auf.\",\"publisher\":{\"@id\":\"https:\\\/\\\/www.organisator.ch\\\/#organization\"},\"potentialAction\":[{\"@type\":\"SearchAction\",\"target\":{\"@type\":\"EntryPoint\",\"urlTemplate\":\"https:\\\/\\\/www.organisator.ch\\\/?s={search_term_string}\"},\"query-input\":{\"@type\":\"PropertyValueSpecification\",\"valueRequired\":true,\"valueName\":\"search_term_string\"}}],\"inLanguage\":\"en-US\"},{\"@type\":\"Organization\",\"@id\":\"https:\\\/\\\/www.organisator.ch\\\/#organization\",\"name\":\"Organisator\",\"url\":\"https:\\\/\\\/www.organisator.ch\\\/\",\"logo\":{\"@type\":\"ImageObject\",\"inLanguage\":\"en-US\",\"@id\":\"https:\\\/\\\/www.organisator.ch\\\/#\\\/schema\\\/logo\\\/image\\\/\",\"url\":\"https:\\\/\\\/www.organisator.ch\\\/wp-content\\\/uploads\\\/2022\\\/01\\\/Logo_Organisator_Website.png\",\"contentUrl\":\"https:\\\/\\\/www.organisator.ch\\\/wp-content\\\/uploads\\\/2022\\\/01\\\/Logo_Organisator_Website.png\",\"width\":800,\"height\":77,\"caption\":\"Organisator\"},\"image\":{\"@id\":\"https:\\\/\\\/www.organisator.ch\\\/#\\\/schema\\\/logo\\\/image\\\/\"},\"sameAs\":[\"https:\\\/\\\/www.facebook.com\\\/OrganisatorFachmagazin\",\"https:\\\/\\\/www.linkedin.com\\\/showcase\\\/organisator-das-magazin-fr-kmu\",\"https:\\\/\\\/www.xing.com\\\/news\\\/pages\\\/organisator-ch-695\",\"https:\\\/\\\/www.youtube.com\\\/channel\\\/UCGP2Sq0iWaZwT3BdIAQFYpw\"]},{\"@type\":\"Person\",\"@id\":\"https:\\\/\\\/www.organisator.ch\\\/#\\\/schema\\\/person\\\/a800b8c54e208b160517a7dcc323161d\",\"name\":\"roger.straessle\",\"image\":{\"@type\":\"ImageObject\",\"inLanguage\":\"en-US\",\"@id\":\"https:\\\/\\\/secure.gravatar.com\\\/avatar\\\/?s=96&d=mm&r=g\",\"url\":\"https:\\\/\\\/secure.gravatar.com\\\/avatar\\\/?s=96&d=mm&r=g\",\"contentUrl\":\"https:\\\/\\\/secure.gravatar.com\\\/avatar\\\/?s=96&d=mm&r=g\",\"caption\":\"roger.straessle\"},\"url\":\"https:\\\/\\\/www.organisator.ch\\\/en\\\/author\\\/roger-straessle\\\/\"}]}<\/script>\n<!-- \/ Yoast SEO plugin. -->","yoast_head_json":{"title":"Trend monitor points to climate-friendly heating systems - Organizer","description":"According to the \"Energy Trend Monitor Switzerland 2021\", 55 percent of those surveyed in a study would like to see a climate-neutral Switzerland by 2030.","robots":{"index":"index","follow":"follow","max-snippet":"max-snippet:-1","max-image-preview":"max-image-preview:large","max-video-preview":"max-video-preview:-1"},"canonical":"https:\/\/www.organisator.ch\/en\/sustainability\/2021-03-09\/trendmonitor-zeigt-auf-klimafreundliche-heizsysteme\/","og_locale":"en_US","og_type":"article","og_title":"Trendmonitor zeigt auf klimafreundliche Heizsysteme - Organisator","og_description":"Gem\u00e4ss \u00abEnergie-Trendmonitor Schweiz 2021\u00bb w\u00fcnschen sich 55 Prozent der Befragten einer Studie bis 2030 eine klimaneutrale Schweiz.","og_url":"https:\/\/www.organisator.ch\/en\/sustainability\/2021-03-09\/trendmonitor-zeigt-auf-klimafreundliche-heizsysteme\/","og_site_name":"Organisator","article_publisher":"https:\/\/www.facebook.com\/OrganisatorFachmagazin","article_published_time":"2021-03-09T13:00:03+00:00","article_modified_time":"2022-02-09T10:06:10+00:00","og_image":[{"width":1620,"height":1080,"url":"https:\/\/www.organisator.ch\/wp-content\/uploads\/2021\/03\/FotoStiebelEltron.jpg","type":"image\/jpeg"}],"author":"roger.straessle","twitter_card":"summary_large_image","schema":{"@context":"https:\/\/schema.org","@graph":[{"@type":"Article","@id":"https:\/\/www.organisator.ch\/sustainability\/2021-03-09\/trendmonitor-zeigt-auf-klimafreundliche-heizsysteme\/#article","isPartOf":{"@id":"https:\/\/www.organisator.ch\/sustainability\/2021-03-09\/trendmonitor-zeigt-auf-klimafreundliche-heizsysteme\/"},"author":{"name":"roger.straessle","@id":"https:\/\/www.organisator.ch\/#\/schema\/person\/a800b8c54e208b160517a7dcc323161d"},"headline":"Trendmonitor zeigt auf klimafreundliche Heizsysteme","datePublished":"2021-03-09T13:00:03+00:00","dateModified":"2022-02-09T10:06:10+00:00","mainEntityOfPage":{"@id":"https:\/\/www.organisator.ch\/sustainability\/2021-03-09\/trendmonitor-zeigt-auf-klimafreundliche-heizsysteme\/"},"wordCount":308,"publisher":{"@id":"https:\/\/www.organisator.ch\/#organization"},"image":{"@id":"https:\/\/www.organisator.ch\/sustainability\/2021-03-09\/trendmonitor-zeigt-auf-klimafreundliche-heizsysteme\/#primaryimage"},"thumbnailUrl":"https:\/\/www.organisator.ch\/wp-content\/uploads\/2021\/03\/FotoStiebelEltron.jpg","keywords":["Energie-Trendmonitor","klimafreundliche Heizsysteme","Marktforschung","Stiebel Eltron","Umfrage"],"articleSection":["SUSTAINABILITY"],"inLanguage":"en-US"},{"@type":"WebPage","@id":"https:\/\/www.organisator.ch\/sustainability\/2021-03-09\/trendmonitor-zeigt-auf-klimafreundliche-heizsysteme\/","url":"https:\/\/www.organisator.ch\/sustainability\/2021-03-09\/trendmonitor-zeigt-auf-klimafreundliche-heizsysteme\/","name":"Trend monitor points to climate-friendly heating systems - Organizer","isPartOf":{"@id":"https:\/\/www.organisator.ch\/#website"},"primaryImageOfPage":{"@id":"https:\/\/www.organisator.ch\/sustainability\/2021-03-09\/trendmonitor-zeigt-auf-klimafreundliche-heizsysteme\/#primaryimage"},"image":{"@id":"https:\/\/www.organisator.ch\/sustainability\/2021-03-09\/trendmonitor-zeigt-auf-klimafreundliche-heizsysteme\/#primaryimage"},"thumbnailUrl":"https:\/\/www.organisator.ch\/wp-content\/uploads\/2021\/03\/FotoStiebelEltron.jpg","datePublished":"2021-03-09T13:00:03+00:00","dateModified":"2022-02-09T10:06:10+00:00","description":"According to the \"Energy Trend Monitor Switzerland 2021\", 55 percent of those surveyed in a study would like to see a climate-neutral Switzerland by 2030.","breadcrumb":{"@id":"https:\/\/www.organisator.ch\/sustainability\/2021-03-09\/trendmonitor-zeigt-auf-klimafreundliche-heizsysteme\/#breadcrumb"},"inLanguage":"en-US","potentialAction":[{"@type":"ReadAction","target":["https:\/\/www.organisator.ch\/sustainability\/2021-03-09\/trendmonitor-zeigt-auf-klimafreundliche-heizsysteme\/"]}]},{"@type":"ImageObject","inLanguage":"en-US","@id":"https:\/\/www.organisator.ch\/sustainability\/2021-03-09\/trendmonitor-zeigt-auf-klimafreundliche-heizsysteme\/#primaryimage","url":"https:\/\/www.organisator.ch\/wp-content\/uploads\/2021\/03\/FotoStiebelEltron.jpg","contentUrl":"https:\/\/www.organisator.ch\/wp-content\/uploads\/2021\/03\/FotoStiebelEltron.jpg","width":1620,"height":1080,"caption":"\u00a9 Stiebel Eltron"},{"@type":"BreadcrumbList","@id":"https:\/\/www.organisator.ch\/sustainability\/2021-03-09\/trendmonitor-zeigt-auf-klimafreundliche-heizsysteme\/#breadcrumb","itemListElement":[{"@type":"ListItem","position":1,"name":"Home","item":"https:\/\/www.organisator.ch\/"},{"@type":"ListItem","position":2,"name":"Trendmonitor zeigt auf klimafreundliche Heizsysteme"}]},{"@type":"WebSite","@id":"https:\/\/www.organisator.ch\/#website","url":"https:\/\/www.organisator.ch\/","name":"Organizer","description":"Competent. Practical. In 10 issues per year, ORGANISATOR presents the essential topics for managers of SMEs.","publisher":{"@id":"https:\/\/www.organisator.ch\/#organization"},"potentialAction":[{"@type":"SearchAction","target":{"@type":"EntryPoint","urlTemplate":"https:\/\/www.organisator.ch\/?s={search_term_string}"},"query-input":{"@type":"PropertyValueSpecification","valueRequired":true,"valueName":"search_term_string"}}],"inLanguage":"en-US"},{"@type":"Organization","@id":"https:\/\/www.organisator.ch\/#organization","name":"Organizer","url":"https:\/\/www.organisator.ch\/","logo":{"@type":"ImageObject","inLanguage":"en-US","@id":"https:\/\/www.organisator.ch\/#\/schema\/logo\/image\/","url":"https:\/\/www.organisator.ch\/wp-content\/uploads\/2022\/01\/Logo_Organisator_Website.png","contentUrl":"https:\/\/www.organisator.ch\/wp-content\/uploads\/2022\/01\/Logo_Organisator_Website.png","width":800,"height":77,"caption":"Organisator"},"image":{"@id":"https:\/\/www.organisator.ch\/#\/schema\/logo\/image\/"},"sameAs":["https:\/\/www.facebook.com\/OrganisatorFachmagazin","https:\/\/www.linkedin.com\/showcase\/organisator-das-magazin-fr-kmu","https:\/\/www.xing.com\/news\/pages\/organisator-ch-695","https:\/\/www.youtube.com\/channel\/UCGP2Sq0iWaZwT3BdIAQFYpw"]},{"@type":"Person","@id":"https:\/\/www.organisator.ch\/#\/schema\/person\/a800b8c54e208b160517a7dcc323161d","name":"roger.straessle","image":{"@type":"ImageObject","inLanguage":"en-US","@id":"https:\/\/secure.gravatar.com\/avatar\/?s=96&d=mm&r=g","url":"https:\/\/secure.gravatar.com\/avatar\/?s=96&d=mm&r=g","contentUrl":"https:\/\/secure.gravatar.com\/avatar\/?s=96&d=mm&r=g","caption":"roger.straessle"},"url":"https:\/\/www.organisator.ch\/en\/author\/roger-straessle\/"}]}},"_links":{"self":[{"href":"https:\/\/www.organisator.ch\/en\/wp-json\/wp\/v2\/posts\/10255","targetHints":{"allow":["GET"]}}],"collection":[{"href":"https:\/\/www.organisator.ch\/en\/wp-json\/wp\/v2\/posts"}],"about":[{"href":"https:\/\/www.organisator.ch\/en\/wp-json\/wp\/v2\/types\/post"}],"author":[{"embeddable":true,"href":"https:\/\/www.organisator.ch\/en\/wp-json\/wp\/v2\/users\/6"}],"replies":[{"embeddable":true,"href":"https:\/\/www.organisator.ch\/en\/wp-json\/wp\/v2\/comments?post=10255"}],"version-history":[{"count":1,"href":"https:\/\/www.organisator.ch\/en\/wp-json\/wp\/v2\/posts\/10255\/revisions"}],"predecessor-version":[{"id":10494,"href":"https:\/\/www.organisator.ch\/en\/wp-json\/wp\/v2\/posts\/10255\/revisions\/10494"}],"wp:featuredmedia":[{"embeddable":true,"href":"https:\/\/www.organisator.ch\/en\/wp-json\/wp\/v2\/media\/9772"}],"wp:attachment":[{"href":"https:\/\/www.organisator.ch\/en\/wp-json\/wp\/v2\/media?parent=10255"}],"wp:term":[{"taxonomy":"category","embeddable":true,"href":"https:\/\/www.organisator.ch\/en\/wp-json\/wp\/v2\/categories?post=10255"},{"taxonomy":"post_tag","embeddable":true,"href":"https:\/\/www.organisator.ch\/en\/wp-json\/wp\/v2\/tags?post=10255"}],"curies":[{"name":"wp","href":"https:\/\/api.w.org\/{rel}","templated":true}]}}