{"id":10260,"date":"2021-03-19T08:00:44","date_gmt":"2021-03-19T07:00:44","guid":{"rendered":"https:\/\/www.umweltperspektiven.ch\/?p=3958"},"modified":"2022-02-09T11:06:10","modified_gmt":"2022-02-09T10:06:10","slug":"gesucht-schlaue-solarprojekte","status":"publish","type":"post","link":"https:\/\/www.organisator.ch\/en\/sustainability\/2021-03-19\/gesucht-schlaue-solarprojekte\/","title":{"rendered":"Wanted: smart solar projects"},"content":{"rendered":"<figure id=\"attachment_3960\" aria-describedby=\"caption-attachment-3960\" style=\"width: 513px\" class=\"wp-caption aligncenter\"><img loading=\"lazy\" decoding=\"async\" class=\"wp-image-3960 size-full\" src=\"\/\/www.umweltperspektiven.ch\/wp-content\/uploads\/2021\/03\/Solarpreis.jpg\" alt=\"Solar Prize 2021\" width=\"513\" height=\"325\" srcset=\"https:\/\/www.organisator.ch\/wp-content\/uploads\/2021\/03\/Solarpreis.jpg 513w, https:\/\/www.organisator.ch\/wp-content\/uploads\/2021\/03\/Solarpreis-18x12.jpg 18w, https:\/\/www.organisator.ch\/wp-content\/uploads\/2021\/03\/Solarpreis-276x175.jpg 276w, https:\/\/www.organisator.ch\/wp-content\/uploads\/2021\/03\/Solarpreis-300x190.jpg 300w\" sizes=\"auto, (max-width: 513px) 100vw, 513px\" \/><figcaption id=\"caption-attachment-3960\" class=\"wp-caption-text\">\u00a9 Solar Agency Switzerland<\/figcaption><\/figure>\n<p>In Switzerland, more and more Plus-Energy-Buildings (PEB) and PEB multi-family houses are being built. Thanks to efficient construction and solar-utilized roofs and facades, they cover the entire annual energy demand for hot water, heating and electricity themselves. In addition, they generate additional CO2-free solar power surpluses that flow into the public grid or are used to charge electric vehicles. In recent years, residential and commercial PEBs with CO2-free self-supply of more than 500% to even 800% have repeatedly been awarded the Solar Prize. This figure illustrates the enormous energy potential that can be exploited thanks to the latest technology in the building sector and especially in apartment buildings.<\/p>\n<p><strong>Submit application by mid-April<\/strong><\/p>\n<p>Innovative solar buildings and energy plants as well as dedicated personalities and institutions that are particularly committed to renewable energies can still be registered until April 15, 2021. Energy-efficient buildings and facilities (solar, wood and biomass energy) that were or will be commissioned between Jan. 1, 2019, and April 15, 2021, are eligible to enter. The most beautiful PlusEnergieBauten\u00ae will be awarded the prestigious Norman Foster Solar Award and possibly the European Solar Prize.<\/p>\n<p>The Swiss Solar Prize 2021 will be awarded in the following three categories in the fall of 2021 in Geneva:<\/p>\n<ul>\n<li>Persons\/institutions: natural\/legal persons, companies, municipalities\/cantons, public institutions<\/li>\n<li>Buildings: new buildings, refurbishments and plus-energy buildings - in particular PEB multi-family houses.<\/li>\n<li>Plants: thermal solar collectors, photovoltaic plants, biomass and environmental heat plants.<\/li>\n<\/ul>\n<p>The application period for the 2021 Solar Prize runs until <strong>April 15, 2021<\/strong>.<\/p>\n<p><em>Registration\/participation is free of charge. Registration forms, conditions of participation and the Solar Prize and PEB regulations can be found here:\u00a0<a href=\"\/\/www.solaragentur.ch\">www.solaragentur.ch<\/a><\/em><\/p>\n<p><em>For further information: Gallus Cadonau, Managing Director SAS, Renate Fleiner and Selina Jung, Staff SAS, Tel. 044 252 40 04, info@solaragentur.ch<\/em><\/p>","protected":false},"excerpt":{"rendered":"<p>In der Schweiz werden immer mehr Plus-Energie-Bauten (PEB) und PEB-Mehrfamilienh\u00e4user erstellt. Dank effizienter Bauweise und solargenutzten D\u00e4chern und Fassaden decken sie den gesamten Jahresenergiebedarf f\u00fcr Warmwasser, Heizung und Strom selbst. Dazu erzeugen sie zus\u00e4tzliche CO2-freie Solarstrom\u00fcbersch\u00fcsse, die ins \u00f6ffentliche Stromnetz fliessen oder zum Aufladen der Elektrofahrzeuge genutzt werden. In den letzten Jahren wurden immer wieder [&hellip;]<\/p>\n","protected":false},"author":6,"featured_media":3960,"comment_status":"closed","ping_status":"closed","sticky":false,"template":"","format":"standard","meta":{"_acf_changed":false,"_yoast_wpseo_focuskw":"Solarpreis 2021","_yoast_wpseo_metadesc":"Bewerbungen f\u00fcr den renommierten Schweizer Solarpreis 2021 nimmt die Solar Agentur Schweiz noch bis am 15. April entgegen.","articlekey":"","footnotes":""},"categories":[580],"tags":[1931,2139,2142,2148],"class_list":["post-10260","post","type-post","status-publish","format-standard","has-post-thumbnail","hentry","category-sustainability","tag-plusenergiebauten","tag-solar-agentur-schweiz","tag-solaranlagen","tag-solarpreis-2021"],"acf":[],"yoast_head":"<!-- This site is optimized with the Yoast SEO plugin v27.5 - https:\/\/yoast.com\/product\/yoast-seo-wordpress\/ -->\n<title>Gesucht: schlaue Solarprojekte - Organisator<\/title>\n<meta name=\"description\" content=\"Bewerbungen f\u00fcr den renommierten Schweizer Solarpreis 2021 nimmt die Solar Agentur Schweiz noch bis am 15. April entgegen.\" \/>\n<meta name=\"robots\" content=\"index, follow, max-snippet:-1, max-image-preview:large, max-video-preview:-1\" \/>\n<link rel=\"canonical\" href=\"https:\/\/www.organisator.ch\/en\/sustainability\/2021-03-19\/gesucht-schlaue-solarprojekte\/\" \/>\n<meta property=\"og:locale\" content=\"en_US\" \/>\n<meta property=\"og:type\" content=\"article\" \/>\n<meta property=\"og:title\" content=\"Gesucht: schlaue Solarprojekte - Organisator\" \/>\n<meta property=\"og:description\" content=\"Bewerbungen f\u00fcr den renommierten Schweizer Solarpreis 2021 nimmt die Solar Agentur Schweiz noch bis am 15. April entgegen.\" \/>\n<meta property=\"og:url\" content=\"https:\/\/www.organisator.ch\/en\/sustainability\/2021-03-19\/gesucht-schlaue-solarprojekte\/\" \/>\n<meta property=\"og:site_name\" content=\"Organisator\" \/>\n<meta property=\"article:publisher\" content=\"https:\/\/www.facebook.com\/OrganisatorFachmagazin\" \/>\n<meta property=\"article:published_time\" content=\"2021-03-19T07:00:44+00:00\" \/>\n<meta property=\"article:modified_time\" content=\"2022-02-09T10:06:10+00:00\" \/>\n<meta property=\"og:image\" content=\"https:\/\/www.organisator.ch\/wp-content\/uploads\/2021\/03\/Solarpreis.jpg\" \/>\n\t<meta property=\"og:image:width\" content=\"513\" \/>\n\t<meta property=\"og:image:height\" content=\"325\" \/>\n\t<meta property=\"og:image:type\" content=\"image\/jpeg\" \/>\n<meta name=\"author\" content=\"roger.straessle\" \/>\n<meta name=\"twitter:card\" content=\"summary_large_image\" \/>\n<script type=\"application\/ld+json\" class=\"yoast-schema-graph\">{\"@context\":\"https:\\\/\\\/schema.org\",\"@graph\":[{\"@type\":\"Article\",\"@id\":\"https:\\\/\\\/www.organisator.ch\\\/sustainability\\\/2021-03-19\\\/gesucht-schlaue-solarprojekte\\\/#article\",\"isPartOf\":{\"@id\":\"https:\\\/\\\/www.organisator.ch\\\/sustainability\\\/2021-03-19\\\/gesucht-schlaue-solarprojekte\\\/\"},\"author\":{\"name\":\"roger.straessle\",\"@id\":\"https:\\\/\\\/www.organisator.ch\\\/#\\\/schema\\\/person\\\/a800b8c54e208b160517a7dcc323161d\"},\"headline\":\"Gesucht: schlaue Solarprojekte\",\"datePublished\":\"2021-03-19T07:00:44+00:00\",\"dateModified\":\"2022-02-09T10:06:10+00:00\",\"mainEntityOfPage\":{\"@id\":\"https:\\\/\\\/www.organisator.ch\\\/sustainability\\\/2021-03-19\\\/gesucht-schlaue-solarprojekte\\\/\"},\"wordCount\":283,\"publisher\":{\"@id\":\"https:\\\/\\\/www.organisator.ch\\\/#organization\"},\"image\":{\"@id\":\"https:\\\/\\\/www.organisator.ch\\\/sustainability\\\/2021-03-19\\\/gesucht-schlaue-solarprojekte\\\/#primaryimage\"},\"thumbnailUrl\":\"https:\\\/\\\/www.organisator.ch\\\/wp-content\\\/uploads\\\/2021\\\/03\\\/Solarpreis.jpg\",\"keywords\":[\"PlusEnergieBauten\",\"Solar Agentur Schweiz\",\"Solaranlagen\",\"Solarpreis 2021\"],\"articleSection\":[\"SUSTAINABILITY\"],\"inLanguage\":\"en-US\"},{\"@type\":\"WebPage\",\"@id\":\"https:\\\/\\\/www.organisator.ch\\\/sustainability\\\/2021-03-19\\\/gesucht-schlaue-solarprojekte\\\/\",\"url\":\"https:\\\/\\\/www.organisator.ch\\\/sustainability\\\/2021-03-19\\\/gesucht-schlaue-solarprojekte\\\/\",\"name\":\"Gesucht: schlaue Solarprojekte - Organisator\",\"isPartOf\":{\"@id\":\"https:\\\/\\\/www.organisator.ch\\\/#website\"},\"primaryImageOfPage\":{\"@id\":\"https:\\\/\\\/www.organisator.ch\\\/sustainability\\\/2021-03-19\\\/gesucht-schlaue-solarprojekte\\\/#primaryimage\"},\"image\":{\"@id\":\"https:\\\/\\\/www.organisator.ch\\\/sustainability\\\/2021-03-19\\\/gesucht-schlaue-solarprojekte\\\/#primaryimage\"},\"thumbnailUrl\":\"https:\\\/\\\/www.organisator.ch\\\/wp-content\\\/uploads\\\/2021\\\/03\\\/Solarpreis.jpg\",\"datePublished\":\"2021-03-19T07:00:44+00:00\",\"dateModified\":\"2022-02-09T10:06:10+00:00\",\"description\":\"Bewerbungen f\u00fcr den renommierten Schweizer Solarpreis 2021 nimmt die Solar Agentur Schweiz noch bis am 15. April entgegen.\",\"breadcrumb\":{\"@id\":\"https:\\\/\\\/www.organisator.ch\\\/sustainability\\\/2021-03-19\\\/gesucht-schlaue-solarprojekte\\\/#breadcrumb\"},\"inLanguage\":\"en-US\",\"potentialAction\":[{\"@type\":\"ReadAction\",\"target\":[\"https:\\\/\\\/www.organisator.ch\\\/sustainability\\\/2021-03-19\\\/gesucht-schlaue-solarprojekte\\\/\"]}]},{\"@type\":\"ImageObject\",\"inLanguage\":\"en-US\",\"@id\":\"https:\\\/\\\/www.organisator.ch\\\/sustainability\\\/2021-03-19\\\/gesucht-schlaue-solarprojekte\\\/#primaryimage\",\"url\":\"https:\\\/\\\/www.organisator.ch\\\/wp-content\\\/uploads\\\/2021\\\/03\\\/Solarpreis.jpg\",\"contentUrl\":\"https:\\\/\\\/www.organisator.ch\\\/wp-content\\\/uploads\\\/2021\\\/03\\\/Solarpreis.jpg\",\"width\":513,\"height\":325,\"caption\":\"\u00a9 Solar Agentur Schweiz\"},{\"@type\":\"BreadcrumbList\",\"@id\":\"https:\\\/\\\/www.organisator.ch\\\/sustainability\\\/2021-03-19\\\/gesucht-schlaue-solarprojekte\\\/#breadcrumb\",\"itemListElement\":[{\"@type\":\"ListItem\",\"position\":1,\"name\":\"Home\",\"item\":\"https:\\\/\\\/www.organisator.ch\\\/\"},{\"@type\":\"ListItem\",\"position\":2,\"name\":\"Gesucht: schlaue Solarprojekte\"}]},{\"@type\":\"WebSite\",\"@id\":\"https:\\\/\\\/www.organisator.ch\\\/#website\",\"url\":\"https:\\\/\\\/www.organisator.ch\\\/\",\"name\":\"Organisator\",\"description\":\"Kompetent. Praxisnah. Der ORGANISATOR bereitet in 10 Ausgaben pro Jahr die wesentlichen Themen f\u00fcr F\u00fchrungskr\u00e4fte von KMU auf.\",\"publisher\":{\"@id\":\"https:\\\/\\\/www.organisator.ch\\\/#organization\"},\"potentialAction\":[{\"@type\":\"SearchAction\",\"target\":{\"@type\":\"EntryPoint\",\"urlTemplate\":\"https:\\\/\\\/www.organisator.ch\\\/?s={search_term_string}\"},\"query-input\":{\"@type\":\"PropertyValueSpecification\",\"valueRequired\":true,\"valueName\":\"search_term_string\"}}],\"inLanguage\":\"en-US\"},{\"@type\":\"Organization\",\"@id\":\"https:\\\/\\\/www.organisator.ch\\\/#organization\",\"name\":\"Organisator\",\"url\":\"https:\\\/\\\/www.organisator.ch\\\/\",\"logo\":{\"@type\":\"ImageObject\",\"inLanguage\":\"en-US\",\"@id\":\"https:\\\/\\\/www.organisator.ch\\\/#\\\/schema\\\/logo\\\/image\\\/\",\"url\":\"https:\\\/\\\/www.organisator.ch\\\/wp-content\\\/uploads\\\/2022\\\/01\\\/Logo_Organisator_Website.png\",\"contentUrl\":\"https:\\\/\\\/www.organisator.ch\\\/wp-content\\\/uploads\\\/2022\\\/01\\\/Logo_Organisator_Website.png\",\"width\":800,\"height\":77,\"caption\":\"Organisator\"},\"image\":{\"@id\":\"https:\\\/\\\/www.organisator.ch\\\/#\\\/schema\\\/logo\\\/image\\\/\"},\"sameAs\":[\"https:\\\/\\\/www.facebook.com\\\/OrganisatorFachmagazin\",\"https:\\\/\\\/www.linkedin.com\\\/showcase\\\/organisator-das-magazin-fr-kmu\",\"https:\\\/\\\/www.xing.com\\\/news\\\/pages\\\/organisator-ch-695\",\"https:\\\/\\\/www.youtube.com\\\/channel\\\/UCGP2Sq0iWaZwT3BdIAQFYpw\"]},{\"@type\":\"Person\",\"@id\":\"https:\\\/\\\/www.organisator.ch\\\/#\\\/schema\\\/person\\\/a800b8c54e208b160517a7dcc323161d\",\"name\":\"roger.straessle\",\"image\":{\"@type\":\"ImageObject\",\"inLanguage\":\"en-US\",\"@id\":\"https:\\\/\\\/secure.gravatar.com\\\/avatar\\\/?s=96&d=mm&r=g\",\"url\":\"https:\\\/\\\/secure.gravatar.com\\\/avatar\\\/?s=96&d=mm&r=g\",\"contentUrl\":\"https:\\\/\\\/secure.gravatar.com\\\/avatar\\\/?s=96&d=mm&r=g\",\"caption\":\"roger.straessle\"},\"url\":\"https:\\\/\\\/www.organisator.ch\\\/en\\\/author\\\/roger-straessle\\\/\"}]}<\/script>\n<!-- \/ Yoast SEO plugin. -->","yoast_head_json":{"title":"Wanted: smart solar projects - organizer","description":"Solar Agency Switzerland is accepting applications for the prestigious Swiss Solar Prize 2021 until April 15.","robots":{"index":"index","follow":"follow","max-snippet":"max-snippet:-1","max-image-preview":"max-image-preview:large","max-video-preview":"max-video-preview:-1"},"canonical":"https:\/\/www.organisator.ch\/en\/sustainability\/2021-03-19\/gesucht-schlaue-solarprojekte\/","og_locale":"en_US","og_type":"article","og_title":"Gesucht: schlaue Solarprojekte - Organisator","og_description":"Bewerbungen f\u00fcr den renommierten Schweizer Solarpreis 2021 nimmt die Solar Agentur Schweiz noch bis am 15. April entgegen.","og_url":"https:\/\/www.organisator.ch\/en\/sustainability\/2021-03-19\/gesucht-schlaue-solarprojekte\/","og_site_name":"Organisator","article_publisher":"https:\/\/www.facebook.com\/OrganisatorFachmagazin","article_published_time":"2021-03-19T07:00:44+00:00","article_modified_time":"2022-02-09T10:06:10+00:00","og_image":[{"width":513,"height":325,"url":"https:\/\/www.organisator.ch\/wp-content\/uploads\/2021\/03\/Solarpreis.jpg","type":"image\/jpeg"}],"author":"roger.straessle","twitter_card":"summary_large_image","schema":{"@context":"https:\/\/schema.org","@graph":[{"@type":"Article","@id":"https:\/\/www.organisator.ch\/sustainability\/2021-03-19\/gesucht-schlaue-solarprojekte\/#article","isPartOf":{"@id":"https:\/\/www.organisator.ch\/sustainability\/2021-03-19\/gesucht-schlaue-solarprojekte\/"},"author":{"name":"roger.straessle","@id":"https:\/\/www.organisator.ch\/#\/schema\/person\/a800b8c54e208b160517a7dcc323161d"},"headline":"Gesucht: schlaue Solarprojekte","datePublished":"2021-03-19T07:00:44+00:00","dateModified":"2022-02-09T10:06:10+00:00","mainEntityOfPage":{"@id":"https:\/\/www.organisator.ch\/sustainability\/2021-03-19\/gesucht-schlaue-solarprojekte\/"},"wordCount":283,"publisher":{"@id":"https:\/\/www.organisator.ch\/#organization"},"image":{"@id":"https:\/\/www.organisator.ch\/sustainability\/2021-03-19\/gesucht-schlaue-solarprojekte\/#primaryimage"},"thumbnailUrl":"https:\/\/www.organisator.ch\/wp-content\/uploads\/2021\/03\/Solarpreis.jpg","keywords":["PlusEnergieBauten","Solar Agentur Schweiz","Solaranlagen","Solarpreis 2021"],"articleSection":["SUSTAINABILITY"],"inLanguage":"en-US"},{"@type":"WebPage","@id":"https:\/\/www.organisator.ch\/sustainability\/2021-03-19\/gesucht-schlaue-solarprojekte\/","url":"https:\/\/www.organisator.ch\/sustainability\/2021-03-19\/gesucht-schlaue-solarprojekte\/","name":"Wanted: smart solar projects - organizer","isPartOf":{"@id":"https:\/\/www.organisator.ch\/#website"},"primaryImageOfPage":{"@id":"https:\/\/www.organisator.ch\/sustainability\/2021-03-19\/gesucht-schlaue-solarprojekte\/#primaryimage"},"image":{"@id":"https:\/\/www.organisator.ch\/sustainability\/2021-03-19\/gesucht-schlaue-solarprojekte\/#primaryimage"},"thumbnailUrl":"https:\/\/www.organisator.ch\/wp-content\/uploads\/2021\/03\/Solarpreis.jpg","datePublished":"2021-03-19T07:00:44+00:00","dateModified":"2022-02-09T10:06:10+00:00","description":"Solar Agency Switzerland is accepting applications for the prestigious Swiss Solar Prize 2021 until April 15.","breadcrumb":{"@id":"https:\/\/www.organisator.ch\/sustainability\/2021-03-19\/gesucht-schlaue-solarprojekte\/#breadcrumb"},"inLanguage":"en-US","potentialAction":[{"@type":"ReadAction","target":["https:\/\/www.organisator.ch\/sustainability\/2021-03-19\/gesucht-schlaue-solarprojekte\/"]}]},{"@type":"ImageObject","inLanguage":"en-US","@id":"https:\/\/www.organisator.ch\/sustainability\/2021-03-19\/gesucht-schlaue-solarprojekte\/#primaryimage","url":"https:\/\/www.organisator.ch\/wp-content\/uploads\/2021\/03\/Solarpreis.jpg","contentUrl":"https:\/\/www.organisator.ch\/wp-content\/uploads\/2021\/03\/Solarpreis.jpg","width":513,"height":325,"caption":"\u00a9 Solar Agentur Schweiz"},{"@type":"BreadcrumbList","@id":"https:\/\/www.organisator.ch\/sustainability\/2021-03-19\/gesucht-schlaue-solarprojekte\/#breadcrumb","itemListElement":[{"@type":"ListItem","position":1,"name":"Home","item":"https:\/\/www.organisator.ch\/"},{"@type":"ListItem","position":2,"name":"Gesucht: schlaue Solarprojekte"}]},{"@type":"WebSite","@id":"https:\/\/www.organisator.ch\/#website","url":"https:\/\/www.organisator.ch\/","name":"Organizer","description":"Competent. Practical. In 10 issues per year, ORGANISATOR presents the essential topics for managers of SMEs.","publisher":{"@id":"https:\/\/www.organisator.ch\/#organization"},"potentialAction":[{"@type":"SearchAction","target":{"@type":"EntryPoint","urlTemplate":"https:\/\/www.organisator.ch\/?s={search_term_string}"},"query-input":{"@type":"PropertyValueSpecification","valueRequired":true,"valueName":"search_term_string"}}],"inLanguage":"en-US"},{"@type":"Organization","@id":"https:\/\/www.organisator.ch\/#organization","name":"Organizer","url":"https:\/\/www.organisator.ch\/","logo":{"@type":"ImageObject","inLanguage":"en-US","@id":"https:\/\/www.organisator.ch\/#\/schema\/logo\/image\/","url":"https:\/\/www.organisator.ch\/wp-content\/uploads\/2022\/01\/Logo_Organisator_Website.png","contentUrl":"https:\/\/www.organisator.ch\/wp-content\/uploads\/2022\/01\/Logo_Organisator_Website.png","width":800,"height":77,"caption":"Organisator"},"image":{"@id":"https:\/\/www.organisator.ch\/#\/schema\/logo\/image\/"},"sameAs":["https:\/\/www.facebook.com\/OrganisatorFachmagazin","https:\/\/www.linkedin.com\/showcase\/organisator-das-magazin-fr-kmu","https:\/\/www.xing.com\/news\/pages\/organisator-ch-695","https:\/\/www.youtube.com\/channel\/UCGP2Sq0iWaZwT3BdIAQFYpw"]},{"@type":"Person","@id":"https:\/\/www.organisator.ch\/#\/schema\/person\/a800b8c54e208b160517a7dcc323161d","name":"roger.straessle","image":{"@type":"ImageObject","inLanguage":"en-US","@id":"https:\/\/secure.gravatar.com\/avatar\/?s=96&d=mm&r=g","url":"https:\/\/secure.gravatar.com\/avatar\/?s=96&d=mm&r=g","contentUrl":"https:\/\/secure.gravatar.com\/avatar\/?s=96&d=mm&r=g","caption":"roger.straessle"},"url":"https:\/\/www.organisator.ch\/en\/author\/roger-straessle\/"}]}},"_links":{"self":[{"href":"https:\/\/www.organisator.ch\/en\/wp-json\/wp\/v2\/posts\/10260","targetHints":{"allow":["GET"]}}],"collection":[{"href":"https:\/\/www.organisator.ch\/en\/wp-json\/wp\/v2\/posts"}],"about":[{"href":"https:\/\/www.organisator.ch\/en\/wp-json\/wp\/v2\/types\/post"}],"author":[{"embeddable":true,"href":"https:\/\/www.organisator.ch\/en\/wp-json\/wp\/v2\/users\/6"}],"replies":[{"embeddable":true,"href":"https:\/\/www.organisator.ch\/en\/wp-json\/wp\/v2\/comments?post=10260"}],"version-history":[{"count":1,"href":"https:\/\/www.organisator.ch\/en\/wp-json\/wp\/v2\/posts\/10260\/revisions"}],"predecessor-version":[{"id":10493,"href":"https:\/\/www.organisator.ch\/en\/wp-json\/wp\/v2\/posts\/10260\/revisions\/10493"}],"wp:featuredmedia":[{"embeddable":true,"href":"https:\/\/www.organisator.ch\/en\/wp-json\/wp\/v2\/media\/3960"}],"wp:attachment":[{"href":"https:\/\/www.organisator.ch\/en\/wp-json\/wp\/v2\/media?parent=10260"}],"wp:term":[{"taxonomy":"category","embeddable":true,"href":"https:\/\/www.organisator.ch\/en\/wp-json\/wp\/v2\/categories?post=10260"},{"taxonomy":"post_tag","embeddable":true,"href":"https:\/\/www.organisator.ch\/en\/wp-json\/wp\/v2\/tags?post=10260"}],"curies":[{"name":"wp","href":"https:\/\/api.w.org\/{rel}","templated":true}]}}