{"id":10266,"date":"2021-04-07T09:48:04","date_gmt":"2021-04-07T07:48:04","guid":{"rendered":"https:\/\/www.umweltperspektiven.ch\/?p=4041"},"modified":"2022-02-09T11:05:31","modified_gmt":"2022-02-09T10:05:31","slug":"spannende-themen-am-schweizer-sonderabfalltag","status":"publish","type":"post","link":"https:\/\/www.organisator.ch\/en\/sustainability\/2021-04-07\/spannende-themen-am-schweizer-sonderabfalltag\/","title":{"rendered":"Exciting topics at the Swiss Hazardous Waste Day"},"content":{"rendered":"<figure id=\"attachment_4042\" aria-describedby=\"caption-attachment-4042\" style=\"width: 437px\" class=\"wp-caption aligncenter\"><img loading=\"lazy\" decoding=\"async\" class=\"wp-image-4042 size-full\" src=\"\/\/www.umweltperspektiven.ch\/wp-content\/uploads\/2021\/04\/Ecoserve.jpg\" alt=\"Swiss Hazardous Waste Day\" width=\"437\" height=\"337\" srcset=\"https:\/\/www.organisator.ch\/wp-content\/uploads\/2021\/04\/Ecoserve.jpg 437w, https:\/\/www.organisator.ch\/wp-content\/uploads\/2021\/04\/Ecoserve-16x12.jpg 16w, https:\/\/www.organisator.ch\/wp-content\/uploads\/2021\/04\/Ecoserve-227x175.jpg 227w, https:\/\/www.organisator.ch\/wp-content\/uploads\/2021\/04\/Ecoserve-300x231.jpg 300w\" sizes=\"auto, (max-width: 437px) 100vw, 437px\" \/><figcaption id=\"caption-attachment-4042\" class=\"wp-caption-text\">\u00a9 EcoServe<\/figcaption><\/figure>\n<p>Depending on the Covid 19 situation, this year's Swiss Hazardous Waste Day will take place at the Hotel Arte in Olten or as a live online meeting. Organized by EcoServe, the meeting point for specialists and those responsible for waste disposal will once again offer promising topics:<\/p>\n<ul>\n<li>The interrelationships and complexity between waste and hazardous goods legislation can overwhelm some sender companies. Martin H\u00e4fliger, Encoma OSG GmbH, addresses the known problems with waste declaration and their consequences.<\/li>\n<li>Rita Barros, Federal Office for the Environment, will present the updated medical waste guidance document and address the adaptations.<\/li>\n<li>Has anything changed and developed technically and legally in the last 30 years in asbestos abatement? Walter Hiltpold, Carbotech AG, will provide a retrospective and outlook on this.<\/li>\n<li>Ralf K\u00e4gi of the Eawag Water Research Institute has been intensively investigating whether nanoparticles pose a problem in the disposal chain. The results of the investigations will be the subject of his presentation.<\/li>\n<li>Stefan Bahamonde, Libattion GmbH, will show in his presentation how Li batteries can be prepared and used in a modular way.<\/li>\n<li>Viktor H\u00e4feli (<a href=\"\/\/www.svut.ch\">SVUT<\/a>-Board of Directors) and Urs Bucheli will address the safe handling of defective or crashed electric vehicles.<\/li>\n<li>The Foundation for Recycling of Electrical and Electronic Equipment (SENS) will take up the recovery and destruction of refrigerants and propellants. Experts Roman Eppenberger and Niklaus Renner will report on this.<\/li>\n<\/ul>\n<p>The event is aimed at professionals from industry, commerce, institutions and authorities.<\/p>\n<p><em>Click here for online registration: <a href=\"\/\/www.ecoserve.ch\/course_class\/50\">www.ecoserve.ch\/course_class\/50<\/a><\/em><\/p>\n<p><em>Or by e-mail: info@ecoserve.ch<\/em><\/p>\n<p>&nbsp;<\/p>","protected":false},"excerpt":{"rendered":"<p>Je nach Covid-19-Situation findet der diesj\u00e4hrige Schweizer Sonderabfalltag im Hotel Arte in Olten oder als Live-Onlinetagung statt. Der von EcoServe organisierte Treffpunkt f\u00fcr Spezialisten und Verantwortliche der Abfallentsorgung bietet auch diesmal wieder vielversprechende Themen: Die Zusammenh\u00e4nge und Komplexit\u00e4t zwischen Abfall- und Gefahrgutrecht k\u00f6nnen manche Abgeberbetriebe \u00fcberfordern. Martin H\u00e4fliger, Firma Encoma OSG GmbH, greift die bekannten [&hellip;]<\/p>\n","protected":false},"author":6,"featured_media":4042,"comment_status":"closed","ping_status":"closed","sticky":false,"template":"","format":"standard","meta":{"_acf_changed":false,"_yoast_wpseo_focuskw":"Schweizer Sonderabfalltag","_yoast_wpseo_metadesc":"","articlekey":"","footnotes":""},"categories":[580],"tags":[656,1017,1625,2155],"class_list":["post-10266","post","type-post","status-publish","format-standard","has-post-thumbnail","hentry","category-sustainability","tag-abfalldeklaration","tag-ecoserve","tag-li-batterien","tag-sonderabfalltag"],"acf":[],"yoast_head":"<!-- This site is optimized with the Yoast SEO plugin v27.5 - https:\/\/yoast.com\/product\/yoast-seo-wordpress\/ -->\n<title>Spannende Themen am Schweizer Sonderabfalltag - Organisator<\/title>\n<meta name=\"robots\" content=\"index, follow, max-snippet:-1, max-image-preview:large, max-video-preview:-1\" \/>\n<link rel=\"canonical\" href=\"https:\/\/www.organisator.ch\/en\/sustainability\/2021-04-07\/spannende-themen-am-schweizer-sonderabfalltag\/\" \/>\n<meta property=\"og:locale\" content=\"en_US\" \/>\n<meta property=\"og:type\" content=\"article\" \/>\n<meta property=\"og:title\" content=\"Spannende Themen am Schweizer Sonderabfalltag - Organisator\" \/>\n<meta property=\"og:description\" content=\"Je nach Covid-19-Situation findet der diesj\u00e4hrige Schweizer Sonderabfalltag im Hotel Arte in Olten oder als Live-Onlinetagung statt. Der von EcoServe organisierte Treffpunkt f\u00fcr Spezialisten und Verantwortliche der Abfallentsorgung bietet auch diesmal wieder vielversprechende Themen: Die Zusammenh\u00e4nge und Komplexit\u00e4t zwischen Abfall- und Gefahrgutrecht k\u00f6nnen manche Abgeberbetriebe \u00fcberfordern. Martin H\u00e4fliger, Firma Encoma OSG GmbH, greift die bekannten [&hellip;]\" \/>\n<meta property=\"og:url\" content=\"https:\/\/www.organisator.ch\/en\/sustainability\/2021-04-07\/spannende-themen-am-schweizer-sonderabfalltag\/\" \/>\n<meta property=\"og:site_name\" content=\"Organisator\" \/>\n<meta property=\"article:publisher\" content=\"https:\/\/www.facebook.com\/OrganisatorFachmagazin\" \/>\n<meta property=\"article:published_time\" content=\"2021-04-07T07:48:04+00:00\" \/>\n<meta property=\"article:modified_time\" content=\"2022-02-09T10:05:31+00:00\" \/>\n<meta property=\"og:image\" content=\"https:\/\/www.organisator.ch\/wp-content\/uploads\/2021\/04\/Ecoserve.jpg\" \/>\n\t<meta property=\"og:image:width\" content=\"437\" \/>\n\t<meta property=\"og:image:height\" content=\"337\" \/>\n\t<meta property=\"og:image:type\" content=\"image\/jpeg\" \/>\n<meta name=\"author\" content=\"roger.straessle\" \/>\n<meta name=\"twitter:card\" content=\"summary_large_image\" \/>\n<script type=\"application\/ld+json\" class=\"yoast-schema-graph\">{\"@context\":\"https:\\\/\\\/schema.org\",\"@graph\":[{\"@type\":\"Article\",\"@id\":\"https:\\\/\\\/www.organisator.ch\\\/sustainability\\\/2021-04-07\\\/spannende-themen-am-schweizer-sonderabfalltag\\\/#article\",\"isPartOf\":{\"@id\":\"https:\\\/\\\/www.organisator.ch\\\/sustainability\\\/2021-04-07\\\/spannende-themen-am-schweizer-sonderabfalltag\\\/\"},\"author\":{\"name\":\"roger.straessle\",\"@id\":\"https:\\\/\\\/www.organisator.ch\\\/#\\\/schema\\\/person\\\/a800b8c54e208b160517a7dcc323161d\"},\"headline\":\"Spannende Themen am Schweizer Sonderabfalltag\",\"datePublished\":\"2021-04-07T07:48:04+00:00\",\"dateModified\":\"2022-02-09T10:05:31+00:00\",\"mainEntityOfPage\":{\"@id\":\"https:\\\/\\\/www.organisator.ch\\\/sustainability\\\/2021-04-07\\\/spannende-themen-am-schweizer-sonderabfalltag\\\/\"},\"wordCount\":260,\"publisher\":{\"@id\":\"https:\\\/\\\/www.organisator.ch\\\/#organization\"},\"image\":{\"@id\":\"https:\\\/\\\/www.organisator.ch\\\/sustainability\\\/2021-04-07\\\/spannende-themen-am-schweizer-sonderabfalltag\\\/#primaryimage\"},\"thumbnailUrl\":\"https:\\\/\\\/www.organisator.ch\\\/wp-content\\\/uploads\\\/2021\\\/04\\\/Ecoserve.jpg\",\"keywords\":[\"Abfalldeklaration\",\"Ecoserve\",\"Li-Batterien\",\"Sonderabfalltag\"],\"articleSection\":[\"SUSTAINABILITY\"],\"inLanguage\":\"en-US\"},{\"@type\":\"WebPage\",\"@id\":\"https:\\\/\\\/www.organisator.ch\\\/sustainability\\\/2021-04-07\\\/spannende-themen-am-schweizer-sonderabfalltag\\\/\",\"url\":\"https:\\\/\\\/www.organisator.ch\\\/sustainability\\\/2021-04-07\\\/spannende-themen-am-schweizer-sonderabfalltag\\\/\",\"name\":\"Spannende Themen am Schweizer Sonderabfalltag - Organisator\",\"isPartOf\":{\"@id\":\"https:\\\/\\\/www.organisator.ch\\\/#website\"},\"primaryImageOfPage\":{\"@id\":\"https:\\\/\\\/www.organisator.ch\\\/sustainability\\\/2021-04-07\\\/spannende-themen-am-schweizer-sonderabfalltag\\\/#primaryimage\"},\"image\":{\"@id\":\"https:\\\/\\\/www.organisator.ch\\\/sustainability\\\/2021-04-07\\\/spannende-themen-am-schweizer-sonderabfalltag\\\/#primaryimage\"},\"thumbnailUrl\":\"https:\\\/\\\/www.organisator.ch\\\/wp-content\\\/uploads\\\/2021\\\/04\\\/Ecoserve.jpg\",\"datePublished\":\"2021-04-07T07:48:04+00:00\",\"dateModified\":\"2022-02-09T10:05:31+00:00\",\"breadcrumb\":{\"@id\":\"https:\\\/\\\/www.organisator.ch\\\/sustainability\\\/2021-04-07\\\/spannende-themen-am-schweizer-sonderabfalltag\\\/#breadcrumb\"},\"inLanguage\":\"en-US\",\"potentialAction\":[{\"@type\":\"ReadAction\",\"target\":[\"https:\\\/\\\/www.organisator.ch\\\/sustainability\\\/2021-04-07\\\/spannende-themen-am-schweizer-sonderabfalltag\\\/\"]}]},{\"@type\":\"ImageObject\",\"inLanguage\":\"en-US\",\"@id\":\"https:\\\/\\\/www.organisator.ch\\\/sustainability\\\/2021-04-07\\\/spannende-themen-am-schweizer-sonderabfalltag\\\/#primaryimage\",\"url\":\"https:\\\/\\\/www.organisator.ch\\\/wp-content\\\/uploads\\\/2021\\\/04\\\/Ecoserve.jpg\",\"contentUrl\":\"https:\\\/\\\/www.organisator.ch\\\/wp-content\\\/uploads\\\/2021\\\/04\\\/Ecoserve.jpg\",\"width\":437,\"height\":337,\"caption\":\"\u00a9 EcoServe\"},{\"@type\":\"BreadcrumbList\",\"@id\":\"https:\\\/\\\/www.organisator.ch\\\/sustainability\\\/2021-04-07\\\/spannende-themen-am-schweizer-sonderabfalltag\\\/#breadcrumb\",\"itemListElement\":[{\"@type\":\"ListItem\",\"position\":1,\"name\":\"Home\",\"item\":\"https:\\\/\\\/www.organisator.ch\\\/\"},{\"@type\":\"ListItem\",\"position\":2,\"name\":\"Spannende Themen am Schweizer Sonderabfalltag\"}]},{\"@type\":\"WebSite\",\"@id\":\"https:\\\/\\\/www.organisator.ch\\\/#website\",\"url\":\"https:\\\/\\\/www.organisator.ch\\\/\",\"name\":\"Organisator\",\"description\":\"Kompetent. Praxisnah. Der ORGANISATOR bereitet in 10 Ausgaben pro Jahr die wesentlichen Themen f\u00fcr F\u00fchrungskr\u00e4fte von KMU auf.\",\"publisher\":{\"@id\":\"https:\\\/\\\/www.organisator.ch\\\/#organization\"},\"potentialAction\":[{\"@type\":\"SearchAction\",\"target\":{\"@type\":\"EntryPoint\",\"urlTemplate\":\"https:\\\/\\\/www.organisator.ch\\\/?s={search_term_string}\"},\"query-input\":{\"@type\":\"PropertyValueSpecification\",\"valueRequired\":true,\"valueName\":\"search_term_string\"}}],\"inLanguage\":\"en-US\"},{\"@type\":\"Organization\",\"@id\":\"https:\\\/\\\/www.organisator.ch\\\/#organization\",\"name\":\"Organisator\",\"url\":\"https:\\\/\\\/www.organisator.ch\\\/\",\"logo\":{\"@type\":\"ImageObject\",\"inLanguage\":\"en-US\",\"@id\":\"https:\\\/\\\/www.organisator.ch\\\/#\\\/schema\\\/logo\\\/image\\\/\",\"url\":\"https:\\\/\\\/www.organisator.ch\\\/wp-content\\\/uploads\\\/2022\\\/01\\\/Logo_Organisator_Website.png\",\"contentUrl\":\"https:\\\/\\\/www.organisator.ch\\\/wp-content\\\/uploads\\\/2022\\\/01\\\/Logo_Organisator_Website.png\",\"width\":800,\"height\":77,\"caption\":\"Organisator\"},\"image\":{\"@id\":\"https:\\\/\\\/www.organisator.ch\\\/#\\\/schema\\\/logo\\\/image\\\/\"},\"sameAs\":[\"https:\\\/\\\/www.facebook.com\\\/OrganisatorFachmagazin\",\"https:\\\/\\\/www.linkedin.com\\\/showcase\\\/organisator-das-magazin-fr-kmu\",\"https:\\\/\\\/www.xing.com\\\/news\\\/pages\\\/organisator-ch-695\",\"https:\\\/\\\/www.youtube.com\\\/channel\\\/UCGP2Sq0iWaZwT3BdIAQFYpw\"]},{\"@type\":\"Person\",\"@id\":\"https:\\\/\\\/www.organisator.ch\\\/#\\\/schema\\\/person\\\/a800b8c54e208b160517a7dcc323161d\",\"name\":\"roger.straessle\",\"image\":{\"@type\":\"ImageObject\",\"inLanguage\":\"en-US\",\"@id\":\"https:\\\/\\\/secure.gravatar.com\\\/avatar\\\/?s=96&d=mm&r=g\",\"url\":\"https:\\\/\\\/secure.gravatar.com\\\/avatar\\\/?s=96&d=mm&r=g\",\"contentUrl\":\"https:\\\/\\\/secure.gravatar.com\\\/avatar\\\/?s=96&d=mm&r=g\",\"caption\":\"roger.straessle\"},\"url\":\"https:\\\/\\\/www.organisator.ch\\\/en\\\/author\\\/roger-straessle\\\/\"}]}<\/script>\n<!-- \/ Yoast SEO plugin. -->","yoast_head_json":{"title":"Exciting topics at the Swiss Hazardous Waste Day - Organizer","robots":{"index":"index","follow":"follow","max-snippet":"max-snippet:-1","max-image-preview":"max-image-preview:large","max-video-preview":"max-video-preview:-1"},"canonical":"https:\/\/www.organisator.ch\/en\/sustainability\/2021-04-07\/spannende-themen-am-schweizer-sonderabfalltag\/","og_locale":"en_US","og_type":"article","og_title":"Spannende Themen am Schweizer Sonderabfalltag - Organisator","og_description":"Je nach Covid-19-Situation findet der diesj\u00e4hrige Schweizer Sonderabfalltag im Hotel Arte in Olten oder als Live-Onlinetagung statt. Der von EcoServe organisierte Treffpunkt f\u00fcr Spezialisten und Verantwortliche der Abfallentsorgung bietet auch diesmal wieder vielversprechende Themen: Die Zusammenh\u00e4nge und Komplexit\u00e4t zwischen Abfall- und Gefahrgutrecht k\u00f6nnen manche Abgeberbetriebe \u00fcberfordern. Martin H\u00e4fliger, Firma Encoma OSG GmbH, greift die bekannten [&hellip;]","og_url":"https:\/\/www.organisator.ch\/en\/sustainability\/2021-04-07\/spannende-themen-am-schweizer-sonderabfalltag\/","og_site_name":"Organisator","article_publisher":"https:\/\/www.facebook.com\/OrganisatorFachmagazin","article_published_time":"2021-04-07T07:48:04+00:00","article_modified_time":"2022-02-09T10:05:31+00:00","og_image":[{"width":437,"height":337,"url":"https:\/\/www.organisator.ch\/wp-content\/uploads\/2021\/04\/Ecoserve.jpg","type":"image\/jpeg"}],"author":"roger.straessle","twitter_card":"summary_large_image","schema":{"@context":"https:\/\/schema.org","@graph":[{"@type":"Article","@id":"https:\/\/www.organisator.ch\/sustainability\/2021-04-07\/spannende-themen-am-schweizer-sonderabfalltag\/#article","isPartOf":{"@id":"https:\/\/www.organisator.ch\/sustainability\/2021-04-07\/spannende-themen-am-schweizer-sonderabfalltag\/"},"author":{"name":"roger.straessle","@id":"https:\/\/www.organisator.ch\/#\/schema\/person\/a800b8c54e208b160517a7dcc323161d"},"headline":"Spannende Themen am Schweizer Sonderabfalltag","datePublished":"2021-04-07T07:48:04+00:00","dateModified":"2022-02-09T10:05:31+00:00","mainEntityOfPage":{"@id":"https:\/\/www.organisator.ch\/sustainability\/2021-04-07\/spannende-themen-am-schweizer-sonderabfalltag\/"},"wordCount":260,"publisher":{"@id":"https:\/\/www.organisator.ch\/#organization"},"image":{"@id":"https:\/\/www.organisator.ch\/sustainability\/2021-04-07\/spannende-themen-am-schweizer-sonderabfalltag\/#primaryimage"},"thumbnailUrl":"https:\/\/www.organisator.ch\/wp-content\/uploads\/2021\/04\/Ecoserve.jpg","keywords":["Abfalldeklaration","Ecoserve","Li-Batterien","Sonderabfalltag"],"articleSection":["SUSTAINABILITY"],"inLanguage":"en-US"},{"@type":"WebPage","@id":"https:\/\/www.organisator.ch\/sustainability\/2021-04-07\/spannende-themen-am-schweizer-sonderabfalltag\/","url":"https:\/\/www.organisator.ch\/sustainability\/2021-04-07\/spannende-themen-am-schweizer-sonderabfalltag\/","name":"Exciting topics at the Swiss Hazardous Waste Day - Organizer","isPartOf":{"@id":"https:\/\/www.organisator.ch\/#website"},"primaryImageOfPage":{"@id":"https:\/\/www.organisator.ch\/sustainability\/2021-04-07\/spannende-themen-am-schweizer-sonderabfalltag\/#primaryimage"},"image":{"@id":"https:\/\/www.organisator.ch\/sustainability\/2021-04-07\/spannende-themen-am-schweizer-sonderabfalltag\/#primaryimage"},"thumbnailUrl":"https:\/\/www.organisator.ch\/wp-content\/uploads\/2021\/04\/Ecoserve.jpg","datePublished":"2021-04-07T07:48:04+00:00","dateModified":"2022-02-09T10:05:31+00:00","breadcrumb":{"@id":"https:\/\/www.organisator.ch\/sustainability\/2021-04-07\/spannende-themen-am-schweizer-sonderabfalltag\/#breadcrumb"},"inLanguage":"en-US","potentialAction":[{"@type":"ReadAction","target":["https:\/\/www.organisator.ch\/sustainability\/2021-04-07\/spannende-themen-am-schweizer-sonderabfalltag\/"]}]},{"@type":"ImageObject","inLanguage":"en-US","@id":"https:\/\/www.organisator.ch\/sustainability\/2021-04-07\/spannende-themen-am-schweizer-sonderabfalltag\/#primaryimage","url":"https:\/\/www.organisator.ch\/wp-content\/uploads\/2021\/04\/Ecoserve.jpg","contentUrl":"https:\/\/www.organisator.ch\/wp-content\/uploads\/2021\/04\/Ecoserve.jpg","width":437,"height":337,"caption":"\u00a9 EcoServe"},{"@type":"BreadcrumbList","@id":"https:\/\/www.organisator.ch\/sustainability\/2021-04-07\/spannende-themen-am-schweizer-sonderabfalltag\/#breadcrumb","itemListElement":[{"@type":"ListItem","position":1,"name":"Home","item":"https:\/\/www.organisator.ch\/"},{"@type":"ListItem","position":2,"name":"Spannende Themen am Schweizer Sonderabfalltag"}]},{"@type":"WebSite","@id":"https:\/\/www.organisator.ch\/#website","url":"https:\/\/www.organisator.ch\/","name":"Organizer","description":"Competent. Practical. In 10 issues per year, ORGANISATOR presents the essential topics for managers of SMEs.","publisher":{"@id":"https:\/\/www.organisator.ch\/#organization"},"potentialAction":[{"@type":"SearchAction","target":{"@type":"EntryPoint","urlTemplate":"https:\/\/www.organisator.ch\/?s={search_term_string}"},"query-input":{"@type":"PropertyValueSpecification","valueRequired":true,"valueName":"search_term_string"}}],"inLanguage":"en-US"},{"@type":"Organization","@id":"https:\/\/www.organisator.ch\/#organization","name":"Organizer","url":"https:\/\/www.organisator.ch\/","logo":{"@type":"ImageObject","inLanguage":"en-US","@id":"https:\/\/www.organisator.ch\/#\/schema\/logo\/image\/","url":"https:\/\/www.organisator.ch\/wp-content\/uploads\/2022\/01\/Logo_Organisator_Website.png","contentUrl":"https:\/\/www.organisator.ch\/wp-content\/uploads\/2022\/01\/Logo_Organisator_Website.png","width":800,"height":77,"caption":"Organisator"},"image":{"@id":"https:\/\/www.organisator.ch\/#\/schema\/logo\/image\/"},"sameAs":["https:\/\/www.facebook.com\/OrganisatorFachmagazin","https:\/\/www.linkedin.com\/showcase\/organisator-das-magazin-fr-kmu","https:\/\/www.xing.com\/news\/pages\/organisator-ch-695","https:\/\/www.youtube.com\/channel\/UCGP2Sq0iWaZwT3BdIAQFYpw"]},{"@type":"Person","@id":"https:\/\/www.organisator.ch\/#\/schema\/person\/a800b8c54e208b160517a7dcc323161d","name":"roger.straessle","image":{"@type":"ImageObject","inLanguage":"en-US","@id":"https:\/\/secure.gravatar.com\/avatar\/?s=96&d=mm&r=g","url":"https:\/\/secure.gravatar.com\/avatar\/?s=96&d=mm&r=g","contentUrl":"https:\/\/secure.gravatar.com\/avatar\/?s=96&d=mm&r=g","caption":"roger.straessle"},"url":"https:\/\/www.organisator.ch\/en\/author\/roger-straessle\/"}]}},"_links":{"self":[{"href":"https:\/\/www.organisator.ch\/en\/wp-json\/wp\/v2\/posts\/10266","targetHints":{"allow":["GET"]}}],"collection":[{"href":"https:\/\/www.organisator.ch\/en\/wp-json\/wp\/v2\/posts"}],"about":[{"href":"https:\/\/www.organisator.ch\/en\/wp-json\/wp\/v2\/types\/post"}],"author":[{"embeddable":true,"href":"https:\/\/www.organisator.ch\/en\/wp-json\/wp\/v2\/users\/6"}],"replies":[{"embeddable":true,"href":"https:\/\/www.organisator.ch\/en\/wp-json\/wp\/v2\/comments?post=10266"}],"version-history":[{"count":1,"href":"https:\/\/www.organisator.ch\/en\/wp-json\/wp\/v2\/posts\/10266\/revisions"}],"predecessor-version":[{"id":10371,"href":"https:\/\/www.organisator.ch\/en\/wp-json\/wp\/v2\/posts\/10266\/revisions\/10371"}],"wp:featuredmedia":[{"embeddable":true,"href":"https:\/\/www.organisator.ch\/en\/wp-json\/wp\/v2\/media\/4042"}],"wp:attachment":[{"href":"https:\/\/www.organisator.ch\/en\/wp-json\/wp\/v2\/media?parent=10266"}],"wp:term":[{"taxonomy":"category","embeddable":true,"href":"https:\/\/www.organisator.ch\/en\/wp-json\/wp\/v2\/categories?post=10266"},{"taxonomy":"post_tag","embeddable":true,"href":"https:\/\/www.organisator.ch\/en\/wp-json\/wp\/v2\/tags?post=10266"}],"curies":[{"name":"wp","href":"https:\/\/api.w.org\/{rel}","templated":true}]}}