{"id":10267,"date":"2021-04-07T17:39:07","date_gmt":"2021-04-07T15:39:07","guid":{"rendered":"https:\/\/www.umweltperspektiven.ch\/?p=4044"},"modified":"2022-02-09T11:06:09","modified_gmt":"2022-02-09T10:06:09","slug":"breite-akzeptanz-fuer-energiewende","status":"publish","type":"post","link":"https:\/\/www.organisator.ch\/en\/sustainability\/2021-04-07\/breite-akzeptanz-fuer-energiewende\/","title":{"rendered":"Broad acceptance for energy transition"},"content":{"rendered":"<figure id=\"attachment_4045\" aria-describedby=\"caption-attachment-4045\" style=\"width: 436px\" class=\"wp-caption alignleft\"><img loading=\"lazy\" decoding=\"async\" class=\"wp-image-4045\" src=\"\/\/www.umweltperspektiven.ch\/wp-content\/uploads\/2021\/04\/energiewende.jpg\" alt=\"Energy turnaround\" width=\"436\" height=\"336\" srcset=\"https:\/\/www.organisator.ch\/wp-content\/uploads\/2021\/04\/energiewende.jpg 662w, https:\/\/www.organisator.ch\/wp-content\/uploads\/2021\/04\/energiewende-16x12.jpg 16w, https:\/\/www.organisator.ch\/wp-content\/uploads\/2021\/04\/energiewende-227x175.jpg 227w, https:\/\/www.organisator.ch\/wp-content\/uploads\/2021\/04\/energiewende-454x350.jpg 454w, https:\/\/www.organisator.ch\/wp-content\/uploads\/2021\/04\/energiewende-300x231.jpg 300w\" sizes=\"auto, (max-width: 436px) 100vw, 436px\" \/><figcaption id=\"caption-attachment-4045\" class=\"wp-caption-text\">Yes (79%), Somewhat Yes (17%), Somewhat No (2%), No (1%), Don't know\/no answer (1%). \u00a9 SES<\/figcaption><\/figure>\n<p>A representative population survey conducted by gfs-z\u00fcrich in November 2020 among more than a thousand people provides impressive findings on the acceptance of the energy transition in Switzerland: 96 percent of respondents support the goal of covering future electricity demand with renewable energies (<a href=\"\/\/energiestiftung.us13.list-manage.com\/track\/click?u=d1ad6c3b7dc6d759ffbd1b2cc&amp;id=9d73998168&amp;e=ac8f50b0ff\">Diagram 1<\/a>). 89.5 percent believe that renewable energies should be produced domestically (<a href=\"\/\/energiestiftung.us13.list-manage.com\/track\/click?u=d1ad6c3b7dc6d759ffbd1b2cc&amp;id=4c1661b16a&amp;e=ac8f50b0ff\">Diagram 2<\/a>). 93 percent believe that electricity should be produced with due regard for nature conservation (<a href=\"\/\/energiestiftung.us13.list-manage.com\/track\/click?u=d1ad6c3b7dc6d759ffbd1b2cc&amp;id=b363e69fa6&amp;e=ac8f50b0ff\">Diagram 3<\/a>). In contrast, the fact that electricity comes from low-cost sources is a desirable goal for \"only\" 65.5 percent (<a href=\"\/\/energiestiftung.us13.list-manage.com\/track\/click?u=d1ad6c3b7dc6d759ffbd1b2cc&amp;id=1873c02a11&amp;e=ac8f50b0ff\">Diagram 4<\/a>).<\/p>\n<p>Proponents of the energy turnaround are pushing for rapid implementation. When asked by how many years the power supply should be renewable, the respondents answered on average (median) with 18 years (<a href=\"\/\/energiestiftung.us13.list-manage.com\/track\/click?u=d1ad6c3b7dc6d759ffbd1b2cc&amp;id=0beab84422&amp;e=ac8f50b0ff\">Diagram 5<\/a>), which corresponds to a time horizon until 2038. With regard to a power supply based on indigenous energies, the median is 15 years, i.e. in the time horizon up to 2035 (<a href=\"\/\/energiestiftung.us13.list-manage.com\/track\/click?u=d1ad6c3b7dc6d759ffbd1b2cc&amp;id=44317b5414&amp;e=ac8f50b0ff\">Diagram 6<\/a>).<\/p>\n<p><strong>Additional costs are accepted<\/strong><\/p>\n<p>The majority of respondents believe that a sustainable energy supply should also cost something. Today, an average four-person household pays CHF 40 per year for the expansion of renewable energies via the grid surcharge. 78 percent would be willing to pay more to promote the expansion of domestic renewable energies (<a href=\"\/\/energiestiftung.us13.list-manage.com\/track\/click?u=d1ad6c3b7dc6d759ffbd1b2cc&amp;id=b5939fe7b4&amp;e=ac8f50b0ff\">Diagram 7<\/a>). The survey did not reveal any significant differences in terms of income class. This means that across all social classes, there is a willingness to support the energy transition financially. Overall, the respondents are willing to pay a median of CHF 95 more per year (<a href=\"\/\/energiestiftung.us13.list-manage.com\/track\/click?u=d1ad6c3b7dc6d759ffbd1b2cc&amp;id=312e5f6b46&amp;e=ac8f50b0ff\">Diagram 8<\/a>).<\/p>\n<p><strong>Politics must create the necessary framework<\/strong><\/p>\n<p>The survey shows that the acceptance of the energy transition among the Swiss population is very high, writes the <strong>Swiss Energy Foundation (<\/strong>SES) in its media release. \"The power supply should be domestic, renewable and cost-effective, and also take nature conservation into account,\" summarizes Felix Nipkow, Head of Renewable Energies at SES. Politicians must now define the appropriate legal framework, which will be done with the revision of the Energy Act (\"<a href=\"\/\/energiestiftung.us13.list-manage.com\/track\/click?u=d1ad6c3b7dc6d759ffbd1b2cc&amp;id=8d1d0f359e&amp;e=ac8f50b0ff\">Federal law on a secure power supply with renewable energies<\/a>\") will be possible this year. The technologies are available, he said, and photovoltaics in particular meet all these conditions and also have the necessary potential in Switzerland. \"The survey shows that the population wants the energy turnaround quickly and is also willing to invest in it,\" Nipkow continued. \"Politicians should take this signal seriously.\" <em>Press release SES<\/em><\/p>\n<p><em>The survey was conducted on behalf of the Swiss Energy Foundation SES (<a href=\"\/\/energiestiftung.ch\/files\/energiestiftung\/fliesstextbilder\/Studien\/2020%20gfs%20Umfrage%20Akzeptanz\/Faktenblatt_Gfs_Umfrage_2020_def.pdf\">see detailed information on the diagrams<\/a>).<\/em><\/p>\n<p>&nbsp;<\/p>\n<p><strong><em>Further contributions to the topic:<\/em><\/strong><\/p>\n<p><em><a href=\"\/\/www.umweltperspektiven.ch\/trendmonitor-zeigt-auf-klimafreundliche-heizsysteme\/\">Trend monitor points to climate-friendly heating systems<\/a><\/em><\/p>\n<p><a href=\"\/\/www.umweltperspektiven.ch\/netto-null-ziel-erfordert-einschneidende-massnahmen\/\"><em>Net zero target requires drastic measures<\/em><\/a><\/p>","protected":false},"excerpt":{"rendered":"<p>Eine repr\u00e4sentative Bev\u00f6lkerungsumfrage, welche gfs-z\u00fcrich im November 2020 bei \u00fcber tausend Personen durchgef\u00fchrt hat, liefert eindr\u00fcckliche Erkenntnisse zur Akzeptanz der Energiewende in der Schweiz: 96 Prozent der Befragten bef\u00fcrworten das Ziel, den Strombedarf zuk\u00fcnftig mit erneuerbaren Energien zu decken (Diagramm 1). 89,5 Prozent sind der Meinung, die erneuerbaren Energien sollen im Inland produziert werden (Diagramm [&hellip;]<\/p>\n","protected":false},"author":6,"featured_media":4045,"comment_status":"closed","ping_status":"closed","sticky":false,"template":"","format":"standard","meta":{"_acf_changed":false,"_yoast_wpseo_focuskw":"Energiewende","_yoast_wpseo_metadesc":"","articlekey":"","footnotes":""},"categories":[580],"tags":[1095,1908,2088,2121,487],"class_list":["post-10267","post","type-post","status-publish","format-standard","has-post-thumbnail","hentry","category-sustainability","tag-energiewende","tag-photovoltaik","tag-schweizerische-energie-stiftung-ses","tag-sichere-stromversorgung","tag-umfrage"],"acf":[],"yoast_head":"<!-- This site is optimized with the Yoast SEO plugin v27.4 - https:\/\/yoast.com\/product\/yoast-seo-wordpress\/ -->\n<title>Breite Akzeptanz f\u00fcr Energiewende - Organisator<\/title>\n<meta name=\"robots\" content=\"index, follow, max-snippet:-1, max-image-preview:large, max-video-preview:-1\" \/>\n<link rel=\"canonical\" href=\"https:\/\/www.organisator.ch\/en\/sustainability\/2021-04-07\/breite-akzeptanz-fuer-energiewende\/\" \/>\n<meta property=\"og:locale\" content=\"en_US\" \/>\n<meta property=\"og:type\" content=\"article\" \/>\n<meta property=\"og:title\" content=\"Breite Akzeptanz f\u00fcr Energiewende - Organisator\" \/>\n<meta property=\"og:description\" content=\"Eine repr\u00e4sentative Bev\u00f6lkerungsumfrage, welche gfs-z\u00fcrich im November 2020 bei \u00fcber tausend Personen durchgef\u00fchrt hat, liefert eindr\u00fcckliche Erkenntnisse zur Akzeptanz der Energiewende in der Schweiz: 96 Prozent der Befragten bef\u00fcrworten das Ziel, den Strombedarf zuk\u00fcnftig mit erneuerbaren Energien zu decken (Diagramm 1). 89,5 Prozent sind der Meinung, die erneuerbaren Energien sollen im Inland produziert werden (Diagramm [&hellip;]\" \/>\n<meta property=\"og:url\" content=\"https:\/\/www.organisator.ch\/en\/sustainability\/2021-04-07\/breite-akzeptanz-fuer-energiewende\/\" \/>\n<meta property=\"og:site_name\" content=\"Organisator\" \/>\n<meta property=\"article:publisher\" content=\"https:\/\/www.facebook.com\/OrganisatorFachmagazin\" \/>\n<meta property=\"article:published_time\" content=\"2021-04-07T15:39:07+00:00\" \/>\n<meta property=\"article:modified_time\" content=\"2022-02-09T10:06:09+00:00\" \/>\n<meta property=\"og:image\" content=\"https:\/\/www.organisator.ch\/wp-content\/uploads\/2021\/04\/energiewende.jpg\" \/>\n\t<meta property=\"og:image:width\" content=\"662\" \/>\n\t<meta property=\"og:image:height\" content=\"510\" \/>\n\t<meta property=\"og:image:type\" content=\"image\/jpeg\" \/>\n<meta name=\"author\" content=\"roger.straessle\" \/>\n<meta name=\"twitter:card\" content=\"summary_large_image\" \/>\n<script type=\"application\/ld+json\" class=\"yoast-schema-graph\">{\"@context\":\"https:\\\/\\\/schema.org\",\"@graph\":[{\"@type\":\"Article\",\"@id\":\"https:\\\/\\\/www.organisator.ch\\\/sustainability\\\/2021-04-07\\\/breite-akzeptanz-fuer-energiewende\\\/#article\",\"isPartOf\":{\"@id\":\"https:\\\/\\\/www.organisator.ch\\\/sustainability\\\/2021-04-07\\\/breite-akzeptanz-fuer-energiewende\\\/\"},\"author\":{\"name\":\"roger.straessle\",\"@id\":\"https:\\\/\\\/www.organisator.ch\\\/#\\\/schema\\\/person\\\/a800b8c54e208b160517a7dcc323161d\"},\"headline\":\"Breite Akzeptanz f\u00fcr Energiewende\",\"datePublished\":\"2021-04-07T15:39:07+00:00\",\"dateModified\":\"2022-02-09T10:06:09+00:00\",\"mainEntityOfPage\":{\"@id\":\"https:\\\/\\\/www.organisator.ch\\\/sustainability\\\/2021-04-07\\\/breite-akzeptanz-fuer-energiewende\\\/\"},\"wordCount\":445,\"publisher\":{\"@id\":\"https:\\\/\\\/www.organisator.ch\\\/#organization\"},\"image\":{\"@id\":\"https:\\\/\\\/www.organisator.ch\\\/sustainability\\\/2021-04-07\\\/breite-akzeptanz-fuer-energiewende\\\/#primaryimage\"},\"thumbnailUrl\":\"https:\\\/\\\/www.organisator.ch\\\/wp-content\\\/uploads\\\/2021\\\/04\\\/energiewende.jpg\",\"keywords\":[\"Energiewende\",\"Photovoltaik\",\"Schweizerische Energie-Stiftung SES\",\"sichere Stromversorgung\",\"Umfrage\"],\"articleSection\":[\"SUSTAINABILITY\"],\"inLanguage\":\"en-US\"},{\"@type\":\"WebPage\",\"@id\":\"https:\\\/\\\/www.organisator.ch\\\/sustainability\\\/2021-04-07\\\/breite-akzeptanz-fuer-energiewende\\\/\",\"url\":\"https:\\\/\\\/www.organisator.ch\\\/sustainability\\\/2021-04-07\\\/breite-akzeptanz-fuer-energiewende\\\/\",\"name\":\"Breite Akzeptanz f\u00fcr Energiewende - Organisator\",\"isPartOf\":{\"@id\":\"https:\\\/\\\/www.organisator.ch\\\/#website\"},\"primaryImageOfPage\":{\"@id\":\"https:\\\/\\\/www.organisator.ch\\\/sustainability\\\/2021-04-07\\\/breite-akzeptanz-fuer-energiewende\\\/#primaryimage\"},\"image\":{\"@id\":\"https:\\\/\\\/www.organisator.ch\\\/sustainability\\\/2021-04-07\\\/breite-akzeptanz-fuer-energiewende\\\/#primaryimage\"},\"thumbnailUrl\":\"https:\\\/\\\/www.organisator.ch\\\/wp-content\\\/uploads\\\/2021\\\/04\\\/energiewende.jpg\",\"datePublished\":\"2021-04-07T15:39:07+00:00\",\"dateModified\":\"2022-02-09T10:06:09+00:00\",\"breadcrumb\":{\"@id\":\"https:\\\/\\\/www.organisator.ch\\\/sustainability\\\/2021-04-07\\\/breite-akzeptanz-fuer-energiewende\\\/#breadcrumb\"},\"inLanguage\":\"en-US\",\"potentialAction\":[{\"@type\":\"ReadAction\",\"target\":[\"https:\\\/\\\/www.organisator.ch\\\/sustainability\\\/2021-04-07\\\/breite-akzeptanz-fuer-energiewende\\\/\"]}]},{\"@type\":\"ImageObject\",\"inLanguage\":\"en-US\",\"@id\":\"https:\\\/\\\/www.organisator.ch\\\/sustainability\\\/2021-04-07\\\/breite-akzeptanz-fuer-energiewende\\\/#primaryimage\",\"url\":\"https:\\\/\\\/www.organisator.ch\\\/wp-content\\\/uploads\\\/2021\\\/04\\\/energiewende.jpg\",\"contentUrl\":\"https:\\\/\\\/www.organisator.ch\\\/wp-content\\\/uploads\\\/2021\\\/04\\\/energiewende.jpg\",\"width\":662,\"height\":510,\"caption\":\"Ja (79%), eher Ja (17%), eher Nein (2%), Nein (1%), weiss nicht \\\/ keine Antwort (1%). \u00a9 SES\"},{\"@type\":\"BreadcrumbList\",\"@id\":\"https:\\\/\\\/www.organisator.ch\\\/sustainability\\\/2021-04-07\\\/breite-akzeptanz-fuer-energiewende\\\/#breadcrumb\",\"itemListElement\":[{\"@type\":\"ListItem\",\"position\":1,\"name\":\"Home\",\"item\":\"https:\\\/\\\/www.organisator.ch\\\/\"},{\"@type\":\"ListItem\",\"position\":2,\"name\":\"Breite Akzeptanz f\u00fcr Energiewende\"}]},{\"@type\":\"WebSite\",\"@id\":\"https:\\\/\\\/www.organisator.ch\\\/#website\",\"url\":\"https:\\\/\\\/www.organisator.ch\\\/\",\"name\":\"Organisator\",\"description\":\"Kompetent. Praxisnah. Der ORGANISATOR bereitet in 10 Ausgaben pro Jahr die wesentlichen Themen f\u00fcr F\u00fchrungskr\u00e4fte von KMU auf.\",\"publisher\":{\"@id\":\"https:\\\/\\\/www.organisator.ch\\\/#organization\"},\"potentialAction\":[{\"@type\":\"SearchAction\",\"target\":{\"@type\":\"EntryPoint\",\"urlTemplate\":\"https:\\\/\\\/www.organisator.ch\\\/?s={search_term_string}\"},\"query-input\":{\"@type\":\"PropertyValueSpecification\",\"valueRequired\":true,\"valueName\":\"search_term_string\"}}],\"inLanguage\":\"en-US\"},{\"@type\":\"Organization\",\"@id\":\"https:\\\/\\\/www.organisator.ch\\\/#organization\",\"name\":\"Organisator\",\"url\":\"https:\\\/\\\/www.organisator.ch\\\/\",\"logo\":{\"@type\":\"ImageObject\",\"inLanguage\":\"en-US\",\"@id\":\"https:\\\/\\\/www.organisator.ch\\\/#\\\/schema\\\/logo\\\/image\\\/\",\"url\":\"https:\\\/\\\/www.organisator.ch\\\/wp-content\\\/uploads\\\/2022\\\/01\\\/Logo_Organisator_Website.png\",\"contentUrl\":\"https:\\\/\\\/www.organisator.ch\\\/wp-content\\\/uploads\\\/2022\\\/01\\\/Logo_Organisator_Website.png\",\"width\":800,\"height\":77,\"caption\":\"Organisator\"},\"image\":{\"@id\":\"https:\\\/\\\/www.organisator.ch\\\/#\\\/schema\\\/logo\\\/image\\\/\"},\"sameAs\":[\"https:\\\/\\\/www.facebook.com\\\/OrganisatorFachmagazin\",\"https:\\\/\\\/www.linkedin.com\\\/showcase\\\/organisator-das-magazin-fr-kmu\",\"https:\\\/\\\/www.xing.com\\\/news\\\/pages\\\/organisator-ch-695\",\"https:\\\/\\\/www.youtube.com\\\/channel\\\/UCGP2Sq0iWaZwT3BdIAQFYpw\"]},{\"@type\":\"Person\",\"@id\":\"https:\\\/\\\/www.organisator.ch\\\/#\\\/schema\\\/person\\\/a800b8c54e208b160517a7dcc323161d\",\"name\":\"roger.straessle\",\"image\":{\"@type\":\"ImageObject\",\"inLanguage\":\"en-US\",\"@id\":\"https:\\\/\\\/secure.gravatar.com\\\/avatar\\\/?s=96&d=mm&r=g\",\"url\":\"https:\\\/\\\/secure.gravatar.com\\\/avatar\\\/?s=96&d=mm&r=g\",\"contentUrl\":\"https:\\\/\\\/secure.gravatar.com\\\/avatar\\\/?s=96&d=mm&r=g\",\"caption\":\"roger.straessle\"},\"url\":\"https:\\\/\\\/www.organisator.ch\\\/en\\\/author\\\/roger-straessle\\\/\"}]}<\/script>\n<!-- \/ Yoast SEO plugin. -->","yoast_head_json":{"title":"Broad acceptance for energy transition - Organizer","robots":{"index":"index","follow":"follow","max-snippet":"max-snippet:-1","max-image-preview":"max-image-preview:large","max-video-preview":"max-video-preview:-1"},"canonical":"https:\/\/www.organisator.ch\/en\/sustainability\/2021-04-07\/breite-akzeptanz-fuer-energiewende\/","og_locale":"en_US","og_type":"article","og_title":"Breite Akzeptanz f\u00fcr Energiewende - Organisator","og_description":"Eine repr\u00e4sentative Bev\u00f6lkerungsumfrage, welche gfs-z\u00fcrich im November 2020 bei \u00fcber tausend Personen durchgef\u00fchrt hat, liefert eindr\u00fcckliche Erkenntnisse zur Akzeptanz der Energiewende in der Schweiz: 96 Prozent der Befragten bef\u00fcrworten das Ziel, den Strombedarf zuk\u00fcnftig mit erneuerbaren Energien zu decken (Diagramm 1). 89,5 Prozent sind der Meinung, die erneuerbaren Energien sollen im Inland produziert werden (Diagramm [&hellip;]","og_url":"https:\/\/www.organisator.ch\/en\/sustainability\/2021-04-07\/breite-akzeptanz-fuer-energiewende\/","og_site_name":"Organisator","article_publisher":"https:\/\/www.facebook.com\/OrganisatorFachmagazin","article_published_time":"2021-04-07T15:39:07+00:00","article_modified_time":"2022-02-09T10:06:09+00:00","og_image":[{"width":662,"height":510,"url":"https:\/\/www.organisator.ch\/wp-content\/uploads\/2021\/04\/energiewende.jpg","type":"image\/jpeg"}],"author":"roger.straessle","twitter_card":"summary_large_image","schema":{"@context":"https:\/\/schema.org","@graph":[{"@type":"Article","@id":"https:\/\/www.organisator.ch\/sustainability\/2021-04-07\/breite-akzeptanz-fuer-energiewende\/#article","isPartOf":{"@id":"https:\/\/www.organisator.ch\/sustainability\/2021-04-07\/breite-akzeptanz-fuer-energiewende\/"},"author":{"name":"roger.straessle","@id":"https:\/\/www.organisator.ch\/#\/schema\/person\/a800b8c54e208b160517a7dcc323161d"},"headline":"Breite Akzeptanz f\u00fcr Energiewende","datePublished":"2021-04-07T15:39:07+00:00","dateModified":"2022-02-09T10:06:09+00:00","mainEntityOfPage":{"@id":"https:\/\/www.organisator.ch\/sustainability\/2021-04-07\/breite-akzeptanz-fuer-energiewende\/"},"wordCount":445,"publisher":{"@id":"https:\/\/www.organisator.ch\/#organization"},"image":{"@id":"https:\/\/www.organisator.ch\/sustainability\/2021-04-07\/breite-akzeptanz-fuer-energiewende\/#primaryimage"},"thumbnailUrl":"https:\/\/www.organisator.ch\/wp-content\/uploads\/2021\/04\/energiewende.jpg","keywords":["Energiewende","Photovoltaik","Schweizerische Energie-Stiftung SES","sichere Stromversorgung","Umfrage"],"articleSection":["SUSTAINABILITY"],"inLanguage":"en-US"},{"@type":"WebPage","@id":"https:\/\/www.organisator.ch\/sustainability\/2021-04-07\/breite-akzeptanz-fuer-energiewende\/","url":"https:\/\/www.organisator.ch\/sustainability\/2021-04-07\/breite-akzeptanz-fuer-energiewende\/","name":"Broad acceptance for energy transition - Organizer","isPartOf":{"@id":"https:\/\/www.organisator.ch\/#website"},"primaryImageOfPage":{"@id":"https:\/\/www.organisator.ch\/sustainability\/2021-04-07\/breite-akzeptanz-fuer-energiewende\/#primaryimage"},"image":{"@id":"https:\/\/www.organisator.ch\/sustainability\/2021-04-07\/breite-akzeptanz-fuer-energiewende\/#primaryimage"},"thumbnailUrl":"https:\/\/www.organisator.ch\/wp-content\/uploads\/2021\/04\/energiewende.jpg","datePublished":"2021-04-07T15:39:07+00:00","dateModified":"2022-02-09T10:06:09+00:00","breadcrumb":{"@id":"https:\/\/www.organisator.ch\/sustainability\/2021-04-07\/breite-akzeptanz-fuer-energiewende\/#breadcrumb"},"inLanguage":"en-US","potentialAction":[{"@type":"ReadAction","target":["https:\/\/www.organisator.ch\/sustainability\/2021-04-07\/breite-akzeptanz-fuer-energiewende\/"]}]},{"@type":"ImageObject","inLanguage":"en-US","@id":"https:\/\/www.organisator.ch\/sustainability\/2021-04-07\/breite-akzeptanz-fuer-energiewende\/#primaryimage","url":"https:\/\/www.organisator.ch\/wp-content\/uploads\/2021\/04\/energiewende.jpg","contentUrl":"https:\/\/www.organisator.ch\/wp-content\/uploads\/2021\/04\/energiewende.jpg","width":662,"height":510,"caption":"Ja (79%), eher Ja (17%), eher Nein (2%), Nein (1%), weiss nicht \/ keine Antwort (1%). \u00a9 SES"},{"@type":"BreadcrumbList","@id":"https:\/\/www.organisator.ch\/sustainability\/2021-04-07\/breite-akzeptanz-fuer-energiewende\/#breadcrumb","itemListElement":[{"@type":"ListItem","position":1,"name":"Home","item":"https:\/\/www.organisator.ch\/"},{"@type":"ListItem","position":2,"name":"Breite Akzeptanz f\u00fcr Energiewende"}]},{"@type":"WebSite","@id":"https:\/\/www.organisator.ch\/#website","url":"https:\/\/www.organisator.ch\/","name":"Organizer","description":"Competent. Practical. In 10 issues per year, ORGANISATOR presents the essential topics for managers of SMEs.","publisher":{"@id":"https:\/\/www.organisator.ch\/#organization"},"potentialAction":[{"@type":"SearchAction","target":{"@type":"EntryPoint","urlTemplate":"https:\/\/www.organisator.ch\/?s={search_term_string}"},"query-input":{"@type":"PropertyValueSpecification","valueRequired":true,"valueName":"search_term_string"}}],"inLanguage":"en-US"},{"@type":"Organization","@id":"https:\/\/www.organisator.ch\/#organization","name":"Organizer","url":"https:\/\/www.organisator.ch\/","logo":{"@type":"ImageObject","inLanguage":"en-US","@id":"https:\/\/www.organisator.ch\/#\/schema\/logo\/image\/","url":"https:\/\/www.organisator.ch\/wp-content\/uploads\/2022\/01\/Logo_Organisator_Website.png","contentUrl":"https:\/\/www.organisator.ch\/wp-content\/uploads\/2022\/01\/Logo_Organisator_Website.png","width":800,"height":77,"caption":"Organisator"},"image":{"@id":"https:\/\/www.organisator.ch\/#\/schema\/logo\/image\/"},"sameAs":["https:\/\/www.facebook.com\/OrganisatorFachmagazin","https:\/\/www.linkedin.com\/showcase\/organisator-das-magazin-fr-kmu","https:\/\/www.xing.com\/news\/pages\/organisator-ch-695","https:\/\/www.youtube.com\/channel\/UCGP2Sq0iWaZwT3BdIAQFYpw"]},{"@type":"Person","@id":"https:\/\/www.organisator.ch\/#\/schema\/person\/a800b8c54e208b160517a7dcc323161d","name":"roger.straessle","image":{"@type":"ImageObject","inLanguage":"en-US","@id":"https:\/\/secure.gravatar.com\/avatar\/?s=96&d=mm&r=g","url":"https:\/\/secure.gravatar.com\/avatar\/?s=96&d=mm&r=g","contentUrl":"https:\/\/secure.gravatar.com\/avatar\/?s=96&d=mm&r=g","caption":"roger.straessle"},"url":"https:\/\/www.organisator.ch\/en\/author\/roger-straessle\/"}]}},"_links":{"self":[{"href":"https:\/\/www.organisator.ch\/en\/wp-json\/wp\/v2\/posts\/10267","targetHints":{"allow":["GET"]}}],"collection":[{"href":"https:\/\/www.organisator.ch\/en\/wp-json\/wp\/v2\/posts"}],"about":[{"href":"https:\/\/www.organisator.ch\/en\/wp-json\/wp\/v2\/types\/post"}],"author":[{"embeddable":true,"href":"https:\/\/www.organisator.ch\/en\/wp-json\/wp\/v2\/users\/6"}],"replies":[{"embeddable":true,"href":"https:\/\/www.organisator.ch\/en\/wp-json\/wp\/v2\/comments?post=10267"}],"version-history":[{"count":1,"href":"https:\/\/www.organisator.ch\/en\/wp-json\/wp\/v2\/posts\/10267\/revisions"}],"predecessor-version":[{"id":10487,"href":"https:\/\/www.organisator.ch\/en\/wp-json\/wp\/v2\/posts\/10267\/revisions\/10487"}],"wp:featuredmedia":[{"embeddable":true,"href":"https:\/\/www.organisator.ch\/en\/wp-json\/wp\/v2\/media\/4045"}],"wp:attachment":[{"href":"https:\/\/www.organisator.ch\/en\/wp-json\/wp\/v2\/media?parent=10267"}],"wp:term":[{"taxonomy":"category","embeddable":true,"href":"https:\/\/www.organisator.ch\/en\/wp-json\/wp\/v2\/categories?post=10267"},{"taxonomy":"post_tag","embeddable":true,"href":"https:\/\/www.organisator.ch\/en\/wp-json\/wp\/v2\/tags?post=10267"}],"curies":[{"name":"wp","href":"https:\/\/api.w.org\/{rel}","templated":true}]}}