{"id":10268,"date":"2021-04-13T06:59:15","date_gmt":"2021-04-13T04:59:15","guid":{"rendered":"https:\/\/www.umweltperspektiven.ch\/?p=4089"},"modified":"2022-02-09T11:06:46","modified_gmt":"2022-02-09T10:06:46","slug":"schweiz-erreicht-klimaziel-nicht","status":"publish","type":"post","link":"https:\/\/www.organisator.ch\/en\/sustainability\/2021-04-13\/schweiz-erreicht-klimaziel-nicht\/","title":{"rendered":"Switzerland does not reach climate target"},"content":{"rendered":"<figure id=\"attachment_4091\" aria-describedby=\"caption-attachment-4091\" style=\"width: 680px\" class=\"wp-caption aligncenter\"><img loading=\"lazy\" decoding=\"async\" class=\"wp-image-4091 size-medium\" src=\"\/\/www.umweltperspektiven.ch\/wp-content\/uploads\/2021\/04\/Depositphotos_259018742_s-2019-1.jpg\" alt=\"Greenhouse Gas Inventory\" width=\"680\" height=\"510\" srcset=\"https:\/\/www.organisator.ch\/wp-content\/uploads\/2021\/04\/Depositphotos_259018742_s-2019-1.jpg 1000w, https:\/\/www.organisator.ch\/wp-content\/uploads\/2021\/04\/Depositphotos_259018742_s-2019-1-680x510.jpg 680w, https:\/\/www.organisator.ch\/wp-content\/uploads\/2021\/04\/Depositphotos_259018742_s-2019-1-768x576.jpg 768w, https:\/\/www.organisator.ch\/wp-content\/uploads\/2021\/04\/Depositphotos_259018742_s-2019-1-16x12.jpg 16w, https:\/\/www.organisator.ch\/wp-content\/uploads\/2021\/04\/Depositphotos_259018742_s-2019-1-233x175.jpg 233w, https:\/\/www.organisator.ch\/wp-content\/uploads\/2021\/04\/Depositphotos_259018742_s-2019-1-467x350.jpg 467w, https:\/\/www.organisator.ch\/wp-content\/uploads\/2021\/04\/Depositphotos_259018742_s-2019-1-920x690.jpg 920w, https:\/\/www.organisator.ch\/wp-content\/uploads\/2021\/04\/Depositphotos_259018742_s-2019-1-300x225.jpg 300w\" sizes=\"auto, (max-width: 680px) 100vw, 680px\" \/><figcaption id=\"caption-attachment-4091\" class=\"wp-caption-text\">How well does the building sector fare in terms of greenhouse gas emissions? \u00a9 Depositphotos, YAYImages<\/figcaption><\/figure>\n<p>&nbsp;<\/p>\n<p>Greenhouse gas emissions in Switzerland amounted to 46.2 million metric tons of CO2 equivalents in 2019, about 0.3 million metric tons less than in 2018, according to the greenhouse gas inventory of the Federal Office for the Environment (Bafu). Emissions were thus 14 percent lower than in the base year 1990.<\/p>\n<p><strong>Building sector: 34 percent fewer emissions than in 1990<\/strong><\/p>\n<p>Greenhouse gas emissions from the buildings sector were again 11.2 million metric tons of CO2 equivalents (CO2-eq) in 2019. This was 34 percent lower than in the base year 1990. The fact that emissions remained the same as in 2018 despite a colder winter is mainly due to the improved energy efficiency of buildings and the increasing replacement of oil and gas heating systems with heat pumps and renewable energies. The strong impact of winter temperatures on emissions shows that the building sector continues to be heated with fossil fuels to a significant extent. If the effect of weather is factored out, the sector shows a decrease in emissions of about 0.3 million tons per year. This trend is too small to achieve the reduction target of 40 percent by 2020.<\/p>\n<p><strong>Industrial sector: 14 percent lower emissions than in 1990<\/strong><\/p>\n<p>The industrial sector emitted 11.2 million metric tons of CO2-eq in 2019, around 14 percent less than in the base year 1990. Emissions thus remained unchanged from the previous year. Emissions from the industrial sector have remained at a relatively stable level in recent years. If this trend continues, the reduction target of 15 percent by 2020 will not be met.<\/p>\n<p><strong>Transport sector: 1 percent more emissions than in 1990<\/strong><\/p>\n<p>In 2019, emissions from the transport sector were around 15 million metric tons of CO2-eq, the same as in 2018. Emissions thus remain 1 percent above the 1990 baseline. While biofuel blending has increased in recent years, reaching nearly 4 percent of total fuel sales in 2019, it has also led to an increase in the use of biofuels. More efficient vehicles have also led to declining CO2 emissions per kilometer. However, the increase in miles traveled offsets these positive effects. If the trend remains the same, the transport sector will miss the target of minus 10 percent by 2020.<\/p>\n<p><strong>Other emissions: Agriculture and synthetic greenhouse gases<\/strong><\/p>\n<p>Emissions from agriculture decreased slightly compared to 2018 to about 6.5 million metric tons CO2-eq, about 12 percent lower than the 1990 baseline. Emissions of synthetic greenhouse gases, such as refrigerants, decreased slightly compared to 2018 to about 1.6 million metric tons in 2019. As of Jan. 1, 2019, the Montreal Protocol regulates 18 major synthetic greenhouse gases. With the implementation of the protocol - also by Switzerland - a significant decrease in emissions of these gases is expected. Nevertheless, Switzerland will probably not achieve the envisaged reduction in other emissions of around 10 percent by 2020 compared with 1990.<\/p>\n<p>Based on the 2019 greenhouse gas inventory, Bafu assumes that Switzerland will miss its overall reduction target under the CO2 Act of minus 20 percent greenhouse gas emissions by 2020 compared to 1990. In order to significantly reduce emissions, it is essential to step up measures such as those provided for in the revised CO2 Act.<\/p>\n<p><strong>Conclusion<\/strong><\/p>\n<p>According to Bafu, Switzerland will miss its national climate target for 2020 of minus 20 percent greenhouse gas emissions compared to 1990. In order to significantly reduce emissions, it is necessary to strengthen measures such as the <a href=\"\/\/www.umweltperspektiven.ch\/was-das-revidierte-co2-gesetz-bewirken-will\/\">revised CO2 Act<\/a> is unavoidable.<\/p>\n<p><em>Source: Bafu<\/em><\/p>\n<p><em><a href=\"\/\/www.bafu.admin.ch\/bafu\/de\/home\/themen\/klima\/zustand\/daten\/treibhausgasinventar.html\">Greenhouse Gas Inventory Switzerland<\/a><\/em><\/p>\n<p><a href=\"\/\/www.bafu.admin.ch\/bafu\/en\/home\/topics\/climate\/state\/data\/climate-reporting.html\"><em>Swiss climate reporting under the UNFCCC (available in English)<\/em><\/a><\/p>\n<p>&nbsp;<\/p>","protected":false},"excerpt":{"rendered":"<p>&nbsp; Die Treibhausgasemissionen in der Schweiz beliefen sich im Jahr 2019 auf 46,2 Millionen Tonnen CO2-\u00c4quivalente, rund 0,3 Millionen Tonnen weniger als 2018. Dies geht aus dem Treibhausgasinventar des Bundesamtes f\u00fcr Umwelt (Bafu) hervor. Die Emissionen lagen damit 14 Prozent tiefer als im Basisjahr 1990. Geb\u00e4udesektor: 34 Prozent weniger Emissionen als 1990 Die Treibhausgasemissionen des [&hellip;]<\/p>\n","protected":false},"author":6,"featured_media":4091,"comment_status":"closed","ping_status":"closed","sticky":false,"template":"","format":"standard","meta":{"_acf_changed":false,"_yoast_wpseo_focuskw":"Treibhausgasinventar","_yoast_wpseo_metadesc":"Das Bafu hat das Schweizer Treibhausgasinventar f\u00fcr die Jahre 1990\u20132019 am 12. April 2021 beim UNO-Klimasekretariat eingereicht.","articlekey":"","footnotes":""},"categories":[580],"tags":[762,886,597,1254,1403,1582,2327,2409,2457],"class_list":["post-10268","post","type-post","status-publish","format-standard","has-post-thumbnail","hentry","category-sustainability","tag-bafu","tag-bundesamt-fuer-umwelt","tag-co2-gesetz","tag-gebaeudesektor","tag-indsutriesektor","tag-kyoto-protokoll","tag-treibhausgasinventar","tag-uno-klimasekretariat","tag-verkehrssektor"],"acf":[],"yoast_head":"<!-- This site is optimized with the Yoast SEO plugin v27.5 - https:\/\/yoast.com\/product\/yoast-seo-wordpress\/ -->\n<title>Schweiz erreicht Klimaziel nicht - Organisator<\/title>\n<meta name=\"description\" content=\"Das Bafu hat das Schweizer Treibhausgasinventar f\u00fcr die Jahre 1990\u20132019 am 12. April 2021 beim UNO-Klimasekretariat eingereicht.\" \/>\n<meta name=\"robots\" content=\"index, follow, max-snippet:-1, max-image-preview:large, max-video-preview:-1\" \/>\n<link rel=\"canonical\" href=\"https:\/\/www.organisator.ch\/en\/sustainability\/2021-04-13\/schweiz-erreicht-klimaziel-nicht\/\" \/>\n<meta property=\"og:locale\" content=\"en_US\" \/>\n<meta property=\"og:type\" content=\"article\" \/>\n<meta property=\"og:title\" content=\"Schweiz erreicht Klimaziel nicht - Organisator\" \/>\n<meta property=\"og:description\" content=\"Das Bafu hat das Schweizer Treibhausgasinventar f\u00fcr die Jahre 1990\u20132019 am 12. April 2021 beim UNO-Klimasekretariat eingereicht.\" \/>\n<meta property=\"og:url\" content=\"https:\/\/www.organisator.ch\/en\/sustainability\/2021-04-13\/schweiz-erreicht-klimaziel-nicht\/\" \/>\n<meta property=\"og:site_name\" content=\"Organisator\" \/>\n<meta property=\"article:publisher\" content=\"https:\/\/www.facebook.com\/OrganisatorFachmagazin\" \/>\n<meta property=\"article:published_time\" content=\"2021-04-13T04:59:15+00:00\" \/>\n<meta property=\"article:modified_time\" content=\"2022-02-09T10:06:46+00:00\" \/>\n<meta property=\"og:image\" content=\"https:\/\/www.organisator.ch\/wp-content\/uploads\/2021\/04\/Depositphotos_259018742_s-2019-1.jpg\" \/>\n\t<meta property=\"og:image:width\" content=\"1000\" \/>\n\t<meta property=\"og:image:height\" content=\"750\" \/>\n\t<meta property=\"og:image:type\" content=\"image\/jpeg\" \/>\n<meta name=\"author\" content=\"roger.straessle\" \/>\n<meta name=\"twitter:card\" content=\"summary_large_image\" \/>\n<script type=\"application\/ld+json\" class=\"yoast-schema-graph\">{\"@context\":\"https:\\\/\\\/schema.org\",\"@graph\":[{\"@type\":\"Article\",\"@id\":\"https:\\\/\\\/www.organisator.ch\\\/sustainability\\\/2021-04-13\\\/schweiz-erreicht-klimaziel-nicht\\\/#article\",\"isPartOf\":{\"@id\":\"https:\\\/\\\/www.organisator.ch\\\/sustainability\\\/2021-04-13\\\/schweiz-erreicht-klimaziel-nicht\\\/\"},\"author\":{\"name\":\"roger.straessle\",\"@id\":\"https:\\\/\\\/www.organisator.ch\\\/#\\\/schema\\\/person\\\/a800b8c54e208b160517a7dcc323161d\"},\"headline\":\"Schweiz erreicht Klimaziel nicht\",\"datePublished\":\"2021-04-13T04:59:15+00:00\",\"dateModified\":\"2022-02-09T10:06:46+00:00\",\"mainEntityOfPage\":{\"@id\":\"https:\\\/\\\/www.organisator.ch\\\/sustainability\\\/2021-04-13\\\/schweiz-erreicht-klimaziel-nicht\\\/\"},\"wordCount\":538,\"publisher\":{\"@id\":\"https:\\\/\\\/www.organisator.ch\\\/#organization\"},\"image\":{\"@id\":\"https:\\\/\\\/www.organisator.ch\\\/sustainability\\\/2021-04-13\\\/schweiz-erreicht-klimaziel-nicht\\\/#primaryimage\"},\"thumbnailUrl\":\"https:\\\/\\\/www.organisator.ch\\\/wp-content\\\/uploads\\\/2021\\\/04\\\/Depositphotos_259018742_s-2019-1.jpg\",\"keywords\":[\"BAFU\",\"Bundesamt f\u00fcr Umwelt\",\"CO2-Gesetz\",\"Geb\u00e4udesektor\",\"Indsutriesektor\",\"Kyoto-Protokoll\",\"Treibhausgasinventar\",\"UNO-Klimasekretariat\",\"Verkehrssektor\"],\"articleSection\":[\"SUSTAINABILITY\"],\"inLanguage\":\"en-US\"},{\"@type\":\"WebPage\",\"@id\":\"https:\\\/\\\/www.organisator.ch\\\/sustainability\\\/2021-04-13\\\/schweiz-erreicht-klimaziel-nicht\\\/\",\"url\":\"https:\\\/\\\/www.organisator.ch\\\/sustainability\\\/2021-04-13\\\/schweiz-erreicht-klimaziel-nicht\\\/\",\"name\":\"Schweiz erreicht Klimaziel nicht - Organisator\",\"isPartOf\":{\"@id\":\"https:\\\/\\\/www.organisator.ch\\\/#website\"},\"primaryImageOfPage\":{\"@id\":\"https:\\\/\\\/www.organisator.ch\\\/sustainability\\\/2021-04-13\\\/schweiz-erreicht-klimaziel-nicht\\\/#primaryimage\"},\"image\":{\"@id\":\"https:\\\/\\\/www.organisator.ch\\\/sustainability\\\/2021-04-13\\\/schweiz-erreicht-klimaziel-nicht\\\/#primaryimage\"},\"thumbnailUrl\":\"https:\\\/\\\/www.organisator.ch\\\/wp-content\\\/uploads\\\/2021\\\/04\\\/Depositphotos_259018742_s-2019-1.jpg\",\"datePublished\":\"2021-04-13T04:59:15+00:00\",\"dateModified\":\"2022-02-09T10:06:46+00:00\",\"description\":\"Das Bafu hat das Schweizer Treibhausgasinventar f\u00fcr die Jahre 1990\u20132019 am 12. April 2021 beim UNO-Klimasekretariat eingereicht.\",\"breadcrumb\":{\"@id\":\"https:\\\/\\\/www.organisator.ch\\\/sustainability\\\/2021-04-13\\\/schweiz-erreicht-klimaziel-nicht\\\/#breadcrumb\"},\"inLanguage\":\"en-US\",\"potentialAction\":[{\"@type\":\"ReadAction\",\"target\":[\"https:\\\/\\\/www.organisator.ch\\\/sustainability\\\/2021-04-13\\\/schweiz-erreicht-klimaziel-nicht\\\/\"]}]},{\"@type\":\"ImageObject\",\"inLanguage\":\"en-US\",\"@id\":\"https:\\\/\\\/www.organisator.ch\\\/sustainability\\\/2021-04-13\\\/schweiz-erreicht-klimaziel-nicht\\\/#primaryimage\",\"url\":\"https:\\\/\\\/www.organisator.ch\\\/wp-content\\\/uploads\\\/2021\\\/04\\\/Depositphotos_259018742_s-2019-1.jpg\",\"contentUrl\":\"https:\\\/\\\/www.organisator.ch\\\/wp-content\\\/uploads\\\/2021\\\/04\\\/Depositphotos_259018742_s-2019-1.jpg\",\"width\":1000,\"height\":750,\"caption\":\"\u00a9 Depositphotos, YAYImages\"},{\"@type\":\"BreadcrumbList\",\"@id\":\"https:\\\/\\\/www.organisator.ch\\\/sustainability\\\/2021-04-13\\\/schweiz-erreicht-klimaziel-nicht\\\/#breadcrumb\",\"itemListElement\":[{\"@type\":\"ListItem\",\"position\":1,\"name\":\"Home\",\"item\":\"https:\\\/\\\/www.organisator.ch\\\/\"},{\"@type\":\"ListItem\",\"position\":2,\"name\":\"Schweiz erreicht Klimaziel nicht\"}]},{\"@type\":\"WebSite\",\"@id\":\"https:\\\/\\\/www.organisator.ch\\\/#website\",\"url\":\"https:\\\/\\\/www.organisator.ch\\\/\",\"name\":\"Organisator\",\"description\":\"Kompetent. Praxisnah. Der ORGANISATOR bereitet in 10 Ausgaben pro Jahr die wesentlichen Themen f\u00fcr F\u00fchrungskr\u00e4fte von KMU auf.\",\"publisher\":{\"@id\":\"https:\\\/\\\/www.organisator.ch\\\/#organization\"},\"potentialAction\":[{\"@type\":\"SearchAction\",\"target\":{\"@type\":\"EntryPoint\",\"urlTemplate\":\"https:\\\/\\\/www.organisator.ch\\\/?s={search_term_string}\"},\"query-input\":{\"@type\":\"PropertyValueSpecification\",\"valueRequired\":true,\"valueName\":\"search_term_string\"}}],\"inLanguage\":\"en-US\"},{\"@type\":\"Organization\",\"@id\":\"https:\\\/\\\/www.organisator.ch\\\/#organization\",\"name\":\"Organisator\",\"url\":\"https:\\\/\\\/www.organisator.ch\\\/\",\"logo\":{\"@type\":\"ImageObject\",\"inLanguage\":\"en-US\",\"@id\":\"https:\\\/\\\/www.organisator.ch\\\/#\\\/schema\\\/logo\\\/image\\\/\",\"url\":\"https:\\\/\\\/www.organisator.ch\\\/wp-content\\\/uploads\\\/2022\\\/01\\\/Logo_Organisator_Website.png\",\"contentUrl\":\"https:\\\/\\\/www.organisator.ch\\\/wp-content\\\/uploads\\\/2022\\\/01\\\/Logo_Organisator_Website.png\",\"width\":800,\"height\":77,\"caption\":\"Organisator\"},\"image\":{\"@id\":\"https:\\\/\\\/www.organisator.ch\\\/#\\\/schema\\\/logo\\\/image\\\/\"},\"sameAs\":[\"https:\\\/\\\/www.facebook.com\\\/OrganisatorFachmagazin\",\"https:\\\/\\\/www.linkedin.com\\\/showcase\\\/organisator-das-magazin-fr-kmu\",\"https:\\\/\\\/www.xing.com\\\/news\\\/pages\\\/organisator-ch-695\",\"https:\\\/\\\/www.youtube.com\\\/channel\\\/UCGP2Sq0iWaZwT3BdIAQFYpw\"]},{\"@type\":\"Person\",\"@id\":\"https:\\\/\\\/www.organisator.ch\\\/#\\\/schema\\\/person\\\/a800b8c54e208b160517a7dcc323161d\",\"name\":\"roger.straessle\",\"image\":{\"@type\":\"ImageObject\",\"inLanguage\":\"en-US\",\"@id\":\"https:\\\/\\\/secure.gravatar.com\\\/avatar\\\/?s=96&d=mm&r=g\",\"url\":\"https:\\\/\\\/secure.gravatar.com\\\/avatar\\\/?s=96&d=mm&r=g\",\"contentUrl\":\"https:\\\/\\\/secure.gravatar.com\\\/avatar\\\/?s=96&d=mm&r=g\",\"caption\":\"roger.straessle\"},\"url\":\"https:\\\/\\\/www.organisator.ch\\\/en\\\/author\\\/roger-straessle\\\/\"}]}<\/script>\n<!-- \/ Yoast SEO plugin. -->","yoast_head_json":{"title":"Switzerland fails to reach climate target - Organizer","description":"Bafu submitted the Swiss greenhouse gas inventory for 1990-2019 to the UN Climate Change Secretariat on April 12, 2021.","robots":{"index":"index","follow":"follow","max-snippet":"max-snippet:-1","max-image-preview":"max-image-preview:large","max-video-preview":"max-video-preview:-1"},"canonical":"https:\/\/www.organisator.ch\/en\/sustainability\/2021-04-13\/schweiz-erreicht-klimaziel-nicht\/","og_locale":"en_US","og_type":"article","og_title":"Schweiz erreicht Klimaziel nicht - Organisator","og_description":"Das Bafu hat das Schweizer Treibhausgasinventar f\u00fcr die Jahre 1990\u20132019 am 12. April 2021 beim UNO-Klimasekretariat eingereicht.","og_url":"https:\/\/www.organisator.ch\/en\/sustainability\/2021-04-13\/schweiz-erreicht-klimaziel-nicht\/","og_site_name":"Organisator","article_publisher":"https:\/\/www.facebook.com\/OrganisatorFachmagazin","article_published_time":"2021-04-13T04:59:15+00:00","article_modified_time":"2022-02-09T10:06:46+00:00","og_image":[{"width":1000,"height":750,"url":"https:\/\/www.organisator.ch\/wp-content\/uploads\/2021\/04\/Depositphotos_259018742_s-2019-1.jpg","type":"image\/jpeg"}],"author":"roger.straessle","twitter_card":"summary_large_image","schema":{"@context":"https:\/\/schema.org","@graph":[{"@type":"Article","@id":"https:\/\/www.organisator.ch\/sustainability\/2021-04-13\/schweiz-erreicht-klimaziel-nicht\/#article","isPartOf":{"@id":"https:\/\/www.organisator.ch\/sustainability\/2021-04-13\/schweiz-erreicht-klimaziel-nicht\/"},"author":{"name":"roger.straessle","@id":"https:\/\/www.organisator.ch\/#\/schema\/person\/a800b8c54e208b160517a7dcc323161d"},"headline":"Schweiz erreicht Klimaziel nicht","datePublished":"2021-04-13T04:59:15+00:00","dateModified":"2022-02-09T10:06:46+00:00","mainEntityOfPage":{"@id":"https:\/\/www.organisator.ch\/sustainability\/2021-04-13\/schweiz-erreicht-klimaziel-nicht\/"},"wordCount":538,"publisher":{"@id":"https:\/\/www.organisator.ch\/#organization"},"image":{"@id":"https:\/\/www.organisator.ch\/sustainability\/2021-04-13\/schweiz-erreicht-klimaziel-nicht\/#primaryimage"},"thumbnailUrl":"https:\/\/www.organisator.ch\/wp-content\/uploads\/2021\/04\/Depositphotos_259018742_s-2019-1.jpg","keywords":["BAFU","Bundesamt f\u00fcr Umwelt","CO2-Gesetz","Geb\u00e4udesektor","Indsutriesektor","Kyoto-Protokoll","Treibhausgasinventar","UNO-Klimasekretariat","Verkehrssektor"],"articleSection":["SUSTAINABILITY"],"inLanguage":"en-US"},{"@type":"WebPage","@id":"https:\/\/www.organisator.ch\/sustainability\/2021-04-13\/schweiz-erreicht-klimaziel-nicht\/","url":"https:\/\/www.organisator.ch\/sustainability\/2021-04-13\/schweiz-erreicht-klimaziel-nicht\/","name":"Switzerland fails to reach climate target - Organizer","isPartOf":{"@id":"https:\/\/www.organisator.ch\/#website"},"primaryImageOfPage":{"@id":"https:\/\/www.organisator.ch\/sustainability\/2021-04-13\/schweiz-erreicht-klimaziel-nicht\/#primaryimage"},"image":{"@id":"https:\/\/www.organisator.ch\/sustainability\/2021-04-13\/schweiz-erreicht-klimaziel-nicht\/#primaryimage"},"thumbnailUrl":"https:\/\/www.organisator.ch\/wp-content\/uploads\/2021\/04\/Depositphotos_259018742_s-2019-1.jpg","datePublished":"2021-04-13T04:59:15+00:00","dateModified":"2022-02-09T10:06:46+00:00","description":"Bafu submitted the Swiss greenhouse gas inventory for 1990-2019 to the UN Climate Change Secretariat on April 12, 2021.","breadcrumb":{"@id":"https:\/\/www.organisator.ch\/sustainability\/2021-04-13\/schweiz-erreicht-klimaziel-nicht\/#breadcrumb"},"inLanguage":"en-US","potentialAction":[{"@type":"ReadAction","target":["https:\/\/www.organisator.ch\/sustainability\/2021-04-13\/schweiz-erreicht-klimaziel-nicht\/"]}]},{"@type":"ImageObject","inLanguage":"en-US","@id":"https:\/\/www.organisator.ch\/sustainability\/2021-04-13\/schweiz-erreicht-klimaziel-nicht\/#primaryimage","url":"https:\/\/www.organisator.ch\/wp-content\/uploads\/2021\/04\/Depositphotos_259018742_s-2019-1.jpg","contentUrl":"https:\/\/www.organisator.ch\/wp-content\/uploads\/2021\/04\/Depositphotos_259018742_s-2019-1.jpg","width":1000,"height":750,"caption":"\u00a9 Depositphotos, YAYImages"},{"@type":"BreadcrumbList","@id":"https:\/\/www.organisator.ch\/sustainability\/2021-04-13\/schweiz-erreicht-klimaziel-nicht\/#breadcrumb","itemListElement":[{"@type":"ListItem","position":1,"name":"Home","item":"https:\/\/www.organisator.ch\/"},{"@type":"ListItem","position":2,"name":"Schweiz erreicht Klimaziel nicht"}]},{"@type":"WebSite","@id":"https:\/\/www.organisator.ch\/#website","url":"https:\/\/www.organisator.ch\/","name":"Organizer","description":"Competent. Practical. In 10 issues per year, ORGANISATOR presents the essential topics for managers of SMEs.","publisher":{"@id":"https:\/\/www.organisator.ch\/#organization"},"potentialAction":[{"@type":"SearchAction","target":{"@type":"EntryPoint","urlTemplate":"https:\/\/www.organisator.ch\/?s={search_term_string}"},"query-input":{"@type":"PropertyValueSpecification","valueRequired":true,"valueName":"search_term_string"}}],"inLanguage":"en-US"},{"@type":"Organization","@id":"https:\/\/www.organisator.ch\/#organization","name":"Organizer","url":"https:\/\/www.organisator.ch\/","logo":{"@type":"ImageObject","inLanguage":"en-US","@id":"https:\/\/www.organisator.ch\/#\/schema\/logo\/image\/","url":"https:\/\/www.organisator.ch\/wp-content\/uploads\/2022\/01\/Logo_Organisator_Website.png","contentUrl":"https:\/\/www.organisator.ch\/wp-content\/uploads\/2022\/01\/Logo_Organisator_Website.png","width":800,"height":77,"caption":"Organisator"},"image":{"@id":"https:\/\/www.organisator.ch\/#\/schema\/logo\/image\/"},"sameAs":["https:\/\/www.facebook.com\/OrganisatorFachmagazin","https:\/\/www.linkedin.com\/showcase\/organisator-das-magazin-fr-kmu","https:\/\/www.xing.com\/news\/pages\/organisator-ch-695","https:\/\/www.youtube.com\/channel\/UCGP2Sq0iWaZwT3BdIAQFYpw"]},{"@type":"Person","@id":"https:\/\/www.organisator.ch\/#\/schema\/person\/a800b8c54e208b160517a7dcc323161d","name":"roger.straessle","image":{"@type":"ImageObject","inLanguage":"en-US","@id":"https:\/\/secure.gravatar.com\/avatar\/?s=96&d=mm&r=g","url":"https:\/\/secure.gravatar.com\/avatar\/?s=96&d=mm&r=g","contentUrl":"https:\/\/secure.gravatar.com\/avatar\/?s=96&d=mm&r=g","caption":"roger.straessle"},"url":"https:\/\/www.organisator.ch\/en\/author\/roger-straessle\/"}]}},"_links":{"self":[{"href":"https:\/\/www.organisator.ch\/en\/wp-json\/wp\/v2\/posts\/10268","targetHints":{"allow":["GET"]}}],"collection":[{"href":"https:\/\/www.organisator.ch\/en\/wp-json\/wp\/v2\/posts"}],"about":[{"href":"https:\/\/www.organisator.ch\/en\/wp-json\/wp\/v2\/types\/post"}],"author":[{"embeddable":true,"href":"https:\/\/www.organisator.ch\/en\/wp-json\/wp\/v2\/users\/6"}],"replies":[{"embeddable":true,"href":"https:\/\/www.organisator.ch\/en\/wp-json\/wp\/v2\/comments?post=10268"}],"version-history":[{"count":1,"href":"https:\/\/www.organisator.ch\/en\/wp-json\/wp\/v2\/posts\/10268\/revisions"}],"predecessor-version":[{"id":10653,"href":"https:\/\/www.organisator.ch\/en\/wp-json\/wp\/v2\/posts\/10268\/revisions\/10653"}],"wp:featuredmedia":[{"embeddable":true,"href":"https:\/\/www.organisator.ch\/en\/wp-json\/wp\/v2\/media\/4091"}],"wp:attachment":[{"href":"https:\/\/www.organisator.ch\/en\/wp-json\/wp\/v2\/media?parent=10268"}],"wp:term":[{"taxonomy":"category","embeddable":true,"href":"https:\/\/www.organisator.ch\/en\/wp-json\/wp\/v2\/categories?post=10268"},{"taxonomy":"post_tag","embeddable":true,"href":"https:\/\/www.organisator.ch\/en\/wp-json\/wp\/v2\/tags?post=10268"}],"curies":[{"name":"wp","href":"https:\/\/api.w.org\/{rel}","templated":true}]}}