{"id":1027,"date":"2016-08-09T08:44:59","date_gmt":"2016-08-09T06:44:59","guid":{"rendered":"http:\/\/dev.organisator.ch\/?p=1027"},"modified":"2016-08-09T08:44:59","modified_gmt":"2016-08-09T06:44:59","slug":"unternehmen-im-preiskrieg-sieben-strategische-massnahmen","status":"publish","type":"post","link":"https:\/\/www.organisator.ch\/en\/management\/2016-08-09\/unternehmen-im-preiskrieg-sieben-strategische-massnahmen\/","title":{"rendered":"Companies in the price war: Seven strategic measures"},"content":{"rendered":"<figure id=\"attachment_1028\" aria-describedby=\"caption-attachment-1028\" style=\"width: 480px\" class=\"wp-caption alignnone\"><img loading=\"lazy\" decoding=\"async\" class=\"size-full wp-image-1028\" src=\"https:\/\/www.organisator.ch\/wp-content\/uploads\/2016\/12\/Unternehmen-im-Preiskrieg-Sieben-strategische-Massnahmen-organisator.jpg\" alt=\"\" width=\"480\" height=\"480\" srcset=\"https:\/\/www.organisator.ch\/wp-content\/uploads\/2016\/12\/Unternehmen-im-Preiskrieg-Sieben-strategische-Massnahmen-organisator.jpg 480w, https:\/\/www.organisator.ch\/wp-content\/uploads\/2016\/12\/Unternehmen-im-Preiskrieg-Sieben-strategische-Massnahmen-organisator-150x150.jpg 150w, https:\/\/www.organisator.ch\/wp-content\/uploads\/2016\/12\/Unternehmen-im-Preiskrieg-Sieben-strategische-Massnahmen-organisator-12x12.jpg 12w, https:\/\/www.organisator.ch\/wp-content\/uploads\/2016\/12\/Unternehmen-im-Preiskrieg-Sieben-strategische-Massnahmen-organisator-175x175.jpg 175w, https:\/\/www.organisator.ch\/wp-content\/uploads\/2016\/12\/Unternehmen-im-Preiskrieg-Sieben-strategische-Massnahmen-organisator-350x350.jpg 350w, https:\/\/www.organisator.ch\/wp-content\/uploads\/2016\/12\/Unternehmen-im-Preiskrieg-Sieben-strategische-Massnahmen-organisator-250x250.jpg 250w, https:\/\/www.organisator.ch\/wp-content\/uploads\/2016\/12\/Unternehmen-im-Preiskrieg-Sieben-strategische-Massnahmen-organisator-300x300.jpg 300w, https:\/\/www.organisator.ch\/wp-content\/uploads\/2016\/12\/Unternehmen-im-Preiskrieg-Sieben-strategische-Massnahmen-organisator-100x100.jpg 100w\" sizes=\"auto, (max-width: 480px) 100vw, 480px\" \/><figcaption id=\"caption-attachment-1028\" class=\"wp-caption-text\">Discount battle without end: Many companies see themselves in a veritable price war. (Image: Fotolia.com)<\/figcaption><\/figure>\n<p>The latest national consumer price index reports falling inflation: In Switzerland, shopping - for clothes and shoes, for example - became cheaper again last month, by 0.4 percent. While consumers are happy about this, companies have nothing to smile about, as the latest Global Pricing Study by the consulting firm Simon Kucher &amp; Partners shows: Eight out of ten companies complain about increasing price pressure across all industries. A large proportion (49 percent) even see themselves in a price war. This is the result of a survey of around 2,200 managers from leading positions in companies from all sectors in more than 40 countries.<\/p>\n<p><strong>Margin declines further in 2016<\/strong><\/p>\n<p>The most important reason cited by respondents for the increased price pressure is the stronger competition from low-price suppliers and the greater bargaining power of customers. As a result, it is currently very difficult to improve profit margins. Only six out of ten companies in the study say they have increased their margins compared to the previous year. \"The problem will continue to get worse, because wage increases are leading to cost increases of up to three percent in many industries,\" says Dr. Georg Tacke, CEO at Simon-Kucher &amp; Partners, \"which continues to eat away at profits.\" German companies, for example, are talking about a 0.7 percent decline in margins.<\/p>\n<p><strong>The most successful companies are also more professional in pricing<\/strong><\/p>\n<p>Against this background, most companies admit that they have invested too little in their price management to date. 87 percent of respondents see a significant need for improvement in price strategy, price control and the supporting tools. The 'best performers' in the Global Pricing Study, which include 13 percent of the companies, show that this is definitely worthwhile. By investing in their price management, they are in a much better position than their competitors. In terms of EBITDA margin, their profits are around a quarter (27 percent) higher than those of the 'rest'.Tacke comments: \"Such figures do not come by chance. The best are more professional in almost all pricing areas. For example, they organize regular price increases as cross-functional projects. As a result, the price enforcement rate is 38 percent higher than for the 'rest'.\"<\/p>\n<p><strong>New products and better value communication to counter price pressure<\/strong><\/p>\n<p>The good news: According to the study, almost all companies - not just the best - have now recognized that they need to systematically defend themselves against increasing price pressure. Two-thirds of companies (66 percent) are focusing on new products to escape price pressure. For half of all respondents (50 percent), improved product value communication is the most appropriate option. \"These are important first steps. But it will take three to five years of hard work to reach the level of the best,\" Tacke knows.<\/p>\n<p><strong>Seven immediate measures at the strategic level<\/strong><\/p>\n<p>As a consequence of the survey results, the study authors recommend seven strategic measures that executives and managers can apply to escape price pressure and increase profits:<strong>\u00a0<\/strong><\/p>\n<ol>\n<li><strong>Priorities:<\/strong> Make price strategy and management your top priority: No price cuts without detailed review<\/li>\n<li><strong>Ambition:<\/strong> Set more ambitious price targets<\/li>\n<li><strong>Tailor-made price management:<\/strong> Develop specific pricing strategies instead of relying on standard solutions<\/li>\n<li><strong>Incentives:<\/strong> Price increases often entail sales risks and vice versa. Make sure that your incentive systems reward positive price development in addition to sales.<\/li>\n<li><strong>Employees &amp; Organization:<\/strong> Invest in building a pricing department and pricing competencies, define roles and responsibilities in the pricing process<\/li>\n<li><strong>Leadership:<\/strong> Put pricing strategy decisions on the agenda of board meetings on a regular basis.<\/li>\n<li><strong>\"Digital-ready:<\/strong> Check whether your pricing model is ready for the digital age<\/li>\n<\/ol>\n<p><em>Source: <a href=\"http:\/\/www.simon-kucher.com\" target=\"_blank\" rel=\"noreferrer noopener\" data-cke-saved-href=\"http:\/\/www.simon-kucher.com\">Simon Kucher &amp; Partner<\/a><\/em><\/p>","protected":false},"excerpt":{"rendered":"<p>Der j\u00fcngste Landesindex der Konsumentenpreise vermeldet eine sinkende Teuerung: In der Schweiz wurde Einkaufen &#8211; etwa von Kleidern und Schuhen &#8211; im letzten Monat erneut g\u00fcnstiger, und zwar um 0,4 Prozent. W\u00e4hrend dies die Konsumenten freut, haben Unternehmen nichts zu lachen, wie die j\u00fcngste Global Pricing Studie des Beratungsunternehmens Simon Kucher &amp; Partners zeigt: Acht [&hellip;]<\/p>\n","protected":false},"author":1,"featured_media":1028,"comment_status":"open","ping_status":"open","sticky":false,"template":"","format":"standard","meta":{"_acf_changed":false,"_yoast_wpseo_focuskw":"Preiskrieg","_yoast_wpseo_metadesc":"Mehr Niedrigpreiswettbewerb und gr\u00f6\u00dfere Verhandlungsmacht der Kunden \u2013 das sind nur zwei Gr\u00fcnde f\u00fcr den zunehmenden Preisdruck.","articlekey":"","footnotes":""},"categories":[28],"tags":[335],"class_list":["post-1027","post","type-post","status-publish","format-standard","has-post-thumbnail","hentry","category-management","tag-management-und-unternehmensfuehrung"],"acf":[],"yoast_head":"<!-- This site is optimized with the Yoast SEO plugin v27.5 - https:\/\/yoast.com\/product\/yoast-seo-wordpress\/ -->\n<title>Unternehmen im Preiskrieg: Sieben strategische Massnahmen - Organisator<\/title>\n<meta name=\"description\" content=\"Mehr Niedrigpreiswettbewerb und gr\u00f6\u00dfere Verhandlungsmacht der Kunden \u2013 das sind nur zwei Gr\u00fcnde f\u00fcr den zunehmenden Preisdruck.\" \/>\n<meta name=\"robots\" content=\"index, follow, max-snippet:-1, max-image-preview:large, max-video-preview:-1\" \/>\n<link rel=\"canonical\" href=\"https:\/\/www.organisator.ch\/en\/management\/2016-08-09\/unternehmen-im-preiskrieg-sieben-strategische-massnahmen\/\" \/>\n<meta property=\"og:locale\" content=\"en_US\" \/>\n<meta property=\"og:type\" content=\"article\" \/>\n<meta property=\"og:title\" content=\"Unternehmen im Preiskrieg: Sieben strategische Massnahmen\" \/>\n<meta property=\"og:description\" content=\"Mehr Niedrigpreiswettbewerb und gr\u00f6\u00dfere Verhandlungsmacht der Kunden \u2013 das sind nur zwei Gr\u00fcnde f\u00fcr den zunehmenden Preisdruck. Unternehmen k\u00f6nnen gegensteuern, wenn sie auf das richtige Preismanagement setzen.\" \/>\n<meta property=\"og:url\" content=\"https:\/\/www.organisator.ch\/en\/management\/2016-08-09\/unternehmen-im-preiskrieg-sieben-strategische-massnahmen\/\" \/>\n<meta property=\"og:site_name\" content=\"Organisator\" \/>\n<meta property=\"article:publisher\" content=\"https:\/\/www.facebook.com\/OrganisatorFachmagazin\" \/>\n<meta property=\"article:published_time\" content=\"2016-08-09T06:44:59+00:00\" \/>\n<meta name=\"author\" content=\"admin\" \/>\n<meta name=\"twitter:card\" content=\"summary_large_image\" \/>\n<meta name=\"twitter:image\" content=\"https:\/\/www.organisator.ch\/wp-content\/uploads\/2016\/12\/Unternehmen-im-Preiskrieg-Sieben-strategische-Massnahmen-organisator.jpg\" \/>\n<script type=\"application\/ld+json\" class=\"yoast-schema-graph\">{\"@context\":\"https:\\\/\\\/schema.org\",\"@graph\":[{\"@type\":\"Article\",\"@id\":\"https:\\\/\\\/www.organisator.ch\\\/management\\\/2016-08-09\\\/unternehmen-im-preiskrieg-sieben-strategische-massnahmen\\\/#article\",\"isPartOf\":{\"@id\":\"https:\\\/\\\/www.organisator.ch\\\/management\\\/2016-08-09\\\/unternehmen-im-preiskrieg-sieben-strategische-massnahmen\\\/\"},\"author\":{\"name\":\"admin\",\"@id\":\"https:\\\/\\\/www.organisator.ch\\\/#\\\/schema\\\/person\\\/aa2bace6c5c5aad60102004a50c4eb1c\"},\"headline\":\"Unternehmen im Preiskrieg: Sieben strategische Massnahmen\",\"datePublished\":\"2016-08-09T06:44:59+00:00\",\"mainEntityOfPage\":{\"@id\":\"https:\\\/\\\/www.organisator.ch\\\/management\\\/2016-08-09\\\/unternehmen-im-preiskrieg-sieben-strategische-massnahmen\\\/\"},\"wordCount\":604,\"commentCount\":0,\"publisher\":{\"@id\":\"https:\\\/\\\/www.organisator.ch\\\/#organization\"},\"image\":{\"@id\":\"https:\\\/\\\/www.organisator.ch\\\/management\\\/2016-08-09\\\/unternehmen-im-preiskrieg-sieben-strategische-massnahmen\\\/#primaryimage\"},\"thumbnailUrl\":\"https:\\\/\\\/www.organisator.ch\\\/wp-content\\\/uploads\\\/2016\\\/12\\\/Unternehmen-im-Preiskrieg-Sieben-strategische-Massnahmen-organisator.jpg\",\"keywords\":[\"Management und Unternehmensf\u00fchrung\"],\"articleSection\":[\"MANAGEMENT\"],\"inLanguage\":\"en-US\"},{\"@type\":\"WebPage\",\"@id\":\"https:\\\/\\\/www.organisator.ch\\\/management\\\/2016-08-09\\\/unternehmen-im-preiskrieg-sieben-strategische-massnahmen\\\/\",\"url\":\"https:\\\/\\\/www.organisator.ch\\\/management\\\/2016-08-09\\\/unternehmen-im-preiskrieg-sieben-strategische-massnahmen\\\/\",\"name\":\"Unternehmen im Preiskrieg: Sieben strategische Massnahmen - Organisator\",\"isPartOf\":{\"@id\":\"https:\\\/\\\/www.organisator.ch\\\/#website\"},\"primaryImageOfPage\":{\"@id\":\"https:\\\/\\\/www.organisator.ch\\\/management\\\/2016-08-09\\\/unternehmen-im-preiskrieg-sieben-strategische-massnahmen\\\/#primaryimage\"},\"image\":{\"@id\":\"https:\\\/\\\/www.organisator.ch\\\/management\\\/2016-08-09\\\/unternehmen-im-preiskrieg-sieben-strategische-massnahmen\\\/#primaryimage\"},\"thumbnailUrl\":\"https:\\\/\\\/www.organisator.ch\\\/wp-content\\\/uploads\\\/2016\\\/12\\\/Unternehmen-im-Preiskrieg-Sieben-strategische-Massnahmen-organisator.jpg\",\"datePublished\":\"2016-08-09T06:44:59+00:00\",\"description\":\"Mehr Niedrigpreiswettbewerb und gr\u00f6\u00dfere Verhandlungsmacht der Kunden \u2013 das sind nur zwei Gr\u00fcnde f\u00fcr den zunehmenden Preisdruck.\",\"breadcrumb\":{\"@id\":\"https:\\\/\\\/www.organisator.ch\\\/management\\\/2016-08-09\\\/unternehmen-im-preiskrieg-sieben-strategische-massnahmen\\\/#breadcrumb\"},\"inLanguage\":\"en-US\",\"potentialAction\":[{\"@type\":\"ReadAction\",\"target\":[\"https:\\\/\\\/www.organisator.ch\\\/management\\\/2016-08-09\\\/unternehmen-im-preiskrieg-sieben-strategische-massnahmen\\\/\"]}]},{\"@type\":\"ImageObject\",\"inLanguage\":\"en-US\",\"@id\":\"https:\\\/\\\/www.organisator.ch\\\/management\\\/2016-08-09\\\/unternehmen-im-preiskrieg-sieben-strategische-massnahmen\\\/#primaryimage\",\"url\":\"https:\\\/\\\/www.organisator.ch\\\/wp-content\\\/uploads\\\/2016\\\/12\\\/Unternehmen-im-Preiskrieg-Sieben-strategische-Massnahmen-organisator.jpg\",\"contentUrl\":\"https:\\\/\\\/www.organisator.ch\\\/wp-content\\\/uploads\\\/2016\\\/12\\\/Unternehmen-im-Preiskrieg-Sieben-strategische-Massnahmen-organisator.jpg\",\"width\":480,\"height\":480,\"caption\":\"Rabattschlacht ohne Ende: Viele Unternehmen sehen sich in einem veritablen Preiskrieg. (Bild: Fotolia.com)\"},{\"@type\":\"BreadcrumbList\",\"@id\":\"https:\\\/\\\/www.organisator.ch\\\/management\\\/2016-08-09\\\/unternehmen-im-preiskrieg-sieben-strategische-massnahmen\\\/#breadcrumb\",\"itemListElement\":[{\"@type\":\"ListItem\",\"position\":1,\"name\":\"Home\",\"item\":\"https:\\\/\\\/www.organisator.ch\\\/\"},{\"@type\":\"ListItem\",\"position\":2,\"name\":\"Unternehmen im Preiskrieg: Sieben strategische Massnahmen\"}]},{\"@type\":\"WebSite\",\"@id\":\"https:\\\/\\\/www.organisator.ch\\\/#website\",\"url\":\"https:\\\/\\\/www.organisator.ch\\\/\",\"name\":\"Organisator\",\"description\":\"Kompetent. Praxisnah. Der ORGANISATOR bereitet in 10 Ausgaben pro Jahr die wesentlichen Themen f\u00fcr F\u00fchrungskr\u00e4fte von KMU auf.\",\"publisher\":{\"@id\":\"https:\\\/\\\/www.organisator.ch\\\/#organization\"},\"potentialAction\":[{\"@type\":\"SearchAction\",\"target\":{\"@type\":\"EntryPoint\",\"urlTemplate\":\"https:\\\/\\\/www.organisator.ch\\\/?s={search_term_string}\"},\"query-input\":{\"@type\":\"PropertyValueSpecification\",\"valueRequired\":true,\"valueName\":\"search_term_string\"}}],\"inLanguage\":\"en-US\"},{\"@type\":\"Organization\",\"@id\":\"https:\\\/\\\/www.organisator.ch\\\/#organization\",\"name\":\"Organisator\",\"url\":\"https:\\\/\\\/www.organisator.ch\\\/\",\"logo\":{\"@type\":\"ImageObject\",\"inLanguage\":\"en-US\",\"@id\":\"https:\\\/\\\/www.organisator.ch\\\/#\\\/schema\\\/logo\\\/image\\\/\",\"url\":\"https:\\\/\\\/www.organisator.ch\\\/wp-content\\\/uploads\\\/2022\\\/01\\\/Logo_Organisator_Website.png\",\"contentUrl\":\"https:\\\/\\\/www.organisator.ch\\\/wp-content\\\/uploads\\\/2022\\\/01\\\/Logo_Organisator_Website.png\",\"width\":800,\"height\":77,\"caption\":\"Organisator\"},\"image\":{\"@id\":\"https:\\\/\\\/www.organisator.ch\\\/#\\\/schema\\\/logo\\\/image\\\/\"},\"sameAs\":[\"https:\\\/\\\/www.facebook.com\\\/OrganisatorFachmagazin\",\"https:\\\/\\\/www.linkedin.com\\\/showcase\\\/organisator-das-magazin-fr-kmu\",\"https:\\\/\\\/www.xing.com\\\/news\\\/pages\\\/organisator-ch-695\",\"https:\\\/\\\/www.youtube.com\\\/channel\\\/UCGP2Sq0iWaZwT3BdIAQFYpw\"]},{\"@type\":\"Person\",\"@id\":\"https:\\\/\\\/www.organisator.ch\\\/#\\\/schema\\\/person\\\/aa2bace6c5c5aad60102004a50c4eb1c\",\"name\":\"admin\",\"image\":{\"@type\":\"ImageObject\",\"inLanguage\":\"en-US\",\"@id\":\"https:\\\/\\\/secure.gravatar.com\\\/avatar\\\/ae2f4d718e6c49043e314ce431e7e645d646302a24a5ef5a8bc8e3f5a032e319?s=96&d=mm&r=g\",\"url\":\"https:\\\/\\\/secure.gravatar.com\\\/avatar\\\/ae2f4d718e6c49043e314ce431e7e645d646302a24a5ef5a8bc8e3f5a032e319?s=96&d=mm&r=g\",\"contentUrl\":\"https:\\\/\\\/secure.gravatar.com\\\/avatar\\\/ae2f4d718e6c49043e314ce431e7e645d646302a24a5ef5a8bc8e3f5a032e319?s=96&d=mm&r=g\",\"caption\":\"admin\"},\"sameAs\":[\"https:\\\/\\\/www.organisator.ch\"],\"url\":\"https:\\\/\\\/www.organisator.ch\\\/en\\\/author\\\/admin\\\/\"}]}<\/script>\n<!-- \/ Yoast SEO plugin. -->","yoast_head_json":{"title":"Companies in the price war: Seven strategic measures - Organizer","description":"More low-price competition and greater bargaining power for customers - these are just two reasons for the increasing price pressure.","robots":{"index":"index","follow":"follow","max-snippet":"max-snippet:-1","max-image-preview":"max-image-preview:large","max-video-preview":"max-video-preview:-1"},"canonical":"https:\/\/www.organisator.ch\/en\/management\/2016-08-09\/unternehmen-im-preiskrieg-sieben-strategische-massnahmen\/","og_locale":"en_US","og_type":"article","og_title":"Unternehmen im Preiskrieg: Sieben strategische Massnahmen","og_description":"Mehr Niedrigpreiswettbewerb und gr\u00f6\u00dfere Verhandlungsmacht der Kunden \u2013 das sind nur zwei Gr\u00fcnde f\u00fcr den zunehmenden Preisdruck. Unternehmen k\u00f6nnen gegensteuern, wenn sie auf das richtige Preismanagement setzen.","og_url":"https:\/\/www.organisator.ch\/en\/management\/2016-08-09\/unternehmen-im-preiskrieg-sieben-strategische-massnahmen\/","og_site_name":"Organisator","article_publisher":"https:\/\/www.facebook.com\/OrganisatorFachmagazin","article_published_time":"2016-08-09T06:44:59+00:00","author":"admin","twitter_card":"summary_large_image","twitter_image":"https:\/\/www.organisator.ch\/wp-content\/uploads\/2016\/12\/Unternehmen-im-Preiskrieg-Sieben-strategische-Massnahmen-organisator.jpg","schema":{"@context":"https:\/\/schema.org","@graph":[{"@type":"Article","@id":"https:\/\/www.organisator.ch\/management\/2016-08-09\/unternehmen-im-preiskrieg-sieben-strategische-massnahmen\/#article","isPartOf":{"@id":"https:\/\/www.organisator.ch\/management\/2016-08-09\/unternehmen-im-preiskrieg-sieben-strategische-massnahmen\/"},"author":{"name":"admin","@id":"https:\/\/www.organisator.ch\/#\/schema\/person\/aa2bace6c5c5aad60102004a50c4eb1c"},"headline":"Unternehmen im Preiskrieg: Sieben strategische Massnahmen","datePublished":"2016-08-09T06:44:59+00:00","mainEntityOfPage":{"@id":"https:\/\/www.organisator.ch\/management\/2016-08-09\/unternehmen-im-preiskrieg-sieben-strategische-massnahmen\/"},"wordCount":604,"commentCount":0,"publisher":{"@id":"https:\/\/www.organisator.ch\/#organization"},"image":{"@id":"https:\/\/www.organisator.ch\/management\/2016-08-09\/unternehmen-im-preiskrieg-sieben-strategische-massnahmen\/#primaryimage"},"thumbnailUrl":"https:\/\/www.organisator.ch\/wp-content\/uploads\/2016\/12\/Unternehmen-im-Preiskrieg-Sieben-strategische-Massnahmen-organisator.jpg","keywords":["Management und Unternehmensf\u00fchrung"],"articleSection":["MANAGEMENT"],"inLanguage":"en-US"},{"@type":"WebPage","@id":"https:\/\/www.organisator.ch\/management\/2016-08-09\/unternehmen-im-preiskrieg-sieben-strategische-massnahmen\/","url":"https:\/\/www.organisator.ch\/management\/2016-08-09\/unternehmen-im-preiskrieg-sieben-strategische-massnahmen\/","name":"Companies in the price war: Seven strategic measures - Organizer","isPartOf":{"@id":"https:\/\/www.organisator.ch\/#website"},"primaryImageOfPage":{"@id":"https:\/\/www.organisator.ch\/management\/2016-08-09\/unternehmen-im-preiskrieg-sieben-strategische-massnahmen\/#primaryimage"},"image":{"@id":"https:\/\/www.organisator.ch\/management\/2016-08-09\/unternehmen-im-preiskrieg-sieben-strategische-massnahmen\/#primaryimage"},"thumbnailUrl":"https:\/\/www.organisator.ch\/wp-content\/uploads\/2016\/12\/Unternehmen-im-Preiskrieg-Sieben-strategische-Massnahmen-organisator.jpg","datePublished":"2016-08-09T06:44:59+00:00","description":"More low-price competition and greater bargaining power for customers - these are just two reasons for the increasing price pressure.","breadcrumb":{"@id":"https:\/\/www.organisator.ch\/management\/2016-08-09\/unternehmen-im-preiskrieg-sieben-strategische-massnahmen\/#breadcrumb"},"inLanguage":"en-US","potentialAction":[{"@type":"ReadAction","target":["https:\/\/www.organisator.ch\/management\/2016-08-09\/unternehmen-im-preiskrieg-sieben-strategische-massnahmen\/"]}]},{"@type":"ImageObject","inLanguage":"en-US","@id":"https:\/\/www.organisator.ch\/management\/2016-08-09\/unternehmen-im-preiskrieg-sieben-strategische-massnahmen\/#primaryimage","url":"https:\/\/www.organisator.ch\/wp-content\/uploads\/2016\/12\/Unternehmen-im-Preiskrieg-Sieben-strategische-Massnahmen-organisator.jpg","contentUrl":"https:\/\/www.organisator.ch\/wp-content\/uploads\/2016\/12\/Unternehmen-im-Preiskrieg-Sieben-strategische-Massnahmen-organisator.jpg","width":480,"height":480,"caption":"Rabattschlacht ohne Ende: Viele Unternehmen sehen sich in einem veritablen Preiskrieg. (Bild: Fotolia.com)"},{"@type":"BreadcrumbList","@id":"https:\/\/www.organisator.ch\/management\/2016-08-09\/unternehmen-im-preiskrieg-sieben-strategische-massnahmen\/#breadcrumb","itemListElement":[{"@type":"ListItem","position":1,"name":"Home","item":"https:\/\/www.organisator.ch\/"},{"@type":"ListItem","position":2,"name":"Unternehmen im Preiskrieg: Sieben strategische Massnahmen"}]},{"@type":"WebSite","@id":"https:\/\/www.organisator.ch\/#website","url":"https:\/\/www.organisator.ch\/","name":"Organizer","description":"Competent. Practical. In 10 issues per year, ORGANISATOR presents the essential topics for managers of SMEs.","publisher":{"@id":"https:\/\/www.organisator.ch\/#organization"},"potentialAction":[{"@type":"SearchAction","target":{"@type":"EntryPoint","urlTemplate":"https:\/\/www.organisator.ch\/?s={search_term_string}"},"query-input":{"@type":"PropertyValueSpecification","valueRequired":true,"valueName":"search_term_string"}}],"inLanguage":"en-US"},{"@type":"Organization","@id":"https:\/\/www.organisator.ch\/#organization","name":"Organizer","url":"https:\/\/www.organisator.ch\/","logo":{"@type":"ImageObject","inLanguage":"en-US","@id":"https:\/\/www.organisator.ch\/#\/schema\/logo\/image\/","url":"https:\/\/www.organisator.ch\/wp-content\/uploads\/2022\/01\/Logo_Organisator_Website.png","contentUrl":"https:\/\/www.organisator.ch\/wp-content\/uploads\/2022\/01\/Logo_Organisator_Website.png","width":800,"height":77,"caption":"Organisator"},"image":{"@id":"https:\/\/www.organisator.ch\/#\/schema\/logo\/image\/"},"sameAs":["https:\/\/www.facebook.com\/OrganisatorFachmagazin","https:\/\/www.linkedin.com\/showcase\/organisator-das-magazin-fr-kmu","https:\/\/www.xing.com\/news\/pages\/organisator-ch-695","https:\/\/www.youtube.com\/channel\/UCGP2Sq0iWaZwT3BdIAQFYpw"]},{"@type":"Person","@id":"https:\/\/www.organisator.ch\/#\/schema\/person\/aa2bace6c5c5aad60102004a50c4eb1c","name":"admin","image":{"@type":"ImageObject","inLanguage":"en-US","@id":"https:\/\/secure.gravatar.com\/avatar\/ae2f4d718e6c49043e314ce431e7e645d646302a24a5ef5a8bc8e3f5a032e319?s=96&d=mm&r=g","url":"https:\/\/secure.gravatar.com\/avatar\/ae2f4d718e6c49043e314ce431e7e645d646302a24a5ef5a8bc8e3f5a032e319?s=96&d=mm&r=g","contentUrl":"https:\/\/secure.gravatar.com\/avatar\/ae2f4d718e6c49043e314ce431e7e645d646302a24a5ef5a8bc8e3f5a032e319?s=96&d=mm&r=g","caption":"admin"},"sameAs":["https:\/\/www.organisator.ch"],"url":"https:\/\/www.organisator.ch\/en\/author\/admin\/"}]}},"_links":{"self":[{"href":"https:\/\/www.organisator.ch\/en\/wp-json\/wp\/v2\/posts\/1027","targetHints":{"allow":["GET"]}}],"collection":[{"href":"https:\/\/www.organisator.ch\/en\/wp-json\/wp\/v2\/posts"}],"about":[{"href":"https:\/\/www.organisator.ch\/en\/wp-json\/wp\/v2\/types\/post"}],"author":[{"embeddable":true,"href":"https:\/\/www.organisator.ch\/en\/wp-json\/wp\/v2\/users\/1"}],"replies":[{"embeddable":true,"href":"https:\/\/www.organisator.ch\/en\/wp-json\/wp\/v2\/comments?post=1027"}],"version-history":[{"count":0,"href":"https:\/\/www.organisator.ch\/en\/wp-json\/wp\/v2\/posts\/1027\/revisions"}],"wp:featuredmedia":[{"embeddable":true,"href":"https:\/\/www.organisator.ch\/en\/wp-json\/wp\/v2\/media\/1028"}],"wp:attachment":[{"href":"https:\/\/www.organisator.ch\/en\/wp-json\/wp\/v2\/media?parent=1027"}],"wp:term":[{"taxonomy":"category","embeddable":true,"href":"https:\/\/www.organisator.ch\/en\/wp-json\/wp\/v2\/categories?post=1027"},{"taxonomy":"post_tag","embeddable":true,"href":"https:\/\/www.organisator.ch\/en\/wp-json\/wp\/v2\/tags?post=1027"}],"curies":[{"name":"wp","href":"https:\/\/api.w.org\/{rel}","templated":true}]}}