{"id":10276,"date":"2021-05-18T09:48:46","date_gmt":"2021-05-18T07:48:46","guid":{"rendered":"https:\/\/www.umweltperspektiven.ch\/?p=4225"},"modified":"2022-02-09T11:10:48","modified_gmt":"2022-02-09T10:10:48","slug":"mit-pestiziden-belastete-baeche","status":"publish","type":"post","link":"https:\/\/www.organisator.ch\/en\/sustainability\/2021-05-18\/mit-pestiziden-belastete-baeche\/","title":{"rendered":"Streams polluted with pesticides"},"content":{"rendered":"<figure id=\"attachment_4226\" aria-describedby=\"caption-attachment-4226\" style=\"width: 680px\" class=\"wp-caption aligncenter\"><img loading=\"lazy\" decoding=\"async\" class=\"wp-image-4226 size-medium\" src=\"\/\/www.umweltperspektiven.ch\/wp-content\/uploads\/2021\/05\/Probenahme.gif\" alt=\"Pesticides, AWE, Office for Water and Energy\" width=\"680\" height=\"455\" \/><figcaption id=\"caption-attachment-4226\" class=\"wp-caption-text\">Sampling in flowing water. \u00a9 AWE<\/figcaption><\/figure>\n<p>From 2018 to 2020, the Office for Water and Energy (AWE) of the Canton of St. Gallen took a close look at 14 streams in used areas and examined them for organic trace substances, so-called micropollutants. Even at very low concentrations, such substances can harm aquatic life. The evaluation of the measurement results would show for each of the 14 streams an increased or very high risk of damage to aquatic organisms due to chronic pollution with individual substances, writes the AWE.<\/p>\n<h2><strong>Pesticides and industrial chemical in focus<\/strong><\/h2>\n<p>The investigations also showed that the exceedances of the quality criteria and requirements were caused by a total of 27 substances: These were 14 herbicides, seven insecticides, two fungicides, three pharmaceuticals and the industrial chemical <a href=\"\/\/de.wikipedia.org\/wiki\/Perfluoroctansulfons%C3%A4ure\">PFOS<\/a> (perfluorooctane sulfonic acid). According to the data, the risk of chronic damage to aquatic organisms was elevated in 12 of the 14 streams during more than two-thirds of the observation period from spring to fall. In addition, the requirements of the Water Protection Ordinance were often exceeded in many cases in all streams.<\/p>\n<h2><strong>Immediate measures implemented<\/strong><strong style=\"font-size: 16px;\">\u00a0<\/strong><\/h2>\n<p>Together with the St. Gallen Agricultural Center (<a href=\"\/\/www.sg.ch\/umwelt-natur\/landwirtschaft\/lzsg.html\">LZSG<\/a>), the Office for Water and Energy sensitizes professional and private users of pesticides and biocides for responsible handling and use. The LZSG has organized round tables with farmers who cultivate the soil in the catchment area of the respective streams. Data had been reviewed and the causes of substance discharges into water bodies had been analyzed in order to prevent them in the future. Farmers have implemented immediate measures. For example, they repaired defective manholes in the fields or set up washing stations for sprayers on the farms.<\/p>\n<p>The use of PFOS has been banned in principle since 2011. However, the chemical is still permitted for individual industrial applications. It enters waters via municipal wastewater treatment plants or diffusely via contaminated surfaces. Measures to reduce the input of the substance are very difficult to implement, writes the AWE.<\/p>\n<h2><strong>Sensitization benefits<\/strong><strong>\u00a0<\/strong><\/h2>\n<p>The AWE and the Agricultural Office also studied a specific stream over several years. It had been shown that substance inputs into the water body could be significantly reduced with targeted sensitization of users. Very toxic substances such as insecticides from the class of\u00a0<a href=\"\/\/de.wikipedia.org\/wiki\/Pyrethroide#:~:text=Pyrethroide%20sind%20synthetische%20Insektizide%2C%20die,nat%C3%BCrlichen%20Insektizids%20Pyrethrum%20angelehnt%20sind.\">Phyrethroids<\/a> and <a href=\"\/\/de.wikipedia.org\/wiki\/Phosphors%C3%A4ureester\">Organophosphates<\/a> would remain problematic despite restrained use, as they have a harmful effect on aquatic life even at extremely low concentrations, according to the AWE.<\/p>\n<h2><strong>Large ecological deficits<\/strong><\/h2>\n<p>The measurement campaigns follow biological investigations of nearly 100 small streams since 2011, which revealed major ecological deficits, according to the office. Three quarters of the watercourses in the canton are small streams. These are valuable habitats for many plants and animals. These streams fulfill important ecological functions and their protection is of great importance for the preservation of biodiversity. Many of these small streams are located in heavily used areas. They are therefore exposed to an increased risk from material inputs. <em>(Source: AWE)<\/em><\/p>\n<p><a href=\"\/\/www.sg.ch\/umwelt-natur\/wasser\/fluesse---baeche\/gewaesserqualitaet\/berichte.html\"><em>Further information on the topic and the fact sheets on the\u00a0<\/em><\/a><em>Measurement campaigns are available here.\u00a0<\/em><\/p>\n<p>&nbsp;<\/p>\n<p><em>Other water quality issues:\u00a0<\/em><em><a href=\"\/\/www.umweltperspektiven.ch\/massnahmenplan-fuer-sauberes-wasser-lanciert\/\">Action plan for clean water launched<\/a><\/em><\/p>\n<h2><\/h2>","protected":false},"excerpt":{"rendered":"<p>In den Jahren 2018 bis 2020 hat das Amt f\u00fcr Wasser und Energie (AWE) des Kantons St. Gallen 14 B\u00e4che in genutzten Gebieten unter die Lupe genommen und\u00a0auf organische Spurenstoffe, sogenannte Mikroverunreinigungen, untersucht. Bereits in sehr tiefen Konzentrationen k\u00f6nnen solche Stoffe Gew\u00e4sserlebewesen sch\u00e4digen. Die Auswertung der Messergebnisse w\u00fcrde f\u00fcr jeden der 14 B\u00e4che ein erh\u00f6htes [&hellip;]<\/p>\n","protected":false},"author":6,"featured_media":4226,"comment_status":"closed","ping_status":"closed","sticky":false,"template":"","format":"standard","meta":{"_acf_changed":false,"_yoast_wpseo_focuskw":"AWE","_yoast_wpseo_metadesc":"","articlekey":"","footnotes":""},"categories":[580],"tags":[704,755,1592,1894,2523],"class_list":["post-10276","post","type-post","status-publish","format-standard","has-post-thumbnail","hentry","category-sustainability","tag-amt-fuer-wasser-und-energie","tag-awe","tag-landwirtschaft","tag-pestizide","tag-wasserqualitaet"],"acf":[],"yoast_head":"<!-- This site is optimized with the Yoast SEO plugin v27.4 - https:\/\/yoast.com\/product\/yoast-seo-wordpress\/ -->\n<title>Mit Pestiziden belastete B\u00e4che - Organisator<\/title>\n<meta name=\"robots\" content=\"index, follow, max-snippet:-1, max-image-preview:large, max-video-preview:-1\" \/>\n<link rel=\"canonical\" href=\"https:\/\/www.organisator.ch\/en\/sustainability\/2021-05-18\/mit-pestiziden-belastete-baeche\/\" \/>\n<meta property=\"og:locale\" content=\"en_US\" \/>\n<meta property=\"og:type\" content=\"article\" \/>\n<meta property=\"og:title\" content=\"Mit Pestiziden belastete B\u00e4che - Organisator\" \/>\n<meta property=\"og:description\" content=\"In den Jahren 2018 bis 2020 hat das Amt f\u00fcr Wasser und Energie (AWE) des Kantons St. Gallen 14 B\u00e4che in genutzten Gebieten unter die Lupe genommen und\u00a0auf organische Spurenstoffe, sogenannte Mikroverunreinigungen, untersucht. Bereits in sehr tiefen Konzentrationen k\u00f6nnen solche Stoffe Gew\u00e4sserlebewesen sch\u00e4digen. Die Auswertung der Messergebnisse w\u00fcrde f\u00fcr jeden der 14 B\u00e4che ein erh\u00f6htes [&hellip;]\" \/>\n<meta property=\"og:url\" content=\"https:\/\/www.organisator.ch\/en\/sustainability\/2021-05-18\/mit-pestiziden-belastete-baeche\/\" \/>\n<meta property=\"og:site_name\" content=\"Organisator\" \/>\n<meta property=\"article:publisher\" content=\"https:\/\/www.facebook.com\/OrganisatorFachmagazin\" \/>\n<meta property=\"article:published_time\" content=\"2021-05-18T07:48:46+00:00\" \/>\n<meta property=\"article:modified_time\" content=\"2022-02-09T10:10:48+00:00\" \/>\n<meta property=\"og:image\" content=\"https:\/\/www.organisator.ch\/wp-content\/uploads\/2021\/05\/Probenahme.gif\" \/>\n\t<meta property=\"og:image:width\" content=\"695\" \/>\n\t<meta property=\"og:image:height\" content=\"465\" \/>\n\t<meta property=\"og:image:type\" content=\"image\/gif\" \/>\n<meta name=\"author\" content=\"roger.straessle\" \/>\n<meta name=\"twitter:card\" content=\"summary_large_image\" \/>\n<script type=\"application\/ld+json\" class=\"yoast-schema-graph\">{\"@context\":\"https:\\\/\\\/schema.org\",\"@graph\":[{\"@type\":\"Article\",\"@id\":\"https:\\\/\\\/www.organisator.ch\\\/sustainability\\\/2021-05-18\\\/mit-pestiziden-belastete-baeche\\\/#article\",\"isPartOf\":{\"@id\":\"https:\\\/\\\/www.organisator.ch\\\/sustainability\\\/2021-05-18\\\/mit-pestiziden-belastete-baeche\\\/\"},\"author\":{\"name\":\"roger.straessle\",\"@id\":\"https:\\\/\\\/www.organisator.ch\\\/#\\\/schema\\\/person\\\/a800b8c54e208b160517a7dcc323161d\"},\"headline\":\"Mit Pestiziden belastete B\u00e4che\",\"datePublished\":\"2021-05-18T07:48:46+00:00\",\"dateModified\":\"2022-02-09T10:10:48+00:00\",\"mainEntityOfPage\":{\"@id\":\"https:\\\/\\\/www.organisator.ch\\\/sustainability\\\/2021-05-18\\\/mit-pestiziden-belastete-baeche\\\/\"},\"wordCount\":543,\"publisher\":{\"@id\":\"https:\\\/\\\/www.organisator.ch\\\/#organization\"},\"image\":{\"@id\":\"https:\\\/\\\/www.organisator.ch\\\/sustainability\\\/2021-05-18\\\/mit-pestiziden-belastete-baeche\\\/#primaryimage\"},\"thumbnailUrl\":\"https:\\\/\\\/www.organisator.ch\\\/wp-content\\\/uploads\\\/2021\\\/05\\\/Probenahme.gif\",\"keywords\":[\"Amt f\u00fcr Wasser und Energie\",\"AWE\",\"Landwirtschaft\",\"Pestizide\",\"Wasserqualit\u00e4t\"],\"articleSection\":[\"SUSTAINABILITY\"],\"inLanguage\":\"en-US\"},{\"@type\":\"WebPage\",\"@id\":\"https:\\\/\\\/www.organisator.ch\\\/sustainability\\\/2021-05-18\\\/mit-pestiziden-belastete-baeche\\\/\",\"url\":\"https:\\\/\\\/www.organisator.ch\\\/sustainability\\\/2021-05-18\\\/mit-pestiziden-belastete-baeche\\\/\",\"name\":\"Mit Pestiziden belastete B\u00e4che - Organisator\",\"isPartOf\":{\"@id\":\"https:\\\/\\\/www.organisator.ch\\\/#website\"},\"primaryImageOfPage\":{\"@id\":\"https:\\\/\\\/www.organisator.ch\\\/sustainability\\\/2021-05-18\\\/mit-pestiziden-belastete-baeche\\\/#primaryimage\"},\"image\":{\"@id\":\"https:\\\/\\\/www.organisator.ch\\\/sustainability\\\/2021-05-18\\\/mit-pestiziden-belastete-baeche\\\/#primaryimage\"},\"thumbnailUrl\":\"https:\\\/\\\/www.organisator.ch\\\/wp-content\\\/uploads\\\/2021\\\/05\\\/Probenahme.gif\",\"datePublished\":\"2021-05-18T07:48:46+00:00\",\"dateModified\":\"2022-02-09T10:10:48+00:00\",\"breadcrumb\":{\"@id\":\"https:\\\/\\\/www.organisator.ch\\\/sustainability\\\/2021-05-18\\\/mit-pestiziden-belastete-baeche\\\/#breadcrumb\"},\"inLanguage\":\"en-US\",\"potentialAction\":[{\"@type\":\"ReadAction\",\"target\":[\"https:\\\/\\\/www.organisator.ch\\\/sustainability\\\/2021-05-18\\\/mit-pestiziden-belastete-baeche\\\/\"]}]},{\"@type\":\"ImageObject\",\"inLanguage\":\"en-US\",\"@id\":\"https:\\\/\\\/www.organisator.ch\\\/sustainability\\\/2021-05-18\\\/mit-pestiziden-belastete-baeche\\\/#primaryimage\",\"url\":\"https:\\\/\\\/www.organisator.ch\\\/wp-content\\\/uploads\\\/2021\\\/05\\\/Probenahme.gif\",\"contentUrl\":\"https:\\\/\\\/www.organisator.ch\\\/wp-content\\\/uploads\\\/2021\\\/05\\\/Probenahme.gif\",\"width\":695,\"height\":465,\"caption\":\"Probenentnahme im Fliessgew\u00e4sser. \u00a9 AWE\"},{\"@type\":\"BreadcrumbList\",\"@id\":\"https:\\\/\\\/www.organisator.ch\\\/sustainability\\\/2021-05-18\\\/mit-pestiziden-belastete-baeche\\\/#breadcrumb\",\"itemListElement\":[{\"@type\":\"ListItem\",\"position\":1,\"name\":\"Home\",\"item\":\"https:\\\/\\\/www.organisator.ch\\\/\"},{\"@type\":\"ListItem\",\"position\":2,\"name\":\"Mit Pestiziden belastete B\u00e4che\"}]},{\"@type\":\"WebSite\",\"@id\":\"https:\\\/\\\/www.organisator.ch\\\/#website\",\"url\":\"https:\\\/\\\/www.organisator.ch\\\/\",\"name\":\"Organisator\",\"description\":\"Kompetent. Praxisnah. Der ORGANISATOR bereitet in 10 Ausgaben pro Jahr die wesentlichen Themen f\u00fcr F\u00fchrungskr\u00e4fte von KMU auf.\",\"publisher\":{\"@id\":\"https:\\\/\\\/www.organisator.ch\\\/#organization\"},\"potentialAction\":[{\"@type\":\"SearchAction\",\"target\":{\"@type\":\"EntryPoint\",\"urlTemplate\":\"https:\\\/\\\/www.organisator.ch\\\/?s={search_term_string}\"},\"query-input\":{\"@type\":\"PropertyValueSpecification\",\"valueRequired\":true,\"valueName\":\"search_term_string\"}}],\"inLanguage\":\"en-US\"},{\"@type\":\"Organization\",\"@id\":\"https:\\\/\\\/www.organisator.ch\\\/#organization\",\"name\":\"Organisator\",\"url\":\"https:\\\/\\\/www.organisator.ch\\\/\",\"logo\":{\"@type\":\"ImageObject\",\"inLanguage\":\"en-US\",\"@id\":\"https:\\\/\\\/www.organisator.ch\\\/#\\\/schema\\\/logo\\\/image\\\/\",\"url\":\"https:\\\/\\\/www.organisator.ch\\\/wp-content\\\/uploads\\\/2022\\\/01\\\/Logo_Organisator_Website.png\",\"contentUrl\":\"https:\\\/\\\/www.organisator.ch\\\/wp-content\\\/uploads\\\/2022\\\/01\\\/Logo_Organisator_Website.png\",\"width\":800,\"height\":77,\"caption\":\"Organisator\"},\"image\":{\"@id\":\"https:\\\/\\\/www.organisator.ch\\\/#\\\/schema\\\/logo\\\/image\\\/\"},\"sameAs\":[\"https:\\\/\\\/www.facebook.com\\\/OrganisatorFachmagazin\",\"https:\\\/\\\/www.linkedin.com\\\/showcase\\\/organisator-das-magazin-fr-kmu\",\"https:\\\/\\\/www.xing.com\\\/news\\\/pages\\\/organisator-ch-695\",\"https:\\\/\\\/www.youtube.com\\\/channel\\\/UCGP2Sq0iWaZwT3BdIAQFYpw\"]},{\"@type\":\"Person\",\"@id\":\"https:\\\/\\\/www.organisator.ch\\\/#\\\/schema\\\/person\\\/a800b8c54e208b160517a7dcc323161d\",\"name\":\"roger.straessle\",\"image\":{\"@type\":\"ImageObject\",\"inLanguage\":\"en-US\",\"@id\":\"https:\\\/\\\/secure.gravatar.com\\\/avatar\\\/?s=96&d=mm&r=g\",\"url\":\"https:\\\/\\\/secure.gravatar.com\\\/avatar\\\/?s=96&d=mm&r=g\",\"contentUrl\":\"https:\\\/\\\/secure.gravatar.com\\\/avatar\\\/?s=96&d=mm&r=g\",\"caption\":\"roger.straessle\"},\"url\":\"https:\\\/\\\/www.organisator.ch\\\/en\\\/author\\\/roger-straessle\\\/\"}]}<\/script>\n<!-- \/ Yoast SEO plugin. -->","yoast_head_json":{"title":"Streams polluted with pesticides - organizer","robots":{"index":"index","follow":"follow","max-snippet":"max-snippet:-1","max-image-preview":"max-image-preview:large","max-video-preview":"max-video-preview:-1"},"canonical":"https:\/\/www.organisator.ch\/en\/sustainability\/2021-05-18\/mit-pestiziden-belastete-baeche\/","og_locale":"en_US","og_type":"article","og_title":"Mit Pestiziden belastete B\u00e4che - Organisator","og_description":"In den Jahren 2018 bis 2020 hat das Amt f\u00fcr Wasser und Energie (AWE) des Kantons St. Gallen 14 B\u00e4che in genutzten Gebieten unter die Lupe genommen und\u00a0auf organische Spurenstoffe, sogenannte Mikroverunreinigungen, untersucht. Bereits in sehr tiefen Konzentrationen k\u00f6nnen solche Stoffe Gew\u00e4sserlebewesen sch\u00e4digen. Die Auswertung der Messergebnisse w\u00fcrde f\u00fcr jeden der 14 B\u00e4che ein erh\u00f6htes [&hellip;]","og_url":"https:\/\/www.organisator.ch\/en\/sustainability\/2021-05-18\/mit-pestiziden-belastete-baeche\/","og_site_name":"Organisator","article_publisher":"https:\/\/www.facebook.com\/OrganisatorFachmagazin","article_published_time":"2021-05-18T07:48:46+00:00","article_modified_time":"2022-02-09T10:10:48+00:00","og_image":[{"width":695,"height":465,"url":"https:\/\/www.organisator.ch\/wp-content\/uploads\/2021\/05\/Probenahme.gif","type":"image\/gif"}],"author":"roger.straessle","twitter_card":"summary_large_image","schema":{"@context":"https:\/\/schema.org","@graph":[{"@type":"Article","@id":"https:\/\/www.organisator.ch\/sustainability\/2021-05-18\/mit-pestiziden-belastete-baeche\/#article","isPartOf":{"@id":"https:\/\/www.organisator.ch\/sustainability\/2021-05-18\/mit-pestiziden-belastete-baeche\/"},"author":{"name":"roger.straessle","@id":"https:\/\/www.organisator.ch\/#\/schema\/person\/a800b8c54e208b160517a7dcc323161d"},"headline":"Mit Pestiziden belastete B\u00e4che","datePublished":"2021-05-18T07:48:46+00:00","dateModified":"2022-02-09T10:10:48+00:00","mainEntityOfPage":{"@id":"https:\/\/www.organisator.ch\/sustainability\/2021-05-18\/mit-pestiziden-belastete-baeche\/"},"wordCount":543,"publisher":{"@id":"https:\/\/www.organisator.ch\/#organization"},"image":{"@id":"https:\/\/www.organisator.ch\/sustainability\/2021-05-18\/mit-pestiziden-belastete-baeche\/#primaryimage"},"thumbnailUrl":"https:\/\/www.organisator.ch\/wp-content\/uploads\/2021\/05\/Probenahme.gif","keywords":["Amt f\u00fcr Wasser und Energie","AWE","Landwirtschaft","Pestizide","Wasserqualit\u00e4t"],"articleSection":["SUSTAINABILITY"],"inLanguage":"en-US"},{"@type":"WebPage","@id":"https:\/\/www.organisator.ch\/sustainability\/2021-05-18\/mit-pestiziden-belastete-baeche\/","url":"https:\/\/www.organisator.ch\/sustainability\/2021-05-18\/mit-pestiziden-belastete-baeche\/","name":"Streams polluted with pesticides - organizer","isPartOf":{"@id":"https:\/\/www.organisator.ch\/#website"},"primaryImageOfPage":{"@id":"https:\/\/www.organisator.ch\/sustainability\/2021-05-18\/mit-pestiziden-belastete-baeche\/#primaryimage"},"image":{"@id":"https:\/\/www.organisator.ch\/sustainability\/2021-05-18\/mit-pestiziden-belastete-baeche\/#primaryimage"},"thumbnailUrl":"https:\/\/www.organisator.ch\/wp-content\/uploads\/2021\/05\/Probenahme.gif","datePublished":"2021-05-18T07:48:46+00:00","dateModified":"2022-02-09T10:10:48+00:00","breadcrumb":{"@id":"https:\/\/www.organisator.ch\/sustainability\/2021-05-18\/mit-pestiziden-belastete-baeche\/#breadcrumb"},"inLanguage":"en-US","potentialAction":[{"@type":"ReadAction","target":["https:\/\/www.organisator.ch\/sustainability\/2021-05-18\/mit-pestiziden-belastete-baeche\/"]}]},{"@type":"ImageObject","inLanguage":"en-US","@id":"https:\/\/www.organisator.ch\/sustainability\/2021-05-18\/mit-pestiziden-belastete-baeche\/#primaryimage","url":"https:\/\/www.organisator.ch\/wp-content\/uploads\/2021\/05\/Probenahme.gif","contentUrl":"https:\/\/www.organisator.ch\/wp-content\/uploads\/2021\/05\/Probenahme.gif","width":695,"height":465,"caption":"Probenentnahme im Fliessgew\u00e4sser. \u00a9 AWE"},{"@type":"BreadcrumbList","@id":"https:\/\/www.organisator.ch\/sustainability\/2021-05-18\/mit-pestiziden-belastete-baeche\/#breadcrumb","itemListElement":[{"@type":"ListItem","position":1,"name":"Home","item":"https:\/\/www.organisator.ch\/"},{"@type":"ListItem","position":2,"name":"Mit Pestiziden belastete B\u00e4che"}]},{"@type":"WebSite","@id":"https:\/\/www.organisator.ch\/#website","url":"https:\/\/www.organisator.ch\/","name":"Organizer","description":"Competent. Practical. In 10 issues per year, ORGANISATOR presents the essential topics for managers of SMEs.","publisher":{"@id":"https:\/\/www.organisator.ch\/#organization"},"potentialAction":[{"@type":"SearchAction","target":{"@type":"EntryPoint","urlTemplate":"https:\/\/www.organisator.ch\/?s={search_term_string}"},"query-input":{"@type":"PropertyValueSpecification","valueRequired":true,"valueName":"search_term_string"}}],"inLanguage":"en-US"},{"@type":"Organization","@id":"https:\/\/www.organisator.ch\/#organization","name":"Organizer","url":"https:\/\/www.organisator.ch\/","logo":{"@type":"ImageObject","inLanguage":"en-US","@id":"https:\/\/www.organisator.ch\/#\/schema\/logo\/image\/","url":"https:\/\/www.organisator.ch\/wp-content\/uploads\/2022\/01\/Logo_Organisator_Website.png","contentUrl":"https:\/\/www.organisator.ch\/wp-content\/uploads\/2022\/01\/Logo_Organisator_Website.png","width":800,"height":77,"caption":"Organisator"},"image":{"@id":"https:\/\/www.organisator.ch\/#\/schema\/logo\/image\/"},"sameAs":["https:\/\/www.facebook.com\/OrganisatorFachmagazin","https:\/\/www.linkedin.com\/showcase\/organisator-das-magazin-fr-kmu","https:\/\/www.xing.com\/news\/pages\/organisator-ch-695","https:\/\/www.youtube.com\/channel\/UCGP2Sq0iWaZwT3BdIAQFYpw"]},{"@type":"Person","@id":"https:\/\/www.organisator.ch\/#\/schema\/person\/a800b8c54e208b160517a7dcc323161d","name":"roger.straessle","image":{"@type":"ImageObject","inLanguage":"en-US","@id":"https:\/\/secure.gravatar.com\/avatar\/?s=96&d=mm&r=g","url":"https:\/\/secure.gravatar.com\/avatar\/?s=96&d=mm&r=g","contentUrl":"https:\/\/secure.gravatar.com\/avatar\/?s=96&d=mm&r=g","caption":"roger.straessle"},"url":"https:\/\/www.organisator.ch\/en\/author\/roger-straessle\/"}]}},"_links":{"self":[{"href":"https:\/\/www.organisator.ch\/en\/wp-json\/wp\/v2\/posts\/10276","targetHints":{"allow":["GET"]}}],"collection":[{"href":"https:\/\/www.organisator.ch\/en\/wp-json\/wp\/v2\/posts"}],"about":[{"href":"https:\/\/www.organisator.ch\/en\/wp-json\/wp\/v2\/types\/post"}],"author":[{"embeddable":true,"href":"https:\/\/www.organisator.ch\/en\/wp-json\/wp\/v2\/users\/6"}],"replies":[{"embeddable":true,"href":"https:\/\/www.organisator.ch\/en\/wp-json\/wp\/v2\/comments?post=10276"}],"version-history":[{"count":1,"href":"https:\/\/www.organisator.ch\/en\/wp-json\/wp\/v2\/posts\/10276\/revisions"}],"predecessor-version":[{"id":10987,"href":"https:\/\/www.organisator.ch\/en\/wp-json\/wp\/v2\/posts\/10276\/revisions\/10987"}],"wp:featuredmedia":[{"embeddable":true,"href":"https:\/\/www.organisator.ch\/en\/wp-json\/wp\/v2\/media\/4226"}],"wp:attachment":[{"href":"https:\/\/www.organisator.ch\/en\/wp-json\/wp\/v2\/media?parent=10276"}],"wp:term":[{"taxonomy":"category","embeddable":true,"href":"https:\/\/www.organisator.ch\/en\/wp-json\/wp\/v2\/categories?post=10276"},{"taxonomy":"post_tag","embeddable":true,"href":"https:\/\/www.organisator.ch\/en\/wp-json\/wp\/v2\/tags?post=10276"}],"curies":[{"name":"wp","href":"https:\/\/api.w.org\/{rel}","templated":true}]}}