{"id":10286,"date":"2021-06-03T07:30:38","date_gmt":"2021-06-03T05:30:38","guid":{"rendered":"https:\/\/www.umweltperspektiven.ch\/?p=4319"},"modified":"2022-02-09T11:06:08","modified_gmt":"2022-02-09T10:06:08","slug":"atos-tritt-green-lab-initiative-in-bern-bei","status":"publish","type":"post","link":"https:\/\/www.organisator.ch\/en\/sustainability\/2021-06-03\/atos-tritt-green-lab-initiative-in-bern-bei\/","title":{"rendered":"Atos joins Green Lab initiative in Bern"},"content":{"rendered":"<figure id=\"attachment_4320\" aria-describedby=\"caption-attachment-4320\" style=\"width: 680px\" class=\"wp-caption aligncenter\"><img loading=\"lazy\" decoding=\"async\" class=\"size-medium wp-image-4320\" src=\"\/\/www.umweltperspektiven.ch\/wp-content\/uploads\/2021\/06\/Depositphotos_6857682_s-2019.jpg\" alt=\"Green Lab\" width=\"680\" height=\"454\" \/><figcaption id=\"caption-attachment-4320\" class=\"wp-caption-text\">\u00a9 Depositphotos, alexraths<\/figcaption><\/figure>\n<p>According to the Paris Climate Agreement, Switzerland has committed to halving greenhouse gas emissions within this decade and, by 2050 at the latest, to produce only as much CO2 as can be sequestered. Among other things, this means: The energy requirements of industrial and building complexes must be drastically reduced.<\/p>\n<p>Like <a href=\"\/\/greenlab.ch\/\">Green Lab<\/a> the numerous laboratory complexes in Switzerland, a country of research, have a significant impact on its eco-balance: Compared to an office building of comparable size, a laboratory consumes up to ten times as much energy. A considerable proportion of this - 90 percent in extreme cases - is needed to operate the infrastructure. Renewing this infrastructure is therefore often cheaper than trying to meet the challenges of today and tomorrow with yesterday's infrastructure, says the Atos press release.<\/p>\n<h2><strong>Who is involved in Green Lab?<\/strong><\/h2>\n<p>In addition to Atos, the Green Lab members include energy and real estate companies, construction firms, infrastructure specialists, and the technology group Siemens, an important Atos partner. The participants have set out to accompany the transformation to more digitalization, security, sustainability as well as competitiveness with a total of 23 programs and events this year alone. Atos will be involved in many of them under the leadership of Bruno Schenk, CEO of Atos Switzerland, according to digital transformation provider.<\/p>\n<h2><strong>Net zero until 2028<\/strong><\/h2>\n<p>Atos made the commitment in February, <a href=\"\/\/atos.net\/en\/2021\/press-release_2021_02_18\/atos-boosts-its-decarbonization-ambition-committing-to-net-zero-by-2028#:~:text=Atos%20today%20announces%20that%20it,its%20residual%20emissions%20by%202028.\">Achieve net zero emissions by 2028<\/a>. Thanks to its many years of experience in the areas of digital transformation, automation and decarbonization, the company offers an exchange of experience within the Green Lab initiative as well as sound advice at the interface of safety, sustainability and competitiveness.<\/p>\n<p>\"Atos is using laboratories and their infrastructures to raise the visibility of a highly specialized sector of the life sciences that has been rather neglected,\" says Lorenzo Nanetti, Business Consulting Partner Life Sciences at Atos. \"That's why we support Green Lab's integrated approach, which aims to make Switzerland's research facilities safer, greener and more attractive to young talent. In this way, we not only strengthen the competitive opportunities of Swiss science, but also help the country achieve its climate goals, in line with our Atos Switzerland 'Accelerate Customers' program.\"<\/p>\n<p>The expertise that Atos brings to the initiative is focused on four areas: Digitization of work processes, laboratory automation and integration, change management to support transformation, and decarbonization. In addition, Atos offers tangible technical solutions, for example in areas such as robotics and digital twin for simulation, to support adaptation to new working models and practices. Atos plans to share its expertise through webinars, workshops and roundtable discussions, the company concludes.<\/p>\n<p><em>Source: Atos<\/em><\/p>\n<p>&nbsp;<\/p>","protected":false},"excerpt":{"rendered":"<p>Gem\u00e4ss dem Pariser Klimaabkommen hat sich die Schweiz verpflichtet, den Ausstoss von Treibhausgasen noch innerhalb dieses Jahrzehnts zu halbieren und sp\u00e4testens 2050 nur so viel CO2 zu produzieren wie gebunden werden kann. Das bedeutet unter anderem: Der Energiebedarf von Industrie- und Geb\u00e4udekomplexen muss drastisch sinken. Wie Green Lab herausgefunden hat, beeinflussen die zahlreichen Laborkomplexe des [&hellip;]<\/p>\n","protected":false},"author":6,"featured_media":9801,"comment_status":"closed","ping_status":"closed","sticky":false,"template":"","format":"standard","meta":{"_acf_changed":false,"_yoast_wpseo_focuskw":"Green Lab","_yoast_wpseo_metadesc":"Atos ist ab sofort aktives Mitglied der in Bern beheimateten Initiative Green Lab. Im Vordergrund steht die Energieeffizienz.","articlekey":"","footnotes":""},"categories":[580],"tags":[737,1066,1317,1318,1410,2326],"class_list":["post-10286","post","type-post","status-publish","format-standard","has-post-thumbnail","hentry","category-sustainability","tag-atos","tag-energieeffizienz","tag-green-lab","tag-greenbuilding-ch","tag-initiative","tag-treibhausgase"],"acf":[],"yoast_head":"<!-- This site is optimized with the Yoast SEO plugin v27.5 - https:\/\/yoast.com\/product\/yoast-seo-wordpress\/ -->\n<title>Atos tritt Green-Lab-Initiative in Bern bei - Organisator<\/title>\n<meta name=\"description\" content=\"Atos ist ab sofort aktives Mitglied der in Bern beheimateten Initiative Green Lab. Im Vordergrund steht die Energieeffizienz.\" \/>\n<meta name=\"robots\" content=\"index, follow, max-snippet:-1, max-image-preview:large, max-video-preview:-1\" \/>\n<link rel=\"canonical\" href=\"https:\/\/www.organisator.ch\/en\/sustainability\/2021-06-03\/atos-tritt-green-lab-initiative-in-bern-bei\/\" \/>\n<meta property=\"og:locale\" content=\"en_US\" \/>\n<meta property=\"og:type\" content=\"article\" \/>\n<meta property=\"og:title\" content=\"Atos tritt Green-Lab-Initiative in Bern bei - Organisator\" \/>\n<meta property=\"og:description\" content=\"Atos ist ab sofort aktives Mitglied der in Bern beheimateten Initiative Green Lab. Im Vordergrund steht die Energieeffizienz.\" \/>\n<meta property=\"og:url\" content=\"https:\/\/www.organisator.ch\/en\/sustainability\/2021-06-03\/atos-tritt-green-lab-initiative-in-bern-bei\/\" \/>\n<meta property=\"og:site_name\" content=\"Organisator\" \/>\n<meta property=\"article:publisher\" content=\"https:\/\/www.facebook.com\/OrganisatorFachmagazin\" \/>\n<meta property=\"article:published_time\" content=\"2021-06-03T05:30:38+00:00\" \/>\n<meta property=\"article:modified_time\" content=\"2022-02-09T10:06:08+00:00\" \/>\n<meta property=\"og:image\" content=\"https:\/\/www.organisator.ch\/wp-content\/uploads\/2021\/06\/Depositphotos_6857682_s-2019.jpg\" \/>\n\t<meta property=\"og:image:width\" content=\"1000\" \/>\n\t<meta property=\"og:image:height\" content=\"667\" \/>\n\t<meta property=\"og:image:type\" content=\"image\/jpeg\" \/>\n<meta name=\"author\" content=\"roger.straessle\" \/>\n<meta name=\"twitter:card\" content=\"summary_large_image\" \/>\n<script type=\"application\/ld+json\" class=\"yoast-schema-graph\">{\"@context\":\"https:\\\/\\\/schema.org\",\"@graph\":[{\"@type\":\"Article\",\"@id\":\"https:\\\/\\\/www.organisator.ch\\\/sustainability\\\/2021-06-03\\\/atos-tritt-green-lab-initiative-in-bern-bei\\\/#article\",\"isPartOf\":{\"@id\":\"https:\\\/\\\/www.organisator.ch\\\/sustainability\\\/2021-06-03\\\/atos-tritt-green-lab-initiative-in-bern-bei\\\/\"},\"author\":{\"name\":\"roger.straessle\",\"@id\":\"https:\\\/\\\/www.organisator.ch\\\/#\\\/schema\\\/person\\\/a800b8c54e208b160517a7dcc323161d\"},\"headline\":\"Atos tritt Green-Lab-Initiative in Bern bei\",\"datePublished\":\"2021-06-03T05:30:38+00:00\",\"dateModified\":\"2022-02-09T10:06:08+00:00\",\"mainEntityOfPage\":{\"@id\":\"https:\\\/\\\/www.organisator.ch\\\/sustainability\\\/2021-06-03\\\/atos-tritt-green-lab-initiative-in-bern-bei\\\/\"},\"wordCount\":428,\"publisher\":{\"@id\":\"https:\\\/\\\/www.organisator.ch\\\/#organization\"},\"image\":{\"@id\":\"https:\\\/\\\/www.organisator.ch\\\/sustainability\\\/2021-06-03\\\/atos-tritt-green-lab-initiative-in-bern-bei\\\/#primaryimage\"},\"thumbnailUrl\":\"https:\\\/\\\/www.organisator.ch\\\/wp-content\\\/uploads\\\/2021\\\/06\\\/Depositphotos_6857682_s-2019.jpg\",\"keywords\":[\"Atos\",\"Energieeffizienz\",\"Green Lab\",\"GreenBuilding.ch\",\"Initiative\",\"Treibhausgase\"],\"articleSection\":[\"SUSTAINABILITY\"],\"inLanguage\":\"en-US\"},{\"@type\":\"WebPage\",\"@id\":\"https:\\\/\\\/www.organisator.ch\\\/sustainability\\\/2021-06-03\\\/atos-tritt-green-lab-initiative-in-bern-bei\\\/\",\"url\":\"https:\\\/\\\/www.organisator.ch\\\/sustainability\\\/2021-06-03\\\/atos-tritt-green-lab-initiative-in-bern-bei\\\/\",\"name\":\"Atos tritt Green-Lab-Initiative in Bern bei - Organisator\",\"isPartOf\":{\"@id\":\"https:\\\/\\\/www.organisator.ch\\\/#website\"},\"primaryImageOfPage\":{\"@id\":\"https:\\\/\\\/www.organisator.ch\\\/sustainability\\\/2021-06-03\\\/atos-tritt-green-lab-initiative-in-bern-bei\\\/#primaryimage\"},\"image\":{\"@id\":\"https:\\\/\\\/www.organisator.ch\\\/sustainability\\\/2021-06-03\\\/atos-tritt-green-lab-initiative-in-bern-bei\\\/#primaryimage\"},\"thumbnailUrl\":\"https:\\\/\\\/www.organisator.ch\\\/wp-content\\\/uploads\\\/2021\\\/06\\\/Depositphotos_6857682_s-2019.jpg\",\"datePublished\":\"2021-06-03T05:30:38+00:00\",\"dateModified\":\"2022-02-09T10:06:08+00:00\",\"description\":\"Atos ist ab sofort aktives Mitglied der in Bern beheimateten Initiative Green Lab. Im Vordergrund steht die Energieeffizienz.\",\"breadcrumb\":{\"@id\":\"https:\\\/\\\/www.organisator.ch\\\/sustainability\\\/2021-06-03\\\/atos-tritt-green-lab-initiative-in-bern-bei\\\/#breadcrumb\"},\"inLanguage\":\"en-US\",\"potentialAction\":[{\"@type\":\"ReadAction\",\"target\":[\"https:\\\/\\\/www.organisator.ch\\\/sustainability\\\/2021-06-03\\\/atos-tritt-green-lab-initiative-in-bern-bei\\\/\"]}]},{\"@type\":\"ImageObject\",\"inLanguage\":\"en-US\",\"@id\":\"https:\\\/\\\/www.organisator.ch\\\/sustainability\\\/2021-06-03\\\/atos-tritt-green-lab-initiative-in-bern-bei\\\/#primaryimage\",\"url\":\"https:\\\/\\\/www.organisator.ch\\\/wp-content\\\/uploads\\\/2021\\\/06\\\/Depositphotos_6857682_s-2019.jpg\",\"contentUrl\":\"https:\\\/\\\/www.organisator.ch\\\/wp-content\\\/uploads\\\/2021\\\/06\\\/Depositphotos_6857682_s-2019.jpg\",\"width\":1000,\"height\":667,\"caption\":\"\u00a9 Depositphotos, alexraths\"},{\"@type\":\"BreadcrumbList\",\"@id\":\"https:\\\/\\\/www.organisator.ch\\\/sustainability\\\/2021-06-03\\\/atos-tritt-green-lab-initiative-in-bern-bei\\\/#breadcrumb\",\"itemListElement\":[{\"@type\":\"ListItem\",\"position\":1,\"name\":\"Home\",\"item\":\"https:\\\/\\\/www.organisator.ch\\\/\"},{\"@type\":\"ListItem\",\"position\":2,\"name\":\"Atos tritt Green-Lab-Initiative in Bern bei\"}]},{\"@type\":\"WebSite\",\"@id\":\"https:\\\/\\\/www.organisator.ch\\\/#website\",\"url\":\"https:\\\/\\\/www.organisator.ch\\\/\",\"name\":\"Organisator\",\"description\":\"Kompetent. Praxisnah. Der ORGANISATOR bereitet in 10 Ausgaben pro Jahr die wesentlichen Themen f\u00fcr F\u00fchrungskr\u00e4fte von KMU auf.\",\"publisher\":{\"@id\":\"https:\\\/\\\/www.organisator.ch\\\/#organization\"},\"potentialAction\":[{\"@type\":\"SearchAction\",\"target\":{\"@type\":\"EntryPoint\",\"urlTemplate\":\"https:\\\/\\\/www.organisator.ch\\\/?s={search_term_string}\"},\"query-input\":{\"@type\":\"PropertyValueSpecification\",\"valueRequired\":true,\"valueName\":\"search_term_string\"}}],\"inLanguage\":\"en-US\"},{\"@type\":\"Organization\",\"@id\":\"https:\\\/\\\/www.organisator.ch\\\/#organization\",\"name\":\"Organisator\",\"url\":\"https:\\\/\\\/www.organisator.ch\\\/\",\"logo\":{\"@type\":\"ImageObject\",\"inLanguage\":\"en-US\",\"@id\":\"https:\\\/\\\/www.organisator.ch\\\/#\\\/schema\\\/logo\\\/image\\\/\",\"url\":\"https:\\\/\\\/www.organisator.ch\\\/wp-content\\\/uploads\\\/2022\\\/01\\\/Logo_Organisator_Website.png\",\"contentUrl\":\"https:\\\/\\\/www.organisator.ch\\\/wp-content\\\/uploads\\\/2022\\\/01\\\/Logo_Organisator_Website.png\",\"width\":800,\"height\":77,\"caption\":\"Organisator\"},\"image\":{\"@id\":\"https:\\\/\\\/www.organisator.ch\\\/#\\\/schema\\\/logo\\\/image\\\/\"},\"sameAs\":[\"https:\\\/\\\/www.facebook.com\\\/OrganisatorFachmagazin\",\"https:\\\/\\\/www.linkedin.com\\\/showcase\\\/organisator-das-magazin-fr-kmu\",\"https:\\\/\\\/www.xing.com\\\/news\\\/pages\\\/organisator-ch-695\",\"https:\\\/\\\/www.youtube.com\\\/channel\\\/UCGP2Sq0iWaZwT3BdIAQFYpw\"]},{\"@type\":\"Person\",\"@id\":\"https:\\\/\\\/www.organisator.ch\\\/#\\\/schema\\\/person\\\/a800b8c54e208b160517a7dcc323161d\",\"name\":\"roger.straessle\",\"image\":{\"@type\":\"ImageObject\",\"inLanguage\":\"en-US\",\"@id\":\"https:\\\/\\\/secure.gravatar.com\\\/avatar\\\/?s=96&d=mm&r=g\",\"url\":\"https:\\\/\\\/secure.gravatar.com\\\/avatar\\\/?s=96&d=mm&r=g\",\"contentUrl\":\"https:\\\/\\\/secure.gravatar.com\\\/avatar\\\/?s=96&d=mm&r=g\",\"caption\":\"roger.straessle\"},\"url\":\"https:\\\/\\\/www.organisator.ch\\\/en\\\/author\\\/roger-straessle\\\/\"}]}<\/script>\n<!-- \/ Yoast SEO plugin. -->","yoast_head_json":{"title":"Atos joins Green Lab initiative in Bern - organizer","description":"Atos is now an active member of the Bern-based Green Lab initiative. The focus is on energy efficiency.","robots":{"index":"index","follow":"follow","max-snippet":"max-snippet:-1","max-image-preview":"max-image-preview:large","max-video-preview":"max-video-preview:-1"},"canonical":"https:\/\/www.organisator.ch\/en\/sustainability\/2021-06-03\/atos-tritt-green-lab-initiative-in-bern-bei\/","og_locale":"en_US","og_type":"article","og_title":"Atos tritt Green-Lab-Initiative in Bern bei - Organisator","og_description":"Atos ist ab sofort aktives Mitglied der in Bern beheimateten Initiative Green Lab. Im Vordergrund steht die Energieeffizienz.","og_url":"https:\/\/www.organisator.ch\/en\/sustainability\/2021-06-03\/atos-tritt-green-lab-initiative-in-bern-bei\/","og_site_name":"Organisator","article_publisher":"https:\/\/www.facebook.com\/OrganisatorFachmagazin","article_published_time":"2021-06-03T05:30:38+00:00","article_modified_time":"2022-02-09T10:06:08+00:00","og_image":[{"width":1000,"height":667,"url":"https:\/\/www.organisator.ch\/wp-content\/uploads\/2021\/06\/Depositphotos_6857682_s-2019.jpg","type":"image\/jpeg"}],"author":"roger.straessle","twitter_card":"summary_large_image","schema":{"@context":"https:\/\/schema.org","@graph":[{"@type":"Article","@id":"https:\/\/www.organisator.ch\/sustainability\/2021-06-03\/atos-tritt-green-lab-initiative-in-bern-bei\/#article","isPartOf":{"@id":"https:\/\/www.organisator.ch\/sustainability\/2021-06-03\/atos-tritt-green-lab-initiative-in-bern-bei\/"},"author":{"name":"roger.straessle","@id":"https:\/\/www.organisator.ch\/#\/schema\/person\/a800b8c54e208b160517a7dcc323161d"},"headline":"Atos tritt Green-Lab-Initiative in Bern bei","datePublished":"2021-06-03T05:30:38+00:00","dateModified":"2022-02-09T10:06:08+00:00","mainEntityOfPage":{"@id":"https:\/\/www.organisator.ch\/sustainability\/2021-06-03\/atos-tritt-green-lab-initiative-in-bern-bei\/"},"wordCount":428,"publisher":{"@id":"https:\/\/www.organisator.ch\/#organization"},"image":{"@id":"https:\/\/www.organisator.ch\/sustainability\/2021-06-03\/atos-tritt-green-lab-initiative-in-bern-bei\/#primaryimage"},"thumbnailUrl":"https:\/\/www.organisator.ch\/wp-content\/uploads\/2021\/06\/Depositphotos_6857682_s-2019.jpg","keywords":["Atos","Energieeffizienz","Green Lab","GreenBuilding.ch","Initiative","Treibhausgase"],"articleSection":["SUSTAINABILITY"],"inLanguage":"en-US"},{"@type":"WebPage","@id":"https:\/\/www.organisator.ch\/sustainability\/2021-06-03\/atos-tritt-green-lab-initiative-in-bern-bei\/","url":"https:\/\/www.organisator.ch\/sustainability\/2021-06-03\/atos-tritt-green-lab-initiative-in-bern-bei\/","name":"Atos joins Green Lab initiative in Bern - organizer","isPartOf":{"@id":"https:\/\/www.organisator.ch\/#website"},"primaryImageOfPage":{"@id":"https:\/\/www.organisator.ch\/sustainability\/2021-06-03\/atos-tritt-green-lab-initiative-in-bern-bei\/#primaryimage"},"image":{"@id":"https:\/\/www.organisator.ch\/sustainability\/2021-06-03\/atos-tritt-green-lab-initiative-in-bern-bei\/#primaryimage"},"thumbnailUrl":"https:\/\/www.organisator.ch\/wp-content\/uploads\/2021\/06\/Depositphotos_6857682_s-2019.jpg","datePublished":"2021-06-03T05:30:38+00:00","dateModified":"2022-02-09T10:06:08+00:00","description":"Atos is now an active member of the Bern-based Green Lab initiative. The focus is on energy efficiency.","breadcrumb":{"@id":"https:\/\/www.organisator.ch\/sustainability\/2021-06-03\/atos-tritt-green-lab-initiative-in-bern-bei\/#breadcrumb"},"inLanguage":"en-US","potentialAction":[{"@type":"ReadAction","target":["https:\/\/www.organisator.ch\/sustainability\/2021-06-03\/atos-tritt-green-lab-initiative-in-bern-bei\/"]}]},{"@type":"ImageObject","inLanguage":"en-US","@id":"https:\/\/www.organisator.ch\/sustainability\/2021-06-03\/atos-tritt-green-lab-initiative-in-bern-bei\/#primaryimage","url":"https:\/\/www.organisator.ch\/wp-content\/uploads\/2021\/06\/Depositphotos_6857682_s-2019.jpg","contentUrl":"https:\/\/www.organisator.ch\/wp-content\/uploads\/2021\/06\/Depositphotos_6857682_s-2019.jpg","width":1000,"height":667,"caption":"\u00a9 Depositphotos, alexraths"},{"@type":"BreadcrumbList","@id":"https:\/\/www.organisator.ch\/sustainability\/2021-06-03\/atos-tritt-green-lab-initiative-in-bern-bei\/#breadcrumb","itemListElement":[{"@type":"ListItem","position":1,"name":"Home","item":"https:\/\/www.organisator.ch\/"},{"@type":"ListItem","position":2,"name":"Atos tritt Green-Lab-Initiative in Bern bei"}]},{"@type":"WebSite","@id":"https:\/\/www.organisator.ch\/#website","url":"https:\/\/www.organisator.ch\/","name":"Organizer","description":"Competent. Practical. In 10 issues per year, ORGANISATOR presents the essential topics for managers of SMEs.","publisher":{"@id":"https:\/\/www.organisator.ch\/#organization"},"potentialAction":[{"@type":"SearchAction","target":{"@type":"EntryPoint","urlTemplate":"https:\/\/www.organisator.ch\/?s={search_term_string}"},"query-input":{"@type":"PropertyValueSpecification","valueRequired":true,"valueName":"search_term_string"}}],"inLanguage":"en-US"},{"@type":"Organization","@id":"https:\/\/www.organisator.ch\/#organization","name":"Organizer","url":"https:\/\/www.organisator.ch\/","logo":{"@type":"ImageObject","inLanguage":"en-US","@id":"https:\/\/www.organisator.ch\/#\/schema\/logo\/image\/","url":"https:\/\/www.organisator.ch\/wp-content\/uploads\/2022\/01\/Logo_Organisator_Website.png","contentUrl":"https:\/\/www.organisator.ch\/wp-content\/uploads\/2022\/01\/Logo_Organisator_Website.png","width":800,"height":77,"caption":"Organisator"},"image":{"@id":"https:\/\/www.organisator.ch\/#\/schema\/logo\/image\/"},"sameAs":["https:\/\/www.facebook.com\/OrganisatorFachmagazin","https:\/\/www.linkedin.com\/showcase\/organisator-das-magazin-fr-kmu","https:\/\/www.xing.com\/news\/pages\/organisator-ch-695","https:\/\/www.youtube.com\/channel\/UCGP2Sq0iWaZwT3BdIAQFYpw"]},{"@type":"Person","@id":"https:\/\/www.organisator.ch\/#\/schema\/person\/a800b8c54e208b160517a7dcc323161d","name":"roger.straessle","image":{"@type":"ImageObject","inLanguage":"en-US","@id":"https:\/\/secure.gravatar.com\/avatar\/?s=96&d=mm&r=g","url":"https:\/\/secure.gravatar.com\/avatar\/?s=96&d=mm&r=g","contentUrl":"https:\/\/secure.gravatar.com\/avatar\/?s=96&d=mm&r=g","caption":"roger.straessle"},"url":"https:\/\/www.organisator.ch\/en\/author\/roger-straessle\/"}]}},"_links":{"self":[{"href":"https:\/\/www.organisator.ch\/en\/wp-json\/wp\/v2\/posts\/10286","targetHints":{"allow":["GET"]}}],"collection":[{"href":"https:\/\/www.organisator.ch\/en\/wp-json\/wp\/v2\/posts"}],"about":[{"href":"https:\/\/www.organisator.ch\/en\/wp-json\/wp\/v2\/types\/post"}],"author":[{"embeddable":true,"href":"https:\/\/www.organisator.ch\/en\/wp-json\/wp\/v2\/users\/6"}],"replies":[{"embeddable":true,"href":"https:\/\/www.organisator.ch\/en\/wp-json\/wp\/v2\/comments?post=10286"}],"version-history":[{"count":1,"href":"https:\/\/www.organisator.ch\/en\/wp-json\/wp\/v2\/posts\/10286\/revisions"}],"predecessor-version":[{"id":10478,"href":"https:\/\/www.organisator.ch\/en\/wp-json\/wp\/v2\/posts\/10286\/revisions\/10478"}],"wp:featuredmedia":[{"embeddable":true,"href":"https:\/\/www.organisator.ch\/en\/wp-json\/wp\/v2\/media\/9801"}],"wp:attachment":[{"href":"https:\/\/www.organisator.ch\/en\/wp-json\/wp\/v2\/media?parent=10286"}],"wp:term":[{"taxonomy":"category","embeddable":true,"href":"https:\/\/www.organisator.ch\/en\/wp-json\/wp\/v2\/categories?post=10286"},{"taxonomy":"post_tag","embeddable":true,"href":"https:\/\/www.organisator.ch\/en\/wp-json\/wp\/v2\/tags?post=10286"}],"curies":[{"name":"wp","href":"https:\/\/api.w.org\/{rel}","templated":true}]}}