{"id":10297,"date":"2021-06-29T07:35:56","date_gmt":"2021-06-29T05:35:56","guid":{"rendered":"https:\/\/www.umweltperspektiven.ch\/?p=4456"},"modified":"2022-02-09T11:05:29","modified_gmt":"2022-02-09T10:05:29","slug":"mineralische-und-metallische-abfaelle-neue-kooperation","status":"publish","type":"post","link":"https:\/\/www.organisator.ch\/en\/sustainability\/2021-06-29\/mineralische-und-metallische-abfaelle-neue-kooperation\/","title":{"rendered":"Mineral and metallic waste: New cooperation"},"content":{"rendered":"<p><img loading=\"lazy\" decoding=\"async\" class=\"size-medium wp-image-4457 aligncenter\" src=\"\/\/www.umweltperspektiven.ch\/wp-content\/uploads\/2021\/06\/Depositphotos_151248194_s-2019.jpg\" alt=\"Selfrag\" width=\"680\" height=\"454\" srcset=\"https:\/\/www.organisator.ch\/wp-content\/uploads\/2021\/06\/Depositphotos_151248194_s-2019.jpg 999w, https:\/\/www.organisator.ch\/wp-content\/uploads\/2021\/06\/Depositphotos_151248194_s-2019-680x454.jpg 680w, https:\/\/www.organisator.ch\/wp-content\/uploads\/2021\/06\/Depositphotos_151248194_s-2019-768x513.jpg 768w, https:\/\/www.organisator.ch\/wp-content\/uploads\/2021\/06\/Depositphotos_151248194_s-2019-18x12.jpg 18w, https:\/\/www.organisator.ch\/wp-content\/uploads\/2021\/06\/Depositphotos_151248194_s-2019-262x175.jpg 262w, https:\/\/www.organisator.ch\/wp-content\/uploads\/2021\/06\/Depositphotos_151248194_s-2019-524x350.jpg 524w, https:\/\/www.organisator.ch\/wp-content\/uploads\/2021\/06\/Depositphotos_151248194_s-2019-920x614.jpg 920w, https:\/\/www.organisator.ch\/wp-content\/uploads\/2021\/06\/Depositphotos_151248194_s-2019-300x200.jpg 300w\" sizes=\"auto, (max-width: 680px) 100vw, 680px\" \/><\/p>\n<p>Selfrag specializes in the industrialization of systems for the recovery of solids by means of electrodynamic fragmentation. In this process, mixed materials such as electronic scrap, slag or rock are separated into their individual components by means of high-voltage pulses. This environmentally friendly method is used, for example, in the cement industry, in mining, and in the processing and recycling of residues from refuse incineration. The potential of this method will be further developed in the future with the Institute for Biomass and Resource Efficiency at the University of Applied Sciences Northwestern Switzerland (FHNW), the company said.<\/p>\n<h2><strong>Joint research projects<\/strong><\/h2>\n<p>Long-term cooperation is planned, he said, with joint research projects on the recycling of mineral and metallic waste. \"With our technology, valuable raw materials are obtained from waste slag for recycling. In cooperation with the FHNW, we want to further develop this environmentally friendly waste recycling and thus strengthen the circular economy,\" explains Anton Affentranger, Chairman of Selfrag.<\/p>\n<p>\"We accompany companies with our competencies in the field of circular economy in the development of a technical innovation until it is ready for the market,\" explains <a href=\"\/\/www.fhnw.ch\/de\/personen\/petar-mandaliev\">Petar Mandaliev<\/a>, lecturer in resource efficiency at FHNW. \"Selfrag's sustainable goals coincide with the values of our university.\"<\/p>\n<p><em>Source: <a href=\"\/\/www.selfrag.com\/\">Selfrag<\/a><\/em><\/p>\n<p>&nbsp;<\/p>\n<p><em><strong>Other topics:<\/strong>\u00a0<\/em><\/p>\n<p><a href=\"\/\/www.umweltperspektiven.ch\/mischabbruch-im-kreislauf-eine-innovation\/\"><em>Mixed demolition in a cycle - an innovation<\/em><\/a><\/p>\n<p>&nbsp;<\/p>","protected":false},"excerpt":{"rendered":"<p>Selfrag ist spezialisiert in der Industrialisierung von Systemen f\u00fcr die R\u00fcckgewinnung von Feststoffen mittels elektrodynamischer Fragmentierung. Dabei werden gemischte Materialien wie zum Beispiel Elektroschrott, Schlacke oder Gestein durch Hochspannungsimpulse in ihre einzelnen Komponenten aufgetrennt. Diese umweltschonende Methode findet u.a. in der Zementindustrie, im Bergbau sowie in der Aufbereitung und dem Recycling von R\u00fcckst\u00e4nden aus der [&hellip;]<\/p>\n","protected":false},"author":6,"featured_media":4457,"comment_status":"closed","ping_status":"closed","sticky":false,"template":"","format":"standard","meta":{"_acf_changed":false,"_yoast_wpseo_focuskw":"Selfrag","_yoast_wpseo_metadesc":"Das Unternehmen Selfrag mit Sitz in Kerzers und die Hochschule f\u00fcr Technik FHNW starten eine langfristige Forschungs- und Dienstleistungszusammenarbeit.","articlekey":"","footnotes":""},"categories":[580],"tags":[1034,1168,1428,2009,2105],"class_list":["post-10297","post","type-post","status-publish","format-standard","has-post-thumbnail","hentry","category-sustainability","tag-elektrodynamische-fragmentierung","tag-fhnw","tag-institut-fuer-biomasse-und-ressourceneffizienz","tag-ressourceneffizienz","tag-selfrag"],"acf":[],"yoast_head":"<!-- This site is optimized with the Yoast SEO plugin v27.5 - https:\/\/yoast.com\/product\/yoast-seo-wordpress\/ -->\n<title>%%Kooperation%<\/title>\n<meta name=\"description\" content=\"Das Unternehmen Selfrag mit Sitz in Kerzers und die Hochschule f\u00fcr Technik FHNW starten eine langfristige Forschungs- und Dienstleistungszusammenarbeit.\" \/>\n<meta name=\"robots\" content=\"index, follow, max-snippet:-1, max-image-preview:large, max-video-preview:-1\" \/>\n<link rel=\"canonical\" href=\"https:\/\/www.organisator.ch\/en\/sustainability\/2021-06-29\/mineralische-und-metallische-abfaelle-neue-kooperation\/\" \/>\n<meta property=\"og:locale\" content=\"en_US\" \/>\n<meta property=\"og:type\" content=\"article\" \/>\n<meta property=\"og:title\" content=\"%%Kooperation%\" \/>\n<meta property=\"og:description\" content=\"Das Unternehmen Selfrag mit Sitz in Kerzers und die Hochschule f\u00fcr Technik FHNW starten eine langfristige Forschungs- und Dienstleistungszusammenarbeit.\" \/>\n<meta property=\"og:url\" content=\"https:\/\/www.organisator.ch\/en\/sustainability\/2021-06-29\/mineralische-und-metallische-abfaelle-neue-kooperation\/\" \/>\n<meta property=\"og:site_name\" content=\"Organisator\" \/>\n<meta property=\"article:publisher\" content=\"https:\/\/www.facebook.com\/OrganisatorFachmagazin\" \/>\n<meta property=\"article:published_time\" content=\"2021-06-29T05:35:56+00:00\" \/>\n<meta property=\"article:modified_time\" content=\"2022-02-09T10:05:29+00:00\" \/>\n<meta property=\"og:image\" content=\"https:\/\/www.organisator.ch\/wp-content\/uploads\/2021\/06\/Depositphotos_151248194_s-2019.jpg\" \/>\n\t<meta property=\"og:image:width\" content=\"999\" \/>\n\t<meta property=\"og:image:height\" content=\"667\" \/>\n\t<meta property=\"og:image:type\" content=\"image\/jpeg\" \/>\n<meta name=\"author\" content=\"roger.straessle\" \/>\n<meta name=\"twitter:card\" content=\"summary_large_image\" \/>\n<script type=\"application\/ld+json\" class=\"yoast-schema-graph\">{\"@context\":\"https:\\\/\\\/schema.org\",\"@graph\":[{\"@type\":\"Article\",\"@id\":\"https:\\\/\\\/www.organisator.ch\\\/sustainability\\\/2021-06-29\\\/mineralische-und-metallische-abfaelle-neue-kooperation\\\/#article\",\"isPartOf\":{\"@id\":\"https:\\\/\\\/www.organisator.ch\\\/sustainability\\\/2021-06-29\\\/mineralische-und-metallische-abfaelle-neue-kooperation\\\/\"},\"author\":{\"name\":\"roger.straessle\",\"@id\":\"https:\\\/\\\/www.organisator.ch\\\/#\\\/schema\\\/person\\\/a800b8c54e208b160517a7dcc323161d\"},\"headline\":\"Mineralische und metallische Abf\u00e4lle: Neue Kooperation\",\"datePublished\":\"2021-06-29T05:35:56+00:00\",\"dateModified\":\"2022-02-09T10:05:29+00:00\",\"mainEntityOfPage\":{\"@id\":\"https:\\\/\\\/www.organisator.ch\\\/sustainability\\\/2021-06-29\\\/mineralische-und-metallische-abfaelle-neue-kooperation\\\/\"},\"wordCount\":205,\"publisher\":{\"@id\":\"https:\\\/\\\/www.organisator.ch\\\/#organization\"},\"image\":{\"@id\":\"https:\\\/\\\/www.organisator.ch\\\/sustainability\\\/2021-06-29\\\/mineralische-und-metallische-abfaelle-neue-kooperation\\\/#primaryimage\"},\"thumbnailUrl\":\"https:\\\/\\\/www.organisator.ch\\\/wp-content\\\/uploads\\\/2021\\\/06\\\/Depositphotos_151248194_s-2019.jpg\",\"keywords\":[\"elektrodynamische Fragmentierung\",\"FHNW\",\"Institut f\u00fcr Biomasse und Ressourceneffizienz\",\"Ressourceneffizienz\",\"Selfrag\"],\"articleSection\":[\"SUSTAINABILITY\"],\"inLanguage\":\"en-US\"},{\"@type\":\"WebPage\",\"@id\":\"https:\\\/\\\/www.organisator.ch\\\/sustainability\\\/2021-06-29\\\/mineralische-und-metallische-abfaelle-neue-kooperation\\\/\",\"url\":\"https:\\\/\\\/www.organisator.ch\\\/sustainability\\\/2021-06-29\\\/mineralische-und-metallische-abfaelle-neue-kooperation\\\/\",\"name\":\"%%Kooperation%\",\"isPartOf\":{\"@id\":\"https:\\\/\\\/www.organisator.ch\\\/#website\"},\"primaryImageOfPage\":{\"@id\":\"https:\\\/\\\/www.organisator.ch\\\/sustainability\\\/2021-06-29\\\/mineralische-und-metallische-abfaelle-neue-kooperation\\\/#primaryimage\"},\"image\":{\"@id\":\"https:\\\/\\\/www.organisator.ch\\\/sustainability\\\/2021-06-29\\\/mineralische-und-metallische-abfaelle-neue-kooperation\\\/#primaryimage\"},\"thumbnailUrl\":\"https:\\\/\\\/www.organisator.ch\\\/wp-content\\\/uploads\\\/2021\\\/06\\\/Depositphotos_151248194_s-2019.jpg\",\"datePublished\":\"2021-06-29T05:35:56+00:00\",\"dateModified\":\"2022-02-09T10:05:29+00:00\",\"description\":\"Das Unternehmen Selfrag mit Sitz in Kerzers und die Hochschule f\u00fcr Technik FHNW starten eine langfristige Forschungs- und Dienstleistungszusammenarbeit.\",\"breadcrumb\":{\"@id\":\"https:\\\/\\\/www.organisator.ch\\\/sustainability\\\/2021-06-29\\\/mineralische-und-metallische-abfaelle-neue-kooperation\\\/#breadcrumb\"},\"inLanguage\":\"en-US\",\"potentialAction\":[{\"@type\":\"ReadAction\",\"target\":[\"https:\\\/\\\/www.organisator.ch\\\/sustainability\\\/2021-06-29\\\/mineralische-und-metallische-abfaelle-neue-kooperation\\\/\"]}]},{\"@type\":\"ImageObject\",\"inLanguage\":\"en-US\",\"@id\":\"https:\\\/\\\/www.organisator.ch\\\/sustainability\\\/2021-06-29\\\/mineralische-und-metallische-abfaelle-neue-kooperation\\\/#primaryimage\",\"url\":\"https:\\\/\\\/www.organisator.ch\\\/wp-content\\\/uploads\\\/2021\\\/06\\\/Depositphotos_151248194_s-2019.jpg\",\"contentUrl\":\"https:\\\/\\\/www.organisator.ch\\\/wp-content\\\/uploads\\\/2021\\\/06\\\/Depositphotos_151248194_s-2019.jpg\",\"width\":999,\"height\":667,\"caption\":\"Selfrag\"},{\"@type\":\"BreadcrumbList\",\"@id\":\"https:\\\/\\\/www.organisator.ch\\\/sustainability\\\/2021-06-29\\\/mineralische-und-metallische-abfaelle-neue-kooperation\\\/#breadcrumb\",\"itemListElement\":[{\"@type\":\"ListItem\",\"position\":1,\"name\":\"Home\",\"item\":\"https:\\\/\\\/www.organisator.ch\\\/\"},{\"@type\":\"ListItem\",\"position\":2,\"name\":\"Mineralische und metallische Abf\u00e4lle: Neue Kooperation\"}]},{\"@type\":\"WebSite\",\"@id\":\"https:\\\/\\\/www.organisator.ch\\\/#website\",\"url\":\"https:\\\/\\\/www.organisator.ch\\\/\",\"name\":\"Organisator\",\"description\":\"Kompetent. Praxisnah. Der ORGANISATOR bereitet in 10 Ausgaben pro Jahr die wesentlichen Themen f\u00fcr F\u00fchrungskr\u00e4fte von KMU auf.\",\"publisher\":{\"@id\":\"https:\\\/\\\/www.organisator.ch\\\/#organization\"},\"potentialAction\":[{\"@type\":\"SearchAction\",\"target\":{\"@type\":\"EntryPoint\",\"urlTemplate\":\"https:\\\/\\\/www.organisator.ch\\\/?s={search_term_string}\"},\"query-input\":{\"@type\":\"PropertyValueSpecification\",\"valueRequired\":true,\"valueName\":\"search_term_string\"}}],\"inLanguage\":\"en-US\"},{\"@type\":\"Organization\",\"@id\":\"https:\\\/\\\/www.organisator.ch\\\/#organization\",\"name\":\"Organisator\",\"url\":\"https:\\\/\\\/www.organisator.ch\\\/\",\"logo\":{\"@type\":\"ImageObject\",\"inLanguage\":\"en-US\",\"@id\":\"https:\\\/\\\/www.organisator.ch\\\/#\\\/schema\\\/logo\\\/image\\\/\",\"url\":\"https:\\\/\\\/www.organisator.ch\\\/wp-content\\\/uploads\\\/2022\\\/01\\\/Logo_Organisator_Website.png\",\"contentUrl\":\"https:\\\/\\\/www.organisator.ch\\\/wp-content\\\/uploads\\\/2022\\\/01\\\/Logo_Organisator_Website.png\",\"width\":800,\"height\":77,\"caption\":\"Organisator\"},\"image\":{\"@id\":\"https:\\\/\\\/www.organisator.ch\\\/#\\\/schema\\\/logo\\\/image\\\/\"},\"sameAs\":[\"https:\\\/\\\/www.facebook.com\\\/OrganisatorFachmagazin\",\"https:\\\/\\\/www.linkedin.com\\\/showcase\\\/organisator-das-magazin-fr-kmu\",\"https:\\\/\\\/www.xing.com\\\/news\\\/pages\\\/organisator-ch-695\",\"https:\\\/\\\/www.youtube.com\\\/channel\\\/UCGP2Sq0iWaZwT3BdIAQFYpw\"]},{\"@type\":\"Person\",\"@id\":\"https:\\\/\\\/www.organisator.ch\\\/#\\\/schema\\\/person\\\/a800b8c54e208b160517a7dcc323161d\",\"name\":\"roger.straessle\",\"image\":{\"@type\":\"ImageObject\",\"inLanguage\":\"en-US\",\"@id\":\"https:\\\/\\\/secure.gravatar.com\\\/avatar\\\/?s=96&d=mm&r=g\",\"url\":\"https:\\\/\\\/secure.gravatar.com\\\/avatar\\\/?s=96&d=mm&r=g\",\"contentUrl\":\"https:\\\/\\\/secure.gravatar.com\\\/avatar\\\/?s=96&d=mm&r=g\",\"caption\":\"roger.straessle\"},\"url\":\"https:\\\/\\\/www.organisator.ch\\\/en\\\/author\\\/roger-straessle\\\/\"}]}<\/script>\n<!-- \/ Yoast SEO plugin. -->","yoast_head_json":{"title":"%%Cooperation%","description":"The Kerzers-based company Selfrag and the FHNW School of Engineering are launching a long-term research and service collaboration.","robots":{"index":"index","follow":"follow","max-snippet":"max-snippet:-1","max-image-preview":"max-image-preview:large","max-video-preview":"max-video-preview:-1"},"canonical":"https:\/\/www.organisator.ch\/en\/sustainability\/2021-06-29\/mineralische-und-metallische-abfaelle-neue-kooperation\/","og_locale":"en_US","og_type":"article","og_title":"%%Kooperation%","og_description":"Das Unternehmen Selfrag mit Sitz in Kerzers und die Hochschule f\u00fcr Technik FHNW starten eine langfristige Forschungs- und Dienstleistungszusammenarbeit.","og_url":"https:\/\/www.organisator.ch\/en\/sustainability\/2021-06-29\/mineralische-und-metallische-abfaelle-neue-kooperation\/","og_site_name":"Organisator","article_publisher":"https:\/\/www.facebook.com\/OrganisatorFachmagazin","article_published_time":"2021-06-29T05:35:56+00:00","article_modified_time":"2022-02-09T10:05:29+00:00","og_image":[{"width":999,"height":667,"url":"https:\/\/www.organisator.ch\/wp-content\/uploads\/2021\/06\/Depositphotos_151248194_s-2019.jpg","type":"image\/jpeg"}],"author":"roger.straessle","twitter_card":"summary_large_image","schema":{"@context":"https:\/\/schema.org","@graph":[{"@type":"Article","@id":"https:\/\/www.organisator.ch\/sustainability\/2021-06-29\/mineralische-und-metallische-abfaelle-neue-kooperation\/#article","isPartOf":{"@id":"https:\/\/www.organisator.ch\/sustainability\/2021-06-29\/mineralische-und-metallische-abfaelle-neue-kooperation\/"},"author":{"name":"roger.straessle","@id":"https:\/\/www.organisator.ch\/#\/schema\/person\/a800b8c54e208b160517a7dcc323161d"},"headline":"Mineralische und metallische Abf\u00e4lle: Neue Kooperation","datePublished":"2021-06-29T05:35:56+00:00","dateModified":"2022-02-09T10:05:29+00:00","mainEntityOfPage":{"@id":"https:\/\/www.organisator.ch\/sustainability\/2021-06-29\/mineralische-und-metallische-abfaelle-neue-kooperation\/"},"wordCount":205,"publisher":{"@id":"https:\/\/www.organisator.ch\/#organization"},"image":{"@id":"https:\/\/www.organisator.ch\/sustainability\/2021-06-29\/mineralische-und-metallische-abfaelle-neue-kooperation\/#primaryimage"},"thumbnailUrl":"https:\/\/www.organisator.ch\/wp-content\/uploads\/2021\/06\/Depositphotos_151248194_s-2019.jpg","keywords":["elektrodynamische Fragmentierung","FHNW","Institut f\u00fcr Biomasse und Ressourceneffizienz","Ressourceneffizienz","Selfrag"],"articleSection":["SUSTAINABILITY"],"inLanguage":"en-US"},{"@type":"WebPage","@id":"https:\/\/www.organisator.ch\/sustainability\/2021-06-29\/mineralische-und-metallische-abfaelle-neue-kooperation\/","url":"https:\/\/www.organisator.ch\/sustainability\/2021-06-29\/mineralische-und-metallische-abfaelle-neue-kooperation\/","name":"%%Cooperation%","isPartOf":{"@id":"https:\/\/www.organisator.ch\/#website"},"primaryImageOfPage":{"@id":"https:\/\/www.organisator.ch\/sustainability\/2021-06-29\/mineralische-und-metallische-abfaelle-neue-kooperation\/#primaryimage"},"image":{"@id":"https:\/\/www.organisator.ch\/sustainability\/2021-06-29\/mineralische-und-metallische-abfaelle-neue-kooperation\/#primaryimage"},"thumbnailUrl":"https:\/\/www.organisator.ch\/wp-content\/uploads\/2021\/06\/Depositphotos_151248194_s-2019.jpg","datePublished":"2021-06-29T05:35:56+00:00","dateModified":"2022-02-09T10:05:29+00:00","description":"The Kerzers-based company Selfrag and the FHNW School of Engineering are launching a long-term research and service collaboration.","breadcrumb":{"@id":"https:\/\/www.organisator.ch\/sustainability\/2021-06-29\/mineralische-und-metallische-abfaelle-neue-kooperation\/#breadcrumb"},"inLanguage":"en-US","potentialAction":[{"@type":"ReadAction","target":["https:\/\/www.organisator.ch\/sustainability\/2021-06-29\/mineralische-und-metallische-abfaelle-neue-kooperation\/"]}]},{"@type":"ImageObject","inLanguage":"en-US","@id":"https:\/\/www.organisator.ch\/sustainability\/2021-06-29\/mineralische-und-metallische-abfaelle-neue-kooperation\/#primaryimage","url":"https:\/\/www.organisator.ch\/wp-content\/uploads\/2021\/06\/Depositphotos_151248194_s-2019.jpg","contentUrl":"https:\/\/www.organisator.ch\/wp-content\/uploads\/2021\/06\/Depositphotos_151248194_s-2019.jpg","width":999,"height":667,"caption":"Selfrag"},{"@type":"BreadcrumbList","@id":"https:\/\/www.organisator.ch\/sustainability\/2021-06-29\/mineralische-und-metallische-abfaelle-neue-kooperation\/#breadcrumb","itemListElement":[{"@type":"ListItem","position":1,"name":"Home","item":"https:\/\/www.organisator.ch\/"},{"@type":"ListItem","position":2,"name":"Mineralische und metallische Abf\u00e4lle: Neue Kooperation"}]},{"@type":"WebSite","@id":"https:\/\/www.organisator.ch\/#website","url":"https:\/\/www.organisator.ch\/","name":"Organizer","description":"Competent. Practical. In 10 issues per year, ORGANISATOR presents the essential topics for managers of SMEs.","publisher":{"@id":"https:\/\/www.organisator.ch\/#organization"},"potentialAction":[{"@type":"SearchAction","target":{"@type":"EntryPoint","urlTemplate":"https:\/\/www.organisator.ch\/?s={search_term_string}"},"query-input":{"@type":"PropertyValueSpecification","valueRequired":true,"valueName":"search_term_string"}}],"inLanguage":"en-US"},{"@type":"Organization","@id":"https:\/\/www.organisator.ch\/#organization","name":"Organizer","url":"https:\/\/www.organisator.ch\/","logo":{"@type":"ImageObject","inLanguage":"en-US","@id":"https:\/\/www.organisator.ch\/#\/schema\/logo\/image\/","url":"https:\/\/www.organisator.ch\/wp-content\/uploads\/2022\/01\/Logo_Organisator_Website.png","contentUrl":"https:\/\/www.organisator.ch\/wp-content\/uploads\/2022\/01\/Logo_Organisator_Website.png","width":800,"height":77,"caption":"Organisator"},"image":{"@id":"https:\/\/www.organisator.ch\/#\/schema\/logo\/image\/"},"sameAs":["https:\/\/www.facebook.com\/OrganisatorFachmagazin","https:\/\/www.linkedin.com\/showcase\/organisator-das-magazin-fr-kmu","https:\/\/www.xing.com\/news\/pages\/organisator-ch-695","https:\/\/www.youtube.com\/channel\/UCGP2Sq0iWaZwT3BdIAQFYpw"]},{"@type":"Person","@id":"https:\/\/www.organisator.ch\/#\/schema\/person\/a800b8c54e208b160517a7dcc323161d","name":"roger.straessle","image":{"@type":"ImageObject","inLanguage":"en-US","@id":"https:\/\/secure.gravatar.com\/avatar\/?s=96&d=mm&r=g","url":"https:\/\/secure.gravatar.com\/avatar\/?s=96&d=mm&r=g","contentUrl":"https:\/\/secure.gravatar.com\/avatar\/?s=96&d=mm&r=g","caption":"roger.straessle"},"url":"https:\/\/www.organisator.ch\/en\/author\/roger-straessle\/"}]}},"_links":{"self":[{"href":"https:\/\/www.organisator.ch\/en\/wp-json\/wp\/v2\/posts\/10297","targetHints":{"allow":["GET"]}}],"collection":[{"href":"https:\/\/www.organisator.ch\/en\/wp-json\/wp\/v2\/posts"}],"about":[{"href":"https:\/\/www.organisator.ch\/en\/wp-json\/wp\/v2\/types\/post"}],"author":[{"embeddable":true,"href":"https:\/\/www.organisator.ch\/en\/wp-json\/wp\/v2\/users\/6"}],"replies":[{"embeddable":true,"href":"https:\/\/www.organisator.ch\/en\/wp-json\/wp\/v2\/comments?post=10297"}],"version-history":[{"count":1,"href":"https:\/\/www.organisator.ch\/en\/wp-json\/wp\/v2\/posts\/10297\/revisions"}],"predecessor-version":[{"id":10360,"href":"https:\/\/www.organisator.ch\/en\/wp-json\/wp\/v2\/posts\/10297\/revisions\/10360"}],"wp:featuredmedia":[{"embeddable":true,"href":"https:\/\/www.organisator.ch\/en\/wp-json\/wp\/v2\/media\/4457"}],"wp:attachment":[{"href":"https:\/\/www.organisator.ch\/en\/wp-json\/wp\/v2\/media?parent=10297"}],"wp:term":[{"taxonomy":"category","embeddable":true,"href":"https:\/\/www.organisator.ch\/en\/wp-json\/wp\/v2\/categories?post=10297"},{"taxonomy":"post_tag","embeddable":true,"href":"https:\/\/www.organisator.ch\/en\/wp-json\/wp\/v2\/tags?post=10297"}],"curies":[{"name":"wp","href":"https:\/\/api.w.org\/{rel}","templated":true}]}}