{"id":10299,"date":"2021-07-02T15:54:44","date_gmt":"2021-07-02T13:54:44","guid":{"rendered":"https:\/\/www.umweltperspektiven.ch\/?p=4522"},"modified":"2022-02-09T11:05:29","modified_gmt":"2022-02-09T10:05:29","slug":"herausforderung-sonderabfall","status":"publish","type":"post","link":"https:\/\/www.organisator.ch\/en\/sustainability\/2021-07-02\/herausforderung-sonderabfall\/","title":{"rendered":"Hazardous waste challenge"},"content":{"rendered":"<figure id=\"attachment_4523\" aria-describedby=\"caption-attachment-4523\" style=\"width: 680px\" class=\"wp-caption alignnone\"><img loading=\"lazy\" decoding=\"async\" class=\"wp-image-4523 size-medium\" src=\"\/\/www.umweltperspektiven.ch\/wp-content\/uploads\/2021\/07\/D81_4908-bearb.jpg\" alt=\"Hazardous waste\" width=\"680\" height=\"454\" \/><figcaption id=\"caption-attachment-4523\" class=\"wp-caption-text\">\u00a9 zVg<\/figcaption><\/figure>\n<p>At the beginning of June, almost a hundred interested people visited the <a href=\"\/\/www.ecoserve.ch\/aktuelles\/sonderabfalltag\">18th Swiss Hazardous Waste Day<\/a> in Olten. Fifty more people joined via the virtual route, who were able to gain information and ask their questions. The hybrid event was also simultaneously translated for the second time for the French-speaking colleagues.<\/p>\n<h2><strong>Practice and enforcement<\/strong><\/h2>\n<p>The complex interrelationships between waste and hazardous goods law are a challenge for many companies in everyday life. Martin H\u00e4fliger from the company Encoma-OSH GmbH clearly showed the obligations of the parties involved. Contrary to the opinion of many sender companies, responsibility and liability cannot be delegated by obtaining external support. These include: identifying the waste, labeling it, preparing the consignment bill, and, if necessary, the classification of hazardous materials and the associated obligations. In addition, there are often deficiencies in the measures related to occupational safety. Acquiring the necessary expertise and investing in competent support is worthwhile.<\/p>\n<p>For the implementation of the regulations in the medical field, a revised guideline will be published soon. Rita Barros from the Federal Office for the Environment (Bafu) presented the updated document. The new structure of the guide, the summary of all decrees from occupational safety, biosafety, hazardous goods and waste law should serve as a practical aid for those responsible in hospitals and institutions. Often, waste with a risk of contamination is classified as infectious, or hazardous waste is mixed or diluted, which is not permitted. The publication at the end of 2021 is intended to prevent such errors in the future.<\/p>\n<h2><strong>\u00a0<\/strong><strong>State of the art and development<\/strong><\/h2>\n<p>The amendment of the Water Protection Act and Ordinance puts the issue of micropollutants in the spotlight more than ever. Luca Rossi from the VSA (Association of Swiss Wastewater and Water Pollution Control Professionals) showed which wastewater treatment plants should be upgraded with additional installations to efficiently remove pharmaceutical residues from wastewater. The technical possibilities pose different financial and spatial requirements. In principle, according to the speaker, it is advantageous to tackle the problem at the source.<\/p>\n<p>Ralf K\u00e4gi of Eawag and his team are investigating the persistence and hazard of nanoparticles in residues from wastewater treatment and incineration plants. The results of their investigations over several years show that the nanoparticles were transformed into harmless forms during the relevant treatment and combustion processes.<\/p>\n<p>The situation was different 30 years ago with asbestos, when it was recognized that these fibers posed a strong health risk. Walter Hiltpold of Carbotech AG is an expert in this field. Because of the latency period between exposure and disease, he said, three decades after the ban on asbestos, we are in the ascending peak of asbestos deaths. Today, the fibers are entering the environment due to the renovations of old buildings that are taking place. According to the speaker, the legal requirements make the building owner and the construction workers responsible and thus ensure that the hazards are identified and remediation measures are initiated.<\/p>\n<p><strong>Topics of the patron partners SVUT and SENS<\/strong><\/p>\n<p>Interesting contributions on electromobility and the recovery of refrigerants and propellants were presented by the patron partners SVUT and SENS.<\/p>\n<p>All presentations and impressions of the event are available on the website <a href=\"\/\/www.ecoserve.ch\">www.ecoserve.ch<\/a> to find.<\/p>\n<p><em>The next hazardous waste day is scheduled for Tuesday, June 14, 2022.\u00a0<\/em><em>Proposals or input on papers may be sent to info@ecoserve.ch.<\/em><\/p>","protected":false},"excerpt":{"rendered":"<p>Knapp hundert Interessierte besuchten Anfang Juni den 18. Schweizer Sonderabfalltag in Olten. \u00dcber den virtuellen Weg kamen f\u00fcnfzig weitere Personen hinzu, welche Informationen gewinnen und ihre Fragen stellen konnten. Die Hybridveranstaltung wurde auch zum zweiten Mal f\u00fcr die franz\u00f6sischsprachigen Kollegen simultan \u00fcbersetzt. Praxis und Vollzug Die komplexen Zusammenh\u00e4nge zwischen Abfall- und Gefahrgutrecht sind im Alltag [&hellip;]<\/p>\n","protected":false},"author":6,"featured_media":9818,"comment_status":"closed","ping_status":"closed","sticky":false,"template":"","format":"standard","meta":{"_acf_changed":false,"_yoast_wpseo_focuskw":"Sonderabfall","_yoast_wpseo_metadesc":"","articlekey":"","footnotes":""},"categories":[580],"tags":[1017,2081,2154],"class_list":["post-10299","post","type-post","status-publish","format-standard","has-post-thumbnail","hentry","category-sustainability","tag-ecoserve","tag-schweizer-sonderabfalltag","tag-sonderabfall"],"acf":[],"yoast_head":"<!-- This site is optimized with the Yoast SEO plugin v27.5 - https:\/\/yoast.com\/product\/yoast-seo-wordpress\/ -->\n<title>Herausforderung Sonderabfall - Organisator<\/title>\n<meta name=\"robots\" content=\"index, follow, max-snippet:-1, max-image-preview:large, max-video-preview:-1\" \/>\n<link rel=\"canonical\" href=\"https:\/\/www.organisator.ch\/en\/sustainability\/2021-07-02\/herausforderung-sonderabfall\/\" \/>\n<meta property=\"og:locale\" content=\"en_US\" \/>\n<meta property=\"og:type\" content=\"article\" \/>\n<meta property=\"og:title\" content=\"Herausforderung Sonderabfall - Organisator\" \/>\n<meta property=\"og:description\" content=\"Knapp hundert Interessierte besuchten Anfang Juni den 18. Schweizer Sonderabfalltag in Olten. \u00dcber den virtuellen Weg kamen f\u00fcnfzig weitere Personen hinzu, welche Informationen gewinnen und ihre Fragen stellen konnten. Die Hybridveranstaltung wurde auch zum zweiten Mal f\u00fcr die franz\u00f6sischsprachigen Kollegen simultan \u00fcbersetzt. Praxis und Vollzug Die komplexen Zusammenh\u00e4nge zwischen Abfall- und Gefahrgutrecht sind im Alltag [&hellip;]\" \/>\n<meta property=\"og:url\" content=\"https:\/\/www.organisator.ch\/en\/sustainability\/2021-07-02\/herausforderung-sonderabfall\/\" \/>\n<meta property=\"og:site_name\" content=\"Organisator\" \/>\n<meta property=\"article:publisher\" content=\"https:\/\/www.facebook.com\/OrganisatorFachmagazin\" \/>\n<meta property=\"article:published_time\" content=\"2021-07-02T13:54:44+00:00\" \/>\n<meta property=\"article:modified_time\" content=\"2022-02-09T10:05:29+00:00\" \/>\n<meta property=\"og:image\" content=\"https:\/\/www.organisator.ch\/wp-content\/uploads\/2021\/07\/Depositphotos_257660642_s-2019.jpg\" \/>\n\t<meta property=\"og:image:width\" content=\"1000\" \/>\n\t<meta property=\"og:image:height\" content=\"667\" \/>\n\t<meta property=\"og:image:type\" content=\"image\/jpeg\" \/>\n<meta name=\"author\" content=\"roger.straessle\" \/>\n<meta name=\"twitter:card\" content=\"summary_large_image\" \/>\n<script type=\"application\/ld+json\" class=\"yoast-schema-graph\">{\"@context\":\"https:\\\/\\\/schema.org\",\"@graph\":[{\"@type\":\"Article\",\"@id\":\"https:\\\/\\\/www.organisator.ch\\\/sustainability\\\/2021-07-02\\\/herausforderung-sonderabfall\\\/#article\",\"isPartOf\":{\"@id\":\"https:\\\/\\\/www.organisator.ch\\\/sustainability\\\/2021-07-02\\\/herausforderung-sonderabfall\\\/\"},\"author\":{\"name\":\"roger.straessle\",\"@id\":\"https:\\\/\\\/www.organisator.ch\\\/#\\\/schema\\\/person\\\/a800b8c54e208b160517a7dcc323161d\"},\"headline\":\"Herausforderung Sonderabfall\",\"datePublished\":\"2021-07-02T13:54:44+00:00\",\"dateModified\":\"2022-02-09T10:05:29+00:00\",\"mainEntityOfPage\":{\"@id\":\"https:\\\/\\\/www.organisator.ch\\\/sustainability\\\/2021-07-02\\\/herausforderung-sonderabfall\\\/\"},\"wordCount\":540,\"publisher\":{\"@id\":\"https:\\\/\\\/www.organisator.ch\\\/#organization\"},\"image\":{\"@id\":\"https:\\\/\\\/www.organisator.ch\\\/sustainability\\\/2021-07-02\\\/herausforderung-sonderabfall\\\/#primaryimage\"},\"thumbnailUrl\":\"https:\\\/\\\/www.organisator.ch\\\/wp-content\\\/uploads\\\/2021\\\/07\\\/Depositphotos_257660642_s-2019.jpg\",\"keywords\":[\"Ecoserve\",\"Schweizer Sonderabfalltag\",\"Sonderabfall\"],\"articleSection\":[\"SUSTAINABILITY\"],\"inLanguage\":\"en-US\"},{\"@type\":\"WebPage\",\"@id\":\"https:\\\/\\\/www.organisator.ch\\\/sustainability\\\/2021-07-02\\\/herausforderung-sonderabfall\\\/\",\"url\":\"https:\\\/\\\/www.organisator.ch\\\/sustainability\\\/2021-07-02\\\/herausforderung-sonderabfall\\\/\",\"name\":\"Herausforderung Sonderabfall - Organisator\",\"isPartOf\":{\"@id\":\"https:\\\/\\\/www.organisator.ch\\\/#website\"},\"primaryImageOfPage\":{\"@id\":\"https:\\\/\\\/www.organisator.ch\\\/sustainability\\\/2021-07-02\\\/herausforderung-sonderabfall\\\/#primaryimage\"},\"image\":{\"@id\":\"https:\\\/\\\/www.organisator.ch\\\/sustainability\\\/2021-07-02\\\/herausforderung-sonderabfall\\\/#primaryimage\"},\"thumbnailUrl\":\"https:\\\/\\\/www.organisator.ch\\\/wp-content\\\/uploads\\\/2021\\\/07\\\/Depositphotos_257660642_s-2019.jpg\",\"datePublished\":\"2021-07-02T13:54:44+00:00\",\"dateModified\":\"2022-02-09T10:05:29+00:00\",\"breadcrumb\":{\"@id\":\"https:\\\/\\\/www.organisator.ch\\\/sustainability\\\/2021-07-02\\\/herausforderung-sonderabfall\\\/#breadcrumb\"},\"inLanguage\":\"en-US\",\"potentialAction\":[{\"@type\":\"ReadAction\",\"target\":[\"https:\\\/\\\/www.organisator.ch\\\/sustainability\\\/2021-07-02\\\/herausforderung-sonderabfall\\\/\"]}]},{\"@type\":\"ImageObject\",\"inLanguage\":\"en-US\",\"@id\":\"https:\\\/\\\/www.organisator.ch\\\/sustainability\\\/2021-07-02\\\/herausforderung-sonderabfall\\\/#primaryimage\",\"url\":\"https:\\\/\\\/www.organisator.ch\\\/wp-content\\\/uploads\\\/2021\\\/07\\\/Depositphotos_257660642_s-2019.jpg\",\"contentUrl\":\"https:\\\/\\\/www.organisator.ch\\\/wp-content\\\/uploads\\\/2021\\\/07\\\/Depositphotos_257660642_s-2019.jpg\",\"width\":1000,\"height\":667,\"caption\":\"\u00a9 Depositphotos, GrinPhoto\"},{\"@type\":\"BreadcrumbList\",\"@id\":\"https:\\\/\\\/www.organisator.ch\\\/sustainability\\\/2021-07-02\\\/herausforderung-sonderabfall\\\/#breadcrumb\",\"itemListElement\":[{\"@type\":\"ListItem\",\"position\":1,\"name\":\"Home\",\"item\":\"https:\\\/\\\/www.organisator.ch\\\/\"},{\"@type\":\"ListItem\",\"position\":2,\"name\":\"Herausforderung Sonderabfall\"}]},{\"@type\":\"WebSite\",\"@id\":\"https:\\\/\\\/www.organisator.ch\\\/#website\",\"url\":\"https:\\\/\\\/www.organisator.ch\\\/\",\"name\":\"Organisator\",\"description\":\"Kompetent. Praxisnah. Der ORGANISATOR bereitet in 10 Ausgaben pro Jahr die wesentlichen Themen f\u00fcr F\u00fchrungskr\u00e4fte von KMU auf.\",\"publisher\":{\"@id\":\"https:\\\/\\\/www.organisator.ch\\\/#organization\"},\"potentialAction\":[{\"@type\":\"SearchAction\",\"target\":{\"@type\":\"EntryPoint\",\"urlTemplate\":\"https:\\\/\\\/www.organisator.ch\\\/?s={search_term_string}\"},\"query-input\":{\"@type\":\"PropertyValueSpecification\",\"valueRequired\":true,\"valueName\":\"search_term_string\"}}],\"inLanguage\":\"en-US\"},{\"@type\":\"Organization\",\"@id\":\"https:\\\/\\\/www.organisator.ch\\\/#organization\",\"name\":\"Organisator\",\"url\":\"https:\\\/\\\/www.organisator.ch\\\/\",\"logo\":{\"@type\":\"ImageObject\",\"inLanguage\":\"en-US\",\"@id\":\"https:\\\/\\\/www.organisator.ch\\\/#\\\/schema\\\/logo\\\/image\\\/\",\"url\":\"https:\\\/\\\/www.organisator.ch\\\/wp-content\\\/uploads\\\/2022\\\/01\\\/Logo_Organisator_Website.png\",\"contentUrl\":\"https:\\\/\\\/www.organisator.ch\\\/wp-content\\\/uploads\\\/2022\\\/01\\\/Logo_Organisator_Website.png\",\"width\":800,\"height\":77,\"caption\":\"Organisator\"},\"image\":{\"@id\":\"https:\\\/\\\/www.organisator.ch\\\/#\\\/schema\\\/logo\\\/image\\\/\"},\"sameAs\":[\"https:\\\/\\\/www.facebook.com\\\/OrganisatorFachmagazin\",\"https:\\\/\\\/www.linkedin.com\\\/showcase\\\/organisator-das-magazin-fr-kmu\",\"https:\\\/\\\/www.xing.com\\\/news\\\/pages\\\/organisator-ch-695\",\"https:\\\/\\\/www.youtube.com\\\/channel\\\/UCGP2Sq0iWaZwT3BdIAQFYpw\"]},{\"@type\":\"Person\",\"@id\":\"https:\\\/\\\/www.organisator.ch\\\/#\\\/schema\\\/person\\\/a800b8c54e208b160517a7dcc323161d\",\"name\":\"roger.straessle\",\"image\":{\"@type\":\"ImageObject\",\"inLanguage\":\"en-US\",\"@id\":\"https:\\\/\\\/secure.gravatar.com\\\/avatar\\\/?s=96&d=mm&r=g\",\"url\":\"https:\\\/\\\/secure.gravatar.com\\\/avatar\\\/?s=96&d=mm&r=g\",\"contentUrl\":\"https:\\\/\\\/secure.gravatar.com\\\/avatar\\\/?s=96&d=mm&r=g\",\"caption\":\"roger.straessle\"},\"url\":\"https:\\\/\\\/www.organisator.ch\\\/en\\\/author\\\/roger-straessle\\\/\"}]}<\/script>\n<!-- \/ Yoast SEO plugin. -->","yoast_head_json":{"title":"Hazardous Waste Challenge - Organizer","robots":{"index":"index","follow":"follow","max-snippet":"max-snippet:-1","max-image-preview":"max-image-preview:large","max-video-preview":"max-video-preview:-1"},"canonical":"https:\/\/www.organisator.ch\/en\/sustainability\/2021-07-02\/herausforderung-sonderabfall\/","og_locale":"en_US","og_type":"article","og_title":"Herausforderung Sonderabfall - Organisator","og_description":"Knapp hundert Interessierte besuchten Anfang Juni den 18. Schweizer Sonderabfalltag in Olten. \u00dcber den virtuellen Weg kamen f\u00fcnfzig weitere Personen hinzu, welche Informationen gewinnen und ihre Fragen stellen konnten. Die Hybridveranstaltung wurde auch zum zweiten Mal f\u00fcr die franz\u00f6sischsprachigen Kollegen simultan \u00fcbersetzt. Praxis und Vollzug Die komplexen Zusammenh\u00e4nge zwischen Abfall- und Gefahrgutrecht sind im Alltag [&hellip;]","og_url":"https:\/\/www.organisator.ch\/en\/sustainability\/2021-07-02\/herausforderung-sonderabfall\/","og_site_name":"Organisator","article_publisher":"https:\/\/www.facebook.com\/OrganisatorFachmagazin","article_published_time":"2021-07-02T13:54:44+00:00","article_modified_time":"2022-02-09T10:05:29+00:00","og_image":[{"width":1000,"height":667,"url":"https:\/\/www.organisator.ch\/wp-content\/uploads\/2021\/07\/Depositphotos_257660642_s-2019.jpg","type":"image\/jpeg"}],"author":"roger.straessle","twitter_card":"summary_large_image","schema":{"@context":"https:\/\/schema.org","@graph":[{"@type":"Article","@id":"https:\/\/www.organisator.ch\/sustainability\/2021-07-02\/herausforderung-sonderabfall\/#article","isPartOf":{"@id":"https:\/\/www.organisator.ch\/sustainability\/2021-07-02\/herausforderung-sonderabfall\/"},"author":{"name":"roger.straessle","@id":"https:\/\/www.organisator.ch\/#\/schema\/person\/a800b8c54e208b160517a7dcc323161d"},"headline":"Herausforderung Sonderabfall","datePublished":"2021-07-02T13:54:44+00:00","dateModified":"2022-02-09T10:05:29+00:00","mainEntityOfPage":{"@id":"https:\/\/www.organisator.ch\/sustainability\/2021-07-02\/herausforderung-sonderabfall\/"},"wordCount":540,"publisher":{"@id":"https:\/\/www.organisator.ch\/#organization"},"image":{"@id":"https:\/\/www.organisator.ch\/sustainability\/2021-07-02\/herausforderung-sonderabfall\/#primaryimage"},"thumbnailUrl":"https:\/\/www.organisator.ch\/wp-content\/uploads\/2021\/07\/Depositphotos_257660642_s-2019.jpg","keywords":["Ecoserve","Schweizer Sonderabfalltag","Sonderabfall"],"articleSection":["SUSTAINABILITY"],"inLanguage":"en-US"},{"@type":"WebPage","@id":"https:\/\/www.organisator.ch\/sustainability\/2021-07-02\/herausforderung-sonderabfall\/","url":"https:\/\/www.organisator.ch\/sustainability\/2021-07-02\/herausforderung-sonderabfall\/","name":"Hazardous Waste Challenge - Organizer","isPartOf":{"@id":"https:\/\/www.organisator.ch\/#website"},"primaryImageOfPage":{"@id":"https:\/\/www.organisator.ch\/sustainability\/2021-07-02\/herausforderung-sonderabfall\/#primaryimage"},"image":{"@id":"https:\/\/www.organisator.ch\/sustainability\/2021-07-02\/herausforderung-sonderabfall\/#primaryimage"},"thumbnailUrl":"https:\/\/www.organisator.ch\/wp-content\/uploads\/2021\/07\/Depositphotos_257660642_s-2019.jpg","datePublished":"2021-07-02T13:54:44+00:00","dateModified":"2022-02-09T10:05:29+00:00","breadcrumb":{"@id":"https:\/\/www.organisator.ch\/sustainability\/2021-07-02\/herausforderung-sonderabfall\/#breadcrumb"},"inLanguage":"en-US","potentialAction":[{"@type":"ReadAction","target":["https:\/\/www.organisator.ch\/sustainability\/2021-07-02\/herausforderung-sonderabfall\/"]}]},{"@type":"ImageObject","inLanguage":"en-US","@id":"https:\/\/www.organisator.ch\/sustainability\/2021-07-02\/herausforderung-sonderabfall\/#primaryimage","url":"https:\/\/www.organisator.ch\/wp-content\/uploads\/2021\/07\/Depositphotos_257660642_s-2019.jpg","contentUrl":"https:\/\/www.organisator.ch\/wp-content\/uploads\/2021\/07\/Depositphotos_257660642_s-2019.jpg","width":1000,"height":667,"caption":"\u00a9 Depositphotos, GrinPhoto"},{"@type":"BreadcrumbList","@id":"https:\/\/www.organisator.ch\/sustainability\/2021-07-02\/herausforderung-sonderabfall\/#breadcrumb","itemListElement":[{"@type":"ListItem","position":1,"name":"Home","item":"https:\/\/www.organisator.ch\/"},{"@type":"ListItem","position":2,"name":"Herausforderung Sonderabfall"}]},{"@type":"WebSite","@id":"https:\/\/www.organisator.ch\/#website","url":"https:\/\/www.organisator.ch\/","name":"Organizer","description":"Competent. Practical. In 10 issues per year, ORGANISATOR presents the essential topics for managers of SMEs.","publisher":{"@id":"https:\/\/www.organisator.ch\/#organization"},"potentialAction":[{"@type":"SearchAction","target":{"@type":"EntryPoint","urlTemplate":"https:\/\/www.organisator.ch\/?s={search_term_string}"},"query-input":{"@type":"PropertyValueSpecification","valueRequired":true,"valueName":"search_term_string"}}],"inLanguage":"en-US"},{"@type":"Organization","@id":"https:\/\/www.organisator.ch\/#organization","name":"Organizer","url":"https:\/\/www.organisator.ch\/","logo":{"@type":"ImageObject","inLanguage":"en-US","@id":"https:\/\/www.organisator.ch\/#\/schema\/logo\/image\/","url":"https:\/\/www.organisator.ch\/wp-content\/uploads\/2022\/01\/Logo_Organisator_Website.png","contentUrl":"https:\/\/www.organisator.ch\/wp-content\/uploads\/2022\/01\/Logo_Organisator_Website.png","width":800,"height":77,"caption":"Organisator"},"image":{"@id":"https:\/\/www.organisator.ch\/#\/schema\/logo\/image\/"},"sameAs":["https:\/\/www.facebook.com\/OrganisatorFachmagazin","https:\/\/www.linkedin.com\/showcase\/organisator-das-magazin-fr-kmu","https:\/\/www.xing.com\/news\/pages\/organisator-ch-695","https:\/\/www.youtube.com\/channel\/UCGP2Sq0iWaZwT3BdIAQFYpw"]},{"@type":"Person","@id":"https:\/\/www.organisator.ch\/#\/schema\/person\/a800b8c54e208b160517a7dcc323161d","name":"roger.straessle","image":{"@type":"ImageObject","inLanguage":"en-US","@id":"https:\/\/secure.gravatar.com\/avatar\/?s=96&d=mm&r=g","url":"https:\/\/secure.gravatar.com\/avatar\/?s=96&d=mm&r=g","contentUrl":"https:\/\/secure.gravatar.com\/avatar\/?s=96&d=mm&r=g","caption":"roger.straessle"},"url":"https:\/\/www.organisator.ch\/en\/author\/roger-straessle\/"}]}},"_links":{"self":[{"href":"https:\/\/www.organisator.ch\/en\/wp-json\/wp\/v2\/posts\/10299","targetHints":{"allow":["GET"]}}],"collection":[{"href":"https:\/\/www.organisator.ch\/en\/wp-json\/wp\/v2\/posts"}],"about":[{"href":"https:\/\/www.organisator.ch\/en\/wp-json\/wp\/v2\/types\/post"}],"author":[{"embeddable":true,"href":"https:\/\/www.organisator.ch\/en\/wp-json\/wp\/v2\/users\/6"}],"replies":[{"embeddable":true,"href":"https:\/\/www.organisator.ch\/en\/wp-json\/wp\/v2\/comments?post=10299"}],"version-history":[{"count":1,"href":"https:\/\/www.organisator.ch\/en\/wp-json\/wp\/v2\/posts\/10299\/revisions"}],"predecessor-version":[{"id":10359,"href":"https:\/\/www.organisator.ch\/en\/wp-json\/wp\/v2\/posts\/10299\/revisions\/10359"}],"wp:featuredmedia":[{"embeddable":true,"href":"https:\/\/www.organisator.ch\/en\/wp-json\/wp\/v2\/media\/9818"}],"wp:attachment":[{"href":"https:\/\/www.organisator.ch\/en\/wp-json\/wp\/v2\/media?parent=10299"}],"wp:term":[{"taxonomy":"category","embeddable":true,"href":"https:\/\/www.organisator.ch\/en\/wp-json\/wp\/v2\/categories?post=10299"},{"taxonomy":"post_tag","embeddable":true,"href":"https:\/\/www.organisator.ch\/en\/wp-json\/wp\/v2\/tags?post=10299"}],"curies":[{"name":"wp","href":"https:\/\/api.w.org\/{rel}","templated":true}]}}