{"id":10303,"date":"2021-07-26T14:00:04","date_gmt":"2021-07-26T12:00:04","guid":{"rendered":"https:\/\/www.umweltperspektiven.ch\/?p=4618"},"modified":"2022-02-09T11:06:06","modified_gmt":"2022-02-09T10:06:06","slug":"historische-gebaeude-waermegedaemmt-nach-aktuellem-stand","status":"publish","type":"post","link":"https:\/\/www.organisator.ch\/en\/sustainability\/2021-07-26\/historische-gebaeude-waermegedaemmt-nach-aktuellem-stand\/","title":{"rendered":"Historic buildings - award-winning thermal insulation"},"content":{"rendered":"<figure id=\"attachment_4620\" aria-describedby=\"caption-attachment-4620\" style=\"width: 680px\" class=\"wp-caption aligncenter\"><img loading=\"lazy\" decoding=\"async\" class=\"size-medium wp-image-4620\" src=\"\/\/www.umweltperspektiven.ch\/wp-content\/uploads\/2021\/07\/Madiswil-M\u00fchlestock-Bild-1.jpg\" alt=\"Aerogel Architecture Award \" width=\"680\" height=\"454\" \/><figcaption id=\"caption-attachment-4620\" class=\"wp-caption-text\">The 1st prize went to the Madiswil mill in Switzerland. Picture: Michael Ledermann.<\/figcaption><\/figure>\n<p>&nbsp;<\/p>\n<p>The winner of the Aerogel Architecture Award is Swiss architect Michael Ledermann from Langenthal. His careful renovation of an old mill building in Madiswil in the canton of Bern convinced the experts. \"This is a building any of us would have loved to live in,\" said architect Beat K\u00e4mpfen on behalf of the jury. The 17th-century building has already undergone numerous renovations and had been brought up to date time and again. The last renovation took place in the 1980s. Since then, the upper floor of the house had been heated with an electric storage heater; the 300-square-meter main room of the mill, with its quarry stone walls up to 70 centimeters wide, was unheated and could only be used on a few days a year.<\/p>\n<h2><strong>Conversion of an old industrial building<\/strong><\/h2>\n<p><strong>\u00a0<\/strong>Ledermann insulated the interior walls of the first floor with aerogel plaster, preserving the undulating wall structure of the quarry stone wall. Now the room is protected from moisture from the old masonry, at the same time warm and dry, and can be used as a dining room and living room with a built-in kitchen all year round. \"The project of the mill building in Madiswil is a good example of the outside use of (pre)industrial buildings - a topic that still has to be considered a \"mainstream\" of contemporary monument preservation,\" says jury member architect Manfred Wehdorn.<\/p>\n<h2><strong>Biedermeier and socialist modernism<\/strong><\/h2>\n<p>Due to the very close ranking, the jury decided not to award a third prize, but to award the second prize twice.<\/p>\n<p>One of the awards went to architect Verena Klar, who renovated a listed Biedermeier house in T\u00fcbingen dating from 1829 to make it more energy-efficient. The house is located on Neckarhalde in T\u00fcbingen, in the middle of a listed urban ensemble. The exterior fa\u00e7ade had been left largely unchanged, so the aim was to build up the thermal insulation as slimly as possible so as not to cover up the appearance of the house and also the ornamentation on the fa\u00e7ade and window reveals. \"The client was quickly convinced, but the historic preservation authority remained skeptical for a long time\" reported the architect. Finally, the authority was convinced with the help of several successful aerogel renovation projects from Switzerland. The craftsmen were enthusiastic about the easy workability of the aerogel plaster.<\/p>\n<h2><strong>Insulated all around<\/strong><\/h2>\n<p>The living spaces of the house in T\u00fcbingen are now also thermally insulated all around from the attic and the basement ceiling and meet the German environmental standard \"KfW Effizienzhaus Denkmal\". A pellet heating system provides sustainable heat. \"This project is convincing due to the insulation of the half-timbered facade and the preservation of the historic substance in a historically significant environment. It is a good example that even half-timbered houses can be operated economically in the future,\" says jury member Volker Herzog.<\/p>\n<h2><strong>A difficult case in Weimar<\/strong><\/h2>\n<p>Another second prize went to architect J\u00f6rg Hofmann from Weimar, who renovated a building at the Bauhaus University in Weimar to improve its energy efficiency. The research building had been erected in 1958 and is considered an outstanding example of Socialist Modernism; it is a listed building. The poorly insulated facade showed severe weathering damage, and the building also had to be renovated while it was still in use. Interior thermal insulation was not feasible because it could have damaged expensive research equipment. In Weimar, too, the monument protection authority demanded a plaster surface in line with the original stock: the building's plinth cladding and the eaves profile made of concrete blocks were not allowed to be vaulted over.<\/p>\n<p>Architect J\u00f6rg Hofmann began researching, found the aerogel insulating plaster and first tried it out on his own building. The now finished renovated research building of the Bauhaus University has kept its face, the requirements of the monument protection authority were fulfilled. The U-value of the walls was nevertheless reduced from 1.36 W\/m2K to 0.58 W\/m2K, and the dew point of the facade and the existing component connections was also optimized.<\/p>\n<h2><strong>Aerogel Architecture Award<\/strong><\/h2>\n<p>The Aerogel Architecture Award was launched in 2020 by Empa and the industry partners Fixit, Agitec, Haga AG Naturbaustoffe and Hasit and the AdvaPor association. For the 2021 elimination, five offices from Germany, Austria and Switzerland had submitted their projects. A jury consisting of the four architects and heritage conservation experts Ralf Kilian (Germany), Beat K\u00e4mpfen (Switzerland), Volker Herzog (Germany) and Manfred Wehdorn (Austria) evaluated the submitted projects in terms of heritage conservation value, energy efficiency and originality of the chosen solution.<\/p>\n<p>According to current plans, there will be further Aerogel Architecture Awards in the coming years. \"The award is intended to help raise awareness in the architectural community and among civil engineers of the possibilities offered by aerogel insulation materials in historic preservation and in the renovation of existing buildings,\" says Michal Ganobjak, the award organizer.<\/p>\n<blockquote><p>Information on renovation projects with <strong>Aerogel<\/strong>:<br \/>\n<a href=\"\/\/www.fixit-aerogel.com\/referenzen\">Fixit - Aerogel plaster Fixit 222\u00a0<\/a><br \/>\n<a href=\"\/\/agitec.ch\/page\/ueberuns\/referenzobjekte\/index.php\">Agitec<\/a><br \/>\n<a href=\"\/\/haganatur.de\/\">Haga - Aerogel plaster<\/a><br \/>\n<a href=\"\/\/www.hasit.de\/produkt\/hasit-fixit-aerogel-hochleistungs-daemmputzsystem\">Hasit - Aerogel plaster system<\/a><\/p>\n<p>Award winner <strong>Aerogel Architecture Award<\/strong> 2021:<\/p><\/blockquote>\n<ol>\n<li>\n<blockquote><p>Price\u00a0<a href=\"\/\/www.arch-ledermann.ch\/\">Michael Ledermann<\/a><\/p><\/blockquote>\n<\/li>\n<li>\n<blockquote><p>Price\u00a0<a href=\"\/\/www.klar-architektur.de\/\">Verena Clear<\/a><\/p><\/blockquote>\n<\/li>\n<li>\n<blockquote><p>Price\u00a0<a href=\"\/\/architekten-thueringen.de\/kammer\/architekten\/m\/hofmann-1331.html\">J\u00f6rg Hofmann<\/a><\/p><\/blockquote>\n<\/li>\n<\/ol>","protected":false},"excerpt":{"rendered":"<p>&nbsp; Gewinner des Aerogel Architecture Awards ist der Schweizer Architekt Michael Ledermann aus Langenthal. Seine behutsame Sanierung eines alten M\u00fchlgeb\u00e4udes in Madiswil im Kanton Bern \u00fcberzeugte die Experten.\u00a0\u00abIn diesem Geb\u00e4ude h\u00e4tte jeder von uns gern wohnen wollen\u00bb, sagte Architekt Beat K\u00e4mpfen im Namen der Jury. Das Geb\u00e4ude aus dem 17. Jahrhundert hat bereits zahlreiche Renovationen [&hellip;]<\/p>\n","protected":false},"author":6,"featured_media":9824,"comment_status":"closed","ping_status":"closed","sticky":false,"template":"","format":"standard","meta":{"_acf_changed":false,"_yoast_wpseo_focuskw":"Aerogel Architecture Award","_yoast_wpseo_metadesc":"K\u00fcrzlich wurde an der Empa erstmals der Aerogel Architecture Award verliehen, der gelungene energetische Sanierungen mit Aerogel-Materialien w\u00fcrdigt.","articlekey":"","footnotes":""},"categories":[580],"tags":[676,677,584,2047,2347],"class_list":["post-10303","post","type-post","status-publish","format-standard","has-post-thumbnail","hentry","category-sustainability","tag-aerogel","tag-aerogel-architecture-award","tag-energie","tag-sanierung","tag-umbau"],"acf":[],"yoast_head":"<!-- This site is optimized with the Yoast SEO plugin v27.5 - https:\/\/yoast.com\/product\/yoast-seo-wordpress\/ -->\n<title>Historische Geb\u00e4ude \u2013 preisgekr\u00f6nt w\u00e4rmeged\u00e4mmt - Organisator<\/title>\n<meta name=\"description\" content=\"K\u00fcrzlich wurde an der Empa erstmals der Aerogel Architecture Award verliehen, der gelungene energetische Sanierungen mit Aerogel-Materialien w\u00fcrdigt.\" \/>\n<meta name=\"robots\" content=\"index, follow, max-snippet:-1, max-image-preview:large, max-video-preview:-1\" \/>\n<link rel=\"canonical\" href=\"https:\/\/www.organisator.ch\/en\/sustainability\/2021-07-26\/historische-gebaeude-waermegedaemmt-nach-aktuellem-stand\/\" \/>\n<meta property=\"og:locale\" content=\"en_US\" \/>\n<meta property=\"og:type\" content=\"article\" \/>\n<meta property=\"og:title\" content=\"Historische Geb\u00e4ude \u2013 preisgekr\u00f6nt w\u00e4rmeged\u00e4mmt - Organisator\" \/>\n<meta property=\"og:description\" content=\"K\u00fcrzlich wurde an der Empa erstmals der Aerogel Architecture Award verliehen, der gelungene energetische Sanierungen mit Aerogel-Materialien w\u00fcrdigt.\" \/>\n<meta property=\"og:url\" content=\"https:\/\/www.organisator.ch\/en\/sustainability\/2021-07-26\/historische-gebaeude-waermegedaemmt-nach-aktuellem-stand\/\" \/>\n<meta property=\"og:site_name\" content=\"Organisator\" \/>\n<meta property=\"article:publisher\" content=\"https:\/\/www.facebook.com\/OrganisatorFachmagazin\" \/>\n<meta property=\"article:published_time\" content=\"2021-07-26T12:00:04+00:00\" \/>\n<meta property=\"article:modified_time\" content=\"2022-02-09T10:06:06+00:00\" \/>\n<meta property=\"og:image\" content=\"https:\/\/www.organisator.ch\/wp-content\/uploads\/2021\/07\/Madiswil-Muehlestock-Bild-1-scaled.jpg\" \/>\n\t<meta property=\"og:image:width\" content=\"2560\" \/>\n\t<meta property=\"og:image:height\" content=\"1709\" \/>\n\t<meta property=\"og:image:type\" content=\"image\/jpeg\" \/>\n<meta name=\"author\" content=\"roger.straessle\" \/>\n<meta name=\"twitter:card\" content=\"summary_large_image\" \/>\n<script type=\"application\/ld+json\" class=\"yoast-schema-graph\">{\"@context\":\"https:\\\/\\\/schema.org\",\"@graph\":[{\"@type\":\"Article\",\"@id\":\"https:\\\/\\\/www.organisator.ch\\\/sustainability\\\/2021-07-26\\\/historische-gebaeude-waermegedaemmt-nach-aktuellem-stand\\\/#article\",\"isPartOf\":{\"@id\":\"https:\\\/\\\/www.organisator.ch\\\/sustainability\\\/2021-07-26\\\/historische-gebaeude-waermegedaemmt-nach-aktuellem-stand\\\/\"},\"author\":{\"name\":\"roger.straessle\",\"@id\":\"https:\\\/\\\/www.organisator.ch\\\/#\\\/schema\\\/person\\\/a800b8c54e208b160517a7dcc323161d\"},\"headline\":\"Historische Geb\u00e4ude \u2013 preisgekr\u00f6nt w\u00e4rmeged\u00e4mmt\",\"datePublished\":\"2021-07-26T12:00:04+00:00\",\"dateModified\":\"2022-02-09T10:06:06+00:00\",\"mainEntityOfPage\":{\"@id\":\"https:\\\/\\\/www.organisator.ch\\\/sustainability\\\/2021-07-26\\\/historische-gebaeude-waermegedaemmt-nach-aktuellem-stand\\\/\"},\"wordCount\":811,\"publisher\":{\"@id\":\"https:\\\/\\\/www.organisator.ch\\\/#organization\"},\"image\":{\"@id\":\"https:\\\/\\\/www.organisator.ch\\\/sustainability\\\/2021-07-26\\\/historische-gebaeude-waermegedaemmt-nach-aktuellem-stand\\\/#primaryimage\"},\"thumbnailUrl\":\"https:\\\/\\\/www.organisator.ch\\\/wp-content\\\/uploads\\\/2021\\\/07\\\/Madiswil-Muehlestock-Bild-1-scaled.jpg\",\"keywords\":[\"Aerogel\",\"Aerogel Architecture Award\",\"ENERGIE\",\"Sanierung\",\"Umbau\"],\"articleSection\":[\"SUSTAINABILITY\"],\"inLanguage\":\"en-US\"},{\"@type\":\"WebPage\",\"@id\":\"https:\\\/\\\/www.organisator.ch\\\/sustainability\\\/2021-07-26\\\/historische-gebaeude-waermegedaemmt-nach-aktuellem-stand\\\/\",\"url\":\"https:\\\/\\\/www.organisator.ch\\\/sustainability\\\/2021-07-26\\\/historische-gebaeude-waermegedaemmt-nach-aktuellem-stand\\\/\",\"name\":\"Historische Geb\u00e4ude \u2013 preisgekr\u00f6nt w\u00e4rmeged\u00e4mmt - Organisator\",\"isPartOf\":{\"@id\":\"https:\\\/\\\/www.organisator.ch\\\/#website\"},\"primaryImageOfPage\":{\"@id\":\"https:\\\/\\\/www.organisator.ch\\\/sustainability\\\/2021-07-26\\\/historische-gebaeude-waermegedaemmt-nach-aktuellem-stand\\\/#primaryimage\"},\"image\":{\"@id\":\"https:\\\/\\\/www.organisator.ch\\\/sustainability\\\/2021-07-26\\\/historische-gebaeude-waermegedaemmt-nach-aktuellem-stand\\\/#primaryimage\"},\"thumbnailUrl\":\"https:\\\/\\\/www.organisator.ch\\\/wp-content\\\/uploads\\\/2021\\\/07\\\/Madiswil-Muehlestock-Bild-1-scaled.jpg\",\"datePublished\":\"2021-07-26T12:00:04+00:00\",\"dateModified\":\"2022-02-09T10:06:06+00:00\",\"description\":\"K\u00fcrzlich wurde an der Empa erstmals der Aerogel Architecture Award verliehen, der gelungene energetische Sanierungen mit Aerogel-Materialien w\u00fcrdigt.\",\"breadcrumb\":{\"@id\":\"https:\\\/\\\/www.organisator.ch\\\/sustainability\\\/2021-07-26\\\/historische-gebaeude-waermegedaemmt-nach-aktuellem-stand\\\/#breadcrumb\"},\"inLanguage\":\"en-US\",\"potentialAction\":[{\"@type\":\"ReadAction\",\"target\":[\"https:\\\/\\\/www.organisator.ch\\\/sustainability\\\/2021-07-26\\\/historische-gebaeude-waermegedaemmt-nach-aktuellem-stand\\\/\"]}]},{\"@type\":\"ImageObject\",\"inLanguage\":\"en-US\",\"@id\":\"https:\\\/\\\/www.organisator.ch\\\/sustainability\\\/2021-07-26\\\/historische-gebaeude-waermegedaemmt-nach-aktuellem-stand\\\/#primaryimage\",\"url\":\"https:\\\/\\\/www.organisator.ch\\\/wp-content\\\/uploads\\\/2021\\\/07\\\/Madiswil-Muehlestock-Bild-1-scaled.jpg\",\"contentUrl\":\"https:\\\/\\\/www.organisator.ch\\\/wp-content\\\/uploads\\\/2021\\\/07\\\/Madiswil-Muehlestock-Bild-1-scaled.jpg\",\"width\":2560,\"height\":1709,\"caption\":\"Der 1. Preis ging an die M\u00fchle Madiswil in der Schweiz. Bild: Michael Ledermann.\"},{\"@type\":\"BreadcrumbList\",\"@id\":\"https:\\\/\\\/www.organisator.ch\\\/sustainability\\\/2021-07-26\\\/historische-gebaeude-waermegedaemmt-nach-aktuellem-stand\\\/#breadcrumb\",\"itemListElement\":[{\"@type\":\"ListItem\",\"position\":1,\"name\":\"Home\",\"item\":\"https:\\\/\\\/www.organisator.ch\\\/\"},{\"@type\":\"ListItem\",\"position\":2,\"name\":\"Historische Geb\u00e4ude \u2013 preisgekr\u00f6nt w\u00e4rmeged\u00e4mmt\"}]},{\"@type\":\"WebSite\",\"@id\":\"https:\\\/\\\/www.organisator.ch\\\/#website\",\"url\":\"https:\\\/\\\/www.organisator.ch\\\/\",\"name\":\"Organisator\",\"description\":\"Kompetent. Praxisnah. Der ORGANISATOR bereitet in 10 Ausgaben pro Jahr die wesentlichen Themen f\u00fcr F\u00fchrungskr\u00e4fte von KMU auf.\",\"publisher\":{\"@id\":\"https:\\\/\\\/www.organisator.ch\\\/#organization\"},\"potentialAction\":[{\"@type\":\"SearchAction\",\"target\":{\"@type\":\"EntryPoint\",\"urlTemplate\":\"https:\\\/\\\/www.organisator.ch\\\/?s={search_term_string}\"},\"query-input\":{\"@type\":\"PropertyValueSpecification\",\"valueRequired\":true,\"valueName\":\"search_term_string\"}}],\"inLanguage\":\"en-US\"},{\"@type\":\"Organization\",\"@id\":\"https:\\\/\\\/www.organisator.ch\\\/#organization\",\"name\":\"Organisator\",\"url\":\"https:\\\/\\\/www.organisator.ch\\\/\",\"logo\":{\"@type\":\"ImageObject\",\"inLanguage\":\"en-US\",\"@id\":\"https:\\\/\\\/www.organisator.ch\\\/#\\\/schema\\\/logo\\\/image\\\/\",\"url\":\"https:\\\/\\\/www.organisator.ch\\\/wp-content\\\/uploads\\\/2022\\\/01\\\/Logo_Organisator_Website.png\",\"contentUrl\":\"https:\\\/\\\/www.organisator.ch\\\/wp-content\\\/uploads\\\/2022\\\/01\\\/Logo_Organisator_Website.png\",\"width\":800,\"height\":77,\"caption\":\"Organisator\"},\"image\":{\"@id\":\"https:\\\/\\\/www.organisator.ch\\\/#\\\/schema\\\/logo\\\/image\\\/\"},\"sameAs\":[\"https:\\\/\\\/www.facebook.com\\\/OrganisatorFachmagazin\",\"https:\\\/\\\/www.linkedin.com\\\/showcase\\\/organisator-das-magazin-fr-kmu\",\"https:\\\/\\\/www.xing.com\\\/news\\\/pages\\\/organisator-ch-695\",\"https:\\\/\\\/www.youtube.com\\\/channel\\\/UCGP2Sq0iWaZwT3BdIAQFYpw\"]},{\"@type\":\"Person\",\"@id\":\"https:\\\/\\\/www.organisator.ch\\\/#\\\/schema\\\/person\\\/a800b8c54e208b160517a7dcc323161d\",\"name\":\"roger.straessle\",\"image\":{\"@type\":\"ImageObject\",\"inLanguage\":\"en-US\",\"@id\":\"https:\\\/\\\/secure.gravatar.com\\\/avatar\\\/?s=96&d=mm&r=g\",\"url\":\"https:\\\/\\\/secure.gravatar.com\\\/avatar\\\/?s=96&d=mm&r=g\",\"contentUrl\":\"https:\\\/\\\/secure.gravatar.com\\\/avatar\\\/?s=96&d=mm&r=g\",\"caption\":\"roger.straessle\"},\"url\":\"https:\\\/\\\/www.organisator.ch\\\/en\\\/author\\\/roger-straessle\\\/\"}]}<\/script>\n<!-- \/ Yoast SEO plugin. -->","yoast_head_json":{"title":"Historic buildings - award-winning thermal insulation - organizer","description":"The Aerogel Architecture Award was recently presented for the first time at Empa to honor successful energy-efficient renovations using aerogel materials.","robots":{"index":"index","follow":"follow","max-snippet":"max-snippet:-1","max-image-preview":"max-image-preview:large","max-video-preview":"max-video-preview:-1"},"canonical":"https:\/\/www.organisator.ch\/en\/sustainability\/2021-07-26\/historische-gebaeude-waermegedaemmt-nach-aktuellem-stand\/","og_locale":"en_US","og_type":"article","og_title":"Historische Geb\u00e4ude \u2013 preisgekr\u00f6nt w\u00e4rmeged\u00e4mmt - Organisator","og_description":"K\u00fcrzlich wurde an der Empa erstmals der Aerogel Architecture Award verliehen, der gelungene energetische Sanierungen mit Aerogel-Materialien w\u00fcrdigt.","og_url":"https:\/\/www.organisator.ch\/en\/sustainability\/2021-07-26\/historische-gebaeude-waermegedaemmt-nach-aktuellem-stand\/","og_site_name":"Organisator","article_publisher":"https:\/\/www.facebook.com\/OrganisatorFachmagazin","article_published_time":"2021-07-26T12:00:04+00:00","article_modified_time":"2022-02-09T10:06:06+00:00","og_image":[{"width":2560,"height":1709,"url":"https:\/\/www.organisator.ch\/wp-content\/uploads\/2021\/07\/Madiswil-Muehlestock-Bild-1-scaled.jpg","type":"image\/jpeg"}],"author":"roger.straessle","twitter_card":"summary_large_image","schema":{"@context":"https:\/\/schema.org","@graph":[{"@type":"Article","@id":"https:\/\/www.organisator.ch\/sustainability\/2021-07-26\/historische-gebaeude-waermegedaemmt-nach-aktuellem-stand\/#article","isPartOf":{"@id":"https:\/\/www.organisator.ch\/sustainability\/2021-07-26\/historische-gebaeude-waermegedaemmt-nach-aktuellem-stand\/"},"author":{"name":"roger.straessle","@id":"https:\/\/www.organisator.ch\/#\/schema\/person\/a800b8c54e208b160517a7dcc323161d"},"headline":"Historische Geb\u00e4ude \u2013 preisgekr\u00f6nt w\u00e4rmeged\u00e4mmt","datePublished":"2021-07-26T12:00:04+00:00","dateModified":"2022-02-09T10:06:06+00:00","mainEntityOfPage":{"@id":"https:\/\/www.organisator.ch\/sustainability\/2021-07-26\/historische-gebaeude-waermegedaemmt-nach-aktuellem-stand\/"},"wordCount":811,"publisher":{"@id":"https:\/\/www.organisator.ch\/#organization"},"image":{"@id":"https:\/\/www.organisator.ch\/sustainability\/2021-07-26\/historische-gebaeude-waermegedaemmt-nach-aktuellem-stand\/#primaryimage"},"thumbnailUrl":"https:\/\/www.organisator.ch\/wp-content\/uploads\/2021\/07\/Madiswil-Muehlestock-Bild-1-scaled.jpg","keywords":["Aerogel","Aerogel Architecture Award","ENERGIE","Sanierung","Umbau"],"articleSection":["SUSTAINABILITY"],"inLanguage":"en-US"},{"@type":"WebPage","@id":"https:\/\/www.organisator.ch\/sustainability\/2021-07-26\/historische-gebaeude-waermegedaemmt-nach-aktuellem-stand\/","url":"https:\/\/www.organisator.ch\/sustainability\/2021-07-26\/historische-gebaeude-waermegedaemmt-nach-aktuellem-stand\/","name":"Historic buildings - award-winning thermal insulation - organizer","isPartOf":{"@id":"https:\/\/www.organisator.ch\/#website"},"primaryImageOfPage":{"@id":"https:\/\/www.organisator.ch\/sustainability\/2021-07-26\/historische-gebaeude-waermegedaemmt-nach-aktuellem-stand\/#primaryimage"},"image":{"@id":"https:\/\/www.organisator.ch\/sustainability\/2021-07-26\/historische-gebaeude-waermegedaemmt-nach-aktuellem-stand\/#primaryimage"},"thumbnailUrl":"https:\/\/www.organisator.ch\/wp-content\/uploads\/2021\/07\/Madiswil-Muehlestock-Bild-1-scaled.jpg","datePublished":"2021-07-26T12:00:04+00:00","dateModified":"2022-02-09T10:06:06+00:00","description":"The Aerogel Architecture Award was recently presented for the first time at Empa to honor successful energy-efficient renovations using aerogel materials.","breadcrumb":{"@id":"https:\/\/www.organisator.ch\/sustainability\/2021-07-26\/historische-gebaeude-waermegedaemmt-nach-aktuellem-stand\/#breadcrumb"},"inLanguage":"en-US","potentialAction":[{"@type":"ReadAction","target":["https:\/\/www.organisator.ch\/sustainability\/2021-07-26\/historische-gebaeude-waermegedaemmt-nach-aktuellem-stand\/"]}]},{"@type":"ImageObject","inLanguage":"en-US","@id":"https:\/\/www.organisator.ch\/sustainability\/2021-07-26\/historische-gebaeude-waermegedaemmt-nach-aktuellem-stand\/#primaryimage","url":"https:\/\/www.organisator.ch\/wp-content\/uploads\/2021\/07\/Madiswil-Muehlestock-Bild-1-scaled.jpg","contentUrl":"https:\/\/www.organisator.ch\/wp-content\/uploads\/2021\/07\/Madiswil-Muehlestock-Bild-1-scaled.jpg","width":2560,"height":1709,"caption":"Der 1. Preis ging an die M\u00fchle Madiswil in der Schweiz. Bild: Michael Ledermann."},{"@type":"BreadcrumbList","@id":"https:\/\/www.organisator.ch\/sustainability\/2021-07-26\/historische-gebaeude-waermegedaemmt-nach-aktuellem-stand\/#breadcrumb","itemListElement":[{"@type":"ListItem","position":1,"name":"Home","item":"https:\/\/www.organisator.ch\/"},{"@type":"ListItem","position":2,"name":"Historische Geb\u00e4ude \u2013 preisgekr\u00f6nt w\u00e4rmeged\u00e4mmt"}]},{"@type":"WebSite","@id":"https:\/\/www.organisator.ch\/#website","url":"https:\/\/www.organisator.ch\/","name":"Organizer","description":"Competent. Practical. In 10 issues per year, ORGANISATOR presents the essential topics for managers of SMEs.","publisher":{"@id":"https:\/\/www.organisator.ch\/#organization"},"potentialAction":[{"@type":"SearchAction","target":{"@type":"EntryPoint","urlTemplate":"https:\/\/www.organisator.ch\/?s={search_term_string}"},"query-input":{"@type":"PropertyValueSpecification","valueRequired":true,"valueName":"search_term_string"}}],"inLanguage":"en-US"},{"@type":"Organization","@id":"https:\/\/www.organisator.ch\/#organization","name":"Organizer","url":"https:\/\/www.organisator.ch\/","logo":{"@type":"ImageObject","inLanguage":"en-US","@id":"https:\/\/www.organisator.ch\/#\/schema\/logo\/image\/","url":"https:\/\/www.organisator.ch\/wp-content\/uploads\/2022\/01\/Logo_Organisator_Website.png","contentUrl":"https:\/\/www.organisator.ch\/wp-content\/uploads\/2022\/01\/Logo_Organisator_Website.png","width":800,"height":77,"caption":"Organisator"},"image":{"@id":"https:\/\/www.organisator.ch\/#\/schema\/logo\/image\/"},"sameAs":["https:\/\/www.facebook.com\/OrganisatorFachmagazin","https:\/\/www.linkedin.com\/showcase\/organisator-das-magazin-fr-kmu","https:\/\/www.xing.com\/news\/pages\/organisator-ch-695","https:\/\/www.youtube.com\/channel\/UCGP2Sq0iWaZwT3BdIAQFYpw"]},{"@type":"Person","@id":"https:\/\/www.organisator.ch\/#\/schema\/person\/a800b8c54e208b160517a7dcc323161d","name":"roger.straessle","image":{"@type":"ImageObject","inLanguage":"en-US","@id":"https:\/\/secure.gravatar.com\/avatar\/?s=96&d=mm&r=g","url":"https:\/\/secure.gravatar.com\/avatar\/?s=96&d=mm&r=g","contentUrl":"https:\/\/secure.gravatar.com\/avatar\/?s=96&d=mm&r=g","caption":"roger.straessle"},"url":"https:\/\/www.organisator.ch\/en\/author\/roger-straessle\/"}]}},"_links":{"self":[{"href":"https:\/\/www.organisator.ch\/en\/wp-json\/wp\/v2\/posts\/10303","targetHints":{"allow":["GET"]}}],"collection":[{"href":"https:\/\/www.organisator.ch\/en\/wp-json\/wp\/v2\/posts"}],"about":[{"href":"https:\/\/www.organisator.ch\/en\/wp-json\/wp\/v2\/types\/post"}],"author":[{"embeddable":true,"href":"https:\/\/www.organisator.ch\/en\/wp-json\/wp\/v2\/users\/6"}],"replies":[{"embeddable":true,"href":"https:\/\/www.organisator.ch\/en\/wp-json\/wp\/v2\/comments?post=10303"}],"version-history":[{"count":1,"href":"https:\/\/www.organisator.ch\/en\/wp-json\/wp\/v2\/posts\/10303\/revisions"}],"predecessor-version":[{"id":10465,"href":"https:\/\/www.organisator.ch\/en\/wp-json\/wp\/v2\/posts\/10303\/revisions\/10465"}],"wp:featuredmedia":[{"embeddable":true,"href":"https:\/\/www.organisator.ch\/en\/wp-json\/wp\/v2\/media\/9824"}],"wp:attachment":[{"href":"https:\/\/www.organisator.ch\/en\/wp-json\/wp\/v2\/media?parent=10303"}],"wp:term":[{"taxonomy":"category","embeddable":true,"href":"https:\/\/www.organisator.ch\/en\/wp-json\/wp\/v2\/categories?post=10303"},{"taxonomy":"post_tag","embeddable":true,"href":"https:\/\/www.organisator.ch\/en\/wp-json\/wp\/v2\/tags?post=10303"}],"curies":[{"name":"wp","href":"https:\/\/api.w.org\/{rel}","templated":true}]}}