{"id":10308,"date":"2021-08-05T14:42:59","date_gmt":"2021-08-05T12:42:59","guid":{"rendered":"https:\/\/www.umweltperspektiven.ch\/?p=4667"},"modified":"2021-08-05T14:42:59","modified_gmt":"2021-08-05T12:42:59","slug":"netto-null-gilt-auch-fuer-den-bodenschutz","status":"publish","type":"post","link":"https:\/\/www.organisator.ch\/en\/allgemein\/2021-08-05\/netto-null-gilt-auch-fuer-den-bodenschutz\/","title":{"rendered":"Net zero also applies to soil protection"},"content":{"rendered":"<figure id=\"attachment_4668\" aria-describedby=\"caption-attachment-4668\" style=\"width: 680px\" class=\"wp-caption alignnone\"><img loading=\"lazy\" decoding=\"async\" class=\"size-medium wp-image-4668\" src=\"\/\/www.umweltperspektiven.ch\/wp-content\/uploads\/2021\/08\/Foto-8.png\" alt=\"\" width=\"680\" height=\"425\" srcset=\"https:\/\/www.organisator.ch\/wp-content\/uploads\/2021\/08\/Foto-8.png 1024w, https:\/\/www.organisator.ch\/wp-content\/uploads\/2021\/08\/Foto-8-680x425.png 680w, https:\/\/www.organisator.ch\/wp-content\/uploads\/2021\/08\/Foto-8-768x480.png 768w, https:\/\/www.organisator.ch\/wp-content\/uploads\/2021\/08\/Foto-8-18x12.png 18w, https:\/\/www.organisator.ch\/wp-content\/uploads\/2021\/08\/Foto-8-280x175.png 280w, https:\/\/www.organisator.ch\/wp-content\/uploads\/2021\/08\/Foto-8-560x350.png 560w, https:\/\/www.organisator.ch\/wp-content\/uploads\/2021\/08\/Foto-8-920x575.png 920w, https:\/\/www.organisator.ch\/wp-content\/uploads\/2021\/08\/Foto-8-300x188.png 300w\" sizes=\"auto, (max-width: 680px) 100vw, 680px\" \/><figcaption id=\"caption-attachment-4668\" class=\"wp-caption-text\">Crumbly and moist it should be, the ideal soil to be rebuilt into a crop rotation area. \u00a9 Martin Bichsel<\/figcaption><\/figure>\n<p>Due to construction activity, erosion or pollutants, the soil in Switzerland is burdened from many sides. To counteract this situation, the Federal Council adopted the Swiss Soil Strategy in 2020 and specified it with a package of measures. The core concern is to ensure that no more net soil is lost in Switzerland by 2050.<\/p>\n<p>In the new issue <a href=\"\/\/www.are.admin.ch\/are\/de\/home\/medien-und-publikationen\/forum-raumentwicklung\/forum-raumentwicklung-1-21.html\">\"Forum Spatial Development<\/a> of the Federal Office for Spatial Development ARE shows how sustainable spatial development can help to preserve soil in the long term . \"Net zero\" therefore also applies to soil protection after climate protection - and this parallel policy is not accidental, Damian Jerjen, Director of the EspaceSuisse Spatial Planning Association, makes clear in his contribution: \"Spatial planning has a responsibility to use its instruments for climate protection and thus also to protect soil.\" Because, on the one hand, these must make a maximum contribution to climate protection. On the other hand, they help to adapt to the unavoidable consequences of climate change.<\/p>\n<p>In the past, many areas have lost quality due to human impact. However, damaged soils are not necessarily retired from agricultural use forever, as a text from the canton of Zurich shows. The systematically recorded indication areas for anthropogenic soils list where excavated soil can be recycled and possibly contribute to the creation of a new crop rotation area. Conversely, the map makes it possible to guide zoning and construction projects in such a way that soils that have remained natural are spared as much as possible.<\/p>\n<p>In an interview, Ad\u00e8le Thorens Goumaz, member of the Council of States (VD) and expert on biodiversity issues, calls for greater expertise to be developed on soil quality. Another crux, she says, is the decentralized decision-making structure, which leads to problems in spatial planning and quantitative soil management. Thorens Goumaz suggests first agreeing on the agriculture of the future. \"Only then should we work on spatial planning, not the other way around.\"<\/p>\n<p>Finally, the report illustrates how today, after the completion of work on the Ceneri Base Tunnel, the construction site used for 15 years is being renaturalized. Enormous masses of soil, which were carefully stored temporarily, are returned to their original parcel, are rebuilt into fertile soil and can be used again for vegetable cultivation in just a few years.<\/p>\n<p><em>Source: Federal Office for Spatial Development<\/em><\/p>\n<p>&nbsp;<\/p>","protected":false},"excerpt":{"rendered":"<p>Durch Baut\u00e4tigkeit, Erosion oder Schadstoffe wird der Boden in der Schweiz von vielen Seiten her belastet. Um diesem Umstand entgegenzuwirken, hat der Bundesrat 2020 die Bodenstrategie Schweiz verabschiedet und mit einem Massnahmenpaket konkretisiert. Das Kernanliegen ist es, dass in der Schweiz bis 2050 netto kein Boden mehr verloren geht. Im neuen Heft \u00abForum Raumentwicklung\u00bb des [&hellip;]<\/p>\n","protected":false},"author":6,"featured_media":4668,"comment_status":"closed","ping_status":"closed","sticky":false,"template":"","format":"standard","meta":{"_acf_changed":false,"_yoast_wpseo_focuskw":"Bodenschutz","_yoast_wpseo_metadesc":"Bodenschutz ist wichtig: Das neue Heft \u00abForum Raumentwicklung\u00bb zeigt, wie eine nachhaltige Raumentwicklung den Boden langfristig sch\u00fctzen kann.","articlekey":"","footnotes":""},"categories":[1],"tags":[858,859,1981],"class_list":["post-10308","post","type-post","status-publish","format-standard","has-post-thumbnail","hentry","category-allgemein","tag-boden","tag-bodenschutz","tag-raumplanung"],"acf":[],"yoast_head":"<!-- This site is optimized with the Yoast SEO plugin v27.4 - https:\/\/yoast.com\/product\/yoast-seo-wordpress\/ -->\n<title>Netto null gilt auch f\u00fcr den Bodenschutz - Organisator<\/title>\n<meta name=\"description\" content=\"Bodenschutz ist wichtig: Das neue Heft \u00abForum Raumentwicklung\u00bb zeigt, wie eine nachhaltige Raumentwicklung den Boden langfristig sch\u00fctzen kann.\" \/>\n<meta name=\"robots\" content=\"index, follow, max-snippet:-1, max-image-preview:large, max-video-preview:-1\" \/>\n<link rel=\"canonical\" href=\"https:\/\/www.organisator.ch\/en\/general\/2021-08-05\/netto-null-gilt-auch-fuer-den-bodenschutz\/\" \/>\n<meta property=\"og:locale\" content=\"en_US\" \/>\n<meta property=\"og:type\" content=\"article\" \/>\n<meta property=\"og:title\" content=\"Netto null gilt auch f\u00fcr den Bodenschutz - Organisator\" \/>\n<meta property=\"og:description\" content=\"Bodenschutz ist wichtig: Das neue Heft \u00abForum Raumentwicklung\u00bb zeigt, wie eine nachhaltige Raumentwicklung den Boden langfristig sch\u00fctzen kann.\" \/>\n<meta property=\"og:url\" content=\"https:\/\/www.organisator.ch\/en\/general\/2021-08-05\/netto-null-gilt-auch-fuer-den-bodenschutz\/\" \/>\n<meta property=\"og:site_name\" content=\"Organisator\" \/>\n<meta property=\"article:publisher\" content=\"https:\/\/www.facebook.com\/OrganisatorFachmagazin\" \/>\n<meta property=\"article:published_time\" content=\"2021-08-05T12:42:59+00:00\" \/>\n<meta property=\"og:image\" content=\"https:\/\/www.organisator.ch\/wp-content\/uploads\/2021\/08\/Foto-8.png\" \/>\n\t<meta property=\"og:image:width\" content=\"1024\" \/>\n\t<meta property=\"og:image:height\" content=\"640\" \/>\n\t<meta property=\"og:image:type\" content=\"image\/png\" \/>\n<meta name=\"author\" content=\"roger.straessle\" \/>\n<meta name=\"twitter:card\" content=\"summary_large_image\" \/>\n<script type=\"application\/ld+json\" class=\"yoast-schema-graph\">{\"@context\":\"https:\\\/\\\/schema.org\",\"@graph\":[{\"@type\":\"Article\",\"@id\":\"https:\\\/\\\/www.organisator.ch\\\/en\\\/general\\\/2021-08-05\\\/netto-null-gilt-auch-fuer-den-bodenschutz\\\/#article\",\"isPartOf\":{\"@id\":\"https:\\\/\\\/www.organisator.ch\\\/en\\\/general\\\/2021-08-05\\\/netto-null-gilt-auch-fuer-den-bodenschutz\\\/\"},\"author\":{\"name\":\"roger.straessle\",\"@id\":\"https:\\\/\\\/www.organisator.ch\\\/#\\\/schema\\\/person\\\/a800b8c54e208b160517a7dcc323161d\"},\"headline\":\"Netto null gilt auch f\u00fcr den Bodenschutz\",\"datePublished\":\"2021-08-05T12:42:59+00:00\",\"mainEntityOfPage\":{\"@id\":\"https:\\\/\\\/www.organisator.ch\\\/en\\\/general\\\/2021-08-05\\\/netto-null-gilt-auch-fuer-den-bodenschutz\\\/\"},\"wordCount\":411,\"publisher\":{\"@id\":\"https:\\\/\\\/www.organisator.ch\\\/#organization\"},\"image\":{\"@id\":\"https:\\\/\\\/www.organisator.ch\\\/en\\\/general\\\/2021-08-05\\\/netto-null-gilt-auch-fuer-den-bodenschutz\\\/#primaryimage\"},\"thumbnailUrl\":\"https:\\\/\\\/www.organisator.ch\\\/wp-content\\\/uploads\\\/2021\\\/08\\\/Foto-8.png\",\"keywords\":[\"Boden\",\"Bodenschutz\",\"Raumplanung\"],\"articleSection\":[\"Allgemein\"],\"inLanguage\":\"en-US\"},{\"@type\":\"WebPage\",\"@id\":\"https:\\\/\\\/www.organisator.ch\\\/en\\\/general\\\/2021-08-05\\\/netto-null-gilt-auch-fuer-den-bodenschutz\\\/\",\"url\":\"https:\\\/\\\/www.organisator.ch\\\/en\\\/general\\\/2021-08-05\\\/netto-null-gilt-auch-fuer-den-bodenschutz\\\/\",\"name\":\"Netto null gilt auch f\u00fcr den Bodenschutz - Organisator\",\"isPartOf\":{\"@id\":\"https:\\\/\\\/www.organisator.ch\\\/#website\"},\"primaryImageOfPage\":{\"@id\":\"https:\\\/\\\/www.organisator.ch\\\/en\\\/general\\\/2021-08-05\\\/netto-null-gilt-auch-fuer-den-bodenschutz\\\/#primaryimage\"},\"image\":{\"@id\":\"https:\\\/\\\/www.organisator.ch\\\/en\\\/general\\\/2021-08-05\\\/netto-null-gilt-auch-fuer-den-bodenschutz\\\/#primaryimage\"},\"thumbnailUrl\":\"https:\\\/\\\/www.organisator.ch\\\/wp-content\\\/uploads\\\/2021\\\/08\\\/Foto-8.png\",\"datePublished\":\"2021-08-05T12:42:59+00:00\",\"description\":\"Bodenschutz ist wichtig: Das neue Heft \u00abForum Raumentwicklung\u00bb zeigt, wie eine nachhaltige Raumentwicklung den Boden langfristig sch\u00fctzen kann.\",\"breadcrumb\":{\"@id\":\"https:\\\/\\\/www.organisator.ch\\\/en\\\/general\\\/2021-08-05\\\/netto-null-gilt-auch-fuer-den-bodenschutz\\\/#breadcrumb\"},\"inLanguage\":\"en-US\",\"potentialAction\":[{\"@type\":\"ReadAction\",\"target\":[\"https:\\\/\\\/www.organisator.ch\\\/en\\\/general\\\/2021-08-05\\\/netto-null-gilt-auch-fuer-den-bodenschutz\\\/\"]}]},{\"@type\":\"ImageObject\",\"inLanguage\":\"en-US\",\"@id\":\"https:\\\/\\\/www.organisator.ch\\\/en\\\/general\\\/2021-08-05\\\/netto-null-gilt-auch-fuer-den-bodenschutz\\\/#primaryimage\",\"url\":\"https:\\\/\\\/www.organisator.ch\\\/wp-content\\\/uploads\\\/2021\\\/08\\\/Foto-8.png\",\"contentUrl\":\"https:\\\/\\\/www.organisator.ch\\\/wp-content\\\/uploads\\\/2021\\\/08\\\/Foto-8.png\",\"width\":1024,\"height\":640,\"caption\":\"Kr\u00fcmelig und feucht soll sie sein, die ideale Erde, die wieder zu einer Fruchtfolgefl\u00e4che verbaut wird. \u00a9\"},{\"@type\":\"BreadcrumbList\",\"@id\":\"https:\\\/\\\/www.organisator.ch\\\/en\\\/general\\\/2021-08-05\\\/netto-null-gilt-auch-fuer-den-bodenschutz\\\/#breadcrumb\",\"itemListElement\":[{\"@type\":\"ListItem\",\"position\":1,\"name\":\"Home\",\"item\":\"https:\\\/\\\/www.organisator.ch\\\/\"},{\"@type\":\"ListItem\",\"position\":2,\"name\":\"Netto null gilt auch f\u00fcr den Bodenschutz\"}]},{\"@type\":\"WebSite\",\"@id\":\"https:\\\/\\\/www.organisator.ch\\\/#website\",\"url\":\"https:\\\/\\\/www.organisator.ch\\\/\",\"name\":\"Organisator\",\"description\":\"Kompetent. Praxisnah. Der ORGANISATOR bereitet in 10 Ausgaben pro Jahr die wesentlichen Themen f\u00fcr F\u00fchrungskr\u00e4fte von KMU auf.\",\"publisher\":{\"@id\":\"https:\\\/\\\/www.organisator.ch\\\/#organization\"},\"potentialAction\":[{\"@type\":\"SearchAction\",\"target\":{\"@type\":\"EntryPoint\",\"urlTemplate\":\"https:\\\/\\\/www.organisator.ch\\\/?s={search_term_string}\"},\"query-input\":{\"@type\":\"PropertyValueSpecification\",\"valueRequired\":true,\"valueName\":\"search_term_string\"}}],\"inLanguage\":\"en-US\"},{\"@type\":\"Organization\",\"@id\":\"https:\\\/\\\/www.organisator.ch\\\/#organization\",\"name\":\"Organisator\",\"url\":\"https:\\\/\\\/www.organisator.ch\\\/\",\"logo\":{\"@type\":\"ImageObject\",\"inLanguage\":\"en-US\",\"@id\":\"https:\\\/\\\/www.organisator.ch\\\/#\\\/schema\\\/logo\\\/image\\\/\",\"url\":\"https:\\\/\\\/www.organisator.ch\\\/wp-content\\\/uploads\\\/2022\\\/01\\\/Logo_Organisator_Website.png\",\"contentUrl\":\"https:\\\/\\\/www.organisator.ch\\\/wp-content\\\/uploads\\\/2022\\\/01\\\/Logo_Organisator_Website.png\",\"width\":800,\"height\":77,\"caption\":\"Organisator\"},\"image\":{\"@id\":\"https:\\\/\\\/www.organisator.ch\\\/#\\\/schema\\\/logo\\\/image\\\/\"},\"sameAs\":[\"https:\\\/\\\/www.facebook.com\\\/OrganisatorFachmagazin\",\"https:\\\/\\\/www.linkedin.com\\\/showcase\\\/organisator-das-magazin-fr-kmu\",\"https:\\\/\\\/www.xing.com\\\/news\\\/pages\\\/organisator-ch-695\",\"https:\\\/\\\/www.youtube.com\\\/channel\\\/UCGP2Sq0iWaZwT3BdIAQFYpw\"]},{\"@type\":\"Person\",\"@id\":\"https:\\\/\\\/www.organisator.ch\\\/#\\\/schema\\\/person\\\/a800b8c54e208b160517a7dcc323161d\",\"name\":\"roger.straessle\",\"image\":{\"@type\":\"ImageObject\",\"inLanguage\":\"en-US\",\"@id\":\"https:\\\/\\\/secure.gravatar.com\\\/avatar\\\/?s=96&d=mm&r=g\",\"url\":\"https:\\\/\\\/secure.gravatar.com\\\/avatar\\\/?s=96&d=mm&r=g\",\"contentUrl\":\"https:\\\/\\\/secure.gravatar.com\\\/avatar\\\/?s=96&d=mm&r=g\",\"caption\":\"roger.straessle\"},\"url\":\"https:\\\/\\\/www.organisator.ch\\\/en\\\/author\\\/roger-straessle\\\/\"}]}<\/script>\n<!-- \/ Yoast SEO plugin. -->","yoast_head_json":{"title":"Net zero also applies to soil protection - organizer","description":"Soil protection is important: The new booklet \"Forum Spatial Development\" shows how sustainable spatial development can protect soil in the long term.","robots":{"index":"index","follow":"follow","max-snippet":"max-snippet:-1","max-image-preview":"max-image-preview:large","max-video-preview":"max-video-preview:-1"},"canonical":"https:\/\/www.organisator.ch\/en\/general\/2021-08-05\/netto-null-gilt-auch-fuer-den-bodenschutz\/","og_locale":"en_US","og_type":"article","og_title":"Netto null gilt auch f\u00fcr den Bodenschutz - Organisator","og_description":"Bodenschutz ist wichtig: Das neue Heft \u00abForum Raumentwicklung\u00bb zeigt, wie eine nachhaltige Raumentwicklung den Boden langfristig sch\u00fctzen kann.","og_url":"https:\/\/www.organisator.ch\/en\/general\/2021-08-05\/netto-null-gilt-auch-fuer-den-bodenschutz\/","og_site_name":"Organisator","article_publisher":"https:\/\/www.facebook.com\/OrganisatorFachmagazin","article_published_time":"2021-08-05T12:42:59+00:00","og_image":[{"width":1024,"height":640,"url":"https:\/\/www.organisator.ch\/wp-content\/uploads\/2021\/08\/Foto-8.png","type":"image\/png"}],"author":"roger.straessle","twitter_card":"summary_large_image","schema":{"@context":"https:\/\/schema.org","@graph":[{"@type":"Article","@id":"https:\/\/www.organisator.ch\/en\/general\/2021-08-05\/netto-null-gilt-auch-fuer-den-bodenschutz\/#article","isPartOf":{"@id":"https:\/\/www.organisator.ch\/en\/general\/2021-08-05\/netto-null-gilt-auch-fuer-den-bodenschutz\/"},"author":{"name":"roger.straessle","@id":"https:\/\/www.organisator.ch\/#\/schema\/person\/a800b8c54e208b160517a7dcc323161d"},"headline":"Netto null gilt auch f\u00fcr den Bodenschutz","datePublished":"2021-08-05T12:42:59+00:00","mainEntityOfPage":{"@id":"https:\/\/www.organisator.ch\/en\/general\/2021-08-05\/netto-null-gilt-auch-fuer-den-bodenschutz\/"},"wordCount":411,"publisher":{"@id":"https:\/\/www.organisator.ch\/#organization"},"image":{"@id":"https:\/\/www.organisator.ch\/en\/general\/2021-08-05\/netto-null-gilt-auch-fuer-den-bodenschutz\/#primaryimage"},"thumbnailUrl":"https:\/\/www.organisator.ch\/wp-content\/uploads\/2021\/08\/Foto-8.png","keywords":["Boden","Bodenschutz","Raumplanung"],"articleSection":["Allgemein"],"inLanguage":"en-US"},{"@type":"WebPage","@id":"https:\/\/www.organisator.ch\/en\/general\/2021-08-05\/netto-null-gilt-auch-fuer-den-bodenschutz\/","url":"https:\/\/www.organisator.ch\/en\/general\/2021-08-05\/netto-null-gilt-auch-fuer-den-bodenschutz\/","name":"Net zero also applies to soil protection - organizer","isPartOf":{"@id":"https:\/\/www.organisator.ch\/#website"},"primaryImageOfPage":{"@id":"https:\/\/www.organisator.ch\/en\/general\/2021-08-05\/netto-null-gilt-auch-fuer-den-bodenschutz\/#primaryimage"},"image":{"@id":"https:\/\/www.organisator.ch\/en\/general\/2021-08-05\/netto-null-gilt-auch-fuer-den-bodenschutz\/#primaryimage"},"thumbnailUrl":"https:\/\/www.organisator.ch\/wp-content\/uploads\/2021\/08\/Foto-8.png","datePublished":"2021-08-05T12:42:59+00:00","description":"Soil protection is important: The new booklet \"Forum Spatial Development\" shows how sustainable spatial development can protect soil in the long term.","breadcrumb":{"@id":"https:\/\/www.organisator.ch\/en\/general\/2021-08-05\/netto-null-gilt-auch-fuer-den-bodenschutz\/#breadcrumb"},"inLanguage":"en-US","potentialAction":[{"@type":"ReadAction","target":["https:\/\/www.organisator.ch\/en\/general\/2021-08-05\/netto-null-gilt-auch-fuer-den-bodenschutz\/"]}]},{"@type":"ImageObject","inLanguage":"en-US","@id":"https:\/\/www.organisator.ch\/en\/general\/2021-08-05\/netto-null-gilt-auch-fuer-den-bodenschutz\/#primaryimage","url":"https:\/\/www.organisator.ch\/wp-content\/uploads\/2021\/08\/Foto-8.png","contentUrl":"https:\/\/www.organisator.ch\/wp-content\/uploads\/2021\/08\/Foto-8.png","width":1024,"height":640,"caption":"Kr\u00fcmelig und feucht soll sie sein, die ideale Erde, die wieder zu einer Fruchtfolgefl\u00e4che verbaut wird. \u00a9"},{"@type":"BreadcrumbList","@id":"https:\/\/www.organisator.ch\/en\/general\/2021-08-05\/netto-null-gilt-auch-fuer-den-bodenschutz\/#breadcrumb","itemListElement":[{"@type":"ListItem","position":1,"name":"Home","item":"https:\/\/www.organisator.ch\/"},{"@type":"ListItem","position":2,"name":"Netto null gilt auch f\u00fcr den Bodenschutz"}]},{"@type":"WebSite","@id":"https:\/\/www.organisator.ch\/#website","url":"https:\/\/www.organisator.ch\/","name":"Organizer","description":"Competent. Practical. In 10 issues per year, ORGANISATOR presents the essential topics for managers of SMEs.","publisher":{"@id":"https:\/\/www.organisator.ch\/#organization"},"potentialAction":[{"@type":"SearchAction","target":{"@type":"EntryPoint","urlTemplate":"https:\/\/www.organisator.ch\/?s={search_term_string}"},"query-input":{"@type":"PropertyValueSpecification","valueRequired":true,"valueName":"search_term_string"}}],"inLanguage":"en-US"},{"@type":"Organization","@id":"https:\/\/www.organisator.ch\/#organization","name":"Organizer","url":"https:\/\/www.organisator.ch\/","logo":{"@type":"ImageObject","inLanguage":"en-US","@id":"https:\/\/www.organisator.ch\/#\/schema\/logo\/image\/","url":"https:\/\/www.organisator.ch\/wp-content\/uploads\/2022\/01\/Logo_Organisator_Website.png","contentUrl":"https:\/\/www.organisator.ch\/wp-content\/uploads\/2022\/01\/Logo_Organisator_Website.png","width":800,"height":77,"caption":"Organisator"},"image":{"@id":"https:\/\/www.organisator.ch\/#\/schema\/logo\/image\/"},"sameAs":["https:\/\/www.facebook.com\/OrganisatorFachmagazin","https:\/\/www.linkedin.com\/showcase\/organisator-das-magazin-fr-kmu","https:\/\/www.xing.com\/news\/pages\/organisator-ch-695","https:\/\/www.youtube.com\/channel\/UCGP2Sq0iWaZwT3BdIAQFYpw"]},{"@type":"Person","@id":"https:\/\/www.organisator.ch\/#\/schema\/person\/a800b8c54e208b160517a7dcc323161d","name":"roger.straessle","image":{"@type":"ImageObject","inLanguage":"en-US","@id":"https:\/\/secure.gravatar.com\/avatar\/?s=96&d=mm&r=g","url":"https:\/\/secure.gravatar.com\/avatar\/?s=96&d=mm&r=g","contentUrl":"https:\/\/secure.gravatar.com\/avatar\/?s=96&d=mm&r=g","caption":"roger.straessle"},"url":"https:\/\/www.organisator.ch\/en\/author\/roger-straessle\/"}]}},"_links":{"self":[{"href":"https:\/\/www.organisator.ch\/en\/wp-json\/wp\/v2\/posts\/10308","targetHints":{"allow":["GET"]}}],"collection":[{"href":"https:\/\/www.organisator.ch\/en\/wp-json\/wp\/v2\/posts"}],"about":[{"href":"https:\/\/www.organisator.ch\/en\/wp-json\/wp\/v2\/types\/post"}],"author":[{"embeddable":true,"href":"https:\/\/www.organisator.ch\/en\/wp-json\/wp\/v2\/users\/6"}],"replies":[{"embeddable":true,"href":"https:\/\/www.organisator.ch\/en\/wp-json\/wp\/v2\/comments?post=10308"}],"version-history":[{"count":0,"href":"https:\/\/www.organisator.ch\/en\/wp-json\/wp\/v2\/posts\/10308\/revisions"}],"wp:featuredmedia":[{"embeddable":true,"href":"https:\/\/www.organisator.ch\/en\/wp-json\/wp\/v2\/media\/4668"}],"wp:attachment":[{"href":"https:\/\/www.organisator.ch\/en\/wp-json\/wp\/v2\/media?parent=10308"}],"wp:term":[{"taxonomy":"category","embeddable":true,"href":"https:\/\/www.organisator.ch\/en\/wp-json\/wp\/v2\/categories?post=10308"},{"taxonomy":"post_tag","embeddable":true,"href":"https:\/\/www.organisator.ch\/en\/wp-json\/wp\/v2\/tags?post=10308"}],"curies":[{"name":"wp","href":"https:\/\/api.w.org\/{rel}","templated":true}]}}