{"id":10313,"date":"2021-08-25T16:25:03","date_gmt":"2021-08-25T14:25:03","guid":{"rendered":"https:\/\/www.umweltperspektiven.ch\/?p=4727"},"modified":"2021-08-25T16:25:03","modified_gmt":"2021-08-25T14:25:03","slug":"engagement-fuer-mehr-biodiversitaet-ausgezeichnet","status":"publish","type":"post","link":"https:\/\/www.organisator.ch\/en\/allgemein\/2021-08-25\/engagement-fuer-mehr-biodiversitaet-ausgezeichnet\/","title":{"rendered":"Commitment to more biodiversity honored"},"content":{"rendered":"<figure id=\"attachment_4728\" aria-describedby=\"caption-attachment-4728\" style=\"width: 680px\" class=\"wp-caption aligncenter\"><img loading=\"lazy\" decoding=\"async\" class=\"size-medium wp-image-4728\" src=\"\/\/www.umweltperspektiven.ch\/wp-content\/uploads\/2021\/08\/Baden_Obstgarten-03_resized.jpg.png\" alt=\"Biodiversity\" width=\"680\" height=\"453\" srcset=\"https:\/\/www.organisator.ch\/wp-content\/uploads\/2021\/08\/Baden_Obstgarten-03_resized.jpg.png 1600w, https:\/\/www.organisator.ch\/wp-content\/uploads\/2021\/08\/Baden_Obstgarten-03_resized.jpg-680x453.png 680w, https:\/\/www.organisator.ch\/wp-content\/uploads\/2021\/08\/Baden_Obstgarten-03_resized.jpg-1024x683.png 1024w, https:\/\/www.organisator.ch\/wp-content\/uploads\/2021\/08\/Baden_Obstgarten-03_resized.jpg-768x512.png 768w, https:\/\/www.organisator.ch\/wp-content\/uploads\/2021\/08\/Baden_Obstgarten-03_resized.jpg-1536x1024.png 1536w, https:\/\/www.organisator.ch\/wp-content\/uploads\/2021\/08\/Baden_Obstgarten-03_resized.jpg-18x12.png 18w, https:\/\/www.organisator.ch\/wp-content\/uploads\/2021\/08\/Baden_Obstgarten-03_resized.jpg-262x175.png 262w, https:\/\/www.organisator.ch\/wp-content\/uploads\/2021\/08\/Baden_Obstgarten-03_resized.jpg-525x350.png 525w, https:\/\/www.organisator.ch\/wp-content\/uploads\/2021\/08\/Baden_Obstgarten-03_resized.jpg-1200x800.png 1200w, https:\/\/www.organisator.ch\/wp-content\/uploads\/2021\/08\/Baden_Obstgarten-03_resized.jpg-920x614.png 920w, https:\/\/www.organisator.ch\/wp-content\/uploads\/2021\/08\/Baden_Obstgarten-03_resized.jpg-1400x934.png 1400w, https:\/\/www.organisator.ch\/wp-content\/uploads\/2021\/08\/Baden_Obstgarten-03_resized.jpg-300x200.png 300w\" sizes=\"auto, (max-width: 680px) 100vw, 680px\" \/><figcaption id=\"caption-attachment-4728\" class=\"wp-caption-text\">Fruit trees instead of cars: An orchard has been created on this former ABB parking lot near Martinsberg in Baden. In the foreground on the right, you can see piles of branches that provide valuable shelter for small animals. Photo: Stefanie W\u00fcrsch<\/figcaption><\/figure>\n<p>With the project <a href=\"\/\/www.naturfindetstadt.ch\/de\">\"Nature Finds City<\/a> as many people as possible should use simple means to bring more nature into their surroundings. As settlements grow, it is becoming increasingly important to design high-quality open spaces - for people and nature. Settlements today are important habitats for animals and plants, and they can still be improved by simple measures, as the initiators of the project emphasize.<\/p>\n<h2><strong>65 Areas upgraded<\/strong><\/h2>\n<p>Since 2015, 65 areas in public space have been upgraded or newly created for biodiversity in \"Natur findet Stadt\". 250 private individuals have implemented ideas from the project in their gardens and on balconies. The new 45,000 m2 of natural space include diverse habitats and uses. The award jury highlights the project's interdisciplinary collaboration, participatory approach, outstanding professional communication, and scaling and dissemination of good solutions.<\/p>\n<p>On August 25, Johanna H\u00e4ckermann, the chairwoman of the Naturama Aargau management, was able to present the 100,000 Swiss franc prize to the project team on behalf of all those involved. <a href=\"\/\/www.preis-biodiversitaet.ch\">Binding Prize for Biodiversity<\/a> in Tothrist. Together with Naturama, the following institutions involved in the project will be awarded: The Department of Landscape and Waters of the Canton of Aargau as client, the city of Baden as initiator as well as the cities of Zofingen, Aarau and Mellingen, the municipalities of Wohlen, K\u00fcttigen, Rothrist, Biberstein, Obersiggenthal, Muri and Niederlenz, the Jurapark Aargau as well as the Kampagnenforum GmbH, the local nature and bird conservation associations, various market gardens and private individuals.<\/p>\n<h2><strong>Less maintenance costs, more biodiversity<\/strong><\/h2>\n<p>\"Natur findet Stadt\" is an ongoing process and not over - further municipalities from the canton of Aargau can participate in the project. And this is also worthwhile from the taxpayer's point of view: One of the goals of \"Natur findet Stadt\" is to reduce care and maintenance costs in the area of public spaces. At the same time, these areas are enhanced with appropriate measures - in other words, a classic win-win situation. <em>(pd\/rs)<\/em><\/p>\n<figure id=\"attachment_4730\" aria-describedby=\"caption-attachment-4730\" style=\"width: 680px\" class=\"wp-caption alignnone\"><img loading=\"lazy\" decoding=\"async\" class=\"size-medium wp-image-4730\" src=\"\/\/www.umweltperspektiven.ch\/wp-content\/uploads\/2021\/08\/Baden_Kreisel-07_resized.jpg-1536x1024.png\" alt=\"Biodiversity\" width=\"680\" height=\"453\" \/><figcaption id=\"caption-attachment-4730\" class=\"wp-caption-text\">In the \"Nature Finds City\" project, many small roadside areas were created as <a href=\"\/\/de.wikipedia.org\/wiki\/Ruderalvegetation\">Ruderal sites<\/a> designed with diverse native flora, as here in the city of Baden. Photo: Stefanie W\u00fcrsch<\/figcaption><\/figure>\n<p>&nbsp;<\/p>\n<blockquote>\n<h2>Imitation desired<\/h2>\n<p>The Sophie and Karl Binding Foundation has selected around 50 projects from the 74 entries for the Binding Prize 2021. Interested parties can be inspired by the creative, diverse projects for biodiversity in urban areas. All projects are presented with photos, short description, goals and measures. Imitation is encouraged!<\/p>\n<p><a href=\"\/\/missionb.ch\/binding-preis\">https:\/\/missionb.ch\/binding-preis<\/a><\/p>\n<p><img loading=\"lazy\" decoding=\"async\" class=\"alignnone size-full wp-image-4729\" src=\"\/\/www.umweltperspektiven.ch\/wp-content\/uploads\/2021\/08\/Karte.jpg\" alt=\"Biodiversity\" width=\"659\" height=\"389\" \/><\/p><\/blockquote>","protected":false},"excerpt":{"rendered":"<p>Mit dem Projekt \u00abNatur findet Stadt\u00bb sollen m\u00f6glichst viele Menschen mit einfachen Mitteln mehr Natur in ihre Umgebung bringen. Denn mit dem Siedlungswachstum wird es immer wichtiger, Freir\u00e4ume hochwertig zu gestalten \u2013 f\u00fcr Mensch und Natur. Siedlungen sind heute wichtige Lebensr\u00e4ume f\u00fcr Tiere und Pflanzen, und sie k\u00f6nnen durch einfache Massnahmen noch verbessert werden, wie [&hellip;]<\/p>\n","protected":false},"author":6,"featured_media":4728,"comment_status":"closed","ping_status":"closed","sticky":false,"template":"","format":"standard","meta":{"_acf_changed":false,"_yoast_wpseo_focuskw":"Biodiversit\u00e4t","_yoast_wpseo_metadesc":"Biodiversit\u00e4t: Der mit 100'000 Franken h\u00f6chstdotierte Naturschutzpreis der Schweiz geht an das Projekt \u00abNatur findet Stadt\u00bb des Naturama Aargau.","articlekey":"","footnotes":""},"categories":[1],"tags":[818,829],"class_list":["post-10313","post","type-post","status-publish","format-standard","has-post-thumbnail","hentry","category-allgemein","tag-binding-preis","tag-biodiversitaet"],"acf":[],"yoast_head":"<!-- This site is optimized with the Yoast SEO plugin v27.4 - https:\/\/yoast.com\/product\/yoast-seo-wordpress\/ -->\n<title>Engagement f\u00fcr mehr Biodiversit\u00e4t ausgezeichnet - Organisator<\/title>\n<meta name=\"description\" content=\"Biodiversit\u00e4t: Der mit 100&#039;000 Franken h\u00f6chstdotierte Naturschutzpreis der Schweiz geht an das Projekt \u00abNatur findet Stadt\u00bb des Naturama Aargau.\" \/>\n<meta name=\"robots\" content=\"index, follow, max-snippet:-1, max-image-preview:large, max-video-preview:-1\" \/>\n<link rel=\"canonical\" href=\"https:\/\/www.organisator.ch\/en\/general\/2021-08-25\/engagement-fuer-mehr-biodiversitaet-ausgezeichnet\/\" \/>\n<meta property=\"og:locale\" content=\"en_US\" \/>\n<meta property=\"og:type\" content=\"article\" \/>\n<meta property=\"og:title\" content=\"Engagement f\u00fcr mehr Biodiversit\u00e4t ausgezeichnet - Organisator\" \/>\n<meta property=\"og:description\" content=\"Biodiversit\u00e4t: Der mit 100&#039;000 Franken h\u00f6chstdotierte Naturschutzpreis der Schweiz geht an das Projekt \u00abNatur findet Stadt\u00bb des Naturama Aargau.\" \/>\n<meta property=\"og:url\" content=\"https:\/\/www.organisator.ch\/en\/general\/2021-08-25\/engagement-fuer-mehr-biodiversitaet-ausgezeichnet\/\" \/>\n<meta property=\"og:site_name\" content=\"Organisator\" \/>\n<meta property=\"article:publisher\" content=\"https:\/\/www.facebook.com\/OrganisatorFachmagazin\" \/>\n<meta property=\"article:published_time\" content=\"2021-08-25T14:25:03+00:00\" \/>\n<meta property=\"og:image\" content=\"https:\/\/www.organisator.ch\/wp-content\/uploads\/2021\/08\/Baden_Obstgarten-03_resized.jpg-1024x683.png\" \/>\n\t<meta property=\"og:image:width\" content=\"1024\" \/>\n\t<meta property=\"og:image:height\" content=\"683\" \/>\n\t<meta property=\"og:image:type\" content=\"image\/png\" \/>\n<meta name=\"author\" content=\"roger.straessle\" \/>\n<meta name=\"twitter:card\" content=\"summary_large_image\" \/>\n<script type=\"application\/ld+json\" class=\"yoast-schema-graph\">{\"@context\":\"https:\\\/\\\/schema.org\",\"@graph\":[{\"@type\":\"Article\",\"@id\":\"https:\\\/\\\/www.organisator.ch\\\/en\\\/general\\\/2021-08-25\\\/engagement-fuer-mehr-biodiversitaet-ausgezeichnet\\\/#article\",\"isPartOf\":{\"@id\":\"https:\\\/\\\/www.organisator.ch\\\/en\\\/general\\\/2021-08-25\\\/engagement-fuer-mehr-biodiversitaet-ausgezeichnet\\\/\"},\"author\":{\"name\":\"roger.straessle\",\"@id\":\"https:\\\/\\\/www.organisator.ch\\\/#\\\/schema\\\/person\\\/a800b8c54e208b160517a7dcc323161d\"},\"headline\":\"Engagement f\u00fcr mehr Biodiversit\u00e4t ausgezeichnet\",\"datePublished\":\"2021-08-25T14:25:03+00:00\",\"mainEntityOfPage\":{\"@id\":\"https:\\\/\\\/www.organisator.ch\\\/en\\\/general\\\/2021-08-25\\\/engagement-fuer-mehr-biodiversitaet-ausgezeichnet\\\/\"},\"wordCount\":452,\"publisher\":{\"@id\":\"https:\\\/\\\/www.organisator.ch\\\/#organization\"},\"image\":{\"@id\":\"https:\\\/\\\/www.organisator.ch\\\/en\\\/general\\\/2021-08-25\\\/engagement-fuer-mehr-biodiversitaet-ausgezeichnet\\\/#primaryimage\"},\"thumbnailUrl\":\"https:\\\/\\\/www.organisator.ch\\\/wp-content\\\/uploads\\\/2021\\\/08\\\/Baden_Obstgarten-03_resized.jpg.png\",\"keywords\":[\"Binding-Preis\",\"Biodiversit\u00e4t\"],\"articleSection\":[\"Allgemein\"],\"inLanguage\":\"en-US\"},{\"@type\":\"WebPage\",\"@id\":\"https:\\\/\\\/www.organisator.ch\\\/en\\\/general\\\/2021-08-25\\\/engagement-fuer-mehr-biodiversitaet-ausgezeichnet\\\/\",\"url\":\"https:\\\/\\\/www.organisator.ch\\\/en\\\/general\\\/2021-08-25\\\/engagement-fuer-mehr-biodiversitaet-ausgezeichnet\\\/\",\"name\":\"Engagement f\u00fcr mehr Biodiversit\u00e4t ausgezeichnet - Organisator\",\"isPartOf\":{\"@id\":\"https:\\\/\\\/www.organisator.ch\\\/#website\"},\"primaryImageOfPage\":{\"@id\":\"https:\\\/\\\/www.organisator.ch\\\/en\\\/general\\\/2021-08-25\\\/engagement-fuer-mehr-biodiversitaet-ausgezeichnet\\\/#primaryimage\"},\"image\":{\"@id\":\"https:\\\/\\\/www.organisator.ch\\\/en\\\/general\\\/2021-08-25\\\/engagement-fuer-mehr-biodiversitaet-ausgezeichnet\\\/#primaryimage\"},\"thumbnailUrl\":\"https:\\\/\\\/www.organisator.ch\\\/wp-content\\\/uploads\\\/2021\\\/08\\\/Baden_Obstgarten-03_resized.jpg.png\",\"datePublished\":\"2021-08-25T14:25:03+00:00\",\"description\":\"Biodiversit\u00e4t: Der mit 100'000 Franken h\u00f6chstdotierte Naturschutzpreis der Schweiz geht an das Projekt \u00abNatur findet Stadt\u00bb des Naturama Aargau.\",\"breadcrumb\":{\"@id\":\"https:\\\/\\\/www.organisator.ch\\\/en\\\/general\\\/2021-08-25\\\/engagement-fuer-mehr-biodiversitaet-ausgezeichnet\\\/#breadcrumb\"},\"inLanguage\":\"en-US\",\"potentialAction\":[{\"@type\":\"ReadAction\",\"target\":[\"https:\\\/\\\/www.organisator.ch\\\/en\\\/general\\\/2021-08-25\\\/engagement-fuer-mehr-biodiversitaet-ausgezeichnet\\\/\"]}]},{\"@type\":\"ImageObject\",\"inLanguage\":\"en-US\",\"@id\":\"https:\\\/\\\/www.organisator.ch\\\/en\\\/general\\\/2021-08-25\\\/engagement-fuer-mehr-biodiversitaet-ausgezeichnet\\\/#primaryimage\",\"url\":\"https:\\\/\\\/www.organisator.ch\\\/wp-content\\\/uploads\\\/2021\\\/08\\\/Baden_Obstgarten-03_resized.jpg.png\",\"contentUrl\":\"https:\\\/\\\/www.organisator.ch\\\/wp-content\\\/uploads\\\/2021\\\/08\\\/Baden_Obstgarten-03_resized.jpg.png\",\"width\":1600,\"height\":1067,\"caption\":\"Obstb\u00e4ume statt Autos: Auf diesem ehemaligen Parkplatz der ABB beim Martinsberg in Baden wurde ein Obstgarten geschaffen. Im Vordergrund rechts sieht man Asthaufen, die Kleintieren wertvollen Unterschlupf bieten. Foto: Stefanie W\u00fcrsch\"},{\"@type\":\"BreadcrumbList\",\"@id\":\"https:\\\/\\\/www.organisator.ch\\\/en\\\/general\\\/2021-08-25\\\/engagement-fuer-mehr-biodiversitaet-ausgezeichnet\\\/#breadcrumb\",\"itemListElement\":[{\"@type\":\"ListItem\",\"position\":1,\"name\":\"Home\",\"item\":\"https:\\\/\\\/www.organisator.ch\\\/\"},{\"@type\":\"ListItem\",\"position\":2,\"name\":\"Engagement f\u00fcr mehr Biodiversit\u00e4t ausgezeichnet\"}]},{\"@type\":\"WebSite\",\"@id\":\"https:\\\/\\\/www.organisator.ch\\\/#website\",\"url\":\"https:\\\/\\\/www.organisator.ch\\\/\",\"name\":\"Organisator\",\"description\":\"Kompetent. Praxisnah. Der ORGANISATOR bereitet in 10 Ausgaben pro Jahr die wesentlichen Themen f\u00fcr F\u00fchrungskr\u00e4fte von KMU auf.\",\"publisher\":{\"@id\":\"https:\\\/\\\/www.organisator.ch\\\/#organization\"},\"potentialAction\":[{\"@type\":\"SearchAction\",\"target\":{\"@type\":\"EntryPoint\",\"urlTemplate\":\"https:\\\/\\\/www.organisator.ch\\\/?s={search_term_string}\"},\"query-input\":{\"@type\":\"PropertyValueSpecification\",\"valueRequired\":true,\"valueName\":\"search_term_string\"}}],\"inLanguage\":\"en-US\"},{\"@type\":\"Organization\",\"@id\":\"https:\\\/\\\/www.organisator.ch\\\/#organization\",\"name\":\"Organisator\",\"url\":\"https:\\\/\\\/www.organisator.ch\\\/\",\"logo\":{\"@type\":\"ImageObject\",\"inLanguage\":\"en-US\",\"@id\":\"https:\\\/\\\/www.organisator.ch\\\/#\\\/schema\\\/logo\\\/image\\\/\",\"url\":\"https:\\\/\\\/www.organisator.ch\\\/wp-content\\\/uploads\\\/2022\\\/01\\\/Logo_Organisator_Website.png\",\"contentUrl\":\"https:\\\/\\\/www.organisator.ch\\\/wp-content\\\/uploads\\\/2022\\\/01\\\/Logo_Organisator_Website.png\",\"width\":800,\"height\":77,\"caption\":\"Organisator\"},\"image\":{\"@id\":\"https:\\\/\\\/www.organisator.ch\\\/#\\\/schema\\\/logo\\\/image\\\/\"},\"sameAs\":[\"https:\\\/\\\/www.facebook.com\\\/OrganisatorFachmagazin\",\"https:\\\/\\\/www.linkedin.com\\\/showcase\\\/organisator-das-magazin-fr-kmu\",\"https:\\\/\\\/www.xing.com\\\/news\\\/pages\\\/organisator-ch-695\",\"https:\\\/\\\/www.youtube.com\\\/channel\\\/UCGP2Sq0iWaZwT3BdIAQFYpw\"]},{\"@type\":\"Person\",\"@id\":\"https:\\\/\\\/www.organisator.ch\\\/#\\\/schema\\\/person\\\/a800b8c54e208b160517a7dcc323161d\",\"name\":\"roger.straessle\",\"image\":{\"@type\":\"ImageObject\",\"inLanguage\":\"en-US\",\"@id\":\"https:\\\/\\\/secure.gravatar.com\\\/avatar\\\/?s=96&d=mm&r=g\",\"url\":\"https:\\\/\\\/secure.gravatar.com\\\/avatar\\\/?s=96&d=mm&r=g\",\"contentUrl\":\"https:\\\/\\\/secure.gravatar.com\\\/avatar\\\/?s=96&d=mm&r=g\",\"caption\":\"roger.straessle\"},\"url\":\"https:\\\/\\\/www.organisator.ch\\\/en\\\/author\\\/roger-straessle\\\/\"}]}<\/script>\n<!-- \/ Yoast SEO plugin. -->","yoast_head_json":{"title":"Commitment for more biodiversity awarded - Organizer","description":"Biodiversity: Switzerland's highest nature conservation prize of 100,000 Swiss francs goes to the Naturama Aargau's \"Natur findet Stadt\" project.","robots":{"index":"index","follow":"follow","max-snippet":"max-snippet:-1","max-image-preview":"max-image-preview:large","max-video-preview":"max-video-preview:-1"},"canonical":"https:\/\/www.organisator.ch\/en\/general\/2021-08-25\/engagement-fuer-mehr-biodiversitaet-ausgezeichnet\/","og_locale":"en_US","og_type":"article","og_title":"Engagement f\u00fcr mehr Biodiversit\u00e4t ausgezeichnet - Organisator","og_description":"Biodiversit\u00e4t: Der mit 100'000 Franken h\u00f6chstdotierte Naturschutzpreis der Schweiz geht an das Projekt \u00abNatur findet Stadt\u00bb des Naturama Aargau.","og_url":"https:\/\/www.organisator.ch\/en\/general\/2021-08-25\/engagement-fuer-mehr-biodiversitaet-ausgezeichnet\/","og_site_name":"Organisator","article_publisher":"https:\/\/www.facebook.com\/OrganisatorFachmagazin","article_published_time":"2021-08-25T14:25:03+00:00","og_image":[{"width":1024,"height":683,"url":"https:\/\/www.organisator.ch\/wp-content\/uploads\/2021\/08\/Baden_Obstgarten-03_resized.jpg-1024x683.png","type":"image\/png"}],"author":"roger.straessle","twitter_card":"summary_large_image","schema":{"@context":"https:\/\/schema.org","@graph":[{"@type":"Article","@id":"https:\/\/www.organisator.ch\/en\/general\/2021-08-25\/engagement-fuer-mehr-biodiversitaet-ausgezeichnet\/#article","isPartOf":{"@id":"https:\/\/www.organisator.ch\/en\/general\/2021-08-25\/engagement-fuer-mehr-biodiversitaet-ausgezeichnet\/"},"author":{"name":"roger.straessle","@id":"https:\/\/www.organisator.ch\/#\/schema\/person\/a800b8c54e208b160517a7dcc323161d"},"headline":"Engagement f\u00fcr mehr Biodiversit\u00e4t ausgezeichnet","datePublished":"2021-08-25T14:25:03+00:00","mainEntityOfPage":{"@id":"https:\/\/www.organisator.ch\/en\/general\/2021-08-25\/engagement-fuer-mehr-biodiversitaet-ausgezeichnet\/"},"wordCount":452,"publisher":{"@id":"https:\/\/www.organisator.ch\/#organization"},"image":{"@id":"https:\/\/www.organisator.ch\/en\/general\/2021-08-25\/engagement-fuer-mehr-biodiversitaet-ausgezeichnet\/#primaryimage"},"thumbnailUrl":"https:\/\/www.organisator.ch\/wp-content\/uploads\/2021\/08\/Baden_Obstgarten-03_resized.jpg.png","keywords":["Binding-Preis","Biodiversit\u00e4t"],"articleSection":["Allgemein"],"inLanguage":"en-US"},{"@type":"WebPage","@id":"https:\/\/www.organisator.ch\/en\/general\/2021-08-25\/engagement-fuer-mehr-biodiversitaet-ausgezeichnet\/","url":"https:\/\/www.organisator.ch\/en\/general\/2021-08-25\/engagement-fuer-mehr-biodiversitaet-ausgezeichnet\/","name":"Commitment for more biodiversity awarded - Organizer","isPartOf":{"@id":"https:\/\/www.organisator.ch\/#website"},"primaryImageOfPage":{"@id":"https:\/\/www.organisator.ch\/en\/general\/2021-08-25\/engagement-fuer-mehr-biodiversitaet-ausgezeichnet\/#primaryimage"},"image":{"@id":"https:\/\/www.organisator.ch\/en\/general\/2021-08-25\/engagement-fuer-mehr-biodiversitaet-ausgezeichnet\/#primaryimage"},"thumbnailUrl":"https:\/\/www.organisator.ch\/wp-content\/uploads\/2021\/08\/Baden_Obstgarten-03_resized.jpg.png","datePublished":"2021-08-25T14:25:03+00:00","description":"Biodiversity: Switzerland's highest nature conservation prize of 100,000 Swiss francs goes to the Naturama Aargau's \"Natur findet Stadt\" project.","breadcrumb":{"@id":"https:\/\/www.organisator.ch\/en\/general\/2021-08-25\/engagement-fuer-mehr-biodiversitaet-ausgezeichnet\/#breadcrumb"},"inLanguage":"en-US","potentialAction":[{"@type":"ReadAction","target":["https:\/\/www.organisator.ch\/en\/general\/2021-08-25\/engagement-fuer-mehr-biodiversitaet-ausgezeichnet\/"]}]},{"@type":"ImageObject","inLanguage":"en-US","@id":"https:\/\/www.organisator.ch\/en\/general\/2021-08-25\/engagement-fuer-mehr-biodiversitaet-ausgezeichnet\/#primaryimage","url":"https:\/\/www.organisator.ch\/wp-content\/uploads\/2021\/08\/Baden_Obstgarten-03_resized.jpg.png","contentUrl":"https:\/\/www.organisator.ch\/wp-content\/uploads\/2021\/08\/Baden_Obstgarten-03_resized.jpg.png","width":1600,"height":1067,"caption":"Obstb\u00e4ume statt Autos: Auf diesem ehemaligen Parkplatz der ABB beim Martinsberg in Baden wurde ein Obstgarten geschaffen. Im Vordergrund rechts sieht man Asthaufen, die Kleintieren wertvollen Unterschlupf bieten. Foto: Stefanie W\u00fcrsch"},{"@type":"BreadcrumbList","@id":"https:\/\/www.organisator.ch\/en\/general\/2021-08-25\/engagement-fuer-mehr-biodiversitaet-ausgezeichnet\/#breadcrumb","itemListElement":[{"@type":"ListItem","position":1,"name":"Home","item":"https:\/\/www.organisator.ch\/"},{"@type":"ListItem","position":2,"name":"Engagement f\u00fcr mehr Biodiversit\u00e4t ausgezeichnet"}]},{"@type":"WebSite","@id":"https:\/\/www.organisator.ch\/#website","url":"https:\/\/www.organisator.ch\/","name":"Organizer","description":"Competent. Practical. In 10 issues per year, ORGANISATOR presents the essential topics for managers of SMEs.","publisher":{"@id":"https:\/\/www.organisator.ch\/#organization"},"potentialAction":[{"@type":"SearchAction","target":{"@type":"EntryPoint","urlTemplate":"https:\/\/www.organisator.ch\/?s={search_term_string}"},"query-input":{"@type":"PropertyValueSpecification","valueRequired":true,"valueName":"search_term_string"}}],"inLanguage":"en-US"},{"@type":"Organization","@id":"https:\/\/www.organisator.ch\/#organization","name":"Organizer","url":"https:\/\/www.organisator.ch\/","logo":{"@type":"ImageObject","inLanguage":"en-US","@id":"https:\/\/www.organisator.ch\/#\/schema\/logo\/image\/","url":"https:\/\/www.organisator.ch\/wp-content\/uploads\/2022\/01\/Logo_Organisator_Website.png","contentUrl":"https:\/\/www.organisator.ch\/wp-content\/uploads\/2022\/01\/Logo_Organisator_Website.png","width":800,"height":77,"caption":"Organisator"},"image":{"@id":"https:\/\/www.organisator.ch\/#\/schema\/logo\/image\/"},"sameAs":["https:\/\/www.facebook.com\/OrganisatorFachmagazin","https:\/\/www.linkedin.com\/showcase\/organisator-das-magazin-fr-kmu","https:\/\/www.xing.com\/news\/pages\/organisator-ch-695","https:\/\/www.youtube.com\/channel\/UCGP2Sq0iWaZwT3BdIAQFYpw"]},{"@type":"Person","@id":"https:\/\/www.organisator.ch\/#\/schema\/person\/a800b8c54e208b160517a7dcc323161d","name":"roger.straessle","image":{"@type":"ImageObject","inLanguage":"en-US","@id":"https:\/\/secure.gravatar.com\/avatar\/?s=96&d=mm&r=g","url":"https:\/\/secure.gravatar.com\/avatar\/?s=96&d=mm&r=g","contentUrl":"https:\/\/secure.gravatar.com\/avatar\/?s=96&d=mm&r=g","caption":"roger.straessle"},"url":"https:\/\/www.organisator.ch\/en\/author\/roger-straessle\/"}]}},"_links":{"self":[{"href":"https:\/\/www.organisator.ch\/en\/wp-json\/wp\/v2\/posts\/10313","targetHints":{"allow":["GET"]}}],"collection":[{"href":"https:\/\/www.organisator.ch\/en\/wp-json\/wp\/v2\/posts"}],"about":[{"href":"https:\/\/www.organisator.ch\/en\/wp-json\/wp\/v2\/types\/post"}],"author":[{"embeddable":true,"href":"https:\/\/www.organisator.ch\/en\/wp-json\/wp\/v2\/users\/6"}],"replies":[{"embeddable":true,"href":"https:\/\/www.organisator.ch\/en\/wp-json\/wp\/v2\/comments?post=10313"}],"version-history":[{"count":0,"href":"https:\/\/www.organisator.ch\/en\/wp-json\/wp\/v2\/posts\/10313\/revisions"}],"wp:featuredmedia":[{"embeddable":true,"href":"https:\/\/www.organisator.ch\/en\/wp-json\/wp\/v2\/media\/4728"}],"wp:attachment":[{"href":"https:\/\/www.organisator.ch\/en\/wp-json\/wp\/v2\/media?parent=10313"}],"wp:term":[{"taxonomy":"category","embeddable":true,"href":"https:\/\/www.organisator.ch\/en\/wp-json\/wp\/v2\/categories?post=10313"},{"taxonomy":"post_tag","embeddable":true,"href":"https:\/\/www.organisator.ch\/en\/wp-json\/wp\/v2\/tags?post=10313"}],"curies":[{"name":"wp","href":"https:\/\/api.w.org\/{rel}","templated":true}]}}