{"id":10315,"date":"2021-08-31T07:50:51","date_gmt":"2021-08-31T05:50:51","guid":{"rendered":"https:\/\/www.umweltperspektiven.ch\/?p=4758"},"modified":"2021-08-31T07:50:51","modified_gmt":"2021-08-31T05:50:51","slug":"oberstufe-gymnasien-und-berufsschulen-projektidee-mit-umweltrelevanz-umsetzen","status":"publish","type":"post","link":"https:\/\/www.organisator.ch\/en\/allgemein\/2021-08-31\/oberstufe-gymnasien-und-berufsschulen-projektidee-mit-umweltrelevanz-umsetzen\/","title":{"rendered":"Upper secondary schools, grammar schools and vocational schools: project idea with environmental relevance"},"content":{"rendered":"<figure id=\"attachment_4760\" aria-describedby=\"caption-attachment-4760\" style=\"width: 625px\" class=\"wp-caption aligncenter\"><img loading=\"lazy\" decoding=\"async\" class=\"wp-image-4760 size-full\" src=\"\/\/www.umweltperspektiven.ch\/wp-content\/uploads\/2021\/08\/Bild_korr.png\" alt=\"Umwelt Arena Switzerland, Environmental Education\" width=\"625\" height=\"422\" srcset=\"https:\/\/www.organisator.ch\/wp-content\/uploads\/2021\/08\/Bild_korr.png 625w, https:\/\/www.organisator.ch\/wp-content\/uploads\/2021\/08\/Bild_korr-18x12.png 18w, https:\/\/www.organisator.ch\/wp-content\/uploads\/2021\/08\/Bild_korr-259x175.png 259w, https:\/\/www.organisator.ch\/wp-content\/uploads\/2021\/08\/Bild_korr-518x350.png 518w, https:\/\/www.organisator.ch\/wp-content\/uploads\/2021\/08\/Bild_korr-300x203.png 300w\" sizes=\"auto, (max-width: 625px) 100vw, 625px\" \/><figcaption id=\"caption-attachment-4760\" class=\"wp-caption-text\">Environmental education is now part of the school backpack. \u00a9 zVg<\/figcaption><\/figure>\n<p>One of the goals of the Umwelt Arena Schweiz in Spreitenbach AG is the promotion and development of environmental education. For this reason, it now offers half-day workshops \"Youth and Climate Protection\". The offer is valid for high school classes, grammar schools and vocational schools and is free of charge (including admission, excluding round trip travel).<\/p>\n<p>\"Youth and Climate Protection\" is an interactive workshop, accompanied and moderated by the Environment Arena. Students develop a project idea with environmental relevance and put it directly into practice. The program includes the preparation in the class, the workshop on site as well as the follow-up including project completion with success control.<\/p>\n<p><em>Registration is required. Please directly via the website <a href=\"\/\/www.umweltarena.ch\">www.umweltarena.ch<\/a>, about <a href=\"mailto:fuehrungen@umweltarena.ch\">fuehrungen@umweltarena.ch<\/a> or 056 418 13 13. <\/em><\/p>","protected":false},"excerpt":{"rendered":"<p>Eines der Ziele der Umwelt Arena Schweiz in Spreitenbach AG ist die F\u00f6rderung und Entwicklung der Umweltbildung. Aus diesem Grund bietet sie neu halbt\u00e4gige Workshops \u00abJugend und Klimaschutz\u00bb an. Das Angebot gilt f\u00fcr Schulklassen der Oberstufe, Gymnasien und Berufsschulen und ist unentgeltlich (inklusive Eintritt, exklusive Hin-\/R\u00fcckreise). \u00abJugend und Klimaschutz\u00bb ist ein interaktiver Workshop, begleitet und [&hellip;]<\/p>\n","protected":false},"author":6,"featured_media":4760,"comment_status":"closed","ping_status":"closed","sticky":false,"template":"","format":"standard","meta":{"_acf_changed":false,"_yoast_wpseo_focuskw":"Umwelt Arena Schweiz","_yoast_wpseo_metadesc":"Die Umwelt Arena Schweiz in Spreitenbach AG bietet Workshops mit Umweltrelevanz f\u00fcr Oberstufe, Gymnasien und Berufsschulen kostenlos an","articlekey":"","footnotes":""},"categories":[1],"tags":[2353,2363,539],"class_list":["post-10315","post","type-post","status-publish","format-standard","has-post-thumbnail","hentry","category-allgemein","tag-umwelt-arena-schweiz","tag-umweltbildung","tag-workshop"],"acf":[],"yoast_head":"<!-- This site is optimized with the Yoast SEO plugin v27.5 - https:\/\/yoast.com\/product\/yoast-seo-wordpress\/ -->\n<title>- Organisator<\/title>\n<meta name=\"description\" content=\"Die Umwelt Arena Schweiz in Spreitenbach AG bietet Workshops mit Umweltrelevanz f\u00fcr Oberstufe, Gymnasien und Berufsschulen kostenlos an\" \/>\n<meta name=\"robots\" content=\"index, follow, max-snippet:-1, max-image-preview:large, max-video-preview:-1\" \/>\n<link rel=\"canonical\" href=\"https:\/\/www.organisator.ch\/en\/general\/2021-08-31\/oberstufe-gymnasien-und-berufsschulen-projektidee-mit-umweltrelevanz-umsetzen\/\" \/>\n<meta property=\"og:locale\" content=\"en_US\" \/>\n<meta property=\"og:type\" content=\"article\" \/>\n<meta property=\"og:title\" content=\"- Organisator\" \/>\n<meta property=\"og:description\" content=\"Die Umwelt Arena Schweiz in Spreitenbach AG bietet Workshops mit Umweltrelevanz f\u00fcr Oberstufe, Gymnasien und Berufsschulen kostenlos an\" \/>\n<meta property=\"og:url\" content=\"https:\/\/www.organisator.ch\/en\/general\/2021-08-31\/oberstufe-gymnasien-und-berufsschulen-projektidee-mit-umweltrelevanz-umsetzen\/\" \/>\n<meta property=\"og:site_name\" content=\"Organisator\" \/>\n<meta property=\"article:publisher\" content=\"https:\/\/www.facebook.com\/OrganisatorFachmagazin\" \/>\n<meta property=\"article:published_time\" content=\"2021-08-31T05:50:51+00:00\" \/>\n<meta property=\"og:image\" content=\"https:\/\/www.organisator.ch\/wp-content\/uploads\/2021\/08\/Bild_korr.png\" \/>\n\t<meta property=\"og:image:width\" content=\"625\" \/>\n\t<meta property=\"og:image:height\" content=\"422\" \/>\n\t<meta property=\"og:image:type\" content=\"image\/png\" \/>\n<meta name=\"author\" content=\"roger.straessle\" \/>\n<meta name=\"twitter:card\" content=\"summary_large_image\" \/>\n<script type=\"application\/ld+json\" class=\"yoast-schema-graph\">{\"@context\":\"https:\\\/\\\/schema.org\",\"@graph\":[{\"@type\":\"Article\",\"@id\":\"https:\\\/\\\/www.organisator.ch\\\/it\\\/generale\\\/2021-08-31\\\/oberstufe-gymnasien-und-berufsschulen-projektidee-mit-umweltrelevanz-umsetzen\\\/#article\",\"isPartOf\":{\"@id\":\"https:\\\/\\\/www.organisator.ch\\\/it\\\/generale\\\/2021-08-31\\\/oberstufe-gymnasien-und-berufsschulen-projektidee-mit-umweltrelevanz-umsetzen\\\/\"},\"author\":{\"name\":\"roger.straessle\",\"@id\":\"https:\\\/\\\/www.organisator.ch\\\/#\\\/schema\\\/person\\\/a800b8c54e208b160517a7dcc323161d\"},\"headline\":\"Oberstufe, Gymnasien und Berufsschulen: Projektidee mit Umweltrelevanz\",\"datePublished\":\"2021-08-31T05:50:51+00:00\",\"mainEntityOfPage\":{\"@id\":\"https:\\\/\\\/www.organisator.ch\\\/it\\\/generale\\\/2021-08-31\\\/oberstufe-gymnasien-und-berufsschulen-projektidee-mit-umweltrelevanz-umsetzen\\\/\"},\"wordCount\":140,\"publisher\":{\"@id\":\"https:\\\/\\\/www.organisator.ch\\\/#organization\"},\"image\":{\"@id\":\"https:\\\/\\\/www.organisator.ch\\\/it\\\/generale\\\/2021-08-31\\\/oberstufe-gymnasien-und-berufsschulen-projektidee-mit-umweltrelevanz-umsetzen\\\/#primaryimage\"},\"thumbnailUrl\":\"https:\\\/\\\/www.organisator.ch\\\/wp-content\\\/uploads\\\/2021\\\/08\\\/Bild_korr.png\",\"keywords\":[\"Umwelt Arena Schweiz\",\"Umweltbildung\",\"Workshop\"],\"articleSection\":[\"Allgemein\"],\"inLanguage\":\"en-US\"},{\"@type\":\"WebPage\",\"@id\":\"https:\\\/\\\/www.organisator.ch\\\/it\\\/generale\\\/2021-08-31\\\/oberstufe-gymnasien-und-berufsschulen-projektidee-mit-umweltrelevanz-umsetzen\\\/\",\"url\":\"https:\\\/\\\/www.organisator.ch\\\/it\\\/generale\\\/2021-08-31\\\/oberstufe-gymnasien-und-berufsschulen-projektidee-mit-umweltrelevanz-umsetzen\\\/\",\"name\":\"- Organisator\",\"isPartOf\":{\"@id\":\"https:\\\/\\\/www.organisator.ch\\\/#website\"},\"primaryImageOfPage\":{\"@id\":\"https:\\\/\\\/www.organisator.ch\\\/it\\\/generale\\\/2021-08-31\\\/oberstufe-gymnasien-und-berufsschulen-projektidee-mit-umweltrelevanz-umsetzen\\\/#primaryimage\"},\"image\":{\"@id\":\"https:\\\/\\\/www.organisator.ch\\\/it\\\/generale\\\/2021-08-31\\\/oberstufe-gymnasien-und-berufsschulen-projektidee-mit-umweltrelevanz-umsetzen\\\/#primaryimage\"},\"thumbnailUrl\":\"https:\\\/\\\/www.organisator.ch\\\/wp-content\\\/uploads\\\/2021\\\/08\\\/Bild_korr.png\",\"datePublished\":\"2021-08-31T05:50:51+00:00\",\"description\":\"Die Umwelt Arena Schweiz in Spreitenbach AG bietet Workshops mit Umweltrelevanz f\u00fcr Oberstufe, Gymnasien und Berufsschulen kostenlos an\",\"breadcrumb\":{\"@id\":\"https:\\\/\\\/www.organisator.ch\\\/it\\\/generale\\\/2021-08-31\\\/oberstufe-gymnasien-und-berufsschulen-projektidee-mit-umweltrelevanz-umsetzen\\\/#breadcrumb\"},\"inLanguage\":\"en-US\",\"potentialAction\":[{\"@type\":\"ReadAction\",\"target\":[\"https:\\\/\\\/www.organisator.ch\\\/it\\\/generale\\\/2021-08-31\\\/oberstufe-gymnasien-und-berufsschulen-projektidee-mit-umweltrelevanz-umsetzen\\\/\"]}]},{\"@type\":\"ImageObject\",\"inLanguage\":\"en-US\",\"@id\":\"https:\\\/\\\/www.organisator.ch\\\/it\\\/generale\\\/2021-08-31\\\/oberstufe-gymnasien-und-berufsschulen-projektidee-mit-umweltrelevanz-umsetzen\\\/#primaryimage\",\"url\":\"https:\\\/\\\/www.organisator.ch\\\/wp-content\\\/uploads\\\/2021\\\/08\\\/Bild_korr.png\",\"contentUrl\":\"https:\\\/\\\/www.organisator.ch\\\/wp-content\\\/uploads\\\/2021\\\/08\\\/Bild_korr.png\",\"width\":625,\"height\":422,\"caption\":\"\u00a9 zVg\"},{\"@type\":\"BreadcrumbList\",\"@id\":\"https:\\\/\\\/www.organisator.ch\\\/it\\\/generale\\\/2021-08-31\\\/oberstufe-gymnasien-und-berufsschulen-projektidee-mit-umweltrelevanz-umsetzen\\\/#breadcrumb\",\"itemListElement\":[{\"@type\":\"ListItem\",\"position\":1,\"name\":\"Home\",\"item\":\"https:\\\/\\\/www.organisator.ch\\\/\"},{\"@type\":\"ListItem\",\"position\":2,\"name\":\"Oberstufe, Gymnasien und Berufsschulen: Projektidee mit Umweltrelevanz\"}]},{\"@type\":\"WebSite\",\"@id\":\"https:\\\/\\\/www.organisator.ch\\\/#website\",\"url\":\"https:\\\/\\\/www.organisator.ch\\\/\",\"name\":\"Organisator\",\"description\":\"Kompetent. Praxisnah. Der ORGANISATOR bereitet in 10 Ausgaben pro Jahr die wesentlichen Themen f\u00fcr F\u00fchrungskr\u00e4fte von KMU auf.\",\"publisher\":{\"@id\":\"https:\\\/\\\/www.organisator.ch\\\/#organization\"},\"potentialAction\":[{\"@type\":\"SearchAction\",\"target\":{\"@type\":\"EntryPoint\",\"urlTemplate\":\"https:\\\/\\\/www.organisator.ch\\\/?s={search_term_string}\"},\"query-input\":{\"@type\":\"PropertyValueSpecification\",\"valueRequired\":true,\"valueName\":\"search_term_string\"}}],\"inLanguage\":\"en-US\"},{\"@type\":\"Organization\",\"@id\":\"https:\\\/\\\/www.organisator.ch\\\/#organization\",\"name\":\"Organisator\",\"url\":\"https:\\\/\\\/www.organisator.ch\\\/\",\"logo\":{\"@type\":\"ImageObject\",\"inLanguage\":\"en-US\",\"@id\":\"https:\\\/\\\/www.organisator.ch\\\/#\\\/schema\\\/logo\\\/image\\\/\",\"url\":\"https:\\\/\\\/www.organisator.ch\\\/wp-content\\\/uploads\\\/2022\\\/01\\\/Logo_Organisator_Website.png\",\"contentUrl\":\"https:\\\/\\\/www.organisator.ch\\\/wp-content\\\/uploads\\\/2022\\\/01\\\/Logo_Organisator_Website.png\",\"width\":800,\"height\":77,\"caption\":\"Organisator\"},\"image\":{\"@id\":\"https:\\\/\\\/www.organisator.ch\\\/#\\\/schema\\\/logo\\\/image\\\/\"},\"sameAs\":[\"https:\\\/\\\/www.facebook.com\\\/OrganisatorFachmagazin\",\"https:\\\/\\\/www.linkedin.com\\\/showcase\\\/organisator-das-magazin-fr-kmu\",\"https:\\\/\\\/www.xing.com\\\/news\\\/pages\\\/organisator-ch-695\",\"https:\\\/\\\/www.youtube.com\\\/channel\\\/UCGP2Sq0iWaZwT3BdIAQFYpw\"]},{\"@type\":\"Person\",\"@id\":\"https:\\\/\\\/www.organisator.ch\\\/#\\\/schema\\\/person\\\/a800b8c54e208b160517a7dcc323161d\",\"name\":\"roger.straessle\",\"image\":{\"@type\":\"ImageObject\",\"inLanguage\":\"en-US\",\"@id\":\"https:\\\/\\\/secure.gravatar.com\\\/avatar\\\/?s=96&d=mm&r=g\",\"url\":\"https:\\\/\\\/secure.gravatar.com\\\/avatar\\\/?s=96&d=mm&r=g\",\"contentUrl\":\"https:\\\/\\\/secure.gravatar.com\\\/avatar\\\/?s=96&d=mm&r=g\",\"caption\":\"roger.straessle\"},\"url\":\"https:\\\/\\\/www.organisator.ch\\\/en\\\/author\\\/roger-straessle\\\/\"}]}<\/script>\n<!-- \/ Yoast SEO plugin. -->","yoast_head_json":{"title":"- Organizer","description":"The Umwelt Arena Schweiz in Spreitenbach AG offers workshops with environmental relevance free of charge for senior high schools, high schools and vocational schools","robots":{"index":"index","follow":"follow","max-snippet":"max-snippet:-1","max-image-preview":"max-image-preview:large","max-video-preview":"max-video-preview:-1"},"canonical":"https:\/\/www.organisator.ch\/en\/general\/2021-08-31\/oberstufe-gymnasien-und-berufsschulen-projektidee-mit-umweltrelevanz-umsetzen\/","og_locale":"en_US","og_type":"article","og_title":"- Organisator","og_description":"Die Umwelt Arena Schweiz in Spreitenbach AG bietet Workshops mit Umweltrelevanz f\u00fcr Oberstufe, Gymnasien und Berufsschulen kostenlos an","og_url":"https:\/\/www.organisator.ch\/en\/general\/2021-08-31\/oberstufe-gymnasien-und-berufsschulen-projektidee-mit-umweltrelevanz-umsetzen\/","og_site_name":"Organisator","article_publisher":"https:\/\/www.facebook.com\/OrganisatorFachmagazin","article_published_time":"2021-08-31T05:50:51+00:00","og_image":[{"width":625,"height":422,"url":"https:\/\/www.organisator.ch\/wp-content\/uploads\/2021\/08\/Bild_korr.png","type":"image\/png"}],"author":"roger.straessle","twitter_card":"summary_large_image","schema":{"@context":"https:\/\/schema.org","@graph":[{"@type":"Article","@id":"https:\/\/www.organisator.ch\/it\/generale\/2021-08-31\/oberstufe-gymnasien-und-berufsschulen-projektidee-mit-umweltrelevanz-umsetzen\/#article","isPartOf":{"@id":"https:\/\/www.organisator.ch\/it\/generale\/2021-08-31\/oberstufe-gymnasien-und-berufsschulen-projektidee-mit-umweltrelevanz-umsetzen\/"},"author":{"name":"roger.straessle","@id":"https:\/\/www.organisator.ch\/#\/schema\/person\/a800b8c54e208b160517a7dcc323161d"},"headline":"Oberstufe, Gymnasien und Berufsschulen: Projektidee mit Umweltrelevanz","datePublished":"2021-08-31T05:50:51+00:00","mainEntityOfPage":{"@id":"https:\/\/www.organisator.ch\/it\/generale\/2021-08-31\/oberstufe-gymnasien-und-berufsschulen-projektidee-mit-umweltrelevanz-umsetzen\/"},"wordCount":140,"publisher":{"@id":"https:\/\/www.organisator.ch\/#organization"},"image":{"@id":"https:\/\/www.organisator.ch\/it\/generale\/2021-08-31\/oberstufe-gymnasien-und-berufsschulen-projektidee-mit-umweltrelevanz-umsetzen\/#primaryimage"},"thumbnailUrl":"https:\/\/www.organisator.ch\/wp-content\/uploads\/2021\/08\/Bild_korr.png","keywords":["Umwelt Arena Schweiz","Umweltbildung","Workshop"],"articleSection":["Allgemein"],"inLanguage":"en-US"},{"@type":"WebPage","@id":"https:\/\/www.organisator.ch\/it\/generale\/2021-08-31\/oberstufe-gymnasien-und-berufsschulen-projektidee-mit-umweltrelevanz-umsetzen\/","url":"https:\/\/www.organisator.ch\/it\/generale\/2021-08-31\/oberstufe-gymnasien-und-berufsschulen-projektidee-mit-umweltrelevanz-umsetzen\/","name":"- Organizer","isPartOf":{"@id":"https:\/\/www.organisator.ch\/#website"},"primaryImageOfPage":{"@id":"https:\/\/www.organisator.ch\/it\/generale\/2021-08-31\/oberstufe-gymnasien-und-berufsschulen-projektidee-mit-umweltrelevanz-umsetzen\/#primaryimage"},"image":{"@id":"https:\/\/www.organisator.ch\/it\/generale\/2021-08-31\/oberstufe-gymnasien-und-berufsschulen-projektidee-mit-umweltrelevanz-umsetzen\/#primaryimage"},"thumbnailUrl":"https:\/\/www.organisator.ch\/wp-content\/uploads\/2021\/08\/Bild_korr.png","datePublished":"2021-08-31T05:50:51+00:00","description":"The Umwelt Arena Schweiz in Spreitenbach AG offers workshops with environmental relevance free of charge for senior high schools, high schools and vocational schools","breadcrumb":{"@id":"https:\/\/www.organisator.ch\/it\/generale\/2021-08-31\/oberstufe-gymnasien-und-berufsschulen-projektidee-mit-umweltrelevanz-umsetzen\/#breadcrumb"},"inLanguage":"en-US","potentialAction":[{"@type":"ReadAction","target":["https:\/\/www.organisator.ch\/it\/generale\/2021-08-31\/oberstufe-gymnasien-und-berufsschulen-projektidee-mit-umweltrelevanz-umsetzen\/"]}]},{"@type":"ImageObject","inLanguage":"en-US","@id":"https:\/\/www.organisator.ch\/it\/generale\/2021-08-31\/oberstufe-gymnasien-und-berufsschulen-projektidee-mit-umweltrelevanz-umsetzen\/#primaryimage","url":"https:\/\/www.organisator.ch\/wp-content\/uploads\/2021\/08\/Bild_korr.png","contentUrl":"https:\/\/www.organisator.ch\/wp-content\/uploads\/2021\/08\/Bild_korr.png","width":625,"height":422,"caption":"\u00a9 zVg"},{"@type":"BreadcrumbList","@id":"https:\/\/www.organisator.ch\/it\/generale\/2021-08-31\/oberstufe-gymnasien-und-berufsschulen-projektidee-mit-umweltrelevanz-umsetzen\/#breadcrumb","itemListElement":[{"@type":"ListItem","position":1,"name":"Home","item":"https:\/\/www.organisator.ch\/"},{"@type":"ListItem","position":2,"name":"Oberstufe, Gymnasien und Berufsschulen: Projektidee mit Umweltrelevanz"}]},{"@type":"WebSite","@id":"https:\/\/www.organisator.ch\/#website","url":"https:\/\/www.organisator.ch\/","name":"Organizer","description":"Competent. Practical. In 10 issues per year, ORGANISATOR presents the essential topics for managers of SMEs.","publisher":{"@id":"https:\/\/www.organisator.ch\/#organization"},"potentialAction":[{"@type":"SearchAction","target":{"@type":"EntryPoint","urlTemplate":"https:\/\/www.organisator.ch\/?s={search_term_string}"},"query-input":{"@type":"PropertyValueSpecification","valueRequired":true,"valueName":"search_term_string"}}],"inLanguage":"en-US"},{"@type":"Organization","@id":"https:\/\/www.organisator.ch\/#organization","name":"Organizer","url":"https:\/\/www.organisator.ch\/","logo":{"@type":"ImageObject","inLanguage":"en-US","@id":"https:\/\/www.organisator.ch\/#\/schema\/logo\/image\/","url":"https:\/\/www.organisator.ch\/wp-content\/uploads\/2022\/01\/Logo_Organisator_Website.png","contentUrl":"https:\/\/www.organisator.ch\/wp-content\/uploads\/2022\/01\/Logo_Organisator_Website.png","width":800,"height":77,"caption":"Organisator"},"image":{"@id":"https:\/\/www.organisator.ch\/#\/schema\/logo\/image\/"},"sameAs":["https:\/\/www.facebook.com\/OrganisatorFachmagazin","https:\/\/www.linkedin.com\/showcase\/organisator-das-magazin-fr-kmu","https:\/\/www.xing.com\/news\/pages\/organisator-ch-695","https:\/\/www.youtube.com\/channel\/UCGP2Sq0iWaZwT3BdIAQFYpw"]},{"@type":"Person","@id":"https:\/\/www.organisator.ch\/#\/schema\/person\/a800b8c54e208b160517a7dcc323161d","name":"roger.straessle","image":{"@type":"ImageObject","inLanguage":"en-US","@id":"https:\/\/secure.gravatar.com\/avatar\/?s=96&d=mm&r=g","url":"https:\/\/secure.gravatar.com\/avatar\/?s=96&d=mm&r=g","contentUrl":"https:\/\/secure.gravatar.com\/avatar\/?s=96&d=mm&r=g","caption":"roger.straessle"},"url":"https:\/\/www.organisator.ch\/en\/author\/roger-straessle\/"}]}},"_links":{"self":[{"href":"https:\/\/www.organisator.ch\/en\/wp-json\/wp\/v2\/posts\/10315","targetHints":{"allow":["GET"]}}],"collection":[{"href":"https:\/\/www.organisator.ch\/en\/wp-json\/wp\/v2\/posts"}],"about":[{"href":"https:\/\/www.organisator.ch\/en\/wp-json\/wp\/v2\/types\/post"}],"author":[{"embeddable":true,"href":"https:\/\/www.organisator.ch\/en\/wp-json\/wp\/v2\/users\/6"}],"replies":[{"embeddable":true,"href":"https:\/\/www.organisator.ch\/en\/wp-json\/wp\/v2\/comments?post=10315"}],"version-history":[{"count":0,"href":"https:\/\/www.organisator.ch\/en\/wp-json\/wp\/v2\/posts\/10315\/revisions"}],"wp:featuredmedia":[{"embeddable":true,"href":"https:\/\/www.organisator.ch\/en\/wp-json\/wp\/v2\/media\/4760"}],"wp:attachment":[{"href":"https:\/\/www.organisator.ch\/en\/wp-json\/wp\/v2\/media?parent=10315"}],"wp:term":[{"taxonomy":"category","embeddable":true,"href":"https:\/\/www.organisator.ch\/en\/wp-json\/wp\/v2\/categories?post=10315"},{"taxonomy":"post_tag","embeddable":true,"href":"https:\/\/www.organisator.ch\/en\/wp-json\/wp\/v2\/tags?post=10315"}],"curies":[{"name":"wp","href":"https:\/\/api.w.org\/{rel}","templated":true}]}}