{"id":10327,"date":"2021-09-17T16:09:04","date_gmt":"2021-09-17T14:09:04","guid":{"rendered":"https:\/\/www.umweltperspektiven.ch\/?p=4898"},"modified":"2021-09-17T16:09:04","modified_gmt":"2021-09-17T14:09:04","slug":"weichen-fuer-neue-co2-gesetzesvorlage-gestellt","status":"publish","type":"post","link":"https:\/\/www.organisator.ch\/en\/allgemein\/2021-09-17\/weichen-fuer-neue-co2-gesetzesvorlage-gestellt\/","title":{"rendered":"Course set for new CO2 bill"},"content":{"rendered":"<figure id=\"attachment_4899\" aria-describedby=\"caption-attachment-4899\" style=\"width: 680px\" class=\"wp-caption aligncenter\"><img loading=\"lazy\" decoding=\"async\" class=\"size-medium wp-image-4899\" src=\"\/\/www.umweltperspektiven.ch\/wp-content\/uploads\/2021\/09\/Depositphotos_13494714_s-2019.jpg\" alt=\"CO2 law\" width=\"680\" height=\"510\" \/><figcaption id=\"caption-attachment-4899\" class=\"wp-caption-text\">\u00a9 Depositphotos, bluecups<\/figcaption><\/figure>\n<p>On September 17, the Federal Council decided on the further course of action in climate policy. This was based on an analysis of the result of the vote on the revised CO2 law, according to which generally the concern about rising costs, in particular the possible increase in the price of gasoline, led to rejection, according to the media release. The Federal Council had also been informed by the Uvek about the discussions with various associations that the Federal Office had held in the aftermath of the June 13 vote.<\/p>\n<p>The current CO2 Act requires the Federal Council to submit proposals to Parliament in good time on reduction targets for the period after 2020 and thus also additional measures. It has therefore instructed the Uvek to prepare a consultation draft by the end of the year that takes account of the outcome of the vote and is suitable for creating as broad a basis as possible for future climate policy. According to the federal government, the focus should be on measures that enable the population to reduce CO2 emissions in everyday life and that support the ongoing efforts of the various industries.<\/p>\n<p>Future climate policy as a whole is to be based on a mix of instruments: The steering effect of the CO2 tax is to be supplemented with effective incentives and targeted support.<\/p>\n<p><strong>Key figures of the revision<\/strong><\/p>\n<p>For further work, the Federal Council has adopted a set of benchmarks.<\/p>\n<ul>\n<li>The bill is to build on the current CO2 Act. Existing instruments will be continued.<\/li>\n<li>The bill is intended to do without new levies. In the event that additional funds are required in the buildings sector, DETEC is considering temporarily adjusting the earmarking of the CO2 levy.<\/li>\n<li>Funds from various climate policy instruments should generally benefit those sectors from which the funds originate.<\/li>\n<li>In order to avoid bad investments and to strengthen ongoing developments, the bill aims to create various financial incentives. Anyone who wants to buy a hydrogen truck today, for example, needs to know how long alternative drives will remain exempt from the HVF. The new bill aims to create legal certainty for the industry with a time-limited exemption at the legislative level.<\/li>\n<li>Additional support measures are intended to support the ongoing efforts of the population and the respective industries.<br \/>\n1. in the building sector, the replacement of old oil and gas heating systems is to receive additional financial support.<br \/>\n2. in the mobility sector, the expansion of the infrastructure for electric cars is to be promoted. These will be supplemented<br \/>\nefforts by adjusting the CO2 target values for vehicle imports.<br \/>\n3. in public transport, the tax privilege for diesel buses is to be gradually abolished. The resulting<br \/>\nAdditional revenue is to be earmarked for the purchase of electric buses for local and regional transport.<br \/>\nbe<\/li>\n<li>Newly, additional companies are to be able to exempt themselves from the CO2 tax if, in return, they enter into a commitment to reduce their emissions. Today, the possibility of exemption is limited to individual sectors.<\/li>\n<li>In the aviation sector, a blending quota for sustainable fuels is to be introduced in line with developments in the EU. In addition, it will be examined whether the introduction of a minimum proportion of sustainable fuels should be accompanied by financial support or financial incentives for airlines.<\/li>\n<\/ul>\n<p>The various measures, in conjunction with technological progress and momentum in various sectors, make it possible to stick to the reduction target of 50 percent by 2030. The exact relationship between domestic and foreign offsets remains to be determined. With the conclusion of various bilateral agreements, Switzerland has created the conditions for compensation projects abroad.<\/p>\n<p>The efforts in the climate sector are accompanied by targeted measures in the energy sector. At its meeting on June 18, 2021, the Federal Council adopted the dispatch on the Federal Act on a Secure Electricity Supply with Renewable Energies. With this bill, the Federal Council aims to strengthen the expansion of domestic renewable energies and Switzerland's security of supply.<\/p>\n<p><em>Source: Confederation<\/em><\/p>\n<blockquote><p><strong>Exemption from CO2 tax still possible<\/strong><\/p>\n<p>The Federal Council supports the continuation of the instruments of the existing CO2 Act, which are limited until 2021, until the end of 2024, as it stated on September 17, 2021 in its statement on the report of the Urek-N on the parliamentary initiative 21.477 \"Extension of the reduction target in the current CO2 Act\". With the proposed amendment to the CO2 Act, Switzerland's climate target is to be extended until 2024. Swiss companies should also be able to continue to be exempted from the CO2 tax. The obligation of fuel importers to offset emissions from transport with climate protection projects at home and now also abroad would also be extended. (cf. <a href=\"\/\/ww.admin.ch\/gov\/de\/start\/dokumentation\/medienmitteilungen.msg-id-85136.html\">here<\/a>)<\/p><\/blockquote>","protected":false},"excerpt":{"rendered":"<p>Der Bundesrat hat am 17. September \u00fcber das weitere Vorgehen in der Klimapolitik entschieden. Das ist gest\u00fctzt auf eine Analyse des Abstimmungsergebnisses zum revidierten CO2-Gesetz erfolgt, wonach generell die Sorge vor steigenden Kosten, insbesondere die m\u00f6gliche Erh\u00f6hung des Benzinpreises, zur Ablehnung gef\u00fchrt hat, wie es in der Medienmitteilung heisst. Der Bundesrat habe sich zudem vom [&hellip;]<\/p>\n","protected":false},"author":6,"featured_media":9853,"comment_status":"closed","ping_status":"closed","sticky":false,"template":"","format":"standard","meta":{"_acf_changed":false,"_yoast_wpseo_focuskw":"CO2-Gesetz","_yoast_wpseo_metadesc":"Der Bundesrat hat die Weichen f\u00fcr eine neue Gesetzesvorlage gestellt. Bis Ende Jahr soll ein Vorschlag in Vernehmlassung gehen, wie mitgeteilt wurde.","articlekey":"","footnotes":""},"categories":[1],"tags":[597,2460],"class_list":["post-10327","post","type-post","status-publish","format-standard","has-post-thumbnail","hentry","category-allgemein","tag-co2-gesetz","tag-vernehmlassung"],"acf":[],"yoast_head":"<!-- This site is optimized with the Yoast SEO plugin v27.4 - https:\/\/yoast.com\/product\/yoast-seo-wordpress\/ -->\n<title>Weichen f\u00fcr neue CO2-Gesetzesvorlage gestellt - Organisator<\/title>\n<meta name=\"description\" content=\"Der Bundesrat hat die Weichen f\u00fcr eine neue Gesetzesvorlage gestellt. Bis Ende Jahr soll ein Vorschlag in Vernehmlassung gehen, wie mitgeteilt wurde.\" \/>\n<meta name=\"robots\" content=\"index, follow, max-snippet:-1, max-image-preview:large, max-video-preview:-1\" \/>\n<link rel=\"canonical\" href=\"https:\/\/www.organisator.ch\/en\/general\/2021-09-17\/weichen-fuer-neue-co2-gesetzesvorlage-gestellt\/\" \/>\n<meta property=\"og:locale\" content=\"en_US\" \/>\n<meta property=\"og:type\" content=\"article\" \/>\n<meta property=\"og:title\" content=\"Weichen f\u00fcr neue CO2-Gesetzesvorlage gestellt - Organisator\" \/>\n<meta property=\"og:description\" content=\"Der Bundesrat hat die Weichen f\u00fcr eine neue Gesetzesvorlage gestellt. Bis Ende Jahr soll ein Vorschlag in Vernehmlassung gehen, wie mitgeteilt wurde.\" \/>\n<meta property=\"og:url\" content=\"https:\/\/www.organisator.ch\/en\/general\/2021-09-17\/weichen-fuer-neue-co2-gesetzesvorlage-gestellt\/\" \/>\n<meta property=\"og:site_name\" content=\"Organisator\" \/>\n<meta property=\"article:publisher\" content=\"https:\/\/www.facebook.com\/OrganisatorFachmagazin\" \/>\n<meta property=\"article:published_time\" content=\"2021-09-17T14:09:04+00:00\" \/>\n<meta property=\"og:image\" content=\"https:\/\/www.organisator.ch\/wp-content\/uploads\/2021\/09\/Depositphotos_13494714_s-2019.jpg\" \/>\n\t<meta property=\"og:image:width\" content=\"1000\" \/>\n\t<meta property=\"og:image:height\" content=\"750\" \/>\n\t<meta property=\"og:image:type\" content=\"image\/jpeg\" \/>\n<meta name=\"author\" content=\"roger.straessle\" \/>\n<meta name=\"twitter:card\" content=\"summary_large_image\" \/>\n<script type=\"application\/ld+json\" class=\"yoast-schema-graph\">{\"@context\":\"https:\\\/\\\/schema.org\",\"@graph\":[{\"@type\":\"Article\",\"@id\":\"https:\\\/\\\/www.organisator.ch\\\/fr\\\/general\\\/2021-09-17\\\/weichen-fuer-neue-co2-gesetzesvorlage-gestellt\\\/#article\",\"isPartOf\":{\"@id\":\"https:\\\/\\\/www.organisator.ch\\\/fr\\\/general\\\/2021-09-17\\\/weichen-fuer-neue-co2-gesetzesvorlage-gestellt\\\/\"},\"author\":{\"name\":\"roger.straessle\",\"@id\":\"https:\\\/\\\/www.organisator.ch\\\/#\\\/schema\\\/person\\\/a800b8c54e208b160517a7dcc323161d\"},\"headline\":\"Weichen f\u00fcr neue CO2-Gesetzesvorlage gestellt\",\"datePublished\":\"2021-09-17T14:09:04+00:00\",\"mainEntityOfPage\":{\"@id\":\"https:\\\/\\\/www.organisator.ch\\\/fr\\\/general\\\/2021-09-17\\\/weichen-fuer-neue-co2-gesetzesvorlage-gestellt\\\/\"},\"wordCount\":745,\"publisher\":{\"@id\":\"https:\\\/\\\/www.organisator.ch\\\/#organization\"},\"image\":{\"@id\":\"https:\\\/\\\/www.organisator.ch\\\/fr\\\/general\\\/2021-09-17\\\/weichen-fuer-neue-co2-gesetzesvorlage-gestellt\\\/#primaryimage\"},\"thumbnailUrl\":\"https:\\\/\\\/www.organisator.ch\\\/wp-content\\\/uploads\\\/2021\\\/09\\\/Depositphotos_13494714_s-2019.jpg\",\"keywords\":[\"CO2-Gesetz\",\"Vernehmlassung\"],\"articleSection\":[\"Allgemein\"],\"inLanguage\":\"en-US\"},{\"@type\":\"WebPage\",\"@id\":\"https:\\\/\\\/www.organisator.ch\\\/fr\\\/general\\\/2021-09-17\\\/weichen-fuer-neue-co2-gesetzesvorlage-gestellt\\\/\",\"url\":\"https:\\\/\\\/www.organisator.ch\\\/fr\\\/general\\\/2021-09-17\\\/weichen-fuer-neue-co2-gesetzesvorlage-gestellt\\\/\",\"name\":\"Weichen f\u00fcr neue CO2-Gesetzesvorlage gestellt - Organisator\",\"isPartOf\":{\"@id\":\"https:\\\/\\\/www.organisator.ch\\\/#website\"},\"primaryImageOfPage\":{\"@id\":\"https:\\\/\\\/www.organisator.ch\\\/fr\\\/general\\\/2021-09-17\\\/weichen-fuer-neue-co2-gesetzesvorlage-gestellt\\\/#primaryimage\"},\"image\":{\"@id\":\"https:\\\/\\\/www.organisator.ch\\\/fr\\\/general\\\/2021-09-17\\\/weichen-fuer-neue-co2-gesetzesvorlage-gestellt\\\/#primaryimage\"},\"thumbnailUrl\":\"https:\\\/\\\/www.organisator.ch\\\/wp-content\\\/uploads\\\/2021\\\/09\\\/Depositphotos_13494714_s-2019.jpg\",\"datePublished\":\"2021-09-17T14:09:04+00:00\",\"description\":\"Der Bundesrat hat die Weichen f\u00fcr eine neue Gesetzesvorlage gestellt. Bis Ende Jahr soll ein Vorschlag in Vernehmlassung gehen, wie mitgeteilt wurde.\",\"breadcrumb\":{\"@id\":\"https:\\\/\\\/www.organisator.ch\\\/fr\\\/general\\\/2021-09-17\\\/weichen-fuer-neue-co2-gesetzesvorlage-gestellt\\\/#breadcrumb\"},\"inLanguage\":\"en-US\",\"potentialAction\":[{\"@type\":\"ReadAction\",\"target\":[\"https:\\\/\\\/www.organisator.ch\\\/fr\\\/general\\\/2021-09-17\\\/weichen-fuer-neue-co2-gesetzesvorlage-gestellt\\\/\"]}]},{\"@type\":\"ImageObject\",\"inLanguage\":\"en-US\",\"@id\":\"https:\\\/\\\/www.organisator.ch\\\/fr\\\/general\\\/2021-09-17\\\/weichen-fuer-neue-co2-gesetzesvorlage-gestellt\\\/#primaryimage\",\"url\":\"https:\\\/\\\/www.organisator.ch\\\/wp-content\\\/uploads\\\/2021\\\/09\\\/Depositphotos_13494714_s-2019.jpg\",\"contentUrl\":\"https:\\\/\\\/www.organisator.ch\\\/wp-content\\\/uploads\\\/2021\\\/09\\\/Depositphotos_13494714_s-2019.jpg\",\"width\":1000,\"height\":750,\"caption\":\"\u00a9 Depositphotos, bluecups\"},{\"@type\":\"BreadcrumbList\",\"@id\":\"https:\\\/\\\/www.organisator.ch\\\/fr\\\/general\\\/2021-09-17\\\/weichen-fuer-neue-co2-gesetzesvorlage-gestellt\\\/#breadcrumb\",\"itemListElement\":[{\"@type\":\"ListItem\",\"position\":1,\"name\":\"Home\",\"item\":\"https:\\\/\\\/www.organisator.ch\\\/\"},{\"@type\":\"ListItem\",\"position\":2,\"name\":\"Weichen f\u00fcr neue CO2-Gesetzesvorlage gestellt\"}]},{\"@type\":\"WebSite\",\"@id\":\"https:\\\/\\\/www.organisator.ch\\\/#website\",\"url\":\"https:\\\/\\\/www.organisator.ch\\\/\",\"name\":\"Organisator\",\"description\":\"Kompetent. Praxisnah. Der ORGANISATOR bereitet in 10 Ausgaben pro Jahr die wesentlichen Themen f\u00fcr F\u00fchrungskr\u00e4fte von KMU auf.\",\"publisher\":{\"@id\":\"https:\\\/\\\/www.organisator.ch\\\/#organization\"},\"potentialAction\":[{\"@type\":\"SearchAction\",\"target\":{\"@type\":\"EntryPoint\",\"urlTemplate\":\"https:\\\/\\\/www.organisator.ch\\\/?s={search_term_string}\"},\"query-input\":{\"@type\":\"PropertyValueSpecification\",\"valueRequired\":true,\"valueName\":\"search_term_string\"}}],\"inLanguage\":\"en-US\"},{\"@type\":\"Organization\",\"@id\":\"https:\\\/\\\/www.organisator.ch\\\/#organization\",\"name\":\"Organisator\",\"url\":\"https:\\\/\\\/www.organisator.ch\\\/\",\"logo\":{\"@type\":\"ImageObject\",\"inLanguage\":\"en-US\",\"@id\":\"https:\\\/\\\/www.organisator.ch\\\/#\\\/schema\\\/logo\\\/image\\\/\",\"url\":\"https:\\\/\\\/www.organisator.ch\\\/wp-content\\\/uploads\\\/2022\\\/01\\\/Logo_Organisator_Website.png\",\"contentUrl\":\"https:\\\/\\\/www.organisator.ch\\\/wp-content\\\/uploads\\\/2022\\\/01\\\/Logo_Organisator_Website.png\",\"width\":800,\"height\":77,\"caption\":\"Organisator\"},\"image\":{\"@id\":\"https:\\\/\\\/www.organisator.ch\\\/#\\\/schema\\\/logo\\\/image\\\/\"},\"sameAs\":[\"https:\\\/\\\/www.facebook.com\\\/OrganisatorFachmagazin\",\"https:\\\/\\\/www.linkedin.com\\\/showcase\\\/organisator-das-magazin-fr-kmu\",\"https:\\\/\\\/www.xing.com\\\/news\\\/pages\\\/organisator-ch-695\",\"https:\\\/\\\/www.youtube.com\\\/channel\\\/UCGP2Sq0iWaZwT3BdIAQFYpw\"]},{\"@type\":\"Person\",\"@id\":\"https:\\\/\\\/www.organisator.ch\\\/#\\\/schema\\\/person\\\/a800b8c54e208b160517a7dcc323161d\",\"name\":\"roger.straessle\",\"image\":{\"@type\":\"ImageObject\",\"inLanguage\":\"en-US\",\"@id\":\"https:\\\/\\\/secure.gravatar.com\\\/avatar\\\/?s=96&d=mm&r=g\",\"url\":\"https:\\\/\\\/secure.gravatar.com\\\/avatar\\\/?s=96&d=mm&r=g\",\"contentUrl\":\"https:\\\/\\\/secure.gravatar.com\\\/avatar\\\/?s=96&d=mm&r=g\",\"caption\":\"roger.straessle\"},\"url\":\"https:\\\/\\\/www.organisator.ch\\\/en\\\/author\\\/roger-straessle\\\/\"}]}<\/script>\n<!-- \/ Yoast SEO plugin. -->","yoast_head_json":{"title":"Course set for new CO2 bill - organizer","description":"The Federal Council has set the course for a new bill. A proposal is to be submitted for consultation by the end of the year, it was announced.","robots":{"index":"index","follow":"follow","max-snippet":"max-snippet:-1","max-image-preview":"max-image-preview:large","max-video-preview":"max-video-preview:-1"},"canonical":"https:\/\/www.organisator.ch\/en\/general\/2021-09-17\/weichen-fuer-neue-co2-gesetzesvorlage-gestellt\/","og_locale":"en_US","og_type":"article","og_title":"Weichen f\u00fcr neue CO2-Gesetzesvorlage gestellt - Organisator","og_description":"Der Bundesrat hat die Weichen f\u00fcr eine neue Gesetzesvorlage gestellt. Bis Ende Jahr soll ein Vorschlag in Vernehmlassung gehen, wie mitgeteilt wurde.","og_url":"https:\/\/www.organisator.ch\/en\/general\/2021-09-17\/weichen-fuer-neue-co2-gesetzesvorlage-gestellt\/","og_site_name":"Organisator","article_publisher":"https:\/\/www.facebook.com\/OrganisatorFachmagazin","article_published_time":"2021-09-17T14:09:04+00:00","og_image":[{"width":1000,"height":750,"url":"https:\/\/www.organisator.ch\/wp-content\/uploads\/2021\/09\/Depositphotos_13494714_s-2019.jpg","type":"image\/jpeg"}],"author":"roger.straessle","twitter_card":"summary_large_image","schema":{"@context":"https:\/\/schema.org","@graph":[{"@type":"Article","@id":"https:\/\/www.organisator.ch\/fr\/general\/2021-09-17\/weichen-fuer-neue-co2-gesetzesvorlage-gestellt\/#article","isPartOf":{"@id":"https:\/\/www.organisator.ch\/fr\/general\/2021-09-17\/weichen-fuer-neue-co2-gesetzesvorlage-gestellt\/"},"author":{"name":"roger.straessle","@id":"https:\/\/www.organisator.ch\/#\/schema\/person\/a800b8c54e208b160517a7dcc323161d"},"headline":"Weichen f\u00fcr neue CO2-Gesetzesvorlage gestellt","datePublished":"2021-09-17T14:09:04+00:00","mainEntityOfPage":{"@id":"https:\/\/www.organisator.ch\/fr\/general\/2021-09-17\/weichen-fuer-neue-co2-gesetzesvorlage-gestellt\/"},"wordCount":745,"publisher":{"@id":"https:\/\/www.organisator.ch\/#organization"},"image":{"@id":"https:\/\/www.organisator.ch\/fr\/general\/2021-09-17\/weichen-fuer-neue-co2-gesetzesvorlage-gestellt\/#primaryimage"},"thumbnailUrl":"https:\/\/www.organisator.ch\/wp-content\/uploads\/2021\/09\/Depositphotos_13494714_s-2019.jpg","keywords":["CO2-Gesetz","Vernehmlassung"],"articleSection":["Allgemein"],"inLanguage":"en-US"},{"@type":"WebPage","@id":"https:\/\/www.organisator.ch\/fr\/general\/2021-09-17\/weichen-fuer-neue-co2-gesetzesvorlage-gestellt\/","url":"https:\/\/www.organisator.ch\/fr\/general\/2021-09-17\/weichen-fuer-neue-co2-gesetzesvorlage-gestellt\/","name":"Course set for new CO2 bill - organizer","isPartOf":{"@id":"https:\/\/www.organisator.ch\/#website"},"primaryImageOfPage":{"@id":"https:\/\/www.organisator.ch\/fr\/general\/2021-09-17\/weichen-fuer-neue-co2-gesetzesvorlage-gestellt\/#primaryimage"},"image":{"@id":"https:\/\/www.organisator.ch\/fr\/general\/2021-09-17\/weichen-fuer-neue-co2-gesetzesvorlage-gestellt\/#primaryimage"},"thumbnailUrl":"https:\/\/www.organisator.ch\/wp-content\/uploads\/2021\/09\/Depositphotos_13494714_s-2019.jpg","datePublished":"2021-09-17T14:09:04+00:00","description":"The Federal Council has set the course for a new bill. A proposal is to be submitted for consultation by the end of the year, it was announced.","breadcrumb":{"@id":"https:\/\/www.organisator.ch\/fr\/general\/2021-09-17\/weichen-fuer-neue-co2-gesetzesvorlage-gestellt\/#breadcrumb"},"inLanguage":"en-US","potentialAction":[{"@type":"ReadAction","target":["https:\/\/www.organisator.ch\/fr\/general\/2021-09-17\/weichen-fuer-neue-co2-gesetzesvorlage-gestellt\/"]}]},{"@type":"ImageObject","inLanguage":"en-US","@id":"https:\/\/www.organisator.ch\/fr\/general\/2021-09-17\/weichen-fuer-neue-co2-gesetzesvorlage-gestellt\/#primaryimage","url":"https:\/\/www.organisator.ch\/wp-content\/uploads\/2021\/09\/Depositphotos_13494714_s-2019.jpg","contentUrl":"https:\/\/www.organisator.ch\/wp-content\/uploads\/2021\/09\/Depositphotos_13494714_s-2019.jpg","width":1000,"height":750,"caption":"\u00a9 Depositphotos, bluecups"},{"@type":"BreadcrumbList","@id":"https:\/\/www.organisator.ch\/fr\/general\/2021-09-17\/weichen-fuer-neue-co2-gesetzesvorlage-gestellt\/#breadcrumb","itemListElement":[{"@type":"ListItem","position":1,"name":"Home","item":"https:\/\/www.organisator.ch\/"},{"@type":"ListItem","position":2,"name":"Weichen f\u00fcr neue CO2-Gesetzesvorlage gestellt"}]},{"@type":"WebSite","@id":"https:\/\/www.organisator.ch\/#website","url":"https:\/\/www.organisator.ch\/","name":"Organizer","description":"Competent. Practical. In 10 issues per year, ORGANISATOR presents the essential topics for managers of SMEs.","publisher":{"@id":"https:\/\/www.organisator.ch\/#organization"},"potentialAction":[{"@type":"SearchAction","target":{"@type":"EntryPoint","urlTemplate":"https:\/\/www.organisator.ch\/?s={search_term_string}"},"query-input":{"@type":"PropertyValueSpecification","valueRequired":true,"valueName":"search_term_string"}}],"inLanguage":"en-US"},{"@type":"Organization","@id":"https:\/\/www.organisator.ch\/#organization","name":"Organizer","url":"https:\/\/www.organisator.ch\/","logo":{"@type":"ImageObject","inLanguage":"en-US","@id":"https:\/\/www.organisator.ch\/#\/schema\/logo\/image\/","url":"https:\/\/www.organisator.ch\/wp-content\/uploads\/2022\/01\/Logo_Organisator_Website.png","contentUrl":"https:\/\/www.organisator.ch\/wp-content\/uploads\/2022\/01\/Logo_Organisator_Website.png","width":800,"height":77,"caption":"Organisator"},"image":{"@id":"https:\/\/www.organisator.ch\/#\/schema\/logo\/image\/"},"sameAs":["https:\/\/www.facebook.com\/OrganisatorFachmagazin","https:\/\/www.linkedin.com\/showcase\/organisator-das-magazin-fr-kmu","https:\/\/www.xing.com\/news\/pages\/organisator-ch-695","https:\/\/www.youtube.com\/channel\/UCGP2Sq0iWaZwT3BdIAQFYpw"]},{"@type":"Person","@id":"https:\/\/www.organisator.ch\/#\/schema\/person\/a800b8c54e208b160517a7dcc323161d","name":"roger.straessle","image":{"@type":"ImageObject","inLanguage":"en-US","@id":"https:\/\/secure.gravatar.com\/avatar\/?s=96&d=mm&r=g","url":"https:\/\/secure.gravatar.com\/avatar\/?s=96&d=mm&r=g","contentUrl":"https:\/\/secure.gravatar.com\/avatar\/?s=96&d=mm&r=g","caption":"roger.straessle"},"url":"https:\/\/www.organisator.ch\/en\/author\/roger-straessle\/"}]}},"_links":{"self":[{"href":"https:\/\/www.organisator.ch\/en\/wp-json\/wp\/v2\/posts\/10327","targetHints":{"allow":["GET"]}}],"collection":[{"href":"https:\/\/www.organisator.ch\/en\/wp-json\/wp\/v2\/posts"}],"about":[{"href":"https:\/\/www.organisator.ch\/en\/wp-json\/wp\/v2\/types\/post"}],"author":[{"embeddable":true,"href":"https:\/\/www.organisator.ch\/en\/wp-json\/wp\/v2\/users\/6"}],"replies":[{"embeddable":true,"href":"https:\/\/www.organisator.ch\/en\/wp-json\/wp\/v2\/comments?post=10327"}],"version-history":[{"count":0,"href":"https:\/\/www.organisator.ch\/en\/wp-json\/wp\/v2\/posts\/10327\/revisions"}],"wp:featuredmedia":[{"embeddable":true,"href":"https:\/\/www.organisator.ch\/en\/wp-json\/wp\/v2\/media\/9853"}],"wp:attachment":[{"href":"https:\/\/www.organisator.ch\/en\/wp-json\/wp\/v2\/media?parent=10327"}],"wp:term":[{"taxonomy":"category","embeddable":true,"href":"https:\/\/www.organisator.ch\/en\/wp-json\/wp\/v2\/categories?post=10327"},{"taxonomy":"post_tag","embeddable":true,"href":"https:\/\/www.organisator.ch\/en\/wp-json\/wp\/v2\/tags?post=10327"}],"curies":[{"name":"wp","href":"https:\/\/api.w.org\/{rel}","templated":true}]}}