{"id":10342,"date":"2021-11-09T12:10:32","date_gmt":"2021-11-09T11:10:32","guid":{"rendered":"https:\/\/www.umweltperspektiven.ch\/?p=5057"},"modified":"2022-02-09T11:06:44","modified_gmt":"2022-02-09T10:06:44","slug":"klimaschutz-rating-schweiz-faellt-auf-rang-15-zurueck","status":"publish","type":"post","link":"https:\/\/www.organisator.ch\/en\/sustainability\/2021-11-09\/klimaschutz-rating-schweiz-faellt-auf-rang-15-zurueck\/","title":{"rendered":"Climate protection rating: Switzerland drops to 15th place"},"content":{"rendered":"<figure id=\"attachment_5058\" aria-describedby=\"caption-attachment-5058\" style=\"width: 680px\" class=\"wp-caption aligncenter\"><img loading=\"lazy\" decoding=\"async\" class=\"wp-image-5058 size-medium\" src=\"\/\/www.umweltperspektiven.ch\/wp-content\/uploads\/2021\/11\/Depositphotos_44432073_S.jpg\" alt=\"Climate Protection Index\" width=\"680\" height=\"680\" srcset=\"https:\/\/www.organisator.ch\/wp-content\/uploads\/2021\/11\/Depositphotos_44432073_S.jpg 1000w, https:\/\/www.organisator.ch\/wp-content\/uploads\/2021\/11\/Depositphotos_44432073_S-680x680.jpg 680w, https:\/\/www.organisator.ch\/wp-content\/uploads\/2021\/11\/Depositphotos_44432073_S-150x150.jpg 150w, https:\/\/www.organisator.ch\/wp-content\/uploads\/2021\/11\/Depositphotos_44432073_S-768x768.jpg 768w, https:\/\/www.organisator.ch\/wp-content\/uploads\/2021\/11\/Depositphotos_44432073_S-12x12.jpg 12w, https:\/\/www.organisator.ch\/wp-content\/uploads\/2021\/11\/Depositphotos_44432073_S-175x175.jpg 175w, https:\/\/www.organisator.ch\/wp-content\/uploads\/2021\/11\/Depositphotos_44432073_S-350x350.jpg 350w, https:\/\/www.organisator.ch\/wp-content\/uploads\/2021\/11\/Depositphotos_44432073_S-800x800.jpg 800w, https:\/\/www.organisator.ch\/wp-content\/uploads\/2021\/11\/Depositphotos_44432073_S-920x920.jpg 920w, https:\/\/www.organisator.ch\/wp-content\/uploads\/2021\/11\/Depositphotos_44432073_S-250x250.jpg 250w, https:\/\/www.organisator.ch\/wp-content\/uploads\/2021\/11\/Depositphotos_44432073_S-300x300.jpg 300w, https:\/\/www.organisator.ch\/wp-content\/uploads\/2021\/11\/Depositphotos_44432073_S-100x100.jpg 100w\" sizes=\"auto, (max-width: 680px) 100vw, 680px\" \/><figcaption id=\"caption-attachment-5058\" class=\"wp-caption-text\">\u00a9 Depositphotos, Juric.P<\/figcaption><\/figure>\n<p>For the Climate Change Performance Index <a href=\"\/\/ccpi.org\">CCPI<\/a>), the German environmental organization Germanwatch and the NewClimate Institute annually compare the climate protection performance of 60 countries and the EU as a whole, which together are responsible for more than 90 percent of global greenhouse gas emissions. The latest rating was presented today at the COP26 climate conference in Glasgow.<\/p>\n<p>The CCPI list is headed by Denmark. It is remarkable that the country has replaced its dependence on coal with renewable energies within two decades, according to the CCPI platform. Switzerland falls back in the ranking to position 15 (<a href=\"\/\/ccpi.org\/country\/CHE\/\">cf. justification here<\/a>). The country lost ground in particular in the area of national climate policy: the rejection of the CO2 law cost the Alpine country valuable points and eleven places in this sub-criterion.<\/p>\n<h2>Evil accounting trick<\/h2>\n<p>Georg Klingler, climate expert at <a href=\"\/\/www.greenpeace.ch\">Greenpeace<\/a> Switzerland: \"We should not be proud of our 15th place. Switzerland has the capacity to play a pioneering role in climate protection. But its climate protection ambitions are far too low for that. Instead of drastically reducing greenhouse gas emissions at home, Switzerland is looking for ever more ways to offset CO2 abroad. This is a nasty accounting trick, with which we do not contribute to solving the climate crisis, but only defend our climate-damaging lifestyle. So it's not surprising that Switzerland gets a poor rating for its general climate policy.\"<\/p>\n<p>\"Moreover, the climate protection rating clearly shows that no country in the world is on course to limit global warming to 1.5 degrees. This is frightening. Switzerland must finally accept its responsibility and give climate protection top priority - and support other countries even more in tackling the climate crisis. The wealth of our country is based on the fact that we were able to emit a lot of CO2 in the past. Now Switzerland must do justice and significantly increase its contribution to climate finance.\"<\/p>\n<p><em>rs\/ Press release Greenpeace<\/em><\/p>\n<p><em>\u00a0<a href=\"\/\/mail.greenpeace.ch\/d\/d.pdf?o00cnp20007vfu00d0000lh000000000bwkfu0ifk2tvwcxou4u37hkogki1935\"><u>CCPI Climate Change Performance Index 2022<\/u><\/a><\/em><\/p>\n<p>&nbsp;<\/p>\n<p><em><strong>Other topics:<\/strong><\/em><\/p>\n<p><em><a href=\"\/\/www.umweltperspektiven.ch\/ara-methanschlupf-gewinnbringend-loesen\/\">ARA: Solving methane slip profitably<\/a><\/em><\/p>","protected":false},"excerpt":{"rendered":"<p>F\u00fcr den Klimaschutz-Index (Climate Change Performance Index CCPI) vergleichen die deutsche Umweltorganisation Germanwatch und das NewClimate-Institute j\u00e4hrlich die Klimaschutzleistungen von 60 L\u00e4ndern und der EU gesamt, die zusammen f\u00fcr mehr als 90 Prozent der weltweiten Treibhausgasemissionen verantwortlich sind. An der Klimakonferenz COP26 in Glasgow wurde heute das j\u00fcngste Rating vorgestellt. Angef\u00fchrt wird die CCPI-Liste von [&hellip;]<\/p>\n","protected":false},"author":6,"featured_media":5058,"comment_status":"closed","ping_status":"closed","sticky":false,"template":"","format":"standard","meta":{"_acf_changed":false,"_yoast_wpseo_focuskw":"Klimaschutz-Index","_yoast_wpseo_metadesc":"Die Schweiz rangiert beim neusten Klimaschutz-L\u00e4ndervergleich auf Position 15. Damit verliert sie im Vergleich zum Vorjahr einen Platz.","articlekey":"","footnotes":""},"categories":[580],"tags":[1524],"class_list":["post-10342","post","type-post","status-publish","format-standard","has-post-thumbnail","hentry","category-sustainability","tag-klimaschutz-index"],"acf":[],"yoast_head":"<!-- This site is optimized with the Yoast SEO plugin v27.5 - https:\/\/yoast.com\/product\/yoast-seo-wordpress\/ -->\n<title>Klimaschutz-Rating: Schweiz f\u00e4llt auf Rang 15 zur\u00fcck - Organisator<\/title>\n<meta name=\"description\" content=\"Die Schweiz rangiert beim neusten Klimaschutz-L\u00e4ndervergleich auf Position 15. Damit verliert sie im Vergleich zum Vorjahr einen Platz.\" \/>\n<meta name=\"robots\" content=\"index, follow, max-snippet:-1, max-image-preview:large, max-video-preview:-1\" \/>\n<link rel=\"canonical\" href=\"https:\/\/www.organisator.ch\/en\/sustainability\/2021-11-09\/klimaschutz-rating-schweiz-faellt-auf-rang-15-zurueck\/\" \/>\n<meta property=\"og:locale\" content=\"en_US\" \/>\n<meta property=\"og:type\" content=\"article\" \/>\n<meta property=\"og:title\" content=\"Klimaschutz-Rating: Schweiz f\u00e4llt auf Rang 15 zur\u00fcck - Organisator\" \/>\n<meta property=\"og:description\" content=\"Die Schweiz rangiert beim neusten Klimaschutz-L\u00e4ndervergleich auf Position 15. Damit verliert sie im Vergleich zum Vorjahr einen Platz.\" \/>\n<meta property=\"og:url\" content=\"https:\/\/www.organisator.ch\/en\/sustainability\/2021-11-09\/klimaschutz-rating-schweiz-faellt-auf-rang-15-zurueck\/\" \/>\n<meta property=\"og:site_name\" content=\"Organisator\" \/>\n<meta property=\"article:publisher\" content=\"https:\/\/www.facebook.com\/OrganisatorFachmagazin\" \/>\n<meta property=\"article:published_time\" content=\"2021-11-09T11:10:32+00:00\" \/>\n<meta property=\"article:modified_time\" content=\"2022-02-09T10:06:44+00:00\" \/>\n<meta property=\"og:image\" content=\"https:\/\/www.organisator.ch\/wp-content\/uploads\/2021\/11\/Depositphotos_44432073_S.jpg\" \/>\n\t<meta property=\"og:image:width\" content=\"1000\" \/>\n\t<meta property=\"og:image:height\" content=\"1000\" \/>\n\t<meta property=\"og:image:type\" content=\"image\/jpeg\" \/>\n<meta name=\"author\" content=\"roger.straessle\" \/>\n<meta name=\"twitter:card\" content=\"summary_large_image\" \/>\n<script type=\"application\/ld+json\" class=\"yoast-schema-graph\">{\"@context\":\"https:\\\/\\\/schema.org\",\"@graph\":[{\"@type\":\"Article\",\"@id\":\"https:\\\/\\\/www.organisator.ch\\\/sustainability\\\/2021-11-09\\\/klimaschutz-rating-schweiz-faellt-auf-rang-15-zurueck\\\/#article\",\"isPartOf\":{\"@id\":\"https:\\\/\\\/www.organisator.ch\\\/sustainability\\\/2021-11-09\\\/klimaschutz-rating-schweiz-faellt-auf-rang-15-zurueck\\\/\"},\"author\":{\"name\":\"roger.straessle\",\"@id\":\"https:\\\/\\\/www.organisator.ch\\\/#\\\/schema\\\/person\\\/a800b8c54e208b160517a7dcc323161d\"},\"headline\":\"Klimaschutz-Rating: Schweiz f\u00e4llt auf Rang 15 zur\u00fcck\",\"datePublished\":\"2021-11-09T11:10:32+00:00\",\"dateModified\":\"2022-02-09T10:06:44+00:00\",\"mainEntityOfPage\":{\"@id\":\"https:\\\/\\\/www.organisator.ch\\\/sustainability\\\/2021-11-09\\\/klimaschutz-rating-schweiz-faellt-auf-rang-15-zurueck\\\/\"},\"wordCount\":343,\"publisher\":{\"@id\":\"https:\\\/\\\/www.organisator.ch\\\/#organization\"},\"image\":{\"@id\":\"https:\\\/\\\/www.organisator.ch\\\/sustainability\\\/2021-11-09\\\/klimaschutz-rating-schweiz-faellt-auf-rang-15-zurueck\\\/#primaryimage\"},\"thumbnailUrl\":\"https:\\\/\\\/www.organisator.ch\\\/wp-content\\\/uploads\\\/2021\\\/11\\\/Depositphotos_44432073_S.jpg\",\"keywords\":[\"Klimaschutz-Index\"],\"articleSection\":[\"SUSTAINABILITY\"],\"inLanguage\":\"en-US\"},{\"@type\":\"WebPage\",\"@id\":\"https:\\\/\\\/www.organisator.ch\\\/sustainability\\\/2021-11-09\\\/klimaschutz-rating-schweiz-faellt-auf-rang-15-zurueck\\\/\",\"url\":\"https:\\\/\\\/www.organisator.ch\\\/sustainability\\\/2021-11-09\\\/klimaschutz-rating-schweiz-faellt-auf-rang-15-zurueck\\\/\",\"name\":\"Klimaschutz-Rating: Schweiz f\u00e4llt auf Rang 15 zur\u00fcck - Organisator\",\"isPartOf\":{\"@id\":\"https:\\\/\\\/www.organisator.ch\\\/#website\"},\"primaryImageOfPage\":{\"@id\":\"https:\\\/\\\/www.organisator.ch\\\/sustainability\\\/2021-11-09\\\/klimaschutz-rating-schweiz-faellt-auf-rang-15-zurueck\\\/#primaryimage\"},\"image\":{\"@id\":\"https:\\\/\\\/www.organisator.ch\\\/sustainability\\\/2021-11-09\\\/klimaschutz-rating-schweiz-faellt-auf-rang-15-zurueck\\\/#primaryimage\"},\"thumbnailUrl\":\"https:\\\/\\\/www.organisator.ch\\\/wp-content\\\/uploads\\\/2021\\\/11\\\/Depositphotos_44432073_S.jpg\",\"datePublished\":\"2021-11-09T11:10:32+00:00\",\"dateModified\":\"2022-02-09T10:06:44+00:00\",\"description\":\"Die Schweiz rangiert beim neusten Klimaschutz-L\u00e4ndervergleich auf Position 15. Damit verliert sie im Vergleich zum Vorjahr einen Platz.\",\"breadcrumb\":{\"@id\":\"https:\\\/\\\/www.organisator.ch\\\/sustainability\\\/2021-11-09\\\/klimaschutz-rating-schweiz-faellt-auf-rang-15-zurueck\\\/#breadcrumb\"},\"inLanguage\":\"en-US\",\"potentialAction\":[{\"@type\":\"ReadAction\",\"target\":[\"https:\\\/\\\/www.organisator.ch\\\/sustainability\\\/2021-11-09\\\/klimaschutz-rating-schweiz-faellt-auf-rang-15-zurueck\\\/\"]}]},{\"@type\":\"ImageObject\",\"inLanguage\":\"en-US\",\"@id\":\"https:\\\/\\\/www.organisator.ch\\\/sustainability\\\/2021-11-09\\\/klimaschutz-rating-schweiz-faellt-auf-rang-15-zurueck\\\/#primaryimage\",\"url\":\"https:\\\/\\\/www.organisator.ch\\\/wp-content\\\/uploads\\\/2021\\\/11\\\/Depositphotos_44432073_S.jpg\",\"contentUrl\":\"https:\\\/\\\/www.organisator.ch\\\/wp-content\\\/uploads\\\/2021\\\/11\\\/Depositphotos_44432073_S.jpg\",\"width\":1000,\"height\":1000,\"caption\":\"\u00a9 Depositphotos, Juric.P\"},{\"@type\":\"BreadcrumbList\",\"@id\":\"https:\\\/\\\/www.organisator.ch\\\/sustainability\\\/2021-11-09\\\/klimaschutz-rating-schweiz-faellt-auf-rang-15-zurueck\\\/#breadcrumb\",\"itemListElement\":[{\"@type\":\"ListItem\",\"position\":1,\"name\":\"Home\",\"item\":\"https:\\\/\\\/www.organisator.ch\\\/\"},{\"@type\":\"ListItem\",\"position\":2,\"name\":\"Klimaschutz-Rating: Schweiz f\u00e4llt auf Rang 15 zur\u00fcck\"}]},{\"@type\":\"WebSite\",\"@id\":\"https:\\\/\\\/www.organisator.ch\\\/#website\",\"url\":\"https:\\\/\\\/www.organisator.ch\\\/\",\"name\":\"Organisator\",\"description\":\"Kompetent. Praxisnah. Der ORGANISATOR bereitet in 10 Ausgaben pro Jahr die wesentlichen Themen f\u00fcr F\u00fchrungskr\u00e4fte von KMU auf.\",\"publisher\":{\"@id\":\"https:\\\/\\\/www.organisator.ch\\\/#organization\"},\"potentialAction\":[{\"@type\":\"SearchAction\",\"target\":{\"@type\":\"EntryPoint\",\"urlTemplate\":\"https:\\\/\\\/www.organisator.ch\\\/?s={search_term_string}\"},\"query-input\":{\"@type\":\"PropertyValueSpecification\",\"valueRequired\":true,\"valueName\":\"search_term_string\"}}],\"inLanguage\":\"en-US\"},{\"@type\":\"Organization\",\"@id\":\"https:\\\/\\\/www.organisator.ch\\\/#organization\",\"name\":\"Organisator\",\"url\":\"https:\\\/\\\/www.organisator.ch\\\/\",\"logo\":{\"@type\":\"ImageObject\",\"inLanguage\":\"en-US\",\"@id\":\"https:\\\/\\\/www.organisator.ch\\\/#\\\/schema\\\/logo\\\/image\\\/\",\"url\":\"https:\\\/\\\/www.organisator.ch\\\/wp-content\\\/uploads\\\/2022\\\/01\\\/Logo_Organisator_Website.png\",\"contentUrl\":\"https:\\\/\\\/www.organisator.ch\\\/wp-content\\\/uploads\\\/2022\\\/01\\\/Logo_Organisator_Website.png\",\"width\":800,\"height\":77,\"caption\":\"Organisator\"},\"image\":{\"@id\":\"https:\\\/\\\/www.organisator.ch\\\/#\\\/schema\\\/logo\\\/image\\\/\"},\"sameAs\":[\"https:\\\/\\\/www.facebook.com\\\/OrganisatorFachmagazin\",\"https:\\\/\\\/www.linkedin.com\\\/showcase\\\/organisator-das-magazin-fr-kmu\",\"https:\\\/\\\/www.xing.com\\\/news\\\/pages\\\/organisator-ch-695\",\"https:\\\/\\\/www.youtube.com\\\/channel\\\/UCGP2Sq0iWaZwT3BdIAQFYpw\"]},{\"@type\":\"Person\",\"@id\":\"https:\\\/\\\/www.organisator.ch\\\/#\\\/schema\\\/person\\\/a800b8c54e208b160517a7dcc323161d\",\"name\":\"roger.straessle\",\"image\":{\"@type\":\"ImageObject\",\"inLanguage\":\"en-US\",\"@id\":\"https:\\\/\\\/secure.gravatar.com\\\/avatar\\\/?s=96&d=mm&r=g\",\"url\":\"https:\\\/\\\/secure.gravatar.com\\\/avatar\\\/?s=96&d=mm&r=g\",\"contentUrl\":\"https:\\\/\\\/secure.gravatar.com\\\/avatar\\\/?s=96&d=mm&r=g\",\"caption\":\"roger.straessle\"},\"url\":\"https:\\\/\\\/www.organisator.ch\\\/en\\\/author\\\/roger-straessle\\\/\"}]}<\/script>\n<!-- \/ Yoast SEO plugin. -->","yoast_head_json":{"title":"Climate protection rating: Switzerland drops to 15th place - Organizer","description":"Switzerland ranks 15th in the latest climate protection country comparison, which means that it has lost one place compared to the previous year.","robots":{"index":"index","follow":"follow","max-snippet":"max-snippet:-1","max-image-preview":"max-image-preview:large","max-video-preview":"max-video-preview:-1"},"canonical":"https:\/\/www.organisator.ch\/en\/sustainability\/2021-11-09\/klimaschutz-rating-schweiz-faellt-auf-rang-15-zurueck\/","og_locale":"en_US","og_type":"article","og_title":"Klimaschutz-Rating: Schweiz f\u00e4llt auf Rang 15 zur\u00fcck - Organisator","og_description":"Die Schweiz rangiert beim neusten Klimaschutz-L\u00e4ndervergleich auf Position 15. Damit verliert sie im Vergleich zum Vorjahr einen Platz.","og_url":"https:\/\/www.organisator.ch\/en\/sustainability\/2021-11-09\/klimaschutz-rating-schweiz-faellt-auf-rang-15-zurueck\/","og_site_name":"Organisator","article_publisher":"https:\/\/www.facebook.com\/OrganisatorFachmagazin","article_published_time":"2021-11-09T11:10:32+00:00","article_modified_time":"2022-02-09T10:06:44+00:00","og_image":[{"width":1000,"height":1000,"url":"https:\/\/www.organisator.ch\/wp-content\/uploads\/2021\/11\/Depositphotos_44432073_S.jpg","type":"image\/jpeg"}],"author":"roger.straessle","twitter_card":"summary_large_image","schema":{"@context":"https:\/\/schema.org","@graph":[{"@type":"Article","@id":"https:\/\/www.organisator.ch\/sustainability\/2021-11-09\/klimaschutz-rating-schweiz-faellt-auf-rang-15-zurueck\/#article","isPartOf":{"@id":"https:\/\/www.organisator.ch\/sustainability\/2021-11-09\/klimaschutz-rating-schweiz-faellt-auf-rang-15-zurueck\/"},"author":{"name":"roger.straessle","@id":"https:\/\/www.organisator.ch\/#\/schema\/person\/a800b8c54e208b160517a7dcc323161d"},"headline":"Klimaschutz-Rating: Schweiz f\u00e4llt auf Rang 15 zur\u00fcck","datePublished":"2021-11-09T11:10:32+00:00","dateModified":"2022-02-09T10:06:44+00:00","mainEntityOfPage":{"@id":"https:\/\/www.organisator.ch\/sustainability\/2021-11-09\/klimaschutz-rating-schweiz-faellt-auf-rang-15-zurueck\/"},"wordCount":343,"publisher":{"@id":"https:\/\/www.organisator.ch\/#organization"},"image":{"@id":"https:\/\/www.organisator.ch\/sustainability\/2021-11-09\/klimaschutz-rating-schweiz-faellt-auf-rang-15-zurueck\/#primaryimage"},"thumbnailUrl":"https:\/\/www.organisator.ch\/wp-content\/uploads\/2021\/11\/Depositphotos_44432073_S.jpg","keywords":["Klimaschutz-Index"],"articleSection":["SUSTAINABILITY"],"inLanguage":"en-US"},{"@type":"WebPage","@id":"https:\/\/www.organisator.ch\/sustainability\/2021-11-09\/klimaschutz-rating-schweiz-faellt-auf-rang-15-zurueck\/","url":"https:\/\/www.organisator.ch\/sustainability\/2021-11-09\/klimaschutz-rating-schweiz-faellt-auf-rang-15-zurueck\/","name":"Climate protection rating: Switzerland drops to 15th place - Organizer","isPartOf":{"@id":"https:\/\/www.organisator.ch\/#website"},"primaryImageOfPage":{"@id":"https:\/\/www.organisator.ch\/sustainability\/2021-11-09\/klimaschutz-rating-schweiz-faellt-auf-rang-15-zurueck\/#primaryimage"},"image":{"@id":"https:\/\/www.organisator.ch\/sustainability\/2021-11-09\/klimaschutz-rating-schweiz-faellt-auf-rang-15-zurueck\/#primaryimage"},"thumbnailUrl":"https:\/\/www.organisator.ch\/wp-content\/uploads\/2021\/11\/Depositphotos_44432073_S.jpg","datePublished":"2021-11-09T11:10:32+00:00","dateModified":"2022-02-09T10:06:44+00:00","description":"Switzerland ranks 15th in the latest climate protection country comparison, which means that it has lost one place compared to the previous year.","breadcrumb":{"@id":"https:\/\/www.organisator.ch\/sustainability\/2021-11-09\/klimaschutz-rating-schweiz-faellt-auf-rang-15-zurueck\/#breadcrumb"},"inLanguage":"en-US","potentialAction":[{"@type":"ReadAction","target":["https:\/\/www.organisator.ch\/sustainability\/2021-11-09\/klimaschutz-rating-schweiz-faellt-auf-rang-15-zurueck\/"]}]},{"@type":"ImageObject","inLanguage":"en-US","@id":"https:\/\/www.organisator.ch\/sustainability\/2021-11-09\/klimaschutz-rating-schweiz-faellt-auf-rang-15-zurueck\/#primaryimage","url":"https:\/\/www.organisator.ch\/wp-content\/uploads\/2021\/11\/Depositphotos_44432073_S.jpg","contentUrl":"https:\/\/www.organisator.ch\/wp-content\/uploads\/2021\/11\/Depositphotos_44432073_S.jpg","width":1000,"height":1000,"caption":"\u00a9 Depositphotos, Juric.P"},{"@type":"BreadcrumbList","@id":"https:\/\/www.organisator.ch\/sustainability\/2021-11-09\/klimaschutz-rating-schweiz-faellt-auf-rang-15-zurueck\/#breadcrumb","itemListElement":[{"@type":"ListItem","position":1,"name":"Home","item":"https:\/\/www.organisator.ch\/"},{"@type":"ListItem","position":2,"name":"Klimaschutz-Rating: Schweiz f\u00e4llt auf Rang 15 zur\u00fcck"}]},{"@type":"WebSite","@id":"https:\/\/www.organisator.ch\/#website","url":"https:\/\/www.organisator.ch\/","name":"Organizer","description":"Competent. Practical. In 10 issues per year, ORGANISATOR presents the essential topics for managers of SMEs.","publisher":{"@id":"https:\/\/www.organisator.ch\/#organization"},"potentialAction":[{"@type":"SearchAction","target":{"@type":"EntryPoint","urlTemplate":"https:\/\/www.organisator.ch\/?s={search_term_string}"},"query-input":{"@type":"PropertyValueSpecification","valueRequired":true,"valueName":"search_term_string"}}],"inLanguage":"en-US"},{"@type":"Organization","@id":"https:\/\/www.organisator.ch\/#organization","name":"Organizer","url":"https:\/\/www.organisator.ch\/","logo":{"@type":"ImageObject","inLanguage":"en-US","@id":"https:\/\/www.organisator.ch\/#\/schema\/logo\/image\/","url":"https:\/\/www.organisator.ch\/wp-content\/uploads\/2022\/01\/Logo_Organisator_Website.png","contentUrl":"https:\/\/www.organisator.ch\/wp-content\/uploads\/2022\/01\/Logo_Organisator_Website.png","width":800,"height":77,"caption":"Organisator"},"image":{"@id":"https:\/\/www.organisator.ch\/#\/schema\/logo\/image\/"},"sameAs":["https:\/\/www.facebook.com\/OrganisatorFachmagazin","https:\/\/www.linkedin.com\/showcase\/organisator-das-magazin-fr-kmu","https:\/\/www.xing.com\/news\/pages\/organisator-ch-695","https:\/\/www.youtube.com\/channel\/UCGP2Sq0iWaZwT3BdIAQFYpw"]},{"@type":"Person","@id":"https:\/\/www.organisator.ch\/#\/schema\/person\/a800b8c54e208b160517a7dcc323161d","name":"roger.straessle","image":{"@type":"ImageObject","inLanguage":"en-US","@id":"https:\/\/secure.gravatar.com\/avatar\/?s=96&d=mm&r=g","url":"https:\/\/secure.gravatar.com\/avatar\/?s=96&d=mm&r=g","contentUrl":"https:\/\/secure.gravatar.com\/avatar\/?s=96&d=mm&r=g","caption":"roger.straessle"},"url":"https:\/\/www.organisator.ch\/en\/author\/roger-straessle\/"}]}},"_links":{"self":[{"href":"https:\/\/www.organisator.ch\/en\/wp-json\/wp\/v2\/posts\/10342","targetHints":{"allow":["GET"]}}],"collection":[{"href":"https:\/\/www.organisator.ch\/en\/wp-json\/wp\/v2\/posts"}],"about":[{"href":"https:\/\/www.organisator.ch\/en\/wp-json\/wp\/v2\/types\/post"}],"author":[{"embeddable":true,"href":"https:\/\/www.organisator.ch\/en\/wp-json\/wp\/v2\/users\/6"}],"replies":[{"embeddable":true,"href":"https:\/\/www.organisator.ch\/en\/wp-json\/wp\/v2\/comments?post=10342"}],"version-history":[{"count":1,"href":"https:\/\/www.organisator.ch\/en\/wp-json\/wp\/v2\/posts\/10342\/revisions"}],"predecessor-version":[{"id":10638,"href":"https:\/\/www.organisator.ch\/en\/wp-json\/wp\/v2\/posts\/10342\/revisions\/10638"}],"wp:featuredmedia":[{"embeddable":true,"href":"https:\/\/www.organisator.ch\/en\/wp-json\/wp\/v2\/media\/5058"}],"wp:attachment":[{"href":"https:\/\/www.organisator.ch\/en\/wp-json\/wp\/v2\/media?parent=10342"}],"wp:term":[{"taxonomy":"category","embeddable":true,"href":"https:\/\/www.organisator.ch\/en\/wp-json\/wp\/v2\/categories?post=10342"},{"taxonomy":"post_tag","embeddable":true,"href":"https:\/\/www.organisator.ch\/en\/wp-json\/wp\/v2\/tags?post=10342"}],"curies":[{"name":"wp","href":"https:\/\/api.w.org\/{rel}","templated":true}]}}