{"id":1057,"date":"2017-08-07T11:50:19","date_gmt":"2017-08-07T09:50:19","guid":{"rendered":"https:\/\/www.umweltperspektiven.ch\/?p=1057"},"modified":"2022-02-09T11:06:56","modified_gmt":"2022-02-09T10:06:56","slug":"eiweissmangel-wegen-co2-emissionen","status":"publish","type":"post","link":"https:\/\/www.organisator.ch\/en\/sustainability\/2017-08-07\/eiweissmangel-wegen-co2-emissionen\/","title":{"rendered":"Protein deficiency due to CO2 emissions"},"content":{"rendered":"<p><img loading=\"lazy\" decoding=\"async\" class=\"alignnone size-medium wp-image-1059\" src=\"\/\/www.umweltperspektiven.ch\/wp-content\/uploads\/2017\/08\/Depositphotos_32727549_l-2015.jpg\" alt=\"\" width=\"680\" height=\"453\" srcset=\"https:\/\/www.organisator.ch\/wp-content\/uploads\/2017\/08\/Depositphotos_32727549_l-2015.jpg 2000w, https:\/\/www.organisator.ch\/wp-content\/uploads\/2017\/08\/Depositphotos_32727549_l-2015-680x453.jpg 680w, https:\/\/www.organisator.ch\/wp-content\/uploads\/2017\/08\/Depositphotos_32727549_l-2015-1024x682.jpg 1024w, https:\/\/www.organisator.ch\/wp-content\/uploads\/2017\/08\/Depositphotos_32727549_l-2015-768x512.jpg 768w, https:\/\/www.organisator.ch\/wp-content\/uploads\/2017\/08\/Depositphotos_32727549_l-2015-1536x1024.jpg 1536w, https:\/\/www.organisator.ch\/wp-content\/uploads\/2017\/08\/Depositphotos_32727549_l-2015-18x12.jpg 18w, https:\/\/www.organisator.ch\/wp-content\/uploads\/2017\/08\/Depositphotos_32727549_l-2015-263x175.jpg 263w, https:\/\/www.organisator.ch\/wp-content\/uploads\/2017\/08\/Depositphotos_32727549_l-2015-525x350.jpg 525w, https:\/\/www.organisator.ch\/wp-content\/uploads\/2017\/08\/Depositphotos_32727549_l-2015-1200x800.jpg 1200w, https:\/\/www.organisator.ch\/wp-content\/uploads\/2017\/08\/Depositphotos_32727549_l-2015-920x613.jpg 920w, https:\/\/www.organisator.ch\/wp-content\/uploads\/2017\/08\/Depositphotos_32727549_l-2015-1400x933.jpg 1400w, https:\/\/www.organisator.ch\/wp-content\/uploads\/2017\/08\/Depositphotos_32727549_l-2015-300x200.jpg 300w\" sizes=\"auto, (max-width: 680px) 100vw, 680px\" \/><\/p>\n<p class=\"FtxtP\">If CO2 emissions continue to rise as forecast, the populations of 18 countries will lose more than five percent of their dietary protein by 2050. This is the conclusion of a study by the <a href=\"\/\/hsph.harvard.edu\">Harvard T.H. Chan School of Public Health<\/a>\u00a0have come. This is due to a decline in the nutritional value of rice, wheat and other staple foods. Researchers estimate that an additional 150 million people will be at risk of protein deficiency due to increased CO2 levels in the atmosphere. According to research director Samuel Myers, this study underscores the need for countries at highest risk to actively monitor food quality. Above all, he said, it is necessary to reduce man-made CO2 emissions.<\/p>\n<p class=\"FtxtP\">Globally, 76 percent of people get most of their daily protein from plants. To estimate the existing and future risk of protein deficiency, the researchers combined data from experiments in which crops were exposed to high concentrations of CO2 with global nutrition information from the United Nations and data on income inequality and demographics. At elevated CO2 concentrations, the protein content of rice, wheat, barley and potatoes dropped by 7.6 and 7.8, and 14.1 and 6.4 percent, respectively.<\/p>\n<p class=\"FtxtP\"><strong><span class=\"FtxtBold\">Africa and Asia particularly affected<\/span><\/strong><\/p>\n<p class=\"FtxtP\">The research findings point to continuing challenges for sub-Saharan Africa. Millions of people there already suffer from protein deficiency. Major problems are expected for South Asia. This includes India, where rice and wheat provide much of the daily protein. India could lose 5.3 percent of the protein in a standard diet. This would put 53 million people at new risk of protein deficiency. The research findings were published in <a href=\"\/\/ehp.niehs.nih.gov\">Environmental Health Perspectives<\/a>\u00a0published.<\/p>\n<p class=\"FtxtP\"><strong><span class=\"FtxtBold\">Iron deficiency is also on the rise<\/span><\/strong><\/p>\n<p class=\"FtxtP\">Myers is co-author of another study. It found that CO2-induced reductions in iron content in staple foods are also likely to exacerbate the world's existing iron deficiency problem. At highest risk globally are 354 million children under five and 1.06 billion women of childbearing age. South Asia and North Africa are particularly affected. In these regions, anemia is already widespread. More than 3.8 percent of dietary iron is expected to be lost due to these CO2 impacts. Myers also co-authored a study back in 2015 that indicated increased CO2 emissions will likely lead to zinc deficiency in about 200 million people.<\/p>\n<p>Source: Press release<\/p>","protected":false},"excerpt":{"rendered":"<p>Steigen die CO2-Emissionen weiter wie prognostiziert an, wird die Bev\u00f6lkerung in 18 L\u00e4ndern bis 2050 mehr als f\u00fcnf Prozent ihres Nahrungseiweisses verlieren. Zu diesem Ergebnis ist eine Studie der Harvard T.H. Chan School of Public Health\u00a0gekommen. Verantwortlich daf\u00fcr ist ein Sinken des N\u00e4hrwerts von Reis, Weizen und anderen Grundnahrungsmitteln. Die Forscher gehen davon aus, dass [&hellip;]<\/p>\n","protected":false},"author":1,"featured_media":1059,"comment_status":"open","ping_status":"open","sticky":false,"template":"","format":"standard","meta":{"_acf_changed":false,"_yoast_wpseo_focuskw":"Eiweissmangel","_yoast_wpseo_metadesc":"Erh\u00f6hen sich die CO2-Werte in der Atmosph\u00e4re weiter, droht Millionen von Menschen ein Eiweissmangel. Das zeigen neue Studien.","articlekey":"","footnotes":""},"categories":[580],"tags":[1027,242,596],"class_list":["post-1057","post","type-post","status-publish","format-standard","has-post-thumbnail","hentry","category-sustainability","tag-eiweissmangel","tag-gesundheit","tag-klima"],"acf":[],"yoast_head":"<!-- This site is optimized with the Yoast SEO plugin v27.5 - https:\/\/yoast.com\/product\/yoast-seo-wordpress\/ -->\n<title>Eiweissmangel wegen CO2-Emissionen - Organisator<\/title>\n<meta name=\"description\" content=\"Erh\u00f6hen sich die CO2-Werte in der Atmosph\u00e4re weiter, droht Millionen von Menschen ein Eiweissmangel. Das zeigen neue Studien.\" \/>\n<meta name=\"robots\" content=\"index, follow, max-snippet:-1, max-image-preview:large, max-video-preview:-1\" \/>\n<link rel=\"canonical\" href=\"https:\/\/www.organisator.ch\/en\/sustainability\/2017-08-07\/eiweissmangel-wegen-co2-emissionen\/\" \/>\n<meta property=\"og:locale\" content=\"en_US\" \/>\n<meta property=\"og:type\" content=\"article\" \/>\n<meta property=\"og:title\" content=\"Eiweissmangel wegen CO2-Emissionen - Organisator\" \/>\n<meta property=\"og:description\" content=\"Erh\u00f6hen sich die CO2-Werte in der Atmosph\u00e4re weiter, droht Millionen von Menschen ein Eiweissmangel. Das zeigen neue Studien.\" \/>\n<meta property=\"og:url\" content=\"https:\/\/www.organisator.ch\/en\/sustainability\/2017-08-07\/eiweissmangel-wegen-co2-emissionen\/\" \/>\n<meta property=\"og:site_name\" content=\"Organisator\" \/>\n<meta property=\"article:publisher\" content=\"https:\/\/www.facebook.com\/OrganisatorFachmagazin\" \/>\n<meta property=\"article:published_time\" content=\"2017-08-07T09:50:19+00:00\" \/>\n<meta property=\"article:modified_time\" content=\"2022-02-09T10:06:56+00:00\" \/>\n<meta property=\"og:image\" content=\"https:\/\/www.organisator.ch\/wp-content\/uploads\/2017\/08\/Depositphotos_32727549_l-2015-1024x682.jpg\" \/>\n\t<meta property=\"og:image:width\" content=\"1024\" \/>\n\t<meta property=\"og:image:height\" content=\"682\" \/>\n\t<meta property=\"og:image:type\" content=\"image\/jpeg\" \/>\n<meta name=\"author\" content=\"admin\" \/>\n<meta name=\"twitter:card\" content=\"summary_large_image\" \/>\n<script type=\"application\/ld+json\" class=\"yoast-schema-graph\">{\"@context\":\"https:\\\/\\\/schema.org\",\"@graph\":[{\"@type\":\"Article\",\"@id\":\"https:\\\/\\\/www.organisator.ch\\\/sustainability\\\/2017-08-07\\\/eiweissmangel-wegen-co2-emissionen\\\/#article\",\"isPartOf\":{\"@id\":\"https:\\\/\\\/www.organisator.ch\\\/sustainability\\\/2017-08-07\\\/eiweissmangel-wegen-co2-emissionen\\\/\"},\"author\":{\"name\":\"admin\",\"@id\":\"https:\\\/\\\/www.organisator.ch\\\/#\\\/schema\\\/person\\\/aa2bace6c5c5aad60102004a50c4eb1c\"},\"headline\":\"Eiweissmangel wegen CO2-Emissionen\",\"datePublished\":\"2017-08-07T09:50:19+00:00\",\"dateModified\":\"2022-02-09T10:06:56+00:00\",\"mainEntityOfPage\":{\"@id\":\"https:\\\/\\\/www.organisator.ch\\\/sustainability\\\/2017-08-07\\\/eiweissmangel-wegen-co2-emissionen\\\/\"},\"wordCount\":403,\"commentCount\":0,\"publisher\":{\"@id\":\"https:\\\/\\\/www.organisator.ch\\\/#organization\"},\"image\":{\"@id\":\"https:\\\/\\\/www.organisator.ch\\\/sustainability\\\/2017-08-07\\\/eiweissmangel-wegen-co2-emissionen\\\/#primaryimage\"},\"thumbnailUrl\":\"https:\\\/\\\/www.organisator.ch\\\/wp-content\\\/uploads\\\/2017\\\/08\\\/Depositphotos_32727549_l-2015.jpg\",\"keywords\":[\"Eiweissmangel\",\"Gesundheit\",\"KLIMA\"],\"articleSection\":[\"SUSTAINABILITY\"],\"inLanguage\":\"en-US\"},{\"@type\":\"WebPage\",\"@id\":\"https:\\\/\\\/www.organisator.ch\\\/sustainability\\\/2017-08-07\\\/eiweissmangel-wegen-co2-emissionen\\\/\",\"url\":\"https:\\\/\\\/www.organisator.ch\\\/sustainability\\\/2017-08-07\\\/eiweissmangel-wegen-co2-emissionen\\\/\",\"name\":\"Eiweissmangel wegen CO2-Emissionen - Organisator\",\"isPartOf\":{\"@id\":\"https:\\\/\\\/www.organisator.ch\\\/#website\"},\"primaryImageOfPage\":{\"@id\":\"https:\\\/\\\/www.organisator.ch\\\/sustainability\\\/2017-08-07\\\/eiweissmangel-wegen-co2-emissionen\\\/#primaryimage\"},\"image\":{\"@id\":\"https:\\\/\\\/www.organisator.ch\\\/sustainability\\\/2017-08-07\\\/eiweissmangel-wegen-co2-emissionen\\\/#primaryimage\"},\"thumbnailUrl\":\"https:\\\/\\\/www.organisator.ch\\\/wp-content\\\/uploads\\\/2017\\\/08\\\/Depositphotos_32727549_l-2015.jpg\",\"datePublished\":\"2017-08-07T09:50:19+00:00\",\"dateModified\":\"2022-02-09T10:06:56+00:00\",\"description\":\"Erh\u00f6hen sich die CO2-Werte in der Atmosph\u00e4re weiter, droht Millionen von Menschen ein Eiweissmangel. Das zeigen neue Studien.\",\"breadcrumb\":{\"@id\":\"https:\\\/\\\/www.organisator.ch\\\/sustainability\\\/2017-08-07\\\/eiweissmangel-wegen-co2-emissionen\\\/#breadcrumb\"},\"inLanguage\":\"en-US\",\"potentialAction\":[{\"@type\":\"ReadAction\",\"target\":[\"https:\\\/\\\/www.organisator.ch\\\/sustainability\\\/2017-08-07\\\/eiweissmangel-wegen-co2-emissionen\\\/\"]}]},{\"@type\":\"ImageObject\",\"inLanguage\":\"en-US\",\"@id\":\"https:\\\/\\\/www.organisator.ch\\\/sustainability\\\/2017-08-07\\\/eiweissmangel-wegen-co2-emissionen\\\/#primaryimage\",\"url\":\"https:\\\/\\\/www.organisator.ch\\\/wp-content\\\/uploads\\\/2017\\\/08\\\/Depositphotos_32727549_l-2015.jpg\",\"contentUrl\":\"https:\\\/\\\/www.organisator.ch\\\/wp-content\\\/uploads\\\/2017\\\/08\\\/Depositphotos_32727549_l-2015.jpg\",\"width\":2000,\"height\":1333},{\"@type\":\"BreadcrumbList\",\"@id\":\"https:\\\/\\\/www.organisator.ch\\\/sustainability\\\/2017-08-07\\\/eiweissmangel-wegen-co2-emissionen\\\/#breadcrumb\",\"itemListElement\":[{\"@type\":\"ListItem\",\"position\":1,\"name\":\"Home\",\"item\":\"https:\\\/\\\/www.organisator.ch\\\/\"},{\"@type\":\"ListItem\",\"position\":2,\"name\":\"Eiweissmangel wegen CO2-Emissionen\"}]},{\"@type\":\"WebSite\",\"@id\":\"https:\\\/\\\/www.organisator.ch\\\/#website\",\"url\":\"https:\\\/\\\/www.organisator.ch\\\/\",\"name\":\"Organisator\",\"description\":\"Kompetent. Praxisnah. Der ORGANISATOR bereitet in 10 Ausgaben pro Jahr die wesentlichen Themen f\u00fcr F\u00fchrungskr\u00e4fte von KMU auf.\",\"publisher\":{\"@id\":\"https:\\\/\\\/www.organisator.ch\\\/#organization\"},\"potentialAction\":[{\"@type\":\"SearchAction\",\"target\":{\"@type\":\"EntryPoint\",\"urlTemplate\":\"https:\\\/\\\/www.organisator.ch\\\/?s={search_term_string}\"},\"query-input\":{\"@type\":\"PropertyValueSpecification\",\"valueRequired\":true,\"valueName\":\"search_term_string\"}}],\"inLanguage\":\"en-US\"},{\"@type\":\"Organization\",\"@id\":\"https:\\\/\\\/www.organisator.ch\\\/#organization\",\"name\":\"Organisator\",\"url\":\"https:\\\/\\\/www.organisator.ch\\\/\",\"logo\":{\"@type\":\"ImageObject\",\"inLanguage\":\"en-US\",\"@id\":\"https:\\\/\\\/www.organisator.ch\\\/#\\\/schema\\\/logo\\\/image\\\/\",\"url\":\"https:\\\/\\\/www.organisator.ch\\\/wp-content\\\/uploads\\\/2022\\\/01\\\/Logo_Organisator_Website.png\",\"contentUrl\":\"https:\\\/\\\/www.organisator.ch\\\/wp-content\\\/uploads\\\/2022\\\/01\\\/Logo_Organisator_Website.png\",\"width\":800,\"height\":77,\"caption\":\"Organisator\"},\"image\":{\"@id\":\"https:\\\/\\\/www.organisator.ch\\\/#\\\/schema\\\/logo\\\/image\\\/\"},\"sameAs\":[\"https:\\\/\\\/www.facebook.com\\\/OrganisatorFachmagazin\",\"https:\\\/\\\/www.linkedin.com\\\/showcase\\\/organisator-das-magazin-fr-kmu\",\"https:\\\/\\\/www.xing.com\\\/news\\\/pages\\\/organisator-ch-695\",\"https:\\\/\\\/www.youtube.com\\\/channel\\\/UCGP2Sq0iWaZwT3BdIAQFYpw\"]},{\"@type\":\"Person\",\"@id\":\"https:\\\/\\\/www.organisator.ch\\\/#\\\/schema\\\/person\\\/aa2bace6c5c5aad60102004a50c4eb1c\",\"name\":\"admin\",\"image\":{\"@type\":\"ImageObject\",\"inLanguage\":\"en-US\",\"@id\":\"https:\\\/\\\/secure.gravatar.com\\\/avatar\\\/ae2f4d718e6c49043e314ce431e7e645d646302a24a5ef5a8bc8e3f5a032e319?s=96&d=mm&r=g\",\"url\":\"https:\\\/\\\/secure.gravatar.com\\\/avatar\\\/ae2f4d718e6c49043e314ce431e7e645d646302a24a5ef5a8bc8e3f5a032e319?s=96&d=mm&r=g\",\"contentUrl\":\"https:\\\/\\\/secure.gravatar.com\\\/avatar\\\/ae2f4d718e6c49043e314ce431e7e645d646302a24a5ef5a8bc8e3f5a032e319?s=96&d=mm&r=g\",\"caption\":\"admin\"},\"sameAs\":[\"https:\\\/\\\/www.organisator.ch\"],\"url\":\"https:\\\/\\\/www.organisator.ch\\\/en\\\/author\\\/admin\\\/\"}]}<\/script>\n<!-- \/ Yoast SEO plugin. -->","yoast_head_json":{"title":"Protein deficiency due to CO2 emissions - Organizer","description":"If CO2 levels in the atmosphere continue to rise, millions of people are at risk of protein deficiency. This is shown by new studies.","robots":{"index":"index","follow":"follow","max-snippet":"max-snippet:-1","max-image-preview":"max-image-preview:large","max-video-preview":"max-video-preview:-1"},"canonical":"https:\/\/www.organisator.ch\/en\/sustainability\/2017-08-07\/eiweissmangel-wegen-co2-emissionen\/","og_locale":"en_US","og_type":"article","og_title":"Eiweissmangel wegen CO2-Emissionen - Organisator","og_description":"Erh\u00f6hen sich die CO2-Werte in der Atmosph\u00e4re weiter, droht Millionen von Menschen ein Eiweissmangel. Das zeigen neue Studien.","og_url":"https:\/\/www.organisator.ch\/en\/sustainability\/2017-08-07\/eiweissmangel-wegen-co2-emissionen\/","og_site_name":"Organisator","article_publisher":"https:\/\/www.facebook.com\/OrganisatorFachmagazin","article_published_time":"2017-08-07T09:50:19+00:00","article_modified_time":"2022-02-09T10:06:56+00:00","og_image":[{"width":1024,"height":682,"url":"https:\/\/www.organisator.ch\/wp-content\/uploads\/2017\/08\/Depositphotos_32727549_l-2015-1024x682.jpg","type":"image\/jpeg"}],"author":"admin","twitter_card":"summary_large_image","schema":{"@context":"https:\/\/schema.org","@graph":[{"@type":"Article","@id":"https:\/\/www.organisator.ch\/sustainability\/2017-08-07\/eiweissmangel-wegen-co2-emissionen\/#article","isPartOf":{"@id":"https:\/\/www.organisator.ch\/sustainability\/2017-08-07\/eiweissmangel-wegen-co2-emissionen\/"},"author":{"name":"admin","@id":"https:\/\/www.organisator.ch\/#\/schema\/person\/aa2bace6c5c5aad60102004a50c4eb1c"},"headline":"Eiweissmangel wegen CO2-Emissionen","datePublished":"2017-08-07T09:50:19+00:00","dateModified":"2022-02-09T10:06:56+00:00","mainEntityOfPage":{"@id":"https:\/\/www.organisator.ch\/sustainability\/2017-08-07\/eiweissmangel-wegen-co2-emissionen\/"},"wordCount":403,"commentCount":0,"publisher":{"@id":"https:\/\/www.organisator.ch\/#organization"},"image":{"@id":"https:\/\/www.organisator.ch\/sustainability\/2017-08-07\/eiweissmangel-wegen-co2-emissionen\/#primaryimage"},"thumbnailUrl":"https:\/\/www.organisator.ch\/wp-content\/uploads\/2017\/08\/Depositphotos_32727549_l-2015.jpg","keywords":["Eiweissmangel","Gesundheit","KLIMA"],"articleSection":["SUSTAINABILITY"],"inLanguage":"en-US"},{"@type":"WebPage","@id":"https:\/\/www.organisator.ch\/sustainability\/2017-08-07\/eiweissmangel-wegen-co2-emissionen\/","url":"https:\/\/www.organisator.ch\/sustainability\/2017-08-07\/eiweissmangel-wegen-co2-emissionen\/","name":"Protein deficiency due to CO2 emissions - Organizer","isPartOf":{"@id":"https:\/\/www.organisator.ch\/#website"},"primaryImageOfPage":{"@id":"https:\/\/www.organisator.ch\/sustainability\/2017-08-07\/eiweissmangel-wegen-co2-emissionen\/#primaryimage"},"image":{"@id":"https:\/\/www.organisator.ch\/sustainability\/2017-08-07\/eiweissmangel-wegen-co2-emissionen\/#primaryimage"},"thumbnailUrl":"https:\/\/www.organisator.ch\/wp-content\/uploads\/2017\/08\/Depositphotos_32727549_l-2015.jpg","datePublished":"2017-08-07T09:50:19+00:00","dateModified":"2022-02-09T10:06:56+00:00","description":"If CO2 levels in the atmosphere continue to rise, millions of people are at risk of protein deficiency. This is shown by new studies.","breadcrumb":{"@id":"https:\/\/www.organisator.ch\/sustainability\/2017-08-07\/eiweissmangel-wegen-co2-emissionen\/#breadcrumb"},"inLanguage":"en-US","potentialAction":[{"@type":"ReadAction","target":["https:\/\/www.organisator.ch\/sustainability\/2017-08-07\/eiweissmangel-wegen-co2-emissionen\/"]}]},{"@type":"ImageObject","inLanguage":"en-US","@id":"https:\/\/www.organisator.ch\/sustainability\/2017-08-07\/eiweissmangel-wegen-co2-emissionen\/#primaryimage","url":"https:\/\/www.organisator.ch\/wp-content\/uploads\/2017\/08\/Depositphotos_32727549_l-2015.jpg","contentUrl":"https:\/\/www.organisator.ch\/wp-content\/uploads\/2017\/08\/Depositphotos_32727549_l-2015.jpg","width":2000,"height":1333},{"@type":"BreadcrumbList","@id":"https:\/\/www.organisator.ch\/sustainability\/2017-08-07\/eiweissmangel-wegen-co2-emissionen\/#breadcrumb","itemListElement":[{"@type":"ListItem","position":1,"name":"Home","item":"https:\/\/www.organisator.ch\/"},{"@type":"ListItem","position":2,"name":"Eiweissmangel wegen CO2-Emissionen"}]},{"@type":"WebSite","@id":"https:\/\/www.organisator.ch\/#website","url":"https:\/\/www.organisator.ch\/","name":"Organizer","description":"Competent. Practical. In 10 issues per year, ORGANISATOR presents the essential topics for managers of SMEs.","publisher":{"@id":"https:\/\/www.organisator.ch\/#organization"},"potentialAction":[{"@type":"SearchAction","target":{"@type":"EntryPoint","urlTemplate":"https:\/\/www.organisator.ch\/?s={search_term_string}"},"query-input":{"@type":"PropertyValueSpecification","valueRequired":true,"valueName":"search_term_string"}}],"inLanguage":"en-US"},{"@type":"Organization","@id":"https:\/\/www.organisator.ch\/#organization","name":"Organizer","url":"https:\/\/www.organisator.ch\/","logo":{"@type":"ImageObject","inLanguage":"en-US","@id":"https:\/\/www.organisator.ch\/#\/schema\/logo\/image\/","url":"https:\/\/www.organisator.ch\/wp-content\/uploads\/2022\/01\/Logo_Organisator_Website.png","contentUrl":"https:\/\/www.organisator.ch\/wp-content\/uploads\/2022\/01\/Logo_Organisator_Website.png","width":800,"height":77,"caption":"Organisator"},"image":{"@id":"https:\/\/www.organisator.ch\/#\/schema\/logo\/image\/"},"sameAs":["https:\/\/www.facebook.com\/OrganisatorFachmagazin","https:\/\/www.linkedin.com\/showcase\/organisator-das-magazin-fr-kmu","https:\/\/www.xing.com\/news\/pages\/organisator-ch-695","https:\/\/www.youtube.com\/channel\/UCGP2Sq0iWaZwT3BdIAQFYpw"]},{"@type":"Person","@id":"https:\/\/www.organisator.ch\/#\/schema\/person\/aa2bace6c5c5aad60102004a50c4eb1c","name":"admin","image":{"@type":"ImageObject","inLanguage":"en-US","@id":"https:\/\/secure.gravatar.com\/avatar\/ae2f4d718e6c49043e314ce431e7e645d646302a24a5ef5a8bc8e3f5a032e319?s=96&d=mm&r=g","url":"https:\/\/secure.gravatar.com\/avatar\/ae2f4d718e6c49043e314ce431e7e645d646302a24a5ef5a8bc8e3f5a032e319?s=96&d=mm&r=g","contentUrl":"https:\/\/secure.gravatar.com\/avatar\/ae2f4d718e6c49043e314ce431e7e645d646302a24a5ef5a8bc8e3f5a032e319?s=96&d=mm&r=g","caption":"admin"},"sameAs":["https:\/\/www.organisator.ch"],"url":"https:\/\/www.organisator.ch\/en\/author\/admin\/"}]}},"_links":{"self":[{"href":"https:\/\/www.organisator.ch\/en\/wp-json\/wp\/v2\/posts\/1057","targetHints":{"allow":["GET"]}}],"collection":[{"href":"https:\/\/www.organisator.ch\/en\/wp-json\/wp\/v2\/posts"}],"about":[{"href":"https:\/\/www.organisator.ch\/en\/wp-json\/wp\/v2\/types\/post"}],"author":[{"embeddable":true,"href":"https:\/\/www.organisator.ch\/en\/wp-json\/wp\/v2\/users\/1"}],"replies":[{"embeddable":true,"href":"https:\/\/www.organisator.ch\/en\/wp-json\/wp\/v2\/comments?post=1057"}],"version-history":[{"count":1,"href":"https:\/\/www.organisator.ch\/en\/wp-json\/wp\/v2\/posts\/1057\/revisions"}],"predecessor-version":[{"id":10731,"href":"https:\/\/www.organisator.ch\/en\/wp-json\/wp\/v2\/posts\/1057\/revisions\/10731"}],"wp:featuredmedia":[{"embeddable":true,"href":"https:\/\/www.organisator.ch\/en\/wp-json\/wp\/v2\/media\/1059"}],"wp:attachment":[{"href":"https:\/\/www.organisator.ch\/en\/wp-json\/wp\/v2\/media?parent=1057"}],"wp:term":[{"taxonomy":"category","embeddable":true,"href":"https:\/\/www.organisator.ch\/en\/wp-json\/wp\/v2\/categories?post=1057"},{"taxonomy":"post_tag","embeddable":true,"href":"https:\/\/www.organisator.ch\/en\/wp-json\/wp\/v2\/tags?post=1057"}],"curies":[{"name":"wp","href":"https:\/\/api.w.org\/{rel}","templated":true}]}}