{"id":1081,"date":"2016-12-19T14:13:05","date_gmt":"2016-12-19T13:13:05","guid":{"rendered":"http:\/\/dev.organisator.ch\/?p=1081"},"modified":"2016-12-19T14:13:05","modified_gmt":"2016-12-19T13:13:05","slug":"leadership-workshop-im-tessin","status":"publish","type":"post","link":"https:\/\/www.organisator.ch\/en\/allgemein\/2016-12-19\/leadership-workshop-im-tessin\/","title":{"rendered":"Leadership workshop in Ticino on 10.5.2017"},"content":{"rendered":"<figure id=\"attachment_1083\" aria-describedby=\"caption-attachment-1083\" style=\"width: 680px\" class=\"wp-caption alignnone\"><a href=\"https:\/\/www.organisator.ch\/wp-content\/uploads\/2016\/12\/Leadership-Workshop-im-Tessin-organisator.jpg\"><img loading=\"lazy\" decoding=\"async\" class=\"size-medium wp-image-1083\" src=\"https:\/\/organisator.ch\/wp-content\/uploads\/2016\/12\/Leadership-Workshop-im-Tessin-organisator.jpg\" alt=\"\" width=\"680\" height=\"453\" \/><\/a><figcaption id=\"caption-attachment-1083\" class=\"wp-caption-text\">Leadership workshop in Ticino<\/figcaption><\/figure>\n<p><strong>May 10 (5pm) - May 12, 2017 (5pm),\u00a0<a href=\"http:\/\/www.belvedere-locarno.com\/de\" target=\"_blank\" rel=\"noreferrer noopener\" data-cke-saved-href=\"http:\/\/www.belvedere-locarno.com\/de\">Hotel Belvedere, Locarno<\/a><\/strong><\/p>\n<p><strong>Target group<\/strong><br \/>\nThe workshop is aimed at entrepreneurs and managers who want to take an in-depth look at the topic of leadership and sustainable management.<\/p>\n<p><strong>Initial situation<\/strong><br \/>\nThe working world of tomorrow is undergoing radical changes. Complexity and multi-layeredness are increasing due to globalization and digitization. How can leaders hold their own in an increasingly complex and multi-layered world? What key competencies does future-proof leadership need?<\/p>\n<p><strong>Objective<\/strong><br \/>\nTop-class speakers will discuss with you the prerequisites and success factors of modern leadership as well as methods for developing the leadership skills of tomorrow and entrepreneurial thinking as a driver for sustainable outstanding results.<\/p>\n<p><strong>Benefit<\/strong><br \/>\nThe participants reflect on their personal leadership behavior and develop their future competence in order to master the even more challenging tasks in a constantly changing environment. In addition to inputs, learnings and growth, exchange and inspiration are important to us. Ticino, with its southern ambience, offers an ideal environment for this and perhaps also a little vacation atmosphere.<\/p>\n<p>Homepage\u00a0<a href=\"http:\/\/www.swiss-excellence-forum.ch\/seminare\/details\/?a=952\" target=\"_blank\" rel=\"noopener\">http:\/\/www.swiss-excellence-forum.ch\/seminare\/details\/?a=952<\/a><\/p>\n<p>Leaflet\u00a0<a href=\"http:\/\/www.swiss-excellence-forum.ch\/__\/frontend\/handler\/document.php?id=1518&amp;type=116&amp;attachment=1\">http:\/\/www.swiss-excellence-forum.ch\/__\/frontend\/handler\/document.php?id=1518&amp;type=116&amp;attachment=1<\/a><\/p>\n<p>Hotel Belvedere, Via ai Monti della Trinit\u00e0 44, 6600 Locarno, Switzerland<\/p>","protected":false},"excerpt":{"rendered":"<p>10. Mai (17 Uhr) &#8211; 12. Mai 2017 (17 Uhr),\u00a0Hotel Belvedere, Locarno Zielgruppe Der Workshop richtet sich an Unternehmer und F\u00fchrungskr\u00e4fte, die sich vertieft mit dem Thema Leadership und zukunftsf\u00e4higer F\u00fchrung auseinandersetzen wollen. Ausgangslage Die Arbeitswelt von morgen ist radikalen Ver\u00e4nderungen unterworfen. Komplexit\u00e4t und Vielschichtigkeit nehmen durch die Globalisierung und Digitalisierung zu. Wie k\u00f6nnen sich [&hellip;]<\/p>\n","protected":false},"author":8,"featured_media":1083,"comment_status":"open","ping_status":"open","sticky":false,"template":"","format":"standard","meta":{"_acf_changed":false,"_yoast_wpseo_focuskw":"Leadership-Workshop","_yoast_wpseo_metadesc":"F\u00fcr Unternehmer und F\u00fchrungskr\u00e4fte der Zukunft. Was zuk\u00fcnftige Leader auszeichnet. Diskutieren Sie mit Experten \u00fcber Leadership von morgen.","articlekey":"","footnotes":""},"categories":[1],"tags":[320,502],"class_list":["post-1081","post","type-post","status-publish","format-standard","has-post-thumbnail","hentry","category-allgemein","tag-leadership","tag-veranstaltungen"],"acf":[],"yoast_head":"<!-- This site is optimized with the Yoast SEO plugin v27.5 - https:\/\/yoast.com\/product\/yoast-seo-wordpress\/ -->\n<title>Leadership-Workshop im Tessin am 10.5.2017 - Organisator<\/title>\n<meta name=\"description\" content=\"F\u00fcr Unternehmer und F\u00fchrungskr\u00e4fte der Zukunft. Was zuk\u00fcnftige Leader auszeichnet. Diskutieren Sie mit Experten \u00fcber Leadership von morgen.\" \/>\n<meta name=\"robots\" content=\"index, follow, max-snippet:-1, max-image-preview:large, max-video-preview:-1\" \/>\n<link rel=\"canonical\" href=\"https:\/\/www.organisator.ch\/en\/general\/2016-12-19\/leadership-workshop-im-tessin\/\" \/>\n<meta property=\"og:locale\" content=\"en_US\" \/>\n<meta property=\"og:type\" content=\"article\" \/>\n<meta property=\"og:title\" content=\"Leadership-Workshop im Tessin am 10.5.2017\" \/>\n<meta property=\"og:description\" content=\"F\u00fcr Unternehmer und F\u00fchrungskr\u00e4fte der Zukunft. Was zuk\u00fcnftige Leader auszeichnet. Diskutieren Sie mit Experten \u00fcber Leadership von morgen.\" \/>\n<meta property=\"og:url\" content=\"https:\/\/www.organisator.ch\/en\/general\/2016-12-19\/leadership-workshop-im-tessin\/\" \/>\n<meta property=\"og:site_name\" content=\"Organisator\" \/>\n<meta property=\"article:publisher\" content=\"https:\/\/www.facebook.com\/OrganisatorFachmagazin\" \/>\n<meta property=\"article:published_time\" content=\"2016-12-19T13:13:05+00:00\" \/>\n<meta name=\"author\" content=\"galledia\" \/>\n<meta name=\"twitter:card\" content=\"summary_large_image\" \/>\n<meta name=\"twitter:title\" content=\"Leadership-Workshop im Tessin am 10.5.2017\" \/>\n<meta name=\"twitter:description\" content=\"F\u00fcr Unternehmer und F\u00fchrungskr\u00e4fte der Zukunft. Was zuk\u00fcnftige Leader auszeichnet. Diskutieren Sie mit Experten \u00fcber Leadership von morgen.\" \/>\n<meta name=\"twitter:image\" content=\"http:\/\/dev.organisator.ch\/wp-content\/uploads\/2016\/12\/Leadership-Workshop-im-Tessin-organisator.jpg\" \/>\n<meta name=\"twitter:creator\" content=\"@admin\" \/>\n<script type=\"application\/ld+json\" class=\"yoast-schema-graph\">{\"@context\":\"https:\\\/\\\/schema.org\",\"@graph\":[{\"@type\":\"Article\",\"@id\":\"https:\\\/\\\/www.organisator.ch\\\/en\\\/general\\\/2016-12-19\\\/leadership-workshop-im-tessin\\\/#article\",\"isPartOf\":{\"@id\":\"https:\\\/\\\/www.organisator.ch\\\/en\\\/general\\\/2016-12-19\\\/leadership-workshop-im-tessin\\\/\"},\"author\":{\"name\":\"galledia\",\"@id\":\"https:\\\/\\\/www.organisator.ch\\\/#\\\/schema\\\/person\\\/4e51799071cd2dd1232ac003643ef5f0\"},\"headline\":\"Leadership-Workshop im Tessin am 10.5.2017\",\"datePublished\":\"2016-12-19T13:13:05+00:00\",\"mainEntityOfPage\":{\"@id\":\"https:\\\/\\\/www.organisator.ch\\\/en\\\/general\\\/2016-12-19\\\/leadership-workshop-im-tessin\\\/\"},\"wordCount\":217,\"commentCount\":0,\"publisher\":{\"@id\":\"https:\\\/\\\/www.organisator.ch\\\/#organization\"},\"image\":{\"@id\":\"https:\\\/\\\/www.organisator.ch\\\/en\\\/general\\\/2016-12-19\\\/leadership-workshop-im-tessin\\\/#primaryimage\"},\"thumbnailUrl\":\"https:\\\/\\\/www.organisator.ch\\\/wp-content\\\/uploads\\\/2016\\\/12\\\/Leadership-Workshop-im-Tessin-organisator-scaled.jpg\",\"keywords\":[\"Leadership\",\"Veranstaltungen\"],\"articleSection\":[\"Allgemein\"],\"inLanguage\":\"en-US\"},{\"@type\":\"WebPage\",\"@id\":\"https:\\\/\\\/www.organisator.ch\\\/en\\\/general\\\/2016-12-19\\\/leadership-workshop-im-tessin\\\/\",\"url\":\"https:\\\/\\\/www.organisator.ch\\\/en\\\/general\\\/2016-12-19\\\/leadership-workshop-im-tessin\\\/\",\"name\":\"Leadership-Workshop im Tessin am 10.5.2017 - Organisator\",\"isPartOf\":{\"@id\":\"https:\\\/\\\/www.organisator.ch\\\/#website\"},\"primaryImageOfPage\":{\"@id\":\"https:\\\/\\\/www.organisator.ch\\\/en\\\/general\\\/2016-12-19\\\/leadership-workshop-im-tessin\\\/#primaryimage\"},\"image\":{\"@id\":\"https:\\\/\\\/www.organisator.ch\\\/en\\\/general\\\/2016-12-19\\\/leadership-workshop-im-tessin\\\/#primaryimage\"},\"thumbnailUrl\":\"https:\\\/\\\/www.organisator.ch\\\/wp-content\\\/uploads\\\/2016\\\/12\\\/Leadership-Workshop-im-Tessin-organisator-scaled.jpg\",\"datePublished\":\"2016-12-19T13:13:05+00:00\",\"description\":\"F\u00fcr Unternehmer und F\u00fchrungskr\u00e4fte der Zukunft. Was zuk\u00fcnftige Leader auszeichnet. Diskutieren Sie mit Experten \u00fcber Leadership von morgen.\",\"breadcrumb\":{\"@id\":\"https:\\\/\\\/www.organisator.ch\\\/en\\\/general\\\/2016-12-19\\\/leadership-workshop-im-tessin\\\/#breadcrumb\"},\"inLanguage\":\"en-US\",\"potentialAction\":[{\"@type\":\"ReadAction\",\"target\":[\"https:\\\/\\\/www.organisator.ch\\\/en\\\/general\\\/2016-12-19\\\/leadership-workshop-im-tessin\\\/\"]}]},{\"@type\":\"ImageObject\",\"inLanguage\":\"en-US\",\"@id\":\"https:\\\/\\\/www.organisator.ch\\\/en\\\/general\\\/2016-12-19\\\/leadership-workshop-im-tessin\\\/#primaryimage\",\"url\":\"https:\\\/\\\/www.organisator.ch\\\/wp-content\\\/uploads\\\/2016\\\/12\\\/Leadership-Workshop-im-Tessin-organisator-scaled.jpg\",\"contentUrl\":\"https:\\\/\\\/www.organisator.ch\\\/wp-content\\\/uploads\\\/2016\\\/12\\\/Leadership-Workshop-im-Tessin-organisator-scaled.jpg\",\"width\":2560,\"height\":1707,\"caption\":\"Leadership-Workshop im Tessin\"},{\"@type\":\"BreadcrumbList\",\"@id\":\"https:\\\/\\\/www.organisator.ch\\\/en\\\/general\\\/2016-12-19\\\/leadership-workshop-im-tessin\\\/#breadcrumb\",\"itemListElement\":[{\"@type\":\"ListItem\",\"position\":1,\"name\":\"Home\",\"item\":\"https:\\\/\\\/www.organisator.ch\\\/\"},{\"@type\":\"ListItem\",\"position\":2,\"name\":\"Leadership-Workshop im Tessin am 10.5.2017\"}]},{\"@type\":\"WebSite\",\"@id\":\"https:\\\/\\\/www.organisator.ch\\\/#website\",\"url\":\"https:\\\/\\\/www.organisator.ch\\\/\",\"name\":\"Organisator\",\"description\":\"Kompetent. Praxisnah. Der ORGANISATOR bereitet in 10 Ausgaben pro Jahr die wesentlichen Themen f\u00fcr F\u00fchrungskr\u00e4fte von KMU auf.\",\"publisher\":{\"@id\":\"https:\\\/\\\/www.organisator.ch\\\/#organization\"},\"potentialAction\":[{\"@type\":\"SearchAction\",\"target\":{\"@type\":\"EntryPoint\",\"urlTemplate\":\"https:\\\/\\\/www.organisator.ch\\\/?s={search_term_string}\"},\"query-input\":{\"@type\":\"PropertyValueSpecification\",\"valueRequired\":true,\"valueName\":\"search_term_string\"}}],\"inLanguage\":\"en-US\"},{\"@type\":\"Organization\",\"@id\":\"https:\\\/\\\/www.organisator.ch\\\/#organization\",\"name\":\"Organisator\",\"url\":\"https:\\\/\\\/www.organisator.ch\\\/\",\"logo\":{\"@type\":\"ImageObject\",\"inLanguage\":\"en-US\",\"@id\":\"https:\\\/\\\/www.organisator.ch\\\/#\\\/schema\\\/logo\\\/image\\\/\",\"url\":\"https:\\\/\\\/www.organisator.ch\\\/wp-content\\\/uploads\\\/2022\\\/01\\\/Logo_Organisator_Website.png\",\"contentUrl\":\"https:\\\/\\\/www.organisator.ch\\\/wp-content\\\/uploads\\\/2022\\\/01\\\/Logo_Organisator_Website.png\",\"width\":800,\"height\":77,\"caption\":\"Organisator\"},\"image\":{\"@id\":\"https:\\\/\\\/www.organisator.ch\\\/#\\\/schema\\\/logo\\\/image\\\/\"},\"sameAs\":[\"https:\\\/\\\/www.facebook.com\\\/OrganisatorFachmagazin\",\"https:\\\/\\\/www.linkedin.com\\\/showcase\\\/organisator-das-magazin-fr-kmu\",\"https:\\\/\\\/www.xing.com\\\/news\\\/pages\\\/organisator-ch-695\",\"https:\\\/\\\/www.youtube.com\\\/channel\\\/UCGP2Sq0iWaZwT3BdIAQFYpw\"]},{\"@type\":\"Person\",\"@id\":\"https:\\\/\\\/www.organisator.ch\\\/#\\\/schema\\\/person\\\/4e51799071cd2dd1232ac003643ef5f0\",\"name\":\"galledia\",\"image\":{\"@type\":\"ImageObject\",\"inLanguage\":\"en-US\",\"@id\":\"https:\\\/\\\/secure.gravatar.com\\\/avatar\\\/78a7f90c01fc2bfc875782a0d4922b37cde2cf184ce347b91316d23cd7f69a36?s=96&d=mm&r=g\",\"url\":\"https:\\\/\\\/secure.gravatar.com\\\/avatar\\\/78a7f90c01fc2bfc875782a0d4922b37cde2cf184ce347b91316d23cd7f69a36?s=96&d=mm&r=g\",\"contentUrl\":\"https:\\\/\\\/secure.gravatar.com\\\/avatar\\\/78a7f90c01fc2bfc875782a0d4922b37cde2cf184ce347b91316d23cd7f69a36?s=96&d=mm&r=g\",\"caption\":\"galledia\"},\"sameAs\":[\"https:\\\/\\\/x.com\\\/admin\"],\"url\":\"https:\\\/\\\/www.organisator.ch\\\/en\\\/author\\\/galledia\\\/\"}]}<\/script>\n<!-- \/ Yoast SEO plugin. -->","yoast_head_json":{"title":"Leadership workshop in Ticino on 10.5.2017 - Organizer","description":"For entrepreneurs and leaders of the future. What distinguishes future leaders. Discuss the leadership of tomorrow with experts.","robots":{"index":"index","follow":"follow","max-snippet":"max-snippet:-1","max-image-preview":"max-image-preview:large","max-video-preview":"max-video-preview:-1"},"canonical":"https:\/\/www.organisator.ch\/en\/general\/2016-12-19\/leadership-workshop-im-tessin\/","og_locale":"en_US","og_type":"article","og_title":"Leadership-Workshop im Tessin am 10.5.2017","og_description":"F\u00fcr Unternehmer und F\u00fchrungskr\u00e4fte der Zukunft. Was zuk\u00fcnftige Leader auszeichnet. Diskutieren Sie mit Experten \u00fcber Leadership von morgen.","og_url":"https:\/\/www.organisator.ch\/en\/general\/2016-12-19\/leadership-workshop-im-tessin\/","og_site_name":"Organisator","article_publisher":"https:\/\/www.facebook.com\/OrganisatorFachmagazin","article_published_time":"2016-12-19T13:13:05+00:00","author":"galledia","twitter_card":"summary_large_image","twitter_title":"Leadership-Workshop im Tessin am 10.5.2017","twitter_description":"F\u00fcr Unternehmer und F\u00fchrungskr\u00e4fte der Zukunft. Was zuk\u00fcnftige Leader auszeichnet. Diskutieren Sie mit Experten \u00fcber Leadership von morgen.","twitter_image":"http:\/\/dev.organisator.ch\/wp-content\/uploads\/2016\/12\/Leadership-Workshop-im-Tessin-organisator.jpg","twitter_creator":"@admin","schema":{"@context":"https:\/\/schema.org","@graph":[{"@type":"Article","@id":"https:\/\/www.organisator.ch\/en\/general\/2016-12-19\/leadership-workshop-im-tessin\/#article","isPartOf":{"@id":"https:\/\/www.organisator.ch\/en\/general\/2016-12-19\/leadership-workshop-im-tessin\/"},"author":{"name":"galledia","@id":"https:\/\/www.organisator.ch\/#\/schema\/person\/4e51799071cd2dd1232ac003643ef5f0"},"headline":"Leadership-Workshop im Tessin am 10.5.2017","datePublished":"2016-12-19T13:13:05+00:00","mainEntityOfPage":{"@id":"https:\/\/www.organisator.ch\/en\/general\/2016-12-19\/leadership-workshop-im-tessin\/"},"wordCount":217,"commentCount":0,"publisher":{"@id":"https:\/\/www.organisator.ch\/#organization"},"image":{"@id":"https:\/\/www.organisator.ch\/en\/general\/2016-12-19\/leadership-workshop-im-tessin\/#primaryimage"},"thumbnailUrl":"https:\/\/www.organisator.ch\/wp-content\/uploads\/2016\/12\/Leadership-Workshop-im-Tessin-organisator-scaled.jpg","keywords":["Leadership","Veranstaltungen"],"articleSection":["Allgemein"],"inLanguage":"en-US"},{"@type":"WebPage","@id":"https:\/\/www.organisator.ch\/en\/general\/2016-12-19\/leadership-workshop-im-tessin\/","url":"https:\/\/www.organisator.ch\/en\/general\/2016-12-19\/leadership-workshop-im-tessin\/","name":"Leadership workshop in Ticino on 10.5.2017 - Organizer","isPartOf":{"@id":"https:\/\/www.organisator.ch\/#website"},"primaryImageOfPage":{"@id":"https:\/\/www.organisator.ch\/en\/general\/2016-12-19\/leadership-workshop-im-tessin\/#primaryimage"},"image":{"@id":"https:\/\/www.organisator.ch\/en\/general\/2016-12-19\/leadership-workshop-im-tessin\/#primaryimage"},"thumbnailUrl":"https:\/\/www.organisator.ch\/wp-content\/uploads\/2016\/12\/Leadership-Workshop-im-Tessin-organisator-scaled.jpg","datePublished":"2016-12-19T13:13:05+00:00","description":"For entrepreneurs and leaders of the future. What distinguishes future leaders. Discuss the leadership of tomorrow with experts.","breadcrumb":{"@id":"https:\/\/www.organisator.ch\/en\/general\/2016-12-19\/leadership-workshop-im-tessin\/#breadcrumb"},"inLanguage":"en-US","potentialAction":[{"@type":"ReadAction","target":["https:\/\/www.organisator.ch\/en\/general\/2016-12-19\/leadership-workshop-im-tessin\/"]}]},{"@type":"ImageObject","inLanguage":"en-US","@id":"https:\/\/www.organisator.ch\/en\/general\/2016-12-19\/leadership-workshop-im-tessin\/#primaryimage","url":"https:\/\/www.organisator.ch\/wp-content\/uploads\/2016\/12\/Leadership-Workshop-im-Tessin-organisator-scaled.jpg","contentUrl":"https:\/\/www.organisator.ch\/wp-content\/uploads\/2016\/12\/Leadership-Workshop-im-Tessin-organisator-scaled.jpg","width":2560,"height":1707,"caption":"Leadership-Workshop im Tessin"},{"@type":"BreadcrumbList","@id":"https:\/\/www.organisator.ch\/en\/general\/2016-12-19\/leadership-workshop-im-tessin\/#breadcrumb","itemListElement":[{"@type":"ListItem","position":1,"name":"Home","item":"https:\/\/www.organisator.ch\/"},{"@type":"ListItem","position":2,"name":"Leadership-Workshop im Tessin am 10.5.2017"}]},{"@type":"WebSite","@id":"https:\/\/www.organisator.ch\/#website","url":"https:\/\/www.organisator.ch\/","name":"Organizer","description":"Competent. Practical. In 10 issues per year, ORGANISATOR presents the essential topics for managers of SMEs.","publisher":{"@id":"https:\/\/www.organisator.ch\/#organization"},"potentialAction":[{"@type":"SearchAction","target":{"@type":"EntryPoint","urlTemplate":"https:\/\/www.organisator.ch\/?s={search_term_string}"},"query-input":{"@type":"PropertyValueSpecification","valueRequired":true,"valueName":"search_term_string"}}],"inLanguage":"en-US"},{"@type":"Organization","@id":"https:\/\/www.organisator.ch\/#organization","name":"Organizer","url":"https:\/\/www.organisator.ch\/","logo":{"@type":"ImageObject","inLanguage":"en-US","@id":"https:\/\/www.organisator.ch\/#\/schema\/logo\/image\/","url":"https:\/\/www.organisator.ch\/wp-content\/uploads\/2022\/01\/Logo_Organisator_Website.png","contentUrl":"https:\/\/www.organisator.ch\/wp-content\/uploads\/2022\/01\/Logo_Organisator_Website.png","width":800,"height":77,"caption":"Organisator"},"image":{"@id":"https:\/\/www.organisator.ch\/#\/schema\/logo\/image\/"},"sameAs":["https:\/\/www.facebook.com\/OrganisatorFachmagazin","https:\/\/www.linkedin.com\/showcase\/organisator-das-magazin-fr-kmu","https:\/\/www.xing.com\/news\/pages\/organisator-ch-695","https:\/\/www.youtube.com\/channel\/UCGP2Sq0iWaZwT3BdIAQFYpw"]},{"@type":"Person","@id":"https:\/\/www.organisator.ch\/#\/schema\/person\/4e51799071cd2dd1232ac003643ef5f0","name":"galledia","image":{"@type":"ImageObject","inLanguage":"en-US","@id":"https:\/\/secure.gravatar.com\/avatar\/78a7f90c01fc2bfc875782a0d4922b37cde2cf184ce347b91316d23cd7f69a36?s=96&d=mm&r=g","url":"https:\/\/secure.gravatar.com\/avatar\/78a7f90c01fc2bfc875782a0d4922b37cde2cf184ce347b91316d23cd7f69a36?s=96&d=mm&r=g","contentUrl":"https:\/\/secure.gravatar.com\/avatar\/78a7f90c01fc2bfc875782a0d4922b37cde2cf184ce347b91316d23cd7f69a36?s=96&d=mm&r=g","caption":"galledia"},"sameAs":["https:\/\/x.com\/admin"],"url":"https:\/\/www.organisator.ch\/en\/author\/galledia\/"}]}},"_links":{"self":[{"href":"https:\/\/www.organisator.ch\/en\/wp-json\/wp\/v2\/posts\/1081","targetHints":{"allow":["GET"]}}],"collection":[{"href":"https:\/\/www.organisator.ch\/en\/wp-json\/wp\/v2\/posts"}],"about":[{"href":"https:\/\/www.organisator.ch\/en\/wp-json\/wp\/v2\/types\/post"}],"author":[{"embeddable":true,"href":"https:\/\/www.organisator.ch\/en\/wp-json\/wp\/v2\/users\/8"}],"replies":[{"embeddable":true,"href":"https:\/\/www.organisator.ch\/en\/wp-json\/wp\/v2\/comments?post=1081"}],"version-history":[{"count":0,"href":"https:\/\/www.organisator.ch\/en\/wp-json\/wp\/v2\/posts\/1081\/revisions"}],"wp:featuredmedia":[{"embeddable":true,"href":"https:\/\/www.organisator.ch\/en\/wp-json\/wp\/v2\/media\/1083"}],"wp:attachment":[{"href":"https:\/\/www.organisator.ch\/en\/wp-json\/wp\/v2\/media?parent=1081"}],"wp:term":[{"taxonomy":"category","embeddable":true,"href":"https:\/\/www.organisator.ch\/en\/wp-json\/wp\/v2\/categories?post=1081"},{"taxonomy":"post_tag","embeddable":true,"href":"https:\/\/www.organisator.ch\/en\/wp-json\/wp\/v2\/tags?post=1081"}],"curies":[{"name":"wp","href":"https:\/\/api.w.org\/{rel}","templated":true}]}}