{"id":1101,"date":"2016-12-19T14:27:13","date_gmt":"2016-12-19T13:27:13","guid":{"rendered":"http:\/\/dev.organisator.ch\/?p=1101"},"modified":"2016-12-19T14:27:13","modified_gmt":"2016-12-19T13:27:13","slug":"excellence-fuer-verwaltungs-und-stiftungsraete","status":"publish","type":"post","link":"https:\/\/www.organisator.ch\/en\/allgemein\/2016-12-19\/excellence-fuer-verwaltungs-und-stiftungsraete\/","title":{"rendered":"Seminar Excellence for Boards of Directors and Trustees on 03.02.2017"},"content":{"rendered":"<figure id=\"attachment_1102\" aria-describedby=\"caption-attachment-1102\" style=\"width: 486px\" class=\"wp-caption alignnone\"><a href=\"https:\/\/www.organisator.ch\/wp-content\/uploads\/2016\/12\/Excellence-fuer-Verwaltungs-und-Stiftungsraete-organisator.jpg\"><img loading=\"lazy\" decoding=\"async\" class=\"size-full wp-image-1102\" src=\"https:\/\/www.organisator.ch\/wp-content\/uploads\/2016\/12\/Excellence-fuer-Verwaltungs-und-Stiftungsraete-organisator.jpg\" alt=\"\" width=\"486\" height=\"465\" srcset=\"https:\/\/www.organisator.ch\/wp-content\/uploads\/2016\/12\/Excellence-fuer-Verwaltungs-und-Stiftungsraete-organisator.jpg 486w, https:\/\/www.organisator.ch\/wp-content\/uploads\/2016\/12\/Excellence-fuer-Verwaltungs-und-Stiftungsraete-organisator-13x12.jpg 13w, https:\/\/www.organisator.ch\/wp-content\/uploads\/2016\/12\/Excellence-fuer-Verwaltungs-und-Stiftungsraete-organisator-183x175.jpg 183w, https:\/\/www.organisator.ch\/wp-content\/uploads\/2016\/12\/Excellence-fuer-Verwaltungs-und-Stiftungsraete-organisator-366x350.jpg 366w, https:\/\/www.organisator.ch\/wp-content\/uploads\/2016\/12\/Excellence-fuer-Verwaltungs-und-Stiftungsraete-organisator-300x287.jpg 300w\" sizes=\"auto, (max-width: 486px) 100vw, 486px\" \/><\/a><figcaption id=\"caption-attachment-1102\" class=\"wp-caption-text\">Excellence for Boards of Directors and Boards of Trustees<\/figcaption><\/figure>\n<p>In the concentrated Excellence seminar, the most important contexts of Business Excellence as well as the goals, the benefits and the most important procedures and tools for achieving Excellence are demonstrated.<\/p>\n<p>Contact person Ruth Buholzer<\/p>\n<p>Phone 041 229 30 40<\/p>\n<p>E-mail\u00a0<a href=\"swiss@excellence-forum.ch\" target=\"_blank\" rel=\"noopener\">swiss@excellence-forum.ch<\/a><\/p>\n<p>Website\u00a0<a href=\"http:\/\/www.swiss-excellence-forum.ch\/seminare\/details\/?a=986\" target=\"_blank\" rel=\"noopener\">http:\/\/www.swiss-excellence-forum.ch\/seminare\/details\/?a=986<\/a><\/p>\n<p>Venue Hotel Cascada, Bundesplatz 18, 6003 Lucerne, Switzerland<\/p>","protected":false},"excerpt":{"rendered":"<p>The concentrated excellence seminar will show the most important correlations of business excellence as well as the objectives, benefits and the most important procedures and instruments for achieving excellence. Contact person Ruth Buholzer Phone 041 229 30 40 E-mail swiss@excellence-forum.ch Website http:\/\/www.swiss-excellence-forum.ch\/seminare\/details\/?a=986 Venue Hotel Cascada, Bundesplatz 18, 6003 Lucerne, Switzerland<\/p>","protected":false},"author":8,"featured_media":1102,"comment_status":"open","ping_status":"open","sticky":false,"template":"","format":"standard","meta":{"_acf_changed":false,"_yoast_wpseo_focuskw":"Excellence","_yoast_wpseo_metadesc":"Zusammenh\u00e4nge und Business Excellence sowie die Ziele, der Nutzen und die wichtigsten Vorgehen zur Erreichung der Excellence werden aufgezeigt.","articlekey":"","footnotes":""},"categories":[1],"tags":[502],"class_list":["post-1101","post","type-post","status-publish","format-standard","has-post-thumbnail","hentry","category-allgemein","tag-veranstaltungen"],"acf":[],"yoast_head":"<!-- This site is optimized with the Yoast SEO plugin v27.5 - https:\/\/yoast.com\/product\/yoast-seo-wordpress\/ -->\n<title>Seminar-Excellence f\u00fcr Verwaltungs- und Stiftungsr\u00e4te<\/title>\n<meta name=\"description\" content=\"Zusammenh\u00e4nge und Business Excellence sowie die Ziele, der Nutzen und die wichtigsten Vorgehen zur Erreichung der Excellence werden aufgezeigt.\" \/>\n<meta name=\"robots\" content=\"index, follow, max-snippet:-1, max-image-preview:large, max-video-preview:-1\" \/>\n<link rel=\"canonical\" href=\"https:\/\/www.organisator.ch\/en\/general\/2016-12-19\/excellence-fuer-verwaltungs-und-stiftungsraete\/\" \/>\n<meta property=\"og:locale\" content=\"en_US\" \/>\n<meta property=\"og:type\" content=\"article\" \/>\n<meta property=\"og:title\" content=\"Seminar-Excellence f\u00fcr Verwaltungs- und Stiftungsr\u00e4te am 03.02.2017\" \/>\n<meta property=\"og:description\" content=\"Im konzentrierten Excellence-Seminar werden die wichtigsten Zusammenh\u00e4nge von Business Excellence sowie die Ziele, der Nutzen und die wichtigsten Vorgehen und Instrumente zur Erreichung der Excellence aufgezeigt.\" \/>\n<meta property=\"og:url\" content=\"https:\/\/www.organisator.ch\/en\/general\/2016-12-19\/excellence-fuer-verwaltungs-und-stiftungsraete\/\" \/>\n<meta property=\"og:site_name\" content=\"Organisator\" \/>\n<meta property=\"article:publisher\" content=\"https:\/\/www.facebook.com\/OrganisatorFachmagazin\" \/>\n<meta property=\"article:published_time\" content=\"2016-12-19T13:27:13+00:00\" \/>\n<meta name=\"author\" content=\"galledia\" \/>\n<meta name=\"twitter:card\" content=\"summary_large_image\" \/>\n<meta name=\"twitter:title\" content=\"Seminar-Excellence f\u00fcr Verwaltungs- und Stiftungsr\u00e4te am 03.02.2017\" \/>\n<meta name=\"twitter:description\" content=\"Im konzentrierten Excellence-Seminar werden die wichtigsten Zusammenh\u00e4nge von Business Excellence sowie die Ziele, der Nutzen und die wichtigsten Vorgehen und Instrumente zur Erreichung der Excellence aufgezeigt.\" \/>\n<meta name=\"twitter:image\" content=\"http:\/\/dev.organisator.ch\/wp-content\/uploads\/2016\/12\/Excellence-f\u00fcr-Verwaltungs-und-Stiftungsr\u00e4te-organisator.jpg\" \/>\n<meta name=\"twitter:creator\" content=\"@admin\" \/>\n<script type=\"application\/ld+json\" class=\"yoast-schema-graph\">{\"@context\":\"https:\\\/\\\/schema.org\",\"@graph\":[{\"@type\":\"Article\",\"@id\":\"https:\\\/\\\/www.organisator.ch\\\/en\\\/general\\\/2016-12-19\\\/excellence-fuer-verwaltungs-und-stiftungsraete\\\/#article\",\"isPartOf\":{\"@id\":\"https:\\\/\\\/www.organisator.ch\\\/en\\\/general\\\/2016-12-19\\\/excellence-fuer-verwaltungs-und-stiftungsraete\\\/\"},\"author\":{\"name\":\"galledia\",\"@id\":\"https:\\\/\\\/www.organisator.ch\\\/#\\\/schema\\\/person\\\/4e51799071cd2dd1232ac003643ef5f0\"},\"headline\":\"Seminar-Excellence f\u00fcr Verwaltungs- und Stiftungsr\u00e4te am 03.02.2017\",\"datePublished\":\"2016-12-19T13:27:13+00:00\",\"mainEntityOfPage\":{\"@id\":\"https:\\\/\\\/www.organisator.ch\\\/en\\\/general\\\/2016-12-19\\\/excellence-fuer-verwaltungs-und-stiftungsraete\\\/\"},\"wordCount\":71,\"commentCount\":0,\"publisher\":{\"@id\":\"https:\\\/\\\/www.organisator.ch\\\/#organization\"},\"image\":{\"@id\":\"https:\\\/\\\/www.organisator.ch\\\/en\\\/general\\\/2016-12-19\\\/excellence-fuer-verwaltungs-und-stiftungsraete\\\/#primaryimage\"},\"thumbnailUrl\":\"https:\\\/\\\/www.organisator.ch\\\/wp-content\\\/uploads\\\/2016\\\/12\\\/Excellence-fuer-Verwaltungs-und-Stiftungsraete-organisator.jpg\",\"keywords\":[\"Veranstaltungen\"],\"articleSection\":[\"Allgemein\"],\"inLanguage\":\"en-US\"},{\"@type\":\"WebPage\",\"@id\":\"https:\\\/\\\/www.organisator.ch\\\/en\\\/general\\\/2016-12-19\\\/excellence-fuer-verwaltungs-und-stiftungsraete\\\/\",\"url\":\"https:\\\/\\\/www.organisator.ch\\\/en\\\/general\\\/2016-12-19\\\/excellence-fuer-verwaltungs-und-stiftungsraete\\\/\",\"name\":\"Seminar-Excellence f\u00fcr Verwaltungs- und Stiftungsr\u00e4te\",\"isPartOf\":{\"@id\":\"https:\\\/\\\/www.organisator.ch\\\/#website\"},\"primaryImageOfPage\":{\"@id\":\"https:\\\/\\\/www.organisator.ch\\\/en\\\/general\\\/2016-12-19\\\/excellence-fuer-verwaltungs-und-stiftungsraete\\\/#primaryimage\"},\"image\":{\"@id\":\"https:\\\/\\\/www.organisator.ch\\\/en\\\/general\\\/2016-12-19\\\/excellence-fuer-verwaltungs-und-stiftungsraete\\\/#primaryimage\"},\"thumbnailUrl\":\"https:\\\/\\\/www.organisator.ch\\\/wp-content\\\/uploads\\\/2016\\\/12\\\/Excellence-fuer-Verwaltungs-und-Stiftungsraete-organisator.jpg\",\"datePublished\":\"2016-12-19T13:27:13+00:00\",\"description\":\"Zusammenh\u00e4nge und Business Excellence sowie die Ziele, der Nutzen und die wichtigsten Vorgehen zur Erreichung der Excellence werden aufgezeigt.\",\"breadcrumb\":{\"@id\":\"https:\\\/\\\/www.organisator.ch\\\/en\\\/general\\\/2016-12-19\\\/excellence-fuer-verwaltungs-und-stiftungsraete\\\/#breadcrumb\"},\"inLanguage\":\"en-US\",\"potentialAction\":[{\"@type\":\"ReadAction\",\"target\":[\"https:\\\/\\\/www.organisator.ch\\\/en\\\/general\\\/2016-12-19\\\/excellence-fuer-verwaltungs-und-stiftungsraete\\\/\"]}]},{\"@type\":\"ImageObject\",\"inLanguage\":\"en-US\",\"@id\":\"https:\\\/\\\/www.organisator.ch\\\/en\\\/general\\\/2016-12-19\\\/excellence-fuer-verwaltungs-und-stiftungsraete\\\/#primaryimage\",\"url\":\"https:\\\/\\\/www.organisator.ch\\\/wp-content\\\/uploads\\\/2016\\\/12\\\/Excellence-fuer-Verwaltungs-und-Stiftungsraete-organisator.jpg\",\"contentUrl\":\"https:\\\/\\\/www.organisator.ch\\\/wp-content\\\/uploads\\\/2016\\\/12\\\/Excellence-fuer-Verwaltungs-und-Stiftungsraete-organisator.jpg\",\"width\":486,\"height\":465,\"caption\":\"Excellence f\u00fcr Verwaltungs- und Stiftungsr\u00e4te\"},{\"@type\":\"BreadcrumbList\",\"@id\":\"https:\\\/\\\/www.organisator.ch\\\/en\\\/general\\\/2016-12-19\\\/excellence-fuer-verwaltungs-und-stiftungsraete\\\/#breadcrumb\",\"itemListElement\":[{\"@type\":\"ListItem\",\"position\":1,\"name\":\"Home\",\"item\":\"https:\\\/\\\/www.organisator.ch\\\/\"},{\"@type\":\"ListItem\",\"position\":2,\"name\":\"Seminar-Excellence f\u00fcr Verwaltungs- und Stiftungsr\u00e4te am 03.02.2017\"}]},{\"@type\":\"WebSite\",\"@id\":\"https:\\\/\\\/www.organisator.ch\\\/#website\",\"url\":\"https:\\\/\\\/www.organisator.ch\\\/\",\"name\":\"Organisator\",\"description\":\"Kompetent. Praxisnah. Der ORGANISATOR bereitet in 10 Ausgaben pro Jahr die wesentlichen Themen f\u00fcr F\u00fchrungskr\u00e4fte von KMU auf.\",\"publisher\":{\"@id\":\"https:\\\/\\\/www.organisator.ch\\\/#organization\"},\"potentialAction\":[{\"@type\":\"SearchAction\",\"target\":{\"@type\":\"EntryPoint\",\"urlTemplate\":\"https:\\\/\\\/www.organisator.ch\\\/?s={search_term_string}\"},\"query-input\":{\"@type\":\"PropertyValueSpecification\",\"valueRequired\":true,\"valueName\":\"search_term_string\"}}],\"inLanguage\":\"en-US\"},{\"@type\":\"Organization\",\"@id\":\"https:\\\/\\\/www.organisator.ch\\\/#organization\",\"name\":\"Organisator\",\"url\":\"https:\\\/\\\/www.organisator.ch\\\/\",\"logo\":{\"@type\":\"ImageObject\",\"inLanguage\":\"en-US\",\"@id\":\"https:\\\/\\\/www.organisator.ch\\\/#\\\/schema\\\/logo\\\/image\\\/\",\"url\":\"https:\\\/\\\/www.organisator.ch\\\/wp-content\\\/uploads\\\/2022\\\/01\\\/Logo_Organisator_Website.png\",\"contentUrl\":\"https:\\\/\\\/www.organisator.ch\\\/wp-content\\\/uploads\\\/2022\\\/01\\\/Logo_Organisator_Website.png\",\"width\":800,\"height\":77,\"caption\":\"Organisator\"},\"image\":{\"@id\":\"https:\\\/\\\/www.organisator.ch\\\/#\\\/schema\\\/logo\\\/image\\\/\"},\"sameAs\":[\"https:\\\/\\\/www.facebook.com\\\/OrganisatorFachmagazin\",\"https:\\\/\\\/www.linkedin.com\\\/showcase\\\/organisator-das-magazin-fr-kmu\",\"https:\\\/\\\/www.xing.com\\\/news\\\/pages\\\/organisator-ch-695\",\"https:\\\/\\\/www.youtube.com\\\/channel\\\/UCGP2Sq0iWaZwT3BdIAQFYpw\"]},{\"@type\":\"Person\",\"@id\":\"https:\\\/\\\/www.organisator.ch\\\/#\\\/schema\\\/person\\\/4e51799071cd2dd1232ac003643ef5f0\",\"name\":\"galledia\",\"image\":{\"@type\":\"ImageObject\",\"inLanguage\":\"en-US\",\"@id\":\"https:\\\/\\\/secure.gravatar.com\\\/avatar\\\/78a7f90c01fc2bfc875782a0d4922b37cde2cf184ce347b91316d23cd7f69a36?s=96&d=mm&r=g\",\"url\":\"https:\\\/\\\/secure.gravatar.com\\\/avatar\\\/78a7f90c01fc2bfc875782a0d4922b37cde2cf184ce347b91316d23cd7f69a36?s=96&d=mm&r=g\",\"contentUrl\":\"https:\\\/\\\/secure.gravatar.com\\\/avatar\\\/78a7f90c01fc2bfc875782a0d4922b37cde2cf184ce347b91316d23cd7f69a36?s=96&d=mm&r=g\",\"caption\":\"galledia\"},\"sameAs\":[\"https:\\\/\\\/x.com\\\/admin\"],\"url\":\"https:\\\/\\\/www.organisator.ch\\\/en\\\/author\\\/galledia\\\/\"}]}<\/script>\n<!-- \/ Yoast SEO plugin. -->","yoast_head_json":{"title":"Seminar Excellence for Boards of Directors and Trustees","description":"Interrelationships and business excellence as well as the goals, benefits and key procedures for achieving excellence are highlighted.","robots":{"index":"index","follow":"follow","max-snippet":"max-snippet:-1","max-image-preview":"max-image-preview:large","max-video-preview":"max-video-preview:-1"},"canonical":"https:\/\/www.organisator.ch\/en\/general\/2016-12-19\/excellence-fuer-verwaltungs-und-stiftungsraete\/","og_locale":"en_US","og_type":"article","og_title":"Seminar-Excellence f\u00fcr Verwaltungs- und Stiftungsr\u00e4te am 03.02.2017","og_description":"Im konzentrierten Excellence-Seminar werden die wichtigsten Zusammenh\u00e4nge von Business Excellence sowie die Ziele, der Nutzen und die wichtigsten Vorgehen und Instrumente zur Erreichung der Excellence aufgezeigt.","og_url":"https:\/\/www.organisator.ch\/en\/general\/2016-12-19\/excellence-fuer-verwaltungs-und-stiftungsraete\/","og_site_name":"Organisator","article_publisher":"https:\/\/www.facebook.com\/OrganisatorFachmagazin","article_published_time":"2016-12-19T13:27:13+00:00","author":"galledia","twitter_card":"summary_large_image","twitter_title":"Seminar-Excellence f\u00fcr Verwaltungs- und Stiftungsr\u00e4te am 03.02.2017","twitter_description":"Im konzentrierten Excellence-Seminar werden die wichtigsten Zusammenh\u00e4nge von Business Excellence sowie die Ziele, der Nutzen und die wichtigsten Vorgehen und Instrumente zur Erreichung der Excellence aufgezeigt.","twitter_image":"http:\/\/dev.organisator.ch\/wp-content\/uploads\/2016\/12\/Excellence-f\u00fcr-Verwaltungs-und-Stiftungsr\u00e4te-organisator.jpg","twitter_creator":"@admin","schema":{"@context":"https:\/\/schema.org","@graph":[{"@type":"Article","@id":"https:\/\/www.organisator.ch\/en\/general\/2016-12-19\/excellence-fuer-verwaltungs-und-stiftungsraete\/#article","isPartOf":{"@id":"https:\/\/www.organisator.ch\/en\/general\/2016-12-19\/excellence-fuer-verwaltungs-und-stiftungsraete\/"},"author":{"name":"galledia","@id":"https:\/\/www.organisator.ch\/#\/schema\/person\/4e51799071cd2dd1232ac003643ef5f0"},"headline":"Seminar-Excellence f\u00fcr Verwaltungs- und Stiftungsr\u00e4te am 03.02.2017","datePublished":"2016-12-19T13:27:13+00:00","mainEntityOfPage":{"@id":"https:\/\/www.organisator.ch\/en\/general\/2016-12-19\/excellence-fuer-verwaltungs-und-stiftungsraete\/"},"wordCount":71,"commentCount":0,"publisher":{"@id":"https:\/\/www.organisator.ch\/#organization"},"image":{"@id":"https:\/\/www.organisator.ch\/en\/general\/2016-12-19\/excellence-fuer-verwaltungs-und-stiftungsraete\/#primaryimage"},"thumbnailUrl":"https:\/\/www.organisator.ch\/wp-content\/uploads\/2016\/12\/Excellence-fuer-Verwaltungs-und-Stiftungsraete-organisator.jpg","keywords":["Veranstaltungen"],"articleSection":["Allgemein"],"inLanguage":"en-US"},{"@type":"WebPage","@id":"https:\/\/www.organisator.ch\/en\/general\/2016-12-19\/excellence-fuer-verwaltungs-und-stiftungsraete\/","url":"https:\/\/www.organisator.ch\/en\/general\/2016-12-19\/excellence-fuer-verwaltungs-und-stiftungsraete\/","name":"Seminar Excellence for Boards of Directors and Trustees","isPartOf":{"@id":"https:\/\/www.organisator.ch\/#website"},"primaryImageOfPage":{"@id":"https:\/\/www.organisator.ch\/en\/general\/2016-12-19\/excellence-fuer-verwaltungs-und-stiftungsraete\/#primaryimage"},"image":{"@id":"https:\/\/www.organisator.ch\/en\/general\/2016-12-19\/excellence-fuer-verwaltungs-und-stiftungsraete\/#primaryimage"},"thumbnailUrl":"https:\/\/www.organisator.ch\/wp-content\/uploads\/2016\/12\/Excellence-fuer-Verwaltungs-und-Stiftungsraete-organisator.jpg","datePublished":"2016-12-19T13:27:13+00:00","description":"Interrelationships and business excellence as well as the goals, benefits and key procedures for achieving excellence are highlighted.","breadcrumb":{"@id":"https:\/\/www.organisator.ch\/en\/general\/2016-12-19\/excellence-fuer-verwaltungs-und-stiftungsraete\/#breadcrumb"},"inLanguage":"en-US","potentialAction":[{"@type":"ReadAction","target":["https:\/\/www.organisator.ch\/en\/general\/2016-12-19\/excellence-fuer-verwaltungs-und-stiftungsraete\/"]}]},{"@type":"ImageObject","inLanguage":"en-US","@id":"https:\/\/www.organisator.ch\/en\/general\/2016-12-19\/excellence-fuer-verwaltungs-und-stiftungsraete\/#primaryimage","url":"https:\/\/www.organisator.ch\/wp-content\/uploads\/2016\/12\/Excellence-fuer-Verwaltungs-und-Stiftungsraete-organisator.jpg","contentUrl":"https:\/\/www.organisator.ch\/wp-content\/uploads\/2016\/12\/Excellence-fuer-Verwaltungs-und-Stiftungsraete-organisator.jpg","width":486,"height":465,"caption":"Excellence f\u00fcr Verwaltungs- und Stiftungsr\u00e4te"},{"@type":"BreadcrumbList","@id":"https:\/\/www.organisator.ch\/en\/general\/2016-12-19\/excellence-fuer-verwaltungs-und-stiftungsraete\/#breadcrumb","itemListElement":[{"@type":"ListItem","position":1,"name":"Home","item":"https:\/\/www.organisator.ch\/"},{"@type":"ListItem","position":2,"name":"Seminar-Excellence f\u00fcr Verwaltungs- und Stiftungsr\u00e4te am 03.02.2017"}]},{"@type":"WebSite","@id":"https:\/\/www.organisator.ch\/#website","url":"https:\/\/www.organisator.ch\/","name":"Organizer","description":"Competent. Practical. In 10 issues per year, ORGANISATOR presents the essential topics for managers of SMEs.","publisher":{"@id":"https:\/\/www.organisator.ch\/#organization"},"potentialAction":[{"@type":"SearchAction","target":{"@type":"EntryPoint","urlTemplate":"https:\/\/www.organisator.ch\/?s={search_term_string}"},"query-input":{"@type":"PropertyValueSpecification","valueRequired":true,"valueName":"search_term_string"}}],"inLanguage":"en-US"},{"@type":"Organization","@id":"https:\/\/www.organisator.ch\/#organization","name":"Organizer","url":"https:\/\/www.organisator.ch\/","logo":{"@type":"ImageObject","inLanguage":"en-US","@id":"https:\/\/www.organisator.ch\/#\/schema\/logo\/image\/","url":"https:\/\/www.organisator.ch\/wp-content\/uploads\/2022\/01\/Logo_Organisator_Website.png","contentUrl":"https:\/\/www.organisator.ch\/wp-content\/uploads\/2022\/01\/Logo_Organisator_Website.png","width":800,"height":77,"caption":"Organisator"},"image":{"@id":"https:\/\/www.organisator.ch\/#\/schema\/logo\/image\/"},"sameAs":["https:\/\/www.facebook.com\/OrganisatorFachmagazin","https:\/\/www.linkedin.com\/showcase\/organisator-das-magazin-fr-kmu","https:\/\/www.xing.com\/news\/pages\/organisator-ch-695","https:\/\/www.youtube.com\/channel\/UCGP2Sq0iWaZwT3BdIAQFYpw"]},{"@type":"Person","@id":"https:\/\/www.organisator.ch\/#\/schema\/person\/4e51799071cd2dd1232ac003643ef5f0","name":"galledia","image":{"@type":"ImageObject","inLanguage":"en-US","@id":"https:\/\/secure.gravatar.com\/avatar\/78a7f90c01fc2bfc875782a0d4922b37cde2cf184ce347b91316d23cd7f69a36?s=96&d=mm&r=g","url":"https:\/\/secure.gravatar.com\/avatar\/78a7f90c01fc2bfc875782a0d4922b37cde2cf184ce347b91316d23cd7f69a36?s=96&d=mm&r=g","contentUrl":"https:\/\/secure.gravatar.com\/avatar\/78a7f90c01fc2bfc875782a0d4922b37cde2cf184ce347b91316d23cd7f69a36?s=96&d=mm&r=g","caption":"galledia"},"sameAs":["https:\/\/x.com\/admin"],"url":"https:\/\/www.organisator.ch\/en\/author\/galledia\/"}]}},"_links":{"self":[{"href":"https:\/\/www.organisator.ch\/en\/wp-json\/wp\/v2\/posts\/1101","targetHints":{"allow":["GET"]}}],"collection":[{"href":"https:\/\/www.organisator.ch\/en\/wp-json\/wp\/v2\/posts"}],"about":[{"href":"https:\/\/www.organisator.ch\/en\/wp-json\/wp\/v2\/types\/post"}],"author":[{"embeddable":true,"href":"https:\/\/www.organisator.ch\/en\/wp-json\/wp\/v2\/users\/8"}],"replies":[{"embeddable":true,"href":"https:\/\/www.organisator.ch\/en\/wp-json\/wp\/v2\/comments?post=1101"}],"version-history":[{"count":0,"href":"https:\/\/www.organisator.ch\/en\/wp-json\/wp\/v2\/posts\/1101\/revisions"}],"wp:featuredmedia":[{"embeddable":true,"href":"https:\/\/www.organisator.ch\/en\/wp-json\/wp\/v2\/media\/1102"}],"wp:attachment":[{"href":"https:\/\/www.organisator.ch\/en\/wp-json\/wp\/v2\/media?parent=1101"}],"wp:term":[{"taxonomy":"category","embeddable":true,"href":"https:\/\/www.organisator.ch\/en\/wp-json\/wp\/v2\/categories?post=1101"},{"taxonomy":"post_tag","embeddable":true,"href":"https:\/\/www.organisator.ch\/en\/wp-json\/wp\/v2\/tags?post=1101"}],"curies":[{"name":"wp","href":"https:\/\/api.w.org\/{rel}","templated":true}]}}